{"id":997,"date":"2011-04-28T20:27:16","date_gmt":"2011-04-28T20:27:16","guid":{"rendered":"http:\/\/www.fieam.org.br\/site\/sesi\/?p=997"},"modified":"2011-04-28T20:27:16","modified_gmt":"2011-04-28T20:27:16","slug":"cultura-e-entretenimento-durante-abertura-dos-jogos-sesi-2011","status":"publish","type":"post","link":"https:\/\/fieam.org.br\/sesi\/cultura-e-entretenimento-durante-abertura-dos-jogos-sesi-2011\/","title":{"rendered":"Cultura e entretenimento durante abertura dos Jogos SESI 2011"},"content":{"rendered":"<p>\u00a0Uma performance com tecido acrob\u00e1tico do Grupo de Atividades\u00a0 Circenses da Universidade Federal do Amazonas (UFAM) \u00e9 uma das atra\u00e7\u00f5es culturais que v\u00e3o marcar a abertura da 11\u00aa edi\u00e7\u00e3o dos Jogos SESI 2011 \u2013 edi\u00e7\u00e3o estadual, nesta sexta-feira (29), a partir de 19h, no Clube do Trabalhador do Amazonas (Alameda Cosme Ferreira, 7.399, S\u00e3o Jos\u00e9 I, zona Leste de Manaus).<\/p>\n<p>O desfile de abertura contar\u00e1 com delega\u00e7\u00f5es de mais de 40 empresas do Polo Industrial de Manaus (PIM), algumas delas apresentando coreografias tem\u00e1ticas que ser\u00e3o avaliadas nos quesitos disciplina, organiza\u00e7\u00e3o e criatividade. As tr\u00eas melhores performances no gramado ser\u00e3o premiadas com trof\u00e9us.<\/p>\n<p>Al\u00e9m de programa\u00e7\u00e3o cultural com atra\u00e7\u00f5es de dan\u00e7a e canto, haver\u00e1 a cerim\u00f4nia de acendimento da pira ol\u00edmpica e juramento do atleta, seguidos de show pirot\u00e9cnico. A Big Band SESI Amazonas far\u00e1 apresenta\u00e7\u00e3o especial com repert\u00f3rio que vai da MPB ao Jazz.<\/p>\n<p>As competi\u00e7\u00f5es dos Jogos SESI ser\u00e3o realizadas de maio a julho, reunindo mais de 6 mil atletas de 132 empresas do PIM disputando 18 modalidades esportivas.<\/p>\n<p>A entrada tanto para a abertura quando para as competi\u00e7\u00f5es \u00e9 gratuita para trabalhadores da Ind\u00fastria e seus dependentes e p\u00fablico em geral.<br \/>\n\u00a0<br \/>\nInforma\u00e7\u00f5es pelo n\u00famero: (92)3216-1031.<\/p>\n","protected":false},"excerpt":{"rendered":"<p>As competi\u00e7\u00f5es dos Jogos SESI ser\u00e3o realizadas de maio a julho<\/p>\n","protected":false},"author":1,"featured_media":0,"comment_status":"open","ping_status":"open","sticky":false,"template":"","format":"standard","meta":{"footnotes":""},"categories":[25],"tags":[82],"class_list":["post-997","post","type-post","status-publish","format-standard","hentry","category-news","tag-jogos-sesi-2011"],"yoast_head":"<!-- This site is optimized with the Yoast SEO plugin v28.2 - https:\/\/yoast.com\/product\/yoast-seo-wordpress\/ -->\n<title>Cultura e entretenimento durante abertura dos Jogos SESI 2011 - SESI<\/title>\n<meta name=\"robots\" content=\"index, follow, max-snippet:-1, max-image-preview:large, max-video-preview:-1\" \/>\n<link rel=\"canonical\" href=\"https:\/\/fieam.org.br\/sesi\/cultura-e-entretenimento-durante-abertura-dos-jogos-sesi-2011\/\" \/>\n<meta property=\"og:locale\" content=\"pt_BR\" \/>\n<meta property=\"og:type\" content=\"article\" \/>\n<meta property=\"og:title\" content=\"Cultura e entretenimento durante abertura dos Jogos SESI 2011 - SESI\" \/>\n<meta property=\"og:description\" content=\"As competi\u00e7\u00f5es dos Jogos SESI ser\u00e3o realizadas de maio a julho\" \/>\n<meta property=\"og:url\" content=\"https:\/\/fieam.org.br\/sesi\/cultura-e-entretenimento-durante-abertura-dos-jogos-sesi-2011\/\" \/>\n<meta property=\"og:site_name\" content=\"SESI\" \/>\n<meta property=\"article:published_time\" content=\"2011-04-28T20:27:16+00:00\" \/>\n<meta name=\"author\" content=\"Autor\" \/>\n<meta name=\"twitter:card\" content=\"summary_large_image\" \/>\n<meta name=\"twitter:label1\" content=\"Escrito por\" \/>\n\t<meta name=\"twitter:data1\" content=\"Autor\" \/>\n\t<meta name=\"twitter:label2\" content=\"Est. tempo de leitura\" \/>\n\t<meta name=\"twitter:data2\" content=\"1 minuto\" \/>\n<script type=\"application\/ld+json\" class=\"yoast-schema-graph\">{\"@context\":\"https:\\\/\\\/schema.org\",\"@graph\":[{\"@type\":\"Article\",\"@id\":\"https:\\\/\\\/fieam.org.br\\\/sesi\\\/cultura-e-entretenimento-durante-abertura-dos-jogos-sesi-2011\\\/#article\",\"isPartOf\":{\"@id\":\"https:\\\/\\\/fieam.org.br\\\/sesi\\\/cultura-e-entretenimento-durante-abertura-dos-jogos-sesi-2011\\\/\"},\"author\":{\"name\":\"Autor\",\"@id\":\"https:\\\/\\\/fieam.org.br\\\/sesi\\\/#\\\/schema\\\/person\\\/f54998dd14d5f0695b41444f2b01c31e\"},\"headline\":\"Cultura e entretenimento durante abertura dos Jogos SESI 2011\",\"datePublished\":\"2011-04-28T20:27:16+00:00\",\"mainEntityOfPage\":{\"@id\":\"https:\\\/\\\/fieam.org.br\\\/sesi\\\/cultura-e-entretenimento-durante-abertura-dos-jogos-sesi-2011\\\/\"},\"wordCount\":223,\"commentCount\":0,\"publisher\":{\"@id\":\"https:\\\/\\\/fieam.org.br\\\/sesi\\\/#organization\"},\"keywords\":[\"Jogos SESI 2011\"],\"articleSection\":[\"News\"],\"inLanguage\":\"pt-BR\",\"potentialAction\":[{\"@type\":\"CommentAction\",\"name\":\"Comment\",\"target\":[\"https:\\\/\\\/fieam.org.br\\\/sesi\\\/cultura-e-entretenimento-durante-abertura-dos-jogos-sesi-2011\\\/#respond\"]}]},{\"@type\":\"WebPage\",\"@id\":\"https:\\\/\\\/fieam.org.br\\\/sesi\\\/cultura-e-entretenimento-durante-abertura-dos-jogos-sesi-2011\\\/\",\"url\":\"https:\\\/\\\/fieam.org.br\\\/sesi\\\/cultura-e-entretenimento-durante-abertura-dos-jogos-sesi-2011\\\/\",\"name\":\"Cultura e entretenimento durante abertura dos Jogos SESI 2011 - SESI\",\"isPartOf\":{\"@id\":\"https:\\\/\\\/fieam.org.br\\\/sesi\\\/#website\"},\"datePublished\":\"2011-04-28T20:27:16+00:00\",\"breadcrumb\":{\"@id\":\"https:\\\/\\\/fieam.org.br\\\/sesi\\\/cultura-e-entretenimento-durante-abertura-dos-jogos-sesi-2011\\\/#breadcrumb\"},\"inLanguage\":\"pt-BR\",\"potentialAction\":[{\"@type\":\"ReadAction\",\"target\":[\"https:\\\/\\\/fieam.org.br\\\/sesi\\\/cultura-e-entretenimento-durante-abertura-dos-jogos-sesi-2011\\\/\"]}]},{\"@type\":\"BreadcrumbList\",\"@id\":\"https:\\\/\\\/fieam.org.br\\\/sesi\\\/cultura-e-entretenimento-durante-abertura-dos-jogos-sesi-2011\\\/#breadcrumb\",\"itemListElement\":[{\"@type\":\"ListItem\",\"position\":1,\"name\":\"In\u00edcio\",\"item\":\"https:\\\/\\\/fieam.org.br\\\/sesi\\\/\"},{\"@type\":\"ListItem\",\"position\":2,\"name\":\"Cultura e entretenimento durante abertura dos Jogos SESI 2011\"}]},{\"@type\":\"WebSite\",\"@id\":\"https:\\\/\\\/fieam.org.br\\\/sesi\\\/#website\",\"url\":\"https:\\\/\\\/fieam.org.br\\\/sesi\\\/\",\"name\":\"SESI\",\"description\":\"Site Oficial!\",\"publisher\":{\"@id\":\"https:\\\/\\\/fieam.org.br\\\/sesi\\\/#organization\"},\"potentialAction\":[{\"@type\":\"SearchAction\",\"target\":{\"@type\":\"EntryPoint\",\"urlTemplate\":\"https:\\\/\\\/fieam.org.br\\\/sesi\\\/?s={search_term_string}\"},\"query-input\":{\"@type\":\"PropertyValueSpecification\",\"valueRequired\":true,\"valueName\":\"search_term_string\"}}],\"inLanguage\":\"pt-BR\"},{\"@type\":\"Organization\",\"@id\":\"https:\\\/\\\/fieam.org.br\\\/sesi\\\/#organization\",\"name\":\"SESI\",\"url\":\"https:\\\/\\\/fieam.org.br\\\/sesi\\\/\",\"logo\":{\"@type\":\"ImageObject\",\"inLanguage\":\"pt-BR\",\"@id\":\"https:\\\/\\\/fieam.org.br\\\/sesi\\\/#\\\/schema\\\/logo\\\/image\\\/\",\"url\":\"https:\\\/\\\/fieam.org.br\\\/sesi\\\/wp-content\\\/uploads\\\/sites\\\/14\\\/2024\\\/03\\\/cropped-fav.png\",\"contentUrl\":\"https:\\\/\\\/fieam.org.br\\\/sesi\\\/wp-content\\\/uploads\\\/sites\\\/14\\\/2024\\\/03\\\/cropped-fav.png\",\"width\":610,\"height\":589,\"caption\":\"SESI\"},\"image\":{\"@id\":\"https:\\\/\\\/fieam.org.br\\\/sesi\\\/#\\\/schema\\\/logo\\\/image\\\/\"}},{\"@type\":\"Person\",\"@id\":\"https:\\\/\\\/fieam.org.br\\\/sesi\\\/#\\\/schema\\\/person\\\/f54998dd14d5f0695b41444f2b01c31e\",\"name\":\"Autor\",\"image\":{\"@type\":\"ImageObject\",\"inLanguage\":\"pt-BR\",\"@id\":\"https:\\\/\\\/secure.gravatar.com\\\/avatar\\\/3732c223e0e1fad69062a8f770955c9068d37b055204f310a0be18d4069fe380?s=96&d=mm&r=g\",\"url\":\"https:\\\/\\\/secure.gravatar.com\\\/avatar\\\/3732c223e0e1fad69062a8f770955c9068d37b055204f310a0be18d4069fe380?s=96&d=mm&r=g\",\"contentUrl\":\"https:\\\/\\\/secure.gravatar.com\\\/avatar\\\/3732c223e0e1fad69062a8f770955c9068d37b055204f310a0be18d4069fe380?s=96&d=mm&r=g\",\"caption\":\"Autor\"},\"sameAs\":[\"https:\\\/\\\/marketingmassivo.com.br\"],\"url\":\"https:\\\/\\\/fieam.org.br\\\/sesi\\\/author\\\/admin\\\/\"}]}<\/script>\n<!-- \/ Yoast SEO plugin. -->","yoast_head_json":{"title":"Cultura e entretenimento durante abertura dos Jogos SESI 2011 - SESI","robots":{"index":"index","follow":"follow","max-snippet":"max-snippet:-1","max-image-preview":"max-image-preview:large","max-video-preview":"max-video-preview:-1"},"canonical":"https:\/\/fieam.org.br\/sesi\/cultura-e-entretenimento-durante-abertura-dos-jogos-sesi-2011\/","og_locale":"pt_BR","og_type":"article","og_title":"Cultura e entretenimento durante abertura dos Jogos SESI 2011 - SESI","og_description":"As competi\u00e7\u00f5es dos Jogos SESI ser\u00e3o realizadas de maio a julho","og_url":"https:\/\/fieam.org.br\/sesi\/cultura-e-entretenimento-durante-abertura-dos-jogos-sesi-2011\/","og_site_name":"SESI","article_published_time":"2011-04-28T20:27:16+00:00","author":"Autor","twitter_card":"summary_large_image","twitter_misc":{"Escrito por":"Autor","Est. tempo de leitura":"1 minuto"},"schema":{"@context":"https:\/\/schema.org","@graph":[{"@type":"Article","@id":"https:\/\/fieam.org.br\/sesi\/cultura-e-entretenimento-durante-abertura-dos-jogos-sesi-2011\/#article","isPartOf":{"@id":"https:\/\/fieam.org.br\/sesi\/cultura-e-entretenimento-durante-abertura-dos-jogos-sesi-2011\/"},"author":{"name":"Autor","@id":"https:\/\/fieam.org.br\/sesi\/#\/schema\/person\/f54998dd14d5f0695b41444f2b01c31e"},"headline":"Cultura e entretenimento durante abertura dos Jogos SESI 2011","datePublished":"2011-04-28T20:27:16+00:00","mainEntityOfPage":{"@id":"https:\/\/fieam.org.br\/sesi\/cultura-e-entretenimento-durante-abertura-dos-jogos-sesi-2011\/"},"wordCount":223,"commentCount":0,"publisher":{"@id":"https:\/\/fieam.org.br\/sesi\/#organization"},"keywords":["Jogos SESI 2011"],"articleSection":["News"],"inLanguage":"pt-BR","potentialAction":[{"@type":"CommentAction","name":"Comment","target":["https:\/\/fieam.org.br\/sesi\/cultura-e-entretenimento-durante-abertura-dos-jogos-sesi-2011\/#respond"]}]},{"@type":"WebPage","@id":"https:\/\/fieam.org.br\/sesi\/cultura-e-entretenimento-durante-abertura-dos-jogos-sesi-2011\/","url":"https:\/\/fieam.org.br\/sesi\/cultura-e-entretenimento-durante-abertura-dos-jogos-sesi-2011\/","name":"Cultura e entretenimento durante abertura dos Jogos SESI 2011 - SESI","isPartOf":{"@id":"https:\/\/fieam.org.br\/sesi\/#website"},"datePublished":"2011-04-28T20:27:16+00:00","breadcrumb":{"@id":"https:\/\/fieam.org.br\/sesi\/cultura-e-entretenimento-durante-abertura-dos-jogos-sesi-2011\/#breadcrumb"},"inLanguage":"pt-BR","potentialAction":[{"@type":"ReadAction","target":["https:\/\/fieam.org.br\/sesi\/cultura-e-entretenimento-durante-abertura-dos-jogos-sesi-2011\/"]}]},{"@type":"BreadcrumbList","@id":"https:\/\/fieam.org.br\/sesi\/cultura-e-entretenimento-durante-abertura-dos-jogos-sesi-2011\/#breadcrumb","itemListElement":[{"@type":"ListItem","position":1,"name":"In\u00edcio","item":"https:\/\/fieam.org.br\/sesi\/"},{"@type":"ListItem","position":2,"name":"Cultura e entretenimento durante abertura dos Jogos SESI 2011"}]},{"@type":"WebSite","@id":"https:\/\/fieam.org.br\/sesi\/#website","url":"https:\/\/fieam.org.br\/sesi\/","name":"SESI","description":"Site Oficial!","publisher":{"@id":"https:\/\/fieam.org.br\/sesi\/#organization"},"potentialAction":[{"@type":"SearchAction","target":{"@type":"EntryPoint","urlTemplate":"https:\/\/fieam.org.br\/sesi\/?s={search_term_string}"},"query-input":{"@type":"PropertyValueSpecification","valueRequired":true,"valueName":"search_term_string"}}],"inLanguage":"pt-BR"},{"@type":"Organization","@id":"https:\/\/fieam.org.br\/sesi\/#organization","name":"SESI","url":"https:\/\/fieam.org.br\/sesi\/","logo":{"@type":"ImageObject","inLanguage":"pt-BR","@id":"https:\/\/fieam.org.br\/sesi\/#\/schema\/logo\/image\/","url":"https:\/\/fieam.org.br\/sesi\/wp-content\/uploads\/sites\/14\/2024\/03\/cropped-fav.png","contentUrl":"https:\/\/fieam.org.br\/sesi\/wp-content\/uploads\/sites\/14\/2024\/03\/cropped-fav.png","width":610,"height":589,"caption":"SESI"},"image":{"@id":"https:\/\/fieam.org.br\/sesi\/#\/schema\/logo\/image\/"}},{"@type":"Person","@id":"https:\/\/fieam.org.br\/sesi\/#\/schema\/person\/f54998dd14d5f0695b41444f2b01c31e","name":"Autor","image":{"@type":"ImageObject","inLanguage":"pt-BR","@id":"https:\/\/secure.gravatar.com\/avatar\/3732c223e0e1fad69062a8f770955c9068d37b055204f310a0be18d4069fe380?s=96&d=mm&r=g","url":"https:\/\/secure.gravatar.com\/avatar\/3732c223e0e1fad69062a8f770955c9068d37b055204f310a0be18d4069fe380?s=96&d=mm&r=g","contentUrl":"https:\/\/secure.gravatar.com\/avatar\/3732c223e0e1fad69062a8f770955c9068d37b055204f310a0be18d4069fe380?s=96&d=mm&r=g","caption":"Autor"},"sameAs":["https:\/\/marketingmassivo.com.br"],"url":"https:\/\/fieam.org.br\/sesi\/author\/admin\/"}]}},"_links":{"self":[{"href":"https:\/\/fieam.org.br\/sesi\/wp-json\/wp\/v2\/posts\/997","targetHints":{"allow":["GET"]}}],"collection":[{"href":"https:\/\/fieam.org.br\/sesi\/wp-json\/wp\/v2\/posts"}],"about":[{"href":"https:\/\/fieam.org.br\/sesi\/wp-json\/wp\/v2\/types\/post"}],"author":[{"embeddable":true,"href":"https:\/\/fieam.org.br\/sesi\/wp-json\/wp\/v2\/users\/1"}],"replies":[{"embeddable":true,"href":"https:\/\/fieam.org.br\/sesi\/wp-json\/wp\/v2\/comments?post=997"}],"version-history":[{"count":0,"href":"https:\/\/fieam.org.br\/sesi\/wp-json\/wp\/v2\/posts\/997\/revisions"}],"wp:attachment":[{"href":"https:\/\/fieam.org.br\/sesi\/wp-json\/wp\/v2\/media?parent=997"}],"wp:term":[{"taxonomy":"category","embeddable":true,"href":"https:\/\/fieam.org.br\/sesi\/wp-json\/wp\/v2\/categories?post=997"},{"taxonomy":"post_tag","embeddable":true,"href":"https:\/\/fieam.org.br\/sesi\/wp-json\/wp\/v2\/tags?post=997"}],"curies":[{"name":"wp","href":"https:\/\/api.w.org\/{rel}","templated":true}]}}