{"id":9968,"date":"2016-12-06T08:45:02","date_gmt":"2016-12-06T12:45:02","guid":{"rendered":"http:\/\/www.fieam.org.br\/sesi\/?p=9968"},"modified":"2016-12-06T08:45:02","modified_gmt":"2016-12-06T12:45:02","slug":"projeto-para-salvar-sauim-vence-torneio-de-robotica-na-regiao-norte","status":"publish","type":"post","link":"https:\/\/fieam.org.br\/sesi\/projeto-para-salvar-sauim-vence-torneio-de-robotica-na-regiao-norte\/","title":{"rendered":"Projeto para salvar Sauim vence Torneio de Rob\u00f3tica na Regi\u00e3o Norte"},"content":{"rendered":"<figure id=\"attachment_9969\" aria-describedby=\"caption-attachment-9969\" style=\"width: 213px\" class=\"wp-caption alignleft\"><a href=\"https:\/\/marketingmassivo.com.br\/sesi\/wp-content\/uploads\/sites\/12\/2016\/12\/Estande-da-Equipa-Invictus-com-destaque-para-o-Sauim.jpg\"><img fetchpriority=\"high\" decoding=\"async\" class=\"size-medium wp-image-9969\" src=\"http:\/\/www.fieam.org.br\/sesi\/wp-content\/uploads\/sites\/2\/2016\/12\/Estande-da-Equipa-Invictus-com-destaque-para-o-Sauim-213x300.jpg\" alt=\"Estande da Equipa Invictus, com destaque para o Sauim\" width=\"213\" height=\"300\" srcset=\"https:\/\/fieam.org.br\/sesi\/wp-content\/uploads\/sites\/14\/2016\/12\/Estande-da-Equipa-Invictus-com-destaque-para-o-Sauim-213x300.jpg 213w, https:\/\/fieam.org.br\/sesi\/wp-content\/uploads\/sites\/14\/2016\/12\/Estande-da-Equipa-Invictus-com-destaque-para-o-Sauim.jpg 728w\" sizes=\"(max-width: 213px) 100vw, 213px\" \/><\/a><figcaption id=\"caption-attachment-9969\" class=\"wp-caption-text\">Estande da Equipa Invictus, com destaque para o Sauim<\/figcaption><\/figure>\n<p>Com um projeto para salvar da amea\u00e7a de extin\u00e7\u00e3o o primata Sauim-de-coleira (saguinus bicolor), a equipe Invictus, da Escola Municipal Jorge de Rezende Sobrinho, do bairro Tancredo Neves, na zona Leste de Manaus, conquistou o 1\u00ba lugar no Torneio de Rob\u00f3tica FIRST LEGO League (FLL) \u2013 Etapa Regional Norte, encerrada no s\u00e1bado (03). Em 2\u00ba lugar, ficou a equipe Amaz\u00f4nidas, da Escola <a href=\"http:\/\/www.fieam.org.br\/sesi\">SESI<\/a> Abrah\u00e3o Sabb\u00e1, de Itacoatiara (AM), e em 3\u00ba, a Marco Zero Robotic, da Escola Visconde de Mau\u00e1, do SESI Amap\u00e1.<\/p>\n<p>&nbsp;<\/p>\n<p>O resultado garantiu classifica\u00e7\u00e3o das tr\u00eas equipes para participar do Torneio Nacional de Rob\u00f3tica, que acontece em mar\u00e7o de 2017, em Bras\u00edlia, reunindo equipes de todo o Brasil. A etapa regional Norte foi realizada nos dias 2 e 3 de dezembro, com a participa\u00e7\u00e3o de 28 equipes formadas por pelo menos 200 alunos do ensino fundamental e m\u00e9dio de escolas p\u00fablicas e particulares da regi\u00e3o.<\/p>\n<p>&nbsp;<\/p>\n<p>Organizado pelo SESI, o torneio \u00e9 realizado por meio de uma parceria do SESI Nacional com a organiza\u00e7\u00e3o norte-americana FIRST (For Inspiration and Recongnition of Science and Technology) e o grupo dinamarqu\u00eas LEGO Education, com o objetivo de despertar o interesse das escolas para temas, como ci\u00eancia e tecnologia.<\/p>\n<p>&nbsp;<\/p>\n<p>Nessa edi\u00e7\u00e3o, as equipes trabalharam com o tema Animal Allies (aliados dos animais, em ingl\u00eas), e o desafio era investigar e solucionar um determinado<\/p>\n<figure id=\"attachment_9970\" aria-describedby=\"caption-attachment-9970\" style=\"width: 300px\" class=\"wp-caption alignright\"><a href=\"http:\/\/www.fieam.org.br\/sesi\/wp-content\/uploads\/sites\/2\/2016\/12\/Clima-de-euforia-no-Torneio-de-Rob\u00f3tica.jpg\"><img decoding=\"async\" class=\"size-medium wp-image-9970\" src=\"http:\/\/www.fieam.org.br\/sesi\/wp-content\/uploads\/sites\/2\/2016\/12\/Clima-de-euforia-no-Torneio-de-Rob\u00f3tica-300x200.jpg\" alt=\"Clima de euforia no Torneio de Rob\u00f3tica\" width=\"300\" height=\"200\"><\/a><figcaption id=\"caption-attachment-9970\" class=\"wp-caption-text\">Clima de euforia no Torneio de Rob\u00f3tica<\/figcaption><\/figure>\n<p>problema que melhore a intera\u00e7\u00e3o das pessoas com os animais. Uma das atividades \u00e9 a programa\u00e7\u00e3o de rob\u00f4s aut\u00f4nomos usando a tecnologia LEGO\u00ae Mindstorms\u00ae para cumprir as miss\u00f5es da mesa da competi\u00e7\u00e3o.<\/p>\n<p>&nbsp;<\/p>\n<p>Al\u00e9m dos tr\u00eas primeiros colocados na Champion\u2019s Award, foram premiadas quatro equipes dentro da categoria Design do Rob\u00f4 (veja lista a seguir), outras tr\u00eas na \u00e1rea de pesquisa e mais tr\u00eas no quesito Core Values.&nbsp;&nbsp;&nbsp;&nbsp;<\/p>\n<p>&nbsp;<\/p>\n<p>&nbsp;<\/p>\n<figure id=\"attachment_9971\" aria-describedby=\"caption-attachment-9971\" style=\"width: 300px\" class=\"wp-caption alignleft\"><a href=\"http:\/\/www.fieam.org.br\/sesi\/wp-content\/uploads\/sites\/2\/2016\/12\/Equipe-Amaz\u00f4nidas-em-a\u00e7\u00e3o.jpg\"><img decoding=\"async\" class=\"size-medium wp-image-9971\" src=\"http:\/\/www.fieam.org.br\/sesi\/wp-content\/uploads\/sites\/2\/2016\/12\/Equipe-Amaz\u00f4nidas-em-a\u00e7\u00e3o-300x200.jpg\" alt=\"Clima de euforia no Torneio de Rob\u00f3tica\" width=\"300\" height=\"200\"><\/a><figcaption id=\"caption-attachment-9971\" class=\"wp-caption-text\">Clima de euforia no Torneio de Rob\u00f3tica<\/figcaption><\/figure>\n<p><strong>Classificados para o Nacional\/Champion\u2019s Award<\/strong><\/p>\n<p>&nbsp;<\/p>\n<p>1\u00ba&nbsp; Invictus \u2013 Escola Municipal Jorge de Rezende Sobrinho, do bairro Tancredo Neves<\/p>\n<p>2\u00ba&nbsp; Amaz\u00f4nidas \u2013 Escola SESI Abrah\u00e3o Sabb\u00e1, de Itacoatiara (AM)<\/p>\n<p>3\u00ba&nbsp; Marco Zero Robotic \u2013 Escola Visconde de Mau\u00e1, do SESI Amap\u00e1<\/p>\n<p>&nbsp;<\/p>\n<p>&nbsp;<\/p>\n<p>&nbsp;<\/p>\n<p><strong>Design do Rob\u00f4<\/strong><\/p>\n<p><strong>&#8211; Design Mec\u00e2nico<\/strong> \u2013 Autobot, Escola Estadual Professor Waldock Fricke de Lyra, do bairro Tarum\u00e3<\/p>\n<p><strong>&#8211; Programa\u00e7\u00e3o<\/strong> \u2013 World Doctors, Instituto Federal de Educa\u00e7\u00e3o, Ci\u00eancia e Tecnologia do Amazonas<\/p>\n<p><strong>&#8211; Estrat\u00e9gia\/Inova\u00e7\u00e3o<\/strong> \u2013 Lego Master, da Escola SESI Padre Francisco Luppino, de Parintins (AM)<\/p>\n<p><strong>&#8211; Desempenho do Rob\u00f4<\/strong> \u2013 Amaz\u00f4nidas, Escola SESI Abrah\u00e3o Sabb\u00e1,&nbsp;<\/p>\n<p>&nbsp;<\/p>\n<p>&nbsp;<\/p>\n<p><strong>Pesquisa<\/strong><\/p>\n<p>&nbsp;<\/p>\n<p><strong>&#8211; Apresenta\u00e7\u00e3o \u2013<\/strong> Black and White, da Escola SESI Adalberto Valle<\/p>\n<p><strong>&#8211; Solu\u00e7\u00e3o Inovadora<\/strong> \u2013 Esasbot, da Escola SENAI Antonio Sim\u00f5es&nbsp;<\/p>\n<p><strong>&#8211; Projeto de Pesquisa<\/strong> \u2013 Brasileir\u00edssimos, da Escola SESI Abrah\u00e3o Sabb\u00e1, Itacoatiara (AM)<\/p>\n<p>&nbsp;<\/p>\n<p><strong>Core Values<\/strong><\/p>\n<p>&nbsp;<\/p>\n<p><strong>&#8211; Inspira\u00e7\u00e3o \u2013<\/strong> Team Prodixys, da Escola SESI Dra. Emina Barbosa<\/p>\n<p><strong>&#8211; Trabalho em Equipe \u2013<\/strong> Avengers, da Escola Estadual Professor Waldock Fricke de Lyra, do bairro Tarum\u00e3&nbsp;<\/p>\n<p><strong>&#8211; Gracious Profissionalism<\/strong> \u2013 Robotic Monkey Sauim, da Escola SESI Dra. Emina Barbosa Mustafa<\/p>\n<p>&nbsp;<\/p>\n<p>&nbsp;<\/p>\n<p><strong>PR\u00caMIOS ESPECIAIS<\/strong><\/p>\n<p><strong>&nbsp;<\/strong><\/p>\n<p><strong>Para a equipe<\/strong><\/p>\n<p>&nbsp;<\/p>\n<p><strong>Contra todas as adversidades<\/strong><\/p>\n<p><strong>&#8211; Crazy\u2019s For LEGO,<\/strong> da Escola Estadual Daisaku Ikeda, do bairro S\u00e3o Jos\u00e9 (Manaus<\/p>\n<p>&nbsp;<\/p>\n<p><strong>Pit Destaque<\/strong><\/p>\n<p><strong>&#8211; Engenheiros do Futuro,<\/strong> da Escola SESI David Novoa, de Iranduba (AM)<\/p>\n<p>&nbsp;<\/p>\n<p><strong>Campe\u00e3o das Finais do Desafio Rob\u00f3tico<\/strong><\/p>\n<p><strong>&#8211; Amaz\u00f4nidas,<\/strong> da Escola SESI Abrah\u00e3o Sabb\u00e1, de Itacoatiara (AM)<\/p>\n<p>&nbsp;<\/p>\n<p><strong>Estrela Iniciante<\/strong><\/p>\n<p><strong>&#8211; Gold Animals,<\/strong> da Escola SESI Dr. Adalberto Valle<\/p>\n<p>&nbsp;<\/p>\n<p><strong>Para a pessoa<\/strong><\/p>\n<p><strong>&nbsp;<\/strong><\/p>\n<p><strong>Volunt\u00e1rio Destaque<\/strong><\/p>\n<p>&#8211; Samuel Barbeli<\/p>\n<p>&nbsp;<\/p>\n<p><strong>T\u00e9cnico<\/strong><\/p>\n<p>&#8211; Edgar Isacksson<\/p>\n<p>&#8211; Jesuene Coelho<\/p>\n<p>(Marco Zero Robotic)<\/p>\n<p>&nbsp;<\/p>\n<p><strong>ATENDIMENTO \u00c0 IMPRENSA<\/strong><\/p>\n<p><strong>Diretoria de Comunica\u00e7\u00e3o e Marketing do Sistema FIEAM<\/strong><\/p>\n<p>Tel: (92) 3186-6576 Fax: (92) 3186-6579<\/p>\n<p>E-mail: <a href=\"mailto:imprensa@fieam.org.br\">imprensa@fieam.org.br<\/a><\/p>\n<p>Portal: <a href=\"http:\/\/www.fieam.org.br\/\">http:\/\/www.fieam.org.br<\/a> <strong>&nbsp;&nbsp;<\/strong><\/p>\n<p><strong>&nbsp;Sistema FIEAM nas redes sociais<\/strong><\/p>\n<p><strong>FIEAM:<\/strong> <a href=\"https:\/\/www.facebook.com\/fieamoficial\">Facebook<\/a>| <a href=\"https:\/\/twitter.com\/fieam\">Twitter<\/a>| <a href=\"https:\/\/www.instagram.com\/sistemafieam\/\">Instagram<\/a>| &nbsp;<a href=\"https:\/\/www.youtube.com\/user\/FIEAM\">You Tube<\/a> <strong>&nbsp;&nbsp;&nbsp;&nbsp;&nbsp;<\/strong><\/p>\n<p><strong>&nbsp;<\/strong><strong>SESI:<\/strong> <a href=\"https:\/\/www.facebook.com\/sesiamazonas\">Facebook<\/a>| <a href=\"https:\/\/twitter.com\/sesiamazonas\">Twitter<\/a>| <a href=\"https:\/\/www.instagram.com\/sistemafieam\/\">Instagram<\/a>| &nbsp;<a href=\"https:\/\/www.youtube.com\/user\/SESIAmazonas\">You Tube<\/a> <strong>&nbsp;&nbsp;&nbsp;&nbsp;&nbsp;&nbsp;&nbsp;&nbsp;&nbsp;<\/strong><\/p>\n<p><strong>&nbsp;SENAI:<\/strong> <a href=\"https:\/\/www.facebook.com\/senaiamazonas\">Facebook<\/a>| <a href=\"https:\/\/twitter.com\/senaiamazonas\">Twitter<\/a>| <a href=\"https:\/\/www.instagram.com\/sistemafieam\/\">Instagram<\/a>| &nbsp;<a href=\"https:\/\/www.youtube.com\/user\/SENAIAmazonas\">You Tube<\/a> <strong>&nbsp;&nbsp;&nbsp;&nbsp;&nbsp;&nbsp;&nbsp;<\/strong><\/p>\n<p><strong>&nbsp;IEL:<\/strong> <a href=\"https:\/\/www.facebook.com\/ielamazonas\">Facebook<\/a>| <a href=\"https:\/\/twitter.com\/ielamazonas\">Twitter<\/a>| <a href=\"https:\/\/www.instagram.com\/sistemafieam\/\">Instagram<\/a>| &nbsp;<a href=\"https:\/\/www.youtube.com\/user\/IELAmazonas\">You Tube<\/a><\/p>\n","protected":false},"excerpt":{"rendered":"<p>Com um projeto para salvar da amea\u00e7a de extin\u00e7\u00e3o o primata Sauim-de-coleira (saguinus bicolor), a equipe Invictus, da Escola Municipal Jorge de Rezende Sobrinho, do bairro Tancredo Neves, na zona Leste de Manaus, conquistou o 1\u00ba lugar no Torneio de Rob\u00f3tica FIRST LEGO League (FLL) \u2013 Etapa Regional Norte, encerrada no s\u00e1bado (03). Em 2\u00ba [&hellip;]<\/p>\n","protected":false},"author":1,"featured_media":9970,"comment_status":"open","ping_status":"open","sticky":false,"template":"","format":"standard","meta":{"footnotes":""},"categories":[25,26],"tags":[],"class_list":["post-9968","post","type-post","status-publish","format-standard","has-post-thumbnail","hentry","category-news","category-news-destaque"],"yoast_head":"<!-- This site is optimized with the Yoast SEO plugin v28.2 - https:\/\/yoast.com\/product\/yoast-seo-wordpress\/ -->\n<title>Projeto para salvar Sauim vence Torneio de Rob\u00f3tica na Regi\u00e3o Norte - SESI<\/title>\n<meta name=\"robots\" content=\"index, follow, max-snippet:-1, max-image-preview:large, max-video-preview:-1\" \/>\n<link rel=\"canonical\" href=\"https:\/\/fieam.org.br\/sesi\/projeto-para-salvar-sauim-vence-torneio-de-robotica-na-regiao-norte\/\" \/>\n<meta property=\"og:locale\" content=\"pt_BR\" \/>\n<meta property=\"og:type\" content=\"article\" \/>\n<meta property=\"og:title\" content=\"Projeto para salvar Sauim vence Torneio de Rob\u00f3tica na Regi\u00e3o Norte - SESI\" \/>\n<meta property=\"og:description\" content=\"Com um projeto para salvar da amea\u00e7a de extin\u00e7\u00e3o o primata Sauim-de-coleira (saguinus bicolor), a equipe Invictus, da Escola Municipal Jorge de Rezende Sobrinho, do bairro Tancredo Neves, na zona Leste de Manaus, conquistou o 1\u00ba lugar no Torneio de Rob\u00f3tica FIRST LEGO League (FLL) \u2013 Etapa Regional Norte, encerrada no s\u00e1bado (03). Em 2\u00ba [&hellip;]\" \/>\n<meta property=\"og:url\" content=\"https:\/\/fieam.org.br\/sesi\/projeto-para-salvar-sauim-vence-torneio-de-robotica-na-regiao-norte\/\" \/>\n<meta property=\"og:site_name\" content=\"SESI\" \/>\n<meta property=\"article:published_time\" content=\"2016-12-06T12:45:02+00:00\" \/>\n<meta name=\"author\" content=\"Autor\" \/>\n<meta name=\"twitter:card\" content=\"summary_large_image\" \/>\n<meta name=\"twitter:label1\" content=\"Escrito por\" \/>\n\t<meta name=\"twitter:data1\" content=\"Autor\" \/>\n\t<meta name=\"twitter:label2\" content=\"Est. tempo de leitura\" \/>\n\t<meta name=\"twitter:data2\" content=\"4 minutos\" \/>\n<script type=\"application\/ld+json\" class=\"yoast-schema-graph\">{\"@context\":\"https:\\\/\\\/schema.org\",\"@graph\":[{\"@type\":\"Article\",\"@id\":\"https:\\\/\\\/fieam.org.br\\\/sesi\\\/projeto-para-salvar-sauim-vence-torneio-de-robotica-na-regiao-norte\\\/#article\",\"isPartOf\":{\"@id\":\"https:\\\/\\\/fieam.org.br\\\/sesi\\\/projeto-para-salvar-sauim-vence-torneio-de-robotica-na-regiao-norte\\\/\"},\"author\":{\"name\":\"Autor\",\"@id\":\"https:\\\/\\\/fieam.org.br\\\/sesi\\\/#\\\/schema\\\/person\\\/f54998dd14d5f0695b41444f2b01c31e\"},\"headline\":\"Projeto para salvar Sauim vence Torneio de Rob\u00f3tica na Regi\u00e3o Norte\",\"datePublished\":\"2016-12-06T12:45:02+00:00\",\"mainEntityOfPage\":{\"@id\":\"https:\\\/\\\/fieam.org.br\\\/sesi\\\/projeto-para-salvar-sauim-vence-torneio-de-robotica-na-regiao-norte\\\/\"},\"wordCount\":757,\"commentCount\":0,\"publisher\":{\"@id\":\"https:\\\/\\\/fieam.org.br\\\/sesi\\\/#organization\"},\"image\":{\"@id\":\"https:\\\/\\\/fieam.org.br\\\/sesi\\\/projeto-para-salvar-sauim-vence-torneio-de-robotica-na-regiao-norte\\\/#primaryimage\"},\"thumbnailUrl\":\"\",\"articleSection\":[\"News\",\"News Destaque\"],\"inLanguage\":\"pt-BR\",\"potentialAction\":[{\"@type\":\"CommentAction\",\"name\":\"Comment\",\"target\":[\"https:\\\/\\\/fieam.org.br\\\/sesi\\\/projeto-para-salvar-sauim-vence-torneio-de-robotica-na-regiao-norte\\\/#respond\"]}]},{\"@type\":\"WebPage\",\"@id\":\"https:\\\/\\\/fieam.org.br\\\/sesi\\\/projeto-para-salvar-sauim-vence-torneio-de-robotica-na-regiao-norte\\\/\",\"url\":\"https:\\\/\\\/fieam.org.br\\\/sesi\\\/projeto-para-salvar-sauim-vence-torneio-de-robotica-na-regiao-norte\\\/\",\"name\":\"Projeto para salvar Sauim vence Torneio de Rob\u00f3tica na Regi\u00e3o Norte - SESI\",\"isPartOf\":{\"@id\":\"https:\\\/\\\/fieam.org.br\\\/sesi\\\/#website\"},\"primaryImageOfPage\":{\"@id\":\"https:\\\/\\\/fieam.org.br\\\/sesi\\\/projeto-para-salvar-sauim-vence-torneio-de-robotica-na-regiao-norte\\\/#primaryimage\"},\"image\":{\"@id\":\"https:\\\/\\\/fieam.org.br\\\/sesi\\\/projeto-para-salvar-sauim-vence-torneio-de-robotica-na-regiao-norte\\\/#primaryimage\"},\"thumbnailUrl\":\"\",\"datePublished\":\"2016-12-06T12:45:02+00:00\",\"breadcrumb\":{\"@id\":\"https:\\\/\\\/fieam.org.br\\\/sesi\\\/projeto-para-salvar-sauim-vence-torneio-de-robotica-na-regiao-norte\\\/#breadcrumb\"},\"inLanguage\":\"pt-BR\",\"potentialAction\":[{\"@type\":\"ReadAction\",\"target\":[\"https:\\\/\\\/fieam.org.br\\\/sesi\\\/projeto-para-salvar-sauim-vence-torneio-de-robotica-na-regiao-norte\\\/\"]}]},{\"@type\":\"ImageObject\",\"inLanguage\":\"pt-BR\",\"@id\":\"https:\\\/\\\/fieam.org.br\\\/sesi\\\/projeto-para-salvar-sauim-vence-torneio-de-robotica-na-regiao-norte\\\/#primaryimage\",\"url\":\"\",\"contentUrl\":\"\"},{\"@type\":\"BreadcrumbList\",\"@id\":\"https:\\\/\\\/fieam.org.br\\\/sesi\\\/projeto-para-salvar-sauim-vence-torneio-de-robotica-na-regiao-norte\\\/#breadcrumb\",\"itemListElement\":[{\"@type\":\"ListItem\",\"position\":1,\"name\":\"In\u00edcio\",\"item\":\"https:\\\/\\\/fieam.org.br\\\/sesi\\\/\"},{\"@type\":\"ListItem\",\"position\":2,\"name\":\"Projeto para salvar Sauim vence Torneio de Rob\u00f3tica na Regi\u00e3o Norte\"}]},{\"@type\":\"WebSite\",\"@id\":\"https:\\\/\\\/fieam.org.br\\\/sesi\\\/#website\",\"url\":\"https:\\\/\\\/fieam.org.br\\\/sesi\\\/\",\"name\":\"SESI\",\"description\":\"Site Oficial!\",\"publisher\":{\"@id\":\"https:\\\/\\\/fieam.org.br\\\/sesi\\\/#organization\"},\"potentialAction\":[{\"@type\":\"SearchAction\",\"target\":{\"@type\":\"EntryPoint\",\"urlTemplate\":\"https:\\\/\\\/fieam.org.br\\\/sesi\\\/?s={search_term_string}\"},\"query-input\":{\"@type\":\"PropertyValueSpecification\",\"valueRequired\":true,\"valueName\":\"search_term_string\"}}],\"inLanguage\":\"pt-BR\"},{\"@type\":\"Organization\",\"@id\":\"https:\\\/\\\/fieam.org.br\\\/sesi\\\/#organization\",\"name\":\"SESI\",\"url\":\"https:\\\/\\\/fieam.org.br\\\/sesi\\\/\",\"logo\":{\"@type\":\"ImageObject\",\"inLanguage\":\"pt-BR\",\"@id\":\"https:\\\/\\\/fieam.org.br\\\/sesi\\\/#\\\/schema\\\/logo\\\/image\\\/\",\"url\":\"https:\\\/\\\/fieam.org.br\\\/sesi\\\/wp-content\\\/uploads\\\/sites\\\/14\\\/2024\\\/03\\\/cropped-fav.png\",\"contentUrl\":\"https:\\\/\\\/fieam.org.br\\\/sesi\\\/wp-content\\\/uploads\\\/sites\\\/14\\\/2024\\\/03\\\/cropped-fav.png\",\"width\":610,\"height\":589,\"caption\":\"SESI\"},\"image\":{\"@id\":\"https:\\\/\\\/fieam.org.br\\\/sesi\\\/#\\\/schema\\\/logo\\\/image\\\/\"}},{\"@type\":\"Person\",\"@id\":\"https:\\\/\\\/fieam.org.br\\\/sesi\\\/#\\\/schema\\\/person\\\/f54998dd14d5f0695b41444f2b01c31e\",\"name\":\"Autor\",\"image\":{\"@type\":\"ImageObject\",\"inLanguage\":\"pt-BR\",\"@id\":\"https:\\\/\\\/secure.gravatar.com\\\/avatar\\\/3732c223e0e1fad69062a8f770955c9068d37b055204f310a0be18d4069fe380?s=96&d=mm&r=g\",\"url\":\"https:\\\/\\\/secure.gravatar.com\\\/avatar\\\/3732c223e0e1fad69062a8f770955c9068d37b055204f310a0be18d4069fe380?s=96&d=mm&r=g\",\"contentUrl\":\"https:\\\/\\\/secure.gravatar.com\\\/avatar\\\/3732c223e0e1fad69062a8f770955c9068d37b055204f310a0be18d4069fe380?s=96&d=mm&r=g\",\"caption\":\"Autor\"},\"sameAs\":[\"https:\\\/\\\/marketingmassivo.com.br\"],\"url\":\"https:\\\/\\\/fieam.org.br\\\/sesi\\\/author\\\/admin\\\/\"}]}<\/script>\n<!-- \/ Yoast SEO plugin. -->","yoast_head_json":{"title":"Projeto para salvar Sauim vence Torneio de Rob\u00f3tica na Regi\u00e3o Norte - SESI","robots":{"index":"index","follow":"follow","max-snippet":"max-snippet:-1","max-image-preview":"max-image-preview:large","max-video-preview":"max-video-preview:-1"},"canonical":"https:\/\/fieam.org.br\/sesi\/projeto-para-salvar-sauim-vence-torneio-de-robotica-na-regiao-norte\/","og_locale":"pt_BR","og_type":"article","og_title":"Projeto para salvar Sauim vence Torneio de Rob\u00f3tica na Regi\u00e3o Norte - SESI","og_description":"Com um projeto para salvar da amea\u00e7a de extin\u00e7\u00e3o o primata Sauim-de-coleira (saguinus bicolor), a equipe Invictus, da Escola Municipal Jorge de Rezende Sobrinho, do bairro Tancredo Neves, na zona Leste de Manaus, conquistou o 1\u00ba lugar no Torneio de Rob\u00f3tica FIRST LEGO League (FLL) \u2013 Etapa Regional Norte, encerrada no s\u00e1bado (03). Em 2\u00ba [&hellip;]","og_url":"https:\/\/fieam.org.br\/sesi\/projeto-para-salvar-sauim-vence-torneio-de-robotica-na-regiao-norte\/","og_site_name":"SESI","article_published_time":"2016-12-06T12:45:02+00:00","author":"Autor","twitter_card":"summary_large_image","twitter_misc":{"Escrito por":"Autor","Est. tempo de leitura":"4 minutos"},"schema":{"@context":"https:\/\/schema.org","@graph":[{"@type":"Article","@id":"https:\/\/fieam.org.br\/sesi\/projeto-para-salvar-sauim-vence-torneio-de-robotica-na-regiao-norte\/#article","isPartOf":{"@id":"https:\/\/fieam.org.br\/sesi\/projeto-para-salvar-sauim-vence-torneio-de-robotica-na-regiao-norte\/"},"author":{"name":"Autor","@id":"https:\/\/fieam.org.br\/sesi\/#\/schema\/person\/f54998dd14d5f0695b41444f2b01c31e"},"headline":"Projeto para salvar Sauim vence Torneio de Rob\u00f3tica na Regi\u00e3o Norte","datePublished":"2016-12-06T12:45:02+00:00","mainEntityOfPage":{"@id":"https:\/\/fieam.org.br\/sesi\/projeto-para-salvar-sauim-vence-torneio-de-robotica-na-regiao-norte\/"},"wordCount":757,"commentCount":0,"publisher":{"@id":"https:\/\/fieam.org.br\/sesi\/#organization"},"image":{"@id":"https:\/\/fieam.org.br\/sesi\/projeto-para-salvar-sauim-vence-torneio-de-robotica-na-regiao-norte\/#primaryimage"},"thumbnailUrl":"","articleSection":["News","News Destaque"],"inLanguage":"pt-BR","potentialAction":[{"@type":"CommentAction","name":"Comment","target":["https:\/\/fieam.org.br\/sesi\/projeto-para-salvar-sauim-vence-torneio-de-robotica-na-regiao-norte\/#respond"]}]},{"@type":"WebPage","@id":"https:\/\/fieam.org.br\/sesi\/projeto-para-salvar-sauim-vence-torneio-de-robotica-na-regiao-norte\/","url":"https:\/\/fieam.org.br\/sesi\/projeto-para-salvar-sauim-vence-torneio-de-robotica-na-regiao-norte\/","name":"Projeto para salvar Sauim vence Torneio de Rob\u00f3tica na Regi\u00e3o Norte - SESI","isPartOf":{"@id":"https:\/\/fieam.org.br\/sesi\/#website"},"primaryImageOfPage":{"@id":"https:\/\/fieam.org.br\/sesi\/projeto-para-salvar-sauim-vence-torneio-de-robotica-na-regiao-norte\/#primaryimage"},"image":{"@id":"https:\/\/fieam.org.br\/sesi\/projeto-para-salvar-sauim-vence-torneio-de-robotica-na-regiao-norte\/#primaryimage"},"thumbnailUrl":"","datePublished":"2016-12-06T12:45:02+00:00","breadcrumb":{"@id":"https:\/\/fieam.org.br\/sesi\/projeto-para-salvar-sauim-vence-torneio-de-robotica-na-regiao-norte\/#breadcrumb"},"inLanguage":"pt-BR","potentialAction":[{"@type":"ReadAction","target":["https:\/\/fieam.org.br\/sesi\/projeto-para-salvar-sauim-vence-torneio-de-robotica-na-regiao-norte\/"]}]},{"@type":"ImageObject","inLanguage":"pt-BR","@id":"https:\/\/fieam.org.br\/sesi\/projeto-para-salvar-sauim-vence-torneio-de-robotica-na-regiao-norte\/#primaryimage","url":"","contentUrl":""},{"@type":"BreadcrumbList","@id":"https:\/\/fieam.org.br\/sesi\/projeto-para-salvar-sauim-vence-torneio-de-robotica-na-regiao-norte\/#breadcrumb","itemListElement":[{"@type":"ListItem","position":1,"name":"In\u00edcio","item":"https:\/\/fieam.org.br\/sesi\/"},{"@type":"ListItem","position":2,"name":"Projeto para salvar Sauim vence Torneio de Rob\u00f3tica na Regi\u00e3o Norte"}]},{"@type":"WebSite","@id":"https:\/\/fieam.org.br\/sesi\/#website","url":"https:\/\/fieam.org.br\/sesi\/","name":"SESI","description":"Site Oficial!","publisher":{"@id":"https:\/\/fieam.org.br\/sesi\/#organization"},"potentialAction":[{"@type":"SearchAction","target":{"@type":"EntryPoint","urlTemplate":"https:\/\/fieam.org.br\/sesi\/?s={search_term_string}"},"query-input":{"@type":"PropertyValueSpecification","valueRequired":true,"valueName":"search_term_string"}}],"inLanguage":"pt-BR"},{"@type":"Organization","@id":"https:\/\/fieam.org.br\/sesi\/#organization","name":"SESI","url":"https:\/\/fieam.org.br\/sesi\/","logo":{"@type":"ImageObject","inLanguage":"pt-BR","@id":"https:\/\/fieam.org.br\/sesi\/#\/schema\/logo\/image\/","url":"https:\/\/fieam.org.br\/sesi\/wp-content\/uploads\/sites\/14\/2024\/03\/cropped-fav.png","contentUrl":"https:\/\/fieam.org.br\/sesi\/wp-content\/uploads\/sites\/14\/2024\/03\/cropped-fav.png","width":610,"height":589,"caption":"SESI"},"image":{"@id":"https:\/\/fieam.org.br\/sesi\/#\/schema\/logo\/image\/"}},{"@type":"Person","@id":"https:\/\/fieam.org.br\/sesi\/#\/schema\/person\/f54998dd14d5f0695b41444f2b01c31e","name":"Autor","image":{"@type":"ImageObject","inLanguage":"pt-BR","@id":"https:\/\/secure.gravatar.com\/avatar\/3732c223e0e1fad69062a8f770955c9068d37b055204f310a0be18d4069fe380?s=96&d=mm&r=g","url":"https:\/\/secure.gravatar.com\/avatar\/3732c223e0e1fad69062a8f770955c9068d37b055204f310a0be18d4069fe380?s=96&d=mm&r=g","contentUrl":"https:\/\/secure.gravatar.com\/avatar\/3732c223e0e1fad69062a8f770955c9068d37b055204f310a0be18d4069fe380?s=96&d=mm&r=g","caption":"Autor"},"sameAs":["https:\/\/marketingmassivo.com.br"],"url":"https:\/\/fieam.org.br\/sesi\/author\/admin\/"}]}},"_links":{"self":[{"href":"https:\/\/fieam.org.br\/sesi\/wp-json\/wp\/v2\/posts\/9968","targetHints":{"allow":["GET"]}}],"collection":[{"href":"https:\/\/fieam.org.br\/sesi\/wp-json\/wp\/v2\/posts"}],"about":[{"href":"https:\/\/fieam.org.br\/sesi\/wp-json\/wp\/v2\/types\/post"}],"author":[{"embeddable":true,"href":"https:\/\/fieam.org.br\/sesi\/wp-json\/wp\/v2\/users\/1"}],"replies":[{"embeddable":true,"href":"https:\/\/fieam.org.br\/sesi\/wp-json\/wp\/v2\/comments?post=9968"}],"version-history":[{"count":0,"href":"https:\/\/fieam.org.br\/sesi\/wp-json\/wp\/v2\/posts\/9968\/revisions"}],"wp:attachment":[{"href":"https:\/\/fieam.org.br\/sesi\/wp-json\/wp\/v2\/media?parent=9968"}],"wp:term":[{"taxonomy":"category","embeddable":true,"href":"https:\/\/fieam.org.br\/sesi\/wp-json\/wp\/v2\/categories?post=9968"},{"taxonomy":"post_tag","embeddable":true,"href":"https:\/\/fieam.org.br\/sesi\/wp-json\/wp\/v2\/tags?post=9968"}],"curies":[{"name":"wp","href":"https:\/\/api.w.org\/{rel}","templated":true}]}}