{"id":990,"date":"2011-04-28T18:24:53","date_gmt":"2011-04-28T18:24:53","guid":{"rendered":"http:\/\/www.fieam.org.br\/site\/sesi\/?p=990"},"modified":"2011-04-28T18:24:53","modified_gmt":"2011-04-28T18:24:53","slug":"sesi-realiza-curso-de-libras-na-carrier","status":"publish","type":"post","link":"https:\/\/fieam.org.br\/sesi\/sesi-realiza-curso-de-libras-na-carrier\/","title":{"rendered":"SESI realiza curso de libras na Carrier"},"content":{"rendered":"<figure id=\"attachment_991\" aria-describedby=\"caption-attachment-991\" style=\"width: 247px\" class=\"wp-caption alignleft\"><a href=\"http:\/\/www.fieam.org.br\/site\/sesi\/files\/2011\/04\/libras1.jpg\"><img fetchpriority=\"high\" decoding=\"async\" class=\"size-full wp-image-991\" src=\"http:\/\/www.fieam.org.br\/site\/sesi\/files\/2011\/04\/libras1.jpg\" alt=\"\" width=\"247\" height=\"339\" srcset=\"https:\/\/fieam.org.br\/sesi\/wp-content\/uploads\/sites\/14\/2011\/04\/libras1.jpg 247w, https:\/\/fieam.org.br\/sesi\/wp-content\/uploads\/sites\/14\/2011\/04\/libras1-219x300.jpg 219w\" sizes=\"(max-width: 247px) 100vw, 247px\" \/><\/a><figcaption id=\"caption-attachment-991\" class=\"wp-caption-text\">Operadora de produ\u00e7\u00e3o da Carrier, Maria Auxiliadora, fala da import\u00e2ncia do aprendizado de Libras para sua vida profissional e pessoal<\/figcaption><\/figure>\n<p>Adaptar as condi\u00e7\u00f5es de trabalho para as pessoas com defici\u00eancias f\u00edsicas \u00e9 uma das metas da empresa Carrier, que hoje possui cerca de 600 funcion\u00e1rios, dos quais nove s\u00e3o portadores de algum tipo de disfun\u00e7\u00e3o auditiva, visual ou locomotora. A t\u00e9cnica em meio ambiente e seguran\u00e7a da empresa, Celina Souza, ressalta o cuidado da Carrier em atender as exig\u00eancias do mercado de trabalho sobre a contrata\u00e7\u00e3o de trabalhadores especiais.<br \/>\n\u00a0<br \/>\nDe acordo com a t\u00e9cnica, a ind\u00fastria deve se preparar para atender esse p\u00fablico de trabalhadores de forma adequada. Neste m\u00eas, a Carrier contratou dois colaboradores com dificuldades de audi\u00e7\u00e3o e para melhorar a comunica\u00e7\u00e3o e promover a inclus\u00e3o social dos novos trabalhadores, buscou o Servi\u00e7o Social da Ind\u00fastria (SESI Amazonas) para realizar in loco o curso de Introdu\u00e7\u00e3o \u00e0 l\u00edngua brasileira de sinais &#8211; Libras.<br \/>\n\u00a0<br \/>\n\u201cA capacita\u00e7\u00e3o na linguagem dos surdos \u00e9 importante para a promo\u00e7\u00e3o da inclus\u00e3o social desses trabalhadores que j\u00e1 fazem parte de nosso quadro de funcion\u00e1rios. Esses profissionais tornam-se mais felizes e produtivos ao perceber que podem se expressar e que est\u00e3o sendo entendidos. A partir do conhecimento em libras, as atividades dos deficientes auditivos na Carrier passam a ser similares aos dos demais, pois a comunica\u00e7\u00e3o e compreens\u00e3o s\u00e3o igualmente identificadas por todos\u201d, comenta Celina.<br \/>\n\u00a0<br \/>\nO SESI ofereceu o aprendizado da linguagem de sinais dentro da empresa, recebendo mais de 60 inscri\u00e7\u00f5es de todos os setores e departamentos da Carrier. Nesta semana foi conclu\u00edda a segunda turma do curso de Libras, com dura\u00e7\u00e3o de 30 horas, ministrado pela instrutora do SESI e p\u00f3s-graduada em libras, Claudiene Mamed.<\/p>\n<p>O curso foi gratuito com a proposta de proporcionar a reflex\u00e3o da pr\u00e1tica da inclus\u00e3o em diferentes contextos como no trabalho, lazer, escola e fam\u00edlia. \u201cA dissemina\u00e7\u00e3o desta forma de comunica\u00e7\u00e3o utilizada pelos deficientes auditivos quebram barreiras que existem na sociedade quanto ao preconceito com a comunidade surda, al\u00e9m de estimular o sentimento de solidariedade para com as pessoas com necessidades especiais\u201d, diz Mamed.<\/p>\n<figure id=\"attachment_994\" aria-describedby=\"caption-attachment-994\" style=\"width: 660px\" class=\"wp-caption aligncenter\"><a href=\"http:\/\/www.fieam.org.br\/site\/sesi\/files\/2011\/04\/libra21.jpg\"><img decoding=\"async\" class=\"size-full wp-image-994\" src=\"http:\/\/www.fieam.org.br\/site\/sesi\/files\/2011\/04\/libra21.jpg\" alt=\"\" width=\"660\" height=\"400\" srcset=\"https:\/\/fieam.org.br\/sesi\/wp-content\/uploads\/sites\/14\/2011\/04\/libra21.jpg 660w, https:\/\/fieam.org.br\/sesi\/wp-content\/uploads\/sites\/14\/2011\/04\/libra21-300x182.jpg 300w\" sizes=\"(max-width: 660px) 100vw, 660px\" \/><\/a><figcaption id=\"caption-attachment-994\" class=\"wp-caption-text\">A Carrier recebeu mais de 60 inscri\u00e7\u00f5es de funcion\u00e1rios dispostos a aprender a linguagem de sinais<\/figcaption><\/figure>\n<p>Para a operadora de produ\u00e7\u00e3o, Maria Auxiliadora Pereira, o conhecimento adquirido com a instrutora do SESI foi al\u00e9m do esperado e trouxe resultados positivos n\u00e3o s\u00f3 no ambiente de trabalho, mas tamb\u00e9m no seu conv\u00edvio familiar. Auxiliadora \u00e9 casada h\u00e1 quatro anos com Hilton Ney, deficiente auditivo. Segundo a operadora, a comunica\u00e7\u00e3o se ampliou entre o casal, o que deu a oportunidade de ensinar novas palavras que aprendeu durante as aulas de libras ao marido.<br \/>\n\u00a0<br \/>\nAuxiliadora relembra a \u00faltima entrevista de emprego do marido em que ela o acompanhou, pois a empresa que o contratou n\u00e3o tinha profissional que pudesse se comunicar com ele. A operadora disse que Hilton trabalha na ind\u00fastria amazonense h\u00e1 cerca de 10 anos, por\u00e9m sempre reclamou da falta de comunica\u00e7\u00e3o com os demais colegas de trabalho.<br \/>\n\u00a0<br \/>\n\u201cEles vivem isolados, num mundo sem barulho, e isso os deixam exclu\u00eddos. Com o incentivo das empresas e do SESI na propaga\u00e7\u00e3o da linguagem de sinais, vamos aproximar os surdos \u00e0 sociedade em geral, deixando-os cada vez mais ambientados e independentes\u201d, avalia M\u00aa Auxiliadora.<\/p>\n<figure id=\"attachment_993\" aria-describedby=\"caption-attachment-993\" style=\"width: 247px\" class=\"wp-caption alignleft\"><a href=\"http:\/\/www.fieam.org.br\/site\/sesi\/files\/2011\/04\/libras3.jpg\"><img decoding=\"async\" class=\"size-full wp-image-993\" src=\"http:\/\/www.fieam.org.br\/site\/sesi\/files\/2011\/04\/libras3.jpg\" alt=\"\" width=\"247\" height=\"339\" srcset=\"https:\/\/fieam.org.br\/sesi\/wp-content\/uploads\/sites\/14\/2011\/04\/libras3.jpg 247w, https:\/\/fieam.org.br\/sesi\/wp-content\/uploads\/sites\/14\/2011\/04\/libras3-219x300.jpg 219w\" sizes=\"(max-width: 247px) 100vw, 247px\" \/><\/a><figcaption id=\"caption-attachment-993\" class=\"wp-caption-text\">Instrutora do SESI e p\u00f3s-graduada em Libras, Claudiene Mamed<\/figcaption><\/figure>\n<p>No encerramento do curso de Libras, os alunos apresentaram m\u00fasicas com interpreta\u00e7\u00e3o das letras e dos sinais, simultaneamente. O professor universit\u00e1rio da disciplina Libras, Marlon Jorge Azedo, foi o convidado especial do encerramento do curso. De acordo com Marlon, que tamb\u00e9m \u00e9 deficiente auditivo, Manaus possui cerca de quatro mil surdos e muitos j\u00e1 est\u00e3o empregados no Distrito Industrial.<br \/>\n\u00a0<br \/>\n\u201cO curso de Libras proporciona a acessibilidade dos surdos no dia a dia com os demais cidad\u00e3os. A iniciativa do SESI \u00e9 fabulosa, pois contribui socialmente com a intera\u00e7\u00e3o dos deficientes auditivos, facilitando a integra\u00e7\u00e3o da sociedade com os surdos, seja na igreja, no trabalho, nas pra\u00e7as, nos centros de compras, onde quer que exista um que precise de apoio e amigos\u201d, diz Marlon.<br \/>\n\u00a0<br \/>\nSegundo a pedagoga do N\u00facleo Integrado de Educa\u00e7\u00e3o Continuada do SESI, Joana Gon\u00e7alves, a institui\u00e7\u00e3o ir\u00e1 divulgar nova programa\u00e7\u00e3o para comunidade em maio e ser\u00e1 contemplado o curso de Libras, com carga hor\u00e1ria de 32 h, que ser\u00e3o ministradas aos s\u00e1bados, no decorrer de dois meses. As aulas ser\u00e3o realizadas no Centro Integrado do Trabalhador Dolores Garcia, localizado na rua Vivaldo Lima, 361, Alvorada 1. Mais informa\u00e7\u00f5es sobre inscri\u00e7\u00e3o e investimento pelo telefone 3239-1101 ou 3238-9706.<\/p>\n","protected":false},"excerpt":{"rendered":"<p>Adaptar as condi\u00e7\u00f5es de trabalho para as pessoas com defici\u00eancias f\u00edsicas \u00e9 uma das metas da empresa Carrier, que hoje possui cerca de 600 funcion\u00e1rios, dos quais nove s\u00e3o portadores de algum tipo de disfun\u00e7\u00e3o auditiva, visual ou locomotora. A t\u00e9cnica em meio ambiente e seguran\u00e7a da empresa, Celina Souza, ressalta o cuidado da Carrier [&hellip;]<\/p>\n","protected":false},"author":1,"featured_media":0,"comment_status":"open","ping_status":"open","sticky":false,"template":"","format":"standard","meta":{"footnotes":""},"categories":[25],"tags":[],"class_list":["post-990","post","type-post","status-publish","format-standard","hentry","category-news"],"yoast_head":"<!-- This site is optimized with the Yoast SEO plugin v26.8 - https:\/\/yoast.com\/product\/yoast-seo-wordpress\/ -->\n<title>SESI realiza curso de libras na Carrier - SESI<\/title>\n<meta name=\"robots\" content=\"index, follow, max-snippet:-1, max-image-preview:large, max-video-preview:-1\" \/>\n<link rel=\"canonical\" href=\"https:\/\/fieam.org.br\/sesi\/sesi-realiza-curso-de-libras-na-carrier\/\" \/>\n<meta property=\"og:locale\" content=\"pt_BR\" \/>\n<meta property=\"og:type\" content=\"article\" \/>\n<meta property=\"og:title\" content=\"SESI realiza curso de libras na Carrier - SESI\" \/>\n<meta property=\"og:description\" content=\"Adaptar as condi\u00e7\u00f5es de trabalho para as pessoas com defici\u00eancias f\u00edsicas \u00e9 uma das metas da empresa Carrier, que hoje possui cerca de 600 funcion\u00e1rios, dos quais nove s\u00e3o portadores de algum tipo de disfun\u00e7\u00e3o auditiva, visual ou locomotora. A t\u00e9cnica em meio ambiente e seguran\u00e7a da empresa, Celina Souza, ressalta o cuidado da Carrier [&hellip;]\" \/>\n<meta property=\"og:url\" content=\"https:\/\/fieam.org.br\/sesi\/sesi-realiza-curso-de-libras-na-carrier\/\" \/>\n<meta property=\"og:site_name\" content=\"SESI\" \/>\n<meta property=\"article:published_time\" content=\"2011-04-28T18:24:53+00:00\" \/>\n<meta property=\"og:image\" content=\"https:\/\/fieam.org.br\/sesi\/wp-content\/uploads\/sites\/14\/2011\/04\/libras1.jpg\" \/>\n\t<meta property=\"og:image:width\" content=\"247\" \/>\n\t<meta property=\"og:image:height\" content=\"339\" \/>\n\t<meta property=\"og:image:type\" content=\"image\/jpeg\" \/>\n<meta name=\"author\" content=\"Autor\" \/>\n<meta name=\"twitter:card\" content=\"summary_large_image\" \/>\n<meta name=\"twitter:label1\" content=\"Escrito por\" \/>\n\t<meta name=\"twitter:data1\" content=\"Autor\" \/>\n\t<meta name=\"twitter:label2\" content=\"Est. tempo de leitura\" \/>\n\t<meta name=\"twitter:data2\" content=\"4 minutos\" \/>\n<script type=\"application\/ld+json\" class=\"yoast-schema-graph\">{\"@context\":\"https:\/\/schema.org\",\"@graph\":[{\"@type\":\"Article\",\"@id\":\"https:\/\/fieam.org.br\/sesi\/sesi-realiza-curso-de-libras-na-carrier\/#article\",\"isPartOf\":{\"@id\":\"https:\/\/fieam.org.br\/sesi\/sesi-realiza-curso-de-libras-na-carrier\/\"},\"author\":{\"name\":\"Autor\",\"@id\":\"https:\/\/fieam.org.br\/sesi\/#\/schema\/person\/c1ceda8321521b291cee22da0a7d34be\"},\"headline\":\"SESI realiza curso de libras na Carrier\",\"datePublished\":\"2011-04-28T18:24:53+00:00\",\"mainEntityOfPage\":{\"@id\":\"https:\/\/fieam.org.br\/sesi\/sesi-realiza-curso-de-libras-na-carrier\/\"},\"wordCount\":838,\"commentCount\":0,\"publisher\":{\"@id\":\"https:\/\/fieam.org.br\/sesi\/#organization\"},\"image\":{\"@id\":\"https:\/\/fieam.org.br\/sesi\/sesi-realiza-curso-de-libras-na-carrier\/#primaryimage\"},\"thumbnailUrl\":\"http:\/\/www.fieam.org.br\/site\/sesi\/files\/2011\/04\/libras1.jpg\",\"articleSection\":[\"News\"],\"inLanguage\":\"pt-BR\",\"potentialAction\":[{\"@type\":\"CommentAction\",\"name\":\"Comment\",\"target\":[\"https:\/\/fieam.org.br\/sesi\/sesi-realiza-curso-de-libras-na-carrier\/#respond\"]}]},{\"@type\":\"WebPage\",\"@id\":\"https:\/\/fieam.org.br\/sesi\/sesi-realiza-curso-de-libras-na-carrier\/\",\"url\":\"https:\/\/fieam.org.br\/sesi\/sesi-realiza-curso-de-libras-na-carrier\/\",\"name\":\"SESI realiza curso de libras na Carrier - SESI\",\"isPartOf\":{\"@id\":\"https:\/\/fieam.org.br\/sesi\/#website\"},\"primaryImageOfPage\":{\"@id\":\"https:\/\/fieam.org.br\/sesi\/sesi-realiza-curso-de-libras-na-carrier\/#primaryimage\"},\"image\":{\"@id\":\"https:\/\/fieam.org.br\/sesi\/sesi-realiza-curso-de-libras-na-carrier\/#primaryimage\"},\"thumbnailUrl\":\"http:\/\/www.fieam.org.br\/site\/sesi\/files\/2011\/04\/libras1.jpg\",\"datePublished\":\"2011-04-28T18:24:53+00:00\",\"breadcrumb\":{\"@id\":\"https:\/\/fieam.org.br\/sesi\/sesi-realiza-curso-de-libras-na-carrier\/#breadcrumb\"},\"inLanguage\":\"pt-BR\",\"potentialAction\":[{\"@type\":\"ReadAction\",\"target\":[\"https:\/\/fieam.org.br\/sesi\/sesi-realiza-curso-de-libras-na-carrier\/\"]}]},{\"@type\":\"ImageObject\",\"inLanguage\":\"pt-BR\",\"@id\":\"https:\/\/fieam.org.br\/sesi\/sesi-realiza-curso-de-libras-na-carrier\/#primaryimage\",\"url\":\"http:\/\/www.fieam.org.br\/site\/sesi\/files\/2011\/04\/libras1.jpg\",\"contentUrl\":\"http:\/\/www.fieam.org.br\/site\/sesi\/files\/2011\/04\/libras1.jpg\"},{\"@type\":\"BreadcrumbList\",\"@id\":\"https:\/\/fieam.org.br\/sesi\/sesi-realiza-curso-de-libras-na-carrier\/#breadcrumb\",\"itemListElement\":[{\"@type\":\"ListItem\",\"position\":1,\"name\":\"In\u00edcio\",\"item\":\"https:\/\/fieam.org.br\/sesi\/\"},{\"@type\":\"ListItem\",\"position\":2,\"name\":\"SESI realiza curso de libras na Carrier\"}]},{\"@type\":\"WebSite\",\"@id\":\"https:\/\/fieam.org.br\/sesi\/#website\",\"url\":\"https:\/\/fieam.org.br\/sesi\/\",\"name\":\"SESI\",\"description\":\"Site Oficial!\",\"publisher\":{\"@id\":\"https:\/\/fieam.org.br\/sesi\/#organization\"},\"potentialAction\":[{\"@type\":\"SearchAction\",\"target\":{\"@type\":\"EntryPoint\",\"urlTemplate\":\"https:\/\/fieam.org.br\/sesi\/?s={search_term_string}\"},\"query-input\":{\"@type\":\"PropertyValueSpecification\",\"valueRequired\":true,\"valueName\":\"search_term_string\"}}],\"inLanguage\":\"pt-BR\"},{\"@type\":\"Organization\",\"@id\":\"https:\/\/fieam.org.br\/sesi\/#organization\",\"name\":\"SESI\",\"url\":\"https:\/\/fieam.org.br\/sesi\/\",\"logo\":{\"@type\":\"ImageObject\",\"inLanguage\":\"pt-BR\",\"@id\":\"https:\/\/fieam.org.br\/sesi\/#\/schema\/logo\/image\/\",\"url\":\"https:\/\/fieam.org.br\/sesi\/wp-content\/uploads\/sites\/14\/2024\/03\/cropped-fav.png\",\"contentUrl\":\"https:\/\/fieam.org.br\/sesi\/wp-content\/uploads\/sites\/14\/2024\/03\/cropped-fav.png\",\"width\":610,\"height\":589,\"caption\":\"SESI\"},\"image\":{\"@id\":\"https:\/\/fieam.org.br\/sesi\/#\/schema\/logo\/image\/\"}},{\"@type\":\"Person\",\"@id\":\"https:\/\/fieam.org.br\/sesi\/#\/schema\/person\/c1ceda8321521b291cee22da0a7d34be\",\"name\":\"Autor\",\"image\":{\"@type\":\"ImageObject\",\"inLanguage\":\"pt-BR\",\"@id\":\"https:\/\/fieam.org.br\/sesi\/#\/schema\/person\/image\/\",\"url\":\"https:\/\/secure.gravatar.com\/avatar\/3732c223e0e1fad69062a8f770955c9068d37b055204f310a0be18d4069fe380?s=96&d=mm&r=g\",\"contentUrl\":\"https:\/\/secure.gravatar.com\/avatar\/3732c223e0e1fad69062a8f770955c9068d37b055204f310a0be18d4069fe380?s=96&d=mm&r=g\",\"caption\":\"Autor\"},\"sameAs\":[\"https:\/\/marketingmassivo.com.br\"],\"url\":\"https:\/\/fieam.org.br\/sesi\/author\/admin\/\"}]}<\/script>\n<!-- \/ Yoast SEO plugin. -->","yoast_head_json":{"title":"SESI realiza curso de libras na Carrier - SESI","robots":{"index":"index","follow":"follow","max-snippet":"max-snippet:-1","max-image-preview":"max-image-preview:large","max-video-preview":"max-video-preview:-1"},"canonical":"https:\/\/fieam.org.br\/sesi\/sesi-realiza-curso-de-libras-na-carrier\/","og_locale":"pt_BR","og_type":"article","og_title":"SESI realiza curso de libras na Carrier - SESI","og_description":"Adaptar as condi\u00e7\u00f5es de trabalho para as pessoas com defici\u00eancias f\u00edsicas \u00e9 uma das metas da empresa Carrier, que hoje possui cerca de 600 funcion\u00e1rios, dos quais nove s\u00e3o portadores de algum tipo de disfun\u00e7\u00e3o auditiva, visual ou locomotora. A t\u00e9cnica em meio ambiente e seguran\u00e7a da empresa, Celina Souza, ressalta o cuidado da Carrier [&hellip;]","og_url":"https:\/\/fieam.org.br\/sesi\/sesi-realiza-curso-de-libras-na-carrier\/","og_site_name":"SESI","article_published_time":"2011-04-28T18:24:53+00:00","og_image":[{"width":247,"height":339,"url":"https:\/\/fieam.org.br\/sesi\/wp-content\/uploads\/sites\/14\/2011\/04\/libras1.jpg","type":"image\/jpeg"}],"author":"Autor","twitter_card":"summary_large_image","twitter_misc":{"Escrito por":"Autor","Est. tempo de leitura":"4 minutos"},"schema":{"@context":"https:\/\/schema.org","@graph":[{"@type":"Article","@id":"https:\/\/fieam.org.br\/sesi\/sesi-realiza-curso-de-libras-na-carrier\/#article","isPartOf":{"@id":"https:\/\/fieam.org.br\/sesi\/sesi-realiza-curso-de-libras-na-carrier\/"},"author":{"name":"Autor","@id":"https:\/\/fieam.org.br\/sesi\/#\/schema\/person\/c1ceda8321521b291cee22da0a7d34be"},"headline":"SESI realiza curso de libras na Carrier","datePublished":"2011-04-28T18:24:53+00:00","mainEntityOfPage":{"@id":"https:\/\/fieam.org.br\/sesi\/sesi-realiza-curso-de-libras-na-carrier\/"},"wordCount":838,"commentCount":0,"publisher":{"@id":"https:\/\/fieam.org.br\/sesi\/#organization"},"image":{"@id":"https:\/\/fieam.org.br\/sesi\/sesi-realiza-curso-de-libras-na-carrier\/#primaryimage"},"thumbnailUrl":"http:\/\/www.fieam.org.br\/site\/sesi\/files\/2011\/04\/libras1.jpg","articleSection":["News"],"inLanguage":"pt-BR","potentialAction":[{"@type":"CommentAction","name":"Comment","target":["https:\/\/fieam.org.br\/sesi\/sesi-realiza-curso-de-libras-na-carrier\/#respond"]}]},{"@type":"WebPage","@id":"https:\/\/fieam.org.br\/sesi\/sesi-realiza-curso-de-libras-na-carrier\/","url":"https:\/\/fieam.org.br\/sesi\/sesi-realiza-curso-de-libras-na-carrier\/","name":"SESI realiza curso de libras na Carrier - SESI","isPartOf":{"@id":"https:\/\/fieam.org.br\/sesi\/#website"},"primaryImageOfPage":{"@id":"https:\/\/fieam.org.br\/sesi\/sesi-realiza-curso-de-libras-na-carrier\/#primaryimage"},"image":{"@id":"https:\/\/fieam.org.br\/sesi\/sesi-realiza-curso-de-libras-na-carrier\/#primaryimage"},"thumbnailUrl":"http:\/\/www.fieam.org.br\/site\/sesi\/files\/2011\/04\/libras1.jpg","datePublished":"2011-04-28T18:24:53+00:00","breadcrumb":{"@id":"https:\/\/fieam.org.br\/sesi\/sesi-realiza-curso-de-libras-na-carrier\/#breadcrumb"},"inLanguage":"pt-BR","potentialAction":[{"@type":"ReadAction","target":["https:\/\/fieam.org.br\/sesi\/sesi-realiza-curso-de-libras-na-carrier\/"]}]},{"@type":"ImageObject","inLanguage":"pt-BR","@id":"https:\/\/fieam.org.br\/sesi\/sesi-realiza-curso-de-libras-na-carrier\/#primaryimage","url":"http:\/\/www.fieam.org.br\/site\/sesi\/files\/2011\/04\/libras1.jpg","contentUrl":"http:\/\/www.fieam.org.br\/site\/sesi\/files\/2011\/04\/libras1.jpg"},{"@type":"BreadcrumbList","@id":"https:\/\/fieam.org.br\/sesi\/sesi-realiza-curso-de-libras-na-carrier\/#breadcrumb","itemListElement":[{"@type":"ListItem","position":1,"name":"In\u00edcio","item":"https:\/\/fieam.org.br\/sesi\/"},{"@type":"ListItem","position":2,"name":"SESI realiza curso de libras na Carrier"}]},{"@type":"WebSite","@id":"https:\/\/fieam.org.br\/sesi\/#website","url":"https:\/\/fieam.org.br\/sesi\/","name":"SESI","description":"Site Oficial!","publisher":{"@id":"https:\/\/fieam.org.br\/sesi\/#organization"},"potentialAction":[{"@type":"SearchAction","target":{"@type":"EntryPoint","urlTemplate":"https:\/\/fieam.org.br\/sesi\/?s={search_term_string}"},"query-input":{"@type":"PropertyValueSpecification","valueRequired":true,"valueName":"search_term_string"}}],"inLanguage":"pt-BR"},{"@type":"Organization","@id":"https:\/\/fieam.org.br\/sesi\/#organization","name":"SESI","url":"https:\/\/fieam.org.br\/sesi\/","logo":{"@type":"ImageObject","inLanguage":"pt-BR","@id":"https:\/\/fieam.org.br\/sesi\/#\/schema\/logo\/image\/","url":"https:\/\/fieam.org.br\/sesi\/wp-content\/uploads\/sites\/14\/2024\/03\/cropped-fav.png","contentUrl":"https:\/\/fieam.org.br\/sesi\/wp-content\/uploads\/sites\/14\/2024\/03\/cropped-fav.png","width":610,"height":589,"caption":"SESI"},"image":{"@id":"https:\/\/fieam.org.br\/sesi\/#\/schema\/logo\/image\/"}},{"@type":"Person","@id":"https:\/\/fieam.org.br\/sesi\/#\/schema\/person\/c1ceda8321521b291cee22da0a7d34be","name":"Autor","image":{"@type":"ImageObject","inLanguage":"pt-BR","@id":"https:\/\/fieam.org.br\/sesi\/#\/schema\/person\/image\/","url":"https:\/\/secure.gravatar.com\/avatar\/3732c223e0e1fad69062a8f770955c9068d37b055204f310a0be18d4069fe380?s=96&d=mm&r=g","contentUrl":"https:\/\/secure.gravatar.com\/avatar\/3732c223e0e1fad69062a8f770955c9068d37b055204f310a0be18d4069fe380?s=96&d=mm&r=g","caption":"Autor"},"sameAs":["https:\/\/marketingmassivo.com.br"],"url":"https:\/\/fieam.org.br\/sesi\/author\/admin\/"}]}},"_links":{"self":[{"href":"https:\/\/fieam.org.br\/sesi\/wp-json\/wp\/v2\/posts\/990","targetHints":{"allow":["GET"]}}],"collection":[{"href":"https:\/\/fieam.org.br\/sesi\/wp-json\/wp\/v2\/posts"}],"about":[{"href":"https:\/\/fieam.org.br\/sesi\/wp-json\/wp\/v2\/types\/post"}],"author":[{"embeddable":true,"href":"https:\/\/fieam.org.br\/sesi\/wp-json\/wp\/v2\/users\/1"}],"replies":[{"embeddable":true,"href":"https:\/\/fieam.org.br\/sesi\/wp-json\/wp\/v2\/comments?post=990"}],"version-history":[{"count":0,"href":"https:\/\/fieam.org.br\/sesi\/wp-json\/wp\/v2\/posts\/990\/revisions"}],"wp:attachment":[{"href":"https:\/\/fieam.org.br\/sesi\/wp-json\/wp\/v2\/media?parent=990"}],"wp:term":[{"taxonomy":"category","embeddable":true,"href":"https:\/\/fieam.org.br\/sesi\/wp-json\/wp\/v2\/categories?post=990"},{"taxonomy":"post_tag","embeddable":true,"href":"https:\/\/fieam.org.br\/sesi\/wp-json\/wp\/v2\/tags?post=990"}],"curies":[{"name":"wp","href":"https:\/\/api.w.org\/{rel}","templated":true}]}}