{"id":969,"date":"2011-04-27T11:59:21","date_gmt":"2011-04-27T11:59:21","guid":{"rendered":"http:\/\/www.fieam.org.br\/site\/sesi\/?p=969"},"modified":"2011-04-27T11:59:21","modified_gmt":"2011-04-27T11:59:21","slug":"sesi-amazonas-lidera-10%c2%aa-copa-norte-de-karate","status":"publish","type":"post","link":"https:\/\/fieam.org.br\/sesi\/sesi-amazonas-lidera-10%c2%aa-copa-norte-de-karate\/","title":{"rendered":"SESI Amazonas lidera 10\u00aa Copa Norte de Karat\u00ea"},"content":{"rendered":"<figure id=\"attachment_970\" aria-describedby=\"caption-attachment-970\" style=\"width: 660px\" class=\"wp-caption aligncenter\"><a href=\"http:\/\/www.fieam.org.br\/site\/sesi\/files\/2011\/04\/Denilson-Martins-17-ganhou-em-1\u00ba-lugar-na-categoria-juvenil-Kata-e-3\u00ba-lugar-Kumit\u00ea-.jpg\"><img fetchpriority=\"high\" decoding=\"async\" class=\"size-full wp-image-970 \" src=\"http:\/\/www.fieam.org.br\/site\/sesi\/files\/2011\/04\/Denilson-Martins-17-ganhou-em-1\u00ba-lugar-na-categoria-juvenil-Kata-e-3\u00ba-lugar-Kumit\u00ea-.jpg\" alt=\"\" width=\"660\" height=\"400\" \/><\/a><figcaption id=\"caption-attachment-970\" class=\"wp-caption-text\">Sessenta e cinco atletas do SESI participaram do evento e ganharam em 1\u00ba lugar como equipe que mais pontuou<\/figcaption><\/figure>\n<p>O SESI Amazonas consagrou-se campe\u00e3o da X Copa Norte de Karat\u00ea Interestilos com 13 medalhas de Ouro, 20 de prata e 16 de bronze. Iniciativa da Federa\u00e7\u00e3o Interestilos de Karat\u00ea do Amazonas (FIKAM), em parceria com o Servi\u00e7o Social da Ind\u00fastria (SESI\/AM), o evento foi realizado neste s\u00e1bado (23) no Gin\u00e1sio Dom\u00edcio Velloso do Clube do Trabalhador do Amazonas (Alameda Cosme Ferreira, 7.399, S\u00e3o Jos\u00e9 I, Zona Leste).<\/p>\n<p>A competi\u00e7\u00e3o reuniu 205 atletas de associa\u00e7\u00f5es desportivas do Amazonas, Par\u00e1, Roraima e Rond\u00f4nia. O SESI participou com 65 atletas e obteve 49 premia\u00e7\u00f5es, sendo 13 de 1\u00ba lugar, vinte de segundo e dezesseis de terceiro lugar.<\/p>\n<figure id=\"attachment_971\" aria-describedby=\"caption-attachment-971\" style=\"width: 660px\" class=\"wp-caption aligncenter\"><a href=\"http:\/\/www.fieam.org.br\/site\/sesi\/files\/2011\/04\/Duzentos-e-cinco-atletas-de-dela\u00e7\u00f5es-do-Amazonas-Rond\u00f4nia-Roraima-e-Par\u00e1-participaram.jpg\"><img decoding=\"async\" class=\"size-full wp-image-971 \" src=\"http:\/\/www.fieam.org.br\/site\/sesi\/files\/2011\/04\/Duzentos-e-cinco-atletas-de-dela\u00e7\u00f5es-do-Amazonas-Rond\u00f4nia-Roraima-e-Par\u00e1-participaram.jpg\" alt=\"\" width=\"660\" height=\"400\" \/><\/a><figcaption id=\"caption-attachment-971\" class=\"wp-caption-text\">Duzentos e cinco atletas de dela\u00e7\u00f5es do Amazonas, Rond\u00f4nia, Roraima e Par\u00e1 participaram<\/figcaption><\/figure>\n<p>O SESI Amazonas foi tamb\u00e9m campe\u00e3o com a delega\u00e7\u00e3o (2.640 pontos), em segundo lugar ficou a Associa\u00e7\u00e3o Anseikan \u2013 Roraima (2.420 pontos) e o 3\u00ba Lugar &#8211; Associa\u00e7\u00e3o Tekikan \u2013 tamb\u00e9m do Amazonas (1.100 pontos).<br \/>\nDenilson Martins (17) \u00e9 dependente da ind\u00fastria, aluno do 1\u00ba ano do ensino m\u00e9dio e faz Karat\u00ea h\u00e1 seis anos. O atleta j\u00e1 conquistou mais de 60 medalhas e conquistou v\u00e1rios t\u00edtulos como o tetra campeonato amazonense e cinco vezes o vice-campeonato, e tamb\u00e9m na Copa Norte Roraima, al\u00e9m dos campeonatos Estaduais.<\/p>\n<p>Na competi\u00e7\u00e3o do \u00faltimo dia 23, Martins ganhou ouro nas modalidades Kata (que auxiliam o iniciante a assimilar o estilo e aprender as t\u00e9cnicas b\u00e1sicas de movimenta\u00e7\u00e3o, defensa e ataque) e 3\u00ba lugar no Kumite (aplica\u00e7\u00e3o pr\u00e1tica das t\u00e9cnicas estudadas diante de um advers\u00e1rio real), na categoria juvenil, faixa (verde a preta). \u201cO esporte representa para mim qualidade de vida, lazer, al\u00e9m do desenvolvimento de caracter\u00edsticas como esp\u00edrito de equipe e disciplina\u201d, disse o atleta que pretende se formar em administra\u00e7\u00e3o.<\/p>\n<p>Os atletas disputaram as modalidades Kata e Kumite nas categorias mirim, infantil, juvenil, cadete e adulto, em todas as faixas (branca \u00e0 preta). Os tr\u00eas primeiros colocados de cada categoria foram agraciados com medalhas. O pr\u00f3ximo evento de Karat\u00ea ser\u00e1 o XVIII Campeonato Brasileiro, de 30 de junho a 3 de julho, em Recife (PE).<\/p>\n<p>[nggallery id=30]<\/p>\n","protected":false},"excerpt":{"rendered":"<p>O SESI Amazonas consagrou-se campe\u00e3o da X Copa Norte de Karat\u00ea Interestilos com 13 medalhas de Ouro, 20 de prata e 16 de bronze. Iniciativa da Federa\u00e7\u00e3o Interestilos de Karat\u00ea do Amazonas (FIKAM), em parceria com o Servi\u00e7o Social da Ind\u00fastria (SESI\/AM), o evento foi realizado neste s\u00e1bado (23) no Gin\u00e1sio Dom\u00edcio Velloso do Clube [&hellip;]<\/p>\n","protected":false},"author":1,"featured_media":977,"comment_status":"open","ping_status":"open","sticky":false,"template":"","format":"standard","meta":{"footnotes":""},"categories":[25],"tags":[],"class_list":["post-969","post","type-post","status-publish","format-standard","has-post-thumbnail","hentry","category-news"],"yoast_head":"<!-- This site is optimized with the Yoast SEO plugin v28.2 - https:\/\/yoast.com\/product\/yoast-seo-wordpress\/ -->\n<title>SESI Amazonas lidera 10\u00aa Copa Norte de Karat\u00ea - SESI<\/title>\n<meta name=\"robots\" content=\"index, follow, max-snippet:-1, max-image-preview:large, max-video-preview:-1\" \/>\n<link rel=\"canonical\" href=\"https:\/\/fieam.org.br\/sesi\/sesi-amazonas-lidera-10\u00aa-copa-norte-de-karate\/\" \/>\n<meta property=\"og:locale\" content=\"pt_BR\" \/>\n<meta property=\"og:type\" content=\"article\" \/>\n<meta property=\"og:title\" content=\"SESI Amazonas lidera 10\u00aa Copa Norte de Karat\u00ea - SESI\" \/>\n<meta property=\"og:description\" content=\"O SESI Amazonas consagrou-se campe\u00e3o da X Copa Norte de Karat\u00ea Interestilos com 13 medalhas de Ouro, 20 de prata e 16 de bronze. Iniciativa da Federa\u00e7\u00e3o Interestilos de Karat\u00ea do Amazonas (FIKAM), em parceria com o Servi\u00e7o Social da Ind\u00fastria (SESI\/AM), o evento foi realizado neste s\u00e1bado (23) no Gin\u00e1sio Dom\u00edcio Velloso do Clube [&hellip;]\" \/>\n<meta property=\"og:url\" content=\"https:\/\/fieam.org.br\/sesi\/sesi-amazonas-lidera-10\u00aa-copa-norte-de-karate\/\" \/>\n<meta property=\"og:site_name\" content=\"SESI\" \/>\n<meta property=\"article:published_time\" content=\"2011-04-27T11:59:21+00:00\" \/>\n<meta property=\"og:image\" content=\"https:\/\/fieam.org.br\/sesi\/wp-content\/uploads\/sites\/14\/2011\/04\/karatesesi1.jpg\" \/>\n\t<meta property=\"og:image:width\" content=\"100\" \/>\n\t<meta property=\"og:image:height\" content=\"90\" \/>\n\t<meta property=\"og:image:type\" content=\"image\/jpeg\" \/>\n<meta name=\"author\" content=\"Autor\" \/>\n<meta name=\"twitter:card\" content=\"summary_large_image\" \/>\n<meta name=\"twitter:label1\" content=\"Escrito por\" \/>\n\t<meta name=\"twitter:data1\" content=\"Autor\" \/>\n\t<meta name=\"twitter:label2\" content=\"Est. tempo de leitura\" \/>\n\t<meta name=\"twitter:data2\" content=\"2 minutos\" \/>\n<script type=\"application\/ld+json\" class=\"yoast-schema-graph\">{\"@context\":\"https:\\\/\\\/schema.org\",\"@graph\":[{\"@type\":\"Article\",\"@id\":\"https:\\\/\\\/fieam.org.br\\\/sesi\\\/sesi-amazonas-lidera-10%c2%aa-copa-norte-de-karate\\\/#article\",\"isPartOf\":{\"@id\":\"https:\\\/\\\/fieam.org.br\\\/sesi\\\/sesi-amazonas-lidera-10%c2%aa-copa-norte-de-karate\\\/\"},\"author\":{\"name\":\"Autor\",\"@id\":\"https:\\\/\\\/fieam.org.br\\\/sesi\\\/#\\\/schema\\\/person\\\/f54998dd14d5f0695b41444f2b01c31e\"},\"headline\":\"SESI Amazonas lidera 10\u00aa Copa Norte de Karat\u00ea\",\"datePublished\":\"2011-04-27T11:59:21+00:00\",\"mainEntityOfPage\":{\"@id\":\"https:\\\/\\\/fieam.org.br\\\/sesi\\\/sesi-amazonas-lidera-10%c2%aa-copa-norte-de-karate\\\/\"},\"wordCount\":400,\"commentCount\":0,\"publisher\":{\"@id\":\"https:\\\/\\\/fieam.org.br\\\/sesi\\\/#organization\"},\"image\":{\"@id\":\"https:\\\/\\\/fieam.org.br\\\/sesi\\\/sesi-amazonas-lidera-10%c2%aa-copa-norte-de-karate\\\/#primaryimage\"},\"thumbnailUrl\":\"https:\\\/\\\/fieam.org.br\\\/sesi\\\/wp-content\\\/uploads\\\/sites\\\/14\\\/2011\\\/04\\\/karatesesi1.jpg\",\"articleSection\":[\"News\"],\"inLanguage\":\"pt-BR\",\"potentialAction\":[{\"@type\":\"CommentAction\",\"name\":\"Comment\",\"target\":[\"https:\\\/\\\/fieam.org.br\\\/sesi\\\/sesi-amazonas-lidera-10%c2%aa-copa-norte-de-karate\\\/#respond\"]}]},{\"@type\":\"WebPage\",\"@id\":\"https:\\\/\\\/fieam.org.br\\\/sesi\\\/sesi-amazonas-lidera-10%c2%aa-copa-norte-de-karate\\\/\",\"url\":\"https:\\\/\\\/fieam.org.br\\\/sesi\\\/sesi-amazonas-lidera-10%c2%aa-copa-norte-de-karate\\\/\",\"name\":\"SESI Amazonas lidera 10\u00aa Copa Norte de Karat\u00ea - SESI\",\"isPartOf\":{\"@id\":\"https:\\\/\\\/fieam.org.br\\\/sesi\\\/#website\"},\"primaryImageOfPage\":{\"@id\":\"https:\\\/\\\/fieam.org.br\\\/sesi\\\/sesi-amazonas-lidera-10%c2%aa-copa-norte-de-karate\\\/#primaryimage\"},\"image\":{\"@id\":\"https:\\\/\\\/fieam.org.br\\\/sesi\\\/sesi-amazonas-lidera-10%c2%aa-copa-norte-de-karate\\\/#primaryimage\"},\"thumbnailUrl\":\"https:\\\/\\\/fieam.org.br\\\/sesi\\\/wp-content\\\/uploads\\\/sites\\\/14\\\/2011\\\/04\\\/karatesesi1.jpg\",\"datePublished\":\"2011-04-27T11:59:21+00:00\",\"breadcrumb\":{\"@id\":\"https:\\\/\\\/fieam.org.br\\\/sesi\\\/sesi-amazonas-lidera-10%c2%aa-copa-norte-de-karate\\\/#breadcrumb\"},\"inLanguage\":\"pt-BR\",\"potentialAction\":[{\"@type\":\"ReadAction\",\"target\":[\"https:\\\/\\\/fieam.org.br\\\/sesi\\\/sesi-amazonas-lidera-10%c2%aa-copa-norte-de-karate\\\/\"]}]},{\"@type\":\"ImageObject\",\"inLanguage\":\"pt-BR\",\"@id\":\"https:\\\/\\\/fieam.org.br\\\/sesi\\\/sesi-amazonas-lidera-10%c2%aa-copa-norte-de-karate\\\/#primaryimage\",\"url\":\"https:\\\/\\\/fieam.org.br\\\/sesi\\\/wp-content\\\/uploads\\\/sites\\\/14\\\/2011\\\/04\\\/karatesesi1.jpg\",\"contentUrl\":\"https:\\\/\\\/fieam.org.br\\\/sesi\\\/wp-content\\\/uploads\\\/sites\\\/14\\\/2011\\\/04\\\/karatesesi1.jpg\",\"width\":100,\"height\":90},{\"@type\":\"BreadcrumbList\",\"@id\":\"https:\\\/\\\/fieam.org.br\\\/sesi\\\/sesi-amazonas-lidera-10%c2%aa-copa-norte-de-karate\\\/#breadcrumb\",\"itemListElement\":[{\"@type\":\"ListItem\",\"position\":1,\"name\":\"In\u00edcio\",\"item\":\"https:\\\/\\\/fieam.org.br\\\/sesi\\\/\"},{\"@type\":\"ListItem\",\"position\":2,\"name\":\"SESI Amazonas lidera 10\u00aa Copa Norte de Karat\u00ea\"}]},{\"@type\":\"WebSite\",\"@id\":\"https:\\\/\\\/fieam.org.br\\\/sesi\\\/#website\",\"url\":\"https:\\\/\\\/fieam.org.br\\\/sesi\\\/\",\"name\":\"SESI\",\"description\":\"Site Oficial!\",\"publisher\":{\"@id\":\"https:\\\/\\\/fieam.org.br\\\/sesi\\\/#organization\"},\"potentialAction\":[{\"@type\":\"SearchAction\",\"target\":{\"@type\":\"EntryPoint\",\"urlTemplate\":\"https:\\\/\\\/fieam.org.br\\\/sesi\\\/?s={search_term_string}\"},\"query-input\":{\"@type\":\"PropertyValueSpecification\",\"valueRequired\":true,\"valueName\":\"search_term_string\"}}],\"inLanguage\":\"pt-BR\"},{\"@type\":\"Organization\",\"@id\":\"https:\\\/\\\/fieam.org.br\\\/sesi\\\/#organization\",\"name\":\"SESI\",\"url\":\"https:\\\/\\\/fieam.org.br\\\/sesi\\\/\",\"logo\":{\"@type\":\"ImageObject\",\"inLanguage\":\"pt-BR\",\"@id\":\"https:\\\/\\\/fieam.org.br\\\/sesi\\\/#\\\/schema\\\/logo\\\/image\\\/\",\"url\":\"https:\\\/\\\/fieam.org.br\\\/sesi\\\/wp-content\\\/uploads\\\/sites\\\/14\\\/2024\\\/03\\\/cropped-fav.png\",\"contentUrl\":\"https:\\\/\\\/fieam.org.br\\\/sesi\\\/wp-content\\\/uploads\\\/sites\\\/14\\\/2024\\\/03\\\/cropped-fav.png\",\"width\":610,\"height\":589,\"caption\":\"SESI\"},\"image\":{\"@id\":\"https:\\\/\\\/fieam.org.br\\\/sesi\\\/#\\\/schema\\\/logo\\\/image\\\/\"}},{\"@type\":\"Person\",\"@id\":\"https:\\\/\\\/fieam.org.br\\\/sesi\\\/#\\\/schema\\\/person\\\/f54998dd14d5f0695b41444f2b01c31e\",\"name\":\"Autor\",\"image\":{\"@type\":\"ImageObject\",\"inLanguage\":\"pt-BR\",\"@id\":\"https:\\\/\\\/secure.gravatar.com\\\/avatar\\\/3732c223e0e1fad69062a8f770955c9068d37b055204f310a0be18d4069fe380?s=96&d=mm&r=g\",\"url\":\"https:\\\/\\\/secure.gravatar.com\\\/avatar\\\/3732c223e0e1fad69062a8f770955c9068d37b055204f310a0be18d4069fe380?s=96&d=mm&r=g\",\"contentUrl\":\"https:\\\/\\\/secure.gravatar.com\\\/avatar\\\/3732c223e0e1fad69062a8f770955c9068d37b055204f310a0be18d4069fe380?s=96&d=mm&r=g\",\"caption\":\"Autor\"},\"sameAs\":[\"https:\\\/\\\/marketingmassivo.com.br\"],\"url\":\"https:\\\/\\\/fieam.org.br\\\/sesi\\\/author\\\/admin\\\/\"}]}<\/script>\n<!-- \/ Yoast SEO plugin. -->","yoast_head_json":{"title":"SESI Amazonas lidera 10\u00aa Copa Norte de Karat\u00ea - SESI","robots":{"index":"index","follow":"follow","max-snippet":"max-snippet:-1","max-image-preview":"max-image-preview:large","max-video-preview":"max-video-preview:-1"},"canonical":"https:\/\/fieam.org.br\/sesi\/sesi-amazonas-lidera-10\u00aa-copa-norte-de-karate\/","og_locale":"pt_BR","og_type":"article","og_title":"SESI Amazonas lidera 10\u00aa Copa Norte de Karat\u00ea - SESI","og_description":"O SESI Amazonas consagrou-se campe\u00e3o da X Copa Norte de Karat\u00ea Interestilos com 13 medalhas de Ouro, 20 de prata e 16 de bronze. Iniciativa da Federa\u00e7\u00e3o Interestilos de Karat\u00ea do Amazonas (FIKAM), em parceria com o Servi\u00e7o Social da Ind\u00fastria (SESI\/AM), o evento foi realizado neste s\u00e1bado (23) no Gin\u00e1sio Dom\u00edcio Velloso do Clube [&hellip;]","og_url":"https:\/\/fieam.org.br\/sesi\/sesi-amazonas-lidera-10\u00aa-copa-norte-de-karate\/","og_site_name":"SESI","article_published_time":"2011-04-27T11:59:21+00:00","og_image":[{"width":100,"height":90,"url":"https:\/\/fieam.org.br\/sesi\/wp-content\/uploads\/sites\/14\/2011\/04\/karatesesi1.jpg","type":"image\/jpeg"}],"author":"Autor","twitter_card":"summary_large_image","twitter_misc":{"Escrito por":"Autor","Est. tempo de leitura":"2 minutos"},"schema":{"@context":"https:\/\/schema.org","@graph":[{"@type":"Article","@id":"https:\/\/fieam.org.br\/sesi\/sesi-amazonas-lidera-10%c2%aa-copa-norte-de-karate\/#article","isPartOf":{"@id":"https:\/\/fieam.org.br\/sesi\/sesi-amazonas-lidera-10%c2%aa-copa-norte-de-karate\/"},"author":{"name":"Autor","@id":"https:\/\/fieam.org.br\/sesi\/#\/schema\/person\/f54998dd14d5f0695b41444f2b01c31e"},"headline":"SESI Amazonas lidera 10\u00aa Copa Norte de Karat\u00ea","datePublished":"2011-04-27T11:59:21+00:00","mainEntityOfPage":{"@id":"https:\/\/fieam.org.br\/sesi\/sesi-amazonas-lidera-10%c2%aa-copa-norte-de-karate\/"},"wordCount":400,"commentCount":0,"publisher":{"@id":"https:\/\/fieam.org.br\/sesi\/#organization"},"image":{"@id":"https:\/\/fieam.org.br\/sesi\/sesi-amazonas-lidera-10%c2%aa-copa-norte-de-karate\/#primaryimage"},"thumbnailUrl":"https:\/\/fieam.org.br\/sesi\/wp-content\/uploads\/sites\/14\/2011\/04\/karatesesi1.jpg","articleSection":["News"],"inLanguage":"pt-BR","potentialAction":[{"@type":"CommentAction","name":"Comment","target":["https:\/\/fieam.org.br\/sesi\/sesi-amazonas-lidera-10%c2%aa-copa-norte-de-karate\/#respond"]}]},{"@type":"WebPage","@id":"https:\/\/fieam.org.br\/sesi\/sesi-amazonas-lidera-10%c2%aa-copa-norte-de-karate\/","url":"https:\/\/fieam.org.br\/sesi\/sesi-amazonas-lidera-10%c2%aa-copa-norte-de-karate\/","name":"SESI Amazonas lidera 10\u00aa Copa Norte de Karat\u00ea - SESI","isPartOf":{"@id":"https:\/\/fieam.org.br\/sesi\/#website"},"primaryImageOfPage":{"@id":"https:\/\/fieam.org.br\/sesi\/sesi-amazonas-lidera-10%c2%aa-copa-norte-de-karate\/#primaryimage"},"image":{"@id":"https:\/\/fieam.org.br\/sesi\/sesi-amazonas-lidera-10%c2%aa-copa-norte-de-karate\/#primaryimage"},"thumbnailUrl":"https:\/\/fieam.org.br\/sesi\/wp-content\/uploads\/sites\/14\/2011\/04\/karatesesi1.jpg","datePublished":"2011-04-27T11:59:21+00:00","breadcrumb":{"@id":"https:\/\/fieam.org.br\/sesi\/sesi-amazonas-lidera-10%c2%aa-copa-norte-de-karate\/#breadcrumb"},"inLanguage":"pt-BR","potentialAction":[{"@type":"ReadAction","target":["https:\/\/fieam.org.br\/sesi\/sesi-amazonas-lidera-10%c2%aa-copa-norte-de-karate\/"]}]},{"@type":"ImageObject","inLanguage":"pt-BR","@id":"https:\/\/fieam.org.br\/sesi\/sesi-amazonas-lidera-10%c2%aa-copa-norte-de-karate\/#primaryimage","url":"https:\/\/fieam.org.br\/sesi\/wp-content\/uploads\/sites\/14\/2011\/04\/karatesesi1.jpg","contentUrl":"https:\/\/fieam.org.br\/sesi\/wp-content\/uploads\/sites\/14\/2011\/04\/karatesesi1.jpg","width":100,"height":90},{"@type":"BreadcrumbList","@id":"https:\/\/fieam.org.br\/sesi\/sesi-amazonas-lidera-10%c2%aa-copa-norte-de-karate\/#breadcrumb","itemListElement":[{"@type":"ListItem","position":1,"name":"In\u00edcio","item":"https:\/\/fieam.org.br\/sesi\/"},{"@type":"ListItem","position":2,"name":"SESI Amazonas lidera 10\u00aa Copa Norte de Karat\u00ea"}]},{"@type":"WebSite","@id":"https:\/\/fieam.org.br\/sesi\/#website","url":"https:\/\/fieam.org.br\/sesi\/","name":"SESI","description":"Site Oficial!","publisher":{"@id":"https:\/\/fieam.org.br\/sesi\/#organization"},"potentialAction":[{"@type":"SearchAction","target":{"@type":"EntryPoint","urlTemplate":"https:\/\/fieam.org.br\/sesi\/?s={search_term_string}"},"query-input":{"@type":"PropertyValueSpecification","valueRequired":true,"valueName":"search_term_string"}}],"inLanguage":"pt-BR"},{"@type":"Organization","@id":"https:\/\/fieam.org.br\/sesi\/#organization","name":"SESI","url":"https:\/\/fieam.org.br\/sesi\/","logo":{"@type":"ImageObject","inLanguage":"pt-BR","@id":"https:\/\/fieam.org.br\/sesi\/#\/schema\/logo\/image\/","url":"https:\/\/fieam.org.br\/sesi\/wp-content\/uploads\/sites\/14\/2024\/03\/cropped-fav.png","contentUrl":"https:\/\/fieam.org.br\/sesi\/wp-content\/uploads\/sites\/14\/2024\/03\/cropped-fav.png","width":610,"height":589,"caption":"SESI"},"image":{"@id":"https:\/\/fieam.org.br\/sesi\/#\/schema\/logo\/image\/"}},{"@type":"Person","@id":"https:\/\/fieam.org.br\/sesi\/#\/schema\/person\/f54998dd14d5f0695b41444f2b01c31e","name":"Autor","image":{"@type":"ImageObject","inLanguage":"pt-BR","@id":"https:\/\/secure.gravatar.com\/avatar\/3732c223e0e1fad69062a8f770955c9068d37b055204f310a0be18d4069fe380?s=96&d=mm&r=g","url":"https:\/\/secure.gravatar.com\/avatar\/3732c223e0e1fad69062a8f770955c9068d37b055204f310a0be18d4069fe380?s=96&d=mm&r=g","contentUrl":"https:\/\/secure.gravatar.com\/avatar\/3732c223e0e1fad69062a8f770955c9068d37b055204f310a0be18d4069fe380?s=96&d=mm&r=g","caption":"Autor"},"sameAs":["https:\/\/marketingmassivo.com.br"],"url":"https:\/\/fieam.org.br\/sesi\/author\/admin\/"}]}},"_links":{"self":[{"href":"https:\/\/fieam.org.br\/sesi\/wp-json\/wp\/v2\/posts\/969","targetHints":{"allow":["GET"]}}],"collection":[{"href":"https:\/\/fieam.org.br\/sesi\/wp-json\/wp\/v2\/posts"}],"about":[{"href":"https:\/\/fieam.org.br\/sesi\/wp-json\/wp\/v2\/types\/post"}],"author":[{"embeddable":true,"href":"https:\/\/fieam.org.br\/sesi\/wp-json\/wp\/v2\/users\/1"}],"replies":[{"embeddable":true,"href":"https:\/\/fieam.org.br\/sesi\/wp-json\/wp\/v2\/comments?post=969"}],"version-history":[{"count":0,"href":"https:\/\/fieam.org.br\/sesi\/wp-json\/wp\/v2\/posts\/969\/revisions"}],"wp:featuredmedia":[{"embeddable":true,"href":"https:\/\/fieam.org.br\/sesi\/wp-json\/wp\/v2\/media\/977"}],"wp:attachment":[{"href":"https:\/\/fieam.org.br\/sesi\/wp-json\/wp\/v2\/media?parent=969"}],"wp:term":[{"taxonomy":"category","embeddable":true,"href":"https:\/\/fieam.org.br\/sesi\/wp-json\/wp\/v2\/categories?post=969"},{"taxonomy":"post_tag","embeddable":true,"href":"https:\/\/fieam.org.br\/sesi\/wp-json\/wp\/v2\/tags?post=969"}],"curies":[{"name":"wp","href":"https:\/\/api.w.org\/{rel}","templated":true}]}}