{"id":9680,"date":"2016-11-22T16:33:50","date_gmt":"2016-11-22T20:33:50","guid":{"rendered":"http:\/\/www.fieam.org.br\/sesi\/?p=9680"},"modified":"2016-11-22T16:33:50","modified_gmt":"2016-11-22T20:33:50","slug":"final-dos-jogos-sesi-na-arena-da-amazonia","status":"publish","type":"post","link":"https:\/\/fieam.org.br\/sesi\/final-dos-jogos-sesi-na-arena-da-amazonia\/","title":{"rendered":"Final dos Jogos SESI na Arena da Amaz\u00f4nia"},"content":{"rendered":"<figure id=\"attachment_9681\" aria-describedby=\"caption-attachment-9681\" style=\"width: 300px\" class=\"wp-caption alignleft\"><a href=\"https:\/\/marketingmassivo.com.br\/sesi\/wp-content\/uploads\/sites\/12\/2016\/11\/Futebol-de-campo-uma-das-principais-modalidades-dos-Jogos-SESI.jpg\"><img fetchpriority=\"high\" decoding=\"async\" class=\"size-medium wp-image-9681\" src=\"http:\/\/www.fieam.org.br\/sesi\/wp-content\/uploads\/sites\/2\/2016\/11\/Futebol-de-campo-uma-das-principais-modalidades-dos-Jogos-SESI-300x197.jpg\" alt=\"Futebol de campo uma das principais modalidades dos Jogos SESI\" width=\"300\" height=\"197\" srcset=\"https:\/\/fieam.org.br\/sesi\/wp-content\/uploads\/sites\/14\/2016\/11\/Futebol-de-campo-uma-das-principais-modalidades-dos-Jogos-SESI-300x197.jpg 300w, https:\/\/fieam.org.br\/sesi\/wp-content\/uploads\/sites\/14\/2016\/11\/Futebol-de-campo-uma-das-principais-modalidades-dos-Jogos-SESI-768x503.jpg 768w, https:\/\/fieam.org.br\/sesi\/wp-content\/uploads\/sites\/14\/2016\/11\/Futebol-de-campo-uma-das-principais-modalidades-dos-Jogos-SESI.jpg 1024w\" sizes=\"(max-width: 300px) 100vw, 300px\" \/><\/a><figcaption id=\"caption-attachment-9681\" class=\"wp-caption-text\">Futebol de campo uma das principais modalidades dos Jogos SESI<\/figcaption><\/figure>\n<p>A Arena da Amaz\u00f4nia, na pr\u00f3xima sexta-feira (25), \u00e0s 18h40, ser\u00e1 sede da cerim\u00f4nia de encerramento dos Jogos SESI 2016, evento promovido pelo <a href=\"http:\/\/www.fieam.org.br\">Sistema Federa\u00e7\u00e3o das Ind\u00fastrias do Estado do Amazonas (FIEAM)<\/a>, por meio do <a href=\"http:\/\/www.fieam.org.br\/sesi\">Servi\u00e7o Social da Ind\u00fastria (SESI Amazonas)<\/a>, em parceria com a Secretaria de Estado de Juventude, Esporte e Lazer (SEJEL).<\/p>\n<p>&nbsp;<\/p>\n<p>Os Jogos SESI 2016, que se iniciaram em maio, mobilizaram quatro mil trabalhadores-atletas de 106 empresas nas competi\u00e7\u00f5es de onze modalidades esportivas, no masculino e feminino, sendo seis coletivas (futebol de campo, futsal, futebol sete master, futebol sete principal, v\u00f4lei de quadra e v\u00f4lei de areia) e cinco individuais (atletismo, nata\u00e7\u00e3o, t\u00eanis de mesa, t\u00eanis de quadra e xadrez).<\/p>\n<p>&nbsp;<\/p>\n<p>Os campe\u00f5es no futebol de campo ser\u00e3o conhecidos na programa\u00e7\u00e3o de encerramento na sexta-feira, com decis\u00e3o dos jogos Salcomp e Nissim Brake (3\u00ba e 4\u00ba lugar) e Moto Honda e Caloi (1\u00ba e 2\u00ba lugar). Na programa\u00e7\u00e3o final dos Jogos SESI haver\u00e1 premia\u00e7\u00e3o dos vencedores nas demais modalidades.<\/p>\n<p>&nbsp;<\/p>\n<p>Para o presidente da FIEAM e diretor regional do SESI, Antonio Silva, os Jogos SESI t\u00eam por objetivo contribuir para a melhoria de qualidade de vida dos participantes, revelar potencialidades e promover a intera\u00e7\u00e3o entre os trabalhadores-atletas das empresas. As competi\u00e7\u00f5es foram realizadas no Clube do Trabalhador e na Vila Ol\u00edmpica.<\/p>\n<p>&nbsp;<\/p>\n<p><strong>ATENDIMENTO \u00c0 IMPRENSA<\/strong><\/p>\n<p><strong>Diretoria de Comunica\u00e7\u00e3o e Marketing do Sistema FIEAM<\/strong><\/p>\n<p>Tel: (92) 3186-6576 Fax: (92) 3186-6579<\/p>\n<p>E-mail: <a href=\"mailto:imprensa@fieam.org.br\">imprensa@fieam.org.br<\/a><\/p>\n<p>Portal: <a href=\"http:\/\/www.fieam.org.br\/\">http:\/\/www.fieam.org.br<\/a><\/p>\n<p><strong>Sistema FIEAM nas redes sociais<\/strong><\/p>\n<p><strong>FIEAM:<\/strong> <a href=\"https:\/\/www.facebook.com\/fieamoficial\">Facebook<\/a>| <a href=\"https:\/\/twitter.com\/fieam\">Twitter<\/a>| <a href=\"https:\/\/www.instagram.com\/sistemafieam\/\">Instagram<\/a>| &nbsp;<a href=\"https:\/\/www.youtube.com\/user\/FIEAM\">You Tube<\/a><\/p>\n<p><strong>SESI:<\/strong> <a href=\"https:\/\/www.facebook.com\/sesiamazonas\">Facebook<\/a>| <a href=\"https:\/\/twitter.com\/sesiamazonas\">Twitter<\/a>| <a href=\"https:\/\/www.instagram.com\/sistemafieam\/\">Instagram<\/a>| &nbsp;<a href=\"https:\/\/www.youtube.com\/user\/SESIAmazonas\">You Tube<\/a><\/p>\n<p><strong>SENAI:<\/strong> <a href=\"https:\/\/www.facebook.com\/senaiamazonas\">Facebook<\/a>| <a href=\"https:\/\/twitter.com\/senaiamazonas\">Twitter<\/a>| <a href=\"https:\/\/www.instagram.com\/sistemafieam\/\">Instagram<\/a>| &nbsp;<a href=\"https:\/\/www.youtube.com\/user\/SENAIAmazonas\">You Tube<\/a><\/p>\n<p><strong>IEL:<\/strong> <a href=\"https:\/\/www.facebook.com\/ielamazonas\">Facebook<\/a>| <a href=\"https:\/\/twitter.com\/ielamazonas\">Twitter<\/a>| <a href=\"https:\/\/www.instagram.com\/sistemafieam\/\">Instagram<\/a>| &nbsp;<a href=\"https:\/\/www.youtube.com\/user\/IELAmazonas\">You Tube<\/a><\/p>\n<p>&nbsp;<\/p>\n<p>&nbsp;<\/p>\n","protected":false},"excerpt":{"rendered":"<p>A Arena da Amaz\u00f4nia, na pr\u00f3xima sexta-feira (25), \u00e0s 18h40, ser\u00e1 sede da cerim\u00f4nia de encerramento dos Jogos SESI 2016, evento promovido pelo Sistema Federa\u00e7\u00e3o das Ind\u00fastrias do Estado do Amazonas (FIEAM), por meio do Servi\u00e7o Social da Ind\u00fastria (SESI Amazonas), em parceria com a Secretaria de Estado de Juventude, Esporte e Lazer (SEJEL). &nbsp; [&hellip;]<\/p>\n","protected":false},"author":1,"featured_media":9681,"comment_status":"open","ping_status":"open","sticky":false,"template":"","format":"standard","meta":{"footnotes":""},"categories":[25,26],"tags":[],"class_list":["post-9680","post","type-post","status-publish","format-standard","has-post-thumbnail","hentry","category-news","category-news-destaque"],"yoast_head":"<!-- This site is optimized with the Yoast SEO plugin v28.2 - https:\/\/yoast.com\/product\/yoast-seo-wordpress\/ -->\n<title>Final dos Jogos SESI na Arena da Amaz\u00f4nia - SESI<\/title>\n<meta name=\"robots\" content=\"index, follow, max-snippet:-1, max-image-preview:large, max-video-preview:-1\" \/>\n<link rel=\"canonical\" href=\"https:\/\/fieam.org.br\/sesi\/final-dos-jogos-sesi-na-arena-da-amazonia\/\" \/>\n<meta property=\"og:locale\" content=\"pt_BR\" \/>\n<meta property=\"og:type\" content=\"article\" \/>\n<meta property=\"og:title\" content=\"Final dos Jogos SESI na Arena da Amaz\u00f4nia - SESI\" \/>\n<meta property=\"og:description\" content=\"A Arena da Amaz\u00f4nia, na pr\u00f3xima sexta-feira (25), \u00e0s 18h40, ser\u00e1 sede da cerim\u00f4nia de encerramento dos Jogos SESI 2016, evento promovido pelo Sistema Federa\u00e7\u00e3o das Ind\u00fastrias do Estado do Amazonas (FIEAM), por meio do Servi\u00e7o Social da Ind\u00fastria (SESI Amazonas), em parceria com a Secretaria de Estado de Juventude, Esporte e Lazer (SEJEL). &nbsp; [&hellip;]\" \/>\n<meta property=\"og:url\" content=\"https:\/\/fieam.org.br\/sesi\/final-dos-jogos-sesi-na-arena-da-amazonia\/\" \/>\n<meta property=\"og:site_name\" content=\"SESI\" \/>\n<meta property=\"article:published_time\" content=\"2016-11-22T20:33:50+00:00\" \/>\n<meta property=\"og:image\" content=\"https:\/\/fieam.org.br\/sesi\/wp-content\/uploads\/sites\/14\/2016\/11\/Futebol-de-campo-uma-das-principais-modalidades-dos-Jogos-SESI.jpg\" \/>\n\t<meta property=\"og:image:width\" content=\"1024\" \/>\n\t<meta property=\"og:image:height\" content=\"671\" \/>\n\t<meta property=\"og:image:type\" content=\"image\/jpeg\" \/>\n<meta name=\"author\" content=\"Autor\" \/>\n<meta name=\"twitter:card\" content=\"summary_large_image\" \/>\n<meta name=\"twitter:label1\" content=\"Escrito por\" \/>\n\t<meta name=\"twitter:data1\" content=\"Autor\" \/>\n\t<meta name=\"twitter:label2\" content=\"Est. tempo de leitura\" \/>\n\t<meta name=\"twitter:data2\" content=\"2 minutos\" \/>\n<script type=\"application\/ld+json\" class=\"yoast-schema-graph\">{\"@context\":\"https:\\\/\\\/schema.org\",\"@graph\":[{\"@type\":\"Article\",\"@id\":\"https:\\\/\\\/fieam.org.br\\\/sesi\\\/final-dos-jogos-sesi-na-arena-da-amazonia\\\/#article\",\"isPartOf\":{\"@id\":\"https:\\\/\\\/fieam.org.br\\\/sesi\\\/final-dos-jogos-sesi-na-arena-da-amazonia\\\/\"},\"author\":{\"name\":\"Autor\",\"@id\":\"https:\\\/\\\/fieam.org.br\\\/sesi\\\/#\\\/schema\\\/person\\\/f54998dd14d5f0695b41444f2b01c31e\"},\"headline\":\"Final dos Jogos SESI na Arena da Amaz\u00f4nia\",\"datePublished\":\"2016-11-22T20:33:50+00:00\",\"mainEntityOfPage\":{\"@id\":\"https:\\\/\\\/fieam.org.br\\\/sesi\\\/final-dos-jogos-sesi-na-arena-da-amazonia\\\/\"},\"wordCount\":318,\"commentCount\":1,\"publisher\":{\"@id\":\"https:\\\/\\\/fieam.org.br\\\/sesi\\\/#organization\"},\"image\":{\"@id\":\"https:\\\/\\\/fieam.org.br\\\/sesi\\\/final-dos-jogos-sesi-na-arena-da-amazonia\\\/#primaryimage\"},\"thumbnailUrl\":\"https:\\\/\\\/fieam.org.br\\\/sesi\\\/wp-content\\\/uploads\\\/sites\\\/14\\\/2016\\\/11\\\/Futebol-de-campo-uma-das-principais-modalidades-dos-Jogos-SESI.jpg\",\"articleSection\":[\"News\",\"News Destaque\"],\"inLanguage\":\"pt-BR\",\"potentialAction\":[{\"@type\":\"CommentAction\",\"name\":\"Comment\",\"target\":[\"https:\\\/\\\/fieam.org.br\\\/sesi\\\/final-dos-jogos-sesi-na-arena-da-amazonia\\\/#respond\"]}]},{\"@type\":\"WebPage\",\"@id\":\"https:\\\/\\\/fieam.org.br\\\/sesi\\\/final-dos-jogos-sesi-na-arena-da-amazonia\\\/\",\"url\":\"https:\\\/\\\/fieam.org.br\\\/sesi\\\/final-dos-jogos-sesi-na-arena-da-amazonia\\\/\",\"name\":\"Final dos Jogos SESI na Arena da Amaz\u00f4nia - SESI\",\"isPartOf\":{\"@id\":\"https:\\\/\\\/fieam.org.br\\\/sesi\\\/#website\"},\"primaryImageOfPage\":{\"@id\":\"https:\\\/\\\/fieam.org.br\\\/sesi\\\/final-dos-jogos-sesi-na-arena-da-amazonia\\\/#primaryimage\"},\"image\":{\"@id\":\"https:\\\/\\\/fieam.org.br\\\/sesi\\\/final-dos-jogos-sesi-na-arena-da-amazonia\\\/#primaryimage\"},\"thumbnailUrl\":\"https:\\\/\\\/fieam.org.br\\\/sesi\\\/wp-content\\\/uploads\\\/sites\\\/14\\\/2016\\\/11\\\/Futebol-de-campo-uma-das-principais-modalidades-dos-Jogos-SESI.jpg\",\"datePublished\":\"2016-11-22T20:33:50+00:00\",\"breadcrumb\":{\"@id\":\"https:\\\/\\\/fieam.org.br\\\/sesi\\\/final-dos-jogos-sesi-na-arena-da-amazonia\\\/#breadcrumb\"},\"inLanguage\":\"pt-BR\",\"potentialAction\":[{\"@type\":\"ReadAction\",\"target\":[\"https:\\\/\\\/fieam.org.br\\\/sesi\\\/final-dos-jogos-sesi-na-arena-da-amazonia\\\/\"]}]},{\"@type\":\"ImageObject\",\"inLanguage\":\"pt-BR\",\"@id\":\"https:\\\/\\\/fieam.org.br\\\/sesi\\\/final-dos-jogos-sesi-na-arena-da-amazonia\\\/#primaryimage\",\"url\":\"https:\\\/\\\/fieam.org.br\\\/sesi\\\/wp-content\\\/uploads\\\/sites\\\/14\\\/2016\\\/11\\\/Futebol-de-campo-uma-das-principais-modalidades-dos-Jogos-SESI.jpg\",\"contentUrl\":\"https:\\\/\\\/fieam.org.br\\\/sesi\\\/wp-content\\\/uploads\\\/sites\\\/14\\\/2016\\\/11\\\/Futebol-de-campo-uma-das-principais-modalidades-dos-Jogos-SESI.jpg\",\"width\":1024,\"height\":671,\"caption\":\"Futebol de campo uma das principais modalidades dos Jogos SESI\"},{\"@type\":\"BreadcrumbList\",\"@id\":\"https:\\\/\\\/fieam.org.br\\\/sesi\\\/final-dos-jogos-sesi-na-arena-da-amazonia\\\/#breadcrumb\",\"itemListElement\":[{\"@type\":\"ListItem\",\"position\":1,\"name\":\"In\u00edcio\",\"item\":\"https:\\\/\\\/fieam.org.br\\\/sesi\\\/\"},{\"@type\":\"ListItem\",\"position\":2,\"name\":\"Final dos Jogos SESI na Arena da Amaz\u00f4nia\"}]},{\"@type\":\"WebSite\",\"@id\":\"https:\\\/\\\/fieam.org.br\\\/sesi\\\/#website\",\"url\":\"https:\\\/\\\/fieam.org.br\\\/sesi\\\/\",\"name\":\"SESI\",\"description\":\"Site Oficial!\",\"publisher\":{\"@id\":\"https:\\\/\\\/fieam.org.br\\\/sesi\\\/#organization\"},\"potentialAction\":[{\"@type\":\"SearchAction\",\"target\":{\"@type\":\"EntryPoint\",\"urlTemplate\":\"https:\\\/\\\/fieam.org.br\\\/sesi\\\/?s={search_term_string}\"},\"query-input\":{\"@type\":\"PropertyValueSpecification\",\"valueRequired\":true,\"valueName\":\"search_term_string\"}}],\"inLanguage\":\"pt-BR\"},{\"@type\":\"Organization\",\"@id\":\"https:\\\/\\\/fieam.org.br\\\/sesi\\\/#organization\",\"name\":\"SESI\",\"url\":\"https:\\\/\\\/fieam.org.br\\\/sesi\\\/\",\"logo\":{\"@type\":\"ImageObject\",\"inLanguage\":\"pt-BR\",\"@id\":\"https:\\\/\\\/fieam.org.br\\\/sesi\\\/#\\\/schema\\\/logo\\\/image\\\/\",\"url\":\"https:\\\/\\\/fieam.org.br\\\/sesi\\\/wp-content\\\/uploads\\\/sites\\\/14\\\/2024\\\/03\\\/cropped-fav.png\",\"contentUrl\":\"https:\\\/\\\/fieam.org.br\\\/sesi\\\/wp-content\\\/uploads\\\/sites\\\/14\\\/2024\\\/03\\\/cropped-fav.png\",\"width\":610,\"height\":589,\"caption\":\"SESI\"},\"image\":{\"@id\":\"https:\\\/\\\/fieam.org.br\\\/sesi\\\/#\\\/schema\\\/logo\\\/image\\\/\"}},{\"@type\":\"Person\",\"@id\":\"https:\\\/\\\/fieam.org.br\\\/sesi\\\/#\\\/schema\\\/person\\\/f54998dd14d5f0695b41444f2b01c31e\",\"name\":\"Autor\",\"image\":{\"@type\":\"ImageObject\",\"inLanguage\":\"pt-BR\",\"@id\":\"https:\\\/\\\/secure.gravatar.com\\\/avatar\\\/3732c223e0e1fad69062a8f770955c9068d37b055204f310a0be18d4069fe380?s=96&d=mm&r=g\",\"url\":\"https:\\\/\\\/secure.gravatar.com\\\/avatar\\\/3732c223e0e1fad69062a8f770955c9068d37b055204f310a0be18d4069fe380?s=96&d=mm&r=g\",\"contentUrl\":\"https:\\\/\\\/secure.gravatar.com\\\/avatar\\\/3732c223e0e1fad69062a8f770955c9068d37b055204f310a0be18d4069fe380?s=96&d=mm&r=g\",\"caption\":\"Autor\"},\"sameAs\":[\"https:\\\/\\\/marketingmassivo.com.br\"],\"url\":\"https:\\\/\\\/fieam.org.br\\\/sesi\\\/author\\\/admin\\\/\"}]}<\/script>\n<!-- \/ Yoast SEO plugin. -->","yoast_head_json":{"title":"Final dos Jogos SESI na Arena da Amaz\u00f4nia - SESI","robots":{"index":"index","follow":"follow","max-snippet":"max-snippet:-1","max-image-preview":"max-image-preview:large","max-video-preview":"max-video-preview:-1"},"canonical":"https:\/\/fieam.org.br\/sesi\/final-dos-jogos-sesi-na-arena-da-amazonia\/","og_locale":"pt_BR","og_type":"article","og_title":"Final dos Jogos SESI na Arena da Amaz\u00f4nia - SESI","og_description":"A Arena da Amaz\u00f4nia, na pr\u00f3xima sexta-feira (25), \u00e0s 18h40, ser\u00e1 sede da cerim\u00f4nia de encerramento dos Jogos SESI 2016, evento promovido pelo Sistema Federa\u00e7\u00e3o das Ind\u00fastrias do Estado do Amazonas (FIEAM), por meio do Servi\u00e7o Social da Ind\u00fastria (SESI Amazonas), em parceria com a Secretaria de Estado de Juventude, Esporte e Lazer (SEJEL). &nbsp; [&hellip;]","og_url":"https:\/\/fieam.org.br\/sesi\/final-dos-jogos-sesi-na-arena-da-amazonia\/","og_site_name":"SESI","article_published_time":"2016-11-22T20:33:50+00:00","og_image":[{"width":1024,"height":671,"url":"https:\/\/fieam.org.br\/sesi\/wp-content\/uploads\/sites\/14\/2016\/11\/Futebol-de-campo-uma-das-principais-modalidades-dos-Jogos-SESI.jpg","type":"image\/jpeg"}],"author":"Autor","twitter_card":"summary_large_image","twitter_misc":{"Escrito por":"Autor","Est. tempo de leitura":"2 minutos"},"schema":{"@context":"https:\/\/schema.org","@graph":[{"@type":"Article","@id":"https:\/\/fieam.org.br\/sesi\/final-dos-jogos-sesi-na-arena-da-amazonia\/#article","isPartOf":{"@id":"https:\/\/fieam.org.br\/sesi\/final-dos-jogos-sesi-na-arena-da-amazonia\/"},"author":{"name":"Autor","@id":"https:\/\/fieam.org.br\/sesi\/#\/schema\/person\/f54998dd14d5f0695b41444f2b01c31e"},"headline":"Final dos Jogos SESI na Arena da Amaz\u00f4nia","datePublished":"2016-11-22T20:33:50+00:00","mainEntityOfPage":{"@id":"https:\/\/fieam.org.br\/sesi\/final-dos-jogos-sesi-na-arena-da-amazonia\/"},"wordCount":318,"commentCount":1,"publisher":{"@id":"https:\/\/fieam.org.br\/sesi\/#organization"},"image":{"@id":"https:\/\/fieam.org.br\/sesi\/final-dos-jogos-sesi-na-arena-da-amazonia\/#primaryimage"},"thumbnailUrl":"https:\/\/fieam.org.br\/sesi\/wp-content\/uploads\/sites\/14\/2016\/11\/Futebol-de-campo-uma-das-principais-modalidades-dos-Jogos-SESI.jpg","articleSection":["News","News Destaque"],"inLanguage":"pt-BR","potentialAction":[{"@type":"CommentAction","name":"Comment","target":["https:\/\/fieam.org.br\/sesi\/final-dos-jogos-sesi-na-arena-da-amazonia\/#respond"]}]},{"@type":"WebPage","@id":"https:\/\/fieam.org.br\/sesi\/final-dos-jogos-sesi-na-arena-da-amazonia\/","url":"https:\/\/fieam.org.br\/sesi\/final-dos-jogos-sesi-na-arena-da-amazonia\/","name":"Final dos Jogos SESI na Arena da Amaz\u00f4nia - SESI","isPartOf":{"@id":"https:\/\/fieam.org.br\/sesi\/#website"},"primaryImageOfPage":{"@id":"https:\/\/fieam.org.br\/sesi\/final-dos-jogos-sesi-na-arena-da-amazonia\/#primaryimage"},"image":{"@id":"https:\/\/fieam.org.br\/sesi\/final-dos-jogos-sesi-na-arena-da-amazonia\/#primaryimage"},"thumbnailUrl":"https:\/\/fieam.org.br\/sesi\/wp-content\/uploads\/sites\/14\/2016\/11\/Futebol-de-campo-uma-das-principais-modalidades-dos-Jogos-SESI.jpg","datePublished":"2016-11-22T20:33:50+00:00","breadcrumb":{"@id":"https:\/\/fieam.org.br\/sesi\/final-dos-jogos-sesi-na-arena-da-amazonia\/#breadcrumb"},"inLanguage":"pt-BR","potentialAction":[{"@type":"ReadAction","target":["https:\/\/fieam.org.br\/sesi\/final-dos-jogos-sesi-na-arena-da-amazonia\/"]}]},{"@type":"ImageObject","inLanguage":"pt-BR","@id":"https:\/\/fieam.org.br\/sesi\/final-dos-jogos-sesi-na-arena-da-amazonia\/#primaryimage","url":"https:\/\/fieam.org.br\/sesi\/wp-content\/uploads\/sites\/14\/2016\/11\/Futebol-de-campo-uma-das-principais-modalidades-dos-Jogos-SESI.jpg","contentUrl":"https:\/\/fieam.org.br\/sesi\/wp-content\/uploads\/sites\/14\/2016\/11\/Futebol-de-campo-uma-das-principais-modalidades-dos-Jogos-SESI.jpg","width":1024,"height":671,"caption":"Futebol de campo uma das principais modalidades dos Jogos SESI"},{"@type":"BreadcrumbList","@id":"https:\/\/fieam.org.br\/sesi\/final-dos-jogos-sesi-na-arena-da-amazonia\/#breadcrumb","itemListElement":[{"@type":"ListItem","position":1,"name":"In\u00edcio","item":"https:\/\/fieam.org.br\/sesi\/"},{"@type":"ListItem","position":2,"name":"Final dos Jogos SESI na Arena da Amaz\u00f4nia"}]},{"@type":"WebSite","@id":"https:\/\/fieam.org.br\/sesi\/#website","url":"https:\/\/fieam.org.br\/sesi\/","name":"SESI","description":"Site Oficial!","publisher":{"@id":"https:\/\/fieam.org.br\/sesi\/#organization"},"potentialAction":[{"@type":"SearchAction","target":{"@type":"EntryPoint","urlTemplate":"https:\/\/fieam.org.br\/sesi\/?s={search_term_string}"},"query-input":{"@type":"PropertyValueSpecification","valueRequired":true,"valueName":"search_term_string"}}],"inLanguage":"pt-BR"},{"@type":"Organization","@id":"https:\/\/fieam.org.br\/sesi\/#organization","name":"SESI","url":"https:\/\/fieam.org.br\/sesi\/","logo":{"@type":"ImageObject","inLanguage":"pt-BR","@id":"https:\/\/fieam.org.br\/sesi\/#\/schema\/logo\/image\/","url":"https:\/\/fieam.org.br\/sesi\/wp-content\/uploads\/sites\/14\/2024\/03\/cropped-fav.png","contentUrl":"https:\/\/fieam.org.br\/sesi\/wp-content\/uploads\/sites\/14\/2024\/03\/cropped-fav.png","width":610,"height":589,"caption":"SESI"},"image":{"@id":"https:\/\/fieam.org.br\/sesi\/#\/schema\/logo\/image\/"}},{"@type":"Person","@id":"https:\/\/fieam.org.br\/sesi\/#\/schema\/person\/f54998dd14d5f0695b41444f2b01c31e","name":"Autor","image":{"@type":"ImageObject","inLanguage":"pt-BR","@id":"https:\/\/secure.gravatar.com\/avatar\/3732c223e0e1fad69062a8f770955c9068d37b055204f310a0be18d4069fe380?s=96&d=mm&r=g","url":"https:\/\/secure.gravatar.com\/avatar\/3732c223e0e1fad69062a8f770955c9068d37b055204f310a0be18d4069fe380?s=96&d=mm&r=g","contentUrl":"https:\/\/secure.gravatar.com\/avatar\/3732c223e0e1fad69062a8f770955c9068d37b055204f310a0be18d4069fe380?s=96&d=mm&r=g","caption":"Autor"},"sameAs":["https:\/\/marketingmassivo.com.br"],"url":"https:\/\/fieam.org.br\/sesi\/author\/admin\/"}]}},"_links":{"self":[{"href":"https:\/\/fieam.org.br\/sesi\/wp-json\/wp\/v2\/posts\/9680","targetHints":{"allow":["GET"]}}],"collection":[{"href":"https:\/\/fieam.org.br\/sesi\/wp-json\/wp\/v2\/posts"}],"about":[{"href":"https:\/\/fieam.org.br\/sesi\/wp-json\/wp\/v2\/types\/post"}],"author":[{"embeddable":true,"href":"https:\/\/fieam.org.br\/sesi\/wp-json\/wp\/v2\/users\/1"}],"replies":[{"embeddable":true,"href":"https:\/\/fieam.org.br\/sesi\/wp-json\/wp\/v2\/comments?post=9680"}],"version-history":[{"count":0,"href":"https:\/\/fieam.org.br\/sesi\/wp-json\/wp\/v2\/posts\/9680\/revisions"}],"wp:featuredmedia":[{"embeddable":true,"href":"https:\/\/fieam.org.br\/sesi\/wp-json\/wp\/v2\/media\/9681"}],"wp:attachment":[{"href":"https:\/\/fieam.org.br\/sesi\/wp-json\/wp\/v2\/media?parent=9680"}],"wp:term":[{"taxonomy":"category","embeddable":true,"href":"https:\/\/fieam.org.br\/sesi\/wp-json\/wp\/v2\/categories?post=9680"},{"taxonomy":"post_tag","embeddable":true,"href":"https:\/\/fieam.org.br\/sesi\/wp-json\/wp\/v2\/tags?post=9680"}],"curies":[{"name":"wp","href":"https:\/\/api.w.org\/{rel}","templated":true}]}}