{"id":9670,"date":"2016-11-21T17:12:35","date_gmt":"2016-11-21T21:12:35","guid":{"rendered":"http:\/\/www.fieam.org.br\/sesi\/?p=9670"},"modified":"2016-11-21T17:12:35","modified_gmt":"2016-11-21T21:12:35","slug":"sesi-amazonas-conquista-premios-em-festival-de-robotica","status":"publish","type":"post","link":"https:\/\/fieam.org.br\/sesi\/sesi-amazonas-conquista-premios-em-festival-de-robotica\/","title":{"rendered":"SESI Amazonas conquista pr\u00eamios em Festival de Rob\u00f3tica"},"content":{"rendered":"<figure id=\"attachment_9671\" aria-describedby=\"caption-attachment-9671\" style=\"width: 300px\" class=\"wp-caption alignleft\"><a href=\"http:\/\/www.fieam.org.br\/sesi\/wp-content\/uploads\/sites\/2\/2016\/11\/Equipe-Prodixy-do-SESI-Amazonas-na-premia\u00e7\u00e3o.jpg\"><img fetchpriority=\"high\" decoding=\"async\" class=\"wp-image-9671 size-medium\" src=\"http:\/\/www.fieam.org.br\/sesi\/wp-content\/uploads\/sites\/2\/2016\/11\/Equipe-Prodixy-do-SESI-Amazonas-na-premia\u00e7\u00e3o-300x182.jpg\" alt=\"Equipe Prodixy, do SESI Amazonas, na premia\u00e7\u00e3o\" width=\"300\" height=\"182\"><\/a><figcaption id=\"caption-attachment-9671\" class=\"wp-caption-text\">Equipe Prodixy, do SESI Amazonas, na premia\u00e7\u00e3o (Fotos: Sergio Lima e Sergio Dutti\/CNI)<\/figcaption><\/figure>\n<p>O ensino de rob\u00f3tica nas escolas do <a href=\"http:\/\/www.fieam.org.br\/sesi\/\">SESI<\/a> acaba de dar ao Amazonas seu primeiro pr\u00eamio de n\u00edvel nacional neste campo. A equipe Prodixy, formada por alunos das Escolas SESI de Manaus e de Itacoatiara, conquistou o 1\u00ba lugar na categoria \u201cDesempenho do Rob\u00f4\u201d, no Festival SESI de Rob\u00f3tica First Lego League, realizado de 10 a 13 de novembro, como evento paralelo da Olimp\u00edada do Conhecimento 2016, em Bras\u00edlia. A mesma equipe ainda levou o 2\u00ba lugar numa premia\u00e7\u00e3o \u00e0 parte para o Projeto de Pesquisa entre as escolas SESI.<\/p>\n<p>Al\u00e9m das duas premia\u00e7\u00f5es, o SESI Amazonas teve participa\u00e7\u00e3o indireta no 1\u00ba lugar conquistado pela equipe Autobots da Escola Estadual Waldock Frick de Lyra na categoria Projeto de Pesquisa entre escolas p\u00fablicas. De acordo com o instrutor de Inform\u00e1tica da Escola SESI Dra. Emina Barbosa Mustafa, Glauco Soprano Machado, o SESI tem dado suporte ao ensino de rob\u00f3tica, com treinamentos e materiais, a essa escola p\u00fablica da Pol\u00edcia Militar localizada no bairro Compensa, na zona Oeste.<\/p>\n<p>Os pr\u00eamios do Festival de Rob\u00f3tica foram divididos em quatro categorias com avalia\u00e7\u00f5es pr\u00f3prias: Projeto de Pesquisa, Mec\u00e2nica (esta dividida em Projeto do Rob\u00f4 e Desafio de Mesa, cada uma com outras subdivis\u00f5es) e o Core Value (esp\u00edrito de equipe).<\/p>\n<figure id=\"attachment_9793\" aria-describedby=\"caption-attachment-9793\" style=\"width: 300px\" class=\"wp-caption alignright\"><a href=\"http:\/\/www.fieam.org.br\/fieam\/wp-content\/uploads\/sites\/5\/2016\/11\/Time-Prodixy-com-o-instrutor-Glauco-Machado-no-centro.jpg\"><img decoding=\"async\" class=\"size-medium wp-image-9793\" src=\"http:\/\/www.fieam.org.br\/fieam\/wp-content\/uploads\/sites\/5\/2016\/11\/Time-Prodixy-com-o-instrutor-Glauco-Machado-no-centro-300x169.jpg\" alt=\"Time Prodixy, com o instrutor Glauco Machado (no centro)\" width=\"300\" height=\"169\"><\/a><figcaption id=\"caption-attachment-9793\" class=\"wp-caption-text\">Time Prodixy, com o instrutor Glauco Machado (no centro)<\/figcaption><\/figure>\n<p>Em plena etapa final da prepara\u00e7\u00e3o para o Torneio de Rob\u00f3tica FLL \u2013 2016\/2017, que acontece no Amazonas nos dias 2 e 3 de dezembro deste ano, o Departamento Regional do SESI, segundo Glauco, come\u00e7a a colher os frutos desse trabalho iniciado em 2013, com a introdu\u00e7\u00e3o da rob\u00f3tica educacional em suas escolas, e efetivado ao longo de 2016.<\/p>\n<p>Glauco Machado diz que a rob\u00f3tica entra na grade curricular do SESI Amazonas entre as tecnologias educacionais. Os alunos do 6\u00ba ao 9\u00ba ano da Escola Emina Barbosa Mustafa est\u00e3o aprendendo l\u00f3gica de programa\u00e7\u00e3o, que faz parte da fase pr\u00e9-rob\u00f3tica. \u201cTrabalhamos com material pr\u00f3prio e usamos at\u00e9 tutoriais do projeto Hora do C\u00f3digo, criado dentro do esfor\u00e7o global para facilitar o acesso \u00e0 ci\u00eancia da computa\u00e7\u00e3o\u201d, diz o instrutor.<\/p>\n<figure id=\"attachment_9794\" aria-describedby=\"caption-attachment-9794\" style=\"width: 300px\" class=\"wp-caption alignleft\"><a href=\"http:\/\/www.fieam.org.br\/fieam\/wp-content\/uploads\/sites\/5\/2016\/11\/Premia\u00e7\u00e3o-dos-vencedores-do-Festival-de-Rob\u00f3tica-FLL.jpg\"><img decoding=\"async\" class=\"size-medium wp-image-9794\" src=\"http:\/\/www.fieam.org.br\/fieam\/wp-content\/uploads\/sites\/5\/2016\/11\/Premia\u00e7\u00e3o-dos-vencedores-do-Festival-de-Rob\u00f3tica-FLL-300x201.jpg\" alt=\"Premia\u00e7\u00e3o dos vencedores do Festival de Rob\u00f3tica FLL\" width=\"300\" height=\"201\"><\/a><figcaption id=\"caption-attachment-9794\" class=\"wp-caption-text\">Premia\u00e7\u00e3o dos vencedores do Festival de Rob\u00f3tica FLL<\/figcaption><\/figure>\n<p>Premiada duas vezes no Festival de Rob\u00f3tica, a equipe do SESI Amazonas \u00e9 formada por nove alunos, divididos entre as Escolas SESI Dra. Emina Barbosa Mustafa e Abrah\u00e3o Sabb\u00e1, esta de Itacoatiara, a 270 quil\u00f4metros de Manaus.<\/p>\n<p>Com base no tema do Torneio de Rob\u00f3tica FLL para este ano \u2013 \u201cAnimal Allies\u201d (aliados animais, em portugu\u00eas), onde as pessoas devem se aliar aos animais para melhorar a vida no planeta, a equipe Prodixy desenvolveu um projeto para ajudar a salvar o peixe-boi da amea\u00e7a de extin\u00e7\u00e3o.<\/p>\n<p>Apresentado em primeira m\u00e3o no Festival de Rob\u00f3tica, o projeto est\u00e1 sendo aprimorado para o Torneio regional. A partir do prot\u00f3tipo de um peixe-boi, a equipe se prop\u00f5e a monitorar a reintrodu\u00e7\u00e3o do animal na natureza. Um rastreador acoplado \u00e0 cauda do peixe envia dados sobre a sua localiza\u00e7\u00e3o via mensagem de texto (SMS).<\/p>\n<p>Para desenvolver o projeto, a equipe do SESI contou com apoio de pesquisadores do Instituto Nacional de Pesquisas da Amaz\u00f4nia (INPA) e da Associa\u00e7\u00e3o Amigos do Peixe-Boi (AMPA). At\u00e9 agora, o monitoramento do peixe-boi tem sido feito por radiotransmissor. O animal, que pertence \u00e0 categoria dos mam\u00edferos aqu\u00e1ticos, est\u00e1 dividido em quatro esp\u00e9cies, todas amea\u00e7adas de extin\u00e7\u00e3o.<\/p>\n<p>&nbsp;<\/p>\n<p>&nbsp;<\/p>\n<p><strong>ATENDIMENTO \u00c0 IMPRENSA<\/strong><\/p>\n<p><strong>Diretoria de Comunica\u00e7\u00e3o e Marketing do Sistema FIEAM<\/strong><\/p>\n<p>Tel: (92) 3186-6576 Fax: (92) 3186-6579<\/p>\n<p>E-mail: <a href=\"mailto:imprensa@fieam.org.br\">imprensa@fieam.org.br<\/a><\/p>\n<p>Portal: <a href=\"http:\/\/www.fieam.org.br\/\">http:\/\/www.fieam.org.br<\/a><\/p>\n<p><strong>Sistema FIEAM nas redes sociais<\/strong><\/p>\n<p><strong>FIEAM:<\/strong> <a href=\"https:\/\/www.facebook.com\/fieamoficial\">Facebook<\/a>| <a href=\"https:\/\/twitter.com\/fieam\">Twitter<\/a>| <a href=\"https:\/\/www.instagram.com\/sistemafieam\/\">Instagram<\/a>| &nbsp;<a href=\"https:\/\/www.youtube.com\/user\/FIEAM\">You Tube<\/a><\/p>\n<p><strong>SESI:<\/strong> <a href=\"https:\/\/www.facebook.com\/sesiamazonas\">Facebook<\/a>| <a href=\"https:\/\/twitter.com\/sesiamazonas\">Twitter<\/a>| <a href=\"https:\/\/www.instagram.com\/sistemafieam\/\">Instagram<\/a>| &nbsp;<a href=\"https:\/\/www.youtube.com\/user\/SESIAmazonas\">You Tube<\/a><\/p>\n<p><strong>SENAI:<\/strong> <a href=\"https:\/\/www.facebook.com\/senaiamazonas\">Facebook<\/a>| <a href=\"https:\/\/twitter.com\/senaiamazonas\">Twitter<\/a>| <a href=\"https:\/\/www.instagram.com\/sistemafieam\/\">Instagram<\/a>| &nbsp;<a href=\"https:\/\/www.youtube.com\/user\/SENAIAmazonas\">You Tube<\/a><\/p>\n<p><strong>IEL:<\/strong> <a href=\"https:\/\/www.facebook.com\/ielamazonas\">Facebook<\/a>| <a href=\"https:\/\/twitter.com\/ielamazonas\">Twitter<\/a>| <a href=\"https:\/\/www.instagram.com\/sistemafieam\/\">Instagram<\/a>| &nbsp;<a href=\"https:\/\/www.youtube.com\/user\/IELAmazonas\">You Tube<\/a><\/p>\n","protected":false},"excerpt":{"rendered":"<p>O ensino de rob\u00f3tica nas escolas do SESI acaba de dar ao Amazonas seu primeiro pr\u00eamio de n\u00edvel nacional neste campo. A equipe Prodixy, formada por alunos das Escolas SESI de Manaus e de Itacoatiara, conquistou o 1\u00ba lugar na categoria \u201cDesempenho do Rob\u00f4\u201d, no Festival SESI de Rob\u00f3tica First Lego League, realizado de 10 [&hellip;]<\/p>\n","protected":false},"author":1,"featured_media":9672,"comment_status":"open","ping_status":"open","sticky":false,"template":"","format":"standard","meta":{"footnotes":""},"categories":[25,26],"tags":[],"class_list":["post-9670","post","type-post","status-publish","format-standard","has-post-thumbnail","hentry","category-news","category-news-destaque"],"yoast_head":"<!-- This site is optimized with the Yoast SEO plugin v28.2 - https:\/\/yoast.com\/product\/yoast-seo-wordpress\/ -->\n<title>SESI Amazonas conquista pr\u00eamios em Festival de Rob\u00f3tica - SESI<\/title>\n<meta name=\"robots\" content=\"index, follow, max-snippet:-1, max-image-preview:large, max-video-preview:-1\" \/>\n<link rel=\"canonical\" href=\"https:\/\/fieam.org.br\/sesi\/sesi-amazonas-conquista-premios-em-festival-de-robotica\/\" \/>\n<meta property=\"og:locale\" content=\"pt_BR\" \/>\n<meta property=\"og:type\" content=\"article\" \/>\n<meta property=\"og:title\" content=\"SESI Amazonas conquista pr\u00eamios em Festival de Rob\u00f3tica - SESI\" \/>\n<meta property=\"og:description\" content=\"O ensino de rob\u00f3tica nas escolas do SESI acaba de dar ao Amazonas seu primeiro pr\u00eamio de n\u00edvel nacional neste campo. A equipe Prodixy, formada por alunos das Escolas SESI de Manaus e de Itacoatiara, conquistou o 1\u00ba lugar na categoria \u201cDesempenho do Rob\u00f4\u201d, no Festival SESI de Rob\u00f3tica First Lego League, realizado de 10 [&hellip;]\" \/>\n<meta property=\"og:url\" content=\"https:\/\/fieam.org.br\/sesi\/sesi-amazonas-conquista-premios-em-festival-de-robotica\/\" \/>\n<meta property=\"og:site_name\" content=\"SESI\" \/>\n<meta property=\"article:published_time\" content=\"2016-11-21T21:12:35+00:00\" \/>\n<meta property=\"og:image\" content=\"https:\/\/fieam.org.br\/sesi\/wp-content\/uploads\/sites\/14\/2016\/11\/Time-Prodixy-com-o-instrutor-Glauco-Machado-no-centro.jpg\" \/>\n\t<meta property=\"og:image:width\" content=\"1280\" \/>\n\t<meta property=\"og:image:height\" content=\"720\" \/>\n\t<meta property=\"og:image:type\" content=\"image\/jpeg\" \/>\n<meta name=\"author\" content=\"Autor\" \/>\n<meta name=\"twitter:card\" content=\"summary_large_image\" \/>\n<meta name=\"twitter:label1\" content=\"Escrito por\" \/>\n\t<meta name=\"twitter:data1\" content=\"Autor\" \/>\n\t<meta name=\"twitter:label2\" content=\"Est. tempo de leitura\" \/>\n\t<meta name=\"twitter:data2\" content=\"3 minutos\" \/>\n<script type=\"application\/ld+json\" class=\"yoast-schema-graph\">{\"@context\":\"https:\\\/\\\/schema.org\",\"@graph\":[{\"@type\":\"Article\",\"@id\":\"https:\\\/\\\/fieam.org.br\\\/sesi\\\/sesi-amazonas-conquista-premios-em-festival-de-robotica\\\/#article\",\"isPartOf\":{\"@id\":\"https:\\\/\\\/fieam.org.br\\\/sesi\\\/sesi-amazonas-conquista-premios-em-festival-de-robotica\\\/\"},\"author\":{\"name\":\"Autor\",\"@id\":\"https:\\\/\\\/fieam.org.br\\\/sesi\\\/#\\\/schema\\\/person\\\/f54998dd14d5f0695b41444f2b01c31e\"},\"headline\":\"SESI Amazonas conquista pr\u00eamios em Festival de Rob\u00f3tica\",\"datePublished\":\"2016-11-21T21:12:35+00:00\",\"mainEntityOfPage\":{\"@id\":\"https:\\\/\\\/fieam.org.br\\\/sesi\\\/sesi-amazonas-conquista-premios-em-festival-de-robotica\\\/\"},\"wordCount\":694,\"commentCount\":0,\"publisher\":{\"@id\":\"https:\\\/\\\/fieam.org.br\\\/sesi\\\/#organization\"},\"image\":{\"@id\":\"https:\\\/\\\/fieam.org.br\\\/sesi\\\/sesi-amazonas-conquista-premios-em-festival-de-robotica\\\/#primaryimage\"},\"thumbnailUrl\":\"https:\\\/\\\/fieam.org.br\\\/sesi\\\/wp-content\\\/uploads\\\/sites\\\/14\\\/2016\\\/11\\\/Time-Prodixy-com-o-instrutor-Glauco-Machado-no-centro.jpg\",\"articleSection\":[\"News\",\"News Destaque\"],\"inLanguage\":\"pt-BR\",\"potentialAction\":[{\"@type\":\"CommentAction\",\"name\":\"Comment\",\"target\":[\"https:\\\/\\\/fieam.org.br\\\/sesi\\\/sesi-amazonas-conquista-premios-em-festival-de-robotica\\\/#respond\"]}]},{\"@type\":\"WebPage\",\"@id\":\"https:\\\/\\\/fieam.org.br\\\/sesi\\\/sesi-amazonas-conquista-premios-em-festival-de-robotica\\\/\",\"url\":\"https:\\\/\\\/fieam.org.br\\\/sesi\\\/sesi-amazonas-conquista-premios-em-festival-de-robotica\\\/\",\"name\":\"SESI Amazonas conquista pr\u00eamios em Festival de Rob\u00f3tica - SESI\",\"isPartOf\":{\"@id\":\"https:\\\/\\\/fieam.org.br\\\/sesi\\\/#website\"},\"primaryImageOfPage\":{\"@id\":\"https:\\\/\\\/fieam.org.br\\\/sesi\\\/sesi-amazonas-conquista-premios-em-festival-de-robotica\\\/#primaryimage\"},\"image\":{\"@id\":\"https:\\\/\\\/fieam.org.br\\\/sesi\\\/sesi-amazonas-conquista-premios-em-festival-de-robotica\\\/#primaryimage\"},\"thumbnailUrl\":\"https:\\\/\\\/fieam.org.br\\\/sesi\\\/wp-content\\\/uploads\\\/sites\\\/14\\\/2016\\\/11\\\/Time-Prodixy-com-o-instrutor-Glauco-Machado-no-centro.jpg\",\"datePublished\":\"2016-11-21T21:12:35+00:00\",\"breadcrumb\":{\"@id\":\"https:\\\/\\\/fieam.org.br\\\/sesi\\\/sesi-amazonas-conquista-premios-em-festival-de-robotica\\\/#breadcrumb\"},\"inLanguage\":\"pt-BR\",\"potentialAction\":[{\"@type\":\"ReadAction\",\"target\":[\"https:\\\/\\\/fieam.org.br\\\/sesi\\\/sesi-amazonas-conquista-premios-em-festival-de-robotica\\\/\"]}]},{\"@type\":\"ImageObject\",\"inLanguage\":\"pt-BR\",\"@id\":\"https:\\\/\\\/fieam.org.br\\\/sesi\\\/sesi-amazonas-conquista-premios-em-festival-de-robotica\\\/#primaryimage\",\"url\":\"https:\\\/\\\/fieam.org.br\\\/sesi\\\/wp-content\\\/uploads\\\/sites\\\/14\\\/2016\\\/11\\\/Time-Prodixy-com-o-instrutor-Glauco-Machado-no-centro.jpg\",\"contentUrl\":\"https:\\\/\\\/fieam.org.br\\\/sesi\\\/wp-content\\\/uploads\\\/sites\\\/14\\\/2016\\\/11\\\/Time-Prodixy-com-o-instrutor-Glauco-Machado-no-centro.jpg\",\"width\":1280,\"height\":720},{\"@type\":\"BreadcrumbList\",\"@id\":\"https:\\\/\\\/fieam.org.br\\\/sesi\\\/sesi-amazonas-conquista-premios-em-festival-de-robotica\\\/#breadcrumb\",\"itemListElement\":[{\"@type\":\"ListItem\",\"position\":1,\"name\":\"In\u00edcio\",\"item\":\"https:\\\/\\\/fieam.org.br\\\/sesi\\\/\"},{\"@type\":\"ListItem\",\"position\":2,\"name\":\"SESI Amazonas conquista pr\u00eamios em Festival de Rob\u00f3tica\"}]},{\"@type\":\"WebSite\",\"@id\":\"https:\\\/\\\/fieam.org.br\\\/sesi\\\/#website\",\"url\":\"https:\\\/\\\/fieam.org.br\\\/sesi\\\/\",\"name\":\"SESI\",\"description\":\"Site Oficial!\",\"publisher\":{\"@id\":\"https:\\\/\\\/fieam.org.br\\\/sesi\\\/#organization\"},\"potentialAction\":[{\"@type\":\"SearchAction\",\"target\":{\"@type\":\"EntryPoint\",\"urlTemplate\":\"https:\\\/\\\/fieam.org.br\\\/sesi\\\/?s={search_term_string}\"},\"query-input\":{\"@type\":\"PropertyValueSpecification\",\"valueRequired\":true,\"valueName\":\"search_term_string\"}}],\"inLanguage\":\"pt-BR\"},{\"@type\":\"Organization\",\"@id\":\"https:\\\/\\\/fieam.org.br\\\/sesi\\\/#organization\",\"name\":\"SESI\",\"url\":\"https:\\\/\\\/fieam.org.br\\\/sesi\\\/\",\"logo\":{\"@type\":\"ImageObject\",\"inLanguage\":\"pt-BR\",\"@id\":\"https:\\\/\\\/fieam.org.br\\\/sesi\\\/#\\\/schema\\\/logo\\\/image\\\/\",\"url\":\"https:\\\/\\\/fieam.org.br\\\/sesi\\\/wp-content\\\/uploads\\\/sites\\\/14\\\/2024\\\/03\\\/cropped-fav.png\",\"contentUrl\":\"https:\\\/\\\/fieam.org.br\\\/sesi\\\/wp-content\\\/uploads\\\/sites\\\/14\\\/2024\\\/03\\\/cropped-fav.png\",\"width\":610,\"height\":589,\"caption\":\"SESI\"},\"image\":{\"@id\":\"https:\\\/\\\/fieam.org.br\\\/sesi\\\/#\\\/schema\\\/logo\\\/image\\\/\"}},{\"@type\":\"Person\",\"@id\":\"https:\\\/\\\/fieam.org.br\\\/sesi\\\/#\\\/schema\\\/person\\\/f54998dd14d5f0695b41444f2b01c31e\",\"name\":\"Autor\",\"image\":{\"@type\":\"ImageObject\",\"inLanguage\":\"pt-BR\",\"@id\":\"https:\\\/\\\/secure.gravatar.com\\\/avatar\\\/3732c223e0e1fad69062a8f770955c9068d37b055204f310a0be18d4069fe380?s=96&d=mm&r=g\",\"url\":\"https:\\\/\\\/secure.gravatar.com\\\/avatar\\\/3732c223e0e1fad69062a8f770955c9068d37b055204f310a0be18d4069fe380?s=96&d=mm&r=g\",\"contentUrl\":\"https:\\\/\\\/secure.gravatar.com\\\/avatar\\\/3732c223e0e1fad69062a8f770955c9068d37b055204f310a0be18d4069fe380?s=96&d=mm&r=g\",\"caption\":\"Autor\"},\"sameAs\":[\"https:\\\/\\\/marketingmassivo.com.br\"],\"url\":\"https:\\\/\\\/fieam.org.br\\\/sesi\\\/author\\\/admin\\\/\"}]}<\/script>\n<!-- \/ Yoast SEO plugin. -->","yoast_head_json":{"title":"SESI Amazonas conquista pr\u00eamios em Festival de Rob\u00f3tica - SESI","robots":{"index":"index","follow":"follow","max-snippet":"max-snippet:-1","max-image-preview":"max-image-preview:large","max-video-preview":"max-video-preview:-1"},"canonical":"https:\/\/fieam.org.br\/sesi\/sesi-amazonas-conquista-premios-em-festival-de-robotica\/","og_locale":"pt_BR","og_type":"article","og_title":"SESI Amazonas conquista pr\u00eamios em Festival de Rob\u00f3tica - SESI","og_description":"O ensino de rob\u00f3tica nas escolas do SESI acaba de dar ao Amazonas seu primeiro pr\u00eamio de n\u00edvel nacional neste campo. A equipe Prodixy, formada por alunos das Escolas SESI de Manaus e de Itacoatiara, conquistou o 1\u00ba lugar na categoria \u201cDesempenho do Rob\u00f4\u201d, no Festival SESI de Rob\u00f3tica First Lego League, realizado de 10 [&hellip;]","og_url":"https:\/\/fieam.org.br\/sesi\/sesi-amazonas-conquista-premios-em-festival-de-robotica\/","og_site_name":"SESI","article_published_time":"2016-11-21T21:12:35+00:00","og_image":[{"width":1280,"height":720,"url":"https:\/\/fieam.org.br\/sesi\/wp-content\/uploads\/sites\/14\/2016\/11\/Time-Prodixy-com-o-instrutor-Glauco-Machado-no-centro.jpg","type":"image\/jpeg"}],"author":"Autor","twitter_card":"summary_large_image","twitter_misc":{"Escrito por":"Autor","Est. tempo de leitura":"3 minutos"},"schema":{"@context":"https:\/\/schema.org","@graph":[{"@type":"Article","@id":"https:\/\/fieam.org.br\/sesi\/sesi-amazonas-conquista-premios-em-festival-de-robotica\/#article","isPartOf":{"@id":"https:\/\/fieam.org.br\/sesi\/sesi-amazonas-conquista-premios-em-festival-de-robotica\/"},"author":{"name":"Autor","@id":"https:\/\/fieam.org.br\/sesi\/#\/schema\/person\/f54998dd14d5f0695b41444f2b01c31e"},"headline":"SESI Amazonas conquista pr\u00eamios em Festival de Rob\u00f3tica","datePublished":"2016-11-21T21:12:35+00:00","mainEntityOfPage":{"@id":"https:\/\/fieam.org.br\/sesi\/sesi-amazonas-conquista-premios-em-festival-de-robotica\/"},"wordCount":694,"commentCount":0,"publisher":{"@id":"https:\/\/fieam.org.br\/sesi\/#organization"},"image":{"@id":"https:\/\/fieam.org.br\/sesi\/sesi-amazonas-conquista-premios-em-festival-de-robotica\/#primaryimage"},"thumbnailUrl":"https:\/\/fieam.org.br\/sesi\/wp-content\/uploads\/sites\/14\/2016\/11\/Time-Prodixy-com-o-instrutor-Glauco-Machado-no-centro.jpg","articleSection":["News","News Destaque"],"inLanguage":"pt-BR","potentialAction":[{"@type":"CommentAction","name":"Comment","target":["https:\/\/fieam.org.br\/sesi\/sesi-amazonas-conquista-premios-em-festival-de-robotica\/#respond"]}]},{"@type":"WebPage","@id":"https:\/\/fieam.org.br\/sesi\/sesi-amazonas-conquista-premios-em-festival-de-robotica\/","url":"https:\/\/fieam.org.br\/sesi\/sesi-amazonas-conquista-premios-em-festival-de-robotica\/","name":"SESI Amazonas conquista pr\u00eamios em Festival de Rob\u00f3tica - SESI","isPartOf":{"@id":"https:\/\/fieam.org.br\/sesi\/#website"},"primaryImageOfPage":{"@id":"https:\/\/fieam.org.br\/sesi\/sesi-amazonas-conquista-premios-em-festival-de-robotica\/#primaryimage"},"image":{"@id":"https:\/\/fieam.org.br\/sesi\/sesi-amazonas-conquista-premios-em-festival-de-robotica\/#primaryimage"},"thumbnailUrl":"https:\/\/fieam.org.br\/sesi\/wp-content\/uploads\/sites\/14\/2016\/11\/Time-Prodixy-com-o-instrutor-Glauco-Machado-no-centro.jpg","datePublished":"2016-11-21T21:12:35+00:00","breadcrumb":{"@id":"https:\/\/fieam.org.br\/sesi\/sesi-amazonas-conquista-premios-em-festival-de-robotica\/#breadcrumb"},"inLanguage":"pt-BR","potentialAction":[{"@type":"ReadAction","target":["https:\/\/fieam.org.br\/sesi\/sesi-amazonas-conquista-premios-em-festival-de-robotica\/"]}]},{"@type":"ImageObject","inLanguage":"pt-BR","@id":"https:\/\/fieam.org.br\/sesi\/sesi-amazonas-conquista-premios-em-festival-de-robotica\/#primaryimage","url":"https:\/\/fieam.org.br\/sesi\/wp-content\/uploads\/sites\/14\/2016\/11\/Time-Prodixy-com-o-instrutor-Glauco-Machado-no-centro.jpg","contentUrl":"https:\/\/fieam.org.br\/sesi\/wp-content\/uploads\/sites\/14\/2016\/11\/Time-Prodixy-com-o-instrutor-Glauco-Machado-no-centro.jpg","width":1280,"height":720},{"@type":"BreadcrumbList","@id":"https:\/\/fieam.org.br\/sesi\/sesi-amazonas-conquista-premios-em-festival-de-robotica\/#breadcrumb","itemListElement":[{"@type":"ListItem","position":1,"name":"In\u00edcio","item":"https:\/\/fieam.org.br\/sesi\/"},{"@type":"ListItem","position":2,"name":"SESI Amazonas conquista pr\u00eamios em Festival de Rob\u00f3tica"}]},{"@type":"WebSite","@id":"https:\/\/fieam.org.br\/sesi\/#website","url":"https:\/\/fieam.org.br\/sesi\/","name":"SESI","description":"Site Oficial!","publisher":{"@id":"https:\/\/fieam.org.br\/sesi\/#organization"},"potentialAction":[{"@type":"SearchAction","target":{"@type":"EntryPoint","urlTemplate":"https:\/\/fieam.org.br\/sesi\/?s={search_term_string}"},"query-input":{"@type":"PropertyValueSpecification","valueRequired":true,"valueName":"search_term_string"}}],"inLanguage":"pt-BR"},{"@type":"Organization","@id":"https:\/\/fieam.org.br\/sesi\/#organization","name":"SESI","url":"https:\/\/fieam.org.br\/sesi\/","logo":{"@type":"ImageObject","inLanguage":"pt-BR","@id":"https:\/\/fieam.org.br\/sesi\/#\/schema\/logo\/image\/","url":"https:\/\/fieam.org.br\/sesi\/wp-content\/uploads\/sites\/14\/2024\/03\/cropped-fav.png","contentUrl":"https:\/\/fieam.org.br\/sesi\/wp-content\/uploads\/sites\/14\/2024\/03\/cropped-fav.png","width":610,"height":589,"caption":"SESI"},"image":{"@id":"https:\/\/fieam.org.br\/sesi\/#\/schema\/logo\/image\/"}},{"@type":"Person","@id":"https:\/\/fieam.org.br\/sesi\/#\/schema\/person\/f54998dd14d5f0695b41444f2b01c31e","name":"Autor","image":{"@type":"ImageObject","inLanguage":"pt-BR","@id":"https:\/\/secure.gravatar.com\/avatar\/3732c223e0e1fad69062a8f770955c9068d37b055204f310a0be18d4069fe380?s=96&d=mm&r=g","url":"https:\/\/secure.gravatar.com\/avatar\/3732c223e0e1fad69062a8f770955c9068d37b055204f310a0be18d4069fe380?s=96&d=mm&r=g","contentUrl":"https:\/\/secure.gravatar.com\/avatar\/3732c223e0e1fad69062a8f770955c9068d37b055204f310a0be18d4069fe380?s=96&d=mm&r=g","caption":"Autor"},"sameAs":["https:\/\/marketingmassivo.com.br"],"url":"https:\/\/fieam.org.br\/sesi\/author\/admin\/"}]}},"_links":{"self":[{"href":"https:\/\/fieam.org.br\/sesi\/wp-json\/wp\/v2\/posts\/9670","targetHints":{"allow":["GET"]}}],"collection":[{"href":"https:\/\/fieam.org.br\/sesi\/wp-json\/wp\/v2\/posts"}],"about":[{"href":"https:\/\/fieam.org.br\/sesi\/wp-json\/wp\/v2\/types\/post"}],"author":[{"embeddable":true,"href":"https:\/\/fieam.org.br\/sesi\/wp-json\/wp\/v2\/users\/1"}],"replies":[{"embeddable":true,"href":"https:\/\/fieam.org.br\/sesi\/wp-json\/wp\/v2\/comments?post=9670"}],"version-history":[{"count":0,"href":"https:\/\/fieam.org.br\/sesi\/wp-json\/wp\/v2\/posts\/9670\/revisions"}],"wp:featuredmedia":[{"embeddable":true,"href":"https:\/\/fieam.org.br\/sesi\/wp-json\/wp\/v2\/media\/9672"}],"wp:attachment":[{"href":"https:\/\/fieam.org.br\/sesi\/wp-json\/wp\/v2\/media?parent=9670"}],"wp:term":[{"taxonomy":"category","embeddable":true,"href":"https:\/\/fieam.org.br\/sesi\/wp-json\/wp\/v2\/categories?post=9670"},{"taxonomy":"post_tag","embeddable":true,"href":"https:\/\/fieam.org.br\/sesi\/wp-json\/wp\/v2\/tags?post=9670"}],"curies":[{"name":"wp","href":"https:\/\/api.w.org\/{rel}","templated":true}]}}