{"id":9436,"date":"2016-11-01T08:45:10","date_gmt":"2016-11-01T12:45:10","guid":{"rendered":"http:\/\/www.fieam.org.br\/2015\/sesi\/?p=9436"},"modified":"2016-11-01T08:45:10","modified_gmt":"2016-11-01T12:45:10","slug":"zikazero-2","status":"publish","type":"post","link":"https:\/\/fieam.org.br\/sesi\/zikazero-2\/","title":{"rendered":"ZIKAZERO"},"content":{"rendered":"<p style=\"text-align: center\"><strong>Alunos do SESI vencem concurso do MEC sobre combate ao mosquito Aedes aegypti<\/strong><\/p>\n<p>&nbsp;<\/p>\n<figure id=\"attachment_9437\" aria-describedby=\"caption-attachment-9437\" style=\"width: 300px\" class=\"wp-caption alignleft\"><a href=\"https:\/\/marketingmassivo.com.br\/sesi\/wp-content\/uploads\/sites\/12\/2016\/11\/Vencedores-da-etapa-nacional-da-campanha-do-MEC-contra-Aedes-Aegypti.jpg\"><img fetchpriority=\"high\" decoding=\"async\" class=\"size-medium wp-image-9437\" src=\"http:\/\/www.fieam.org.br\/2015\/sesi\/wp-content\/uploads\/sites\/2\/2016\/11\/Vencedores-da-etapa-nacional-da-campanha-do-MEC-contra-Aedes-Aegypti-300x264.jpg\" alt=\"Vencedores da etapa nacional da campanha do MEC contra Aedes Aegypti\" width=\"300\" height=\"264\" srcset=\"https:\/\/fieam.org.br\/sesi\/wp-content\/uploads\/sites\/14\/2016\/11\/Vencedores-da-etapa-nacional-da-campanha-do-MEC-contra-Aedes-Aegypti-300x264.jpg 300w, https:\/\/fieam.org.br\/sesi\/wp-content\/uploads\/sites\/14\/2016\/11\/Vencedores-da-etapa-nacional-da-campanha-do-MEC-contra-Aedes-Aegypti-768x676.jpg 768w, https:\/\/fieam.org.br\/sesi\/wp-content\/uploads\/sites\/14\/2016\/11\/Vencedores-da-etapa-nacional-da-campanha-do-MEC-contra-Aedes-Aegypti.jpg 946w\" sizes=\"(max-width: 300px) 100vw, 300px\" \/><\/a><figcaption id=\"caption-attachment-9437\" class=\"wp-caption-text\">Vencedores da etapa nacional da campanha do MEC contra Aedes Aegypti<\/figcaption><\/figure>\n<p>V\u00eddeo de alerta \u00e0 preven\u00e7\u00e3o e combate ao mosquito Aedes aegypti conferiu aos alunos da Escola SESI Dr. Francisco Rodrigues Garcia, do <a href=\"http:\/\/www.fieam.org.br\/2015\/sesi\/\">Servi\u00e7o Social da Ind\u00fastria (SESI Amazonas)<\/a>, vit\u00f3ria em etapa nacional do concurso \u201cPesquisar e Conhecer Para Combater o Aedes Aegypti\u201d, promovido pelo Minist\u00e9rio da Educa\u00e7\u00e3o (MEC).<\/p>\n<p>A escola foi a vencedora indicada por J\u00fari Popular do concurso nacional de v\u00eddeo na categoria Educa\u00e7\u00e3o Infantil, modalidade Rede Privada, ao receber o maior n\u00famero de votos (1.392) no site do concurso, com o tema \u201cNa Amaz\u00f4nia, Aedes aegypti? Nem com nojo\u201d.<\/p>\n<p>Os vencedores nacionais v\u00e3o a Bras\u00edlia, no dia 8 de novembro, para participar de a\u00e7\u00f5es relacionadas ao combate e preven\u00e7\u00e3o aos focos do mosquito vetor do zika v\u00edrus, da dengue e da febre chikungunya. O encontro promovido pelo MEC ter\u00e1 a participa\u00e7\u00e3o das escolas p\u00fablicas e privadas vencedoras nas categorias ensino superior, m\u00e9dio, fundamental I e II, Educa\u00e7\u00e3o Infantil e Educa\u00e7\u00e3o de Jovens e Adultos.<\/p>\n<p>Em Manaus, o SESI prepara para amanh\u00e3, 1\u00ba de novembro, das 9h \u00e0s 10h30, homenagem em reconhecimento ao envolvimento dos alunos e colaboradores da escola, na pr\u00f3pria escola, localizada na Avenida Governador Danilo Areosa, 1531, Distrito Industrial.<\/p>\n<p>O filme foi produzido em maio, em c\u00e2mera de telefone celular, na biblioteca da escola e, desde o seu lan\u00e7amento, equipe de funcion\u00e1rios, alunos e pais da Escola SESI Dr. Francisco Rodrigues Garcia deram in\u00edcio \u00e0 mobiliza\u00e7\u00e3o para que a sociedade local votasse no v\u00eddeo \u201cNa Amaz\u00f4nia, Aedes aegypti? Nem com nojo\u201d.<\/p>\n<p>Com dura\u00e7\u00e3o de 76 segundos, o v\u00eddeo foi concebido pelos alunos Louise da Costa, Nicole Belarmino e Matheus Mendes, todos aos seis anos de idade, e pela professora do Pr\u00e9-Escolar, Elaine Ara\u00fajo. De acordo com a gerente da Escola, Acilda Santos, a unidade de educa\u00e7\u00e3o infantil do SESI possui um trabalho social e de cidadania constante, por meio de sensibiliza\u00e7\u00e3o das crian\u00e7as para que se tornem exemplo para seus pais, irm\u00e3os e adultos.<\/p>\n<p>\u201cAs crian\u00e7as t\u00eam um poder de sensibiliza\u00e7\u00e3o muito maior que os adultos. S\u00e3o elas muitas vezes que levam at\u00e9 seus familiares a mensagem do combate ao Aedes aegypti e demais informa\u00e7\u00f5es importantes que contribuem para a eleva\u00e7\u00e3o da qualidade de vida, sa\u00fade e bem-estar de todos\u201d, diz a gerente.<\/p>\n<p>A creche do SESI Amazonas atende 1.780 alunos de zero a cinco anos. Al\u00e9m de cumprir a did\u00e1tica da Educa\u00e7\u00e3o Infantil, as crian\u00e7as participam de atividades de acordo com o que ocorre no Brasil e no mundo. Acilda Santos relembra que eventos nacionais e municipais deste ano fizeram parte da programa\u00e7\u00e3o extracurricular da escola, como as elei\u00e7\u00f5es. A escola organizou um calend\u00e1rio similar ao dos candidatos e eleitores, com a participa\u00e7\u00e3o de alunos pr\u00e9-selecionados, que apresentaram suas propostas no debate e no dia seguinte, ap\u00f3s o debate, houve a vota\u00e7\u00e3o dos candidatos mirins.<\/p>\n<p>&nbsp;<\/p>\n<p><strong>ATENDIMENTO \u00c0 IMPRENSA<\/strong><\/p>\n<p><strong>Diretoria de Comunica\u00e7\u00e3o e Marketing do Sistema FIEAM<\/strong><\/p>\n<p>Tel: (92) 3186-6576 Fax: (92) 3186-6579<\/p>\n<p>E-mail: <a href=\"mailto:imprensa@fieam.org.br\">imprensa@fieam.org.br<\/a><\/p>\n<p>Portal: <a href=\"http:\/\/www.fieam.org.br\/\">http:\/\/www.fieam.org.br<\/a> <strong>\u00a0\u00a0<\/strong><\/p>\n<p><strong>\u00a0Sistema FIEAM nas redes sociais<\/strong><\/p>\n<p><strong>FIEAM:<\/strong> <a href=\"https:\/\/www.facebook.com\/fieamoficial\">Facebook<\/a>| <a href=\"https:\/\/twitter.com\/fieam\">Twitter<\/a>| <a href=\"https:\/\/www.instagram.com\/sistemafieam\/\">Instagram<\/a>| \u00a0<a href=\"https:\/\/www.youtube.com\/user\/FIEAM\">You Tube<\/a> <strong>\u00a0\u00a0\u00a0\u00a0\u00a0<\/strong><\/p>\n<p><strong>\u00a0<\/strong><strong>SESI:<\/strong> <a href=\"https:\/\/www.facebook.com\/sesiamazonas\">Facebook<\/a>| <a href=\"https:\/\/twitter.com\/sesiamazonas\">Twitter<\/a>| <a href=\"https:\/\/www.instagram.com\/sistemafieam\/\">Instagram<\/a>| \u00a0<a href=\"https:\/\/www.youtube.com\/user\/SESIAmazonas\">You Tube<\/a> <strong>\u00a0\u00a0\u00a0\u00a0\u00a0\u00a0\u00a0\u00a0\u00a0<\/strong><\/p>\n<p><strong>\u00a0SENAI:<\/strong> <a href=\"https:\/\/www.facebook.com\/senaiamazonas\">Facebook<\/a>| <a href=\"https:\/\/twitter.com\/senaiamazonas\">Twitter<\/a>| <a href=\"https:\/\/www.instagram.com\/sistemafieam\/\">Instagram<\/a>| \u00a0<a href=\"https:\/\/www.youtube.com\/user\/SENAIAmazonas\">You Tube<\/a> <strong>\u00a0\u00a0\u00a0\u00a0\u00a0\u00a0\u00a0<\/strong><\/p>\n<p><strong>\u00a0IEL:<\/strong> <a href=\"https:\/\/www.facebook.com\/ielamazonas\">Facebook<\/a>| <a href=\"https:\/\/twitter.com\/ielamazonas\">Twitter<\/a>| <a href=\"https:\/\/www.instagram.com\/sistemafieam\/\">Instagram<\/a>| \u00a0<a href=\"https:\/\/www.youtube.com\/user\/IELAmazonas\">You Tube<\/a><\/p>\n<p>&nbsp;<\/p>\n<p>&nbsp;<\/p>\n","protected":false},"excerpt":{"rendered":"<p>Alunos do SESI vencem concurso do MEC sobre combate ao mosquito Aedes aegypti &nbsp; V\u00eddeo de alerta \u00e0 preven\u00e7\u00e3o e combate ao mosquito Aedes aegypti conferiu aos alunos da Escola SESI Dr. Francisco Rodrigues Garcia, do Servi\u00e7o Social da Ind\u00fastria (SESI Amazonas), vit\u00f3ria em etapa nacional do concurso \u201cPesquisar e Conhecer Para Combater o Aedes [&hellip;]<\/p>\n","protected":false},"author":1,"featured_media":9437,"comment_status":"open","ping_status":"open","sticky":false,"template":"","format":"standard","meta":{"footnotes":""},"categories":[25,26],"tags":[],"class_list":["post-9436","post","type-post","status-publish","format-standard","has-post-thumbnail","hentry","category-news","category-news-destaque"],"yoast_head":"<!-- This site is optimized with the Yoast SEO plugin v28.2 - https:\/\/yoast.com\/product\/yoast-seo-wordpress\/ -->\n<title>ZIKAZERO - SESI<\/title>\n<meta name=\"robots\" content=\"index, follow, max-snippet:-1, max-image-preview:large, max-video-preview:-1\" \/>\n<link rel=\"canonical\" href=\"https:\/\/fieam.org.br\/sesi\/zikazero-2\/\" \/>\n<meta property=\"og:locale\" content=\"pt_BR\" \/>\n<meta property=\"og:type\" content=\"article\" \/>\n<meta property=\"og:title\" content=\"ZIKAZERO - SESI\" \/>\n<meta property=\"og:description\" content=\"Alunos do SESI vencem concurso do MEC sobre combate ao mosquito Aedes aegypti &nbsp; V\u00eddeo de alerta \u00e0 preven\u00e7\u00e3o e combate ao mosquito Aedes aegypti conferiu aos alunos da Escola SESI Dr. Francisco Rodrigues Garcia, do Servi\u00e7o Social da Ind\u00fastria (SESI Amazonas), vit\u00f3ria em etapa nacional do concurso \u201cPesquisar e Conhecer Para Combater o Aedes [&hellip;]\" \/>\n<meta property=\"og:url\" content=\"https:\/\/fieam.org.br\/sesi\/zikazero-2\/\" \/>\n<meta property=\"og:site_name\" content=\"SESI\" \/>\n<meta property=\"article:published_time\" content=\"2016-11-01T12:45:10+00:00\" \/>\n<meta property=\"og:image\" content=\"https:\/\/fieam.org.br\/sesi\/wp-content\/uploads\/sites\/14\/2016\/11\/Vencedores-da-etapa-nacional-da-campanha-do-MEC-contra-Aedes-Aegypti.jpg\" \/>\n\t<meta property=\"og:image:width\" content=\"946\" \/>\n\t<meta property=\"og:image:height\" content=\"833\" \/>\n\t<meta property=\"og:image:type\" content=\"image\/jpeg\" \/>\n<meta name=\"author\" content=\"Autor\" \/>\n<meta name=\"twitter:card\" content=\"summary_large_image\" \/>\n<meta name=\"twitter:label1\" content=\"Escrito por\" \/>\n\t<meta name=\"twitter:data1\" content=\"Autor\" \/>\n\t<meta name=\"twitter:label2\" content=\"Est. tempo de leitura\" \/>\n\t<meta name=\"twitter:data2\" content=\"3 minutos\" \/>\n<script type=\"application\/ld+json\" class=\"yoast-schema-graph\">{\"@context\":\"https:\\\/\\\/schema.org\",\"@graph\":[{\"@type\":\"Article\",\"@id\":\"https:\\\/\\\/fieam.org.br\\\/sesi\\\/zikazero-2\\\/#article\",\"isPartOf\":{\"@id\":\"https:\\\/\\\/fieam.org.br\\\/sesi\\\/zikazero-2\\\/\"},\"author\":{\"name\":\"Autor\",\"@id\":\"https:\\\/\\\/fieam.org.br\\\/sesi\\\/#\\\/schema\\\/person\\\/f54998dd14d5f0695b41444f2b01c31e\"},\"headline\":\"ZIKAZERO\",\"datePublished\":\"2016-11-01T12:45:10+00:00\",\"mainEntityOfPage\":{\"@id\":\"https:\\\/\\\/fieam.org.br\\\/sesi\\\/zikazero-2\\\/\"},\"wordCount\":599,\"commentCount\":0,\"publisher\":{\"@id\":\"https:\\\/\\\/fieam.org.br\\\/sesi\\\/#organization\"},\"image\":{\"@id\":\"https:\\\/\\\/fieam.org.br\\\/sesi\\\/zikazero-2\\\/#primaryimage\"},\"thumbnailUrl\":\"https:\\\/\\\/fieam.org.br\\\/sesi\\\/wp-content\\\/uploads\\\/sites\\\/14\\\/2016\\\/11\\\/Vencedores-da-etapa-nacional-da-campanha-do-MEC-contra-Aedes-Aegypti.jpg\",\"articleSection\":[\"News\",\"News Destaque\"],\"inLanguage\":\"pt-BR\",\"potentialAction\":[{\"@type\":\"CommentAction\",\"name\":\"Comment\",\"target\":[\"https:\\\/\\\/fieam.org.br\\\/sesi\\\/zikazero-2\\\/#respond\"]}]},{\"@type\":\"WebPage\",\"@id\":\"https:\\\/\\\/fieam.org.br\\\/sesi\\\/zikazero-2\\\/\",\"url\":\"https:\\\/\\\/fieam.org.br\\\/sesi\\\/zikazero-2\\\/\",\"name\":\"ZIKAZERO - SESI\",\"isPartOf\":{\"@id\":\"https:\\\/\\\/fieam.org.br\\\/sesi\\\/#website\"},\"primaryImageOfPage\":{\"@id\":\"https:\\\/\\\/fieam.org.br\\\/sesi\\\/zikazero-2\\\/#primaryimage\"},\"image\":{\"@id\":\"https:\\\/\\\/fieam.org.br\\\/sesi\\\/zikazero-2\\\/#primaryimage\"},\"thumbnailUrl\":\"https:\\\/\\\/fieam.org.br\\\/sesi\\\/wp-content\\\/uploads\\\/sites\\\/14\\\/2016\\\/11\\\/Vencedores-da-etapa-nacional-da-campanha-do-MEC-contra-Aedes-Aegypti.jpg\",\"datePublished\":\"2016-11-01T12:45:10+00:00\",\"breadcrumb\":{\"@id\":\"https:\\\/\\\/fieam.org.br\\\/sesi\\\/zikazero-2\\\/#breadcrumb\"},\"inLanguage\":\"pt-BR\",\"potentialAction\":[{\"@type\":\"ReadAction\",\"target\":[\"https:\\\/\\\/fieam.org.br\\\/sesi\\\/zikazero-2\\\/\"]}]},{\"@type\":\"ImageObject\",\"inLanguage\":\"pt-BR\",\"@id\":\"https:\\\/\\\/fieam.org.br\\\/sesi\\\/zikazero-2\\\/#primaryimage\",\"url\":\"https:\\\/\\\/fieam.org.br\\\/sesi\\\/wp-content\\\/uploads\\\/sites\\\/14\\\/2016\\\/11\\\/Vencedores-da-etapa-nacional-da-campanha-do-MEC-contra-Aedes-Aegypti.jpg\",\"contentUrl\":\"https:\\\/\\\/fieam.org.br\\\/sesi\\\/wp-content\\\/uploads\\\/sites\\\/14\\\/2016\\\/11\\\/Vencedores-da-etapa-nacional-da-campanha-do-MEC-contra-Aedes-Aegypti.jpg\",\"width\":946,\"height\":833,\"caption\":\"Vencedores da etapa nacional da campanha do MEC contra Aedes Aegypti\"},{\"@type\":\"BreadcrumbList\",\"@id\":\"https:\\\/\\\/fieam.org.br\\\/sesi\\\/zikazero-2\\\/#breadcrumb\",\"itemListElement\":[{\"@type\":\"ListItem\",\"position\":1,\"name\":\"In\u00edcio\",\"item\":\"https:\\\/\\\/fieam.org.br\\\/sesi\\\/\"},{\"@type\":\"ListItem\",\"position\":2,\"name\":\"ZIKAZERO\"}]},{\"@type\":\"WebSite\",\"@id\":\"https:\\\/\\\/fieam.org.br\\\/sesi\\\/#website\",\"url\":\"https:\\\/\\\/fieam.org.br\\\/sesi\\\/\",\"name\":\"SESI\",\"description\":\"Site Oficial!\",\"publisher\":{\"@id\":\"https:\\\/\\\/fieam.org.br\\\/sesi\\\/#organization\"},\"potentialAction\":[{\"@type\":\"SearchAction\",\"target\":{\"@type\":\"EntryPoint\",\"urlTemplate\":\"https:\\\/\\\/fieam.org.br\\\/sesi\\\/?s={search_term_string}\"},\"query-input\":{\"@type\":\"PropertyValueSpecification\",\"valueRequired\":true,\"valueName\":\"search_term_string\"}}],\"inLanguage\":\"pt-BR\"},{\"@type\":\"Organization\",\"@id\":\"https:\\\/\\\/fieam.org.br\\\/sesi\\\/#organization\",\"name\":\"SESI\",\"url\":\"https:\\\/\\\/fieam.org.br\\\/sesi\\\/\",\"logo\":{\"@type\":\"ImageObject\",\"inLanguage\":\"pt-BR\",\"@id\":\"https:\\\/\\\/fieam.org.br\\\/sesi\\\/#\\\/schema\\\/logo\\\/image\\\/\",\"url\":\"https:\\\/\\\/fieam.org.br\\\/sesi\\\/wp-content\\\/uploads\\\/sites\\\/14\\\/2024\\\/03\\\/cropped-fav.png\",\"contentUrl\":\"https:\\\/\\\/fieam.org.br\\\/sesi\\\/wp-content\\\/uploads\\\/sites\\\/14\\\/2024\\\/03\\\/cropped-fav.png\",\"width\":610,\"height\":589,\"caption\":\"SESI\"},\"image\":{\"@id\":\"https:\\\/\\\/fieam.org.br\\\/sesi\\\/#\\\/schema\\\/logo\\\/image\\\/\"}},{\"@type\":\"Person\",\"@id\":\"https:\\\/\\\/fieam.org.br\\\/sesi\\\/#\\\/schema\\\/person\\\/f54998dd14d5f0695b41444f2b01c31e\",\"name\":\"Autor\",\"image\":{\"@type\":\"ImageObject\",\"inLanguage\":\"pt-BR\",\"@id\":\"https:\\\/\\\/secure.gravatar.com\\\/avatar\\\/3732c223e0e1fad69062a8f770955c9068d37b055204f310a0be18d4069fe380?s=96&d=mm&r=g\",\"url\":\"https:\\\/\\\/secure.gravatar.com\\\/avatar\\\/3732c223e0e1fad69062a8f770955c9068d37b055204f310a0be18d4069fe380?s=96&d=mm&r=g\",\"contentUrl\":\"https:\\\/\\\/secure.gravatar.com\\\/avatar\\\/3732c223e0e1fad69062a8f770955c9068d37b055204f310a0be18d4069fe380?s=96&d=mm&r=g\",\"caption\":\"Autor\"},\"sameAs\":[\"https:\\\/\\\/marketingmassivo.com.br\"],\"url\":\"https:\\\/\\\/fieam.org.br\\\/sesi\\\/author\\\/admin\\\/\"}]}<\/script>\n<!-- \/ Yoast SEO plugin. -->","yoast_head_json":{"title":"ZIKAZERO - SESI","robots":{"index":"index","follow":"follow","max-snippet":"max-snippet:-1","max-image-preview":"max-image-preview:large","max-video-preview":"max-video-preview:-1"},"canonical":"https:\/\/fieam.org.br\/sesi\/zikazero-2\/","og_locale":"pt_BR","og_type":"article","og_title":"ZIKAZERO - SESI","og_description":"Alunos do SESI vencem concurso do MEC sobre combate ao mosquito Aedes aegypti &nbsp; V\u00eddeo de alerta \u00e0 preven\u00e7\u00e3o e combate ao mosquito Aedes aegypti conferiu aos alunos da Escola SESI Dr. Francisco Rodrigues Garcia, do Servi\u00e7o Social da Ind\u00fastria (SESI Amazonas), vit\u00f3ria em etapa nacional do concurso \u201cPesquisar e Conhecer Para Combater o Aedes [&hellip;]","og_url":"https:\/\/fieam.org.br\/sesi\/zikazero-2\/","og_site_name":"SESI","article_published_time":"2016-11-01T12:45:10+00:00","og_image":[{"width":946,"height":833,"url":"https:\/\/fieam.org.br\/sesi\/wp-content\/uploads\/sites\/14\/2016\/11\/Vencedores-da-etapa-nacional-da-campanha-do-MEC-contra-Aedes-Aegypti.jpg","type":"image\/jpeg"}],"author":"Autor","twitter_card":"summary_large_image","twitter_misc":{"Escrito por":"Autor","Est. tempo de leitura":"3 minutos"},"schema":{"@context":"https:\/\/schema.org","@graph":[{"@type":"Article","@id":"https:\/\/fieam.org.br\/sesi\/zikazero-2\/#article","isPartOf":{"@id":"https:\/\/fieam.org.br\/sesi\/zikazero-2\/"},"author":{"name":"Autor","@id":"https:\/\/fieam.org.br\/sesi\/#\/schema\/person\/f54998dd14d5f0695b41444f2b01c31e"},"headline":"ZIKAZERO","datePublished":"2016-11-01T12:45:10+00:00","mainEntityOfPage":{"@id":"https:\/\/fieam.org.br\/sesi\/zikazero-2\/"},"wordCount":599,"commentCount":0,"publisher":{"@id":"https:\/\/fieam.org.br\/sesi\/#organization"},"image":{"@id":"https:\/\/fieam.org.br\/sesi\/zikazero-2\/#primaryimage"},"thumbnailUrl":"https:\/\/fieam.org.br\/sesi\/wp-content\/uploads\/sites\/14\/2016\/11\/Vencedores-da-etapa-nacional-da-campanha-do-MEC-contra-Aedes-Aegypti.jpg","articleSection":["News","News Destaque"],"inLanguage":"pt-BR","potentialAction":[{"@type":"CommentAction","name":"Comment","target":["https:\/\/fieam.org.br\/sesi\/zikazero-2\/#respond"]}]},{"@type":"WebPage","@id":"https:\/\/fieam.org.br\/sesi\/zikazero-2\/","url":"https:\/\/fieam.org.br\/sesi\/zikazero-2\/","name":"ZIKAZERO - SESI","isPartOf":{"@id":"https:\/\/fieam.org.br\/sesi\/#website"},"primaryImageOfPage":{"@id":"https:\/\/fieam.org.br\/sesi\/zikazero-2\/#primaryimage"},"image":{"@id":"https:\/\/fieam.org.br\/sesi\/zikazero-2\/#primaryimage"},"thumbnailUrl":"https:\/\/fieam.org.br\/sesi\/wp-content\/uploads\/sites\/14\/2016\/11\/Vencedores-da-etapa-nacional-da-campanha-do-MEC-contra-Aedes-Aegypti.jpg","datePublished":"2016-11-01T12:45:10+00:00","breadcrumb":{"@id":"https:\/\/fieam.org.br\/sesi\/zikazero-2\/#breadcrumb"},"inLanguage":"pt-BR","potentialAction":[{"@type":"ReadAction","target":["https:\/\/fieam.org.br\/sesi\/zikazero-2\/"]}]},{"@type":"ImageObject","inLanguage":"pt-BR","@id":"https:\/\/fieam.org.br\/sesi\/zikazero-2\/#primaryimage","url":"https:\/\/fieam.org.br\/sesi\/wp-content\/uploads\/sites\/14\/2016\/11\/Vencedores-da-etapa-nacional-da-campanha-do-MEC-contra-Aedes-Aegypti.jpg","contentUrl":"https:\/\/fieam.org.br\/sesi\/wp-content\/uploads\/sites\/14\/2016\/11\/Vencedores-da-etapa-nacional-da-campanha-do-MEC-contra-Aedes-Aegypti.jpg","width":946,"height":833,"caption":"Vencedores da etapa nacional da campanha do MEC contra Aedes Aegypti"},{"@type":"BreadcrumbList","@id":"https:\/\/fieam.org.br\/sesi\/zikazero-2\/#breadcrumb","itemListElement":[{"@type":"ListItem","position":1,"name":"In\u00edcio","item":"https:\/\/fieam.org.br\/sesi\/"},{"@type":"ListItem","position":2,"name":"ZIKAZERO"}]},{"@type":"WebSite","@id":"https:\/\/fieam.org.br\/sesi\/#website","url":"https:\/\/fieam.org.br\/sesi\/","name":"SESI","description":"Site Oficial!","publisher":{"@id":"https:\/\/fieam.org.br\/sesi\/#organization"},"potentialAction":[{"@type":"SearchAction","target":{"@type":"EntryPoint","urlTemplate":"https:\/\/fieam.org.br\/sesi\/?s={search_term_string}"},"query-input":{"@type":"PropertyValueSpecification","valueRequired":true,"valueName":"search_term_string"}}],"inLanguage":"pt-BR"},{"@type":"Organization","@id":"https:\/\/fieam.org.br\/sesi\/#organization","name":"SESI","url":"https:\/\/fieam.org.br\/sesi\/","logo":{"@type":"ImageObject","inLanguage":"pt-BR","@id":"https:\/\/fieam.org.br\/sesi\/#\/schema\/logo\/image\/","url":"https:\/\/fieam.org.br\/sesi\/wp-content\/uploads\/sites\/14\/2024\/03\/cropped-fav.png","contentUrl":"https:\/\/fieam.org.br\/sesi\/wp-content\/uploads\/sites\/14\/2024\/03\/cropped-fav.png","width":610,"height":589,"caption":"SESI"},"image":{"@id":"https:\/\/fieam.org.br\/sesi\/#\/schema\/logo\/image\/"}},{"@type":"Person","@id":"https:\/\/fieam.org.br\/sesi\/#\/schema\/person\/f54998dd14d5f0695b41444f2b01c31e","name":"Autor","image":{"@type":"ImageObject","inLanguage":"pt-BR","@id":"https:\/\/secure.gravatar.com\/avatar\/3732c223e0e1fad69062a8f770955c9068d37b055204f310a0be18d4069fe380?s=96&d=mm&r=g","url":"https:\/\/secure.gravatar.com\/avatar\/3732c223e0e1fad69062a8f770955c9068d37b055204f310a0be18d4069fe380?s=96&d=mm&r=g","contentUrl":"https:\/\/secure.gravatar.com\/avatar\/3732c223e0e1fad69062a8f770955c9068d37b055204f310a0be18d4069fe380?s=96&d=mm&r=g","caption":"Autor"},"sameAs":["https:\/\/marketingmassivo.com.br"],"url":"https:\/\/fieam.org.br\/sesi\/author\/admin\/"}]}},"_links":{"self":[{"href":"https:\/\/fieam.org.br\/sesi\/wp-json\/wp\/v2\/posts\/9436","targetHints":{"allow":["GET"]}}],"collection":[{"href":"https:\/\/fieam.org.br\/sesi\/wp-json\/wp\/v2\/posts"}],"about":[{"href":"https:\/\/fieam.org.br\/sesi\/wp-json\/wp\/v2\/types\/post"}],"author":[{"embeddable":true,"href":"https:\/\/fieam.org.br\/sesi\/wp-json\/wp\/v2\/users\/1"}],"replies":[{"embeddable":true,"href":"https:\/\/fieam.org.br\/sesi\/wp-json\/wp\/v2\/comments?post=9436"}],"version-history":[{"count":0,"href":"https:\/\/fieam.org.br\/sesi\/wp-json\/wp\/v2\/posts\/9436\/revisions"}],"wp:featuredmedia":[{"embeddable":true,"href":"https:\/\/fieam.org.br\/sesi\/wp-json\/wp\/v2\/media\/9437"}],"wp:attachment":[{"href":"https:\/\/fieam.org.br\/sesi\/wp-json\/wp\/v2\/media?parent=9436"}],"wp:term":[{"taxonomy":"category","embeddable":true,"href":"https:\/\/fieam.org.br\/sesi\/wp-json\/wp\/v2\/categories?post=9436"},{"taxonomy":"post_tag","embeddable":true,"href":"https:\/\/fieam.org.br\/sesi\/wp-json\/wp\/v2\/tags?post=9436"}],"curies":[{"name":"wp","href":"https:\/\/api.w.org\/{rel}","templated":true}]}}