{"id":9315,"date":"2016-10-03T10:43:47","date_gmt":"2016-10-03T14:43:47","guid":{"rendered":"http:\/\/www.fieam.org.br\/2015\/sesi\/?p=9315"},"modified":"2016-10-03T10:43:47","modified_gmt":"2016-10-03T14:43:47","slug":"empresa-que-investe-em-saude-e-seguranca-tem-menos-prejuizo-diz-especialista-do-sesi","status":"publish","type":"post","link":"https:\/\/fieam.org.br\/sesi\/empresa-que-investe-em-saude-e-seguranca-tem-menos-prejuizo-diz-especialista-do-sesi\/","title":{"rendered":"Empresa que investe em sa\u00fade e seguran\u00e7a tem menos preju\u00edzo, diz especialista do SESI"},"content":{"rendered":"<figure id=\"attachment_9316\" aria-describedby=\"caption-attachment-9316\" style=\"width: 300px\" class=\"wp-caption alignleft\"><a href=\"http:\/\/www.fieam.org.br\/2015\/sesi\/wp-content\/uploads\/sites\/2\/2016\/10\/M\u00e9dico-do-trabalho-Gustavo-Nicolai-fala-de-SST-em-palestra-oferecida-pelo-SESI-Amazonas.jpg\"><img fetchpriority=\"high\" decoding=\"async\" class=\"size-medium wp-image-9316\" src=\"http:\/\/www.fieam.org.br\/2015\/sesi\/wp-content\/uploads\/sites\/2\/2016\/10\/M\u00e9dico-do-trabalho-Gustavo-Nicolai-fala-de-SST-em-palestra-oferecida-pelo-SESI-Amazonas-300x200.jpg\" alt=\"M\u00e9dico do trabalho Gustavo Nicolai fala de SST em palestra oferecida pelo SESI Amazonas\" width=\"300\" height=\"200\" \/><\/a><figcaption id=\"caption-attachment-9316\" class=\"wp-caption-text\">M\u00e9dico do trabalho Gustavo Nicolai fala de SST em palestra oferecida pelo SESI Amazonas<\/figcaption><\/figure>\n<p>Custos com seguran\u00e7a e sa\u00fade no trabalho representam a segunda maior despesa para as empresas, atr\u00e1s apenas da folha de pagamento. A afirma\u00e7\u00e3o \u00e9 do especialista de Desenvolvimento Industrial da Unidade de Qualidade de Vida do Departamento Nacional do SESI,\u00a0 Gustavo Nicolai, que nesta sexta-feira (30) apresentou no <a href=\"http:\/\/www.fieam.org.br\/2015\/sesi\/\">Servi\u00e7o Social da Ind\u00fastria (SESI Amazonas)<\/a> a palestra \u201cSeguran\u00e7a e Sa\u00fade do Trabalho: Custo ou investimento\u201d.<\/p>\n<p>De acordo com a gerente geral de Qualidade de Vida do SESI Amazonas, Nelsi Luni\u00e8re, \u00e9 poss\u00edvel diminuir de forma significativa esses gastos, com a\u00e7\u00f5es direcionadas \u00e0 Seguran\u00e7a e Sa\u00fade no Trabalho (SST).<\/p>\n<p>Para o m\u00e9dico do trabalho Gustavo Nicolai, o cen\u00e1rio \u00e9 de inseguran\u00e7a para todas as empresas, em rela\u00e7\u00e3o \u00e0 sa\u00fade e seguran\u00e7a na ind\u00fastria, que tamb\u00e9m passa por dificuldades. \u201c\u00c9 preciso abrir os olhos, pois SST se tornou um ponto estrat\u00e9gico para n\u00e3o ter preju\u00edzo\u201d, alertou o palestrante.<\/p>\n<p>Segundo o especialista, quando um trabalhador sofre acidente, com ou sem afastamento previdenci\u00e1rio, a empresa est\u00e1 sujeita a uma tributa\u00e7\u00e3o vari\u00e1vel, de<\/p>\n<figure id=\"attachment_9317\" aria-describedby=\"caption-attachment-9317\" style=\"width: 300px\" class=\"wp-caption alignright\"><a href=\"http:\/\/www.fieam.org.br\/2015\/sesi\/wp-content\/uploads\/sites\/2\/2016\/10\/Nelsi-Luni\u00e8re-fala-sobre-a-import\u00e2ncia-do-SST-nas-ind\u00fastria-em-palestra-organizada-pelo-SESI-Amazonas.jpg\"><img decoding=\"async\" class=\"size-medium wp-image-9317\" src=\"http:\/\/www.fieam.org.br\/2015\/sesi\/wp-content\/uploads\/sites\/2\/2016\/10\/Nelsi-Luni\u00e8re-fala-sobre-a-import\u00e2ncia-do-SST-nas-ind\u00fastria-em-palestra-organizada-pelo-SESI-Amazonas-300x200.jpg\" alt=\"Nelsi Luni\u00e8re fala sobre a import\u00e2ncia do SST nas ind\u00fastrias em palestra organizada pelo SESI  Amazonas\" width=\"300\" height=\"200\" \/><\/a><figcaption id=\"caption-attachment-9317\" class=\"wp-caption-text\">Nelsi Luni\u00e8re fala sobre a import\u00e2ncia do SST nas ind\u00fastrias em palestra organizada pelo SESI Amazonas<\/figcaption><\/figure>\n<p>acordo com as leis em vigor do ano de 2010. Empresas que t\u00eam mais acidentes, mais afastamentos, pagam mais impostos, mais tributa\u00e7\u00f5es mensais sobre a folha de pagamento, do que aquelas que t\u00eam menos afastamentos e melhores resultados.<\/p>\n<p>Gustavo explica que hoje o empres\u00e1rio se depara com fatura de compras de Equipamentos de Prote\u00e7\u00e3o Individual (EPI), pessoal para manuten\u00e7\u00e3o de m\u00e1quinas, contrata\u00e7\u00e3o de t\u00e9cnicos em seguran\u00e7a, trocas de maquin\u00e1rios e se assustam com os custos \u201caltos\u201d, mas n\u00e3o visualizam que futuramente pode realmente ser um custo bem mais alto. \u201cOs preju\u00edzos gerados por acidente do trabalho giram em torno de R$ 15 a R$136 mil, dependendo da gravidade, quando h\u00e1 afastamento previdenci\u00e1rio\u201d, frisa.<\/p>\n<p>A ideia \u00e9 inverter essa l\u00f3gica, e mostrar ao empregador que n\u00e3o \u00e9 custo, e sim investimento, com melhores resultados. A ferramenta \u201cConstruindo seguran\u00e7a e sa\u00fade\u201d, completamente gratuita, vai mostrar ao empregador quanto custa investir em SST e mostra principalmente o preju\u00edzo em n\u00e3o investir.<\/p>\n<p>Para ajudar as empresas, o SESI, em parceria com a C\u00e2mara Brasileira da Ind\u00fastria da Constru\u00e7\u00e3o (CBIC), oferece a ferramenta \u201cConstruindo seguran\u00e7a e sa\u00fade\u201d, no qual permite ao empregador melhor compreens\u00e3o de se prevenir acidentes, al\u00e9m de apresentar informa\u00e7\u00f5es sobre as normas que regem essas eventualidades. O simulador calcula os custos de acidentes e afastamentos de sua empresa, mostrando o quanto poderia ser economizado com a preven\u00e7\u00e3o.<\/p>\n<p>\u201cJ\u00e1 estamos em funcionamento com a ferramenta h\u00e1 mais de dois anos, com levantamentos preliminares a serem divulgados pela CNI, de 271 empresas avaliadas, no qual foi detectado o valor m\u00e9dio por acidente de trabalho, R$ 9 mil reais, valor m\u00e9dio por afastamento acident\u00e1rio previdenci\u00e1rio, R$ 51 mil, e valor m\u00e9dio por afastamento para fins de a\u00e7\u00e3o regressiva, R$ 21 mil\u201d, disse o especialista.<\/p>\n<p>Nos \u00faltimos tr\u00eas anos, o SESI vem realizando diversas mudan\u00e7as para atender a demanda das empresas, entre elas a cria\u00e7\u00e3o do Sistema de Gest\u00e3o S5, um suporte informatizado para gest\u00e3o em SST e Promo\u00e7\u00e3o da Sa\u00fade, com a\u00e7\u00f5es direcionadas ao absente\u00edsmo, integra\u00e7\u00e3o direta com o E-Social, previsto para entrar em vigor j\u00e1 em 2018, gest\u00e3o da reabilita\u00e7\u00e3o do empregado e avalia\u00e7\u00e3o do impacto de investimento em SST e forma\u00e7\u00e3o da sa\u00fade.<\/p>\n<p>&nbsp;<\/p>\n<p>&nbsp;<\/p>\n<p><strong>ATENDIMENTO \u00c0 IMPRENSA<\/strong><\/p>\n<p>&nbsp;<\/p>\n<p><strong>Diretoria de Comunica\u00e7\u00e3o e Marketing do Sistema FIEAM<\/strong><\/p>\n<p>Tel: (92) 3186-6576 Fax: (92) 3186-6579<\/p>\n<p>E-mail: <a href=\"mailto:imprensa@fieam.org.br\">imprensa@fieam.org.br<\/a><\/p>\n<p>Portal: <a href=\"http:\/\/www.fieam.org.br\">http:\/\/www.fieam.org.br<\/a><\/p>\n<p><strong>Sistema FIEAM nas redes sociais<\/strong><\/p>\n<p><strong>FIEAM:<\/strong> <a href=\"https:\/\/www.facebook.com\/fieamoficial\">Facebook<\/a>| <a href=\"https:\/\/twitter.com\/fieam\">Twitter<\/a>| <a href=\"https:\/\/www.instagram.com\/sistemafieam\/\">Instagram<\/a>| <a href=\"https:\/\/www.youtube.com\/user\/FIEAM\">You Tube<\/a><\/p>\n<p><strong>SESI:<\/strong> <a href=\"https:\/\/www.facebook.com\/sesiamazonas\">Facebook<\/a>| <a href=\"https:\/\/twitter.com\/sesiamazonas\">Twitter<\/a>| <a href=\"https:\/\/www.instagram.com\/sistemafieam\/\">Instagram<\/a>| <a href=\"https:\/\/www.youtube.com\/user\/SESIAmazonas\">You Tube<\/a><\/p>\n<p><strong>SENAI:<\/strong> <a href=\"https:\/\/www.facebook.com\/senaiamazonas\">Facebook<\/a>| <a href=\"https:\/\/twitter.com\/senaiamazonas\">Twitter<\/a>| <a href=\"https:\/\/www.instagram.com\/sistemafieam\/\">Instagram<\/a>| <a href=\"https:\/\/www.youtube.com\/user\/SENAIAmazonas\">You Tube<\/a><\/p>\n<p><strong>IEL:<\/strong> <a href=\"https:\/\/www.facebook.com\/ielamazonas\">Facebook<\/a>| <a href=\"https:\/\/twitter.com\/ielamazonas\">Twitter<\/a>| <a href=\"https:\/\/www.instagram.com\/sistemafieam\/\">Instagram<\/a>| <a href=\"https:\/\/www.youtube.com\/user\/IELAmazonas\">You Tube<\/a><\/p>\n","protected":false},"excerpt":{"rendered":"<p>Custos com seguran\u00e7a e sa\u00fade no trabalho representam a segunda maior despesa para as empresas, atr\u00e1s apenas da folha de pagamento. A afirma\u00e7\u00e3o \u00e9 do especialista de Desenvolvimento Industrial da Unidade de Qualidade de Vida do Departamento Nacional do SESI,\u00a0 Gustavo Nicolai, que nesta sexta-feira (30) apresentou no Servi\u00e7o Social da Ind\u00fastria (SESI Amazonas) a [&hellip;]<\/p>\n","protected":false},"author":1,"featured_media":9318,"comment_status":"open","ping_status":"open","sticky":false,"template":"","format":"standard","meta":{"footnotes":""},"categories":[25,26],"tags":[],"class_list":["post-9315","post","type-post","status-publish","format-standard","has-post-thumbnail","hentry","category-news","category-news-destaque"],"yoast_head":"<!-- This site is optimized with the Yoast SEO plugin v28.2 - https:\/\/yoast.com\/product\/yoast-seo-wordpress\/ -->\n<title>Empresa que investe em sa\u00fade e seguran\u00e7a tem menos preju\u00edzo, diz especialista do SESI - SESI<\/title>\n<meta name=\"robots\" content=\"index, follow, max-snippet:-1, max-image-preview:large, max-video-preview:-1\" \/>\n<link rel=\"canonical\" href=\"https:\/\/fieam.org.br\/sesi\/empresa-que-investe-em-saude-e-seguranca-tem-menos-prejuizo-diz-especialista-do-sesi\/\" \/>\n<meta property=\"og:locale\" content=\"pt_BR\" \/>\n<meta property=\"og:type\" content=\"article\" \/>\n<meta property=\"og:title\" content=\"Empresa que investe em sa\u00fade e seguran\u00e7a tem menos preju\u00edzo, diz especialista do SESI - SESI\" \/>\n<meta property=\"og:description\" content=\"Custos com seguran\u00e7a e sa\u00fade no trabalho representam a segunda maior despesa para as empresas, atr\u00e1s apenas da folha de pagamento. A afirma\u00e7\u00e3o \u00e9 do especialista de Desenvolvimento Industrial da Unidade de Qualidade de Vida do Departamento Nacional do SESI,\u00a0 Gustavo Nicolai, que nesta sexta-feira (30) apresentou no Servi\u00e7o Social da Ind\u00fastria (SESI Amazonas) a [&hellip;]\" \/>\n<meta property=\"og:url\" content=\"https:\/\/fieam.org.br\/sesi\/empresa-que-investe-em-saude-e-seguranca-tem-menos-prejuizo-diz-especialista-do-sesi\/\" \/>\n<meta property=\"og:site_name\" content=\"SESI\" \/>\n<meta property=\"article:published_time\" content=\"2016-10-03T14:43:47+00:00\" \/>\n<meta name=\"author\" content=\"Autor\" \/>\n<meta name=\"twitter:card\" content=\"summary_large_image\" \/>\n<meta name=\"twitter:label1\" content=\"Escrito por\" \/>\n\t<meta name=\"twitter:data1\" content=\"Autor\" \/>\n\t<meta name=\"twitter:label2\" content=\"Est. tempo de leitura\" \/>\n\t<meta name=\"twitter:data2\" content=\"3 minutos\" \/>\n<script type=\"application\/ld+json\" class=\"yoast-schema-graph\">{\"@context\":\"https:\\\/\\\/schema.org\",\"@graph\":[{\"@type\":\"Article\",\"@id\":\"https:\\\/\\\/fieam.org.br\\\/sesi\\\/empresa-que-investe-em-saude-e-seguranca-tem-menos-prejuizo-diz-especialista-do-sesi\\\/#article\",\"isPartOf\":{\"@id\":\"https:\\\/\\\/fieam.org.br\\\/sesi\\\/empresa-que-investe-em-saude-e-seguranca-tem-menos-prejuizo-diz-especialista-do-sesi\\\/\"},\"author\":{\"name\":\"Autor\",\"@id\":\"https:\\\/\\\/fieam.org.br\\\/sesi\\\/#\\\/schema\\\/person\\\/f54998dd14d5f0695b41444f2b01c31e\"},\"headline\":\"Empresa que investe em sa\u00fade e seguran\u00e7a tem menos preju\u00edzo, diz especialista do SESI\",\"datePublished\":\"2016-10-03T14:43:47+00:00\",\"mainEntityOfPage\":{\"@id\":\"https:\\\/\\\/fieam.org.br\\\/sesi\\\/empresa-que-investe-em-saude-e-seguranca-tem-menos-prejuizo-diz-especialista-do-sesi\\\/\"},\"wordCount\":711,\"commentCount\":1,\"publisher\":{\"@id\":\"https:\\\/\\\/fieam.org.br\\\/sesi\\\/#organization\"},\"image\":{\"@id\":\"https:\\\/\\\/fieam.org.br\\\/sesi\\\/empresa-que-investe-em-saude-e-seguranca-tem-menos-prejuizo-diz-especialista-do-sesi\\\/#primaryimage\"},\"thumbnailUrl\":\"\",\"articleSection\":[\"News\",\"News Destaque\"],\"inLanguage\":\"pt-BR\",\"potentialAction\":[{\"@type\":\"CommentAction\",\"name\":\"Comment\",\"target\":[\"https:\\\/\\\/fieam.org.br\\\/sesi\\\/empresa-que-investe-em-saude-e-seguranca-tem-menos-prejuizo-diz-especialista-do-sesi\\\/#respond\"]}]},{\"@type\":\"WebPage\",\"@id\":\"https:\\\/\\\/fieam.org.br\\\/sesi\\\/empresa-que-investe-em-saude-e-seguranca-tem-menos-prejuizo-diz-especialista-do-sesi\\\/\",\"url\":\"https:\\\/\\\/fieam.org.br\\\/sesi\\\/empresa-que-investe-em-saude-e-seguranca-tem-menos-prejuizo-diz-especialista-do-sesi\\\/\",\"name\":\"Empresa que investe em sa\u00fade e seguran\u00e7a tem menos preju\u00edzo, diz especialista do SESI - SESI\",\"isPartOf\":{\"@id\":\"https:\\\/\\\/fieam.org.br\\\/sesi\\\/#website\"},\"primaryImageOfPage\":{\"@id\":\"https:\\\/\\\/fieam.org.br\\\/sesi\\\/empresa-que-investe-em-saude-e-seguranca-tem-menos-prejuizo-diz-especialista-do-sesi\\\/#primaryimage\"},\"image\":{\"@id\":\"https:\\\/\\\/fieam.org.br\\\/sesi\\\/empresa-que-investe-em-saude-e-seguranca-tem-menos-prejuizo-diz-especialista-do-sesi\\\/#primaryimage\"},\"thumbnailUrl\":\"\",\"datePublished\":\"2016-10-03T14:43:47+00:00\",\"breadcrumb\":{\"@id\":\"https:\\\/\\\/fieam.org.br\\\/sesi\\\/empresa-que-investe-em-saude-e-seguranca-tem-menos-prejuizo-diz-especialista-do-sesi\\\/#breadcrumb\"},\"inLanguage\":\"pt-BR\",\"potentialAction\":[{\"@type\":\"ReadAction\",\"target\":[\"https:\\\/\\\/fieam.org.br\\\/sesi\\\/empresa-que-investe-em-saude-e-seguranca-tem-menos-prejuizo-diz-especialista-do-sesi\\\/\"]}]},{\"@type\":\"ImageObject\",\"inLanguage\":\"pt-BR\",\"@id\":\"https:\\\/\\\/fieam.org.br\\\/sesi\\\/empresa-que-investe-em-saude-e-seguranca-tem-menos-prejuizo-diz-especialista-do-sesi\\\/#primaryimage\",\"url\":\"\",\"contentUrl\":\"\"},{\"@type\":\"BreadcrumbList\",\"@id\":\"https:\\\/\\\/fieam.org.br\\\/sesi\\\/empresa-que-investe-em-saude-e-seguranca-tem-menos-prejuizo-diz-especialista-do-sesi\\\/#breadcrumb\",\"itemListElement\":[{\"@type\":\"ListItem\",\"position\":1,\"name\":\"In\u00edcio\",\"item\":\"https:\\\/\\\/fieam.org.br\\\/sesi\\\/\"},{\"@type\":\"ListItem\",\"position\":2,\"name\":\"Empresa que investe em sa\u00fade e seguran\u00e7a tem menos preju\u00edzo, diz especialista do SESI\"}]},{\"@type\":\"WebSite\",\"@id\":\"https:\\\/\\\/fieam.org.br\\\/sesi\\\/#website\",\"url\":\"https:\\\/\\\/fieam.org.br\\\/sesi\\\/\",\"name\":\"SESI\",\"description\":\"Site Oficial!\",\"publisher\":{\"@id\":\"https:\\\/\\\/fieam.org.br\\\/sesi\\\/#organization\"},\"potentialAction\":[{\"@type\":\"SearchAction\",\"target\":{\"@type\":\"EntryPoint\",\"urlTemplate\":\"https:\\\/\\\/fieam.org.br\\\/sesi\\\/?s={search_term_string}\"},\"query-input\":{\"@type\":\"PropertyValueSpecification\",\"valueRequired\":true,\"valueName\":\"search_term_string\"}}],\"inLanguage\":\"pt-BR\"},{\"@type\":\"Organization\",\"@id\":\"https:\\\/\\\/fieam.org.br\\\/sesi\\\/#organization\",\"name\":\"SESI\",\"url\":\"https:\\\/\\\/fieam.org.br\\\/sesi\\\/\",\"logo\":{\"@type\":\"ImageObject\",\"inLanguage\":\"pt-BR\",\"@id\":\"https:\\\/\\\/fieam.org.br\\\/sesi\\\/#\\\/schema\\\/logo\\\/image\\\/\",\"url\":\"https:\\\/\\\/fieam.org.br\\\/sesi\\\/wp-content\\\/uploads\\\/sites\\\/14\\\/2024\\\/03\\\/cropped-fav.png\",\"contentUrl\":\"https:\\\/\\\/fieam.org.br\\\/sesi\\\/wp-content\\\/uploads\\\/sites\\\/14\\\/2024\\\/03\\\/cropped-fav.png\",\"width\":610,\"height\":589,\"caption\":\"SESI\"},\"image\":{\"@id\":\"https:\\\/\\\/fieam.org.br\\\/sesi\\\/#\\\/schema\\\/logo\\\/image\\\/\"}},{\"@type\":\"Person\",\"@id\":\"https:\\\/\\\/fieam.org.br\\\/sesi\\\/#\\\/schema\\\/person\\\/f54998dd14d5f0695b41444f2b01c31e\",\"name\":\"Autor\",\"image\":{\"@type\":\"ImageObject\",\"inLanguage\":\"pt-BR\",\"@id\":\"https:\\\/\\\/secure.gravatar.com\\\/avatar\\\/3732c223e0e1fad69062a8f770955c9068d37b055204f310a0be18d4069fe380?s=96&d=mm&r=g\",\"url\":\"https:\\\/\\\/secure.gravatar.com\\\/avatar\\\/3732c223e0e1fad69062a8f770955c9068d37b055204f310a0be18d4069fe380?s=96&d=mm&r=g\",\"contentUrl\":\"https:\\\/\\\/secure.gravatar.com\\\/avatar\\\/3732c223e0e1fad69062a8f770955c9068d37b055204f310a0be18d4069fe380?s=96&d=mm&r=g\",\"caption\":\"Autor\"},\"sameAs\":[\"https:\\\/\\\/marketingmassivo.com.br\"],\"url\":\"https:\\\/\\\/fieam.org.br\\\/sesi\\\/author\\\/admin\\\/\"}]}<\/script>\n<!-- \/ Yoast SEO plugin. -->","yoast_head_json":{"title":"Empresa que investe em sa\u00fade e seguran\u00e7a tem menos preju\u00edzo, diz especialista do SESI - SESI","robots":{"index":"index","follow":"follow","max-snippet":"max-snippet:-1","max-image-preview":"max-image-preview:large","max-video-preview":"max-video-preview:-1"},"canonical":"https:\/\/fieam.org.br\/sesi\/empresa-que-investe-em-saude-e-seguranca-tem-menos-prejuizo-diz-especialista-do-sesi\/","og_locale":"pt_BR","og_type":"article","og_title":"Empresa que investe em sa\u00fade e seguran\u00e7a tem menos preju\u00edzo, diz especialista do SESI - SESI","og_description":"Custos com seguran\u00e7a e sa\u00fade no trabalho representam a segunda maior despesa para as empresas, atr\u00e1s apenas da folha de pagamento. A afirma\u00e7\u00e3o \u00e9 do especialista de Desenvolvimento Industrial da Unidade de Qualidade de Vida do Departamento Nacional do SESI,\u00a0 Gustavo Nicolai, que nesta sexta-feira (30) apresentou no Servi\u00e7o Social da Ind\u00fastria (SESI Amazonas) a [&hellip;]","og_url":"https:\/\/fieam.org.br\/sesi\/empresa-que-investe-em-saude-e-seguranca-tem-menos-prejuizo-diz-especialista-do-sesi\/","og_site_name":"SESI","article_published_time":"2016-10-03T14:43:47+00:00","author":"Autor","twitter_card":"summary_large_image","twitter_misc":{"Escrito por":"Autor","Est. tempo de leitura":"3 minutos"},"schema":{"@context":"https:\/\/schema.org","@graph":[{"@type":"Article","@id":"https:\/\/fieam.org.br\/sesi\/empresa-que-investe-em-saude-e-seguranca-tem-menos-prejuizo-diz-especialista-do-sesi\/#article","isPartOf":{"@id":"https:\/\/fieam.org.br\/sesi\/empresa-que-investe-em-saude-e-seguranca-tem-menos-prejuizo-diz-especialista-do-sesi\/"},"author":{"name":"Autor","@id":"https:\/\/fieam.org.br\/sesi\/#\/schema\/person\/f54998dd14d5f0695b41444f2b01c31e"},"headline":"Empresa que investe em sa\u00fade e seguran\u00e7a tem menos preju\u00edzo, diz especialista do SESI","datePublished":"2016-10-03T14:43:47+00:00","mainEntityOfPage":{"@id":"https:\/\/fieam.org.br\/sesi\/empresa-que-investe-em-saude-e-seguranca-tem-menos-prejuizo-diz-especialista-do-sesi\/"},"wordCount":711,"commentCount":1,"publisher":{"@id":"https:\/\/fieam.org.br\/sesi\/#organization"},"image":{"@id":"https:\/\/fieam.org.br\/sesi\/empresa-que-investe-em-saude-e-seguranca-tem-menos-prejuizo-diz-especialista-do-sesi\/#primaryimage"},"thumbnailUrl":"","articleSection":["News","News Destaque"],"inLanguage":"pt-BR","potentialAction":[{"@type":"CommentAction","name":"Comment","target":["https:\/\/fieam.org.br\/sesi\/empresa-que-investe-em-saude-e-seguranca-tem-menos-prejuizo-diz-especialista-do-sesi\/#respond"]}]},{"@type":"WebPage","@id":"https:\/\/fieam.org.br\/sesi\/empresa-que-investe-em-saude-e-seguranca-tem-menos-prejuizo-diz-especialista-do-sesi\/","url":"https:\/\/fieam.org.br\/sesi\/empresa-que-investe-em-saude-e-seguranca-tem-menos-prejuizo-diz-especialista-do-sesi\/","name":"Empresa que investe em sa\u00fade e seguran\u00e7a tem menos preju\u00edzo, diz especialista do SESI - SESI","isPartOf":{"@id":"https:\/\/fieam.org.br\/sesi\/#website"},"primaryImageOfPage":{"@id":"https:\/\/fieam.org.br\/sesi\/empresa-que-investe-em-saude-e-seguranca-tem-menos-prejuizo-diz-especialista-do-sesi\/#primaryimage"},"image":{"@id":"https:\/\/fieam.org.br\/sesi\/empresa-que-investe-em-saude-e-seguranca-tem-menos-prejuizo-diz-especialista-do-sesi\/#primaryimage"},"thumbnailUrl":"","datePublished":"2016-10-03T14:43:47+00:00","breadcrumb":{"@id":"https:\/\/fieam.org.br\/sesi\/empresa-que-investe-em-saude-e-seguranca-tem-menos-prejuizo-diz-especialista-do-sesi\/#breadcrumb"},"inLanguage":"pt-BR","potentialAction":[{"@type":"ReadAction","target":["https:\/\/fieam.org.br\/sesi\/empresa-que-investe-em-saude-e-seguranca-tem-menos-prejuizo-diz-especialista-do-sesi\/"]}]},{"@type":"ImageObject","inLanguage":"pt-BR","@id":"https:\/\/fieam.org.br\/sesi\/empresa-que-investe-em-saude-e-seguranca-tem-menos-prejuizo-diz-especialista-do-sesi\/#primaryimage","url":"","contentUrl":""},{"@type":"BreadcrumbList","@id":"https:\/\/fieam.org.br\/sesi\/empresa-que-investe-em-saude-e-seguranca-tem-menos-prejuizo-diz-especialista-do-sesi\/#breadcrumb","itemListElement":[{"@type":"ListItem","position":1,"name":"In\u00edcio","item":"https:\/\/fieam.org.br\/sesi\/"},{"@type":"ListItem","position":2,"name":"Empresa que investe em sa\u00fade e seguran\u00e7a tem menos preju\u00edzo, diz especialista do SESI"}]},{"@type":"WebSite","@id":"https:\/\/fieam.org.br\/sesi\/#website","url":"https:\/\/fieam.org.br\/sesi\/","name":"SESI","description":"Site Oficial!","publisher":{"@id":"https:\/\/fieam.org.br\/sesi\/#organization"},"potentialAction":[{"@type":"SearchAction","target":{"@type":"EntryPoint","urlTemplate":"https:\/\/fieam.org.br\/sesi\/?s={search_term_string}"},"query-input":{"@type":"PropertyValueSpecification","valueRequired":true,"valueName":"search_term_string"}}],"inLanguage":"pt-BR"},{"@type":"Organization","@id":"https:\/\/fieam.org.br\/sesi\/#organization","name":"SESI","url":"https:\/\/fieam.org.br\/sesi\/","logo":{"@type":"ImageObject","inLanguage":"pt-BR","@id":"https:\/\/fieam.org.br\/sesi\/#\/schema\/logo\/image\/","url":"https:\/\/fieam.org.br\/sesi\/wp-content\/uploads\/sites\/14\/2024\/03\/cropped-fav.png","contentUrl":"https:\/\/fieam.org.br\/sesi\/wp-content\/uploads\/sites\/14\/2024\/03\/cropped-fav.png","width":610,"height":589,"caption":"SESI"},"image":{"@id":"https:\/\/fieam.org.br\/sesi\/#\/schema\/logo\/image\/"}},{"@type":"Person","@id":"https:\/\/fieam.org.br\/sesi\/#\/schema\/person\/f54998dd14d5f0695b41444f2b01c31e","name":"Autor","image":{"@type":"ImageObject","inLanguage":"pt-BR","@id":"https:\/\/secure.gravatar.com\/avatar\/3732c223e0e1fad69062a8f770955c9068d37b055204f310a0be18d4069fe380?s=96&d=mm&r=g","url":"https:\/\/secure.gravatar.com\/avatar\/3732c223e0e1fad69062a8f770955c9068d37b055204f310a0be18d4069fe380?s=96&d=mm&r=g","contentUrl":"https:\/\/secure.gravatar.com\/avatar\/3732c223e0e1fad69062a8f770955c9068d37b055204f310a0be18d4069fe380?s=96&d=mm&r=g","caption":"Autor"},"sameAs":["https:\/\/marketingmassivo.com.br"],"url":"https:\/\/fieam.org.br\/sesi\/author\/admin\/"}]}},"_links":{"self":[{"href":"https:\/\/fieam.org.br\/sesi\/wp-json\/wp\/v2\/posts\/9315","targetHints":{"allow":["GET"]}}],"collection":[{"href":"https:\/\/fieam.org.br\/sesi\/wp-json\/wp\/v2\/posts"}],"about":[{"href":"https:\/\/fieam.org.br\/sesi\/wp-json\/wp\/v2\/types\/post"}],"author":[{"embeddable":true,"href":"https:\/\/fieam.org.br\/sesi\/wp-json\/wp\/v2\/users\/1"}],"replies":[{"embeddable":true,"href":"https:\/\/fieam.org.br\/sesi\/wp-json\/wp\/v2\/comments?post=9315"}],"version-history":[{"count":0,"href":"https:\/\/fieam.org.br\/sesi\/wp-json\/wp\/v2\/posts\/9315\/revisions"}],"wp:attachment":[{"href":"https:\/\/fieam.org.br\/sesi\/wp-json\/wp\/v2\/media?parent=9315"}],"wp:term":[{"taxonomy":"category","embeddable":true,"href":"https:\/\/fieam.org.br\/sesi\/wp-json\/wp\/v2\/categories?post=9315"},{"taxonomy":"post_tag","embeddable":true,"href":"https:\/\/fieam.org.br\/sesi\/wp-json\/wp\/v2\/tags?post=9315"}],"curies":[{"name":"wp","href":"https:\/\/api.w.org\/{rel}","templated":true}]}}