{"id":9304,"date":"2016-09-27T15:28:44","date_gmt":"2016-09-27T19:28:44","guid":{"rendered":"http:\/\/www.fieam.org.br\/2015\/sesi\/?p=9304"},"modified":"2016-09-27T15:28:44","modified_gmt":"2016-09-27T19:28:44","slug":"processo-seletivo-no-0020-2016-professor-especialista-sesi","status":"publish","type":"post","link":"https:\/\/fieam.org.br\/sesi\/processo-seletivo-no-0020-2016-professor-especialista-sesi\/","title":{"rendered":"Processo seletivo n\u00ba 0020-2016 \u2013 Professor Especialista\/Licenciatura  completa em Artes  \u2013 SESI"},"content":{"rendered":"<p>O <strong>SESI <\/strong>seleciona talentos para atuar na \u00e1rea abaixo solicitada com o seguinte perfil:<\/p>\n<p>&nbsp;<\/p>\n<p><strong>Professor Especialista <\/strong>\u00a0\u2013 1 vaga \/ Pr\u00e9-requisitos: Licenciatura\u00a0 completa em Artes, experi\u00eancia comprovada de no m\u00ednimo 6 meses na \u00e1rea. Processo de n\u00ba (0020-2016).<\/p>\n<p>&nbsp;<\/p>\n<p><strong>As inscri\u00e7\u00f5es ser\u00e3o realizadas das 16h at\u00e9 as 20h do dia 30\/09\/2016 e at\u00e9 17h30m do dia 06\/10\/2016. (Somente nos dias \u00fateis).<\/strong><\/p>\n<p>Esse contrato de trabalho ser\u00e1 por prazo determinado.<\/p>\n<p>O curr\u00edculo, junto com c\u00f3pia do certificado e comprovante de experi\u00eancia na \u00e1rea devem ser entregues na Recep\u00e7\u00e3o do Edif\u00edcio da FIEAM \u00e0 Av. Joaquim Nabuco N\u00ba 1919 \u2013 Centro de Manaus.<\/p>\n<p>Informar no curr\u00edculo o cargo pretendido, n\u00ba do Processo seletivo e e-mail. <strong>\u00a0<\/strong><\/p>\n<p>Os candidatos que se encontrarem dentro do perfil participar\u00e3o de entrevista t\u00e9cnica. No dia 11\/10\/2016 ser\u00e1 divulgado no site todas as informa\u00e7\u00f5es em rela\u00e7\u00e3o \u00e0 data, hor\u00e1rio e local.<\/p>\n<p>&nbsp;<\/p>\n<table width=\"597\">\n<tbody>\n<tr>\n<td style=\"text-align: center\" width=\"596\"><strong>CRONOGRAMA<\/strong><\/td>\n<\/tr>\n<tr>\n<td width=\"596\">&nbsp;<\/p>\n<ul>\n<li><strong>RECEBIMENTO DOS CURR\u00cdCULOS E C\u00d3PIAS DAS DOCUMENTA\u00c7\u00d5ES SOLICITADAS ACIMA \/ INSCRI\u00c7\u00c3O: \u00a0 <\/strong>As inscri\u00e7\u00f5es ser\u00e3o realizadas das 16h at\u00e9 as 20h do dia 30\/09\/2016 e at\u00e9 17h30 do dia 06\/10\/2016. (Somente nos dias \u00fateis).<\/li>\n<\/ul>\n<p>&nbsp;<\/td>\n<\/tr>\n<tr>\n<td width=\"596\">\n<ul>\n<li><strong>LOCAL de RECEBIMENTO: \u00a0<\/strong>Recep\u00e7\u00e3o do Edif\u00edcio FIEAM.<\/li>\n<\/ul>\n<p>&nbsp;<\/td>\n<\/tr>\n<tr>\n<td width=\"596\">\n<ul>\n<li><strong>AN\u00c1LISE CURRICULAR E DOCUMENTAL: <\/strong>07\/10\/2016.<\/li>\n<\/ul>\n<p>&nbsp;<\/td>\n<\/tr>\n<tr>\n<td width=\"596\">\n<ul>\n<li><strong>DIVULGA\u00c7\u00c3O NO SITE dos candidatos selecionados: <\/strong>10\/10\/2016. <a href=\"http:\/\/www.fieam.org.br\/2015\/sesi\/wp-content\/uploads\/sites\/2\/2016\/09\/CONVOCA\u00c7\u00c3O-PARA-ETAPA-DE-ENTREVISTA-T\u00c9CNICA-SESI-Professor-Especialista-Artes-N\u00ba-0020-2016.pdf\"><strong>Clique aqui.<\/strong><\/a><\/li>\n<\/ul>\n<p>&nbsp;<\/td>\n<\/tr>\n<tr>\n<td width=\"596\">\n<ul>\n<li><strong>ENTREVISTA T\u00c9CNICA com os candidatos habilitados: <\/strong>11\/10\/2016 (pela manh\u00e3).<\/li>\n<\/ul>\n<\/td>\n<\/tr>\n<tr>\n<td width=\"596\"><strong>\u00a0<\/strong><\/td>\n<\/tr>\n<tr>\n<td width=\"596\">\n<ul>\n<li><strong>RESULTADO FINAL NO SITE dos candidatos habilitados: <\/strong>13\/10\/2016 (A partir das 14h). <a href=\"http:\/\/www.fieam.org.br\/2015\/sesi\/wp-content\/uploads\/sites\/2\/2016\/09\/RESULTADO-FINAL-Professor-Especialista-Artes-SESI-N\u00ba-0020-2016.pdf\">Clique aqui. <\/a><\/li>\n<\/ul>\n<p>&nbsp;<\/p>\n<p>&nbsp;<\/p>\n<p>&nbsp;<\/td>\n<\/tr>\n<\/tbody>\n<\/table>\n<p>&nbsp;<\/p>\n","protected":false},"excerpt":{"rendered":"<p>O SESI seleciona talentos para atuar na \u00e1rea abaixo solicitada com o seguinte perfil: &nbsp; Professor Especialista \u00a0\u2013 1 vaga \/ Pr\u00e9-requisitos: Licenciatura\u00a0 completa em Artes, experi\u00eancia comprovada de no m\u00ednimo 6 meses na \u00e1rea. Processo de n\u00ba (0020-2016). &nbsp; As inscri\u00e7\u00f5es ser\u00e3o realizadas das 16h at\u00e9 as 20h do dia 30\/09\/2016 e at\u00e9 17h30m [&hellip;]<\/p>\n","protected":false},"author":1,"featured_media":3781,"comment_status":"open","ping_status":"open","sticky":false,"template":"","format":"standard","meta":{"footnotes":""},"categories":[28],"tags":[],"class_list":["post-9304","post","type-post","status-publish","format-standard","has-post-thumbnail","hentry","category-selecao"],"yoast_head":"<!-- This site is optimized with the Yoast SEO plugin v28.2 - https:\/\/yoast.com\/product\/yoast-seo-wordpress\/ -->\n<title>Processo seletivo n\u00ba 0020-2016 \u2013 Professor Especialista\/Licenciatura completa em Artes \u2013 SESI - SESI<\/title>\n<meta name=\"robots\" content=\"index, follow, max-snippet:-1, max-image-preview:large, max-video-preview:-1\" \/>\n<link rel=\"canonical\" href=\"https:\/\/fieam.org.br\/sesi\/processo-seletivo-no-0020-2016-professor-especialista-sesi\/\" \/>\n<meta property=\"og:locale\" content=\"pt_BR\" \/>\n<meta property=\"og:type\" content=\"article\" \/>\n<meta property=\"og:title\" content=\"Processo seletivo n\u00ba 0020-2016 \u2013 Professor Especialista\/Licenciatura completa em Artes \u2013 SESI - SESI\" \/>\n<meta property=\"og:description\" content=\"O SESI seleciona talentos para atuar na \u00e1rea abaixo solicitada com o seguinte perfil: &nbsp; Professor Especialista \u00a0\u2013 1 vaga \/ Pr\u00e9-requisitos: Licenciatura\u00a0 completa em Artes, experi\u00eancia comprovada de no m\u00ednimo 6 meses na \u00e1rea. Processo de n\u00ba (0020-2016). &nbsp; As inscri\u00e7\u00f5es ser\u00e3o realizadas das 16h at\u00e9 as 20h do dia 30\/09\/2016 e at\u00e9 17h30m [&hellip;]\" \/>\n<meta property=\"og:url\" content=\"https:\/\/fieam.org.br\/sesi\/processo-seletivo-no-0020-2016-professor-especialista-sesi\/\" \/>\n<meta property=\"og:site_name\" content=\"SESI\" \/>\n<meta property=\"article:published_time\" content=\"2016-09-27T19:28:44+00:00\" \/>\n<meta property=\"og:image\" content=\"https:\/\/fieam.org.br\/sesi\/wp-content\/uploads\/sites\/14\/2012\/12\/selecao.jpg\" \/>\n\t<meta property=\"og:image:width\" content=\"250\" \/>\n\t<meta property=\"og:image:height\" content=\"250\" \/>\n\t<meta property=\"og:image:type\" content=\"image\/jpeg\" \/>\n<meta name=\"author\" content=\"Autor\" \/>\n<meta name=\"twitter:card\" content=\"summary_large_image\" \/>\n<meta name=\"twitter:label1\" content=\"Escrito por\" \/>\n\t<meta name=\"twitter:data1\" content=\"Autor\" \/>\n\t<meta name=\"twitter:label2\" content=\"Est. tempo de leitura\" \/>\n\t<meta name=\"twitter:data2\" content=\"1 minuto\" \/>\n<script type=\"application\/ld+json\" class=\"yoast-schema-graph\">{\"@context\":\"https:\\\/\\\/schema.org\",\"@graph\":[{\"@type\":\"Article\",\"@id\":\"https:\\\/\\\/fieam.org.br\\\/sesi\\\/processo-seletivo-no-0020-2016-professor-especialista-sesi\\\/#article\",\"isPartOf\":{\"@id\":\"https:\\\/\\\/fieam.org.br\\\/sesi\\\/processo-seletivo-no-0020-2016-professor-especialista-sesi\\\/\"},\"author\":{\"name\":\"Autor\",\"@id\":\"https:\\\/\\\/fieam.org.br\\\/sesi\\\/#\\\/schema\\\/person\\\/f54998dd14d5f0695b41444f2b01c31e\"},\"headline\":\"Processo seletivo n\u00ba 0020-2016 \u2013 Professor Especialista\\\/Licenciatura completa em Artes \u2013 SESI\",\"datePublished\":\"2016-09-27T19:28:44+00:00\",\"mainEntityOfPage\":{\"@id\":\"https:\\\/\\\/fieam.org.br\\\/sesi\\\/processo-seletivo-no-0020-2016-professor-especialista-sesi\\\/\"},\"wordCount\":252,\"commentCount\":0,\"publisher\":{\"@id\":\"https:\\\/\\\/fieam.org.br\\\/sesi\\\/#organization\"},\"image\":{\"@id\":\"https:\\\/\\\/fieam.org.br\\\/sesi\\\/processo-seletivo-no-0020-2016-professor-especialista-sesi\\\/#primaryimage\"},\"thumbnailUrl\":\"https:\\\/\\\/fieam.org.br\\\/sesi\\\/wp-content\\\/uploads\\\/sites\\\/14\\\/2012\\\/12\\\/selecao.jpg\",\"articleSection\":[\"selecao\"],\"inLanguage\":\"pt-BR\",\"potentialAction\":[{\"@type\":\"CommentAction\",\"name\":\"Comment\",\"target\":[\"https:\\\/\\\/fieam.org.br\\\/sesi\\\/processo-seletivo-no-0020-2016-professor-especialista-sesi\\\/#respond\"]}]},{\"@type\":\"WebPage\",\"@id\":\"https:\\\/\\\/fieam.org.br\\\/sesi\\\/processo-seletivo-no-0020-2016-professor-especialista-sesi\\\/\",\"url\":\"https:\\\/\\\/fieam.org.br\\\/sesi\\\/processo-seletivo-no-0020-2016-professor-especialista-sesi\\\/\",\"name\":\"Processo seletivo n\u00ba 0020-2016 \u2013 Professor Especialista\\\/Licenciatura completa em Artes \u2013 SESI - SESI\",\"isPartOf\":{\"@id\":\"https:\\\/\\\/fieam.org.br\\\/sesi\\\/#website\"},\"primaryImageOfPage\":{\"@id\":\"https:\\\/\\\/fieam.org.br\\\/sesi\\\/processo-seletivo-no-0020-2016-professor-especialista-sesi\\\/#primaryimage\"},\"image\":{\"@id\":\"https:\\\/\\\/fieam.org.br\\\/sesi\\\/processo-seletivo-no-0020-2016-professor-especialista-sesi\\\/#primaryimage\"},\"thumbnailUrl\":\"https:\\\/\\\/fieam.org.br\\\/sesi\\\/wp-content\\\/uploads\\\/sites\\\/14\\\/2012\\\/12\\\/selecao.jpg\",\"datePublished\":\"2016-09-27T19:28:44+00:00\",\"breadcrumb\":{\"@id\":\"https:\\\/\\\/fieam.org.br\\\/sesi\\\/processo-seletivo-no-0020-2016-professor-especialista-sesi\\\/#breadcrumb\"},\"inLanguage\":\"pt-BR\",\"potentialAction\":[{\"@type\":\"ReadAction\",\"target\":[\"https:\\\/\\\/fieam.org.br\\\/sesi\\\/processo-seletivo-no-0020-2016-professor-especialista-sesi\\\/\"]}]},{\"@type\":\"ImageObject\",\"inLanguage\":\"pt-BR\",\"@id\":\"https:\\\/\\\/fieam.org.br\\\/sesi\\\/processo-seletivo-no-0020-2016-professor-especialista-sesi\\\/#primaryimage\",\"url\":\"https:\\\/\\\/fieam.org.br\\\/sesi\\\/wp-content\\\/uploads\\\/sites\\\/14\\\/2012\\\/12\\\/selecao.jpg\",\"contentUrl\":\"https:\\\/\\\/fieam.org.br\\\/sesi\\\/wp-content\\\/uploads\\\/sites\\\/14\\\/2012\\\/12\\\/selecao.jpg\",\"width\":250,\"height\":250,\"caption\":\"Sele\u00e7\u00e3o\"},{\"@type\":\"BreadcrumbList\",\"@id\":\"https:\\\/\\\/fieam.org.br\\\/sesi\\\/processo-seletivo-no-0020-2016-professor-especialista-sesi\\\/#breadcrumb\",\"itemListElement\":[{\"@type\":\"ListItem\",\"position\":1,\"name\":\"In\u00edcio\",\"item\":\"https:\\\/\\\/fieam.org.br\\\/sesi\\\/\"},{\"@type\":\"ListItem\",\"position\":2,\"name\":\"Processo seletivo n\u00ba 0020-2016 \u2013 Professor Especialista\\\/Licenciatura completa em Artes \u2013 SESI\"}]},{\"@type\":\"WebSite\",\"@id\":\"https:\\\/\\\/fieam.org.br\\\/sesi\\\/#website\",\"url\":\"https:\\\/\\\/fieam.org.br\\\/sesi\\\/\",\"name\":\"SESI\",\"description\":\"Site Oficial!\",\"publisher\":{\"@id\":\"https:\\\/\\\/fieam.org.br\\\/sesi\\\/#organization\"},\"potentialAction\":[{\"@type\":\"SearchAction\",\"target\":{\"@type\":\"EntryPoint\",\"urlTemplate\":\"https:\\\/\\\/fieam.org.br\\\/sesi\\\/?s={search_term_string}\"},\"query-input\":{\"@type\":\"PropertyValueSpecification\",\"valueRequired\":true,\"valueName\":\"search_term_string\"}}],\"inLanguage\":\"pt-BR\"},{\"@type\":\"Organization\",\"@id\":\"https:\\\/\\\/fieam.org.br\\\/sesi\\\/#organization\",\"name\":\"SESI\",\"url\":\"https:\\\/\\\/fieam.org.br\\\/sesi\\\/\",\"logo\":{\"@type\":\"ImageObject\",\"inLanguage\":\"pt-BR\",\"@id\":\"https:\\\/\\\/fieam.org.br\\\/sesi\\\/#\\\/schema\\\/logo\\\/image\\\/\",\"url\":\"https:\\\/\\\/fieam.org.br\\\/sesi\\\/wp-content\\\/uploads\\\/sites\\\/14\\\/2024\\\/03\\\/cropped-fav.png\",\"contentUrl\":\"https:\\\/\\\/fieam.org.br\\\/sesi\\\/wp-content\\\/uploads\\\/sites\\\/14\\\/2024\\\/03\\\/cropped-fav.png\",\"width\":610,\"height\":589,\"caption\":\"SESI\"},\"image\":{\"@id\":\"https:\\\/\\\/fieam.org.br\\\/sesi\\\/#\\\/schema\\\/logo\\\/image\\\/\"}},{\"@type\":\"Person\",\"@id\":\"https:\\\/\\\/fieam.org.br\\\/sesi\\\/#\\\/schema\\\/person\\\/f54998dd14d5f0695b41444f2b01c31e\",\"name\":\"Autor\",\"image\":{\"@type\":\"ImageObject\",\"inLanguage\":\"pt-BR\",\"@id\":\"https:\\\/\\\/secure.gravatar.com\\\/avatar\\\/3732c223e0e1fad69062a8f770955c9068d37b055204f310a0be18d4069fe380?s=96&d=mm&r=g\",\"url\":\"https:\\\/\\\/secure.gravatar.com\\\/avatar\\\/3732c223e0e1fad69062a8f770955c9068d37b055204f310a0be18d4069fe380?s=96&d=mm&r=g\",\"contentUrl\":\"https:\\\/\\\/secure.gravatar.com\\\/avatar\\\/3732c223e0e1fad69062a8f770955c9068d37b055204f310a0be18d4069fe380?s=96&d=mm&r=g\",\"caption\":\"Autor\"},\"sameAs\":[\"https:\\\/\\\/marketingmassivo.com.br\"],\"url\":\"https:\\\/\\\/fieam.org.br\\\/sesi\\\/author\\\/admin\\\/\"}]}<\/script>\n<!-- \/ Yoast SEO plugin. -->","yoast_head_json":{"title":"Processo seletivo n\u00ba 0020-2016 \u2013 Professor Especialista\/Licenciatura completa em Artes \u2013 SESI - SESI","robots":{"index":"index","follow":"follow","max-snippet":"max-snippet:-1","max-image-preview":"max-image-preview:large","max-video-preview":"max-video-preview:-1"},"canonical":"https:\/\/fieam.org.br\/sesi\/processo-seletivo-no-0020-2016-professor-especialista-sesi\/","og_locale":"pt_BR","og_type":"article","og_title":"Processo seletivo n\u00ba 0020-2016 \u2013 Professor Especialista\/Licenciatura completa em Artes \u2013 SESI - SESI","og_description":"O SESI seleciona talentos para atuar na \u00e1rea abaixo solicitada com o seguinte perfil: &nbsp; Professor Especialista \u00a0\u2013 1 vaga \/ Pr\u00e9-requisitos: Licenciatura\u00a0 completa em Artes, experi\u00eancia comprovada de no m\u00ednimo 6 meses na \u00e1rea. Processo de n\u00ba (0020-2016). &nbsp; As inscri\u00e7\u00f5es ser\u00e3o realizadas das 16h at\u00e9 as 20h do dia 30\/09\/2016 e at\u00e9 17h30m [&hellip;]","og_url":"https:\/\/fieam.org.br\/sesi\/processo-seletivo-no-0020-2016-professor-especialista-sesi\/","og_site_name":"SESI","article_published_time":"2016-09-27T19:28:44+00:00","og_image":[{"width":250,"height":250,"url":"https:\/\/fieam.org.br\/sesi\/wp-content\/uploads\/sites\/14\/2012\/12\/selecao.jpg","type":"image\/jpeg"}],"author":"Autor","twitter_card":"summary_large_image","twitter_misc":{"Escrito por":"Autor","Est. tempo de leitura":"1 minuto"},"schema":{"@context":"https:\/\/schema.org","@graph":[{"@type":"Article","@id":"https:\/\/fieam.org.br\/sesi\/processo-seletivo-no-0020-2016-professor-especialista-sesi\/#article","isPartOf":{"@id":"https:\/\/fieam.org.br\/sesi\/processo-seletivo-no-0020-2016-professor-especialista-sesi\/"},"author":{"name":"Autor","@id":"https:\/\/fieam.org.br\/sesi\/#\/schema\/person\/f54998dd14d5f0695b41444f2b01c31e"},"headline":"Processo seletivo n\u00ba 0020-2016 \u2013 Professor Especialista\/Licenciatura completa em Artes \u2013 SESI","datePublished":"2016-09-27T19:28:44+00:00","mainEntityOfPage":{"@id":"https:\/\/fieam.org.br\/sesi\/processo-seletivo-no-0020-2016-professor-especialista-sesi\/"},"wordCount":252,"commentCount":0,"publisher":{"@id":"https:\/\/fieam.org.br\/sesi\/#organization"},"image":{"@id":"https:\/\/fieam.org.br\/sesi\/processo-seletivo-no-0020-2016-professor-especialista-sesi\/#primaryimage"},"thumbnailUrl":"https:\/\/fieam.org.br\/sesi\/wp-content\/uploads\/sites\/14\/2012\/12\/selecao.jpg","articleSection":["selecao"],"inLanguage":"pt-BR","potentialAction":[{"@type":"CommentAction","name":"Comment","target":["https:\/\/fieam.org.br\/sesi\/processo-seletivo-no-0020-2016-professor-especialista-sesi\/#respond"]}]},{"@type":"WebPage","@id":"https:\/\/fieam.org.br\/sesi\/processo-seletivo-no-0020-2016-professor-especialista-sesi\/","url":"https:\/\/fieam.org.br\/sesi\/processo-seletivo-no-0020-2016-professor-especialista-sesi\/","name":"Processo seletivo n\u00ba 0020-2016 \u2013 Professor Especialista\/Licenciatura completa em Artes \u2013 SESI - SESI","isPartOf":{"@id":"https:\/\/fieam.org.br\/sesi\/#website"},"primaryImageOfPage":{"@id":"https:\/\/fieam.org.br\/sesi\/processo-seletivo-no-0020-2016-professor-especialista-sesi\/#primaryimage"},"image":{"@id":"https:\/\/fieam.org.br\/sesi\/processo-seletivo-no-0020-2016-professor-especialista-sesi\/#primaryimage"},"thumbnailUrl":"https:\/\/fieam.org.br\/sesi\/wp-content\/uploads\/sites\/14\/2012\/12\/selecao.jpg","datePublished":"2016-09-27T19:28:44+00:00","breadcrumb":{"@id":"https:\/\/fieam.org.br\/sesi\/processo-seletivo-no-0020-2016-professor-especialista-sesi\/#breadcrumb"},"inLanguage":"pt-BR","potentialAction":[{"@type":"ReadAction","target":["https:\/\/fieam.org.br\/sesi\/processo-seletivo-no-0020-2016-professor-especialista-sesi\/"]}]},{"@type":"ImageObject","inLanguage":"pt-BR","@id":"https:\/\/fieam.org.br\/sesi\/processo-seletivo-no-0020-2016-professor-especialista-sesi\/#primaryimage","url":"https:\/\/fieam.org.br\/sesi\/wp-content\/uploads\/sites\/14\/2012\/12\/selecao.jpg","contentUrl":"https:\/\/fieam.org.br\/sesi\/wp-content\/uploads\/sites\/14\/2012\/12\/selecao.jpg","width":250,"height":250,"caption":"Sele\u00e7\u00e3o"},{"@type":"BreadcrumbList","@id":"https:\/\/fieam.org.br\/sesi\/processo-seletivo-no-0020-2016-professor-especialista-sesi\/#breadcrumb","itemListElement":[{"@type":"ListItem","position":1,"name":"In\u00edcio","item":"https:\/\/fieam.org.br\/sesi\/"},{"@type":"ListItem","position":2,"name":"Processo seletivo n\u00ba 0020-2016 \u2013 Professor Especialista\/Licenciatura completa em Artes \u2013 SESI"}]},{"@type":"WebSite","@id":"https:\/\/fieam.org.br\/sesi\/#website","url":"https:\/\/fieam.org.br\/sesi\/","name":"SESI","description":"Site Oficial!","publisher":{"@id":"https:\/\/fieam.org.br\/sesi\/#organization"},"potentialAction":[{"@type":"SearchAction","target":{"@type":"EntryPoint","urlTemplate":"https:\/\/fieam.org.br\/sesi\/?s={search_term_string}"},"query-input":{"@type":"PropertyValueSpecification","valueRequired":true,"valueName":"search_term_string"}}],"inLanguage":"pt-BR"},{"@type":"Organization","@id":"https:\/\/fieam.org.br\/sesi\/#organization","name":"SESI","url":"https:\/\/fieam.org.br\/sesi\/","logo":{"@type":"ImageObject","inLanguage":"pt-BR","@id":"https:\/\/fieam.org.br\/sesi\/#\/schema\/logo\/image\/","url":"https:\/\/fieam.org.br\/sesi\/wp-content\/uploads\/sites\/14\/2024\/03\/cropped-fav.png","contentUrl":"https:\/\/fieam.org.br\/sesi\/wp-content\/uploads\/sites\/14\/2024\/03\/cropped-fav.png","width":610,"height":589,"caption":"SESI"},"image":{"@id":"https:\/\/fieam.org.br\/sesi\/#\/schema\/logo\/image\/"}},{"@type":"Person","@id":"https:\/\/fieam.org.br\/sesi\/#\/schema\/person\/f54998dd14d5f0695b41444f2b01c31e","name":"Autor","image":{"@type":"ImageObject","inLanguage":"pt-BR","@id":"https:\/\/secure.gravatar.com\/avatar\/3732c223e0e1fad69062a8f770955c9068d37b055204f310a0be18d4069fe380?s=96&d=mm&r=g","url":"https:\/\/secure.gravatar.com\/avatar\/3732c223e0e1fad69062a8f770955c9068d37b055204f310a0be18d4069fe380?s=96&d=mm&r=g","contentUrl":"https:\/\/secure.gravatar.com\/avatar\/3732c223e0e1fad69062a8f770955c9068d37b055204f310a0be18d4069fe380?s=96&d=mm&r=g","caption":"Autor"},"sameAs":["https:\/\/marketingmassivo.com.br"],"url":"https:\/\/fieam.org.br\/sesi\/author\/admin\/"}]}},"_links":{"self":[{"href":"https:\/\/fieam.org.br\/sesi\/wp-json\/wp\/v2\/posts\/9304","targetHints":{"allow":["GET"]}}],"collection":[{"href":"https:\/\/fieam.org.br\/sesi\/wp-json\/wp\/v2\/posts"}],"about":[{"href":"https:\/\/fieam.org.br\/sesi\/wp-json\/wp\/v2\/types\/post"}],"author":[{"embeddable":true,"href":"https:\/\/fieam.org.br\/sesi\/wp-json\/wp\/v2\/users\/1"}],"replies":[{"embeddable":true,"href":"https:\/\/fieam.org.br\/sesi\/wp-json\/wp\/v2\/comments?post=9304"}],"version-history":[{"count":0,"href":"https:\/\/fieam.org.br\/sesi\/wp-json\/wp\/v2\/posts\/9304\/revisions"}],"wp:featuredmedia":[{"embeddable":true,"href":"https:\/\/fieam.org.br\/sesi\/wp-json\/wp\/v2\/media\/3781"}],"wp:attachment":[{"href":"https:\/\/fieam.org.br\/sesi\/wp-json\/wp\/v2\/media?parent=9304"}],"wp:term":[{"taxonomy":"category","embeddable":true,"href":"https:\/\/fieam.org.br\/sesi\/wp-json\/wp\/v2\/categories?post=9304"},{"taxonomy":"post_tag","embeddable":true,"href":"https:\/\/fieam.org.br\/sesi\/wp-json\/wp\/v2\/tags?post=9304"}],"curies":[{"name":"wp","href":"https:\/\/api.w.org\/{rel}","templated":true}]}}