{"id":918,"date":"2011-04-19T14:54:57","date_gmt":"2011-04-19T14:54:57","guid":{"rendered":"http:\/\/www.fieam.org.br\/site\/sesi\/?p=918"},"modified":"2011-04-19T14:54:57","modified_gmt":"2011-04-19T14:54:57","slug":"cenario-atual-em-sst-e-discutido-em-forum-do-sesi","status":"publish","type":"post","link":"https:\/\/fieam.org.br\/sesi\/cenario-atual-em-sst-e-discutido-em-forum-do-sesi\/","title":{"rendered":"Cen\u00e1rio atual em SST \u00e9 discutido em F\u00f3rum do SESI"},"content":{"rendered":"<figure id=\"attachment_919\" aria-describedby=\"caption-attachment-919\" style=\"width: 665px\" class=\"wp-caption aligncenter\"><a href=\"http:\/\/www.fieam.org.br\/site\/sesi\/files\/2011\/04\/foto-materia-1.jpg\"><img fetchpriority=\"high\" decoding=\"async\" class=\"size-full wp-image-919\" src=\"http:\/\/www.fieam.org.br\/site\/sesi\/files\/2011\/04\/foto-materia-1.jpg\" alt=\"\" width=\"665\" height=\"300\" srcset=\"https:\/\/fieam.org.br\/sesi\/wp-content\/uploads\/sites\/14\/2011\/04\/foto-materia-1.jpg 665w, https:\/\/fieam.org.br\/sesi\/wp-content\/uploads\/sites\/14\/2011\/04\/foto-materia-1-300x135.jpg 300w\" sizes=\"(max-width: 665px) 100vw, 665px\" \/><\/a><figcaption id=\"caption-attachment-919\" class=\"wp-caption-text\">Analista de Pol\u00edticas e Ind\u00fastria da Confedera\u00e7\u00e3o Nacional da Ind\u00fastria (CNI), Cl\u00f3vis Veloso de Queiroz Neto<\/figcaption><\/figure>\n<p>O SAT &#8211; Seguro de Acidentes do Trabalho, que hoje varia de 1 a 3% sobre a folha de sal\u00e1rios, de acordo com o grau de risco das empresas, pode ser flexibilizado em 50% ou aumentado em 100%, de acordo com o desempenho da empresa na gest\u00e3o de seguran\u00e7a e sa\u00fade no trabalho. As empresas que demonstrarem bom resultado na preven\u00e7\u00e3o de acidentes e doen\u00e7as ser\u00e3o beneficiadas com um SAT menor. Em contrapartida, as negligentes pagar\u00e3o uma contribui\u00e7\u00e3o ainda maior.<\/p>\n<p>A constata\u00e7\u00e3o \u00e9 do analista de Pol\u00edticas e Ind\u00fastria da Confedera\u00e7\u00e3o Nacional da Ind\u00fastria (CNI), Cl\u00f3vis Veloso de Queiroz Neto, que abordou o cen\u00e1rio atual e futuro das pol\u00edticas de Sa\u00fade e Seguran\u00e7a do Trabalho, durante o III F\u00f3rum do SESI Amazonas em Sa\u00fade e Seguran\u00e7a no Trabalho, realizado dia 15, no audit\u00f3rio da Unidade de Educa\u00e7\u00e3o do SESI, localizada no Distrito Industrial.<\/p>\n<figure id=\"attachment_920\" aria-describedby=\"caption-attachment-920\" style=\"width: 665px\" class=\"wp-caption aligncenter\"><a href=\"http:\/\/www.fieam.org.br\/site\/sesi\/files\/2011\/04\/foto-materia-2.jpg\"><img decoding=\"async\" class=\"size-full wp-image-920\" src=\"http:\/\/www.fieam.org.br\/site\/sesi\/files\/2011\/04\/foto-materia-2.jpg\" alt=\"\" width=\"665\" height=\"300\" srcset=\"https:\/\/fieam.org.br\/sesi\/wp-content\/uploads\/sites\/14\/2011\/04\/foto-materia-2.jpg 665w, https:\/\/fieam.org.br\/sesi\/wp-content\/uploads\/sites\/14\/2011\/04\/foto-materia-2-300x135.jpg 300w\" sizes=\"(max-width: 665px) 100vw, 665px\" \/><\/a><figcaption id=\"caption-attachment-920\" class=\"wp-caption-text\">Mais de 300 pessoas, entre engenheiros, t\u00e9cnicos e an\u00e1listas de RH, prestigiaram o evento<\/figcaption><\/figure>\n<p>Queiroz Neto alerta: \u201ca empresa que acidenta mais paga mais e a que acidenta menos paga menos. Sem contar com os reflexos provocados pelo trabalho, como estabilidade, FGTS retroativo, danos morais, danos materiais na Justi\u00e7a do Trabalho, entre outros.\u201d,<\/p>\n<p>O Projeto de Lei n\u00b0 7202\/2010, do deputado Ricardo Berzoini (PT\/SP), que equipara ofensa f\u00edsica ou moral intencional a acidente de trabalho; O PLS 262\/2010 &#8211; do Sen. Marcelo Crivella (PRB\/RJ), que \u201ctorna obrigat\u00f3rio o uso de equipamentos de prote\u00e7\u00e3o auditiva nos ambientes de trabalho em que haja a produ\u00e7\u00e3o de ru\u00eddos cont\u00ednuos superiores a cinquenta decib\u00e9is\u201d; e o PL 3890\/2000 \u2013 que fala sobre a obrigatoriedade de exame peri\u00f3dico de pr\u00f3stata pago pelo empregador, tamb\u00e9m foram apresentadas pelo analista.<\/p>\n<p>Os acidentes de trabalho (principalmente no ramo da constru\u00e7\u00e3o civil), as LER- les\u00f5es por esfor\u00e7o repetitivo e DORT &#8211; doen\u00e7as osteomusculares relacionadas ao trabalho &#8211; e as doen\u00e7as comportamentais, respectivamente, foram apontadas pelo consultor da Confedera\u00e7\u00e3o Nacional da Ind\u00fastria (CNI), Paulo Reis, durante sua palestra \u201cChoque de gest\u00e3o em SST como elemento cultural\u201d, como as principais causas que afastam os trabalhadores do seu ambiente de trabalho.<\/p>\n<p>Segundo Reis, a\u00e7\u00f5es simples como rotatividade, repouso, corre\u00e7\u00e3o de imobili\u00e1rio podem eliminar ou diminuir esse quadro. O consultor afirma que \u00e9 simplesmente cumprir a lei. \u201cO mais relevante disso tudo \u00e9 o valor que a empresa d\u00e1 a vida das pessoas, independente dos gastos em SST, falo de uma quest\u00e3o moral e \u00e9tica com os trabalhadores. Sa\u00fade \u00e9 um tema muito importante para ser responsabilidade apenas dos m\u00e9dicos, tem que haver comprometimento de uma equipe multidisciplinar formada por engenheiros, t\u00e9cnicos, entre outros\u201d, disse.<\/p>\n<p>A consultora da Bureau Veritas, Cheila de Oliveira, acrescentou que n\u00e3o basta o cumprimento de normas e o desenvolvimento de programas em SST, a preocupa\u00e7\u00e3o com o trabalhador deve fazer parte da gest\u00e3o sustent\u00e1vel da empresa. \u201cDe nada valem os certificados se a empresas e suas pessoas n\u00e3o possuem esses valores. E tudo isso est\u00e1 diretamente relacionado com os neg\u00f3cios da empresa, na medida em que interfere no faturamento e na sua imagem institucional.<\/p>\n<p>Durante o evento, o analista de Pol\u00edticas e Ind\u00fastria da Confedera\u00e7\u00e3o Nacional da Ind\u00fastria (CNI), Cl\u00f3vis Veloso de Queiroz Neto, proferiu tamb\u00e9m a palestra \u201cInd\u00fastria Saud\u00e1vel: SST nas empresas, na qual os servi\u00e7os, programas e projetos oferecidos pelo SESI na \u00e1rea foram apresentados a cerca de 300 participantes, na maioria, engenheiros, t\u00e9cnicos e gestores de Recursos Humanos de empresas do Polo Industrial de Manaus (PIM).<\/p>\n<p>A supervisora de RH do grupo Bertoline da Amaz\u00f4nia, Socorro Serr\u00e3o, esteve presente no evento, e constata a preocupa\u00e7\u00e3o da empresa com o tema. \u201cEm parceria com o SESI, estamos fazendo uma avalia\u00e7\u00e3o interna. Com ela vamos conhecer a sa\u00fade e a seguran\u00e7a de nossos trabalhadores e, a partir de ent\u00e3o, aderir programas e a\u00e7\u00f5es que trabalhem a quest\u00e3o. \u201cIniciativas como esse F\u00f3rum s\u00e3o muito importantes para as empresas, al\u00e9m de nos atualizar sobre as normas, nos desperta para uma gest\u00e3o sustent\u00e1vel e nos d\u00e1 solu\u00e7\u00f5es de como fazer, por meio dos programas do SESI, disse.<\/p>\n<figure id=\"attachment_921\" aria-describedby=\"caption-attachment-921\" style=\"width: 665px\" class=\"wp-caption aligncenter\"><a href=\"http:\/\/www.fieam.org.br\/site\/sesi\/files\/2011\/04\/foto-materia-31.jpg\"><img decoding=\"async\" class=\"size-full wp-image-921\" src=\"http:\/\/www.fieam.org.br\/site\/sesi\/files\/2011\/04\/foto-materia-31.jpg\" alt=\"\" width=\"665\" height=\"300\" srcset=\"https:\/\/fieam.org.br\/sesi\/wp-content\/uploads\/sites\/14\/2011\/04\/foto-materia-31.jpg 665w, https:\/\/fieam.org.br\/sesi\/wp-content\/uploads\/sites\/14\/2011\/04\/foto-materia-31-300x135.jpg 300w\" sizes=\"(max-width: 665px) 100vw, 665px\" \/><\/a><figcaption id=\"caption-attachment-921\" class=\"wp-caption-text\">Palestrantes do evento esclarecem d\u00favidas da Ind\u00fastria sobre SST<\/figcaption><\/figure>\n<p>[nggallery id=27]<\/p>\n","protected":false},"excerpt":{"rendered":"<p>Durante o evento, o analista de Pol\u00edticas e Ind\u00fastria da Confedera\u00e7\u00e3o Nacional da Ind\u00fastria (CNI), Cl\u00f3vis Veloso de Queiroz Neto, proferiu tamb\u00e9m a palestra \u201cInd\u00fastria Saud\u00e1vel&#8221;<\/p>\n","protected":false},"author":1,"featured_media":0,"comment_status":"open","ping_status":"open","sticky":false,"template":"","format":"standard","meta":{"footnotes":""},"categories":[25],"tags":[51],"class_list":["post-918","post","type-post","status-publish","format-standard","hentry","category-news","tag-cenario-atual-em-sst-e-discutido-em-forum-do-sesi"],"yoast_head":"<!-- This site is optimized with the Yoast SEO plugin v26.8 - https:\/\/yoast.com\/product\/yoast-seo-wordpress\/ -->\n<title>Cen\u00e1rio atual em SST \u00e9 discutido em F\u00f3rum do SESI - SESI<\/title>\n<meta name=\"robots\" content=\"index, follow, max-snippet:-1, max-image-preview:large, max-video-preview:-1\" \/>\n<link rel=\"canonical\" href=\"https:\/\/fieam.org.br\/sesi\/cenario-atual-em-sst-e-discutido-em-forum-do-sesi\/\" \/>\n<meta property=\"og:locale\" content=\"pt_BR\" \/>\n<meta property=\"og:type\" content=\"article\" \/>\n<meta property=\"og:title\" content=\"Cen\u00e1rio atual em SST \u00e9 discutido em F\u00f3rum do SESI - SESI\" \/>\n<meta property=\"og:description\" content=\"Durante o evento, o analista de Pol\u00edticas e Ind\u00fastria da Confedera\u00e7\u00e3o Nacional da Ind\u00fastria (CNI), Cl\u00f3vis Veloso de Queiroz Neto, proferiu tamb\u00e9m a palestra \u201cInd\u00fastria Saud\u00e1vel&quot;\" \/>\n<meta property=\"og:url\" content=\"https:\/\/fieam.org.br\/sesi\/cenario-atual-em-sst-e-discutido-em-forum-do-sesi\/\" \/>\n<meta property=\"og:site_name\" content=\"SESI\" \/>\n<meta property=\"article:published_time\" content=\"2011-04-19T14:54:57+00:00\" \/>\n<meta property=\"og:image\" content=\"https:\/\/fieam.org.br\/sesi\/wp-content\/uploads\/sites\/14\/2011\/04\/foto-materia-1.jpg\" \/>\n\t<meta property=\"og:image:width\" content=\"665\" \/>\n\t<meta property=\"og:image:height\" content=\"300\" \/>\n\t<meta property=\"og:image:type\" content=\"image\/jpeg\" \/>\n<meta name=\"author\" content=\"Autor\" \/>\n<meta name=\"twitter:card\" content=\"summary_large_image\" \/>\n<meta name=\"twitter:label1\" content=\"Escrito por\" \/>\n\t<meta name=\"twitter:data1\" content=\"Autor\" \/>\n\t<meta name=\"twitter:label2\" content=\"Est. tempo de leitura\" \/>\n\t<meta name=\"twitter:data2\" content=\"4 minutos\" \/>\n<script type=\"application\/ld+json\" class=\"yoast-schema-graph\">{\"@context\":\"https:\/\/schema.org\",\"@graph\":[{\"@type\":\"Article\",\"@id\":\"https:\/\/fieam.org.br\/sesi\/cenario-atual-em-sst-e-discutido-em-forum-do-sesi\/#article\",\"isPartOf\":{\"@id\":\"https:\/\/fieam.org.br\/sesi\/cenario-atual-em-sst-e-discutido-em-forum-do-sesi\/\"},\"author\":{\"name\":\"Autor\",\"@id\":\"https:\/\/fieam.org.br\/sesi\/#\/schema\/person\/c1ceda8321521b291cee22da0a7d34be\"},\"headline\":\"Cen\u00e1rio atual em SST \u00e9 discutido em F\u00f3rum do SESI\",\"datePublished\":\"2011-04-19T14:54:57+00:00\",\"mainEntityOfPage\":{\"@id\":\"https:\/\/fieam.org.br\/sesi\/cenario-atual-em-sst-e-discutido-em-forum-do-sesi\/\"},\"wordCount\":799,\"commentCount\":0,\"publisher\":{\"@id\":\"https:\/\/fieam.org.br\/sesi\/#organization\"},\"image\":{\"@id\":\"https:\/\/fieam.org.br\/sesi\/cenario-atual-em-sst-e-discutido-em-forum-do-sesi\/#primaryimage\"},\"thumbnailUrl\":\"http:\/\/www.fieam.org.br\/site\/sesi\/files\/2011\/04\/foto-materia-1.jpg\",\"keywords\":[\"Cen\u00e1rio atual em SST \u00e9 discutido em F\u00f3rum do SESI\"],\"articleSection\":[\"News\"],\"inLanguage\":\"pt-BR\",\"potentialAction\":[{\"@type\":\"CommentAction\",\"name\":\"Comment\",\"target\":[\"https:\/\/fieam.org.br\/sesi\/cenario-atual-em-sst-e-discutido-em-forum-do-sesi\/#respond\"]}]},{\"@type\":\"WebPage\",\"@id\":\"https:\/\/fieam.org.br\/sesi\/cenario-atual-em-sst-e-discutido-em-forum-do-sesi\/\",\"url\":\"https:\/\/fieam.org.br\/sesi\/cenario-atual-em-sst-e-discutido-em-forum-do-sesi\/\",\"name\":\"Cen\u00e1rio atual em SST \u00e9 discutido em F\u00f3rum do SESI - SESI\",\"isPartOf\":{\"@id\":\"https:\/\/fieam.org.br\/sesi\/#website\"},\"primaryImageOfPage\":{\"@id\":\"https:\/\/fieam.org.br\/sesi\/cenario-atual-em-sst-e-discutido-em-forum-do-sesi\/#primaryimage\"},\"image\":{\"@id\":\"https:\/\/fieam.org.br\/sesi\/cenario-atual-em-sst-e-discutido-em-forum-do-sesi\/#primaryimage\"},\"thumbnailUrl\":\"http:\/\/www.fieam.org.br\/site\/sesi\/files\/2011\/04\/foto-materia-1.jpg\",\"datePublished\":\"2011-04-19T14:54:57+00:00\",\"breadcrumb\":{\"@id\":\"https:\/\/fieam.org.br\/sesi\/cenario-atual-em-sst-e-discutido-em-forum-do-sesi\/#breadcrumb\"},\"inLanguage\":\"pt-BR\",\"potentialAction\":[{\"@type\":\"ReadAction\",\"target\":[\"https:\/\/fieam.org.br\/sesi\/cenario-atual-em-sst-e-discutido-em-forum-do-sesi\/\"]}]},{\"@type\":\"ImageObject\",\"inLanguage\":\"pt-BR\",\"@id\":\"https:\/\/fieam.org.br\/sesi\/cenario-atual-em-sst-e-discutido-em-forum-do-sesi\/#primaryimage\",\"url\":\"http:\/\/www.fieam.org.br\/site\/sesi\/files\/2011\/04\/foto-materia-1.jpg\",\"contentUrl\":\"http:\/\/www.fieam.org.br\/site\/sesi\/files\/2011\/04\/foto-materia-1.jpg\"},{\"@type\":\"BreadcrumbList\",\"@id\":\"https:\/\/fieam.org.br\/sesi\/cenario-atual-em-sst-e-discutido-em-forum-do-sesi\/#breadcrumb\",\"itemListElement\":[{\"@type\":\"ListItem\",\"position\":1,\"name\":\"In\u00edcio\",\"item\":\"https:\/\/fieam.org.br\/sesi\/\"},{\"@type\":\"ListItem\",\"position\":2,\"name\":\"Cen\u00e1rio atual em SST \u00e9 discutido em F\u00f3rum do SESI\"}]},{\"@type\":\"WebSite\",\"@id\":\"https:\/\/fieam.org.br\/sesi\/#website\",\"url\":\"https:\/\/fieam.org.br\/sesi\/\",\"name\":\"SESI\",\"description\":\"Site Oficial!\",\"publisher\":{\"@id\":\"https:\/\/fieam.org.br\/sesi\/#organization\"},\"potentialAction\":[{\"@type\":\"SearchAction\",\"target\":{\"@type\":\"EntryPoint\",\"urlTemplate\":\"https:\/\/fieam.org.br\/sesi\/?s={search_term_string}\"},\"query-input\":{\"@type\":\"PropertyValueSpecification\",\"valueRequired\":true,\"valueName\":\"search_term_string\"}}],\"inLanguage\":\"pt-BR\"},{\"@type\":\"Organization\",\"@id\":\"https:\/\/fieam.org.br\/sesi\/#organization\",\"name\":\"SESI\",\"url\":\"https:\/\/fieam.org.br\/sesi\/\",\"logo\":{\"@type\":\"ImageObject\",\"inLanguage\":\"pt-BR\",\"@id\":\"https:\/\/fieam.org.br\/sesi\/#\/schema\/logo\/image\/\",\"url\":\"https:\/\/fieam.org.br\/sesi\/wp-content\/uploads\/sites\/14\/2024\/03\/cropped-fav.png\",\"contentUrl\":\"https:\/\/fieam.org.br\/sesi\/wp-content\/uploads\/sites\/14\/2024\/03\/cropped-fav.png\",\"width\":610,\"height\":589,\"caption\":\"SESI\"},\"image\":{\"@id\":\"https:\/\/fieam.org.br\/sesi\/#\/schema\/logo\/image\/\"}},{\"@type\":\"Person\",\"@id\":\"https:\/\/fieam.org.br\/sesi\/#\/schema\/person\/c1ceda8321521b291cee22da0a7d34be\",\"name\":\"Autor\",\"image\":{\"@type\":\"ImageObject\",\"inLanguage\":\"pt-BR\",\"@id\":\"https:\/\/fieam.org.br\/sesi\/#\/schema\/person\/image\/\",\"url\":\"https:\/\/secure.gravatar.com\/avatar\/3732c223e0e1fad69062a8f770955c9068d37b055204f310a0be18d4069fe380?s=96&d=mm&r=g\",\"contentUrl\":\"https:\/\/secure.gravatar.com\/avatar\/3732c223e0e1fad69062a8f770955c9068d37b055204f310a0be18d4069fe380?s=96&d=mm&r=g\",\"caption\":\"Autor\"},\"sameAs\":[\"https:\/\/marketingmassivo.com.br\"],\"url\":\"https:\/\/fieam.org.br\/sesi\/author\/admin\/\"}]}<\/script>\n<!-- \/ Yoast SEO plugin. -->","yoast_head_json":{"title":"Cen\u00e1rio atual em SST \u00e9 discutido em F\u00f3rum do SESI - SESI","robots":{"index":"index","follow":"follow","max-snippet":"max-snippet:-1","max-image-preview":"max-image-preview:large","max-video-preview":"max-video-preview:-1"},"canonical":"https:\/\/fieam.org.br\/sesi\/cenario-atual-em-sst-e-discutido-em-forum-do-sesi\/","og_locale":"pt_BR","og_type":"article","og_title":"Cen\u00e1rio atual em SST \u00e9 discutido em F\u00f3rum do SESI - SESI","og_description":"Durante o evento, o analista de Pol\u00edticas e Ind\u00fastria da Confedera\u00e7\u00e3o Nacional da Ind\u00fastria (CNI), Cl\u00f3vis Veloso de Queiroz Neto, proferiu tamb\u00e9m a palestra \u201cInd\u00fastria Saud\u00e1vel\"","og_url":"https:\/\/fieam.org.br\/sesi\/cenario-atual-em-sst-e-discutido-em-forum-do-sesi\/","og_site_name":"SESI","article_published_time":"2011-04-19T14:54:57+00:00","og_image":[{"width":665,"height":300,"url":"https:\/\/fieam.org.br\/sesi\/wp-content\/uploads\/sites\/14\/2011\/04\/foto-materia-1.jpg","type":"image\/jpeg"}],"author":"Autor","twitter_card":"summary_large_image","twitter_misc":{"Escrito por":"Autor","Est. tempo de leitura":"4 minutos"},"schema":{"@context":"https:\/\/schema.org","@graph":[{"@type":"Article","@id":"https:\/\/fieam.org.br\/sesi\/cenario-atual-em-sst-e-discutido-em-forum-do-sesi\/#article","isPartOf":{"@id":"https:\/\/fieam.org.br\/sesi\/cenario-atual-em-sst-e-discutido-em-forum-do-sesi\/"},"author":{"name":"Autor","@id":"https:\/\/fieam.org.br\/sesi\/#\/schema\/person\/c1ceda8321521b291cee22da0a7d34be"},"headline":"Cen\u00e1rio atual em SST \u00e9 discutido em F\u00f3rum do SESI","datePublished":"2011-04-19T14:54:57+00:00","mainEntityOfPage":{"@id":"https:\/\/fieam.org.br\/sesi\/cenario-atual-em-sst-e-discutido-em-forum-do-sesi\/"},"wordCount":799,"commentCount":0,"publisher":{"@id":"https:\/\/fieam.org.br\/sesi\/#organization"},"image":{"@id":"https:\/\/fieam.org.br\/sesi\/cenario-atual-em-sst-e-discutido-em-forum-do-sesi\/#primaryimage"},"thumbnailUrl":"http:\/\/www.fieam.org.br\/site\/sesi\/files\/2011\/04\/foto-materia-1.jpg","keywords":["Cen\u00e1rio atual em SST \u00e9 discutido em F\u00f3rum do SESI"],"articleSection":["News"],"inLanguage":"pt-BR","potentialAction":[{"@type":"CommentAction","name":"Comment","target":["https:\/\/fieam.org.br\/sesi\/cenario-atual-em-sst-e-discutido-em-forum-do-sesi\/#respond"]}]},{"@type":"WebPage","@id":"https:\/\/fieam.org.br\/sesi\/cenario-atual-em-sst-e-discutido-em-forum-do-sesi\/","url":"https:\/\/fieam.org.br\/sesi\/cenario-atual-em-sst-e-discutido-em-forum-do-sesi\/","name":"Cen\u00e1rio atual em SST \u00e9 discutido em F\u00f3rum do SESI - SESI","isPartOf":{"@id":"https:\/\/fieam.org.br\/sesi\/#website"},"primaryImageOfPage":{"@id":"https:\/\/fieam.org.br\/sesi\/cenario-atual-em-sst-e-discutido-em-forum-do-sesi\/#primaryimage"},"image":{"@id":"https:\/\/fieam.org.br\/sesi\/cenario-atual-em-sst-e-discutido-em-forum-do-sesi\/#primaryimage"},"thumbnailUrl":"http:\/\/www.fieam.org.br\/site\/sesi\/files\/2011\/04\/foto-materia-1.jpg","datePublished":"2011-04-19T14:54:57+00:00","breadcrumb":{"@id":"https:\/\/fieam.org.br\/sesi\/cenario-atual-em-sst-e-discutido-em-forum-do-sesi\/#breadcrumb"},"inLanguage":"pt-BR","potentialAction":[{"@type":"ReadAction","target":["https:\/\/fieam.org.br\/sesi\/cenario-atual-em-sst-e-discutido-em-forum-do-sesi\/"]}]},{"@type":"ImageObject","inLanguage":"pt-BR","@id":"https:\/\/fieam.org.br\/sesi\/cenario-atual-em-sst-e-discutido-em-forum-do-sesi\/#primaryimage","url":"http:\/\/www.fieam.org.br\/site\/sesi\/files\/2011\/04\/foto-materia-1.jpg","contentUrl":"http:\/\/www.fieam.org.br\/site\/sesi\/files\/2011\/04\/foto-materia-1.jpg"},{"@type":"BreadcrumbList","@id":"https:\/\/fieam.org.br\/sesi\/cenario-atual-em-sst-e-discutido-em-forum-do-sesi\/#breadcrumb","itemListElement":[{"@type":"ListItem","position":1,"name":"In\u00edcio","item":"https:\/\/fieam.org.br\/sesi\/"},{"@type":"ListItem","position":2,"name":"Cen\u00e1rio atual em SST \u00e9 discutido em F\u00f3rum do SESI"}]},{"@type":"WebSite","@id":"https:\/\/fieam.org.br\/sesi\/#website","url":"https:\/\/fieam.org.br\/sesi\/","name":"SESI","description":"Site Oficial!","publisher":{"@id":"https:\/\/fieam.org.br\/sesi\/#organization"},"potentialAction":[{"@type":"SearchAction","target":{"@type":"EntryPoint","urlTemplate":"https:\/\/fieam.org.br\/sesi\/?s={search_term_string}"},"query-input":{"@type":"PropertyValueSpecification","valueRequired":true,"valueName":"search_term_string"}}],"inLanguage":"pt-BR"},{"@type":"Organization","@id":"https:\/\/fieam.org.br\/sesi\/#organization","name":"SESI","url":"https:\/\/fieam.org.br\/sesi\/","logo":{"@type":"ImageObject","inLanguage":"pt-BR","@id":"https:\/\/fieam.org.br\/sesi\/#\/schema\/logo\/image\/","url":"https:\/\/fieam.org.br\/sesi\/wp-content\/uploads\/sites\/14\/2024\/03\/cropped-fav.png","contentUrl":"https:\/\/fieam.org.br\/sesi\/wp-content\/uploads\/sites\/14\/2024\/03\/cropped-fav.png","width":610,"height":589,"caption":"SESI"},"image":{"@id":"https:\/\/fieam.org.br\/sesi\/#\/schema\/logo\/image\/"}},{"@type":"Person","@id":"https:\/\/fieam.org.br\/sesi\/#\/schema\/person\/c1ceda8321521b291cee22da0a7d34be","name":"Autor","image":{"@type":"ImageObject","inLanguage":"pt-BR","@id":"https:\/\/fieam.org.br\/sesi\/#\/schema\/person\/image\/","url":"https:\/\/secure.gravatar.com\/avatar\/3732c223e0e1fad69062a8f770955c9068d37b055204f310a0be18d4069fe380?s=96&d=mm&r=g","contentUrl":"https:\/\/secure.gravatar.com\/avatar\/3732c223e0e1fad69062a8f770955c9068d37b055204f310a0be18d4069fe380?s=96&d=mm&r=g","caption":"Autor"},"sameAs":["https:\/\/marketingmassivo.com.br"],"url":"https:\/\/fieam.org.br\/sesi\/author\/admin\/"}]}},"_links":{"self":[{"href":"https:\/\/fieam.org.br\/sesi\/wp-json\/wp\/v2\/posts\/918","targetHints":{"allow":["GET"]}}],"collection":[{"href":"https:\/\/fieam.org.br\/sesi\/wp-json\/wp\/v2\/posts"}],"about":[{"href":"https:\/\/fieam.org.br\/sesi\/wp-json\/wp\/v2\/types\/post"}],"author":[{"embeddable":true,"href":"https:\/\/fieam.org.br\/sesi\/wp-json\/wp\/v2\/users\/1"}],"replies":[{"embeddable":true,"href":"https:\/\/fieam.org.br\/sesi\/wp-json\/wp\/v2\/comments?post=918"}],"version-history":[{"count":0,"href":"https:\/\/fieam.org.br\/sesi\/wp-json\/wp\/v2\/posts\/918\/revisions"}],"wp:attachment":[{"href":"https:\/\/fieam.org.br\/sesi\/wp-json\/wp\/v2\/media?parent=918"}],"wp:term":[{"taxonomy":"category","embeddable":true,"href":"https:\/\/fieam.org.br\/sesi\/wp-json\/wp\/v2\/categories?post=918"},{"taxonomy":"post_tag","embeddable":true,"href":"https:\/\/fieam.org.br\/sesi\/wp-json\/wp\/v2\/tags?post=918"}],"curies":[{"name":"wp","href":"https:\/\/api.w.org\/{rel}","templated":true}]}}