{"id":9072,"date":"2016-08-22T16:28:44","date_gmt":"2016-08-22T20:28:44","guid":{"rendered":"http:\/\/www.fieam.org.br\/2015\/sesi\/?p=9072"},"modified":"2016-08-22T16:28:44","modified_gmt":"2016-08-22T20:28:44","slug":"olimpiadas-sesi-reunem-atletas-da-pre-escola","status":"publish","type":"post","link":"https:\/\/fieam.org.br\/sesi\/olimpiadas-sesi-reunem-atletas-da-pre-escola\/","title":{"rendered":"Olimp\u00edadas SESI re\u00fanem \u2018atletas\u2019 da pr\u00e9-escola"},"content":{"rendered":"<figure id=\"attachment_9073\" aria-describedby=\"caption-attachment-9073\" style=\"width: 300px\" class=\"wp-caption alignleft\"><a href=\"http:\/\/www.fieam.org.br\/2015\/sesi\/wp-content\/uploads\/sites\/2\/2016\/08\/Abertura-das-Olimp\u00edadas-SESI-2016.jpg\"><img fetchpriority=\"high\" decoding=\"async\" class=\"size-medium wp-image-9073\" src=\"http:\/\/www.fieam.org.br\/2015\/sesi\/wp-content\/uploads\/sites\/2\/2016\/08\/Abertura-das-Olimp\u00edadas-SESI-2016-300x225.jpg\" alt=\"Abertura das Olimp\u00edadas SESI 2016\" width=\"300\" height=\"225\" \/><\/a><figcaption id=\"caption-attachment-9073\" class=\"wp-caption-text\">Abertura das Olimp\u00edadas SESI 2016<\/figcaption><\/figure>\n<p>Pelo menos 500 alunos da educa\u00e7\u00e3o infantil da Escola SESI Dr. Francisco Garcia, no Distrito Industrial, participaram das Olimp\u00edadas\u00a0 SESI, de 11 a 17 de agosto, disputando nas modalidades corrida, circuito motor, p\u00eanalti e revezamento. Os atletas fazem parte das 27 turmas da pr\u00e9-escola que atende crian\u00e7as na faixa dos 4 e 5 anos de idade.<\/p>\n<p>De acordo com a professora de Arte Educa\u00e7\u00e3o, Elaine Ara\u00fajo, a competi\u00e7\u00e3o foi criada para desenvolver o esp\u00edrito esportivo, a constru\u00e7\u00e3o da cidadania e os ideais ol\u00edmpicos entre as crian\u00e7as. Com o pa\u00eds ainda no clima dos jogos, a escola do SESI levou o tema para a sala de aula, onde as crian\u00e7as conheceram de maneira l\u00fadica a hist\u00f3ria tanto dos Jogos Ol\u00edmpicos quanto dos Paraol\u00edmpicos, com o uso das disciplinas de Arte Educa\u00e7\u00e3o, Educa\u00e7\u00e3o Tecnol\u00f3gica, Lego, Ludoteca e Educa\u00e7\u00e3o F\u00edsica.<\/p>\n<p>Durante as Olimp\u00edadas SESI, as crian\u00e7as aprenderam o significado dos an\u00e9is ol\u00edmpicos, que representam os<\/p>\n<figure id=\"attachment_9074\" aria-describedby=\"caption-attachment-9074\" style=\"width: 225px\" class=\"wp-caption alignright\"><a href=\"https:\/\/marketingmassivo.com.br\/sesi\/wp-content\/uploads\/sites\/12\/2016\/08\/Desfile-de-abertura-das-Jogos-SESI.jpg\"><img decoding=\"async\" class=\"size-medium wp-image-9074\" src=\"http:\/\/www.fieam.org.br\/2015\/sesi\/wp-content\/uploads\/sites\/2\/2016\/08\/Desfile-de-abertura-das-Jogos-SESI-225x300.jpg\" alt=\"Desfile de abertura das Jogos SESI\" width=\"225\" height=\"300\" srcset=\"https:\/\/fieam.org.br\/sesi\/wp-content\/uploads\/sites\/14\/2016\/08\/Desfile-de-abertura-das-Jogos-SESI-225x300.jpg 225w, https:\/\/fieam.org.br\/sesi\/wp-content\/uploads\/sites\/14\/2016\/08\/Desfile-de-abertura-das-Jogos-SESI.jpg 768w\" sizes=\"(max-width: 225px) 100vw, 225px\" \/><\/a><figcaption id=\"caption-attachment-9074\" class=\"wp-caption-text\">Desfile de abertura das Jogos SESI<\/figcaption><\/figure>\n<p>continentes, os valores do esporte, as modalidades ol\u00edmpicas e a import\u00e2ncia de se praticar esportes para melhoria da qualidade de vida.<\/p>\n<p>O professor de educa\u00e7\u00e3o f\u00edsica, Felipe Maciel, explica que dentre os benef\u00edcios da pr\u00e1tica de atividades f\u00edsicas para os alunos, est\u00e3o \u00e0 disciplina, respeito \u00e0s regras, aceitar as vit\u00f3rias e derrotas, desenvolver a independ\u00eancia e autoconfian\u00e7a. \u201cA pr\u00e1tica esportiva possibilita a socializa\u00e7\u00e3o das crian\u00e7as da mesma idade, o que \u00e9 essencial para a forma\u00e7\u00e3o e desenvolvimento da personalidade do individuo\u201d, disse o professor.<\/p>\n<p>&nbsp;<\/p>\n<figure id=\"attachment_9075\" aria-describedby=\"caption-attachment-9075\" style=\"width: 300px\" class=\"wp-caption alignleft\"><a href=\"http:\/\/www.fieam.org.br\/2015\/sesi\/wp-content\/uploads\/sites\/2\/2016\/08\/Os-amigos-do-Sesinho-Ruivo-Boc\u00e3o-e-Tuta-foram-as-atra\u00e7\u00f5es-da-abertura.jpg\"><img decoding=\"async\" class=\"size-medium wp-image-9075\" src=\"http:\/\/www.fieam.org.br\/2015\/sesi\/wp-content\/uploads\/sites\/2\/2016\/08\/Os-amigos-do-Sesinho-Ruivo-Boc\u00e3o-e-Tuta-foram-as-atra\u00e7\u00f5es-da-abertura-300x225.jpg\" alt=\"Os amigos do Sesinho, Ruivo, Boc\u00e3o e Tuta, foram as atra\u00e7\u00f5es da abertura\" width=\"300\" height=\"225\" \/><\/a><figcaption id=\"caption-attachment-9075\" class=\"wp-caption-text\">Os amigos do Sesinho, Ruivo, Boc\u00e3o e Tuta, foram as atra\u00e7\u00f5es da abertura<\/figcaption><\/figure>\n<p><strong>Abertura<\/strong><\/p>\n<p>&nbsp;<\/p>\n<p>A abertura dos Jogos Ol\u00edmpicos do SESI aconteceu no dia 10 de agosto, na quadra \u201cLizete Coelho\u201d, onde se deu o desfile das agremia\u00e7\u00f5es, cada uma representando um pa\u00eds. Sempre acompanhados da equipe multidisciplinar de professores do SESI, os alunos abriram o evento apresentando os pa\u00edses participantes, \u00a0as modalidades ol\u00edmpicas, dan\u00e7as, revezamento da tocha e apresenta\u00e7\u00e3o dos an\u00e9is ol\u00edmpicos.<\/p>\n<p>Segundo a professora Elaine Ara\u00fajo, para a realiza\u00e7\u00e3o da atividade educativa a equipe multidisciplinar da escola procurou realizar um evento similar \u00e0 abertura dos Jogos Ol\u00edmpicos no Rio de Janeiro, no dia 05 de agosto. \u201cEventos pedag\u00f3gicos como esse, contribuem para o aprendizado e ampliam o conhecimento das crian\u00e7as que passam a interagir com seus familiares sobre os assuntos estudados na escola\u201d, acrescentou.<\/p>\n<p>&nbsp;<\/p>\n<p>&nbsp;<\/p>\n<p><strong>\u00a0ATENDIMENTO \u00c0 IMPRENSA<\/strong><\/p>\n<p><strong>Diretoria de Comunica\u00e7\u00e3o e Marketing do Sistema FIEAM<\/strong><\/p>\n<p>Tel: (92) 3186-6576 Fax: (92) 3186-6579<\/p>\n<p>E-mail: <a href=\"mailto:imprensa@fieam.org.br\">imprensa@fieam.org.br<\/a><\/p>\n<p>Portal: <a href=\"http:\/\/www.fieam.org.br\/\">http:\/\/www.fieam.org.br<\/a><\/p>\n<p><strong>\u00a0Sistema FIEAM nas redes sociais<\/strong><\/p>\n<p><strong>\u00a0FIEAM:<\/strong> <a href=\"https:\/\/www.facebook.com\/fieamoficial\">Facebook<\/a>| <a href=\"https:\/\/twitter.com\/fieam\">Twitter<\/a>| <a href=\"https:\/\/www.instagram.com\/sistemafieam\/\">Instagram<\/a>| \u00a0<a href=\"https:\/\/www.youtube.com\/user\/FIEAM\">You Tube<\/a><\/p>\n<p><strong>\u00a0<\/strong><strong>SESI:<\/strong> <a href=\"https:\/\/www.facebook.com\/sesiamazonas\">Facebook<\/a>| <a href=\"https:\/\/twitter.com\/sesiamazonas\">Twitter<\/a>| <a href=\"https:\/\/www.instagram.com\/sistemafieam\/\">Instagram<\/a>| \u00a0<a href=\"https:\/\/www.youtube.com\/user\/SESIAmazonas\">You Tube<\/a><\/p>\n<p><strong>\u00a0SENAI:<\/strong> <a href=\"https:\/\/www.facebook.com\/senaiamazonas\">Facebook<\/a>| <a href=\"https:\/\/twitter.com\/senaiamazonas\">Twitter<\/a>| <a href=\"https:\/\/www.instagram.com\/sistemafieam\/\">Instagram<\/a>| \u00a0<a href=\"https:\/\/www.youtube.com\/user\/SENAIAmazonas\">You Tube<\/a><\/p>\n<p><strong>\u00a0IEL:<\/strong> <a href=\"https:\/\/www.facebook.com\/ielamazonas\">Facebook<\/a>| <a href=\"https:\/\/twitter.com\/ielamazonas\">Twitter<\/a>| <a href=\"https:\/\/www.instagram.com\/sistemafieam\/\">Instagram<\/a>| \u00a0<a href=\"https:\/\/www.youtube.com\/user\/IELAmazonas\">You Tube<\/a><\/p>\n","protected":false},"excerpt":{"rendered":"<p>Pelo menos 500 alunos da educa\u00e7\u00e3o infantil da Escola SESI Dr. Francisco Garcia, no Distrito Industrial, participaram das Olimp\u00edadas\u00a0 SESI, de 11 a 17 de agosto, disputando nas modalidades corrida, circuito motor, p\u00eanalti e revezamento. Os atletas fazem parte das 27 turmas da pr\u00e9-escola que atende crian\u00e7as na faixa dos 4 e 5 anos de [&hellip;]<\/p>\n","protected":false},"author":1,"featured_media":9073,"comment_status":"open","ping_status":"open","sticky":false,"template":"","format":"standard","meta":{"footnotes":""},"categories":[25,26],"tags":[],"class_list":["post-9072","post","type-post","status-publish","format-standard","has-post-thumbnail","hentry","category-news","category-news-destaque"],"yoast_head":"<!-- This site is optimized with the Yoast SEO plugin v28.2 - https:\/\/yoast.com\/product\/yoast-seo-wordpress\/ -->\n<title>Olimp\u00edadas SESI re\u00fanem \u2018atletas\u2019 da pr\u00e9-escola - SESI<\/title>\n<meta name=\"robots\" content=\"index, follow, max-snippet:-1, max-image-preview:large, max-video-preview:-1\" \/>\n<link rel=\"canonical\" href=\"https:\/\/fieam.org.br\/sesi\/olimpiadas-sesi-reunem-atletas-da-pre-escola\/\" \/>\n<meta property=\"og:locale\" content=\"pt_BR\" \/>\n<meta property=\"og:type\" content=\"article\" \/>\n<meta property=\"og:title\" content=\"Olimp\u00edadas SESI re\u00fanem \u2018atletas\u2019 da pr\u00e9-escola - SESI\" \/>\n<meta property=\"og:description\" content=\"Pelo menos 500 alunos da educa\u00e7\u00e3o infantil da Escola SESI Dr. Francisco Garcia, no Distrito Industrial, participaram das Olimp\u00edadas\u00a0 SESI, de 11 a 17 de agosto, disputando nas modalidades corrida, circuito motor, p\u00eanalti e revezamento. Os atletas fazem parte das 27 turmas da pr\u00e9-escola que atende crian\u00e7as na faixa dos 4 e 5 anos de [&hellip;]\" \/>\n<meta property=\"og:url\" content=\"https:\/\/fieam.org.br\/sesi\/olimpiadas-sesi-reunem-atletas-da-pre-escola\/\" \/>\n<meta property=\"og:site_name\" content=\"SESI\" \/>\n<meta property=\"article:published_time\" content=\"2016-08-22T20:28:44+00:00\" \/>\n<meta name=\"author\" content=\"Autor\" \/>\n<meta name=\"twitter:card\" content=\"summary_large_image\" \/>\n<meta name=\"twitter:label1\" content=\"Escrito por\" \/>\n\t<meta name=\"twitter:data1\" content=\"Autor\" \/>\n\t<meta name=\"twitter:label2\" content=\"Est. tempo de leitura\" \/>\n\t<meta name=\"twitter:data2\" content=\"3 minutos\" \/>\n<script type=\"application\/ld+json\" class=\"yoast-schema-graph\">{\"@context\":\"https:\\\/\\\/schema.org\",\"@graph\":[{\"@type\":\"Article\",\"@id\":\"https:\\\/\\\/fieam.org.br\\\/sesi\\\/olimpiadas-sesi-reunem-atletas-da-pre-escola\\\/#article\",\"isPartOf\":{\"@id\":\"https:\\\/\\\/fieam.org.br\\\/sesi\\\/olimpiadas-sesi-reunem-atletas-da-pre-escola\\\/\"},\"author\":{\"name\":\"Autor\",\"@id\":\"https:\\\/\\\/fieam.org.br\\\/sesi\\\/#\\\/schema\\\/person\\\/f54998dd14d5f0695b41444f2b01c31e\"},\"headline\":\"Olimp\u00edadas SESI re\u00fanem \u2018atletas\u2019 da pr\u00e9-escola\",\"datePublished\":\"2016-08-22T20:28:44+00:00\",\"mainEntityOfPage\":{\"@id\":\"https:\\\/\\\/fieam.org.br\\\/sesi\\\/olimpiadas-sesi-reunem-atletas-da-pre-escola\\\/\"},\"wordCount\":519,\"commentCount\":0,\"publisher\":{\"@id\":\"https:\\\/\\\/fieam.org.br\\\/sesi\\\/#organization\"},\"image\":{\"@id\":\"https:\\\/\\\/fieam.org.br\\\/sesi\\\/olimpiadas-sesi-reunem-atletas-da-pre-escola\\\/#primaryimage\"},\"thumbnailUrl\":\"\",\"articleSection\":[\"News\",\"News Destaque\"],\"inLanguage\":\"pt-BR\",\"potentialAction\":[{\"@type\":\"CommentAction\",\"name\":\"Comment\",\"target\":[\"https:\\\/\\\/fieam.org.br\\\/sesi\\\/olimpiadas-sesi-reunem-atletas-da-pre-escola\\\/#respond\"]}]},{\"@type\":\"WebPage\",\"@id\":\"https:\\\/\\\/fieam.org.br\\\/sesi\\\/olimpiadas-sesi-reunem-atletas-da-pre-escola\\\/\",\"url\":\"https:\\\/\\\/fieam.org.br\\\/sesi\\\/olimpiadas-sesi-reunem-atletas-da-pre-escola\\\/\",\"name\":\"Olimp\u00edadas SESI re\u00fanem \u2018atletas\u2019 da pr\u00e9-escola - SESI\",\"isPartOf\":{\"@id\":\"https:\\\/\\\/fieam.org.br\\\/sesi\\\/#website\"},\"primaryImageOfPage\":{\"@id\":\"https:\\\/\\\/fieam.org.br\\\/sesi\\\/olimpiadas-sesi-reunem-atletas-da-pre-escola\\\/#primaryimage\"},\"image\":{\"@id\":\"https:\\\/\\\/fieam.org.br\\\/sesi\\\/olimpiadas-sesi-reunem-atletas-da-pre-escola\\\/#primaryimage\"},\"thumbnailUrl\":\"\",\"datePublished\":\"2016-08-22T20:28:44+00:00\",\"breadcrumb\":{\"@id\":\"https:\\\/\\\/fieam.org.br\\\/sesi\\\/olimpiadas-sesi-reunem-atletas-da-pre-escola\\\/#breadcrumb\"},\"inLanguage\":\"pt-BR\",\"potentialAction\":[{\"@type\":\"ReadAction\",\"target\":[\"https:\\\/\\\/fieam.org.br\\\/sesi\\\/olimpiadas-sesi-reunem-atletas-da-pre-escola\\\/\"]}]},{\"@type\":\"ImageObject\",\"inLanguage\":\"pt-BR\",\"@id\":\"https:\\\/\\\/fieam.org.br\\\/sesi\\\/olimpiadas-sesi-reunem-atletas-da-pre-escola\\\/#primaryimage\",\"url\":\"\",\"contentUrl\":\"\"},{\"@type\":\"BreadcrumbList\",\"@id\":\"https:\\\/\\\/fieam.org.br\\\/sesi\\\/olimpiadas-sesi-reunem-atletas-da-pre-escola\\\/#breadcrumb\",\"itemListElement\":[{\"@type\":\"ListItem\",\"position\":1,\"name\":\"In\u00edcio\",\"item\":\"https:\\\/\\\/fieam.org.br\\\/sesi\\\/\"},{\"@type\":\"ListItem\",\"position\":2,\"name\":\"Olimp\u00edadas SESI re\u00fanem \u2018atletas\u2019 da pr\u00e9-escola\"}]},{\"@type\":\"WebSite\",\"@id\":\"https:\\\/\\\/fieam.org.br\\\/sesi\\\/#website\",\"url\":\"https:\\\/\\\/fieam.org.br\\\/sesi\\\/\",\"name\":\"SESI\",\"description\":\"Site Oficial!\",\"publisher\":{\"@id\":\"https:\\\/\\\/fieam.org.br\\\/sesi\\\/#organization\"},\"potentialAction\":[{\"@type\":\"SearchAction\",\"target\":{\"@type\":\"EntryPoint\",\"urlTemplate\":\"https:\\\/\\\/fieam.org.br\\\/sesi\\\/?s={search_term_string}\"},\"query-input\":{\"@type\":\"PropertyValueSpecification\",\"valueRequired\":true,\"valueName\":\"search_term_string\"}}],\"inLanguage\":\"pt-BR\"},{\"@type\":\"Organization\",\"@id\":\"https:\\\/\\\/fieam.org.br\\\/sesi\\\/#organization\",\"name\":\"SESI\",\"url\":\"https:\\\/\\\/fieam.org.br\\\/sesi\\\/\",\"logo\":{\"@type\":\"ImageObject\",\"inLanguage\":\"pt-BR\",\"@id\":\"https:\\\/\\\/fieam.org.br\\\/sesi\\\/#\\\/schema\\\/logo\\\/image\\\/\",\"url\":\"https:\\\/\\\/fieam.org.br\\\/sesi\\\/wp-content\\\/uploads\\\/sites\\\/14\\\/2024\\\/03\\\/cropped-fav.png\",\"contentUrl\":\"https:\\\/\\\/fieam.org.br\\\/sesi\\\/wp-content\\\/uploads\\\/sites\\\/14\\\/2024\\\/03\\\/cropped-fav.png\",\"width\":610,\"height\":589,\"caption\":\"SESI\"},\"image\":{\"@id\":\"https:\\\/\\\/fieam.org.br\\\/sesi\\\/#\\\/schema\\\/logo\\\/image\\\/\"}},{\"@type\":\"Person\",\"@id\":\"https:\\\/\\\/fieam.org.br\\\/sesi\\\/#\\\/schema\\\/person\\\/f54998dd14d5f0695b41444f2b01c31e\",\"name\":\"Autor\",\"image\":{\"@type\":\"ImageObject\",\"inLanguage\":\"pt-BR\",\"@id\":\"https:\\\/\\\/secure.gravatar.com\\\/avatar\\\/3732c223e0e1fad69062a8f770955c9068d37b055204f310a0be18d4069fe380?s=96&d=mm&r=g\",\"url\":\"https:\\\/\\\/secure.gravatar.com\\\/avatar\\\/3732c223e0e1fad69062a8f770955c9068d37b055204f310a0be18d4069fe380?s=96&d=mm&r=g\",\"contentUrl\":\"https:\\\/\\\/secure.gravatar.com\\\/avatar\\\/3732c223e0e1fad69062a8f770955c9068d37b055204f310a0be18d4069fe380?s=96&d=mm&r=g\",\"caption\":\"Autor\"},\"sameAs\":[\"https:\\\/\\\/marketingmassivo.com.br\"],\"url\":\"https:\\\/\\\/fieam.org.br\\\/sesi\\\/author\\\/admin\\\/\"}]}<\/script>\n<!-- \/ Yoast SEO plugin. -->","yoast_head_json":{"title":"Olimp\u00edadas SESI re\u00fanem \u2018atletas\u2019 da pr\u00e9-escola - SESI","robots":{"index":"index","follow":"follow","max-snippet":"max-snippet:-1","max-image-preview":"max-image-preview:large","max-video-preview":"max-video-preview:-1"},"canonical":"https:\/\/fieam.org.br\/sesi\/olimpiadas-sesi-reunem-atletas-da-pre-escola\/","og_locale":"pt_BR","og_type":"article","og_title":"Olimp\u00edadas SESI re\u00fanem \u2018atletas\u2019 da pr\u00e9-escola - SESI","og_description":"Pelo menos 500 alunos da educa\u00e7\u00e3o infantil da Escola SESI Dr. Francisco Garcia, no Distrito Industrial, participaram das Olimp\u00edadas\u00a0 SESI, de 11 a 17 de agosto, disputando nas modalidades corrida, circuito motor, p\u00eanalti e revezamento. Os atletas fazem parte das 27 turmas da pr\u00e9-escola que atende crian\u00e7as na faixa dos 4 e 5 anos de [&hellip;]","og_url":"https:\/\/fieam.org.br\/sesi\/olimpiadas-sesi-reunem-atletas-da-pre-escola\/","og_site_name":"SESI","article_published_time":"2016-08-22T20:28:44+00:00","author":"Autor","twitter_card":"summary_large_image","twitter_misc":{"Escrito por":"Autor","Est. tempo de leitura":"3 minutos"},"schema":{"@context":"https:\/\/schema.org","@graph":[{"@type":"Article","@id":"https:\/\/fieam.org.br\/sesi\/olimpiadas-sesi-reunem-atletas-da-pre-escola\/#article","isPartOf":{"@id":"https:\/\/fieam.org.br\/sesi\/olimpiadas-sesi-reunem-atletas-da-pre-escola\/"},"author":{"name":"Autor","@id":"https:\/\/fieam.org.br\/sesi\/#\/schema\/person\/f54998dd14d5f0695b41444f2b01c31e"},"headline":"Olimp\u00edadas SESI re\u00fanem \u2018atletas\u2019 da pr\u00e9-escola","datePublished":"2016-08-22T20:28:44+00:00","mainEntityOfPage":{"@id":"https:\/\/fieam.org.br\/sesi\/olimpiadas-sesi-reunem-atletas-da-pre-escola\/"},"wordCount":519,"commentCount":0,"publisher":{"@id":"https:\/\/fieam.org.br\/sesi\/#organization"},"image":{"@id":"https:\/\/fieam.org.br\/sesi\/olimpiadas-sesi-reunem-atletas-da-pre-escola\/#primaryimage"},"thumbnailUrl":"","articleSection":["News","News Destaque"],"inLanguage":"pt-BR","potentialAction":[{"@type":"CommentAction","name":"Comment","target":["https:\/\/fieam.org.br\/sesi\/olimpiadas-sesi-reunem-atletas-da-pre-escola\/#respond"]}]},{"@type":"WebPage","@id":"https:\/\/fieam.org.br\/sesi\/olimpiadas-sesi-reunem-atletas-da-pre-escola\/","url":"https:\/\/fieam.org.br\/sesi\/olimpiadas-sesi-reunem-atletas-da-pre-escola\/","name":"Olimp\u00edadas SESI re\u00fanem \u2018atletas\u2019 da pr\u00e9-escola - SESI","isPartOf":{"@id":"https:\/\/fieam.org.br\/sesi\/#website"},"primaryImageOfPage":{"@id":"https:\/\/fieam.org.br\/sesi\/olimpiadas-sesi-reunem-atletas-da-pre-escola\/#primaryimage"},"image":{"@id":"https:\/\/fieam.org.br\/sesi\/olimpiadas-sesi-reunem-atletas-da-pre-escola\/#primaryimage"},"thumbnailUrl":"","datePublished":"2016-08-22T20:28:44+00:00","breadcrumb":{"@id":"https:\/\/fieam.org.br\/sesi\/olimpiadas-sesi-reunem-atletas-da-pre-escola\/#breadcrumb"},"inLanguage":"pt-BR","potentialAction":[{"@type":"ReadAction","target":["https:\/\/fieam.org.br\/sesi\/olimpiadas-sesi-reunem-atletas-da-pre-escola\/"]}]},{"@type":"ImageObject","inLanguage":"pt-BR","@id":"https:\/\/fieam.org.br\/sesi\/olimpiadas-sesi-reunem-atletas-da-pre-escola\/#primaryimage","url":"","contentUrl":""},{"@type":"BreadcrumbList","@id":"https:\/\/fieam.org.br\/sesi\/olimpiadas-sesi-reunem-atletas-da-pre-escola\/#breadcrumb","itemListElement":[{"@type":"ListItem","position":1,"name":"In\u00edcio","item":"https:\/\/fieam.org.br\/sesi\/"},{"@type":"ListItem","position":2,"name":"Olimp\u00edadas SESI re\u00fanem \u2018atletas\u2019 da pr\u00e9-escola"}]},{"@type":"WebSite","@id":"https:\/\/fieam.org.br\/sesi\/#website","url":"https:\/\/fieam.org.br\/sesi\/","name":"SESI","description":"Site Oficial!","publisher":{"@id":"https:\/\/fieam.org.br\/sesi\/#organization"},"potentialAction":[{"@type":"SearchAction","target":{"@type":"EntryPoint","urlTemplate":"https:\/\/fieam.org.br\/sesi\/?s={search_term_string}"},"query-input":{"@type":"PropertyValueSpecification","valueRequired":true,"valueName":"search_term_string"}}],"inLanguage":"pt-BR"},{"@type":"Organization","@id":"https:\/\/fieam.org.br\/sesi\/#organization","name":"SESI","url":"https:\/\/fieam.org.br\/sesi\/","logo":{"@type":"ImageObject","inLanguage":"pt-BR","@id":"https:\/\/fieam.org.br\/sesi\/#\/schema\/logo\/image\/","url":"https:\/\/fieam.org.br\/sesi\/wp-content\/uploads\/sites\/14\/2024\/03\/cropped-fav.png","contentUrl":"https:\/\/fieam.org.br\/sesi\/wp-content\/uploads\/sites\/14\/2024\/03\/cropped-fav.png","width":610,"height":589,"caption":"SESI"},"image":{"@id":"https:\/\/fieam.org.br\/sesi\/#\/schema\/logo\/image\/"}},{"@type":"Person","@id":"https:\/\/fieam.org.br\/sesi\/#\/schema\/person\/f54998dd14d5f0695b41444f2b01c31e","name":"Autor","image":{"@type":"ImageObject","inLanguage":"pt-BR","@id":"https:\/\/secure.gravatar.com\/avatar\/3732c223e0e1fad69062a8f770955c9068d37b055204f310a0be18d4069fe380?s=96&d=mm&r=g","url":"https:\/\/secure.gravatar.com\/avatar\/3732c223e0e1fad69062a8f770955c9068d37b055204f310a0be18d4069fe380?s=96&d=mm&r=g","contentUrl":"https:\/\/secure.gravatar.com\/avatar\/3732c223e0e1fad69062a8f770955c9068d37b055204f310a0be18d4069fe380?s=96&d=mm&r=g","caption":"Autor"},"sameAs":["https:\/\/marketingmassivo.com.br"],"url":"https:\/\/fieam.org.br\/sesi\/author\/admin\/"}]}},"_links":{"self":[{"href":"https:\/\/fieam.org.br\/sesi\/wp-json\/wp\/v2\/posts\/9072","targetHints":{"allow":["GET"]}}],"collection":[{"href":"https:\/\/fieam.org.br\/sesi\/wp-json\/wp\/v2\/posts"}],"about":[{"href":"https:\/\/fieam.org.br\/sesi\/wp-json\/wp\/v2\/types\/post"}],"author":[{"embeddable":true,"href":"https:\/\/fieam.org.br\/sesi\/wp-json\/wp\/v2\/users\/1"}],"replies":[{"embeddable":true,"href":"https:\/\/fieam.org.br\/sesi\/wp-json\/wp\/v2\/comments?post=9072"}],"version-history":[{"count":0,"href":"https:\/\/fieam.org.br\/sesi\/wp-json\/wp\/v2\/posts\/9072\/revisions"}],"wp:attachment":[{"href":"https:\/\/fieam.org.br\/sesi\/wp-json\/wp\/v2\/media?parent=9072"}],"wp:term":[{"taxonomy":"category","embeddable":true,"href":"https:\/\/fieam.org.br\/sesi\/wp-json\/wp\/v2\/categories?post=9072"},{"taxonomy":"post_tag","embeddable":true,"href":"https:\/\/fieam.org.br\/sesi\/wp-json\/wp\/v2\/tags?post=9072"}],"curies":[{"name":"wp","href":"https:\/\/api.w.org\/{rel}","templated":true}]}}