{"id":9047,"date":"2016-08-05T16:05:07","date_gmt":"2016-08-05T20:05:07","guid":{"rendered":"http:\/\/www.fieam.org.br\/2015\/sesi\/?p=9047"},"modified":"2016-08-05T16:05:07","modified_gmt":"2016-08-05T20:05:07","slug":"odontologo-do-sesi-recomenda-saude-do-corpo-comeca-pela-boca","status":"publish","type":"post","link":"https:\/\/fieam.org.br\/sesi\/odontologo-do-sesi-recomenda-saude-do-corpo-comeca-pela-boca\/","title":{"rendered":"Odont\u00f3logo do SESI recomenda: sa\u00fade do corpo come\u00e7a pela boca"},"content":{"rendered":"<figure id=\"attachment_9048\" aria-describedby=\"caption-attachment-9048\" style=\"width: 300px\" class=\"wp-caption alignleft\"><a href=\"http:\/\/www.fieam.org.br\/2015\/sesi\/wp-content\/uploads\/sites\/2\/2016\/08\/O-especialista-Douglas-Pican\u00e7o-realiza-atendimento-b\u00e1sico-como-limpeza-e-restaura\u00e7\u00f5es-no-SESISA\u00daDE.jpg\"><img fetchpriority=\"high\" decoding=\"async\" class=\"size-medium wp-image-9048\" src=\"http:\/\/www.fieam.org.br\/2015\/sesi\/wp-content\/uploads\/sites\/2\/2016\/08\/O-especialista-Douglas-Pican\u00e7o-realiza-atendimento-b\u00e1sico-como-limpeza-e-restaura\u00e7\u00f5es-no-SESISA\u00daDE-300x200.jpg\" alt=\"O especialista Douglas Pican\u00e7o realiza atendimento b\u00e1sico como limpeza e restaura\u00e7\u00f5es no SESISA\u00daDE\" width=\"300\" height=\"200\" \/><\/a><figcaption id=\"caption-attachment-9048\" class=\"wp-caption-text\">O especialista Douglas Pican\u00e7o realiza atendimento b\u00e1sico como limpeza e restaura\u00e7\u00f5es no SESISA\u00daDE<\/figcaption><\/figure>\n<p>Metade dos brasileiros entre 35 e 45 anos j\u00e1 perdeu pelo menos 12 dentes e cerca de 80% dos idosos no pa\u00eds t\u00eam menos de 20 dentes, de acordo com pesquisa realizada pela Faculdade de Sa\u00fade P\u00fablica (FSP) da Universidade de S\u00e3o Paulo. Para manter a sa\u00fade bucal dos trabalhadores da ind\u00fastria e comunidade amazonense, o SESI Amazonas disp\u00f5e de 15 cl\u00ednicas odontol\u00f3gicas, que atendem 11 especialidades, na Avenida Get\u00falio Vargas, 1116.<\/p>\n<p>O odont\u00f3logo do SESI, Douglas Pican\u00e7o, especialista em Cl\u00ednica Odontol\u00f3gica, disse que o que o brasileiro perde os dentes muito cedo por falta de orienta\u00e7\u00e3o, visitas regulares ao dentista e higieniza\u00e7\u00e3o. \u201cA sa\u00fade bucal \u00e9 essencial para o funcionamento de todo o corpo\u201d, pontua o odont\u00f3logo.<\/p>\n<p>De acordo com o dentista do <a href=\"http:\/\/www.fieam.org.br\/2015\/sesi\/\">SESI<\/a>, em d\u00e9cadas passadas, a orienta\u00e7\u00e3o que os pais passavam para os filhos era de extrair os dentes mesmo que tivessem condi\u00e7\u00f5es de recupera\u00e7\u00e3o e tratamento, mas hoje a cultura mudou e existem muitas campanhas de orienta\u00e7\u00e3o para dentes saud\u00e1veis.<\/p>\n<p>Para manter os dentes saud\u00e1veis, o dentista orienta fazer refei\u00e7\u00f5es balanceadas, escovar corretamente os dentes, al\u00e9m de controlar a ingest\u00e3o de alimentos que contenham a\u00e7\u00facar.<\/p>\n<p>A Cl\u00ednica Odontol\u00f3gica do SESI, respons\u00e1vel pelo exame bucal, orienta o paciente sobre os procedimentos necess\u00e1rios, a exemplo de restaura\u00e7\u00f5es, profilaxias e limpeza, tratamentos todos realizados na pr\u00f3pria cl\u00ednica. Ele esclareceu que se houver necessidade de tratamento de canal, pr\u00f3tese, periodontia ou implante, o paciente \u00e9 encaminhado para a especialidade odontol\u00f3gica que o tratamento exige.<\/p>\n<p>Disse ainda, que os problemas mais identificados s\u00e3o tratamento de canal e a necessidade de pr\u00f3tese, esclarecendo que a falta de dentes dificulta a mastiga\u00e7\u00e3o e a fala. \u201cO in\u00edcio do atendimento aos pacientes \u00e9 feito na Clinica Odontol\u00f3gica\u201d, disse, acrescentando que tamb\u00e9m \u00e9 feita prepara\u00e7\u00e3o para atendimento em outras especialidades.<\/p>\n<p>O odont\u00f3logo ressaltou a import\u00e2ncia das campanhas educativas realizadas, destacando as campanhas promovidas pelo SESI que conscientizam os trabalhadores e a comunidade sobre a import\u00e2ncia de dentes saud\u00e1veis.<\/p>\n<p>O atendimento na Cl\u00ednica Odontol\u00f3gica do SESI \u00e9 realizado de segunda a s\u00e1bado. De segunda a sexta, a cl\u00ednica atende das 7h30 \u00e0s 10h; das 13h30 \u00e0s 16h e das 18h \u00e0s 22h. No s\u00e1bado o atendimento \u00e9 feito das 7h30 \u00e0s 10h.<\/p>\n<p>&nbsp;<\/p>\n<p><strong>\u00a0\u00a0\u00a0\u00a0\u00a0\u00a0\u00a0\u00a0\u00a0\u00a0\u00a0 ATENDIMENTO \u00c0 IMPRENSA<\/strong><\/p>\n<p>&nbsp;<\/p>\n<p><strong>Diretoria de Comunica\u00e7\u00e3o e Marketing do Sistema FIEAM<\/strong><\/p>\n<p>Tel: (92) 3186-6576 Fax: (92) 3186-6579<\/p>\n<p>E-mail: <a href=\"mailto:imprensa@fieam.org.br\">imprensa@fieam.org.br<\/a><\/p>\n<p>Portal: <a href=\"http:\/\/www.fieam.org.br\">http:\/\/www.fieam.org.br<\/a><\/p>\n<p><strong>Sistema FIEAM nas redes sociais<\/strong><\/p>\n<p><strong>\u00a0\u00a0\u00a0\u00a0\u00a0\u00a0\u00a0\u00a0\u00a0\u00a0\u00a0 FIEAM:<\/strong> <a href=\"https:\/\/www.facebook.com\/fieamoficial\">Facebook<\/a>| <a href=\"https:\/\/twitter.com\/fieam\">Twitter<\/a>| <a href=\"https:\/\/www.instagram.com\/sistemafieam\/\">Instagram<\/a>| \u00a0<a href=\"https:\/\/www.youtube.com\/user\/FIEAM\">You Tube<\/a><\/p>\n<p><strong>\u00a0\u00a0\u00a0\u00a0\u00a0\u00a0\u00a0\u00a0\u00a0\u00a0\u00a0 <\/strong><strong>SESI:<\/strong> <a href=\"https:\/\/www.facebook.com\/sesiamazonas\">Facebook<\/a>| <a href=\"https:\/\/twitter.com\/sesiamazonas\">Twitter<\/a>| <a href=\"https:\/\/www.instagram.com\/sistemafieam\/\">Instagram<\/a>| \u00a0<a href=\"https:\/\/www.youtube.com\/user\/SESIAmazonas\">You Tube<\/a><\/p>\n<p><strong>\u00a0\u00a0\u00a0\u00a0\u00a0\u00a0\u00a0\u00a0\u00a0\u00a0\u00a0 SENAI:<\/strong> <a href=\"https:\/\/www.facebook.com\/senaiamazonas\">Facebook<\/a>| <a href=\"https:\/\/twitter.com\/senaiamazonas\">Twitter<\/a>| <a href=\"https:\/\/www.instagram.com\/sistemafieam\/\">Instagram<\/a>| \u00a0<a href=\"https:\/\/www.youtube.com\/user\/SENAIAmazonas\">You Tube<\/a><\/p>\n<p><strong>\u00a0\u00a0\u00a0\u00a0\u00a0\u00a0\u00a0\u00a0\u00a0\u00a0\u00a0 IEL:<\/strong> <a href=\"https:\/\/www.facebook.com\/ielamazonas\">Facebook<\/a>| <a href=\"https:\/\/twitter.com\/ielamazonas\">Twitter<\/a>| <a href=\"https:\/\/www.instagram.com\/sistemafieam\/\">Instagram<\/a>| \u00a0<a href=\"https:\/\/www.youtube.com\/user\/IELAmazonas\">You Tube<\/a><\/p>\n<p>&nbsp;<\/p>\n","protected":false},"excerpt":{"rendered":"<p>Metade dos brasileiros entre 35 e 45 anos j\u00e1 perdeu pelo menos 12 dentes e cerca de 80% dos idosos no pa\u00eds t\u00eam menos de 20 dentes, de acordo com pesquisa realizada pela Faculdade de Sa\u00fade P\u00fablica (FSP) da Universidade de S\u00e3o Paulo. Para manter a sa\u00fade bucal dos trabalhadores da ind\u00fastria e comunidade amazonense, [&hellip;]<\/p>\n","protected":false},"author":1,"featured_media":9049,"comment_status":"open","ping_status":"open","sticky":false,"template":"","format":"standard","meta":{"footnotes":""},"categories":[25,26],"tags":[],"class_list":["post-9047","post","type-post","status-publish","format-standard","has-post-thumbnail","hentry","category-news","category-news-destaque"],"yoast_head":"<!-- This site is optimized with the Yoast SEO plugin v28.2 - https:\/\/yoast.com\/product\/yoast-seo-wordpress\/ -->\n<title>Odont\u00f3logo do SESI recomenda: sa\u00fade do corpo come\u00e7a pela boca - SESI<\/title>\n<meta name=\"robots\" content=\"index, follow, max-snippet:-1, max-image-preview:large, max-video-preview:-1\" \/>\n<link rel=\"canonical\" href=\"https:\/\/fieam.org.br\/sesi\/odontologo-do-sesi-recomenda-saude-do-corpo-comeca-pela-boca\/\" \/>\n<meta property=\"og:locale\" content=\"pt_BR\" \/>\n<meta property=\"og:type\" content=\"article\" \/>\n<meta property=\"og:title\" content=\"Odont\u00f3logo do SESI recomenda: sa\u00fade do corpo come\u00e7a pela boca - SESI\" \/>\n<meta property=\"og:description\" content=\"Metade dos brasileiros entre 35 e 45 anos j\u00e1 perdeu pelo menos 12 dentes e cerca de 80% dos idosos no pa\u00eds t\u00eam menos de 20 dentes, de acordo com pesquisa realizada pela Faculdade de Sa\u00fade P\u00fablica (FSP) da Universidade de S\u00e3o Paulo. Para manter a sa\u00fade bucal dos trabalhadores da ind\u00fastria e comunidade amazonense, [&hellip;]\" \/>\n<meta property=\"og:url\" content=\"https:\/\/fieam.org.br\/sesi\/odontologo-do-sesi-recomenda-saude-do-corpo-comeca-pela-boca\/\" \/>\n<meta property=\"og:site_name\" content=\"SESI\" \/>\n<meta property=\"article:published_time\" content=\"2016-08-05T20:05:07+00:00\" \/>\n<meta name=\"author\" content=\"Autor\" \/>\n<meta name=\"twitter:card\" content=\"summary_large_image\" \/>\n<meta name=\"twitter:label1\" content=\"Escrito por\" \/>\n\t<meta name=\"twitter:data1\" content=\"Autor\" \/>\n\t<meta name=\"twitter:label2\" content=\"Est. tempo de leitura\" \/>\n\t<meta name=\"twitter:data2\" content=\"2 minutos\" \/>\n<script type=\"application\/ld+json\" class=\"yoast-schema-graph\">{\"@context\":\"https:\\\/\\\/schema.org\",\"@graph\":[{\"@type\":\"Article\",\"@id\":\"https:\\\/\\\/fieam.org.br\\\/sesi\\\/odontologo-do-sesi-recomenda-saude-do-corpo-comeca-pela-boca\\\/#article\",\"isPartOf\":{\"@id\":\"https:\\\/\\\/fieam.org.br\\\/sesi\\\/odontologo-do-sesi-recomenda-saude-do-corpo-comeca-pela-boca\\\/\"},\"author\":{\"name\":\"Autor\",\"@id\":\"https:\\\/\\\/fieam.org.br\\\/sesi\\\/#\\\/schema\\\/person\\\/f54998dd14d5f0695b41444f2b01c31e\"},\"headline\":\"Odont\u00f3logo do SESI recomenda: sa\u00fade do corpo come\u00e7a pela boca\",\"datePublished\":\"2016-08-05T20:05:07+00:00\",\"mainEntityOfPage\":{\"@id\":\"https:\\\/\\\/fieam.org.br\\\/sesi\\\/odontologo-do-sesi-recomenda-saude-do-corpo-comeca-pela-boca\\\/\"},\"wordCount\":502,\"commentCount\":1,\"publisher\":{\"@id\":\"https:\\\/\\\/fieam.org.br\\\/sesi\\\/#organization\"},\"image\":{\"@id\":\"https:\\\/\\\/fieam.org.br\\\/sesi\\\/odontologo-do-sesi-recomenda-saude-do-corpo-comeca-pela-boca\\\/#primaryimage\"},\"thumbnailUrl\":\"\",\"articleSection\":[\"News\",\"News Destaque\"],\"inLanguage\":\"pt-BR\",\"potentialAction\":[{\"@type\":\"CommentAction\",\"name\":\"Comment\",\"target\":[\"https:\\\/\\\/fieam.org.br\\\/sesi\\\/odontologo-do-sesi-recomenda-saude-do-corpo-comeca-pela-boca\\\/#respond\"]}]},{\"@type\":\"WebPage\",\"@id\":\"https:\\\/\\\/fieam.org.br\\\/sesi\\\/odontologo-do-sesi-recomenda-saude-do-corpo-comeca-pela-boca\\\/\",\"url\":\"https:\\\/\\\/fieam.org.br\\\/sesi\\\/odontologo-do-sesi-recomenda-saude-do-corpo-comeca-pela-boca\\\/\",\"name\":\"Odont\u00f3logo do SESI recomenda: sa\u00fade do corpo come\u00e7a pela boca - SESI\",\"isPartOf\":{\"@id\":\"https:\\\/\\\/fieam.org.br\\\/sesi\\\/#website\"},\"primaryImageOfPage\":{\"@id\":\"https:\\\/\\\/fieam.org.br\\\/sesi\\\/odontologo-do-sesi-recomenda-saude-do-corpo-comeca-pela-boca\\\/#primaryimage\"},\"image\":{\"@id\":\"https:\\\/\\\/fieam.org.br\\\/sesi\\\/odontologo-do-sesi-recomenda-saude-do-corpo-comeca-pela-boca\\\/#primaryimage\"},\"thumbnailUrl\":\"\",\"datePublished\":\"2016-08-05T20:05:07+00:00\",\"breadcrumb\":{\"@id\":\"https:\\\/\\\/fieam.org.br\\\/sesi\\\/odontologo-do-sesi-recomenda-saude-do-corpo-comeca-pela-boca\\\/#breadcrumb\"},\"inLanguage\":\"pt-BR\",\"potentialAction\":[{\"@type\":\"ReadAction\",\"target\":[\"https:\\\/\\\/fieam.org.br\\\/sesi\\\/odontologo-do-sesi-recomenda-saude-do-corpo-comeca-pela-boca\\\/\"]}]},{\"@type\":\"ImageObject\",\"inLanguage\":\"pt-BR\",\"@id\":\"https:\\\/\\\/fieam.org.br\\\/sesi\\\/odontologo-do-sesi-recomenda-saude-do-corpo-comeca-pela-boca\\\/#primaryimage\",\"url\":\"\",\"contentUrl\":\"\"},{\"@type\":\"BreadcrumbList\",\"@id\":\"https:\\\/\\\/fieam.org.br\\\/sesi\\\/odontologo-do-sesi-recomenda-saude-do-corpo-comeca-pela-boca\\\/#breadcrumb\",\"itemListElement\":[{\"@type\":\"ListItem\",\"position\":1,\"name\":\"In\u00edcio\",\"item\":\"https:\\\/\\\/fieam.org.br\\\/sesi\\\/\"},{\"@type\":\"ListItem\",\"position\":2,\"name\":\"Odont\u00f3logo do SESI recomenda: sa\u00fade do corpo come\u00e7a pela boca\"}]},{\"@type\":\"WebSite\",\"@id\":\"https:\\\/\\\/fieam.org.br\\\/sesi\\\/#website\",\"url\":\"https:\\\/\\\/fieam.org.br\\\/sesi\\\/\",\"name\":\"SESI\",\"description\":\"Site Oficial!\",\"publisher\":{\"@id\":\"https:\\\/\\\/fieam.org.br\\\/sesi\\\/#organization\"},\"potentialAction\":[{\"@type\":\"SearchAction\",\"target\":{\"@type\":\"EntryPoint\",\"urlTemplate\":\"https:\\\/\\\/fieam.org.br\\\/sesi\\\/?s={search_term_string}\"},\"query-input\":{\"@type\":\"PropertyValueSpecification\",\"valueRequired\":true,\"valueName\":\"search_term_string\"}}],\"inLanguage\":\"pt-BR\"},{\"@type\":\"Organization\",\"@id\":\"https:\\\/\\\/fieam.org.br\\\/sesi\\\/#organization\",\"name\":\"SESI\",\"url\":\"https:\\\/\\\/fieam.org.br\\\/sesi\\\/\",\"logo\":{\"@type\":\"ImageObject\",\"inLanguage\":\"pt-BR\",\"@id\":\"https:\\\/\\\/fieam.org.br\\\/sesi\\\/#\\\/schema\\\/logo\\\/image\\\/\",\"url\":\"https:\\\/\\\/fieam.org.br\\\/sesi\\\/wp-content\\\/uploads\\\/sites\\\/14\\\/2024\\\/03\\\/cropped-fav.png\",\"contentUrl\":\"https:\\\/\\\/fieam.org.br\\\/sesi\\\/wp-content\\\/uploads\\\/sites\\\/14\\\/2024\\\/03\\\/cropped-fav.png\",\"width\":610,\"height\":589,\"caption\":\"SESI\"},\"image\":{\"@id\":\"https:\\\/\\\/fieam.org.br\\\/sesi\\\/#\\\/schema\\\/logo\\\/image\\\/\"}},{\"@type\":\"Person\",\"@id\":\"https:\\\/\\\/fieam.org.br\\\/sesi\\\/#\\\/schema\\\/person\\\/f54998dd14d5f0695b41444f2b01c31e\",\"name\":\"Autor\",\"image\":{\"@type\":\"ImageObject\",\"inLanguage\":\"pt-BR\",\"@id\":\"https:\\\/\\\/secure.gravatar.com\\\/avatar\\\/3732c223e0e1fad69062a8f770955c9068d37b055204f310a0be18d4069fe380?s=96&d=mm&r=g\",\"url\":\"https:\\\/\\\/secure.gravatar.com\\\/avatar\\\/3732c223e0e1fad69062a8f770955c9068d37b055204f310a0be18d4069fe380?s=96&d=mm&r=g\",\"contentUrl\":\"https:\\\/\\\/secure.gravatar.com\\\/avatar\\\/3732c223e0e1fad69062a8f770955c9068d37b055204f310a0be18d4069fe380?s=96&d=mm&r=g\",\"caption\":\"Autor\"},\"sameAs\":[\"https:\\\/\\\/marketingmassivo.com.br\"],\"url\":\"https:\\\/\\\/fieam.org.br\\\/sesi\\\/author\\\/admin\\\/\"}]}<\/script>\n<!-- \/ Yoast SEO plugin. -->","yoast_head_json":{"title":"Odont\u00f3logo do SESI recomenda: sa\u00fade do corpo come\u00e7a pela boca - SESI","robots":{"index":"index","follow":"follow","max-snippet":"max-snippet:-1","max-image-preview":"max-image-preview:large","max-video-preview":"max-video-preview:-1"},"canonical":"https:\/\/fieam.org.br\/sesi\/odontologo-do-sesi-recomenda-saude-do-corpo-comeca-pela-boca\/","og_locale":"pt_BR","og_type":"article","og_title":"Odont\u00f3logo do SESI recomenda: sa\u00fade do corpo come\u00e7a pela boca - SESI","og_description":"Metade dos brasileiros entre 35 e 45 anos j\u00e1 perdeu pelo menos 12 dentes e cerca de 80% dos idosos no pa\u00eds t\u00eam menos de 20 dentes, de acordo com pesquisa realizada pela Faculdade de Sa\u00fade P\u00fablica (FSP) da Universidade de S\u00e3o Paulo. Para manter a sa\u00fade bucal dos trabalhadores da ind\u00fastria e comunidade amazonense, [&hellip;]","og_url":"https:\/\/fieam.org.br\/sesi\/odontologo-do-sesi-recomenda-saude-do-corpo-comeca-pela-boca\/","og_site_name":"SESI","article_published_time":"2016-08-05T20:05:07+00:00","author":"Autor","twitter_card":"summary_large_image","twitter_misc":{"Escrito por":"Autor","Est. tempo de leitura":"2 minutos"},"schema":{"@context":"https:\/\/schema.org","@graph":[{"@type":"Article","@id":"https:\/\/fieam.org.br\/sesi\/odontologo-do-sesi-recomenda-saude-do-corpo-comeca-pela-boca\/#article","isPartOf":{"@id":"https:\/\/fieam.org.br\/sesi\/odontologo-do-sesi-recomenda-saude-do-corpo-comeca-pela-boca\/"},"author":{"name":"Autor","@id":"https:\/\/fieam.org.br\/sesi\/#\/schema\/person\/f54998dd14d5f0695b41444f2b01c31e"},"headline":"Odont\u00f3logo do SESI recomenda: sa\u00fade do corpo come\u00e7a pela boca","datePublished":"2016-08-05T20:05:07+00:00","mainEntityOfPage":{"@id":"https:\/\/fieam.org.br\/sesi\/odontologo-do-sesi-recomenda-saude-do-corpo-comeca-pela-boca\/"},"wordCount":502,"commentCount":1,"publisher":{"@id":"https:\/\/fieam.org.br\/sesi\/#organization"},"image":{"@id":"https:\/\/fieam.org.br\/sesi\/odontologo-do-sesi-recomenda-saude-do-corpo-comeca-pela-boca\/#primaryimage"},"thumbnailUrl":"","articleSection":["News","News Destaque"],"inLanguage":"pt-BR","potentialAction":[{"@type":"CommentAction","name":"Comment","target":["https:\/\/fieam.org.br\/sesi\/odontologo-do-sesi-recomenda-saude-do-corpo-comeca-pela-boca\/#respond"]}]},{"@type":"WebPage","@id":"https:\/\/fieam.org.br\/sesi\/odontologo-do-sesi-recomenda-saude-do-corpo-comeca-pela-boca\/","url":"https:\/\/fieam.org.br\/sesi\/odontologo-do-sesi-recomenda-saude-do-corpo-comeca-pela-boca\/","name":"Odont\u00f3logo do SESI recomenda: sa\u00fade do corpo come\u00e7a pela boca - SESI","isPartOf":{"@id":"https:\/\/fieam.org.br\/sesi\/#website"},"primaryImageOfPage":{"@id":"https:\/\/fieam.org.br\/sesi\/odontologo-do-sesi-recomenda-saude-do-corpo-comeca-pela-boca\/#primaryimage"},"image":{"@id":"https:\/\/fieam.org.br\/sesi\/odontologo-do-sesi-recomenda-saude-do-corpo-comeca-pela-boca\/#primaryimage"},"thumbnailUrl":"","datePublished":"2016-08-05T20:05:07+00:00","breadcrumb":{"@id":"https:\/\/fieam.org.br\/sesi\/odontologo-do-sesi-recomenda-saude-do-corpo-comeca-pela-boca\/#breadcrumb"},"inLanguage":"pt-BR","potentialAction":[{"@type":"ReadAction","target":["https:\/\/fieam.org.br\/sesi\/odontologo-do-sesi-recomenda-saude-do-corpo-comeca-pela-boca\/"]}]},{"@type":"ImageObject","inLanguage":"pt-BR","@id":"https:\/\/fieam.org.br\/sesi\/odontologo-do-sesi-recomenda-saude-do-corpo-comeca-pela-boca\/#primaryimage","url":"","contentUrl":""},{"@type":"BreadcrumbList","@id":"https:\/\/fieam.org.br\/sesi\/odontologo-do-sesi-recomenda-saude-do-corpo-comeca-pela-boca\/#breadcrumb","itemListElement":[{"@type":"ListItem","position":1,"name":"In\u00edcio","item":"https:\/\/fieam.org.br\/sesi\/"},{"@type":"ListItem","position":2,"name":"Odont\u00f3logo do SESI recomenda: sa\u00fade do corpo come\u00e7a pela boca"}]},{"@type":"WebSite","@id":"https:\/\/fieam.org.br\/sesi\/#website","url":"https:\/\/fieam.org.br\/sesi\/","name":"SESI","description":"Site Oficial!","publisher":{"@id":"https:\/\/fieam.org.br\/sesi\/#organization"},"potentialAction":[{"@type":"SearchAction","target":{"@type":"EntryPoint","urlTemplate":"https:\/\/fieam.org.br\/sesi\/?s={search_term_string}"},"query-input":{"@type":"PropertyValueSpecification","valueRequired":true,"valueName":"search_term_string"}}],"inLanguage":"pt-BR"},{"@type":"Organization","@id":"https:\/\/fieam.org.br\/sesi\/#organization","name":"SESI","url":"https:\/\/fieam.org.br\/sesi\/","logo":{"@type":"ImageObject","inLanguage":"pt-BR","@id":"https:\/\/fieam.org.br\/sesi\/#\/schema\/logo\/image\/","url":"https:\/\/fieam.org.br\/sesi\/wp-content\/uploads\/sites\/14\/2024\/03\/cropped-fav.png","contentUrl":"https:\/\/fieam.org.br\/sesi\/wp-content\/uploads\/sites\/14\/2024\/03\/cropped-fav.png","width":610,"height":589,"caption":"SESI"},"image":{"@id":"https:\/\/fieam.org.br\/sesi\/#\/schema\/logo\/image\/"}},{"@type":"Person","@id":"https:\/\/fieam.org.br\/sesi\/#\/schema\/person\/f54998dd14d5f0695b41444f2b01c31e","name":"Autor","image":{"@type":"ImageObject","inLanguage":"pt-BR","@id":"https:\/\/secure.gravatar.com\/avatar\/3732c223e0e1fad69062a8f770955c9068d37b055204f310a0be18d4069fe380?s=96&d=mm&r=g","url":"https:\/\/secure.gravatar.com\/avatar\/3732c223e0e1fad69062a8f770955c9068d37b055204f310a0be18d4069fe380?s=96&d=mm&r=g","contentUrl":"https:\/\/secure.gravatar.com\/avatar\/3732c223e0e1fad69062a8f770955c9068d37b055204f310a0be18d4069fe380?s=96&d=mm&r=g","caption":"Autor"},"sameAs":["https:\/\/marketingmassivo.com.br"],"url":"https:\/\/fieam.org.br\/sesi\/author\/admin\/"}]}},"_links":{"self":[{"href":"https:\/\/fieam.org.br\/sesi\/wp-json\/wp\/v2\/posts\/9047","targetHints":{"allow":["GET"]}}],"collection":[{"href":"https:\/\/fieam.org.br\/sesi\/wp-json\/wp\/v2\/posts"}],"about":[{"href":"https:\/\/fieam.org.br\/sesi\/wp-json\/wp\/v2\/types\/post"}],"author":[{"embeddable":true,"href":"https:\/\/fieam.org.br\/sesi\/wp-json\/wp\/v2\/users\/1"}],"replies":[{"embeddable":true,"href":"https:\/\/fieam.org.br\/sesi\/wp-json\/wp\/v2\/comments?post=9047"}],"version-history":[{"count":0,"href":"https:\/\/fieam.org.br\/sesi\/wp-json\/wp\/v2\/posts\/9047\/revisions"}],"wp:attachment":[{"href":"https:\/\/fieam.org.br\/sesi\/wp-json\/wp\/v2\/media?parent=9047"}],"wp:term":[{"taxonomy":"category","embeddable":true,"href":"https:\/\/fieam.org.br\/sesi\/wp-json\/wp\/v2\/categories?post=9047"},{"taxonomy":"post_tag","embeddable":true,"href":"https:\/\/fieam.org.br\/sesi\/wp-json\/wp\/v2\/tags?post=9047"}],"curies":[{"name":"wp","href":"https:\/\/api.w.org\/{rel}","templated":true}]}}