{"id":902,"date":"2011-04-14T20:50:18","date_gmt":"2011-04-14T20:50:18","guid":{"rendered":"http:\/\/www.fieam.org.br\/site\/sesi\/?p=902"},"modified":"2011-04-14T20:50:18","modified_gmt":"2011-04-14T20:50:18","slug":"sesi-centro-de-atividades-sao-jorge-educacao-basica-e-continuada-em-so-lugar","status":"publish","type":"post","link":"https:\/\/fieam.org.br\/sesi\/sesi-centro-de-atividades-sao-jorge-educacao-basica-e-continuada-em-so-lugar\/","title":{"rendered":"SESI Centro de Atividades \u2013 S\u00e3o Jorge Educa\u00e7\u00e3o B\u00e1sica e Continuada em um s\u00f3 lugar"},"content":{"rendered":"<p>Localizado logo no in\u00edcio do bairro S\u00e3o Jorge, na rua Bras\u00edlia, s\/n, o novo Centro de Atividades do SESI Amazonas oferece gratuitamente aos trabalhadores da Ind\u00fastria e seus dependentes cursos de Educa\u00e7\u00e3o de Jovens e Adultos (EJA) e de Educa\u00e7\u00e3o Continuada (aprendizagem p\u00f3s-ensino secund\u00e1rio com objetivo de obter as qualifica\u00e7\u00f5es demandadas pelo mercado). As atividades tamb\u00e9m podem ser realizadas por pessoas da comunidade, mediante pagamento de taxa por atividade\/curso.\u00a0 Informa\u00e7\u00f5es pelos telefones: (092) 3216- 8022\/8023.<\/p>\n<p>Na EJA os adultos podem cursar o Ensino Fundamental 1\u00ba segmento (alfabetiza\u00e7\u00e3o a 4\u00aa s\u00e9rie), Ensino Fundamental 2\u00ba segmento (5\u00aa a 8\u00aa s\u00e9rie) e Ensino M\u00e9dio (antigo 2\u00ba grau). O candidato a uma das vagas da EJA deve ter idade m\u00ednima de 15 anos para o Ensino Fundamental e 18 anos de idade para o Ensino M\u00e9dio. No ato da inscri\u00e7\u00e3o, ter\u00e1 que apresentar fotoc\u00f3pias de documentos pessoais como: identidade, CPF, t\u00edtulo de eleitor e comprovante de resid\u00eancia e duas fotos 3&#215;4.\u00a0 Para aqueles que trabalham na ind\u00fastria ainda ser\u00e1 necess\u00e1rio a c\u00f3pia da carteira de trabalho e para seus dependentes, a certid\u00e3o de casamento (c\u00f4njuge) e certid\u00e3o de nascimento (filhos). As aulas est\u00e3o sendo oferecidas no turno da noite, das 18h30 \u00e0s 21h 30.<\/p>\n<p>Em Educa\u00e7\u00e3o Continuada h\u00e1 mais de 30 cursos nas \u00e1reas de Sa\u00fade e Seguran\u00e7a no Trabalho, Qualidade de Vida, Idiomas, entre outros, com carga hor\u00e1ria entre quatro e 32 horas (veja a programa\u00e7\u00e3o completa abaixo).\u00a0 Os documentos necess\u00e1rios para a inscri\u00e7\u00e3o nestes cursos s\u00e3o: C\u00f3pia do \u00faltimo contracheque \/ C\u00f3pia do RG e do PIS.<\/p>\n<p>O SESI Centro de Atividades tamb\u00e9m inscreve em aulas de dan\u00e7a (inicialmente bolero e forr\u00f3) e oficinas de karat\u00ea (inicia\u00e7\u00e3o em defesa pessoal), automaquiagem, teatro infantil e a pintura em tecido. O curso de Educa\u00e7\u00e3o Alimentar, que aborda uma alimenta\u00e7\u00e3o inteligente, com receitas saud\u00e1veis, nutritivas e de baixo custo e ainda, as boas pr\u00e1ticas de manipula\u00e7\u00e3o e escolha dos alimentos, com dicas de higiene e nutri\u00e7\u00e3o, fazem parte da programa\u00e7\u00e3o oferecida pelo Programa SESI Cozinha Brasil.<\/p>\n<p>Segundo a administradora do Centro de Atividades, Patr\u00edcia Bezerra, al\u00e9m desta programa\u00e7\u00e3o, est\u00e1 previsto para o 2\u00ba semestre o lan\u00e7amento de biblioteca p\u00fablica, contendo DVDteca, CDteca, Gibiteca e Internet, que vai permitir aos usu\u00e1rios acesso a informa\u00e7\u00e3o e a apropria\u00e7\u00e3o do conhecimento. Uma unidade m\u00f3vel odontol\u00f3gica tamb\u00e9m funcionar\u00e1 no CAT no segundo semestre, bem como o Programa Atleta do Futuro (PAF), que atende crian\u00e7as e adolescentes entre seis e 17 anos com a\u00e7\u00f5es socioeducativas, gratuitas (para dependentes de industri\u00e1rios) e de cunho esportivo.<\/p>\n<p><strong>Segue programa\u00e7\u00e3o completa dos cursos da Educa\u00e7\u00e3o Continuada:<br \/>\n<\/strong>\u00a0<br \/>\nCONFIRA A PROGRAMA\u00c7\u00c3O DE 2011 DO SESI \u2013 CENTRO DE ATIVIDADES<br \/>\n\u00a0<br \/>\nEDUCA\u00c7\u00c3O B\u00c1SICA<br \/>\nAlfabetiza\u00e7\u00e3o \/ 1\u00aa a 4\u00aa fase\/ 5\u00aa a 8\u00aa fase \/ Ensino M\u00e9dio (com prepara\u00e7\u00e3o para o ENEM)<br \/>\n\u00a0<br \/>\nDOCUMENTOS NECESS\u00c1RIOS:<br \/>\n\u00a0<br \/>\n2 fotos (3&#215;4) \/ Comprovante de escolaridade original \/ C\u00f3pia da Certid\u00e3o de Nascimento ou Casamento \/ C\u00f3pia do RG e CPF (aluno) \/ C\u00f3pia do Comprovante de Resid\u00eancia (\u00e1gua ou telefone) \/ C\u00f3pia do RG e CPF do respons\u00e1vel, quando o aluno for menor de 18 anos.<br \/>\n\u00a0<br \/>\nOBS: Matr\u00edculas para menores de 18 anos s\u00f3 com a presen\u00e7a do respons\u00e1vel legal (pai, m\u00e3e ou se for outro parente, este dever\u00e1 ter o termo de guarda).\u00a0\u00a0<br \/>\n\u00a0<br \/>\nEDUCA\u00c7\u00c3O CONTINUADA<br \/>\n\u00a0<br \/>\nSeguran\u00e7a, Sa\u00fade e Qualidade de Vida<br \/>\n\u00a0<br \/>\nMini Dura\u00e7\u00e3o (4h)<br \/>\nOficinas Esportivas: Karat\u00ea (Defesa pessoal &#8211; inicia\u00e7\u00e3o)<br \/>\n\u00a0<br \/>\nCurta Dura\u00e7\u00e3o (8h)<br \/>\nComportamento saud\u00e1vel \/ Sa\u00fade bucal \/ Alimenta\u00e7\u00e3o saud\u00e1vel \/ Boas pr\u00e1ticas para manipuladores de alimentos \/ Praticando a Responsabilidade Social \/ Gerenciamento de Estresse \/ Relacionamento interpessoal: ambiente de trabalho; Eu e meus pares \/ Gera\u00e7\u00e3o de emprego e renda (Pintura em tecido) \/ Higiene pessoal e no ambiente de trabalho \/ Arte e Identidade Social (Automaquiagem)<br \/>\n\u00a0<br \/>\nCurta Dura\u00e7\u00e3o (10h)<br \/>\nOficina de Dan\u00e7a (Bolero e Forr\u00f3) \/ Educa\u00e7\u00e3o Alimentar \/ Produ\u00e7\u00e3o Textual<br \/>\n\u00a0<br \/>\nCurta Dura\u00e7\u00e3o (15h)<br \/>\nBoas Pr\u00e1ticas em SST\u2013 Conceitos e Fundamentos\/ Matem\u00e1tica Aplicada<br \/>\n\u00a0<br \/>\nCurta Dura\u00e7\u00e3o (16h)<br \/>\nT\u00e9cnicas de Elabora\u00e7\u00e3o de Projetos Sociais<br \/>\nM\u00e9dia Dura\u00e7\u00e3o (18h)<br \/>\nTeatro Infantil (M\u00f3dulos I e II)<br \/>\n\u00a0<br \/>\nM\u00e9dia Dura\u00e7\u00e3o (20h)<br \/>\nSST \u2013 Na Ind\u00fastria da Alimenta\u00e7\u00e3o \u2013 Na Ind\u00fastria da Constru\u00e7\u00e3o Civil \u2013 Na Ind\u00fastria da Madeira e do Mobili\u00e1rio \u2013 Na Ind\u00fastria de Minerais N\u00e3o Met\u00e1licos \u2013 Na Ind\u00fastria Qu\u00edmica \u2013 Na Ind\u00fastria Metal\u00fargica \u2013 Na Ind\u00fastria T\u00eaxtil e do Vestu\u00e1rio; CIPA \u2013 Comiss\u00e3o Interna de Preven\u00e7\u00e3o de Acidentes \/ Significado do Trabalho: Vis\u00e3o Sist\u00eamica \/ Conhecendo os Neg\u00f3cios e Valores da Empresa \/ Desenvolvendo Compet\u00eancias Pessoais e Sociais para o Mundo do Trabalho \/Aprenda a Clicar (Inform\u00e1tica para Iniciante, B\u00e1sica e Avan\u00e7ada)<br \/>\n\u00a0<br \/>\nM\u00e9dia Dura\u00e7\u00e3o (30h)<br \/>\n\u00a0<br \/>\nIDIOMAS:<br \/>\nIngl\u00eas (B\u00e1sico e intermedi\u00e1rio) \/ Espanhol (B\u00e1sico e intermedi\u00e1rio)<br \/>\nAprenda a Clicar (Inform\u00e1tica para Iniciante, B\u00e1sica e Avan\u00e7ada) \/ Vida Digital \u2013 Clicando no Trabalho<br \/>\n\u00a0<br \/>\nM\u00e9dia Dura\u00e7\u00e3o (32h)<br \/>\nLIBRAS \u2013 Introdu\u00e7\u00e3o \u00e0 L\u00edngua Brasileira de Sinais<br \/>\n\u00a0<br \/>\nDOCUMENTOS NECESS\u00c1RIOS:<br \/>\nC\u00f3pia do \u00faltimo contracheque \/ C\u00f3pia do RG e do PIS<\/p>\n","protected":false},"excerpt":{"rendered":"<p>As atividades tamb\u00e9m podem ser realizadas por pessoas da comunidade, mediante pagamento de taxa por atividade\/curso<\/p>\n","protected":false},"author":1,"featured_media":0,"comment_status":"open","ping_status":"open","sticky":false,"template":"","format":"standard","meta":{"footnotes":""},"categories":[25],"tags":[69],"class_list":["post-902","post","type-post","status-publish","format-standard","hentry","category-news","tag-educacao"],"yoast_head":"<!-- This site is optimized with the Yoast SEO plugin v26.8 - https:\/\/yoast.com\/product\/yoast-seo-wordpress\/ -->\n<title>SESI Centro de Atividades \u2013 S\u00e3o Jorge Educa\u00e7\u00e3o B\u00e1sica e Continuada em um s\u00f3 lugar - SESI<\/title>\n<meta name=\"robots\" content=\"index, follow, max-snippet:-1, max-image-preview:large, max-video-preview:-1\" \/>\n<link rel=\"canonical\" href=\"https:\/\/fieam.org.br\/sesi\/sesi-centro-de-atividades-sao-jorge-educacao-basica-e-continuada-em-so-lugar\/\" \/>\n<meta property=\"og:locale\" content=\"pt_BR\" \/>\n<meta property=\"og:type\" content=\"article\" \/>\n<meta property=\"og:title\" content=\"SESI Centro de Atividades \u2013 S\u00e3o Jorge Educa\u00e7\u00e3o B\u00e1sica e Continuada em um s\u00f3 lugar - SESI\" \/>\n<meta property=\"og:description\" content=\"As atividades tamb\u00e9m podem ser realizadas por pessoas da comunidade, mediante pagamento de taxa por atividade\/curso\" \/>\n<meta property=\"og:url\" content=\"https:\/\/fieam.org.br\/sesi\/sesi-centro-de-atividades-sao-jorge-educacao-basica-e-continuada-em-so-lugar\/\" \/>\n<meta property=\"og:site_name\" content=\"SESI\" \/>\n<meta property=\"article:published_time\" content=\"2011-04-14T20:50:18+00:00\" \/>\n<meta name=\"author\" content=\"Autor\" \/>\n<meta name=\"twitter:card\" content=\"summary_large_image\" \/>\n<meta name=\"twitter:label1\" content=\"Escrito por\" \/>\n\t<meta name=\"twitter:data1\" content=\"Autor\" \/>\n\t<meta name=\"twitter:label2\" content=\"Est. tempo de leitura\" \/>\n\t<meta name=\"twitter:data2\" content=\"4 minutos\" \/>\n<script type=\"application\/ld+json\" class=\"yoast-schema-graph\">{\"@context\":\"https:\/\/schema.org\",\"@graph\":[{\"@type\":\"Article\",\"@id\":\"https:\/\/fieam.org.br\/sesi\/sesi-centro-de-atividades-sao-jorge-educacao-basica-e-continuada-em-so-lugar\/#article\",\"isPartOf\":{\"@id\":\"https:\/\/fieam.org.br\/sesi\/sesi-centro-de-atividades-sao-jorge-educacao-basica-e-continuada-em-so-lugar\/\"},\"author\":{\"name\":\"Autor\",\"@id\":\"https:\/\/fieam.org.br\/sesi\/#\/schema\/person\/c1ceda8321521b291cee22da0a7d34be\"},\"headline\":\"SESI Centro de Atividades \u2013 S\u00e3o Jorge Educa\u00e7\u00e3o B\u00e1sica e Continuada em um s\u00f3 lugar\",\"datePublished\":\"2011-04-14T20:50:18+00:00\",\"mainEntityOfPage\":{\"@id\":\"https:\/\/fieam.org.br\/sesi\/sesi-centro-de-atividades-sao-jorge-educacao-basica-e-continuada-em-so-lugar\/\"},\"wordCount\":904,\"commentCount\":0,\"publisher\":{\"@id\":\"https:\/\/fieam.org.br\/sesi\/#organization\"},\"keywords\":[\"educa\u00e7\u00e3o\"],\"articleSection\":[\"News\"],\"inLanguage\":\"pt-BR\",\"potentialAction\":[{\"@type\":\"CommentAction\",\"name\":\"Comment\",\"target\":[\"https:\/\/fieam.org.br\/sesi\/sesi-centro-de-atividades-sao-jorge-educacao-basica-e-continuada-em-so-lugar\/#respond\"]}]},{\"@type\":\"WebPage\",\"@id\":\"https:\/\/fieam.org.br\/sesi\/sesi-centro-de-atividades-sao-jorge-educacao-basica-e-continuada-em-so-lugar\/\",\"url\":\"https:\/\/fieam.org.br\/sesi\/sesi-centro-de-atividades-sao-jorge-educacao-basica-e-continuada-em-so-lugar\/\",\"name\":\"SESI Centro de Atividades \u2013 S\u00e3o Jorge Educa\u00e7\u00e3o B\u00e1sica e Continuada em um s\u00f3 lugar - SESI\",\"isPartOf\":{\"@id\":\"https:\/\/fieam.org.br\/sesi\/#website\"},\"datePublished\":\"2011-04-14T20:50:18+00:00\",\"breadcrumb\":{\"@id\":\"https:\/\/fieam.org.br\/sesi\/sesi-centro-de-atividades-sao-jorge-educacao-basica-e-continuada-em-so-lugar\/#breadcrumb\"},\"inLanguage\":\"pt-BR\",\"potentialAction\":[{\"@type\":\"ReadAction\",\"target\":[\"https:\/\/fieam.org.br\/sesi\/sesi-centro-de-atividades-sao-jorge-educacao-basica-e-continuada-em-so-lugar\/\"]}]},{\"@type\":\"BreadcrumbList\",\"@id\":\"https:\/\/fieam.org.br\/sesi\/sesi-centro-de-atividades-sao-jorge-educacao-basica-e-continuada-em-so-lugar\/#breadcrumb\",\"itemListElement\":[{\"@type\":\"ListItem\",\"position\":1,\"name\":\"In\u00edcio\",\"item\":\"https:\/\/fieam.org.br\/sesi\/\"},{\"@type\":\"ListItem\",\"position\":2,\"name\":\"SESI Centro de Atividades \u2013 S\u00e3o Jorge Educa\u00e7\u00e3o B\u00e1sica e Continuada em um s\u00f3 lugar\"}]},{\"@type\":\"WebSite\",\"@id\":\"https:\/\/fieam.org.br\/sesi\/#website\",\"url\":\"https:\/\/fieam.org.br\/sesi\/\",\"name\":\"SESI\",\"description\":\"Site Oficial!\",\"publisher\":{\"@id\":\"https:\/\/fieam.org.br\/sesi\/#organization\"},\"potentialAction\":[{\"@type\":\"SearchAction\",\"target\":{\"@type\":\"EntryPoint\",\"urlTemplate\":\"https:\/\/fieam.org.br\/sesi\/?s={search_term_string}\"},\"query-input\":{\"@type\":\"PropertyValueSpecification\",\"valueRequired\":true,\"valueName\":\"search_term_string\"}}],\"inLanguage\":\"pt-BR\"},{\"@type\":\"Organization\",\"@id\":\"https:\/\/fieam.org.br\/sesi\/#organization\",\"name\":\"SESI\",\"url\":\"https:\/\/fieam.org.br\/sesi\/\",\"logo\":{\"@type\":\"ImageObject\",\"inLanguage\":\"pt-BR\",\"@id\":\"https:\/\/fieam.org.br\/sesi\/#\/schema\/logo\/image\/\",\"url\":\"https:\/\/fieam.org.br\/sesi\/wp-content\/uploads\/sites\/14\/2024\/03\/cropped-fav.png\",\"contentUrl\":\"https:\/\/fieam.org.br\/sesi\/wp-content\/uploads\/sites\/14\/2024\/03\/cropped-fav.png\",\"width\":610,\"height\":589,\"caption\":\"SESI\"},\"image\":{\"@id\":\"https:\/\/fieam.org.br\/sesi\/#\/schema\/logo\/image\/\"}},{\"@type\":\"Person\",\"@id\":\"https:\/\/fieam.org.br\/sesi\/#\/schema\/person\/c1ceda8321521b291cee22da0a7d34be\",\"name\":\"Autor\",\"image\":{\"@type\":\"ImageObject\",\"inLanguage\":\"pt-BR\",\"@id\":\"https:\/\/fieam.org.br\/sesi\/#\/schema\/person\/image\/\",\"url\":\"https:\/\/secure.gravatar.com\/avatar\/3732c223e0e1fad69062a8f770955c9068d37b055204f310a0be18d4069fe380?s=96&d=mm&r=g\",\"contentUrl\":\"https:\/\/secure.gravatar.com\/avatar\/3732c223e0e1fad69062a8f770955c9068d37b055204f310a0be18d4069fe380?s=96&d=mm&r=g\",\"caption\":\"Autor\"},\"sameAs\":[\"https:\/\/marketingmassivo.com.br\"],\"url\":\"https:\/\/fieam.org.br\/sesi\/author\/admin\/\"}]}<\/script>\n<!-- \/ Yoast SEO plugin. -->","yoast_head_json":{"title":"SESI Centro de Atividades \u2013 S\u00e3o Jorge Educa\u00e7\u00e3o B\u00e1sica e Continuada em um s\u00f3 lugar - SESI","robots":{"index":"index","follow":"follow","max-snippet":"max-snippet:-1","max-image-preview":"max-image-preview:large","max-video-preview":"max-video-preview:-1"},"canonical":"https:\/\/fieam.org.br\/sesi\/sesi-centro-de-atividades-sao-jorge-educacao-basica-e-continuada-em-so-lugar\/","og_locale":"pt_BR","og_type":"article","og_title":"SESI Centro de Atividades \u2013 S\u00e3o Jorge Educa\u00e7\u00e3o B\u00e1sica e Continuada em um s\u00f3 lugar - SESI","og_description":"As atividades tamb\u00e9m podem ser realizadas por pessoas da comunidade, mediante pagamento de taxa por atividade\/curso","og_url":"https:\/\/fieam.org.br\/sesi\/sesi-centro-de-atividades-sao-jorge-educacao-basica-e-continuada-em-so-lugar\/","og_site_name":"SESI","article_published_time":"2011-04-14T20:50:18+00:00","author":"Autor","twitter_card":"summary_large_image","twitter_misc":{"Escrito por":"Autor","Est. tempo de leitura":"4 minutos"},"schema":{"@context":"https:\/\/schema.org","@graph":[{"@type":"Article","@id":"https:\/\/fieam.org.br\/sesi\/sesi-centro-de-atividades-sao-jorge-educacao-basica-e-continuada-em-so-lugar\/#article","isPartOf":{"@id":"https:\/\/fieam.org.br\/sesi\/sesi-centro-de-atividades-sao-jorge-educacao-basica-e-continuada-em-so-lugar\/"},"author":{"name":"Autor","@id":"https:\/\/fieam.org.br\/sesi\/#\/schema\/person\/c1ceda8321521b291cee22da0a7d34be"},"headline":"SESI Centro de Atividades \u2013 S\u00e3o Jorge Educa\u00e7\u00e3o B\u00e1sica e Continuada em um s\u00f3 lugar","datePublished":"2011-04-14T20:50:18+00:00","mainEntityOfPage":{"@id":"https:\/\/fieam.org.br\/sesi\/sesi-centro-de-atividades-sao-jorge-educacao-basica-e-continuada-em-so-lugar\/"},"wordCount":904,"commentCount":0,"publisher":{"@id":"https:\/\/fieam.org.br\/sesi\/#organization"},"keywords":["educa\u00e7\u00e3o"],"articleSection":["News"],"inLanguage":"pt-BR","potentialAction":[{"@type":"CommentAction","name":"Comment","target":["https:\/\/fieam.org.br\/sesi\/sesi-centro-de-atividades-sao-jorge-educacao-basica-e-continuada-em-so-lugar\/#respond"]}]},{"@type":"WebPage","@id":"https:\/\/fieam.org.br\/sesi\/sesi-centro-de-atividades-sao-jorge-educacao-basica-e-continuada-em-so-lugar\/","url":"https:\/\/fieam.org.br\/sesi\/sesi-centro-de-atividades-sao-jorge-educacao-basica-e-continuada-em-so-lugar\/","name":"SESI Centro de Atividades \u2013 S\u00e3o Jorge Educa\u00e7\u00e3o B\u00e1sica e Continuada em um s\u00f3 lugar - SESI","isPartOf":{"@id":"https:\/\/fieam.org.br\/sesi\/#website"},"datePublished":"2011-04-14T20:50:18+00:00","breadcrumb":{"@id":"https:\/\/fieam.org.br\/sesi\/sesi-centro-de-atividades-sao-jorge-educacao-basica-e-continuada-em-so-lugar\/#breadcrumb"},"inLanguage":"pt-BR","potentialAction":[{"@type":"ReadAction","target":["https:\/\/fieam.org.br\/sesi\/sesi-centro-de-atividades-sao-jorge-educacao-basica-e-continuada-em-so-lugar\/"]}]},{"@type":"BreadcrumbList","@id":"https:\/\/fieam.org.br\/sesi\/sesi-centro-de-atividades-sao-jorge-educacao-basica-e-continuada-em-so-lugar\/#breadcrumb","itemListElement":[{"@type":"ListItem","position":1,"name":"In\u00edcio","item":"https:\/\/fieam.org.br\/sesi\/"},{"@type":"ListItem","position":2,"name":"SESI Centro de Atividades \u2013 S\u00e3o Jorge Educa\u00e7\u00e3o B\u00e1sica e Continuada em um s\u00f3 lugar"}]},{"@type":"WebSite","@id":"https:\/\/fieam.org.br\/sesi\/#website","url":"https:\/\/fieam.org.br\/sesi\/","name":"SESI","description":"Site Oficial!","publisher":{"@id":"https:\/\/fieam.org.br\/sesi\/#organization"},"potentialAction":[{"@type":"SearchAction","target":{"@type":"EntryPoint","urlTemplate":"https:\/\/fieam.org.br\/sesi\/?s={search_term_string}"},"query-input":{"@type":"PropertyValueSpecification","valueRequired":true,"valueName":"search_term_string"}}],"inLanguage":"pt-BR"},{"@type":"Organization","@id":"https:\/\/fieam.org.br\/sesi\/#organization","name":"SESI","url":"https:\/\/fieam.org.br\/sesi\/","logo":{"@type":"ImageObject","inLanguage":"pt-BR","@id":"https:\/\/fieam.org.br\/sesi\/#\/schema\/logo\/image\/","url":"https:\/\/fieam.org.br\/sesi\/wp-content\/uploads\/sites\/14\/2024\/03\/cropped-fav.png","contentUrl":"https:\/\/fieam.org.br\/sesi\/wp-content\/uploads\/sites\/14\/2024\/03\/cropped-fav.png","width":610,"height":589,"caption":"SESI"},"image":{"@id":"https:\/\/fieam.org.br\/sesi\/#\/schema\/logo\/image\/"}},{"@type":"Person","@id":"https:\/\/fieam.org.br\/sesi\/#\/schema\/person\/c1ceda8321521b291cee22da0a7d34be","name":"Autor","image":{"@type":"ImageObject","inLanguage":"pt-BR","@id":"https:\/\/fieam.org.br\/sesi\/#\/schema\/person\/image\/","url":"https:\/\/secure.gravatar.com\/avatar\/3732c223e0e1fad69062a8f770955c9068d37b055204f310a0be18d4069fe380?s=96&d=mm&r=g","contentUrl":"https:\/\/secure.gravatar.com\/avatar\/3732c223e0e1fad69062a8f770955c9068d37b055204f310a0be18d4069fe380?s=96&d=mm&r=g","caption":"Autor"},"sameAs":["https:\/\/marketingmassivo.com.br"],"url":"https:\/\/fieam.org.br\/sesi\/author\/admin\/"}]}},"_links":{"self":[{"href":"https:\/\/fieam.org.br\/sesi\/wp-json\/wp\/v2\/posts\/902","targetHints":{"allow":["GET"]}}],"collection":[{"href":"https:\/\/fieam.org.br\/sesi\/wp-json\/wp\/v2\/posts"}],"about":[{"href":"https:\/\/fieam.org.br\/sesi\/wp-json\/wp\/v2\/types\/post"}],"author":[{"embeddable":true,"href":"https:\/\/fieam.org.br\/sesi\/wp-json\/wp\/v2\/users\/1"}],"replies":[{"embeddable":true,"href":"https:\/\/fieam.org.br\/sesi\/wp-json\/wp\/v2\/comments?post=902"}],"version-history":[{"count":0,"href":"https:\/\/fieam.org.br\/sesi\/wp-json\/wp\/v2\/posts\/902\/revisions"}],"wp:attachment":[{"href":"https:\/\/fieam.org.br\/sesi\/wp-json\/wp\/v2\/media?parent=902"}],"wp:term":[{"taxonomy":"category","embeddable":true,"href":"https:\/\/fieam.org.br\/sesi\/wp-json\/wp\/v2\/categories?post=902"},{"taxonomy":"post_tag","embeddable":true,"href":"https:\/\/fieam.org.br\/sesi\/wp-json\/wp\/v2\/tags?post=902"}],"curies":[{"name":"wp","href":"https:\/\/api.w.org\/{rel}","templated":true}]}}