{"id":8987,"date":"2016-07-21T14:26:21","date_gmt":"2016-07-21T18:26:21","guid":{"rendered":"http:\/\/www.fieam.org.br\/2015\/sesi\/?p=8987"},"modified":"2016-07-21T14:26:21","modified_gmt":"2016-07-21T18:26:21","slug":"especialista-do-sesi-ensina-a-manter-saude-bucal","status":"publish","type":"post","link":"https:\/\/fieam.org.br\/sesi\/especialista-do-sesi-ensina-a-manter-saude-bucal\/","title":{"rendered":"Especialista do SESI ensina a manter sa\u00fade bucal"},"content":{"rendered":"<figure id=\"attachment_8988\" aria-describedby=\"caption-attachment-8988\" style=\"width: 500px\" class=\"wp-caption alignright\"><a href=\"http:\/\/www.fieam.org.br\/2015\/sesi\/wp-content\/uploads\/sites\/2\/2016\/07\/Tratamento-das-gengivas-e\u0301-de-apenas-uma-sessa\u0303o.jpg\"><img fetchpriority=\"high\" decoding=\"async\" class=\" wp-image-8988\" src=\"http:\/\/www.fieam.org.br\/2015\/sesi\/wp-content\/uploads\/sites\/2\/2016\/07\/Tratamento-das-gengivas-e\u0301-de-apenas-uma-sessa\u0303o-1024x683.jpg\" alt=\"Tratamento das gengivas e\u0301 de apenas uma sessa\u0303o.\" width=\"500\" height=\"334\" \/><\/a><figcaption id=\"caption-attachment-8988\" class=\"wp-caption-text\">Tratamento das gengivas e\u0301 de apenas uma sessa\u0303o.<\/figcaption><\/figure>\n<p>A constru\u00e7\u00e3o de uma casa exige base s\u00f3lida para evitar problemas. Em quase todas as atividades, a base \u00e9 fundamental e na sa\u00fade bucal n\u00e3o \u00e9 diferente: para ter dentes fortes e saud\u00e1veis \u00e9 preciso haver uma base de suporte para esses dentes.<\/p>\n<p>De acordo com o odont\u00f3logo do Servi\u00e7o Social da Ind\u00fastria (SESI Amazonas), Leonardo Resende, a periodontia \u00e9 especialidade da odontologia que trata do suporte e prote\u00e7\u00e3o dos dentes, como gengiva, osso e toda a estrutura do periodonto.<\/p>\n<p>Segundo o especialista, se essa base bucal n\u00e3o estiver bem, o restante da cavidade oral tamb\u00e9m ter\u00e1 problemas, esclarecendo ser dif\u00edcil fazer uma restaura\u00e7\u00e3o, um tratamento de canal ou uma pr\u00f3tese quando o periodonto n\u00e3o est\u00e1 saud\u00e1vel.<\/p>\n<p>Resende disse que a periodontia tem a ver com a parte sist\u00eamica, e explicou que o paciente com doen\u00e7a periodontal tem mais probabilidade de desenvolver ou ainda agravar para um estado de infarto do mioc\u00e1rdio, al\u00e9m de problemas renais e diabetes.<\/p>\n<p>Com rela\u00e7\u00e3o aos sintomas, disse que a pessoa tem que ficar alerta quando, ao acordar, perceber sangue nos len\u00e7\u00f3is, nas fronhas dos travesseiros, ou ainda quando sentir um gosto ruim na boca e cuspir sangue, al\u00e9m de sangramento durante a escova\u00e7\u00e3o dos dentes.<\/p>\n<figure id=\"attachment_8989\" aria-describedby=\"caption-attachment-8989\" style=\"width: 499px\" class=\"wp-caption alignright\"><a href=\"https:\/\/marketingmassivo.com.br\/sesi\/wp-content\/uploads\/sites\/12\/2016\/07\/Leonardo-especialista-em-periodontia.jpg\"><img decoding=\"async\" class=\" wp-image-8989\" src=\"http:\/\/www.fieam.org.br\/2015\/sesi\/wp-content\/uploads\/sites\/2\/2016\/07\/Leonardo-especialista-em-periodontia-1024x683.jpg\" alt=\"Leonardo - especialista em periodontia.\" width=\"499\" height=\"332\" srcset=\"https:\/\/fieam.org.br\/sesi\/wp-content\/uploads\/sites\/14\/2016\/07\/Leonardo-especialista-em-periodontia-1024x683.jpg 1024w, https:\/\/fieam.org.br\/sesi\/wp-content\/uploads\/sites\/14\/2016\/07\/Leonardo-especialista-em-periodontia-300x200.jpg 300w, https:\/\/fieam.org.br\/sesi\/wp-content\/uploads\/sites\/14\/2016\/07\/Leonardo-especialista-em-periodontia-768x512.jpg 768w, https:\/\/fieam.org.br\/sesi\/wp-content\/uploads\/sites\/14\/2016\/07\/Leonardo-especialista-em-periodontia-1536x1024.jpg 1536w, https:\/\/fieam.org.br\/sesi\/wp-content\/uploads\/sites\/14\/2016\/07\/Leonardo-especialista-em-periodontia-2048x1365.jpg 2048w\" sizes=\"(max-width: 499px) 100vw, 499px\" \/><\/a><figcaption id=\"caption-attachment-8989\" class=\"wp-caption-text\">Leonardo &#8211; especialista em periodontia.<\/figcaption><\/figure>\n<p>Resende disse ainda que existem outros sintomas, como mau h\u00e1lito, principalmente na parte da manh\u00e3, que se n\u00e3o desaparecer com a escova\u00e7\u00e3o \u00e9 um sinal de algum problema.\u00a0\u00a0 \u201cOs sintomas deixam os dentes moles e indicam que a doen\u00e7a periodontal est\u00e1 instalada\u201d, disse.<\/p>\n<p>Segundo o especialista, a periodontite atinge todas as faixas de idade, principalmente adultos acima de 40 anos, mas alertou que muitas pessoas com idade abaixo, principalmente pessoas na fase da puberdade e tamb\u00e9m aqueles que usam aparelho ortodonto apresentam problemas de gengivite.<\/p>\n<p>Ele explicou que a gengivite e a periodontite s\u00e3o doen\u00e7as periodontais, ressaltando que a gengivite afeta as gengivas e a mucosa, enquanto a periodontite \u00e9 um est\u00e1gio mais avan\u00e7ado, que afeta tanto a gengiva, quanto outros tecidos, como o osso e o cemento.<\/p>\n<p>Explicou tamb\u00e9m que as pessoas devem procurar o dentista pelo menos a cada seis meses, para que seja uma avalia\u00e7\u00e3o como medida preventiva e, no caso do paciente apresentar sintomas de gengivite, deve iniciar logo o tratamento, que \u00e9 r\u00e1pido. Se apresentar sintomas de periodontite, o tratamento \u00e9 mais longo com tr\u00eas ou quatro sess\u00f5es.<\/p>\n<p>O Servi\u00e7o Social da Ind\u00fastria (SESI) oferece atendimento em periodontia, de segunda a s\u00e1bado, na Avenida Get\u00falio Vargas, 1116. Segunda pela manh\u00e3, das 7h30 \u00e0s 10 horas; pela tarde, das\u00a0 13h30 \u00e0s 16h, e noite, das 18h \u00e0s 22h. No s\u00e1bado, o atendimento \u00e9 das 7h30 \u00e0s 10h.<\/p>\n<p>&nbsp;<\/p>\n<p>&nbsp;<\/p>\n<p><strong>\u00a0\u00a0\u00a0\u00a0\u00a0\u00a0\u00a0\u00a0\u00a0\u00a0\u00a0 ATENDIMENTO \u00c0 IMPRENSA<\/strong><\/p>\n<p>&nbsp;<\/p>\n<p><strong>Diretoria de Comunica\u00e7\u00e3o e Marketing do Sistema FIEAM<\/strong><\/p>\n<p>Tel: (92) 3186-6576 Fax: (92) 3186-6579<\/p>\n<p>E-mail: <a href=\"mailto:imprensa@fieam.org.br\">imprensa@fieam.org.br<\/a><\/p>\n<p>Portal: <a href=\"http:\/\/www.fieam.org.br\/\">http:\/\/www.fieam.org.br<\/a><\/p>\n<p><strong>\u00a0\u00a0\u00a0\u00a0\u00a0\u00a0\u00a0\u00a0\u00a0\u00a0\u00a0 Sistema FIEAM nas redes sociais<\/strong><\/p>\n<p><strong>\u00a0\u00a0\u00a0\u00a0\u00a0\u00a0\u00a0\u00a0\u00a0\u00a0\u00a0 FIEAM:<\/strong> <a href=\"https:\/\/www.facebook.com\/fieamoficial\">Facebook<\/a>| <a href=\"https:\/\/twitter.com\/fieam\">Twitter<\/a>| <a href=\"https:\/\/www.instagram.com\/sistemafieam\/\">Instagram<\/a>| \u00a0<a href=\"https:\/\/www.youtube.com\/user\/FIEAM\">You Tube<\/a><\/p>\n<p><strong>\u00a0\u00a0\u00a0\u00a0\u00a0\u00a0\u00a0\u00a0\u00a0\u00a0\u00a0 <\/strong><strong>SESI:<\/strong> <a href=\"https:\/\/www.facebook.com\/sesiamazonas\">Facebook<\/a>| <a href=\"https:\/\/twitter.com\/sesiamazonas\">Twitter<\/a>| <a href=\"https:\/\/www.instagram.com\/sistemafieam\/\">Instagram<\/a>| \u00a0<a href=\"https:\/\/www.youtube.com\/user\/SESIAmazonas\">You Tube<\/a><\/p>\n<p><strong>\u00a0\u00a0\u00a0\u00a0\u00a0\u00a0\u00a0\u00a0\u00a0\u00a0\u00a0 SENAI:<\/strong> <a href=\"https:\/\/www.facebook.com\/senaiamazonas\">Facebook<\/a>| <a href=\"https:\/\/twitter.com\/senaiamazonas\">Twitter<\/a>| <a href=\"https:\/\/www.instagram.com\/sistemafieam\/\">Instagram<\/a>| \u00a0<a href=\"https:\/\/www.youtube.com\/user\/SENAIAmazonas\">You Tube<\/a><\/p>\n<p><strong>\u00a0\u00a0\u00a0\u00a0\u00a0\u00a0\u00a0\u00a0\u00a0\u00a0\u00a0 IEL:<\/strong> <a href=\"https:\/\/www.facebook.com\/ielamazonas\">Facebook<\/a>| <a href=\"https:\/\/twitter.com\/ielamazonas\">Twitter<\/a>| <a href=\"https:\/\/www.instagram.com\/sistemafieam\/\">Instagram<\/a>| \u00a0<a href=\"https:\/\/www.youtube.com\/user\/IELAmazonas\">You Tube<\/a><\/p>\n","protected":false},"excerpt":{"rendered":"<p>A constru\u00e7\u00e3o de uma casa exige base s\u00f3lida para evitar problemas. Em quase todas as atividades, a base \u00e9 fundamental e na sa\u00fade bucal n\u00e3o \u00e9 diferente: para ter dentes fortes e saud\u00e1veis \u00e9 preciso haver uma base de suporte para esses dentes. De acordo com o odont\u00f3logo do Servi\u00e7o Social da Ind\u00fastria (SESI Amazonas), [&hellip;]<\/p>\n","protected":false},"author":1,"featured_media":8988,"comment_status":"open","ping_status":"open","sticky":false,"template":"","format":"standard","meta":{"footnotes":""},"categories":[25,26],"tags":[],"class_list":["post-8987","post","type-post","status-publish","format-standard","has-post-thumbnail","hentry","category-news","category-news-destaque"],"yoast_head":"<!-- This site is optimized with the Yoast SEO plugin v28.2 - https:\/\/yoast.com\/product\/yoast-seo-wordpress\/ -->\n<title>Especialista do SESI ensina a manter sa\u00fade bucal - SESI<\/title>\n<meta name=\"robots\" content=\"index, follow, max-snippet:-1, max-image-preview:large, max-video-preview:-1\" \/>\n<link rel=\"canonical\" href=\"https:\/\/fieam.org.br\/sesi\/especialista-do-sesi-ensina-a-manter-saude-bucal\/\" \/>\n<meta property=\"og:locale\" content=\"pt_BR\" \/>\n<meta property=\"og:type\" content=\"article\" \/>\n<meta property=\"og:title\" content=\"Especialista do SESI ensina a manter sa\u00fade bucal - SESI\" \/>\n<meta property=\"og:description\" content=\"A constru\u00e7\u00e3o de uma casa exige base s\u00f3lida para evitar problemas. Em quase todas as atividades, a base \u00e9 fundamental e na sa\u00fade bucal n\u00e3o \u00e9 diferente: para ter dentes fortes e saud\u00e1veis \u00e9 preciso haver uma base de suporte para esses dentes. De acordo com o odont\u00f3logo do Servi\u00e7o Social da Ind\u00fastria (SESI Amazonas), [&hellip;]\" \/>\n<meta property=\"og:url\" content=\"https:\/\/fieam.org.br\/sesi\/especialista-do-sesi-ensina-a-manter-saude-bucal\/\" \/>\n<meta property=\"og:site_name\" content=\"SESI\" \/>\n<meta property=\"article:published_time\" content=\"2016-07-21T18:26:21+00:00\" \/>\n<meta name=\"author\" content=\"Autor\" \/>\n<meta name=\"twitter:card\" content=\"summary_large_image\" \/>\n<meta name=\"twitter:label1\" content=\"Escrito por\" \/>\n\t<meta name=\"twitter:data1\" content=\"Autor\" \/>\n\t<meta name=\"twitter:label2\" content=\"Est. tempo de leitura\" \/>\n\t<meta name=\"twitter:data2\" content=\"3 minutos\" \/>\n<script type=\"application\/ld+json\" class=\"yoast-schema-graph\">{\"@context\":\"https:\\\/\\\/schema.org\",\"@graph\":[{\"@type\":\"Article\",\"@id\":\"https:\\\/\\\/fieam.org.br\\\/sesi\\\/especialista-do-sesi-ensina-a-manter-saude-bucal\\\/#article\",\"isPartOf\":{\"@id\":\"https:\\\/\\\/fieam.org.br\\\/sesi\\\/especialista-do-sesi-ensina-a-manter-saude-bucal\\\/\"},\"author\":{\"name\":\"Autor\",\"@id\":\"https:\\\/\\\/fieam.org.br\\\/sesi\\\/#\\\/schema\\\/person\\\/f54998dd14d5f0695b41444f2b01c31e\"},\"headline\":\"Especialista do SESI ensina a manter sa\u00fade bucal\",\"datePublished\":\"2016-07-21T18:26:21+00:00\",\"mainEntityOfPage\":{\"@id\":\"https:\\\/\\\/fieam.org.br\\\/sesi\\\/especialista-do-sesi-ensina-a-manter-saude-bucal\\\/\"},\"wordCount\":558,\"commentCount\":0,\"publisher\":{\"@id\":\"https:\\\/\\\/fieam.org.br\\\/sesi\\\/#organization\"},\"image\":{\"@id\":\"https:\\\/\\\/fieam.org.br\\\/sesi\\\/especialista-do-sesi-ensina-a-manter-saude-bucal\\\/#primaryimage\"},\"thumbnailUrl\":\"\",\"articleSection\":[\"News\",\"News Destaque\"],\"inLanguage\":\"pt-BR\",\"potentialAction\":[{\"@type\":\"CommentAction\",\"name\":\"Comment\",\"target\":[\"https:\\\/\\\/fieam.org.br\\\/sesi\\\/especialista-do-sesi-ensina-a-manter-saude-bucal\\\/#respond\"]}]},{\"@type\":\"WebPage\",\"@id\":\"https:\\\/\\\/fieam.org.br\\\/sesi\\\/especialista-do-sesi-ensina-a-manter-saude-bucal\\\/\",\"url\":\"https:\\\/\\\/fieam.org.br\\\/sesi\\\/especialista-do-sesi-ensina-a-manter-saude-bucal\\\/\",\"name\":\"Especialista do SESI ensina a manter sa\u00fade bucal - SESI\",\"isPartOf\":{\"@id\":\"https:\\\/\\\/fieam.org.br\\\/sesi\\\/#website\"},\"primaryImageOfPage\":{\"@id\":\"https:\\\/\\\/fieam.org.br\\\/sesi\\\/especialista-do-sesi-ensina-a-manter-saude-bucal\\\/#primaryimage\"},\"image\":{\"@id\":\"https:\\\/\\\/fieam.org.br\\\/sesi\\\/especialista-do-sesi-ensina-a-manter-saude-bucal\\\/#primaryimage\"},\"thumbnailUrl\":\"\",\"datePublished\":\"2016-07-21T18:26:21+00:00\",\"breadcrumb\":{\"@id\":\"https:\\\/\\\/fieam.org.br\\\/sesi\\\/especialista-do-sesi-ensina-a-manter-saude-bucal\\\/#breadcrumb\"},\"inLanguage\":\"pt-BR\",\"potentialAction\":[{\"@type\":\"ReadAction\",\"target\":[\"https:\\\/\\\/fieam.org.br\\\/sesi\\\/especialista-do-sesi-ensina-a-manter-saude-bucal\\\/\"]}]},{\"@type\":\"ImageObject\",\"inLanguage\":\"pt-BR\",\"@id\":\"https:\\\/\\\/fieam.org.br\\\/sesi\\\/especialista-do-sesi-ensina-a-manter-saude-bucal\\\/#primaryimage\",\"url\":\"\",\"contentUrl\":\"\"},{\"@type\":\"BreadcrumbList\",\"@id\":\"https:\\\/\\\/fieam.org.br\\\/sesi\\\/especialista-do-sesi-ensina-a-manter-saude-bucal\\\/#breadcrumb\",\"itemListElement\":[{\"@type\":\"ListItem\",\"position\":1,\"name\":\"In\u00edcio\",\"item\":\"https:\\\/\\\/fieam.org.br\\\/sesi\\\/\"},{\"@type\":\"ListItem\",\"position\":2,\"name\":\"Especialista do SESI ensina a manter sa\u00fade bucal\"}]},{\"@type\":\"WebSite\",\"@id\":\"https:\\\/\\\/fieam.org.br\\\/sesi\\\/#website\",\"url\":\"https:\\\/\\\/fieam.org.br\\\/sesi\\\/\",\"name\":\"SESI\",\"description\":\"Site Oficial!\",\"publisher\":{\"@id\":\"https:\\\/\\\/fieam.org.br\\\/sesi\\\/#organization\"},\"potentialAction\":[{\"@type\":\"SearchAction\",\"target\":{\"@type\":\"EntryPoint\",\"urlTemplate\":\"https:\\\/\\\/fieam.org.br\\\/sesi\\\/?s={search_term_string}\"},\"query-input\":{\"@type\":\"PropertyValueSpecification\",\"valueRequired\":true,\"valueName\":\"search_term_string\"}}],\"inLanguage\":\"pt-BR\"},{\"@type\":\"Organization\",\"@id\":\"https:\\\/\\\/fieam.org.br\\\/sesi\\\/#organization\",\"name\":\"SESI\",\"url\":\"https:\\\/\\\/fieam.org.br\\\/sesi\\\/\",\"logo\":{\"@type\":\"ImageObject\",\"inLanguage\":\"pt-BR\",\"@id\":\"https:\\\/\\\/fieam.org.br\\\/sesi\\\/#\\\/schema\\\/logo\\\/image\\\/\",\"url\":\"https:\\\/\\\/fieam.org.br\\\/sesi\\\/wp-content\\\/uploads\\\/sites\\\/14\\\/2024\\\/03\\\/cropped-fav.png\",\"contentUrl\":\"https:\\\/\\\/fieam.org.br\\\/sesi\\\/wp-content\\\/uploads\\\/sites\\\/14\\\/2024\\\/03\\\/cropped-fav.png\",\"width\":610,\"height\":589,\"caption\":\"SESI\"},\"image\":{\"@id\":\"https:\\\/\\\/fieam.org.br\\\/sesi\\\/#\\\/schema\\\/logo\\\/image\\\/\"}},{\"@type\":\"Person\",\"@id\":\"https:\\\/\\\/fieam.org.br\\\/sesi\\\/#\\\/schema\\\/person\\\/f54998dd14d5f0695b41444f2b01c31e\",\"name\":\"Autor\",\"image\":{\"@type\":\"ImageObject\",\"inLanguage\":\"pt-BR\",\"@id\":\"https:\\\/\\\/secure.gravatar.com\\\/avatar\\\/3732c223e0e1fad69062a8f770955c9068d37b055204f310a0be18d4069fe380?s=96&d=mm&r=g\",\"url\":\"https:\\\/\\\/secure.gravatar.com\\\/avatar\\\/3732c223e0e1fad69062a8f770955c9068d37b055204f310a0be18d4069fe380?s=96&d=mm&r=g\",\"contentUrl\":\"https:\\\/\\\/secure.gravatar.com\\\/avatar\\\/3732c223e0e1fad69062a8f770955c9068d37b055204f310a0be18d4069fe380?s=96&d=mm&r=g\",\"caption\":\"Autor\"},\"sameAs\":[\"https:\\\/\\\/marketingmassivo.com.br\"],\"url\":\"https:\\\/\\\/fieam.org.br\\\/sesi\\\/author\\\/admin\\\/\"}]}<\/script>\n<!-- \/ Yoast SEO plugin. -->","yoast_head_json":{"title":"Especialista do SESI ensina a manter sa\u00fade bucal - SESI","robots":{"index":"index","follow":"follow","max-snippet":"max-snippet:-1","max-image-preview":"max-image-preview:large","max-video-preview":"max-video-preview:-1"},"canonical":"https:\/\/fieam.org.br\/sesi\/especialista-do-sesi-ensina-a-manter-saude-bucal\/","og_locale":"pt_BR","og_type":"article","og_title":"Especialista do SESI ensina a manter sa\u00fade bucal - SESI","og_description":"A constru\u00e7\u00e3o de uma casa exige base s\u00f3lida para evitar problemas. Em quase todas as atividades, a base \u00e9 fundamental e na sa\u00fade bucal n\u00e3o \u00e9 diferente: para ter dentes fortes e saud\u00e1veis \u00e9 preciso haver uma base de suporte para esses dentes. De acordo com o odont\u00f3logo do Servi\u00e7o Social da Ind\u00fastria (SESI Amazonas), [&hellip;]","og_url":"https:\/\/fieam.org.br\/sesi\/especialista-do-sesi-ensina-a-manter-saude-bucal\/","og_site_name":"SESI","article_published_time":"2016-07-21T18:26:21+00:00","author":"Autor","twitter_card":"summary_large_image","twitter_misc":{"Escrito por":"Autor","Est. tempo de leitura":"3 minutos"},"schema":{"@context":"https:\/\/schema.org","@graph":[{"@type":"Article","@id":"https:\/\/fieam.org.br\/sesi\/especialista-do-sesi-ensina-a-manter-saude-bucal\/#article","isPartOf":{"@id":"https:\/\/fieam.org.br\/sesi\/especialista-do-sesi-ensina-a-manter-saude-bucal\/"},"author":{"name":"Autor","@id":"https:\/\/fieam.org.br\/sesi\/#\/schema\/person\/f54998dd14d5f0695b41444f2b01c31e"},"headline":"Especialista do SESI ensina a manter sa\u00fade bucal","datePublished":"2016-07-21T18:26:21+00:00","mainEntityOfPage":{"@id":"https:\/\/fieam.org.br\/sesi\/especialista-do-sesi-ensina-a-manter-saude-bucal\/"},"wordCount":558,"commentCount":0,"publisher":{"@id":"https:\/\/fieam.org.br\/sesi\/#organization"},"image":{"@id":"https:\/\/fieam.org.br\/sesi\/especialista-do-sesi-ensina-a-manter-saude-bucal\/#primaryimage"},"thumbnailUrl":"","articleSection":["News","News Destaque"],"inLanguage":"pt-BR","potentialAction":[{"@type":"CommentAction","name":"Comment","target":["https:\/\/fieam.org.br\/sesi\/especialista-do-sesi-ensina-a-manter-saude-bucal\/#respond"]}]},{"@type":"WebPage","@id":"https:\/\/fieam.org.br\/sesi\/especialista-do-sesi-ensina-a-manter-saude-bucal\/","url":"https:\/\/fieam.org.br\/sesi\/especialista-do-sesi-ensina-a-manter-saude-bucal\/","name":"Especialista do SESI ensina a manter sa\u00fade bucal - SESI","isPartOf":{"@id":"https:\/\/fieam.org.br\/sesi\/#website"},"primaryImageOfPage":{"@id":"https:\/\/fieam.org.br\/sesi\/especialista-do-sesi-ensina-a-manter-saude-bucal\/#primaryimage"},"image":{"@id":"https:\/\/fieam.org.br\/sesi\/especialista-do-sesi-ensina-a-manter-saude-bucal\/#primaryimage"},"thumbnailUrl":"","datePublished":"2016-07-21T18:26:21+00:00","breadcrumb":{"@id":"https:\/\/fieam.org.br\/sesi\/especialista-do-sesi-ensina-a-manter-saude-bucal\/#breadcrumb"},"inLanguage":"pt-BR","potentialAction":[{"@type":"ReadAction","target":["https:\/\/fieam.org.br\/sesi\/especialista-do-sesi-ensina-a-manter-saude-bucal\/"]}]},{"@type":"ImageObject","inLanguage":"pt-BR","@id":"https:\/\/fieam.org.br\/sesi\/especialista-do-sesi-ensina-a-manter-saude-bucal\/#primaryimage","url":"","contentUrl":""},{"@type":"BreadcrumbList","@id":"https:\/\/fieam.org.br\/sesi\/especialista-do-sesi-ensina-a-manter-saude-bucal\/#breadcrumb","itemListElement":[{"@type":"ListItem","position":1,"name":"In\u00edcio","item":"https:\/\/fieam.org.br\/sesi\/"},{"@type":"ListItem","position":2,"name":"Especialista do SESI ensina a manter sa\u00fade bucal"}]},{"@type":"WebSite","@id":"https:\/\/fieam.org.br\/sesi\/#website","url":"https:\/\/fieam.org.br\/sesi\/","name":"SESI","description":"Site Oficial!","publisher":{"@id":"https:\/\/fieam.org.br\/sesi\/#organization"},"potentialAction":[{"@type":"SearchAction","target":{"@type":"EntryPoint","urlTemplate":"https:\/\/fieam.org.br\/sesi\/?s={search_term_string}"},"query-input":{"@type":"PropertyValueSpecification","valueRequired":true,"valueName":"search_term_string"}}],"inLanguage":"pt-BR"},{"@type":"Organization","@id":"https:\/\/fieam.org.br\/sesi\/#organization","name":"SESI","url":"https:\/\/fieam.org.br\/sesi\/","logo":{"@type":"ImageObject","inLanguage":"pt-BR","@id":"https:\/\/fieam.org.br\/sesi\/#\/schema\/logo\/image\/","url":"https:\/\/fieam.org.br\/sesi\/wp-content\/uploads\/sites\/14\/2024\/03\/cropped-fav.png","contentUrl":"https:\/\/fieam.org.br\/sesi\/wp-content\/uploads\/sites\/14\/2024\/03\/cropped-fav.png","width":610,"height":589,"caption":"SESI"},"image":{"@id":"https:\/\/fieam.org.br\/sesi\/#\/schema\/logo\/image\/"}},{"@type":"Person","@id":"https:\/\/fieam.org.br\/sesi\/#\/schema\/person\/f54998dd14d5f0695b41444f2b01c31e","name":"Autor","image":{"@type":"ImageObject","inLanguage":"pt-BR","@id":"https:\/\/secure.gravatar.com\/avatar\/3732c223e0e1fad69062a8f770955c9068d37b055204f310a0be18d4069fe380?s=96&d=mm&r=g","url":"https:\/\/secure.gravatar.com\/avatar\/3732c223e0e1fad69062a8f770955c9068d37b055204f310a0be18d4069fe380?s=96&d=mm&r=g","contentUrl":"https:\/\/secure.gravatar.com\/avatar\/3732c223e0e1fad69062a8f770955c9068d37b055204f310a0be18d4069fe380?s=96&d=mm&r=g","caption":"Autor"},"sameAs":["https:\/\/marketingmassivo.com.br"],"url":"https:\/\/fieam.org.br\/sesi\/author\/admin\/"}]}},"_links":{"self":[{"href":"https:\/\/fieam.org.br\/sesi\/wp-json\/wp\/v2\/posts\/8987","targetHints":{"allow":["GET"]}}],"collection":[{"href":"https:\/\/fieam.org.br\/sesi\/wp-json\/wp\/v2\/posts"}],"about":[{"href":"https:\/\/fieam.org.br\/sesi\/wp-json\/wp\/v2\/types\/post"}],"author":[{"embeddable":true,"href":"https:\/\/fieam.org.br\/sesi\/wp-json\/wp\/v2\/users\/1"}],"replies":[{"embeddable":true,"href":"https:\/\/fieam.org.br\/sesi\/wp-json\/wp\/v2\/comments?post=8987"}],"version-history":[{"count":0,"href":"https:\/\/fieam.org.br\/sesi\/wp-json\/wp\/v2\/posts\/8987\/revisions"}],"wp:attachment":[{"href":"https:\/\/fieam.org.br\/sesi\/wp-json\/wp\/v2\/media?parent=8987"}],"wp:term":[{"taxonomy":"category","embeddable":true,"href":"https:\/\/fieam.org.br\/sesi\/wp-json\/wp\/v2\/categories?post=8987"},{"taxonomy":"post_tag","embeddable":true,"href":"https:\/\/fieam.org.br\/sesi\/wp-json\/wp\/v2\/tags?post=8987"}],"curies":[{"name":"wp","href":"https:\/\/api.w.org\/{rel}","templated":true}]}}