{"id":8958,"date":"2016-07-18T17:41:41","date_gmt":"2016-07-18T21:41:41","guid":{"rendered":"http:\/\/www.fieam.org.br\/2015\/sesi\/?p=8958"},"modified":"2016-07-18T17:41:41","modified_gmt":"2016-07-18T21:41:41","slug":"felicidade-e-escolha-diz-pe-charles","status":"publish","type":"post","link":"https:\/\/fieam.org.br\/sesi\/felicidade-e-escolha-diz-pe-charles\/","title":{"rendered":"Felicidade \u00e9 escolha, diz Pe. Charles"},"content":{"rendered":"<figure id=\"attachment_8959\" aria-describedby=\"caption-attachment-8959\" style=\"width: 634px\" class=\"wp-caption alignright\"><a href=\"http:\/\/www.fieam.org.br\/2015\/sesi\/wp-content\/uploads\/sites\/2\/2016\/07\/Pe-Charles-apresenta-os-benef\u00edcios-da-felicidade-aos-colaboradores-do-SESI.jpg\"><img fetchpriority=\"high\" decoding=\"async\" class=\" wp-image-8959\" src=\"http:\/\/www.fieam.org.br\/2015\/sesi\/wp-content\/uploads\/sites\/2\/2016\/07\/Pe-Charles-apresenta-os-benef\u00edcios-da-felicidade-aos-colaboradores-do-SESI-1024x608.jpg\" alt=\"Pe Charles apresenta os benef\u00edcios da felicidade aos colaboradores do SESI.\" width=\"634\" height=\"376\" \/><\/a><figcaption id=\"caption-attachment-8959\" class=\"wp-caption-text\">Pe Charles apresenta os benef\u00edcios da felicidade aos colaboradores do SESI.<\/figcaption><\/figure>\n<p>Em comemora\u00e7\u00e3o aos 70 anos do Servi\u00e7o Social da Ind\u00fastria (SESI Nacional), completos no dia 1\u00ba de julho, a Superintend\u00eancia do <a href=\"http:\/\/www.fieam.org.br\/2015\/sesi\/\" data-saferedirecturl=\"https:\/\/www.google.com\/url?hl=pt-BR&amp;q=http:\/\/www.fieam.org.br\/2015\/sesi\/&amp;source=gmail&amp;ust=1468963166186000&amp;usg=AFQjCNGTsB2FogiMJM_n19o2qV38AWvsyQ\">SESI Amazonas<\/a> organizou uma palestra motivacional sobre os benef\u00edcios da felicidade aos seus 955 colaboradores, ministrada pelo padre Charles Cunha. A palestra foi realizada na \u00faltima sexta-feira, 15, no audit\u00f3rio da institui\u00e7\u00e3o \u201cGilberto Mendes de Azevedo\u201d, no Centro.<\/p>\n<p>A superintendente Rosana Vasconscelos ressaltou que, ao longo dos 70 anos do SESI Nacional e 67 anos do SESI Amazonas, a institui\u00e7\u00e3o promoveu atividade de qualidade de vida e educa\u00e7\u00e3o, impulsionando a ascens\u00e3o profissional e pessoal dos trabalhadores da ind\u00fastria e seus dependentes. Segundo Bianco, essas a\u00e7\u00f5es contribuem com a felicidade dos clientes SESI, ao incentiv\u00e1-los a valorizar a sa\u00fade, o bem-estar e sua qualifica\u00e7\u00e3o.<\/p>\n<p>\u201cNada melhor que comemorar essa data, falando de felicidade, desse sentimento que \u00e9 o transporte para o alcance do desempenho pessoal e profissional. A palestra com o Pe. Charles \u00e9 uma forma singela de trazer uma mensagem significativa para nossos colaboradores, motivando-os a aplicar os ensinamentos apresentados no ambiente corporativo e evitando dar \u00eanfase \u00e0s crises, dificuldades e mazelas sociais\u201d, disse a superintendente do SESI.<\/p>\n<p>De acordo com Pe. Charles, a felicidade \u00e9 uma quest\u00e3o de escolha. \u201cEscolhas acertadas, escolha de um momento, de um lugar, de uma pessoa. Precisamos entender que a vida \u00e9 feita de escolhas e somos n\u00f3s que escolhemos a felicidade e temos que acolher este sentimento, entender o caminho que temos que percorrer e vivenciar a felicidade\u201d, explica.<\/p>\n<p>Estudos cient\u00edficos revelam que os fatores determinantes para a felicidade est\u00e3o relacionados a 50% das caracter\u00edsticas gen\u00e9ticas, 10% das circunst\u00e2ncias da vida, e 40% das atividades intencionais.<\/p>\n<p>\u201cA decis\u00e3o de ser feliz \u00e9 a decis\u00e3o tomada quando uma pessoa se depara com a dificuldade e decide dar a volta por cima. A dificuldade n\u00e3o est\u00e1 no fato, no acontecimento em si, mas em como esse \u00e9 interpretado\u201d, frisa Pe. Charles.<\/p>\n<p>Pessoas felizes t\u00eam satisfa\u00e7\u00e3o de viver, s\u00e3o mais resilientes mediante as adversidades, conseguindo ser otimistas e criativas na resolu\u00e7\u00e3o dos problemas.<\/p>\n<p>\u201cTem gente que quando perde o emprego cai no desespero, mas tem aquela pessoa que d\u00e1 a volta por cima e melhora sua posi\u00e7\u00e3o, tornando-se empreendedora em meio \u00e0 dificuldade. Essa pessoa utiliza a capacidade de escolher, de tomar decis\u00e3o a seu favor, de deixar de ser v\u00edtima das circunst\u00e2ncias para ser feliz ao tomar escolhas inovadoras e criativas\u201d, ressalta Pe. Charles.<\/p>\n<p>A palestra foi finalizada com a reflex\u00e3o de que a felicidade n\u00e3o est\u00e1 no exterior e sim no interior de cada um. \u201c\u00c9 importante reconhecer que a felicidade n\u00e3o est\u00e1 fora, trazendo o pensamento que somente aquela pessoa vai me fazer feliz ou que aquele trabalho vai me trazer a felicidade. A felicidade est\u00e1 dentro de n\u00f3s, \u00e9 uma quest\u00e3o de escolha\u201d, conclui Pe. Charles.<\/p>\n<p>&nbsp;<\/p>\n<p>[nggallery id=16]<\/p>\n<p>&nbsp;<\/p>\n<p><strong>\u00a0\u00a0\u00a0\u00a0\u00a0\u00a0\u00a0\u00a0\u00a0\u00a0\u00a0 ATENDIMENTO \u00c0 IMPRENSA<\/strong><\/p>\n<p>&nbsp;<\/p>\n<p><strong>Diretoria de Comunica\u00e7\u00e3o e Marketing do Sistema FIEAM<\/strong><\/p>\n<p>Tel: (92) 3186-6576 Fax: (92) 3186-6579<\/p>\n<p>E-mail: <a href=\"mailto:imprensa@fieam.org.br\">imprensa@fieam.org.br<\/a><\/p>\n<p>Portal: <a href=\"http:\/\/www.fieam.org.br\/\" data-saferedirecturl=\"https:\/\/www.google.com\/url?hl=pt-BR&amp;q=http:\/\/www.fieam.org.br&amp;source=gmail&amp;ust=1468963166186000&amp;usg=AFQjCNHDYlM6F_5SxXSzTgCvdhQ9kckF3g\">http:\/\/www.fieam.org.br<\/a><\/p>\n<p><strong>\u00a0\u00a0\u00a0\u00a0\u00a0\u00a0\u00a0\u00a0\u00a0\u00a0\u00a0 Sistema FIEAM nas redes sociais<\/strong><\/p>\n<p><strong>\u00a0\u00a0\u00a0\u00a0\u00a0\u00a0\u00a0\u00a0\u00a0\u00a0\u00a0 FIEAM:<\/strong> <a href=\"https:\/\/www.facebook.com\/fieamoficial\" data-saferedirecturl=\"https:\/\/www.google.com\/url?hl=pt-BR&amp;q=https:\/\/www.facebook.com\/fieamoficial&amp;source=gmail&amp;ust=1468963166186000&amp;usg=AFQjCNFpABC6Gp-9c7MENl5C2jeJU6Qzkw\">Facebook<\/a>| <a href=\"https:\/\/twitter.com\/fieam\" data-saferedirecturl=\"https:\/\/www.google.com\/url?hl=pt-BR&amp;q=https:\/\/twitter.com\/fieam&amp;source=gmail&amp;ust=1468963166186000&amp;usg=AFQjCNE8P_Fn1hFqsBQrMZ8aHoTIM9FiRA\">Twitter<\/a>| <a href=\"https:\/\/www.instagram.com\/sistemafieam\/\" data-saferedirecturl=\"https:\/\/www.google.com\/url?hl=pt-BR&amp;q=https:\/\/www.instagram.com\/sistemafieam\/&amp;source=gmail&amp;ust=1468963166186000&amp;usg=AFQjCNHQ-pXZLNO6_wKXqE9XnCT-oJrX-Q\">Instagram<\/a>| \u00a0<a href=\"https:\/\/www.youtube.com\/user\/FIEAM\" data-saferedirecturl=\"https:\/\/www.google.com\/url?hl=pt-BR&amp;q=https:\/\/www.youtube.com\/user\/FIEAM&amp;source=gmail&amp;ust=1468963166186000&amp;usg=AFQjCNGiTUUgosuH-sBVP4-rVkDALqtpFw\">You Tube<\/a><\/p>\n<p><strong>\u00a0\u00a0\u00a0\u00a0\u00a0\u00a0\u00a0\u00a0\u00a0\u00a0\u00a0 <\/strong><strong>SESI:<\/strong> <a href=\"https:\/\/www.facebook.com\/sesiamazonas\" data-saferedirecturl=\"https:\/\/www.google.com\/url?hl=pt-BR&amp;q=https:\/\/www.facebook.com\/sesiamazonas&amp;source=gmail&amp;ust=1468963166186000&amp;usg=AFQjCNHH7CII5XnyZhbVen3RjDqQwBAg9Q\">Facebook<\/a>| <a href=\"https:\/\/twitter.com\/sesiamazonas\" data-saferedirecturl=\"https:\/\/www.google.com\/url?hl=pt-BR&amp;q=https:\/\/twitter.com\/sesiamazonas&amp;source=gmail&amp;ust=1468963166186000&amp;usg=AFQjCNEaxNPDNqrd4-ra3LSeAKPs5aDLnw\">Twitter<\/a>| <a href=\"https:\/\/www.instagram.com\/sistemafieam\/\" data-saferedirecturl=\"https:\/\/www.google.com\/url?hl=pt-BR&amp;q=https:\/\/www.instagram.com\/sistemafieam\/&amp;source=gmail&amp;ust=1468963166186000&amp;usg=AFQjCNHQ-pXZLNO6_wKXqE9XnCT-oJrX-Q\">Instagram<\/a>| \u00a0<a href=\"https:\/\/www.youtube.com\/user\/SESIAmazonas\" data-saferedirecturl=\"https:\/\/www.google.com\/url?hl=pt-BR&amp;q=https:\/\/www.youtube.com\/user\/SESIAmazonas&amp;source=gmail&amp;ust=1468963166186000&amp;usg=AFQjCNHzalHW8UAW7ss4HU-ldDlM24gJ8A\">You Tube<\/a><\/p>\n<p><strong>\u00a0\u00a0\u00a0\u00a0\u00a0\u00a0\u00a0\u00a0\u00a0\u00a0\u00a0 SENAI:<\/strong> <a href=\"https:\/\/www.facebook.com\/senaiamazonas\" data-saferedirecturl=\"https:\/\/www.google.com\/url?hl=pt-BR&amp;q=https:\/\/www.facebook.com\/senaiamazonas&amp;source=gmail&amp;ust=1468963166186000&amp;usg=AFQjCNHwbIz0W_L3-hk9YCAlaD0OpX0yzQ\">Facebook<\/a>| <a href=\"https:\/\/twitter.com\/senaiamazonas\" data-saferedirecturl=\"https:\/\/www.google.com\/url?hl=pt-BR&amp;q=https:\/\/twitter.com\/senaiamazonas&amp;source=gmail&amp;ust=1468963166186000&amp;usg=AFQjCNHJTDuxzQCTvqSKVsBwLmJof1xnvA\">Twitter<\/a>| <a href=\"https:\/\/www.instagram.com\/sistemafieam\/\" data-saferedirecturl=\"https:\/\/www.google.com\/url?hl=pt-BR&amp;q=https:\/\/www.instagram.com\/sistemafieam\/&amp;source=gmail&amp;ust=1468963166186000&amp;usg=AFQjCNHQ-pXZLNO6_wKXqE9XnCT-oJrX-Q\">Instagram<\/a>| \u00a0<a href=\"https:\/\/www.youtube.com\/user\/SENAIAmazonas\" data-saferedirecturl=\"https:\/\/www.google.com\/url?hl=pt-BR&amp;q=https:\/\/www.youtube.com\/user\/SENAIAmazonas&amp;source=gmail&amp;ust=1468963166186000&amp;usg=AFQjCNEyiSaUA69uxbvOaRHBmGSqvAvUzA\">You Tube<\/a><\/p>\n<p><strong>\u00a0\u00a0\u00a0\u00a0\u00a0\u00a0\u00a0\u00a0\u00a0\u00a0\u00a0 IEL:<\/strong> <a href=\"https:\/\/www.facebook.com\/ielamazonas\" data-saferedirecturl=\"https:\/\/www.google.com\/url?hl=pt-BR&amp;q=https:\/\/www.facebook.com\/ielamazonas&amp;source=gmail&amp;ust=1468963166186000&amp;usg=AFQjCNGBsCj74o2a0AsGh4Z_znaG7mgbQg\">Facebook<\/a>| <a href=\"https:\/\/twitter.com\/ielamazonas\" data-saferedirecturl=\"https:\/\/www.google.com\/url?hl=pt-BR&amp;q=https:\/\/twitter.com\/ielamazonas&amp;source=gmail&amp;ust=1468963166186000&amp;usg=AFQjCNHRM7x1sWn5gx_HBqrIxLWsXTC99A\">Twitter<\/a>| <a href=\"https:\/\/www.instagram.com\/sistemafieam\/\" data-saferedirecturl=\"https:\/\/www.google.com\/url?hl=pt-BR&amp;q=https:\/\/www.instagram.com\/sistemafieam\/&amp;source=gmail&amp;ust=1468963166186000&amp;usg=AFQjCNHQ-pXZLNO6_wKXqE9XnCT-oJrX-Q\">Instagram<\/a>| \u00a0<a href=\"https:\/\/www.youtube.com\/user\/IELAmazonas\" data-saferedirecturl=\"https:\/\/www.google.com\/url?hl=pt-BR&amp;q=https:\/\/www.youtube.com\/user\/IELAmazonas&amp;source=gmail&amp;ust=1468963166186000&amp;usg=AFQjCNGrxPRodBfMPGUIQVEX8NCa4F_b_g\">You Tube<\/a><\/p>\n","protected":false},"excerpt":{"rendered":"<p>Em comemora\u00e7\u00e3o aos 70 anos do Servi\u00e7o Social da Ind\u00fastria (SESI Nacional), completos no dia 1\u00ba de julho, a Superintend\u00eancia do SESI Amazonas organizou uma palestra motivacional sobre os benef\u00edcios da felicidade aos seus 955 colaboradores, ministrada pelo padre Charles Cunha. A palestra foi realizada na \u00faltima sexta-feira, 15, no audit\u00f3rio da institui\u00e7\u00e3o \u201cGilberto Mendes [&hellip;]<\/p>\n","protected":false},"author":1,"featured_media":8968,"comment_status":"open","ping_status":"open","sticky":false,"template":"","format":"standard","meta":{"footnotes":""},"categories":[25,26],"tags":[],"class_list":["post-8958","post","type-post","status-publish","format-standard","has-post-thumbnail","hentry","category-news","category-news-destaque"],"yoast_head":"<!-- This site is optimized with the Yoast SEO plugin v28.2 - https:\/\/yoast.com\/product\/yoast-seo-wordpress\/ -->\n<title>Felicidade \u00e9 escolha, diz Pe. Charles - SESI<\/title>\n<meta name=\"robots\" content=\"index, follow, max-snippet:-1, max-image-preview:large, max-video-preview:-1\" \/>\n<link rel=\"canonical\" href=\"https:\/\/fieam.org.br\/sesi\/felicidade-e-escolha-diz-pe-charles\/\" \/>\n<meta property=\"og:locale\" content=\"pt_BR\" \/>\n<meta property=\"og:type\" content=\"article\" \/>\n<meta property=\"og:title\" content=\"Felicidade \u00e9 escolha, diz Pe. Charles - SESI\" \/>\n<meta property=\"og:description\" content=\"Em comemora\u00e7\u00e3o aos 70 anos do Servi\u00e7o Social da Ind\u00fastria (SESI Nacional), completos no dia 1\u00ba de julho, a Superintend\u00eancia do SESI Amazonas organizou uma palestra motivacional sobre os benef\u00edcios da felicidade aos seus 955 colaboradores, ministrada pelo padre Charles Cunha. A palestra foi realizada na \u00faltima sexta-feira, 15, no audit\u00f3rio da institui\u00e7\u00e3o \u201cGilberto Mendes [&hellip;]\" \/>\n<meta property=\"og:url\" content=\"https:\/\/fieam.org.br\/sesi\/felicidade-e-escolha-diz-pe-charles\/\" \/>\n<meta property=\"og:site_name\" content=\"SESI\" \/>\n<meta property=\"article:published_time\" content=\"2016-07-18T21:41:41+00:00\" \/>\n<meta property=\"og:image\" content=\"https:\/\/fieam.org.br\/sesi\/wp-content\/uploads\/sites\/14\/2016\/07\/Superintendente-do-SESI-AM-Rosana-Bianco-com-o-palestrante-Pe-Charles-Cunha.jpg\" \/>\n\t<meta property=\"og:image:width\" content=\"1024\" \/>\n\t<meta property=\"og:image:height\" content=\"683\" \/>\n\t<meta property=\"og:image:type\" content=\"image\/jpeg\" \/>\n<meta name=\"author\" content=\"Autor\" \/>\n<meta name=\"twitter:card\" content=\"summary_large_image\" \/>\n<meta name=\"twitter:label1\" content=\"Escrito por\" \/>\n\t<meta name=\"twitter:data1\" content=\"Autor\" \/>\n\t<meta name=\"twitter:label2\" content=\"Est. tempo de leitura\" \/>\n\t<meta name=\"twitter:data2\" content=\"3 minutos\" \/>\n<script type=\"application\/ld+json\" class=\"yoast-schema-graph\">{\"@context\":\"https:\\\/\\\/schema.org\",\"@graph\":[{\"@type\":\"Article\",\"@id\":\"https:\\\/\\\/fieam.org.br\\\/sesi\\\/felicidade-e-escolha-diz-pe-charles\\\/#article\",\"isPartOf\":{\"@id\":\"https:\\\/\\\/fieam.org.br\\\/sesi\\\/felicidade-e-escolha-diz-pe-charles\\\/\"},\"author\":{\"name\":\"Autor\",\"@id\":\"https:\\\/\\\/fieam.org.br\\\/sesi\\\/#\\\/schema\\\/person\\\/f54998dd14d5f0695b41444f2b01c31e\"},\"headline\":\"Felicidade \u00e9 escolha, diz Pe. Charles\",\"datePublished\":\"2016-07-18T21:41:41+00:00\",\"mainEntityOfPage\":{\"@id\":\"https:\\\/\\\/fieam.org.br\\\/sesi\\\/felicidade-e-escolha-diz-pe-charles\\\/\"},\"wordCount\":569,\"commentCount\":0,\"publisher\":{\"@id\":\"https:\\\/\\\/fieam.org.br\\\/sesi\\\/#organization\"},\"image\":{\"@id\":\"https:\\\/\\\/fieam.org.br\\\/sesi\\\/felicidade-e-escolha-diz-pe-charles\\\/#primaryimage\"},\"thumbnailUrl\":\"https:\\\/\\\/fieam.org.br\\\/sesi\\\/wp-content\\\/uploads\\\/sites\\\/14\\\/2016\\\/07\\\/Superintendente-do-SESI-AM-Rosana-Bianco-com-o-palestrante-Pe-Charles-Cunha.jpg\",\"articleSection\":[\"News\",\"News Destaque\"],\"inLanguage\":\"pt-BR\",\"potentialAction\":[{\"@type\":\"CommentAction\",\"name\":\"Comment\",\"target\":[\"https:\\\/\\\/fieam.org.br\\\/sesi\\\/felicidade-e-escolha-diz-pe-charles\\\/#respond\"]}]},{\"@type\":\"WebPage\",\"@id\":\"https:\\\/\\\/fieam.org.br\\\/sesi\\\/felicidade-e-escolha-diz-pe-charles\\\/\",\"url\":\"https:\\\/\\\/fieam.org.br\\\/sesi\\\/felicidade-e-escolha-diz-pe-charles\\\/\",\"name\":\"Felicidade \u00e9 escolha, diz Pe. Charles - SESI\",\"isPartOf\":{\"@id\":\"https:\\\/\\\/fieam.org.br\\\/sesi\\\/#website\"},\"primaryImageOfPage\":{\"@id\":\"https:\\\/\\\/fieam.org.br\\\/sesi\\\/felicidade-e-escolha-diz-pe-charles\\\/#primaryimage\"},\"image\":{\"@id\":\"https:\\\/\\\/fieam.org.br\\\/sesi\\\/felicidade-e-escolha-diz-pe-charles\\\/#primaryimage\"},\"thumbnailUrl\":\"https:\\\/\\\/fieam.org.br\\\/sesi\\\/wp-content\\\/uploads\\\/sites\\\/14\\\/2016\\\/07\\\/Superintendente-do-SESI-AM-Rosana-Bianco-com-o-palestrante-Pe-Charles-Cunha.jpg\",\"datePublished\":\"2016-07-18T21:41:41+00:00\",\"breadcrumb\":{\"@id\":\"https:\\\/\\\/fieam.org.br\\\/sesi\\\/felicidade-e-escolha-diz-pe-charles\\\/#breadcrumb\"},\"inLanguage\":\"pt-BR\",\"potentialAction\":[{\"@type\":\"ReadAction\",\"target\":[\"https:\\\/\\\/fieam.org.br\\\/sesi\\\/felicidade-e-escolha-diz-pe-charles\\\/\"]}]},{\"@type\":\"ImageObject\",\"inLanguage\":\"pt-BR\",\"@id\":\"https:\\\/\\\/fieam.org.br\\\/sesi\\\/felicidade-e-escolha-diz-pe-charles\\\/#primaryimage\",\"url\":\"https:\\\/\\\/fieam.org.br\\\/sesi\\\/wp-content\\\/uploads\\\/sites\\\/14\\\/2016\\\/07\\\/Superintendente-do-SESI-AM-Rosana-Bianco-com-o-palestrante-Pe-Charles-Cunha.jpg\",\"contentUrl\":\"https:\\\/\\\/fieam.org.br\\\/sesi\\\/wp-content\\\/uploads\\\/sites\\\/14\\\/2016\\\/07\\\/Superintendente-do-SESI-AM-Rosana-Bianco-com-o-palestrante-Pe-Charles-Cunha.jpg\",\"width\":1024,\"height\":683,\"caption\":\"Superintendente do SESI AM, Rosana Bianco, com o palestrante Pe Charles Cunha.\"},{\"@type\":\"BreadcrumbList\",\"@id\":\"https:\\\/\\\/fieam.org.br\\\/sesi\\\/felicidade-e-escolha-diz-pe-charles\\\/#breadcrumb\",\"itemListElement\":[{\"@type\":\"ListItem\",\"position\":1,\"name\":\"In\u00edcio\",\"item\":\"https:\\\/\\\/fieam.org.br\\\/sesi\\\/\"},{\"@type\":\"ListItem\",\"position\":2,\"name\":\"Felicidade \u00e9 escolha, diz Pe. Charles\"}]},{\"@type\":\"WebSite\",\"@id\":\"https:\\\/\\\/fieam.org.br\\\/sesi\\\/#website\",\"url\":\"https:\\\/\\\/fieam.org.br\\\/sesi\\\/\",\"name\":\"SESI\",\"description\":\"Site Oficial!\",\"publisher\":{\"@id\":\"https:\\\/\\\/fieam.org.br\\\/sesi\\\/#organization\"},\"potentialAction\":[{\"@type\":\"SearchAction\",\"target\":{\"@type\":\"EntryPoint\",\"urlTemplate\":\"https:\\\/\\\/fieam.org.br\\\/sesi\\\/?s={search_term_string}\"},\"query-input\":{\"@type\":\"PropertyValueSpecification\",\"valueRequired\":true,\"valueName\":\"search_term_string\"}}],\"inLanguage\":\"pt-BR\"},{\"@type\":\"Organization\",\"@id\":\"https:\\\/\\\/fieam.org.br\\\/sesi\\\/#organization\",\"name\":\"SESI\",\"url\":\"https:\\\/\\\/fieam.org.br\\\/sesi\\\/\",\"logo\":{\"@type\":\"ImageObject\",\"inLanguage\":\"pt-BR\",\"@id\":\"https:\\\/\\\/fieam.org.br\\\/sesi\\\/#\\\/schema\\\/logo\\\/image\\\/\",\"url\":\"https:\\\/\\\/fieam.org.br\\\/sesi\\\/wp-content\\\/uploads\\\/sites\\\/14\\\/2024\\\/03\\\/cropped-fav.png\",\"contentUrl\":\"https:\\\/\\\/fieam.org.br\\\/sesi\\\/wp-content\\\/uploads\\\/sites\\\/14\\\/2024\\\/03\\\/cropped-fav.png\",\"width\":610,\"height\":589,\"caption\":\"SESI\"},\"image\":{\"@id\":\"https:\\\/\\\/fieam.org.br\\\/sesi\\\/#\\\/schema\\\/logo\\\/image\\\/\"}},{\"@type\":\"Person\",\"@id\":\"https:\\\/\\\/fieam.org.br\\\/sesi\\\/#\\\/schema\\\/person\\\/f54998dd14d5f0695b41444f2b01c31e\",\"name\":\"Autor\",\"image\":{\"@type\":\"ImageObject\",\"inLanguage\":\"pt-BR\",\"@id\":\"https:\\\/\\\/secure.gravatar.com\\\/avatar\\\/3732c223e0e1fad69062a8f770955c9068d37b055204f310a0be18d4069fe380?s=96&d=mm&r=g\",\"url\":\"https:\\\/\\\/secure.gravatar.com\\\/avatar\\\/3732c223e0e1fad69062a8f770955c9068d37b055204f310a0be18d4069fe380?s=96&d=mm&r=g\",\"contentUrl\":\"https:\\\/\\\/secure.gravatar.com\\\/avatar\\\/3732c223e0e1fad69062a8f770955c9068d37b055204f310a0be18d4069fe380?s=96&d=mm&r=g\",\"caption\":\"Autor\"},\"sameAs\":[\"https:\\\/\\\/marketingmassivo.com.br\"],\"url\":\"https:\\\/\\\/fieam.org.br\\\/sesi\\\/author\\\/admin\\\/\"}]}<\/script>\n<!-- \/ Yoast SEO plugin. -->","yoast_head_json":{"title":"Felicidade \u00e9 escolha, diz Pe. Charles - SESI","robots":{"index":"index","follow":"follow","max-snippet":"max-snippet:-1","max-image-preview":"max-image-preview:large","max-video-preview":"max-video-preview:-1"},"canonical":"https:\/\/fieam.org.br\/sesi\/felicidade-e-escolha-diz-pe-charles\/","og_locale":"pt_BR","og_type":"article","og_title":"Felicidade \u00e9 escolha, diz Pe. Charles - SESI","og_description":"Em comemora\u00e7\u00e3o aos 70 anos do Servi\u00e7o Social da Ind\u00fastria (SESI Nacional), completos no dia 1\u00ba de julho, a Superintend\u00eancia do SESI Amazonas organizou uma palestra motivacional sobre os benef\u00edcios da felicidade aos seus 955 colaboradores, ministrada pelo padre Charles Cunha. A palestra foi realizada na \u00faltima sexta-feira, 15, no audit\u00f3rio da institui\u00e7\u00e3o \u201cGilberto Mendes [&hellip;]","og_url":"https:\/\/fieam.org.br\/sesi\/felicidade-e-escolha-diz-pe-charles\/","og_site_name":"SESI","article_published_time":"2016-07-18T21:41:41+00:00","og_image":[{"width":1024,"height":683,"url":"https:\/\/fieam.org.br\/sesi\/wp-content\/uploads\/sites\/14\/2016\/07\/Superintendente-do-SESI-AM-Rosana-Bianco-com-o-palestrante-Pe-Charles-Cunha.jpg","type":"image\/jpeg"}],"author":"Autor","twitter_card":"summary_large_image","twitter_misc":{"Escrito por":"Autor","Est. tempo de leitura":"3 minutos"},"schema":{"@context":"https:\/\/schema.org","@graph":[{"@type":"Article","@id":"https:\/\/fieam.org.br\/sesi\/felicidade-e-escolha-diz-pe-charles\/#article","isPartOf":{"@id":"https:\/\/fieam.org.br\/sesi\/felicidade-e-escolha-diz-pe-charles\/"},"author":{"name":"Autor","@id":"https:\/\/fieam.org.br\/sesi\/#\/schema\/person\/f54998dd14d5f0695b41444f2b01c31e"},"headline":"Felicidade \u00e9 escolha, diz Pe. Charles","datePublished":"2016-07-18T21:41:41+00:00","mainEntityOfPage":{"@id":"https:\/\/fieam.org.br\/sesi\/felicidade-e-escolha-diz-pe-charles\/"},"wordCount":569,"commentCount":0,"publisher":{"@id":"https:\/\/fieam.org.br\/sesi\/#organization"},"image":{"@id":"https:\/\/fieam.org.br\/sesi\/felicidade-e-escolha-diz-pe-charles\/#primaryimage"},"thumbnailUrl":"https:\/\/fieam.org.br\/sesi\/wp-content\/uploads\/sites\/14\/2016\/07\/Superintendente-do-SESI-AM-Rosana-Bianco-com-o-palestrante-Pe-Charles-Cunha.jpg","articleSection":["News","News Destaque"],"inLanguage":"pt-BR","potentialAction":[{"@type":"CommentAction","name":"Comment","target":["https:\/\/fieam.org.br\/sesi\/felicidade-e-escolha-diz-pe-charles\/#respond"]}]},{"@type":"WebPage","@id":"https:\/\/fieam.org.br\/sesi\/felicidade-e-escolha-diz-pe-charles\/","url":"https:\/\/fieam.org.br\/sesi\/felicidade-e-escolha-diz-pe-charles\/","name":"Felicidade \u00e9 escolha, diz Pe. Charles - SESI","isPartOf":{"@id":"https:\/\/fieam.org.br\/sesi\/#website"},"primaryImageOfPage":{"@id":"https:\/\/fieam.org.br\/sesi\/felicidade-e-escolha-diz-pe-charles\/#primaryimage"},"image":{"@id":"https:\/\/fieam.org.br\/sesi\/felicidade-e-escolha-diz-pe-charles\/#primaryimage"},"thumbnailUrl":"https:\/\/fieam.org.br\/sesi\/wp-content\/uploads\/sites\/14\/2016\/07\/Superintendente-do-SESI-AM-Rosana-Bianco-com-o-palestrante-Pe-Charles-Cunha.jpg","datePublished":"2016-07-18T21:41:41+00:00","breadcrumb":{"@id":"https:\/\/fieam.org.br\/sesi\/felicidade-e-escolha-diz-pe-charles\/#breadcrumb"},"inLanguage":"pt-BR","potentialAction":[{"@type":"ReadAction","target":["https:\/\/fieam.org.br\/sesi\/felicidade-e-escolha-diz-pe-charles\/"]}]},{"@type":"ImageObject","inLanguage":"pt-BR","@id":"https:\/\/fieam.org.br\/sesi\/felicidade-e-escolha-diz-pe-charles\/#primaryimage","url":"https:\/\/fieam.org.br\/sesi\/wp-content\/uploads\/sites\/14\/2016\/07\/Superintendente-do-SESI-AM-Rosana-Bianco-com-o-palestrante-Pe-Charles-Cunha.jpg","contentUrl":"https:\/\/fieam.org.br\/sesi\/wp-content\/uploads\/sites\/14\/2016\/07\/Superintendente-do-SESI-AM-Rosana-Bianco-com-o-palestrante-Pe-Charles-Cunha.jpg","width":1024,"height":683,"caption":"Superintendente do SESI AM, Rosana Bianco, com o palestrante Pe Charles Cunha."},{"@type":"BreadcrumbList","@id":"https:\/\/fieam.org.br\/sesi\/felicidade-e-escolha-diz-pe-charles\/#breadcrumb","itemListElement":[{"@type":"ListItem","position":1,"name":"In\u00edcio","item":"https:\/\/fieam.org.br\/sesi\/"},{"@type":"ListItem","position":2,"name":"Felicidade \u00e9 escolha, diz Pe. Charles"}]},{"@type":"WebSite","@id":"https:\/\/fieam.org.br\/sesi\/#website","url":"https:\/\/fieam.org.br\/sesi\/","name":"SESI","description":"Site Oficial!","publisher":{"@id":"https:\/\/fieam.org.br\/sesi\/#organization"},"potentialAction":[{"@type":"SearchAction","target":{"@type":"EntryPoint","urlTemplate":"https:\/\/fieam.org.br\/sesi\/?s={search_term_string}"},"query-input":{"@type":"PropertyValueSpecification","valueRequired":true,"valueName":"search_term_string"}}],"inLanguage":"pt-BR"},{"@type":"Organization","@id":"https:\/\/fieam.org.br\/sesi\/#organization","name":"SESI","url":"https:\/\/fieam.org.br\/sesi\/","logo":{"@type":"ImageObject","inLanguage":"pt-BR","@id":"https:\/\/fieam.org.br\/sesi\/#\/schema\/logo\/image\/","url":"https:\/\/fieam.org.br\/sesi\/wp-content\/uploads\/sites\/14\/2024\/03\/cropped-fav.png","contentUrl":"https:\/\/fieam.org.br\/sesi\/wp-content\/uploads\/sites\/14\/2024\/03\/cropped-fav.png","width":610,"height":589,"caption":"SESI"},"image":{"@id":"https:\/\/fieam.org.br\/sesi\/#\/schema\/logo\/image\/"}},{"@type":"Person","@id":"https:\/\/fieam.org.br\/sesi\/#\/schema\/person\/f54998dd14d5f0695b41444f2b01c31e","name":"Autor","image":{"@type":"ImageObject","inLanguage":"pt-BR","@id":"https:\/\/secure.gravatar.com\/avatar\/3732c223e0e1fad69062a8f770955c9068d37b055204f310a0be18d4069fe380?s=96&d=mm&r=g","url":"https:\/\/secure.gravatar.com\/avatar\/3732c223e0e1fad69062a8f770955c9068d37b055204f310a0be18d4069fe380?s=96&d=mm&r=g","contentUrl":"https:\/\/secure.gravatar.com\/avatar\/3732c223e0e1fad69062a8f770955c9068d37b055204f310a0be18d4069fe380?s=96&d=mm&r=g","caption":"Autor"},"sameAs":["https:\/\/marketingmassivo.com.br"],"url":"https:\/\/fieam.org.br\/sesi\/author\/admin\/"}]}},"_links":{"self":[{"href":"https:\/\/fieam.org.br\/sesi\/wp-json\/wp\/v2\/posts\/8958","targetHints":{"allow":["GET"]}}],"collection":[{"href":"https:\/\/fieam.org.br\/sesi\/wp-json\/wp\/v2\/posts"}],"about":[{"href":"https:\/\/fieam.org.br\/sesi\/wp-json\/wp\/v2\/types\/post"}],"author":[{"embeddable":true,"href":"https:\/\/fieam.org.br\/sesi\/wp-json\/wp\/v2\/users\/1"}],"replies":[{"embeddable":true,"href":"https:\/\/fieam.org.br\/sesi\/wp-json\/wp\/v2\/comments?post=8958"}],"version-history":[{"count":0,"href":"https:\/\/fieam.org.br\/sesi\/wp-json\/wp\/v2\/posts\/8958\/revisions"}],"wp:featuredmedia":[{"embeddable":true,"href":"https:\/\/fieam.org.br\/sesi\/wp-json\/wp\/v2\/media\/8968"}],"wp:attachment":[{"href":"https:\/\/fieam.org.br\/sesi\/wp-json\/wp\/v2\/media?parent=8958"}],"wp:term":[{"taxonomy":"category","embeddable":true,"href":"https:\/\/fieam.org.br\/sesi\/wp-json\/wp\/v2\/categories?post=8958"},{"taxonomy":"post_tag","embeddable":true,"href":"https:\/\/fieam.org.br\/sesi\/wp-json\/wp\/v2\/tags?post=8958"}],"curies":[{"name":"wp","href":"https:\/\/api.w.org\/{rel}","templated":true}]}}