{"id":8796,"date":"2016-06-30T16:41:34","date_gmt":"2016-06-30T20:41:34","guid":{"rendered":"http:\/\/www.fieam.org.br\/2015\/sesi\/?p=8796"},"modified":"2016-06-30T16:41:34","modified_gmt":"2016-06-30T20:41:34","slug":"sesi-reve-sua-trajetoria-de-70-anos","status":"publish","type":"post","link":"https:\/\/fieam.org.br\/sesi\/sesi-reve-sua-trajetoria-de-70-anos\/","title":{"rendered":"SESI rev\u00ea sua trajet\u00f3ria de 70 anos"},"content":{"rendered":"<p>&nbsp;<\/p>\n<p><a href=\"http:\/\/www.fieam.org.br\/2015\/sesi\/\" data-saferedirecturl=\"https:\/\/www.google.com\/url?hl=pt-BR&amp;q=http:\/\/www.fieam.org.br\/2015\/sesi\/&amp;source=gmail&amp;ust=1467405287950000&amp;usg=AFQjCNHKZG6qxvQwKlJ3bpsVXwVPJ3XDPw\">\u201cO SESI<\/a> \u00e9 meu segundo lar, \u00e9 a minha vida\u201d, diz a professora Sinthia Lima Cavalcante, 46, h\u00e1 28 anos no quadro docente da institui\u00e7\u00e3o. E n\u00e3o \u00e9 exagero: antes de come\u00e7ar como auxiliar de pr\u00e9-escolar, depois como professora, pedagoga e agora gerente, Sinthia foi aluna do SESI. Melhor ainda, ela come\u00e7ou sua vida escolar, aos 6 anos de idade, na turma de alfabetiza\u00e7\u00e3o da professora Celeste Lima Cavalcante, m\u00e3e dela, hoje com 77 anos e aposentada, depois de 27 anos de servi\u00e7os \u00e0 educa\u00e7\u00e3o Sesiana.<\/p>\n<p>Nesta sexta-feira (1\u00ba), quando o Servi\u00e7o Social da Ind\u00fastria completa 70 anos, hist\u00f3rias como essa, de m\u00e3e e filha dividindo o mesmo amor pela educa\u00e7\u00e3o e pelo SESI, v\u00e3o ajudar a contar a trajet\u00f3ria da institui\u00e7\u00e3o. O SESI foi criado em 1\u00ba de julho de 1946, a partir do Decreto-Lei 9.403, assinado pelo presidente Gaspar Dutra, com o objetivo de melhorar a qualidade de vida do trabalhador da ind\u00fastria brasileira e seus dependentes, \u201cpor meio da presta\u00e7\u00e3o de servi\u00e7os em sa\u00fade, educa\u00e7\u00e3o, lazer, cultura, nutri\u00e7\u00e3o e promo\u00e7\u00e3o da cidadania\u201d.<\/p>\n<p>&nbsp;<\/p>\n<p><strong><em>Refer\u00eancia nacional no\u00a0<\/em><\/strong><strong><em>segmento industrial<\/em><\/strong><\/p>\n<p>&nbsp;<\/p>\n<p>No Amazonas, onde foi criado menos de tr\u00eas anos depois (1949), o SESI seguiu as mesmas diretrizes, primeiro como delegacia e, a partir de 1961, como Departamento Regional. \u201cAt\u00e9 se tornar uma refer\u00eancia local e nacional para as empresas do segmento industrial na melhoria da qualidade de vida n\u00e3o s\u00f3 do seu trabalhador, mas tamb\u00e9m de seus dependentes. E hoje, enquanto promove a sa\u00fade do industri\u00e1rio, ajuda a aumentar a produtividade da ind\u00fastria\u201d, diz a superintendente do SESI Amazonas, Rosana Bianco de Vasconcelos.<\/p>\n<p>L\u00e1 atr\u00e1s, enquanto brincava na alfabetiza\u00e7\u00e3o, na Escola SESI do bairro S\u00e3o Jorge, na zona Oeste de Manaus, Sinthia Cavalcante n\u00e3o imaginava que daria continuidade \u00e0 carreira da m\u00e3e, na educa\u00e7\u00e3o e na institui\u00e7\u00e3o, alguns anos depois. Hoje ela diz que, no exemplo da m\u00e3e, seguiu a responsabilidade, o amor pela profiss\u00e3o\u00a0 e o respeito \u00e0s pessoas. No SESI, encontrou a confiabilidade e o respeito da sociedade em rela\u00e7\u00e3o ao trabalho j\u00e1 desenvolvido.<\/p>\n<p>Sinthia, que responde atualmente pela ger\u00eancia da Escola SESI Dr. Adalberto Ferreira do Vale, localizada no bairro Adrian\u00f3polis, zona Centro-Sul, diz que o SESI passou por mudan\u00e7as importantes ao longo da sua hist\u00f3ria para acompanhar a pr\u00f3pria evolu\u00e7\u00e3o da ind\u00fastria, com a introdu\u00e7\u00e3o de novas formas de trabalho e novas rela\u00e7\u00f5es trabalhistas. E a educa\u00e7\u00e3o acompanhou essas mudan\u00e7as.<\/p>\n<p>Segundo Rosana Vasconcelos, j\u00e1 nos anos 1980, a atua\u00e7\u00e3o do SESI tornou-se mais abrangente, evoluindo da assist\u00eancia social para a promo\u00e7\u00e3o social no sentido mais amplo. Outra mudan\u00e7a importante, de acordo com a superintendente, aconteceu no in\u00edcio dos anos 2000, quando o SESI adotou o Planejamento Estrat\u00e9gico e passou a definir os indicadores, metas e planos de a\u00e7\u00e3o utilizados para planejar e mensurar suas a\u00e7\u00f5es em curto, m\u00e9dio e longo prazo.<\/p>\n<p>&nbsp;<\/p>\n<p><strong><em>Desenvolver compet\u00eancias\u00a0<\/em><\/strong><strong><em>para uma sociedade melhor<\/em><\/strong><\/p>\n<p>&nbsp;<\/p>\n<p>Na educa\u00e7\u00e3o, diz Rosana, o SESI trabalha hoje com o Sistema Estruturado de Ensino, que permite a forma\u00e7\u00e3o integral dos alunos por meio de uma proposta que prioriza o desenvolvimento de compet\u00eancias visando n\u00e3o s\u00f3 o ensino superior, mas tamb\u00e9m o mercado de trabalho, al\u00e9m de contribuir para desenvolver no estudante a capacidade de buscar solu\u00e7\u00f5es inovadoras para a constru\u00e7\u00e3o de uma sociedade melhor.<\/p>\n<p>A educa\u00e7\u00e3o b\u00e1sica do SESI Amazonas hoje est\u00e1 estruturada com a oferta anual de 5.200 vagas, que v\u00e3o da creche ao Ensino M\u00e9dio, em seis escolas, tr\u00eas em Manaus (nas zonas Leste, Centro-Sul e Sul), uma em Iranduba (a 25 quil\u00f4metros de Manaus), uma em Itacoatiara (a 270 km) e uma em Parintins (a 369 km).<\/p>\n<p>Al\u00e9m dessa modalidade de ensino, o SESI\/AM oferece a Educa\u00e7\u00e3o de Jovens e Adultos (EJA) \u2013 em 2015, foram 3.392 alunos distribu\u00eddos em 61 turmas \u2013 e a Educa\u00e7\u00e3o Continuada, com a oferta de cursos, palestras e workshops adaptados \u00e0s exig\u00eancias do mercado de trabalho e \u00e0s necessidades da ind\u00fastria. No ano passado, essas a\u00e7\u00f5es educativas beneficiaram 14.158 trabalhadores do Polo Industrial de Manaus (PIM).<\/p>\n<p>&nbsp;<\/p>\n<p><strong>Sa\u00fade e Seguran\u00e7a do Trabalho<\/strong><\/p>\n<p>&nbsp;<\/p>\n<p>Diante de um mercado globalizado e cada vez mais competitivo, o SESI passou a estruturar seus programas com foco nos desafios colocados diante da ind\u00fastria. Com os programas de Seguran\u00e7a, Sa\u00fade e Qualidade de Vida busca elevar a produtividade e a competividade do pa\u00eds por meio da promo\u00e7\u00e3o de ambientes de trabalho e trabalhadores mais produtivos.<\/p>\n<p>Nos \u00faltimos anos, segundo Rosana Vasconcelos, o SESI se tornou especialista em desenvolver estrat\u00e9gias de promo\u00e7\u00e3o da qualidade de vida e bem-estar do trabalhador. \u201cTanto que o SESI \u00e9 a institui\u00e7\u00e3o mais lembrada em todo o Brasil quando o assunto \u00e9 sa\u00fade e seguran\u00e7a no trabalho\u201d, diz a superintendente, ao citar pesquisa nacional com 500 empresas de m\u00e9dio e grande porte realizada entre outubro de 2015 e fevereiro deste ano. Na pesquisa, o SESI foi apontado espontaneamente como refer\u00eancia no tema por 20,5% dos gestores entrevistados.<\/p>\n<p>Pelo menos 48% das empresas consultadas na pesquisa reconhecem que as a\u00e7\u00f5es para aumentar a seguran\u00e7a no ambiente de trabalho e promover a sa\u00fade de trabalhadores reduzem as faltas ao trabalho. Para 43,6%, esses programas aumentam a produtividade do ch\u00e3o-de-f\u00e1brica, e 34,8% apontam que essas a\u00e7\u00f5es reduzem custos. Segundo Rosana, a pesquisa mostra que a import\u00e2ncia dada ao tema est\u00e1 relacionada, sobretudo, \u00e0 preocupa\u00e7\u00e3o com o bem-estar do trabalhador, a maior conscientiza\u00e7\u00e3o das empresas e \u00e0 preven\u00e7\u00e3o de acidentes de trabalho.<\/p>\n<p>A superintendente do SESI Amazonas anuncia para o segundo semestre deste ano o lan\u00e7amento, no Estado, do Programa SESI de Gest\u00e3o do Absente\u00edsmo, que envolve desde o diagn\u00f3stico para entender as causas de afastamentos do trabalho at\u00e9 propostas de solu\u00e7\u00f5es, como cria\u00e7\u00e3o e mudan\u00e7as em pol\u00edticas de sa\u00fade e seguran\u00e7a no trabalho e promo\u00e7\u00e3o da sa\u00fade.<\/p>\n<p>Quando o SESI foi criado, h\u00e1 70 anos, o pr\u00f3prio pa\u00eds dava os primeiros passos no processo de industrializa\u00e7\u00e3o. Hoje, depois de passar por uma fase de grande protecionismo, a ind\u00fastria nacional\u00a0 finalmente consolidada, clama por novas mudan\u00e7as, agora para alcan\u00e7ar o desenvolvimento sustentado. E uma das principais bandeiras defendidas pela Confedera\u00e7\u00e3o Nacional da Ind\u00fastria (CNI) e pela Federa\u00e7\u00e3o das Ind\u00fastrias do Estado do Amazonas (FIEAM) \u00e9 a revis\u00e3o da Pol\u00edtica Industrial, com a amplia\u00e7\u00e3o dos incentivos fiscais ao desenvolvimento tecnol\u00f3gico.<\/p>\n<p>&nbsp;<\/p>\n<p><strong>O que o SESI oferece \u00e0s ind\u00fastrias e trabalhadores<\/strong><\/p>\n<p><strong>\u00a0<\/strong><\/p>\n<p><strong>Educa\u00e7\u00e3o B\u00e1sica<\/strong><\/p>\n<p><strong>\u00a0<\/strong><\/p>\n<p><strong>Educa\u00e7\u00e3o de Crian\u00e7as e Adolescentes<\/strong><\/p>\n<p>Creche, Educa\u00e7\u00e3o Infantil, Ensino Fundamental I e II, Ensino M\u00e9dio<\/p>\n<p><strong>5.200 vagas na capital e no interior<\/strong><\/p>\n<p><strong>\u00a0<\/strong><\/p>\n<p><strong>EJA<\/strong> <strong>\u2013 Educa\u00e7\u00e3o de Jovens e Adultos<\/strong><\/p>\n<p>Programa utiliza metodologia \u2018SESI Educa\u2019<\/p>\n<p><strong>\u00a0<\/strong><\/p>\n<p><strong>Educa\u00e7\u00e3o Continuada<\/strong><\/p>\n<p>Forma\u00e7\u00e3o continuada nas \u00e1reas de Educa\u00e7\u00e3o, Sa\u00fade, Lazer e Responsabilidade Social;<\/p>\n<p><strong>\u00a0<\/strong><\/p>\n<p><strong>\u00a0<\/strong><\/p>\n<p><strong>Qualidade de Vida<\/strong><\/p>\n<p><strong>\u00a0<\/strong><\/p>\n<p><strong>Seguran\u00e7a e Sa\u00fade no Trabalho<\/strong><\/p>\n<p>Campanhas e a\u00e7\u00f5es educativas para promo\u00e7\u00e3o da sa\u00fade para trabalhadores.<\/p>\n<p><strong>\u00a0<\/strong><\/p>\n<p><strong>SESI Cl\u00ednica<\/strong><\/p>\n<p>Especialidades:\u00a0 cl\u00ednica geral, cardiologia, dermatologia, ortopedia, ginecologia, fisioterapia e ultrassonografia, ortopedia, neurologia, neuropediatria, oftalmologia, psiquiatria, pneumologia, nutri\u00e7\u00e3o,\u00a0 gastroenterologia, endocrinologia, otorrinolaringologia, pediatria, urologia e psicologia.<\/p>\n<p><strong>\u00a0<\/strong><\/p>\n<p><strong>Assist\u00eancia Odontol\u00f3gica<\/strong><\/p>\n<p>Cl\u00ednica odontol\u00f3gica, urg\u00eancia odontol\u00f3gica, odontopediatria, implantodontia, pr\u00f3tese dent\u00e1ria, ortodontia, cirurgia oral menor, periodontia, endodontia, O.P.N.E.<\/p>\n<p>&nbsp;<\/p>\n<p><strong>SESI Esportes<\/strong><\/p>\n<p>Forma\u00e7\u00e3o esportiva: karat\u00ea, jiu-j\u00edtsu, jud\u00f4, futsal, nata\u00e7\u00e3o, t\u00eanis<\/p>\n<p>Atividades f\u00edsicas: hidrogin\u00e1stica, academia de gin\u00e1stica e muscula\u00e7\u00e3o<\/p>\n<p>&nbsp;<\/p>\n<p><strong>SESI Sociocultural<\/strong><\/p>\n<p>Lazer na 3\u00aa Idade: atividades f\u00edsicas e sociais;<\/p>\n<p>Circuito de Lazer da Fam\u00edlia;<\/p>\n<p>Brinquedoteca;<\/p>\n<p>Servi\u00e7os culturais para empresas: gincana, shows musicais;<\/p>\n<p>Forma\u00e7\u00e3o cultural: oficinas de dan\u00e7a, bal\u00e9 cl\u00e1ssico.<\/p>\n<p><strong>\u00a0<\/strong><\/p>\n<p>[nggallery id=11]<\/p>\n<p>&nbsp;<\/p>\n<p>&nbsp;<\/p>\n<p><strong>\u00a0\u00a0\u00a0\u00a0\u00a0\u00a0\u00a0\u00a0\u00a0\u00a0\u00a0 ATENDIMENTO \u00c0 IMPRENSA<\/strong><\/p>\n<p>&nbsp;<\/p>\n<p><strong>Diretoria de Comunica\u00e7\u00e3o e Marketing do Sistema FIEAM<\/strong><\/p>\n<p>Tel: (92) 3186-6576 Fax: (92) 3186-6579<\/p>\n<p>E-mail: <a href=\"mailto:imprensa@fieam.org.br\">imprensa@fieam.org.br<\/a><\/p>\n<p>Portal: <a href=\"http:\/\/www.fieam.org.br\/\" data-saferedirecturl=\"https:\/\/www.google.com\/url?hl=pt-BR&amp;q=http:\/\/www.fieam.org.br&amp;source=gmail&amp;ust=1467405287950000&amp;usg=AFQjCNHhQ0UkagNU4OnBHY1e1wMZhk500g\">http:\/\/www.fieam.org.br<\/a><\/p>\n<p><strong>\u00a0\u00a0\u00a0\u00a0\u00a0\u00a0\u00a0\u00a0\u00a0\u00a0\u00a0 Sistema FIEAM nas redes sociais<\/strong><\/p>\n<p><strong>\u00a0\u00a0\u00a0\u00a0\u00a0\u00a0\u00a0\u00a0\u00a0\u00a0\u00a0 FIEAM:<\/strong> <a href=\"https:\/\/www.facebook.com\/fieamoficial\" data-saferedirecturl=\"https:\/\/www.google.com\/url?hl=pt-BR&amp;q=https:\/\/www.facebook.com\/fieamoficial&amp;source=gmail&amp;ust=1467405287950000&amp;usg=AFQjCNEIwmArlLGQoJlnC_Jpi6UekOWJEw\">Facebook<\/a>| <a href=\"https:\/\/twitter.com\/fieam\" data-saferedirecturl=\"https:\/\/www.google.com\/url?hl=pt-BR&amp;q=https:\/\/twitter.com\/fieam&amp;source=gmail&amp;ust=1467405287950000&amp;usg=AFQjCNGZahLcqUKcmA212kSMYFlFfcahHA\">Twitter<\/a>| <a href=\"https:\/\/www.instagram.com\/sistemafieam\/\" data-saferedirecturl=\"https:\/\/www.google.com\/url?hl=pt-BR&amp;q=https:\/\/www.instagram.com\/sistemafieam\/&amp;source=gmail&amp;ust=1467405287950000&amp;usg=AFQjCNHVSYYki9aLi31imlMN8jmRdaqYhw\">Instagram<\/a>| \u00a0<a href=\"https:\/\/www.youtube.com\/user\/FIEAM\" data-saferedirecturl=\"https:\/\/www.google.com\/url?hl=pt-BR&amp;q=https:\/\/www.youtube.com\/user\/FIEAM&amp;source=gmail&amp;ust=1467405287950000&amp;usg=AFQjCNFST5HFTYrnWRx39xglYR14xZcL_Q\">You Tube<\/a><\/p>\n<p><strong>\u00a0\u00a0\u00a0\u00a0\u00a0\u00a0\u00a0\u00a0\u00a0\u00a0\u00a0 <\/strong><strong>SESI:<\/strong> <a href=\"https:\/\/www.facebook.com\/sesiamazonas\" data-saferedirecturl=\"https:\/\/www.google.com\/url?hl=pt-BR&amp;q=https:\/\/www.facebook.com\/sesiamazonas&amp;source=gmail&amp;ust=1467405287950000&amp;usg=AFQjCNF23ZiciX_myPDgpVV3QoJvSGKCcw\">Facebook<\/a>| <a href=\"https:\/\/twitter.com\/sesiamazonas\" data-saferedirecturl=\"https:\/\/www.google.com\/url?hl=pt-BR&amp;q=https:\/\/twitter.com\/sesiamazonas&amp;source=gmail&amp;ust=1467405287950000&amp;usg=AFQjCNH1YNav-wtLoREPFDgJpkTlGMUlsg\">Twitter<\/a>| <a href=\"https:\/\/www.instagram.com\/sistemafieam\/\" data-saferedirecturl=\"https:\/\/www.google.com\/url?hl=pt-BR&amp;q=https:\/\/www.instagram.com\/sistemafieam\/&amp;source=gmail&amp;ust=1467405287950000&amp;usg=AFQjCNHVSYYki9aLi31imlMN8jmRdaqYhw\">Instagram<\/a>| \u00a0<a href=\"https:\/\/www.youtube.com\/user\/SESIAmazonas\" data-saferedirecturl=\"https:\/\/www.google.com\/url?hl=pt-BR&amp;q=https:\/\/www.youtube.com\/user\/SESIAmazonas&amp;source=gmail&amp;ust=1467405287950000&amp;usg=AFQjCNHnVzKOD4xLRdE3jW4CXbZ2NGtp7Q\">You Tube<\/a><\/p>\n<p><strong>\u00a0\u00a0\u00a0\u00a0\u00a0\u00a0\u00a0\u00a0\u00a0\u00a0\u00a0 SENAI:<\/strong> <a href=\"https:\/\/www.facebook.com\/senaiamazonas\" data-saferedirecturl=\"https:\/\/www.google.com\/url?hl=pt-BR&amp;q=https:\/\/www.facebook.com\/senaiamazonas&amp;source=gmail&amp;ust=1467405287950000&amp;usg=AFQjCNG0qqlUpPsLDn0JBT1OXRvDyeO_Qw\">Facebook<\/a>| <a href=\"https:\/\/twitter.com\/senaiamazonas\" data-saferedirecturl=\"https:\/\/www.google.com\/url?hl=pt-BR&amp;q=https:\/\/twitter.com\/senaiamazonas&amp;source=gmail&amp;ust=1467405287950000&amp;usg=AFQjCNHT2KjhCU_Sesh3QDY-6vn8CPG77Q\">Twitter<\/a>| <a href=\"https:\/\/www.instagram.com\/sistemafieam\/\" data-saferedirecturl=\"https:\/\/www.google.com\/url?hl=pt-BR&amp;q=https:\/\/www.instagram.com\/sistemafieam\/&amp;source=gmail&amp;ust=1467405287950000&amp;usg=AFQjCNHVSYYki9aLi31imlMN8jmRdaqYhw\">Instagram<\/a>| \u00a0<a href=\"https:\/\/www.youtube.com\/user\/SENAIAmazonas\" data-saferedirecturl=\"https:\/\/www.google.com\/url?hl=pt-BR&amp;q=https:\/\/www.youtube.com\/user\/SENAIAmazonas&amp;source=gmail&amp;ust=1467405287950000&amp;usg=AFQjCNE9-vYjuRHYNWKSOtElSWlhDUp9DA\">You Tube<\/a><\/p>\n<p><strong>\u00a0\u00a0\u00a0\u00a0\u00a0\u00a0\u00a0\u00a0\u00a0\u00a0\u00a0 IEL:<\/strong> <a href=\"https:\/\/www.facebook.com\/ielamazonas\" data-saferedirecturl=\"https:\/\/www.google.com\/url?hl=pt-BR&amp;q=https:\/\/www.facebook.com\/ielamazonas&amp;source=gmail&amp;ust=1467405287950000&amp;usg=AFQjCNGLlZAQudOP9YnAscYeVSS4lTBWOQ\">Facebook<\/a>| <a href=\"https:\/\/twitter.com\/ielamazonas\" data-saferedirecturl=\"https:\/\/www.google.com\/url?hl=pt-BR&amp;q=https:\/\/twitter.com\/ielamazonas&amp;source=gmail&amp;ust=1467405287950000&amp;usg=AFQjCNG97LM1mZz0j17Bhz8zrEdEq8hFJQ\">Twitter<\/a>| <a href=\"https:\/\/www.instagram.com\/sistemafieam\/\" data-saferedirecturl=\"https:\/\/www.google.com\/url?hl=pt-BR&amp;q=https:\/\/www.instagram.com\/sistemafieam\/&amp;source=gmail&amp;ust=1467405287950000&amp;usg=AFQjCNHVSYYki9aLi31imlMN8jmRdaqYhw\">Instagram<\/a>| \u00a0<a href=\"https:\/\/www.youtube.com\/user\/IELAmazonas\" data-saferedirecturl=\"https:\/\/www.google.com\/url?hl=pt-BR&amp;q=https:\/\/www.youtube.com\/user\/IELAmazonas&amp;source=gmail&amp;ust=1467405287950000&amp;usg=AFQjCNEMLsQ0iJlQ2gi5IFoJ6oqqf7t6VA\">You Tube<\/a><\/p>\n<p>&nbsp;<\/p>\n","protected":false},"excerpt":{"rendered":"<p>&nbsp; \u201cO SESI \u00e9 meu segundo lar, \u00e9 a minha vida\u201d, diz a professora Sinthia Lima Cavalcante, 46, h\u00e1 28 anos no quadro docente da institui\u00e7\u00e3o. E n\u00e3o \u00e9 exagero: antes de come\u00e7ar como auxiliar de pr\u00e9-escolar, depois como professora, pedagoga e agora gerente, Sinthia foi aluna do SESI. Melhor ainda, ela come\u00e7ou sua vida [&hellip;]<\/p>\n","protected":false},"author":1,"featured_media":8807,"comment_status":"open","ping_status":"open","sticky":false,"template":"","format":"standard","meta":{"footnotes":""},"categories":[25],"tags":[],"class_list":["post-8796","post","type-post","status-publish","format-standard","has-post-thumbnail","hentry","category-news"],"yoast_head":"<!-- This site is optimized with the Yoast SEO plugin v28.2 - https:\/\/yoast.com\/product\/yoast-seo-wordpress\/ -->\n<title>SESI rev\u00ea sua trajet\u00f3ria de 70 anos - SESI<\/title>\n<meta name=\"robots\" content=\"index, follow, max-snippet:-1, max-image-preview:large, max-video-preview:-1\" \/>\n<link rel=\"canonical\" href=\"https:\/\/fieam.org.br\/sesi\/sesi-reve-sua-trajetoria-de-70-anos\/\" \/>\n<meta property=\"og:locale\" content=\"pt_BR\" \/>\n<meta property=\"og:type\" content=\"article\" \/>\n<meta property=\"og:title\" content=\"SESI rev\u00ea sua trajet\u00f3ria de 70 anos - SESI\" \/>\n<meta property=\"og:description\" content=\"&nbsp; \u201cO SESI \u00e9 meu segundo lar, \u00e9 a minha vida\u201d, diz a professora Sinthia Lima Cavalcante, 46, h\u00e1 28 anos no quadro docente da institui\u00e7\u00e3o. E n\u00e3o \u00e9 exagero: antes de come\u00e7ar como auxiliar de pr\u00e9-escolar, depois como professora, pedagoga e agora gerente, Sinthia foi aluna do SESI. Melhor ainda, ela come\u00e7ou sua vida [&hellip;]\" \/>\n<meta property=\"og:url\" content=\"https:\/\/fieam.org.br\/sesi\/sesi-reve-sua-trajetoria-de-70-anos\/\" \/>\n<meta property=\"og:site_name\" content=\"SESI\" \/>\n<meta property=\"article:published_time\" content=\"2016-06-30T20:41:34+00:00\" \/>\n<meta name=\"author\" content=\"Autor\" \/>\n<meta name=\"twitter:card\" content=\"summary_large_image\" \/>\n<meta name=\"twitter:label1\" content=\"Escrito por\" \/>\n\t<meta name=\"twitter:data1\" content=\"Autor\" \/>\n\t<meta name=\"twitter:label2\" content=\"Est. tempo de leitura\" \/>\n\t<meta name=\"twitter:data2\" content=\"7 minutos\" \/>\n<script type=\"application\/ld+json\" class=\"yoast-schema-graph\">{\"@context\":\"https:\\\/\\\/schema.org\",\"@graph\":[{\"@type\":\"Article\",\"@id\":\"https:\\\/\\\/fieam.org.br\\\/sesi\\\/sesi-reve-sua-trajetoria-de-70-anos\\\/#article\",\"isPartOf\":{\"@id\":\"https:\\\/\\\/fieam.org.br\\\/sesi\\\/sesi-reve-sua-trajetoria-de-70-anos\\\/\"},\"author\":{\"name\":\"Autor\",\"@id\":\"https:\\\/\\\/fieam.org.br\\\/sesi\\\/#\\\/schema\\\/person\\\/f54998dd14d5f0695b41444f2b01c31e\"},\"headline\":\"SESI rev\u00ea sua trajet\u00f3ria de 70 anos\",\"datePublished\":\"2016-06-30T20:41:34+00:00\",\"mainEntityOfPage\":{\"@id\":\"https:\\\/\\\/fieam.org.br\\\/sesi\\\/sesi-reve-sua-trajetoria-de-70-anos\\\/\"},\"wordCount\":1402,\"commentCount\":0,\"publisher\":{\"@id\":\"https:\\\/\\\/fieam.org.br\\\/sesi\\\/#organization\"},\"image\":{\"@id\":\"https:\\\/\\\/fieam.org.br\\\/sesi\\\/sesi-reve-sua-trajetoria-de-70-anos\\\/#primaryimage\"},\"thumbnailUrl\":\"\",\"articleSection\":[\"News\"],\"inLanguage\":\"pt-BR\",\"potentialAction\":[{\"@type\":\"CommentAction\",\"name\":\"Comment\",\"target\":[\"https:\\\/\\\/fieam.org.br\\\/sesi\\\/sesi-reve-sua-trajetoria-de-70-anos\\\/#respond\"]}]},{\"@type\":\"WebPage\",\"@id\":\"https:\\\/\\\/fieam.org.br\\\/sesi\\\/sesi-reve-sua-trajetoria-de-70-anos\\\/\",\"url\":\"https:\\\/\\\/fieam.org.br\\\/sesi\\\/sesi-reve-sua-trajetoria-de-70-anos\\\/\",\"name\":\"SESI rev\u00ea sua trajet\u00f3ria de 70 anos - SESI\",\"isPartOf\":{\"@id\":\"https:\\\/\\\/fieam.org.br\\\/sesi\\\/#website\"},\"primaryImageOfPage\":{\"@id\":\"https:\\\/\\\/fieam.org.br\\\/sesi\\\/sesi-reve-sua-trajetoria-de-70-anos\\\/#primaryimage\"},\"image\":{\"@id\":\"https:\\\/\\\/fieam.org.br\\\/sesi\\\/sesi-reve-sua-trajetoria-de-70-anos\\\/#primaryimage\"},\"thumbnailUrl\":\"\",\"datePublished\":\"2016-06-30T20:41:34+00:00\",\"breadcrumb\":{\"@id\":\"https:\\\/\\\/fieam.org.br\\\/sesi\\\/sesi-reve-sua-trajetoria-de-70-anos\\\/#breadcrumb\"},\"inLanguage\":\"pt-BR\",\"potentialAction\":[{\"@type\":\"ReadAction\",\"target\":[\"https:\\\/\\\/fieam.org.br\\\/sesi\\\/sesi-reve-sua-trajetoria-de-70-anos\\\/\"]}]},{\"@type\":\"ImageObject\",\"inLanguage\":\"pt-BR\",\"@id\":\"https:\\\/\\\/fieam.org.br\\\/sesi\\\/sesi-reve-sua-trajetoria-de-70-anos\\\/#primaryimage\",\"url\":\"\",\"contentUrl\":\"\"},{\"@type\":\"BreadcrumbList\",\"@id\":\"https:\\\/\\\/fieam.org.br\\\/sesi\\\/sesi-reve-sua-trajetoria-de-70-anos\\\/#breadcrumb\",\"itemListElement\":[{\"@type\":\"ListItem\",\"position\":1,\"name\":\"In\u00edcio\",\"item\":\"https:\\\/\\\/fieam.org.br\\\/sesi\\\/\"},{\"@type\":\"ListItem\",\"position\":2,\"name\":\"SESI rev\u00ea sua trajet\u00f3ria de 70 anos\"}]},{\"@type\":\"WebSite\",\"@id\":\"https:\\\/\\\/fieam.org.br\\\/sesi\\\/#website\",\"url\":\"https:\\\/\\\/fieam.org.br\\\/sesi\\\/\",\"name\":\"SESI\",\"description\":\"Site Oficial!\",\"publisher\":{\"@id\":\"https:\\\/\\\/fieam.org.br\\\/sesi\\\/#organization\"},\"potentialAction\":[{\"@type\":\"SearchAction\",\"target\":{\"@type\":\"EntryPoint\",\"urlTemplate\":\"https:\\\/\\\/fieam.org.br\\\/sesi\\\/?s={search_term_string}\"},\"query-input\":{\"@type\":\"PropertyValueSpecification\",\"valueRequired\":true,\"valueName\":\"search_term_string\"}}],\"inLanguage\":\"pt-BR\"},{\"@type\":\"Organization\",\"@id\":\"https:\\\/\\\/fieam.org.br\\\/sesi\\\/#organization\",\"name\":\"SESI\",\"url\":\"https:\\\/\\\/fieam.org.br\\\/sesi\\\/\",\"logo\":{\"@type\":\"ImageObject\",\"inLanguage\":\"pt-BR\",\"@id\":\"https:\\\/\\\/fieam.org.br\\\/sesi\\\/#\\\/schema\\\/logo\\\/image\\\/\",\"url\":\"https:\\\/\\\/fieam.org.br\\\/sesi\\\/wp-content\\\/uploads\\\/sites\\\/14\\\/2024\\\/03\\\/cropped-fav.png\",\"contentUrl\":\"https:\\\/\\\/fieam.org.br\\\/sesi\\\/wp-content\\\/uploads\\\/sites\\\/14\\\/2024\\\/03\\\/cropped-fav.png\",\"width\":610,\"height\":589,\"caption\":\"SESI\"},\"image\":{\"@id\":\"https:\\\/\\\/fieam.org.br\\\/sesi\\\/#\\\/schema\\\/logo\\\/image\\\/\"}},{\"@type\":\"Person\",\"@id\":\"https:\\\/\\\/fieam.org.br\\\/sesi\\\/#\\\/schema\\\/person\\\/f54998dd14d5f0695b41444f2b01c31e\",\"name\":\"Autor\",\"image\":{\"@type\":\"ImageObject\",\"inLanguage\":\"pt-BR\",\"@id\":\"https:\\\/\\\/secure.gravatar.com\\\/avatar\\\/3732c223e0e1fad69062a8f770955c9068d37b055204f310a0be18d4069fe380?s=96&d=mm&r=g\",\"url\":\"https:\\\/\\\/secure.gravatar.com\\\/avatar\\\/3732c223e0e1fad69062a8f770955c9068d37b055204f310a0be18d4069fe380?s=96&d=mm&r=g\",\"contentUrl\":\"https:\\\/\\\/secure.gravatar.com\\\/avatar\\\/3732c223e0e1fad69062a8f770955c9068d37b055204f310a0be18d4069fe380?s=96&d=mm&r=g\",\"caption\":\"Autor\"},\"sameAs\":[\"https:\\\/\\\/marketingmassivo.com.br\"],\"url\":\"https:\\\/\\\/fieam.org.br\\\/sesi\\\/author\\\/admin\\\/\"}]}<\/script>\n<!-- \/ Yoast SEO plugin. -->","yoast_head_json":{"title":"SESI rev\u00ea sua trajet\u00f3ria de 70 anos - SESI","robots":{"index":"index","follow":"follow","max-snippet":"max-snippet:-1","max-image-preview":"max-image-preview:large","max-video-preview":"max-video-preview:-1"},"canonical":"https:\/\/fieam.org.br\/sesi\/sesi-reve-sua-trajetoria-de-70-anos\/","og_locale":"pt_BR","og_type":"article","og_title":"SESI rev\u00ea sua trajet\u00f3ria de 70 anos - SESI","og_description":"&nbsp; \u201cO SESI \u00e9 meu segundo lar, \u00e9 a minha vida\u201d, diz a professora Sinthia Lima Cavalcante, 46, h\u00e1 28 anos no quadro docente da institui\u00e7\u00e3o. E n\u00e3o \u00e9 exagero: antes de come\u00e7ar como auxiliar de pr\u00e9-escolar, depois como professora, pedagoga e agora gerente, Sinthia foi aluna do SESI. Melhor ainda, ela come\u00e7ou sua vida [&hellip;]","og_url":"https:\/\/fieam.org.br\/sesi\/sesi-reve-sua-trajetoria-de-70-anos\/","og_site_name":"SESI","article_published_time":"2016-06-30T20:41:34+00:00","author":"Autor","twitter_card":"summary_large_image","twitter_misc":{"Escrito por":"Autor","Est. tempo de leitura":"7 minutos"},"schema":{"@context":"https:\/\/schema.org","@graph":[{"@type":"Article","@id":"https:\/\/fieam.org.br\/sesi\/sesi-reve-sua-trajetoria-de-70-anos\/#article","isPartOf":{"@id":"https:\/\/fieam.org.br\/sesi\/sesi-reve-sua-trajetoria-de-70-anos\/"},"author":{"name":"Autor","@id":"https:\/\/fieam.org.br\/sesi\/#\/schema\/person\/f54998dd14d5f0695b41444f2b01c31e"},"headline":"SESI rev\u00ea sua trajet\u00f3ria de 70 anos","datePublished":"2016-06-30T20:41:34+00:00","mainEntityOfPage":{"@id":"https:\/\/fieam.org.br\/sesi\/sesi-reve-sua-trajetoria-de-70-anos\/"},"wordCount":1402,"commentCount":0,"publisher":{"@id":"https:\/\/fieam.org.br\/sesi\/#organization"},"image":{"@id":"https:\/\/fieam.org.br\/sesi\/sesi-reve-sua-trajetoria-de-70-anos\/#primaryimage"},"thumbnailUrl":"","articleSection":["News"],"inLanguage":"pt-BR","potentialAction":[{"@type":"CommentAction","name":"Comment","target":["https:\/\/fieam.org.br\/sesi\/sesi-reve-sua-trajetoria-de-70-anos\/#respond"]}]},{"@type":"WebPage","@id":"https:\/\/fieam.org.br\/sesi\/sesi-reve-sua-trajetoria-de-70-anos\/","url":"https:\/\/fieam.org.br\/sesi\/sesi-reve-sua-trajetoria-de-70-anos\/","name":"SESI rev\u00ea sua trajet\u00f3ria de 70 anos - SESI","isPartOf":{"@id":"https:\/\/fieam.org.br\/sesi\/#website"},"primaryImageOfPage":{"@id":"https:\/\/fieam.org.br\/sesi\/sesi-reve-sua-trajetoria-de-70-anos\/#primaryimage"},"image":{"@id":"https:\/\/fieam.org.br\/sesi\/sesi-reve-sua-trajetoria-de-70-anos\/#primaryimage"},"thumbnailUrl":"","datePublished":"2016-06-30T20:41:34+00:00","breadcrumb":{"@id":"https:\/\/fieam.org.br\/sesi\/sesi-reve-sua-trajetoria-de-70-anos\/#breadcrumb"},"inLanguage":"pt-BR","potentialAction":[{"@type":"ReadAction","target":["https:\/\/fieam.org.br\/sesi\/sesi-reve-sua-trajetoria-de-70-anos\/"]}]},{"@type":"ImageObject","inLanguage":"pt-BR","@id":"https:\/\/fieam.org.br\/sesi\/sesi-reve-sua-trajetoria-de-70-anos\/#primaryimage","url":"","contentUrl":""},{"@type":"BreadcrumbList","@id":"https:\/\/fieam.org.br\/sesi\/sesi-reve-sua-trajetoria-de-70-anos\/#breadcrumb","itemListElement":[{"@type":"ListItem","position":1,"name":"In\u00edcio","item":"https:\/\/fieam.org.br\/sesi\/"},{"@type":"ListItem","position":2,"name":"SESI rev\u00ea sua trajet\u00f3ria de 70 anos"}]},{"@type":"WebSite","@id":"https:\/\/fieam.org.br\/sesi\/#website","url":"https:\/\/fieam.org.br\/sesi\/","name":"SESI","description":"Site Oficial!","publisher":{"@id":"https:\/\/fieam.org.br\/sesi\/#organization"},"potentialAction":[{"@type":"SearchAction","target":{"@type":"EntryPoint","urlTemplate":"https:\/\/fieam.org.br\/sesi\/?s={search_term_string}"},"query-input":{"@type":"PropertyValueSpecification","valueRequired":true,"valueName":"search_term_string"}}],"inLanguage":"pt-BR"},{"@type":"Organization","@id":"https:\/\/fieam.org.br\/sesi\/#organization","name":"SESI","url":"https:\/\/fieam.org.br\/sesi\/","logo":{"@type":"ImageObject","inLanguage":"pt-BR","@id":"https:\/\/fieam.org.br\/sesi\/#\/schema\/logo\/image\/","url":"https:\/\/fieam.org.br\/sesi\/wp-content\/uploads\/sites\/14\/2024\/03\/cropped-fav.png","contentUrl":"https:\/\/fieam.org.br\/sesi\/wp-content\/uploads\/sites\/14\/2024\/03\/cropped-fav.png","width":610,"height":589,"caption":"SESI"},"image":{"@id":"https:\/\/fieam.org.br\/sesi\/#\/schema\/logo\/image\/"}},{"@type":"Person","@id":"https:\/\/fieam.org.br\/sesi\/#\/schema\/person\/f54998dd14d5f0695b41444f2b01c31e","name":"Autor","image":{"@type":"ImageObject","inLanguage":"pt-BR","@id":"https:\/\/secure.gravatar.com\/avatar\/3732c223e0e1fad69062a8f770955c9068d37b055204f310a0be18d4069fe380?s=96&d=mm&r=g","url":"https:\/\/secure.gravatar.com\/avatar\/3732c223e0e1fad69062a8f770955c9068d37b055204f310a0be18d4069fe380?s=96&d=mm&r=g","contentUrl":"https:\/\/secure.gravatar.com\/avatar\/3732c223e0e1fad69062a8f770955c9068d37b055204f310a0be18d4069fe380?s=96&d=mm&r=g","caption":"Autor"},"sameAs":["https:\/\/marketingmassivo.com.br"],"url":"https:\/\/fieam.org.br\/sesi\/author\/admin\/"}]}},"_links":{"self":[{"href":"https:\/\/fieam.org.br\/sesi\/wp-json\/wp\/v2\/posts\/8796","targetHints":{"allow":["GET"]}}],"collection":[{"href":"https:\/\/fieam.org.br\/sesi\/wp-json\/wp\/v2\/posts"}],"about":[{"href":"https:\/\/fieam.org.br\/sesi\/wp-json\/wp\/v2\/types\/post"}],"author":[{"embeddable":true,"href":"https:\/\/fieam.org.br\/sesi\/wp-json\/wp\/v2\/users\/1"}],"replies":[{"embeddable":true,"href":"https:\/\/fieam.org.br\/sesi\/wp-json\/wp\/v2\/comments?post=8796"}],"version-history":[{"count":0,"href":"https:\/\/fieam.org.br\/sesi\/wp-json\/wp\/v2\/posts\/8796\/revisions"}],"wp:attachment":[{"href":"https:\/\/fieam.org.br\/sesi\/wp-json\/wp\/v2\/media?parent=8796"}],"wp:term":[{"taxonomy":"category","embeddable":true,"href":"https:\/\/fieam.org.br\/sesi\/wp-json\/wp\/v2\/categories?post=8796"},{"taxonomy":"post_tag","embeddable":true,"href":"https:\/\/fieam.org.br\/sesi\/wp-json\/wp\/v2\/tags?post=8796"}],"curies":[{"name":"wp","href":"https:\/\/api.w.org\/{rel}","templated":true}]}}