{"id":8739,"date":"2016-06-09T22:05:16","date_gmt":"2016-06-10T02:05:16","guid":{"rendered":"http:\/\/www.fieam.org.br\/2015\/sesi\/?p=8739"},"modified":"2016-06-09T22:05:16","modified_gmt":"2016-06-10T02:05:16","slug":"sesi-promove-mostra-de-colonia-de-ferias-no-domingo","status":"publish","type":"post","link":"https:\/\/fieam.org.br\/sesi\/sesi-promove-mostra-de-colonia-de-ferias-no-domingo\/","title":{"rendered":"SESI promove Mostra de Col\u00f4nia de F\u00e9rias no domingo"},"content":{"rendered":"<p style=\"text-align: justify\"><a href=\"http:\/\/www.fieam.org.br\/2015\/sesi\/wp-content\/uploads\/sites\/2\/2016\/06\/Flyer-2-Conte\u00fado.jpg\"><img fetchpriority=\"high\" decoding=\"async\" class=\"wp-image-8750 size-full aligncenter\" src=\"http:\/\/www.fieam.org.br\/2015\/sesi\/wp-content\/uploads\/sites\/2\/2016\/06\/Flyer-2-Conte\u00fado.jpg\" alt=\"Flyer 2 Conte\u00fado\" width=\"542\" height=\"768\" \/><\/a><\/p>\n<p style=\"text-align: justify\">Domingo \u00e9 dia de lazer e divers\u00e3o para toda a fam\u00edlia. Pensando nisso, o SESI Amazonas vai promover neste domingo, 12 de junho, das 7h \u00e0s 11h, na faixa liberada da Ponta Negra, Mostra da Col\u00f4nia de F\u00e9rias. Durante a a\u00e7\u00e3o, ser\u00e3o realizadas atividades l\u00fadico-pedag\u00f3gicas, gincanas, circuito de lazer, oficinas e jogos recreativos para crian\u00e7as e adultos. A iniciativa tem como objetivo ser uma vitrine de servi\u00e7os, apresentando \u00e0s fam\u00edlias que frequentam a Ponta Negra uma pr\u00e9via da Col\u00f4nia de F\u00e9rias que a institui\u00e7\u00e3o vai realizar a partir do dia 20 de junho, no Centro de Atividade Dr. Diocl\u00e9cio Corr\u00eaa, na Rua Bras\u00edlia, s\/n \u2013 S\u00e3o Jorge.<\/p>\n<p style=\"text-align: justify\"><strong>Col\u00f4nia de F\u00e9rias SESI<\/strong><\/p>\n<p style=\"text-align: justify\">A Col\u00f4nia de F\u00e9rias do <a href=\"http:\/\/www.fieam.org.br\/2015\/sesi\/\">SESI<\/a> \u00e9 um espa\u00e7o socioeducativo voltado para crian\u00e7as na faixa et\u00e1ria de 5 a 10 anos, em plena temporada de f\u00e9rias escolares. O SESI conta com uma equipe de pedagogos e educadores f\u00edsicos preparados para proporcionar ao p\u00fablico infantil, na Col\u00f4nia, lazer, divers\u00e3o e intera\u00e7\u00e3o social.<\/p>\n<p style=\"text-align: justify\">Informa\u00e7\u00f5es para reservas e inscri\u00e7\u00f5es pelos telefones: 3216-8023\/8022 ou 3675-3797.<\/p>\n<p style=\"text-align: justify\"><strong>Atividades que ser\u00e3o oferecidas na Col\u00f4nia de F\u00e9rias do SESI<\/strong><\/p>\n<p style=\"text-align: justify\">Brincadeiras populares: amarelinha, pula corda, queimada, cabo de guerra; Circuito de Lazer: acerte o alvo, corrida, bambol\u00ea, pula corda e brincadeiras com bal\u00f5es; Gincana recreativa: atividades l\u00fadicas, esportivas e de conhecimento; Oficinas de Karat\u00ea, futsal e dan\u00e7a; Oficinas de culin\u00e1ria com a Turminha Cozinha Brasil e apresenta\u00e7\u00e3o do amiguinho Sesinho.<\/p>\n<p style=\"text-align: justify\"><strong>\u00a0\u00a0\u00a0\u00a0\u00a0\u00a0\u00a0\u00a0\u00a0\u00a0\u00a0\u00a0ATENDIMENTO \u00c0 IMPRENSA<\/strong><\/p>\n<p style=\"text-align: justify\"><strong>Diretoria de Comunica\u00e7\u00e3o e Marketing do Sistema FIEAM<\/strong><\/p>\n<p style=\"text-align: justify\">Tel: (92) 3186-6576 Fax: (92) 3186-6579<\/p>\n<p style=\"text-align: justify\">E-mail: <a href=\"mailto:imprensa@fieam.org.br\">imprensa@fieam.org.br<\/a><\/p>\n<p style=\"text-align: justify\">Portal: <a href=\"http:\/\/www.fieam.org.br\/\">http:\/\/www.fieam.org.br<\/a><\/p>\n<p style=\"text-align: justify\"><strong>\u00a0\u00a0\u00a0\u00a0\u00a0\u00a0\u00a0\u00a0\u00a0\u00a0\u00a0 Sistema FIEAM nas redes sociais<\/strong><\/p>\n<p style=\"text-align: justify\"><strong>\u00a0\u00a0\u00a0\u00a0\u00a0\u00a0\u00a0\u00a0\u00a0\u00a0\u00a0 FIEAM:<\/strong> <a href=\"https:\/\/www.facebook.com\/fieamoficial\">Facebook<\/a>| <a href=\"https:\/\/twitter.com\/fieam\">Twitter<\/a>| <a href=\"https:\/\/www.instagram.com\/sistemafieam\/\">Instagram<\/a>| \u00a0<a href=\"https:\/\/www.youtube.com\/user\/FIEAM\">You Tube<\/a><\/p>\n<p style=\"text-align: justify\"><strong>\u00a0\u00a0\u00a0\u00a0\u00a0\u00a0\u00a0\u00a0\u00a0\u00a0\u00a0 <\/strong><strong>SESI:<\/strong> <a href=\"https:\/\/www.facebook.com\/sesiamazonas\">Facebook<\/a>| <a href=\"https:\/\/twitter.com\/sesiamazonas\">Twitter<\/a>| <a href=\"https:\/\/www.instagram.com\/sistemafieam\/\">Instagram<\/a>| \u00a0<a href=\"https:\/\/www.youtube.com\/user\/SESIAmazonas\">You Tube<\/a><\/p>\n<p style=\"text-align: justify\"><strong>\u00a0\u00a0\u00a0\u00a0\u00a0\u00a0\u00a0\u00a0\u00a0\u00a0\u00a0 SENAI:<\/strong> <a href=\"https:\/\/www.facebook.com\/senaiamazonas\">Facebook<\/a>| <a href=\"https:\/\/twitter.com\/senaiamazonas\">Twitter<\/a>| <a href=\"https:\/\/www.instagram.com\/sistemafieam\/\">Instagram<\/a>| \u00a0<a href=\"https:\/\/www.youtube.com\/user\/SENAIAmazonas\">You Tube<\/a><\/p>\n<p style=\"text-align: justify\"><strong>\u00a0\u00a0\u00a0\u00a0\u00a0\u00a0\u00a0\u00a0\u00a0\u00a0\u00a0 IEL:<\/strong> <a href=\"https:\/\/www.facebook.com\/ielamazonas\">Facebook<\/a>| <a href=\"https:\/\/twitter.com\/ielamazonas\">Twitter<\/a>| <a href=\"https:\/\/www.instagram.com\/sistemafieam\/\">Instagram<\/a>| \u00a0<a href=\"https:\/\/www.youtube.com\/user\/IELAmazonas\">You Tube<\/a><\/p>\n","protected":false},"excerpt":{"rendered":"<p>Domingo \u00e9 dia de lazer e divers\u00e3o para toda a fam\u00edlia. Pensando nisso, o SESI Amazonas vai promover neste domingo, 12 de junho, das 7h \u00e0s 11h, na faixa liberada da Ponta Negra, Mostra da Col\u00f4nia de F\u00e9rias. Durante a a\u00e7\u00e3o, ser\u00e3o realizadas atividades l\u00fadico-pedag\u00f3gicas, gincanas, circuito de lazer, oficinas e jogos recreativos para crian\u00e7as [&hellip;]<\/p>\n","protected":false},"author":1,"featured_media":8750,"comment_status":"open","ping_status":"open","sticky":false,"template":"","format":"standard","meta":{"footnotes":""},"categories":[25],"tags":[],"class_list":["post-8739","post","type-post","status-publish","format-standard","has-post-thumbnail","hentry","category-news"],"yoast_head":"<!-- This site is optimized with the Yoast SEO plugin v28.2 - https:\/\/yoast.com\/product\/yoast-seo-wordpress\/ -->\n<title>SESI promove Mostra de Col\u00f4nia de F\u00e9rias no domingo - SESI<\/title>\n<meta name=\"robots\" content=\"index, follow, max-snippet:-1, max-image-preview:large, max-video-preview:-1\" \/>\n<link rel=\"canonical\" href=\"https:\/\/fieam.org.br\/sesi\/sesi-promove-mostra-de-colonia-de-ferias-no-domingo\/\" \/>\n<meta property=\"og:locale\" content=\"pt_BR\" \/>\n<meta property=\"og:type\" content=\"article\" \/>\n<meta property=\"og:title\" content=\"SESI promove Mostra de Col\u00f4nia de F\u00e9rias no domingo - SESI\" \/>\n<meta property=\"og:description\" content=\"Domingo \u00e9 dia de lazer e divers\u00e3o para toda a fam\u00edlia. Pensando nisso, o SESI Amazonas vai promover neste domingo, 12 de junho, das 7h \u00e0s 11h, na faixa liberada da Ponta Negra, Mostra da Col\u00f4nia de F\u00e9rias. Durante a a\u00e7\u00e3o, ser\u00e3o realizadas atividades l\u00fadico-pedag\u00f3gicas, gincanas, circuito de lazer, oficinas e jogos recreativos para crian\u00e7as [&hellip;]\" \/>\n<meta property=\"og:url\" content=\"https:\/\/fieam.org.br\/sesi\/sesi-promove-mostra-de-colonia-de-ferias-no-domingo\/\" \/>\n<meta property=\"og:site_name\" content=\"SESI\" \/>\n<meta property=\"article:published_time\" content=\"2016-06-10T02:05:16+00:00\" \/>\n<meta name=\"author\" content=\"Autor\" \/>\n<meta name=\"twitter:card\" content=\"summary_large_image\" \/>\n<meta name=\"twitter:label1\" content=\"Escrito por\" \/>\n\t<meta name=\"twitter:data1\" content=\"Autor\" \/>\n\t<meta name=\"twitter:label2\" content=\"Est. tempo de leitura\" \/>\n\t<meta name=\"twitter:data2\" content=\"2 minutos\" \/>\n<script type=\"application\/ld+json\" class=\"yoast-schema-graph\">{\"@context\":\"https:\\\/\\\/schema.org\",\"@graph\":[{\"@type\":\"Article\",\"@id\":\"https:\\\/\\\/fieam.org.br\\\/sesi\\\/sesi-promove-mostra-de-colonia-de-ferias-no-domingo\\\/#article\",\"isPartOf\":{\"@id\":\"https:\\\/\\\/fieam.org.br\\\/sesi\\\/sesi-promove-mostra-de-colonia-de-ferias-no-domingo\\\/\"},\"author\":{\"name\":\"Autor\",\"@id\":\"https:\\\/\\\/fieam.org.br\\\/sesi\\\/#\\\/schema\\\/person\\\/f54998dd14d5f0695b41444f2b01c31e\"},\"headline\":\"SESI promove Mostra de Col\u00f4nia de F\u00e9rias no domingo\",\"datePublished\":\"2016-06-10T02:05:16+00:00\",\"mainEntityOfPage\":{\"@id\":\"https:\\\/\\\/fieam.org.br\\\/sesi\\\/sesi-promove-mostra-de-colonia-de-ferias-no-domingo\\\/\"},\"wordCount\":334,\"commentCount\":0,\"publisher\":{\"@id\":\"https:\\\/\\\/fieam.org.br\\\/sesi\\\/#organization\"},\"image\":{\"@id\":\"https:\\\/\\\/fieam.org.br\\\/sesi\\\/sesi-promove-mostra-de-colonia-de-ferias-no-domingo\\\/#primaryimage\"},\"thumbnailUrl\":\"\",\"articleSection\":[\"News\"],\"inLanguage\":\"pt-BR\",\"potentialAction\":[{\"@type\":\"CommentAction\",\"name\":\"Comment\",\"target\":[\"https:\\\/\\\/fieam.org.br\\\/sesi\\\/sesi-promove-mostra-de-colonia-de-ferias-no-domingo\\\/#respond\"]}]},{\"@type\":\"WebPage\",\"@id\":\"https:\\\/\\\/fieam.org.br\\\/sesi\\\/sesi-promove-mostra-de-colonia-de-ferias-no-domingo\\\/\",\"url\":\"https:\\\/\\\/fieam.org.br\\\/sesi\\\/sesi-promove-mostra-de-colonia-de-ferias-no-domingo\\\/\",\"name\":\"SESI promove Mostra de Col\u00f4nia de F\u00e9rias no domingo - SESI\",\"isPartOf\":{\"@id\":\"https:\\\/\\\/fieam.org.br\\\/sesi\\\/#website\"},\"primaryImageOfPage\":{\"@id\":\"https:\\\/\\\/fieam.org.br\\\/sesi\\\/sesi-promove-mostra-de-colonia-de-ferias-no-domingo\\\/#primaryimage\"},\"image\":{\"@id\":\"https:\\\/\\\/fieam.org.br\\\/sesi\\\/sesi-promove-mostra-de-colonia-de-ferias-no-domingo\\\/#primaryimage\"},\"thumbnailUrl\":\"\",\"datePublished\":\"2016-06-10T02:05:16+00:00\",\"breadcrumb\":{\"@id\":\"https:\\\/\\\/fieam.org.br\\\/sesi\\\/sesi-promove-mostra-de-colonia-de-ferias-no-domingo\\\/#breadcrumb\"},\"inLanguage\":\"pt-BR\",\"potentialAction\":[{\"@type\":\"ReadAction\",\"target\":[\"https:\\\/\\\/fieam.org.br\\\/sesi\\\/sesi-promove-mostra-de-colonia-de-ferias-no-domingo\\\/\"]}]},{\"@type\":\"ImageObject\",\"inLanguage\":\"pt-BR\",\"@id\":\"https:\\\/\\\/fieam.org.br\\\/sesi\\\/sesi-promove-mostra-de-colonia-de-ferias-no-domingo\\\/#primaryimage\",\"url\":\"\",\"contentUrl\":\"\"},{\"@type\":\"BreadcrumbList\",\"@id\":\"https:\\\/\\\/fieam.org.br\\\/sesi\\\/sesi-promove-mostra-de-colonia-de-ferias-no-domingo\\\/#breadcrumb\",\"itemListElement\":[{\"@type\":\"ListItem\",\"position\":1,\"name\":\"In\u00edcio\",\"item\":\"https:\\\/\\\/fieam.org.br\\\/sesi\\\/\"},{\"@type\":\"ListItem\",\"position\":2,\"name\":\"SESI promove Mostra de Col\u00f4nia de F\u00e9rias no domingo\"}]},{\"@type\":\"WebSite\",\"@id\":\"https:\\\/\\\/fieam.org.br\\\/sesi\\\/#website\",\"url\":\"https:\\\/\\\/fieam.org.br\\\/sesi\\\/\",\"name\":\"SESI\",\"description\":\"Site Oficial!\",\"publisher\":{\"@id\":\"https:\\\/\\\/fieam.org.br\\\/sesi\\\/#organization\"},\"potentialAction\":[{\"@type\":\"SearchAction\",\"target\":{\"@type\":\"EntryPoint\",\"urlTemplate\":\"https:\\\/\\\/fieam.org.br\\\/sesi\\\/?s={search_term_string}\"},\"query-input\":{\"@type\":\"PropertyValueSpecification\",\"valueRequired\":true,\"valueName\":\"search_term_string\"}}],\"inLanguage\":\"pt-BR\"},{\"@type\":\"Organization\",\"@id\":\"https:\\\/\\\/fieam.org.br\\\/sesi\\\/#organization\",\"name\":\"SESI\",\"url\":\"https:\\\/\\\/fieam.org.br\\\/sesi\\\/\",\"logo\":{\"@type\":\"ImageObject\",\"inLanguage\":\"pt-BR\",\"@id\":\"https:\\\/\\\/fieam.org.br\\\/sesi\\\/#\\\/schema\\\/logo\\\/image\\\/\",\"url\":\"https:\\\/\\\/fieam.org.br\\\/sesi\\\/wp-content\\\/uploads\\\/sites\\\/14\\\/2024\\\/03\\\/cropped-fav.png\",\"contentUrl\":\"https:\\\/\\\/fieam.org.br\\\/sesi\\\/wp-content\\\/uploads\\\/sites\\\/14\\\/2024\\\/03\\\/cropped-fav.png\",\"width\":610,\"height\":589,\"caption\":\"SESI\"},\"image\":{\"@id\":\"https:\\\/\\\/fieam.org.br\\\/sesi\\\/#\\\/schema\\\/logo\\\/image\\\/\"}},{\"@type\":\"Person\",\"@id\":\"https:\\\/\\\/fieam.org.br\\\/sesi\\\/#\\\/schema\\\/person\\\/f54998dd14d5f0695b41444f2b01c31e\",\"name\":\"Autor\",\"image\":{\"@type\":\"ImageObject\",\"inLanguage\":\"pt-BR\",\"@id\":\"https:\\\/\\\/secure.gravatar.com\\\/avatar\\\/3732c223e0e1fad69062a8f770955c9068d37b055204f310a0be18d4069fe380?s=96&d=mm&r=g\",\"url\":\"https:\\\/\\\/secure.gravatar.com\\\/avatar\\\/3732c223e0e1fad69062a8f770955c9068d37b055204f310a0be18d4069fe380?s=96&d=mm&r=g\",\"contentUrl\":\"https:\\\/\\\/secure.gravatar.com\\\/avatar\\\/3732c223e0e1fad69062a8f770955c9068d37b055204f310a0be18d4069fe380?s=96&d=mm&r=g\",\"caption\":\"Autor\"},\"sameAs\":[\"https:\\\/\\\/marketingmassivo.com.br\"],\"url\":\"https:\\\/\\\/fieam.org.br\\\/sesi\\\/author\\\/admin\\\/\"}]}<\/script>\n<!-- \/ Yoast SEO plugin. -->","yoast_head_json":{"title":"SESI promove Mostra de Col\u00f4nia de F\u00e9rias no domingo - SESI","robots":{"index":"index","follow":"follow","max-snippet":"max-snippet:-1","max-image-preview":"max-image-preview:large","max-video-preview":"max-video-preview:-1"},"canonical":"https:\/\/fieam.org.br\/sesi\/sesi-promove-mostra-de-colonia-de-ferias-no-domingo\/","og_locale":"pt_BR","og_type":"article","og_title":"SESI promove Mostra de Col\u00f4nia de F\u00e9rias no domingo - SESI","og_description":"Domingo \u00e9 dia de lazer e divers\u00e3o para toda a fam\u00edlia. Pensando nisso, o SESI Amazonas vai promover neste domingo, 12 de junho, das 7h \u00e0s 11h, na faixa liberada da Ponta Negra, Mostra da Col\u00f4nia de F\u00e9rias. Durante a a\u00e7\u00e3o, ser\u00e3o realizadas atividades l\u00fadico-pedag\u00f3gicas, gincanas, circuito de lazer, oficinas e jogos recreativos para crian\u00e7as [&hellip;]","og_url":"https:\/\/fieam.org.br\/sesi\/sesi-promove-mostra-de-colonia-de-ferias-no-domingo\/","og_site_name":"SESI","article_published_time":"2016-06-10T02:05:16+00:00","author":"Autor","twitter_card":"summary_large_image","twitter_misc":{"Escrito por":"Autor","Est. tempo de leitura":"2 minutos"},"schema":{"@context":"https:\/\/schema.org","@graph":[{"@type":"Article","@id":"https:\/\/fieam.org.br\/sesi\/sesi-promove-mostra-de-colonia-de-ferias-no-domingo\/#article","isPartOf":{"@id":"https:\/\/fieam.org.br\/sesi\/sesi-promove-mostra-de-colonia-de-ferias-no-domingo\/"},"author":{"name":"Autor","@id":"https:\/\/fieam.org.br\/sesi\/#\/schema\/person\/f54998dd14d5f0695b41444f2b01c31e"},"headline":"SESI promove Mostra de Col\u00f4nia de F\u00e9rias no domingo","datePublished":"2016-06-10T02:05:16+00:00","mainEntityOfPage":{"@id":"https:\/\/fieam.org.br\/sesi\/sesi-promove-mostra-de-colonia-de-ferias-no-domingo\/"},"wordCount":334,"commentCount":0,"publisher":{"@id":"https:\/\/fieam.org.br\/sesi\/#organization"},"image":{"@id":"https:\/\/fieam.org.br\/sesi\/sesi-promove-mostra-de-colonia-de-ferias-no-domingo\/#primaryimage"},"thumbnailUrl":"","articleSection":["News"],"inLanguage":"pt-BR","potentialAction":[{"@type":"CommentAction","name":"Comment","target":["https:\/\/fieam.org.br\/sesi\/sesi-promove-mostra-de-colonia-de-ferias-no-domingo\/#respond"]}]},{"@type":"WebPage","@id":"https:\/\/fieam.org.br\/sesi\/sesi-promove-mostra-de-colonia-de-ferias-no-domingo\/","url":"https:\/\/fieam.org.br\/sesi\/sesi-promove-mostra-de-colonia-de-ferias-no-domingo\/","name":"SESI promove Mostra de Col\u00f4nia de F\u00e9rias no domingo - SESI","isPartOf":{"@id":"https:\/\/fieam.org.br\/sesi\/#website"},"primaryImageOfPage":{"@id":"https:\/\/fieam.org.br\/sesi\/sesi-promove-mostra-de-colonia-de-ferias-no-domingo\/#primaryimage"},"image":{"@id":"https:\/\/fieam.org.br\/sesi\/sesi-promove-mostra-de-colonia-de-ferias-no-domingo\/#primaryimage"},"thumbnailUrl":"","datePublished":"2016-06-10T02:05:16+00:00","breadcrumb":{"@id":"https:\/\/fieam.org.br\/sesi\/sesi-promove-mostra-de-colonia-de-ferias-no-domingo\/#breadcrumb"},"inLanguage":"pt-BR","potentialAction":[{"@type":"ReadAction","target":["https:\/\/fieam.org.br\/sesi\/sesi-promove-mostra-de-colonia-de-ferias-no-domingo\/"]}]},{"@type":"ImageObject","inLanguage":"pt-BR","@id":"https:\/\/fieam.org.br\/sesi\/sesi-promove-mostra-de-colonia-de-ferias-no-domingo\/#primaryimage","url":"","contentUrl":""},{"@type":"BreadcrumbList","@id":"https:\/\/fieam.org.br\/sesi\/sesi-promove-mostra-de-colonia-de-ferias-no-domingo\/#breadcrumb","itemListElement":[{"@type":"ListItem","position":1,"name":"In\u00edcio","item":"https:\/\/fieam.org.br\/sesi\/"},{"@type":"ListItem","position":2,"name":"SESI promove Mostra de Col\u00f4nia de F\u00e9rias no domingo"}]},{"@type":"WebSite","@id":"https:\/\/fieam.org.br\/sesi\/#website","url":"https:\/\/fieam.org.br\/sesi\/","name":"SESI","description":"Site Oficial!","publisher":{"@id":"https:\/\/fieam.org.br\/sesi\/#organization"},"potentialAction":[{"@type":"SearchAction","target":{"@type":"EntryPoint","urlTemplate":"https:\/\/fieam.org.br\/sesi\/?s={search_term_string}"},"query-input":{"@type":"PropertyValueSpecification","valueRequired":true,"valueName":"search_term_string"}}],"inLanguage":"pt-BR"},{"@type":"Organization","@id":"https:\/\/fieam.org.br\/sesi\/#organization","name":"SESI","url":"https:\/\/fieam.org.br\/sesi\/","logo":{"@type":"ImageObject","inLanguage":"pt-BR","@id":"https:\/\/fieam.org.br\/sesi\/#\/schema\/logo\/image\/","url":"https:\/\/fieam.org.br\/sesi\/wp-content\/uploads\/sites\/14\/2024\/03\/cropped-fav.png","contentUrl":"https:\/\/fieam.org.br\/sesi\/wp-content\/uploads\/sites\/14\/2024\/03\/cropped-fav.png","width":610,"height":589,"caption":"SESI"},"image":{"@id":"https:\/\/fieam.org.br\/sesi\/#\/schema\/logo\/image\/"}},{"@type":"Person","@id":"https:\/\/fieam.org.br\/sesi\/#\/schema\/person\/f54998dd14d5f0695b41444f2b01c31e","name":"Autor","image":{"@type":"ImageObject","inLanguage":"pt-BR","@id":"https:\/\/secure.gravatar.com\/avatar\/3732c223e0e1fad69062a8f770955c9068d37b055204f310a0be18d4069fe380?s=96&d=mm&r=g","url":"https:\/\/secure.gravatar.com\/avatar\/3732c223e0e1fad69062a8f770955c9068d37b055204f310a0be18d4069fe380?s=96&d=mm&r=g","contentUrl":"https:\/\/secure.gravatar.com\/avatar\/3732c223e0e1fad69062a8f770955c9068d37b055204f310a0be18d4069fe380?s=96&d=mm&r=g","caption":"Autor"},"sameAs":["https:\/\/marketingmassivo.com.br"],"url":"https:\/\/fieam.org.br\/sesi\/author\/admin\/"}]}},"_links":{"self":[{"href":"https:\/\/fieam.org.br\/sesi\/wp-json\/wp\/v2\/posts\/8739","targetHints":{"allow":["GET"]}}],"collection":[{"href":"https:\/\/fieam.org.br\/sesi\/wp-json\/wp\/v2\/posts"}],"about":[{"href":"https:\/\/fieam.org.br\/sesi\/wp-json\/wp\/v2\/types\/post"}],"author":[{"embeddable":true,"href":"https:\/\/fieam.org.br\/sesi\/wp-json\/wp\/v2\/users\/1"}],"replies":[{"embeddable":true,"href":"https:\/\/fieam.org.br\/sesi\/wp-json\/wp\/v2\/comments?post=8739"}],"version-history":[{"count":0,"href":"https:\/\/fieam.org.br\/sesi\/wp-json\/wp\/v2\/posts\/8739\/revisions"}],"wp:attachment":[{"href":"https:\/\/fieam.org.br\/sesi\/wp-json\/wp\/v2\/media?parent=8739"}],"wp:term":[{"taxonomy":"category","embeddable":true,"href":"https:\/\/fieam.org.br\/sesi\/wp-json\/wp\/v2\/categories?post=8739"},{"taxonomy":"post_tag","embeddable":true,"href":"https:\/\/fieam.org.br\/sesi\/wp-json\/wp\/v2\/tags?post=8739"}],"curies":[{"name":"wp","href":"https:\/\/api.w.org\/{rel}","templated":true}]}}