{"id":8662,"date":"2016-05-30T17:34:34","date_gmt":"2016-05-30T21:34:34","guid":{"rendered":"http:\/\/www.fieam.org.br\/2015\/sesi\/?p=8662"},"modified":"2016-05-30T17:34:34","modified_gmt":"2016-05-30T21:34:34","slug":"desfile-de-alunos-do-sesi-marcam-dia-da-industria","status":"publish","type":"post","link":"https:\/\/fieam.org.br\/sesi\/desfile-de-alunos-do-sesi-marcam-dia-da-industria\/","title":{"rendered":"Desfile de alunos do SESI marca o Dia da Ind\u00fastria"},"content":{"rendered":"<figure id=\"attachment_8663\" aria-describedby=\"caption-attachment-8663\" style=\"width: 306px\" class=\"wp-caption alignleft\"><a href=\"http:\/\/www.fieam.org.br\/2015\/sesi\/wp-content\/uploads\/sites\/2\/2016\/05\/Cerca-de-800-alunos-participaram-do-desfile-em-homenagem-ao-Dia-da-Ind\u00fastria.jpg\"><img fetchpriority=\"high\" decoding=\"async\" class=\" wp-image-8663\" src=\"http:\/\/www.fieam.org.br\/2015\/sesi\/wp-content\/uploads\/sites\/2\/2016\/05\/Cerca-de-800-alunos-participaram-do-desfile-em-homenagem-ao-Dia-da-Ind\u00fastria-1024x683.jpg\" alt=\"Cerca de 800 alunos participaram do desfile em homenagem ao Dia da Ind\u00fastria\" width=\"306\" height=\"204\" \/><\/a><figcaption id=\"caption-attachment-8663\" class=\"wp-caption-text\">Cerca de 800 alunos participaram do desfile em homenagem ao Dia da Ind\u00fastria<\/figcaption><\/figure>\n<p>Oitocentas crian\u00e7as alunas, de Educa\u00e7\u00e3o Infantil, da Escola SESI Dr. Francisco Garcia, deram um show de civismo no dia 25, data em que se comemora a ind\u00fastria, no desfile realizado no p\u00e1tio externo da escola.<\/p>\n<p>V\u00e1rios pelot\u00f5es de alunos desfilaram caracterizados com uniformes utilizados no dia a dia por trabalhadores das empresas do Polo Industrial de Manaus (PIM), como Moto Honda, Honda Lock, Yamaha, Procomp, Copag, P&amp;G e LG.<\/p>\n<p>Nas comemora\u00e7\u00f5es n\u00e3o faltou o hasteamento das bandeiras do Brasil, Amazonas e SESI, com execu\u00e7\u00e3o do Hino Nacional pela Banda do Corpo de Fuzileiros Navais da Marinha do Brasil, e ainda a exposi\u00e7\u00e3o de produtos fabricados por empresa, como, Moto Honda e Copag.<\/p>\n<p>A gerente da Escola Francisco Garcia, Acilda Santos, disse que tanto os alunos quanto as empresas e as fam\u00edlias entenderam a proposta diferenciada do SESI de fazer educa\u00e7\u00e3o, ressaltando que a creche n\u00e3o \u00e9 espa\u00e7o apenas para guardar \u00e0s crian\u00e7as, mas, sobretudo, para educar os alunos, e t\u00eam contribu\u00eddo muito para melhor aprendizado.<\/p>\n<p>De acordo com a gerente, o trabalho realizado na escola permite que as crian\u00e7as melhorem a cada dia, ampliando o conhecimento, participando e interagindo.\u00a0 Segundo Santos, a programa\u00e7\u00e3o da Semana da Ind\u00fastria foi oportunidade para oficinas e exposi\u00e7\u00f5es sobre a Ind\u00fastria e tamb\u00e9m para os representantes de empresas conhecerem mais o trabalhado desenvolvido pela Escola, al\u00e9m de estimular nos alunos o interesse para a import\u00e2ncia das empresas industriais para o Amazonas.<\/p>\n<p>A Escola Francisco Garcia beneficia 1,8 mil alunos com Ensino de Educa\u00e7\u00e3o Infantil, dos quis 95% s\u00e3o filhos de trabalhadores de empresas do Polo Industrial de Manaus.<\/p>\n<p>A assistente social da Yamaha, Karine Nascimento, que participou do evento, disse que o ensino proporcionado pela Escola SESI Dr. Francisco Garcia \u00e9 de qualidade e conta com boa infraestrutura.<\/p>\n<p>De acordo com Nascimento, 110 dependentes de trabalhadores da Yamaha s\u00e3o\u00a0 beneficiados com o ensino oferecido pela escola Francisco Garcia.<\/p>\n<p>&nbsp;<\/p>\n<p>[nggallery id=9]<\/p>\n<p>&nbsp;<\/p>\n<p><strong>\u00a0 \u00a0\u00a0\u00a0\u00a0\u00a0\u00a0\u00a0\u00a0\u00a0\u00a0\u00a0ATENDIMENTO \u00c0 IMPRENSA<\/strong><\/p>\n<p>&nbsp;<\/p>\n<p><strong>Diretoria de Comunica\u00e7\u00e3o e Marketing do Sistema FIEAM<\/strong><\/p>\n<p>Tel: (92) 3186-6576 Fax: (92) 3186-6579<\/p>\n<p>E-mail: <a href=\"mailto:imprensa@fieam.org.br\">imprensa@fieam.org.br<\/a><\/p>\n<p>Portal: <a href=\"http:\/\/www.fieam.org.br\/\">http:\/\/www.fieam.org.br<\/a><\/p>\n<p><strong>\u00a0\u00a0\u00a0\u00a0\u00a0\u00a0\u00a0\u00a0\u00a0\u00a0\u00a0 Sistema FIEAM nas redes sociais<\/strong><\/p>\n<p><strong>\u00a0\u00a0\u00a0\u00a0\u00a0\u00a0\u00a0\u00a0\u00a0\u00a0\u00a0 FIEAM:<\/strong> <a href=\"https:\/\/www.facebook.com\/fieamoficial\">Facebook<\/a>| <a href=\"https:\/\/twitter.com\/fieam\">Twitter<\/a>| <a href=\"https:\/\/www.instagram.com\/sistemafieam\/\">Instagram<\/a>| \u00a0<a href=\"https:\/\/www.youtube.com\/user\/FIEAM\">You Tube<\/a><\/p>\n<p><strong>\u00a0\u00a0\u00a0\u00a0\u00a0\u00a0\u00a0\u00a0\u00a0\u00a0\u00a0 <\/strong><strong>SESI:<\/strong> <a href=\"https:\/\/www.facebook.com\/sesiamazonas\">Facebook<\/a>| <a href=\"https:\/\/twitter.com\/sesiamazonas\">Twitter<\/a>| <a href=\"https:\/\/www.instagram.com\/sistemafieam\/\">Instagram<\/a>| \u00a0<a href=\"https:\/\/www.youtube.com\/user\/SESIAmazonas\">You Tube<\/a><\/p>\n<p><strong>\u00a0\u00a0\u00a0\u00a0\u00a0\u00a0\u00a0\u00a0\u00a0\u00a0\u00a0 SENAI:<\/strong> <a href=\"https:\/\/www.facebook.com\/senaiamazonas\">Facebook<\/a>| <a href=\"https:\/\/twitter.com\/senaiamazonas\">Twitter<\/a>| <a href=\"https:\/\/www.instagram.com\/sistemafieam\/\">Instagram<\/a>| \u00a0<a href=\"https:\/\/www.youtube.com\/user\/SENAIAmazonas\">You Tube<\/a><\/p>\n<p><strong>\u00a0\u00a0\u00a0\u00a0\u00a0\u00a0\u00a0\u00a0\u00a0\u00a0\u00a0 IEL:<\/strong> <a href=\"https:\/\/www.facebook.com\/ielamazonas\">Facebook<\/a>| <a href=\"https:\/\/twitter.com\/ielamazonas\">Twitter<\/a>| <a href=\"https:\/\/www.instagram.com\/sistemafieam\/\">Instagram<\/a>| \u00a0<a href=\"https:\/\/www.youtube.com\/user\/IELAmazonas\">You Tube<\/a><\/p>\n","protected":false},"excerpt":{"rendered":"<p>Oitocentas crian\u00e7as alunas, de Educa\u00e7\u00e3o Infantil, da Escola SESI Dr. Francisco Garcia, deram um show de civismo no dia 25, data em que se comemora a ind\u00fastria, no desfile realizado no p\u00e1tio externo da escola. V\u00e1rios pelot\u00f5es de alunos desfilaram caracterizados com uniformes utilizados no dia a dia por trabalhadores das empresas do Polo Industrial [&hellip;]<\/p>\n","protected":false},"author":1,"featured_media":8663,"comment_status":"open","ping_status":"open","sticky":false,"template":"","format":"standard","meta":{"footnotes":""},"categories":[25],"tags":[],"class_list":["post-8662","post","type-post","status-publish","format-standard","has-post-thumbnail","hentry","category-news"],"yoast_head":"<!-- This site is optimized with the Yoast SEO plugin v28.2 - https:\/\/yoast.com\/product\/yoast-seo-wordpress\/ -->\n<title>Desfile de alunos do SESI marca o Dia da Ind\u00fastria - SESI<\/title>\n<meta name=\"robots\" content=\"index, follow, max-snippet:-1, max-image-preview:large, max-video-preview:-1\" \/>\n<link rel=\"canonical\" href=\"https:\/\/fieam.org.br\/sesi\/desfile-de-alunos-do-sesi-marcam-dia-da-industria\/\" \/>\n<meta property=\"og:locale\" content=\"pt_BR\" \/>\n<meta property=\"og:type\" content=\"article\" \/>\n<meta property=\"og:title\" content=\"Desfile de alunos do SESI marca o Dia da Ind\u00fastria - SESI\" \/>\n<meta property=\"og:description\" content=\"Oitocentas crian\u00e7as alunas, de Educa\u00e7\u00e3o Infantil, da Escola SESI Dr. Francisco Garcia, deram um show de civismo no dia 25, data em que se comemora a ind\u00fastria, no desfile realizado no p\u00e1tio externo da escola. V\u00e1rios pelot\u00f5es de alunos desfilaram caracterizados com uniformes utilizados no dia a dia por trabalhadores das empresas do Polo Industrial [&hellip;]\" \/>\n<meta property=\"og:url\" content=\"https:\/\/fieam.org.br\/sesi\/desfile-de-alunos-do-sesi-marcam-dia-da-industria\/\" \/>\n<meta property=\"og:site_name\" content=\"SESI\" \/>\n<meta property=\"article:published_time\" content=\"2016-05-30T21:34:34+00:00\" \/>\n<meta name=\"author\" content=\"Autor\" \/>\n<meta name=\"twitter:card\" content=\"summary_large_image\" \/>\n<meta name=\"twitter:label1\" content=\"Escrito por\" \/>\n\t<meta name=\"twitter:data1\" content=\"Autor\" \/>\n\t<meta name=\"twitter:label2\" content=\"Est. tempo de leitura\" \/>\n\t<meta name=\"twitter:data2\" content=\"2 minutos\" \/>\n<script type=\"application\/ld+json\" class=\"yoast-schema-graph\">{\"@context\":\"https:\\\/\\\/schema.org\",\"@graph\":[{\"@type\":\"Article\",\"@id\":\"https:\\\/\\\/fieam.org.br\\\/sesi\\\/desfile-de-alunos-do-sesi-marcam-dia-da-industria\\\/#article\",\"isPartOf\":{\"@id\":\"https:\\\/\\\/fieam.org.br\\\/sesi\\\/desfile-de-alunos-do-sesi-marcam-dia-da-industria\\\/\"},\"author\":{\"name\":\"Autor\",\"@id\":\"https:\\\/\\\/fieam.org.br\\\/sesi\\\/#\\\/schema\\\/person\\\/f54998dd14d5f0695b41444f2b01c31e\"},\"headline\":\"Desfile de alunos do SESI marca o Dia da Ind\u00fastria\",\"datePublished\":\"2016-05-30T21:34:34+00:00\",\"mainEntityOfPage\":{\"@id\":\"https:\\\/\\\/fieam.org.br\\\/sesi\\\/desfile-de-alunos-do-sesi-marcam-dia-da-industria\\\/\"},\"wordCount\":428,\"commentCount\":0,\"publisher\":{\"@id\":\"https:\\\/\\\/fieam.org.br\\\/sesi\\\/#organization\"},\"image\":{\"@id\":\"https:\\\/\\\/fieam.org.br\\\/sesi\\\/desfile-de-alunos-do-sesi-marcam-dia-da-industria\\\/#primaryimage\"},\"thumbnailUrl\":\"\",\"articleSection\":[\"News\"],\"inLanguage\":\"pt-BR\",\"potentialAction\":[{\"@type\":\"CommentAction\",\"name\":\"Comment\",\"target\":[\"https:\\\/\\\/fieam.org.br\\\/sesi\\\/desfile-de-alunos-do-sesi-marcam-dia-da-industria\\\/#respond\"]}]},{\"@type\":\"WebPage\",\"@id\":\"https:\\\/\\\/fieam.org.br\\\/sesi\\\/desfile-de-alunos-do-sesi-marcam-dia-da-industria\\\/\",\"url\":\"https:\\\/\\\/fieam.org.br\\\/sesi\\\/desfile-de-alunos-do-sesi-marcam-dia-da-industria\\\/\",\"name\":\"Desfile de alunos do SESI marca o Dia da Ind\u00fastria - SESI\",\"isPartOf\":{\"@id\":\"https:\\\/\\\/fieam.org.br\\\/sesi\\\/#website\"},\"primaryImageOfPage\":{\"@id\":\"https:\\\/\\\/fieam.org.br\\\/sesi\\\/desfile-de-alunos-do-sesi-marcam-dia-da-industria\\\/#primaryimage\"},\"image\":{\"@id\":\"https:\\\/\\\/fieam.org.br\\\/sesi\\\/desfile-de-alunos-do-sesi-marcam-dia-da-industria\\\/#primaryimage\"},\"thumbnailUrl\":\"\",\"datePublished\":\"2016-05-30T21:34:34+00:00\",\"breadcrumb\":{\"@id\":\"https:\\\/\\\/fieam.org.br\\\/sesi\\\/desfile-de-alunos-do-sesi-marcam-dia-da-industria\\\/#breadcrumb\"},\"inLanguage\":\"pt-BR\",\"potentialAction\":[{\"@type\":\"ReadAction\",\"target\":[\"https:\\\/\\\/fieam.org.br\\\/sesi\\\/desfile-de-alunos-do-sesi-marcam-dia-da-industria\\\/\"]}]},{\"@type\":\"ImageObject\",\"inLanguage\":\"pt-BR\",\"@id\":\"https:\\\/\\\/fieam.org.br\\\/sesi\\\/desfile-de-alunos-do-sesi-marcam-dia-da-industria\\\/#primaryimage\",\"url\":\"\",\"contentUrl\":\"\"},{\"@type\":\"BreadcrumbList\",\"@id\":\"https:\\\/\\\/fieam.org.br\\\/sesi\\\/desfile-de-alunos-do-sesi-marcam-dia-da-industria\\\/#breadcrumb\",\"itemListElement\":[{\"@type\":\"ListItem\",\"position\":1,\"name\":\"In\u00edcio\",\"item\":\"https:\\\/\\\/fieam.org.br\\\/sesi\\\/\"},{\"@type\":\"ListItem\",\"position\":2,\"name\":\"Desfile de alunos do SESI marca o Dia da Ind\u00fastria\"}]},{\"@type\":\"WebSite\",\"@id\":\"https:\\\/\\\/fieam.org.br\\\/sesi\\\/#website\",\"url\":\"https:\\\/\\\/fieam.org.br\\\/sesi\\\/\",\"name\":\"SESI\",\"description\":\"Site Oficial!\",\"publisher\":{\"@id\":\"https:\\\/\\\/fieam.org.br\\\/sesi\\\/#organization\"},\"potentialAction\":[{\"@type\":\"SearchAction\",\"target\":{\"@type\":\"EntryPoint\",\"urlTemplate\":\"https:\\\/\\\/fieam.org.br\\\/sesi\\\/?s={search_term_string}\"},\"query-input\":{\"@type\":\"PropertyValueSpecification\",\"valueRequired\":true,\"valueName\":\"search_term_string\"}}],\"inLanguage\":\"pt-BR\"},{\"@type\":\"Organization\",\"@id\":\"https:\\\/\\\/fieam.org.br\\\/sesi\\\/#organization\",\"name\":\"SESI\",\"url\":\"https:\\\/\\\/fieam.org.br\\\/sesi\\\/\",\"logo\":{\"@type\":\"ImageObject\",\"inLanguage\":\"pt-BR\",\"@id\":\"https:\\\/\\\/fieam.org.br\\\/sesi\\\/#\\\/schema\\\/logo\\\/image\\\/\",\"url\":\"https:\\\/\\\/fieam.org.br\\\/sesi\\\/wp-content\\\/uploads\\\/sites\\\/14\\\/2024\\\/03\\\/cropped-fav.png\",\"contentUrl\":\"https:\\\/\\\/fieam.org.br\\\/sesi\\\/wp-content\\\/uploads\\\/sites\\\/14\\\/2024\\\/03\\\/cropped-fav.png\",\"width\":610,\"height\":589,\"caption\":\"SESI\"},\"image\":{\"@id\":\"https:\\\/\\\/fieam.org.br\\\/sesi\\\/#\\\/schema\\\/logo\\\/image\\\/\"}},{\"@type\":\"Person\",\"@id\":\"https:\\\/\\\/fieam.org.br\\\/sesi\\\/#\\\/schema\\\/person\\\/f54998dd14d5f0695b41444f2b01c31e\",\"name\":\"Autor\",\"image\":{\"@type\":\"ImageObject\",\"inLanguage\":\"pt-BR\",\"@id\":\"https:\\\/\\\/secure.gravatar.com\\\/avatar\\\/3732c223e0e1fad69062a8f770955c9068d37b055204f310a0be18d4069fe380?s=96&d=mm&r=g\",\"url\":\"https:\\\/\\\/secure.gravatar.com\\\/avatar\\\/3732c223e0e1fad69062a8f770955c9068d37b055204f310a0be18d4069fe380?s=96&d=mm&r=g\",\"contentUrl\":\"https:\\\/\\\/secure.gravatar.com\\\/avatar\\\/3732c223e0e1fad69062a8f770955c9068d37b055204f310a0be18d4069fe380?s=96&d=mm&r=g\",\"caption\":\"Autor\"},\"sameAs\":[\"https:\\\/\\\/marketingmassivo.com.br\"],\"url\":\"https:\\\/\\\/fieam.org.br\\\/sesi\\\/author\\\/admin\\\/\"}]}<\/script>\n<!-- \/ Yoast SEO plugin. -->","yoast_head_json":{"title":"Desfile de alunos do SESI marca o Dia da Ind\u00fastria - SESI","robots":{"index":"index","follow":"follow","max-snippet":"max-snippet:-1","max-image-preview":"max-image-preview:large","max-video-preview":"max-video-preview:-1"},"canonical":"https:\/\/fieam.org.br\/sesi\/desfile-de-alunos-do-sesi-marcam-dia-da-industria\/","og_locale":"pt_BR","og_type":"article","og_title":"Desfile de alunos do SESI marca o Dia da Ind\u00fastria - SESI","og_description":"Oitocentas crian\u00e7as alunas, de Educa\u00e7\u00e3o Infantil, da Escola SESI Dr. Francisco Garcia, deram um show de civismo no dia 25, data em que se comemora a ind\u00fastria, no desfile realizado no p\u00e1tio externo da escola. V\u00e1rios pelot\u00f5es de alunos desfilaram caracterizados com uniformes utilizados no dia a dia por trabalhadores das empresas do Polo Industrial [&hellip;]","og_url":"https:\/\/fieam.org.br\/sesi\/desfile-de-alunos-do-sesi-marcam-dia-da-industria\/","og_site_name":"SESI","article_published_time":"2016-05-30T21:34:34+00:00","author":"Autor","twitter_card":"summary_large_image","twitter_misc":{"Escrito por":"Autor","Est. tempo de leitura":"2 minutos"},"schema":{"@context":"https:\/\/schema.org","@graph":[{"@type":"Article","@id":"https:\/\/fieam.org.br\/sesi\/desfile-de-alunos-do-sesi-marcam-dia-da-industria\/#article","isPartOf":{"@id":"https:\/\/fieam.org.br\/sesi\/desfile-de-alunos-do-sesi-marcam-dia-da-industria\/"},"author":{"name":"Autor","@id":"https:\/\/fieam.org.br\/sesi\/#\/schema\/person\/f54998dd14d5f0695b41444f2b01c31e"},"headline":"Desfile de alunos do SESI marca o Dia da Ind\u00fastria","datePublished":"2016-05-30T21:34:34+00:00","mainEntityOfPage":{"@id":"https:\/\/fieam.org.br\/sesi\/desfile-de-alunos-do-sesi-marcam-dia-da-industria\/"},"wordCount":428,"commentCount":0,"publisher":{"@id":"https:\/\/fieam.org.br\/sesi\/#organization"},"image":{"@id":"https:\/\/fieam.org.br\/sesi\/desfile-de-alunos-do-sesi-marcam-dia-da-industria\/#primaryimage"},"thumbnailUrl":"","articleSection":["News"],"inLanguage":"pt-BR","potentialAction":[{"@type":"CommentAction","name":"Comment","target":["https:\/\/fieam.org.br\/sesi\/desfile-de-alunos-do-sesi-marcam-dia-da-industria\/#respond"]}]},{"@type":"WebPage","@id":"https:\/\/fieam.org.br\/sesi\/desfile-de-alunos-do-sesi-marcam-dia-da-industria\/","url":"https:\/\/fieam.org.br\/sesi\/desfile-de-alunos-do-sesi-marcam-dia-da-industria\/","name":"Desfile de alunos do SESI marca o Dia da Ind\u00fastria - SESI","isPartOf":{"@id":"https:\/\/fieam.org.br\/sesi\/#website"},"primaryImageOfPage":{"@id":"https:\/\/fieam.org.br\/sesi\/desfile-de-alunos-do-sesi-marcam-dia-da-industria\/#primaryimage"},"image":{"@id":"https:\/\/fieam.org.br\/sesi\/desfile-de-alunos-do-sesi-marcam-dia-da-industria\/#primaryimage"},"thumbnailUrl":"","datePublished":"2016-05-30T21:34:34+00:00","breadcrumb":{"@id":"https:\/\/fieam.org.br\/sesi\/desfile-de-alunos-do-sesi-marcam-dia-da-industria\/#breadcrumb"},"inLanguage":"pt-BR","potentialAction":[{"@type":"ReadAction","target":["https:\/\/fieam.org.br\/sesi\/desfile-de-alunos-do-sesi-marcam-dia-da-industria\/"]}]},{"@type":"ImageObject","inLanguage":"pt-BR","@id":"https:\/\/fieam.org.br\/sesi\/desfile-de-alunos-do-sesi-marcam-dia-da-industria\/#primaryimage","url":"","contentUrl":""},{"@type":"BreadcrumbList","@id":"https:\/\/fieam.org.br\/sesi\/desfile-de-alunos-do-sesi-marcam-dia-da-industria\/#breadcrumb","itemListElement":[{"@type":"ListItem","position":1,"name":"In\u00edcio","item":"https:\/\/fieam.org.br\/sesi\/"},{"@type":"ListItem","position":2,"name":"Desfile de alunos do SESI marca o Dia da Ind\u00fastria"}]},{"@type":"WebSite","@id":"https:\/\/fieam.org.br\/sesi\/#website","url":"https:\/\/fieam.org.br\/sesi\/","name":"SESI","description":"Site Oficial!","publisher":{"@id":"https:\/\/fieam.org.br\/sesi\/#organization"},"potentialAction":[{"@type":"SearchAction","target":{"@type":"EntryPoint","urlTemplate":"https:\/\/fieam.org.br\/sesi\/?s={search_term_string}"},"query-input":{"@type":"PropertyValueSpecification","valueRequired":true,"valueName":"search_term_string"}}],"inLanguage":"pt-BR"},{"@type":"Organization","@id":"https:\/\/fieam.org.br\/sesi\/#organization","name":"SESI","url":"https:\/\/fieam.org.br\/sesi\/","logo":{"@type":"ImageObject","inLanguage":"pt-BR","@id":"https:\/\/fieam.org.br\/sesi\/#\/schema\/logo\/image\/","url":"https:\/\/fieam.org.br\/sesi\/wp-content\/uploads\/sites\/14\/2024\/03\/cropped-fav.png","contentUrl":"https:\/\/fieam.org.br\/sesi\/wp-content\/uploads\/sites\/14\/2024\/03\/cropped-fav.png","width":610,"height":589,"caption":"SESI"},"image":{"@id":"https:\/\/fieam.org.br\/sesi\/#\/schema\/logo\/image\/"}},{"@type":"Person","@id":"https:\/\/fieam.org.br\/sesi\/#\/schema\/person\/f54998dd14d5f0695b41444f2b01c31e","name":"Autor","image":{"@type":"ImageObject","inLanguage":"pt-BR","@id":"https:\/\/secure.gravatar.com\/avatar\/3732c223e0e1fad69062a8f770955c9068d37b055204f310a0be18d4069fe380?s=96&d=mm&r=g","url":"https:\/\/secure.gravatar.com\/avatar\/3732c223e0e1fad69062a8f770955c9068d37b055204f310a0be18d4069fe380?s=96&d=mm&r=g","contentUrl":"https:\/\/secure.gravatar.com\/avatar\/3732c223e0e1fad69062a8f770955c9068d37b055204f310a0be18d4069fe380?s=96&d=mm&r=g","caption":"Autor"},"sameAs":["https:\/\/marketingmassivo.com.br"],"url":"https:\/\/fieam.org.br\/sesi\/author\/admin\/"}]}},"_links":{"self":[{"href":"https:\/\/fieam.org.br\/sesi\/wp-json\/wp\/v2\/posts\/8662","targetHints":{"allow":["GET"]}}],"collection":[{"href":"https:\/\/fieam.org.br\/sesi\/wp-json\/wp\/v2\/posts"}],"about":[{"href":"https:\/\/fieam.org.br\/sesi\/wp-json\/wp\/v2\/types\/post"}],"author":[{"embeddable":true,"href":"https:\/\/fieam.org.br\/sesi\/wp-json\/wp\/v2\/users\/1"}],"replies":[{"embeddable":true,"href":"https:\/\/fieam.org.br\/sesi\/wp-json\/wp\/v2\/comments?post=8662"}],"version-history":[{"count":0,"href":"https:\/\/fieam.org.br\/sesi\/wp-json\/wp\/v2\/posts\/8662\/revisions"}],"wp:attachment":[{"href":"https:\/\/fieam.org.br\/sesi\/wp-json\/wp\/v2\/media?parent=8662"}],"wp:term":[{"taxonomy":"category","embeddable":true,"href":"https:\/\/fieam.org.br\/sesi\/wp-json\/wp\/v2\/categories?post=8662"},{"taxonomy":"post_tag","embeddable":true,"href":"https:\/\/fieam.org.br\/sesi\/wp-json\/wp\/v2\/tags?post=8662"}],"curies":[{"name":"wp","href":"https:\/\/api.w.org\/{rel}","templated":true}]}}