{"id":8629,"date":"2016-05-25T11:36:24","date_gmt":"2016-05-25T15:36:24","guid":{"rendered":"http:\/\/www.fieam.org.br\/2015\/sesi\/?p=8629"},"modified":"2016-05-25T11:36:24","modified_gmt":"2016-05-25T15:36:24","slug":"sesi-com-inscricoes-abertas-para-bale","status":"publish","type":"post","link":"https:\/\/fieam.org.br\/sesi\/sesi-com-inscricoes-abertas-para-bale\/","title":{"rendered":"SESI com inscri\u00e7\u00f5es abertas para bal\u00e9"},"content":{"rendered":"<figure id=\"attachment_8630\" aria-describedby=\"caption-attachment-8630\" style=\"width: 345px\" class=\"wp-caption alignleft\"><a href=\"http:\/\/www.fieam.org.br\/2015\/sesi\/wp-content\/uploads\/sites\/2\/2016\/05\/SESI-com-inscri\u00e7\u00f5es-abertas-para-Bal\u00e9.jpg\"><img fetchpriority=\"high\" decoding=\"async\" class=\" wp-image-8630\" src=\"http:\/\/www.fieam.org.br\/2015\/sesi\/wp-content\/uploads\/sites\/2\/2016\/05\/SESI-com-inscri\u00e7\u00f5es-abertas-para-Bal\u00e9-1024x683.jpg\" alt=\"SESI com inscri\u00e7\u00f5es abertas para Bal\u00e9\" width=\"345\" height=\"230\" \/><\/a><figcaption id=\"caption-attachment-8630\" class=\"wp-caption-text\">SESI com inscri\u00e7\u00f5es abertas para Bal\u00e9<\/figcaption><\/figure>\n<p><a href=\"http:\/\/www.fieam.org.br\/2015\/sesi\/\">O Servi\u00e7o Social da Ind\u00fastria (SESI)<\/a> est\u00e1 com inscri\u00e7\u00f5es abertas para novas turmas de Bal\u00e9 Baby Class 1, 2 e 3, para crian\u00e7as de 4 a 10 anos. Cem 100 vagas est\u00e3o dispon\u00edveis, sendo 20 por turma. E, para os mais experientes com idade entre seis e 10 anos, est\u00e3o abertas as inscri\u00e7\u00f5es para o Baby Class Experience. Turmas pela manh\u00e3 e tarde no Clube do Trabalhador SESI.<\/p>\n<p>O curso de bal\u00e9 Baby Class 1, para crian\u00e7as de 4 a 5 anos, possui duas turmas, das 8h \u00e0s 9h e das 15 \u00e0s 16h, segundas e quartas-feiras. J\u00e1 para o Baby Class 2, direcionado para crian\u00e7as de 6 e 7 anos, os hor\u00e1rios s\u00e3o das 15h \u00e0s 16h, ter\u00e7as e quintas-feiras e das 16h \u00e0s 17h, segundas e quartas-feiras. Crian\u00e7as com idade de 8 a 10 anos podem se matricular no Baby Class 3, com turmas das 10h \u00e0s 11h, e das 16h \u00e0s 17h, nas segundas e quartas-feiras.<\/p>\n<p>Os valores dos cursos Baby Class 1, 2 e 3 correspondem a R$ 45,00 para trabalhadores da ind\u00fastria e seus dependentes, e R$ 90,00 para comunidade.<\/p>\n<p>O SESI Amazonas tamb\u00e9m oferece aos alunos que j\u00e1 passaram pelo aprendizado b\u00e1sico, o Baby Class Experience, dedicado a crian\u00e7as na faixa de seis aos 10 anos, de segunda a quinta-feira, no valor de R$ 45,00 (industri\u00e1rios e seus dependentes) e R$ 80,00 (n\u00e3o industri\u00e1rios). Os hor\u00e1rios dispon\u00edveis para crian\u00e7as de 6 a 7 anos, \u00e9 das 9h \u00e0s 10h, e de 7 a 10 anos, das 14h \u00e0s 15h.<\/p>\n<p>As inscri\u00e7\u00f5es podem ser feitas no Clube do Trabalhador, na Alameda Cosme Ferreira, 7399, S\u00e3o Jos\u00e9. Mais informa\u00e7\u00f5es pelos n\u00fameros (92) 3216-1030 ou 3248- <span dir=\"ltr\">0468<\/span>.<\/p>\n<p><strong>\u00a0<\/strong><\/p>\n<p>&nbsp;<\/p>\n<p><strong>ATENDIMENTO \u00c0 IMPRENSA<\/strong><\/p>\n<p>&nbsp;<\/p>\n<p><strong>Diretoria de Comunica\u00e7\u00e3o e Marketing do Sistema FIEAM<\/strong><\/p>\n<p>Tel: (92) 3186-6576 Fax: (92) 3186-6579<\/p>\n<p>E-mail: <a href=\"mailto:imprensa@fieam.org.br\">imprensa@fieam.org.br<\/a><\/p>\n<p>Portal: <a href=\"http:\/\/www.fieam.org.br\/\">http:\/\/www.fieam.org.br<\/a><\/p>\n<p><strong>Sistema FIEAM nas redes sociais<\/strong><\/p>\n<p><strong>FIEAM:<\/strong> <a href=\"https:\/\/www.facebook.com\/fieamoficial\">Facebook<\/a>| <a href=\"https:\/\/twitter.com\/fieam\">Twitter<\/a>| <a href=\"https:\/\/www.instagram.com\/sistemafieam\/\">Instagram<\/a>| <a href=\"https:\/\/www.youtube.com\/user\/FIEAM\">You Tube<\/a><\/p>\n<p><strong>SESI:<\/strong> <a href=\"https:\/\/www.facebook.com\/sesiamazonas\">Facebook<\/a>| <a href=\"https:\/\/twitter.com\/sesiamazonas\">Twitter<\/a>| <a href=\"https:\/\/www.instagram.com\/sistemafieam\/\">Instagram<\/a>| <a href=\"https:\/\/www.youtube.com\/user\/SESIAmazonas\">You Tube<\/a><\/p>\n<p><strong>SENAI:<\/strong> <a href=\"https:\/\/www.facebook.com\/senaiamazonas\">Facebook<\/a>| <a href=\"https:\/\/twitter.com\/senaiamazonas\">Twitter<\/a>| <a href=\"https:\/\/www.instagram.com\/sistemafieam\/\">Instagram<\/a>| <a href=\"https:\/\/www.youtube.com\/user\/SENAIAmazonas\">You Tube<\/a><\/p>\n<p><strong>IEL:<\/strong> <a href=\"https:\/\/www.facebook.com\/ielamazonas\">Facebook<\/a>| <a href=\"https:\/\/twitter.com\/ielamazonas\">Twitter<\/a>| <a href=\"https:\/\/www.instagram.com\/sistemafieam\/\">Instagram<\/a>| <a href=\"https:\/\/www.youtube.com\/user\/IELAmazonas\">You Tube<\/a><\/p>\n","protected":false},"excerpt":{"rendered":"<p>O Servi\u00e7o Social da Ind\u00fastria (SESI) est\u00e1 com inscri\u00e7\u00f5es abertas para novas turmas de Bal\u00e9 Baby Class 1, 2 e 3, para crian\u00e7as de 4 a 10 anos. Cem 100 vagas est\u00e3o dispon\u00edveis, sendo 20 por turma. E, para os mais experientes com idade entre seis e 10 anos, est\u00e3o abertas as inscri\u00e7\u00f5es para o [&hellip;]<\/p>\n","protected":false},"author":1,"featured_media":8630,"comment_status":"open","ping_status":"open","sticky":false,"template":"","format":"standard","meta":{"footnotes":""},"categories":[25],"tags":[],"class_list":["post-8629","post","type-post","status-publish","format-standard","has-post-thumbnail","hentry","category-news"],"yoast_head":"<!-- This site is optimized with the Yoast SEO plugin v26.8 - https:\/\/yoast.com\/product\/yoast-seo-wordpress\/ -->\n<title>SESI com inscri\u00e7\u00f5es abertas para bal\u00e9 - SESI<\/title>\n<meta name=\"robots\" content=\"index, follow, max-snippet:-1, max-image-preview:large, max-video-preview:-1\" \/>\n<link rel=\"canonical\" href=\"https:\/\/fieam.org.br\/sesi\/sesi-com-inscricoes-abertas-para-bale\/\" \/>\n<meta property=\"og:locale\" content=\"pt_BR\" \/>\n<meta property=\"og:type\" content=\"article\" \/>\n<meta property=\"og:title\" content=\"SESI com inscri\u00e7\u00f5es abertas para bal\u00e9 - SESI\" \/>\n<meta property=\"og:description\" content=\"O Servi\u00e7o Social da Ind\u00fastria (SESI) est\u00e1 com inscri\u00e7\u00f5es abertas para novas turmas de Bal\u00e9 Baby Class 1, 2 e 3, para crian\u00e7as de 4 a 10 anos. Cem 100 vagas est\u00e3o dispon\u00edveis, sendo 20 por turma. E, para os mais experientes com idade entre seis e 10 anos, est\u00e3o abertas as inscri\u00e7\u00f5es para o [&hellip;]\" \/>\n<meta property=\"og:url\" content=\"https:\/\/fieam.org.br\/sesi\/sesi-com-inscricoes-abertas-para-bale\/\" \/>\n<meta property=\"og:site_name\" content=\"SESI\" \/>\n<meta property=\"article:published_time\" content=\"2016-05-25T15:36:24+00:00\" \/>\n<meta name=\"author\" content=\"Autor\" \/>\n<meta name=\"twitter:card\" content=\"summary_large_image\" \/>\n<meta name=\"twitter:label1\" content=\"Escrito por\" \/>\n\t<meta name=\"twitter:data1\" content=\"Autor\" \/>\n\t<meta name=\"twitter:label2\" content=\"Est. tempo de leitura\" \/>\n\t<meta name=\"twitter:data2\" content=\"2 minutos\" \/>\n<script type=\"application\/ld+json\" class=\"yoast-schema-graph\">{\"@context\":\"https:\/\/schema.org\",\"@graph\":[{\"@type\":\"Article\",\"@id\":\"https:\/\/fieam.org.br\/sesi\/sesi-com-inscricoes-abertas-para-bale\/#article\",\"isPartOf\":{\"@id\":\"https:\/\/fieam.org.br\/sesi\/sesi-com-inscricoes-abertas-para-bale\/\"},\"author\":{\"name\":\"Autor\",\"@id\":\"https:\/\/fieam.org.br\/sesi\/#\/schema\/person\/c1ceda8321521b291cee22da0a7d34be\"},\"headline\":\"SESI com inscri\u00e7\u00f5es abertas para bal\u00e9\",\"datePublished\":\"2016-05-25T15:36:24+00:00\",\"mainEntityOfPage\":{\"@id\":\"https:\/\/fieam.org.br\/sesi\/sesi-com-inscricoes-abertas-para-bale\/\"},\"wordCount\":352,\"commentCount\":0,\"publisher\":{\"@id\":\"https:\/\/fieam.org.br\/sesi\/#organization\"},\"image\":{\"@id\":\"https:\/\/fieam.org.br\/sesi\/sesi-com-inscricoes-abertas-para-bale\/#primaryimage\"},\"thumbnailUrl\":\"\",\"articleSection\":[\"News\"],\"inLanguage\":\"pt-BR\",\"potentialAction\":[{\"@type\":\"CommentAction\",\"name\":\"Comment\",\"target\":[\"https:\/\/fieam.org.br\/sesi\/sesi-com-inscricoes-abertas-para-bale\/#respond\"]}]},{\"@type\":\"WebPage\",\"@id\":\"https:\/\/fieam.org.br\/sesi\/sesi-com-inscricoes-abertas-para-bale\/\",\"url\":\"https:\/\/fieam.org.br\/sesi\/sesi-com-inscricoes-abertas-para-bale\/\",\"name\":\"SESI com inscri\u00e7\u00f5es abertas para bal\u00e9 - SESI\",\"isPartOf\":{\"@id\":\"https:\/\/fieam.org.br\/sesi\/#website\"},\"primaryImageOfPage\":{\"@id\":\"https:\/\/fieam.org.br\/sesi\/sesi-com-inscricoes-abertas-para-bale\/#primaryimage\"},\"image\":{\"@id\":\"https:\/\/fieam.org.br\/sesi\/sesi-com-inscricoes-abertas-para-bale\/#primaryimage\"},\"thumbnailUrl\":\"\",\"datePublished\":\"2016-05-25T15:36:24+00:00\",\"breadcrumb\":{\"@id\":\"https:\/\/fieam.org.br\/sesi\/sesi-com-inscricoes-abertas-para-bale\/#breadcrumb\"},\"inLanguage\":\"pt-BR\",\"potentialAction\":[{\"@type\":\"ReadAction\",\"target\":[\"https:\/\/fieam.org.br\/sesi\/sesi-com-inscricoes-abertas-para-bale\/\"]}]},{\"@type\":\"ImageObject\",\"inLanguage\":\"pt-BR\",\"@id\":\"https:\/\/fieam.org.br\/sesi\/sesi-com-inscricoes-abertas-para-bale\/#primaryimage\",\"url\":\"\",\"contentUrl\":\"\"},{\"@type\":\"BreadcrumbList\",\"@id\":\"https:\/\/fieam.org.br\/sesi\/sesi-com-inscricoes-abertas-para-bale\/#breadcrumb\",\"itemListElement\":[{\"@type\":\"ListItem\",\"position\":1,\"name\":\"In\u00edcio\",\"item\":\"https:\/\/fieam.org.br\/sesi\/\"},{\"@type\":\"ListItem\",\"position\":2,\"name\":\"SESI com inscri\u00e7\u00f5es abertas para bal\u00e9\"}]},{\"@type\":\"WebSite\",\"@id\":\"https:\/\/fieam.org.br\/sesi\/#website\",\"url\":\"https:\/\/fieam.org.br\/sesi\/\",\"name\":\"SESI\",\"description\":\"Site Oficial!\",\"publisher\":{\"@id\":\"https:\/\/fieam.org.br\/sesi\/#organization\"},\"potentialAction\":[{\"@type\":\"SearchAction\",\"target\":{\"@type\":\"EntryPoint\",\"urlTemplate\":\"https:\/\/fieam.org.br\/sesi\/?s={search_term_string}\"},\"query-input\":{\"@type\":\"PropertyValueSpecification\",\"valueRequired\":true,\"valueName\":\"search_term_string\"}}],\"inLanguage\":\"pt-BR\"},{\"@type\":\"Organization\",\"@id\":\"https:\/\/fieam.org.br\/sesi\/#organization\",\"name\":\"SESI\",\"url\":\"https:\/\/fieam.org.br\/sesi\/\",\"logo\":{\"@type\":\"ImageObject\",\"inLanguage\":\"pt-BR\",\"@id\":\"https:\/\/fieam.org.br\/sesi\/#\/schema\/logo\/image\/\",\"url\":\"https:\/\/fieam.org.br\/sesi\/wp-content\/uploads\/sites\/14\/2024\/03\/cropped-fav.png\",\"contentUrl\":\"https:\/\/fieam.org.br\/sesi\/wp-content\/uploads\/sites\/14\/2024\/03\/cropped-fav.png\",\"width\":610,\"height\":589,\"caption\":\"SESI\"},\"image\":{\"@id\":\"https:\/\/fieam.org.br\/sesi\/#\/schema\/logo\/image\/\"}},{\"@type\":\"Person\",\"@id\":\"https:\/\/fieam.org.br\/sesi\/#\/schema\/person\/c1ceda8321521b291cee22da0a7d34be\",\"name\":\"Autor\",\"image\":{\"@type\":\"ImageObject\",\"inLanguage\":\"pt-BR\",\"@id\":\"https:\/\/fieam.org.br\/sesi\/#\/schema\/person\/image\/\",\"url\":\"https:\/\/secure.gravatar.com\/avatar\/3732c223e0e1fad69062a8f770955c9068d37b055204f310a0be18d4069fe380?s=96&d=mm&r=g\",\"contentUrl\":\"https:\/\/secure.gravatar.com\/avatar\/3732c223e0e1fad69062a8f770955c9068d37b055204f310a0be18d4069fe380?s=96&d=mm&r=g\",\"caption\":\"Autor\"},\"sameAs\":[\"https:\/\/marketingmassivo.com.br\"],\"url\":\"https:\/\/fieam.org.br\/sesi\/author\/admin\/\"}]}<\/script>\n<!-- \/ Yoast SEO plugin. -->","yoast_head_json":{"title":"SESI com inscri\u00e7\u00f5es abertas para bal\u00e9 - SESI","robots":{"index":"index","follow":"follow","max-snippet":"max-snippet:-1","max-image-preview":"max-image-preview:large","max-video-preview":"max-video-preview:-1"},"canonical":"https:\/\/fieam.org.br\/sesi\/sesi-com-inscricoes-abertas-para-bale\/","og_locale":"pt_BR","og_type":"article","og_title":"SESI com inscri\u00e7\u00f5es abertas para bal\u00e9 - SESI","og_description":"O Servi\u00e7o Social da Ind\u00fastria (SESI) est\u00e1 com inscri\u00e7\u00f5es abertas para novas turmas de Bal\u00e9 Baby Class 1, 2 e 3, para crian\u00e7as de 4 a 10 anos. Cem 100 vagas est\u00e3o dispon\u00edveis, sendo 20 por turma. E, para os mais experientes com idade entre seis e 10 anos, est\u00e3o abertas as inscri\u00e7\u00f5es para o [&hellip;]","og_url":"https:\/\/fieam.org.br\/sesi\/sesi-com-inscricoes-abertas-para-bale\/","og_site_name":"SESI","article_published_time":"2016-05-25T15:36:24+00:00","author":"Autor","twitter_card":"summary_large_image","twitter_misc":{"Escrito por":"Autor","Est. tempo de leitura":"2 minutos"},"schema":{"@context":"https:\/\/schema.org","@graph":[{"@type":"Article","@id":"https:\/\/fieam.org.br\/sesi\/sesi-com-inscricoes-abertas-para-bale\/#article","isPartOf":{"@id":"https:\/\/fieam.org.br\/sesi\/sesi-com-inscricoes-abertas-para-bale\/"},"author":{"name":"Autor","@id":"https:\/\/fieam.org.br\/sesi\/#\/schema\/person\/c1ceda8321521b291cee22da0a7d34be"},"headline":"SESI com inscri\u00e7\u00f5es abertas para bal\u00e9","datePublished":"2016-05-25T15:36:24+00:00","mainEntityOfPage":{"@id":"https:\/\/fieam.org.br\/sesi\/sesi-com-inscricoes-abertas-para-bale\/"},"wordCount":352,"commentCount":0,"publisher":{"@id":"https:\/\/fieam.org.br\/sesi\/#organization"},"image":{"@id":"https:\/\/fieam.org.br\/sesi\/sesi-com-inscricoes-abertas-para-bale\/#primaryimage"},"thumbnailUrl":"","articleSection":["News"],"inLanguage":"pt-BR","potentialAction":[{"@type":"CommentAction","name":"Comment","target":["https:\/\/fieam.org.br\/sesi\/sesi-com-inscricoes-abertas-para-bale\/#respond"]}]},{"@type":"WebPage","@id":"https:\/\/fieam.org.br\/sesi\/sesi-com-inscricoes-abertas-para-bale\/","url":"https:\/\/fieam.org.br\/sesi\/sesi-com-inscricoes-abertas-para-bale\/","name":"SESI com inscri\u00e7\u00f5es abertas para bal\u00e9 - SESI","isPartOf":{"@id":"https:\/\/fieam.org.br\/sesi\/#website"},"primaryImageOfPage":{"@id":"https:\/\/fieam.org.br\/sesi\/sesi-com-inscricoes-abertas-para-bale\/#primaryimage"},"image":{"@id":"https:\/\/fieam.org.br\/sesi\/sesi-com-inscricoes-abertas-para-bale\/#primaryimage"},"thumbnailUrl":"","datePublished":"2016-05-25T15:36:24+00:00","breadcrumb":{"@id":"https:\/\/fieam.org.br\/sesi\/sesi-com-inscricoes-abertas-para-bale\/#breadcrumb"},"inLanguage":"pt-BR","potentialAction":[{"@type":"ReadAction","target":["https:\/\/fieam.org.br\/sesi\/sesi-com-inscricoes-abertas-para-bale\/"]}]},{"@type":"ImageObject","inLanguage":"pt-BR","@id":"https:\/\/fieam.org.br\/sesi\/sesi-com-inscricoes-abertas-para-bale\/#primaryimage","url":"","contentUrl":""},{"@type":"BreadcrumbList","@id":"https:\/\/fieam.org.br\/sesi\/sesi-com-inscricoes-abertas-para-bale\/#breadcrumb","itemListElement":[{"@type":"ListItem","position":1,"name":"In\u00edcio","item":"https:\/\/fieam.org.br\/sesi\/"},{"@type":"ListItem","position":2,"name":"SESI com inscri\u00e7\u00f5es abertas para bal\u00e9"}]},{"@type":"WebSite","@id":"https:\/\/fieam.org.br\/sesi\/#website","url":"https:\/\/fieam.org.br\/sesi\/","name":"SESI","description":"Site Oficial!","publisher":{"@id":"https:\/\/fieam.org.br\/sesi\/#organization"},"potentialAction":[{"@type":"SearchAction","target":{"@type":"EntryPoint","urlTemplate":"https:\/\/fieam.org.br\/sesi\/?s={search_term_string}"},"query-input":{"@type":"PropertyValueSpecification","valueRequired":true,"valueName":"search_term_string"}}],"inLanguage":"pt-BR"},{"@type":"Organization","@id":"https:\/\/fieam.org.br\/sesi\/#organization","name":"SESI","url":"https:\/\/fieam.org.br\/sesi\/","logo":{"@type":"ImageObject","inLanguage":"pt-BR","@id":"https:\/\/fieam.org.br\/sesi\/#\/schema\/logo\/image\/","url":"https:\/\/fieam.org.br\/sesi\/wp-content\/uploads\/sites\/14\/2024\/03\/cropped-fav.png","contentUrl":"https:\/\/fieam.org.br\/sesi\/wp-content\/uploads\/sites\/14\/2024\/03\/cropped-fav.png","width":610,"height":589,"caption":"SESI"},"image":{"@id":"https:\/\/fieam.org.br\/sesi\/#\/schema\/logo\/image\/"}},{"@type":"Person","@id":"https:\/\/fieam.org.br\/sesi\/#\/schema\/person\/c1ceda8321521b291cee22da0a7d34be","name":"Autor","image":{"@type":"ImageObject","inLanguage":"pt-BR","@id":"https:\/\/fieam.org.br\/sesi\/#\/schema\/person\/image\/","url":"https:\/\/secure.gravatar.com\/avatar\/3732c223e0e1fad69062a8f770955c9068d37b055204f310a0be18d4069fe380?s=96&d=mm&r=g","contentUrl":"https:\/\/secure.gravatar.com\/avatar\/3732c223e0e1fad69062a8f770955c9068d37b055204f310a0be18d4069fe380?s=96&d=mm&r=g","caption":"Autor"},"sameAs":["https:\/\/marketingmassivo.com.br"],"url":"https:\/\/fieam.org.br\/sesi\/author\/admin\/"}]}},"_links":{"self":[{"href":"https:\/\/fieam.org.br\/sesi\/wp-json\/wp\/v2\/posts\/8629","targetHints":{"allow":["GET"]}}],"collection":[{"href":"https:\/\/fieam.org.br\/sesi\/wp-json\/wp\/v2\/posts"}],"about":[{"href":"https:\/\/fieam.org.br\/sesi\/wp-json\/wp\/v2\/types\/post"}],"author":[{"embeddable":true,"href":"https:\/\/fieam.org.br\/sesi\/wp-json\/wp\/v2\/users\/1"}],"replies":[{"embeddable":true,"href":"https:\/\/fieam.org.br\/sesi\/wp-json\/wp\/v2\/comments?post=8629"}],"version-history":[{"count":0,"href":"https:\/\/fieam.org.br\/sesi\/wp-json\/wp\/v2\/posts\/8629\/revisions"}],"wp:featuredmedia":[{"embeddable":true,"href":"https:\/\/fieam.org.br\/sesi\/wp-json\/"}],"wp:attachment":[{"href":"https:\/\/fieam.org.br\/sesi\/wp-json\/wp\/v2\/media?parent=8629"}],"wp:term":[{"taxonomy":"category","embeddable":true,"href":"https:\/\/fieam.org.br\/sesi\/wp-json\/wp\/v2\/categories?post=8629"},{"taxonomy":"post_tag","embeddable":true,"href":"https:\/\/fieam.org.br\/sesi\/wp-json\/wp\/v2\/tags?post=8629"}],"curies":[{"name":"wp","href":"https:\/\/api.w.org\/{rel}","templated":true}]}}