{"id":8574,"date":"2016-05-23T14:52:39","date_gmt":"2016-05-23T18:52:39","guid":{"rendered":"http:\/\/www.fieam.org.br\/2015\/sesi\/?p=8574"},"modified":"2016-05-23T14:52:39","modified_gmt":"2016-05-23T18:52:39","slug":"processo-seletivo-no-0010-2016-tecnico-de-nivel-superior-sesisenai","status":"publish","type":"post","link":"https:\/\/fieam.org.br\/sesi\/processo-seletivo-no-0010-2016-tecnico-de-nivel-superior-sesisenai\/","title":{"rendered":"Processo seletivo N\u00ba 0010 -2016 \u2013 T\u00e9cnico de N\u00edvel Superior \u2013 SESI\/SENAI"},"content":{"rendered":"<p>O <strong>SESI<\/strong> e o <strong>SENAI<\/strong>\u00a0 selecionam talentos para atuar na \u00e1rea abaixo solicitada com o seguinte perfil: \u00a0<\/p>\n<p><strong>T\u00e9cnico de N\u00edvel Superior<\/strong> \u2013 1 vaga \/ Pr\u00e9-requisitos: Gradua\u00e7\u00e3o completa em Ci\u00eancias da Computa\u00e7\u00e3o ou \u00e1reas afins. Experi\u00eancia comprovada de no m\u00ednimo 6 meses na \u00e1rea. Processo Seletivo de n\u00ba (0010-2016). <a href=\"http:\/\/www.fieam.org.br\/2015\/sesi\/wp-content\/uploads\/sites\/2\/2016\/05\/COMUNICADO-DE-PROCESSO-SELETIVO-SESI-e-SENAI-TNS-TI-N\u00ba-0010-2016.pdf\">\u00a0<\/a><\/p>\n<p><a href=\"http:\/\/www.fieam.org.br\/2015\/sesi\/wp-content\/uploads\/sites\/2\/2016\/05\/COMUNICADO-DE-PROCESSO-SELETIVO-SESI-e-SENAI-TNS-TI-N\u00ba-0010-2016.pdf\">Clique aqui para obter todas as informa\u00e7\u00f5es pertinentes ao processo seletivo;<\/a><\/p>\n<p><a href=\"http:\/\/www.fieam.org.br\/2015\/sesi\/wp-content\/uploads\/sites\/2\/2016\/05\/CONVOCA\u00c7\u00c3O-PARA-AVALIA\u00c7\u00c3O-TE\u00d3RICA-SESI-e-SENAI-TNS-TI-09-06-2016-N\u00ba-0010-2016-Lista-de-Selecionados.pdf\">Convoca\u00e7\u00e3o para 2\u00aa ETAPA \u2013 Avalia\u00e7\u00e3o Te\u00f3rica;<\/a><\/p>\n<p><a href=\"http:\/\/www.fieam.org.br\/2015\/sesi\/wp-content\/uploads\/sites\/2\/2016\/05\/CONVOCA\u00c7\u00c3O-PARA-3\u00aa-ETAPA-SESI-e-SENAI-TNS-Ci\u00eancia-da-Computa\u00e7\u00e3o-ou-\u00e1reas-afins-N\u00ba-0010-2016.pdf\">Convoca\u00e7\u00e3o para 3\u00aa ETAPA \u2013 Entrevista T\u00e9cnica;<\/a><\/p>\n<p><strong><a href=\"http:\/\/www.fieam.org.br\/2015\/sesi\/wp-content\/uploads\/sites\/2\/2016\/05\/Suspens\u00e3o-tempor\u00e1ria-da-entrevista-t\u00e9cnica-SESI-e-SENAI-TNS-Ci\u00eancia-da-Computa\u00e7\u00e3o-ou-\u00e1reas-afins-N\u00ba-0010-2016.pdf\">Suspens\u00e3o tempor\u00e1ria de entrevista t\u00e9cnica;<\/a><\/strong><\/p>\n<p><a href=\"http:\/\/www.fieam.org.br\/2015\/sesi\/wp-content\/uploads\/sites\/2\/2016\/05\/NOVA-CONVOCA\u00c7\u00c3O-PARA-3\u00aa-ETAPA-SESI-e-SENAI-TNS-Ci\u00eancia-da-Computa\u00e7\u00e3o-ou-\u00e1reas-afins-N\u00ba-0010-2016.pdf\">Nova convoca\u00e7\u00e3o para a 3\u00aa etapa \u2013 Entrevista T\u00e9cnica;<\/a><\/p>\n<p><a href=\"http:\/\/www.fieam.org.br\/2015\/sesi\/9055-2\/\">Resultado final. <\/a> \u00a0<\/p>\n<p>\u00a0<\/p>\n<p>O curr\u00edculo, junto com toda documenta\u00e7\u00e3o solicitada no Comunicado de Processo Seletivo, devem ser entregues na Recep\u00e7\u00e3o do Edif\u00edcio FIEAM, na Av. Joaquim Nabuco n\u00ba 1919 \u2013 Centro, a partir de 15h do dia 23\/05\/2016 at\u00e9 17h30 do dia 25\/05\/2015 e \u00a07h30 do dia 30\/05\/2016 at\u00e9 17h30 do dia 31\/05\/2016. \u00a0Informar no curr\u00edculo o cargo pretendido, n\u00ba do Processo Seletivo e e-mail.<\/p>\n","protected":false},"excerpt":{"rendered":"<p>O SESI e o SENAI\u00a0 selecionam talentos para atuar na \u00e1rea abaixo solicitada com o seguinte perfil: \u00a0 T\u00e9cnico de N\u00edvel Superior \u2013 1 vaga \/ Pr\u00e9-requisitos: Gradua\u00e7\u00e3o completa em Ci\u00eancias da Computa\u00e7\u00e3o ou \u00e1reas afins. Experi\u00eancia comprovada de no m\u00ednimo 6 meses na \u00e1rea. Processo Seletivo de n\u00ba (0010-2016). \u00a0 Clique aqui para obter [&hellip;]<\/p>\n","protected":false},"author":1,"featured_media":0,"comment_status":"open","ping_status":"open","sticky":false,"template":"","format":"standard","meta":{"footnotes":""},"categories":[28],"tags":[],"class_list":["post-8574","post","type-post","status-publish","format-standard","hentry","category-selecao"],"yoast_head":"<!-- This site is optimized with the Yoast SEO plugin v28.2 - https:\/\/yoast.com\/product\/yoast-seo-wordpress\/ -->\n<title>Processo seletivo N\u00ba 0010 -2016 \u2013 T\u00e9cnico de N\u00edvel Superior \u2013 SESI\/SENAI - SESI<\/title>\n<meta name=\"robots\" content=\"index, follow, max-snippet:-1, max-image-preview:large, max-video-preview:-1\" \/>\n<link rel=\"canonical\" href=\"https:\/\/fieam.org.br\/sesi\/processo-seletivo-no-0010-2016-tecnico-de-nivel-superior-sesisenai\/\" \/>\n<meta property=\"og:locale\" content=\"pt_BR\" \/>\n<meta property=\"og:type\" content=\"article\" \/>\n<meta property=\"og:title\" content=\"Processo seletivo N\u00ba 0010 -2016 \u2013 T\u00e9cnico de N\u00edvel Superior \u2013 SESI\/SENAI - SESI\" \/>\n<meta property=\"og:description\" content=\"O SESI e o SENAI\u00a0 selecionam talentos para atuar na \u00e1rea abaixo solicitada com o seguinte perfil: \u00a0 T\u00e9cnico de N\u00edvel Superior \u2013 1 vaga \/ Pr\u00e9-requisitos: Gradua\u00e7\u00e3o completa em Ci\u00eancias da Computa\u00e7\u00e3o ou \u00e1reas afins. Experi\u00eancia comprovada de no m\u00ednimo 6 meses na \u00e1rea. Processo Seletivo de n\u00ba (0010-2016). \u00a0 Clique aqui para obter [&hellip;]\" \/>\n<meta property=\"og:url\" content=\"https:\/\/fieam.org.br\/sesi\/processo-seletivo-no-0010-2016-tecnico-de-nivel-superior-sesisenai\/\" \/>\n<meta property=\"og:site_name\" content=\"SESI\" \/>\n<meta property=\"article:published_time\" content=\"2016-05-23T18:52:39+00:00\" \/>\n<meta name=\"author\" content=\"Autor\" \/>\n<meta name=\"twitter:card\" content=\"summary_large_image\" \/>\n<meta name=\"twitter:label1\" content=\"Escrito por\" \/>\n\t<meta name=\"twitter:data1\" content=\"Autor\" \/>\n\t<meta name=\"twitter:label2\" content=\"Est. tempo de leitura\" \/>\n\t<meta name=\"twitter:data2\" content=\"1 minuto\" \/>\n<script type=\"application\/ld+json\" class=\"yoast-schema-graph\">{\"@context\":\"https:\\\/\\\/schema.org\",\"@graph\":[{\"@type\":\"Article\",\"@id\":\"https:\\\/\\\/fieam.org.br\\\/sesi\\\/processo-seletivo-no-0010-2016-tecnico-de-nivel-superior-sesisenai\\\/#article\",\"isPartOf\":{\"@id\":\"https:\\\/\\\/fieam.org.br\\\/sesi\\\/processo-seletivo-no-0010-2016-tecnico-de-nivel-superior-sesisenai\\\/\"},\"author\":{\"name\":\"Autor\",\"@id\":\"https:\\\/\\\/fieam.org.br\\\/sesi\\\/#\\\/schema\\\/person\\\/f54998dd14d5f0695b41444f2b01c31e\"},\"headline\":\"Processo seletivo N\u00ba 0010 -2016 \u2013 T\u00e9cnico de N\u00edvel Superior \u2013 SESI\\\/SENAI\",\"datePublished\":\"2016-05-23T18:52:39+00:00\",\"mainEntityOfPage\":{\"@id\":\"https:\\\/\\\/fieam.org.br\\\/sesi\\\/processo-seletivo-no-0010-2016-tecnico-de-nivel-superior-sesisenai\\\/\"},\"wordCount\":172,\"commentCount\":2,\"publisher\":{\"@id\":\"https:\\\/\\\/fieam.org.br\\\/sesi\\\/#organization\"},\"articleSection\":[\"selecao\"],\"inLanguage\":\"pt-BR\",\"potentialAction\":[{\"@type\":\"CommentAction\",\"name\":\"Comment\",\"target\":[\"https:\\\/\\\/fieam.org.br\\\/sesi\\\/processo-seletivo-no-0010-2016-tecnico-de-nivel-superior-sesisenai\\\/#respond\"]}]},{\"@type\":\"WebPage\",\"@id\":\"https:\\\/\\\/fieam.org.br\\\/sesi\\\/processo-seletivo-no-0010-2016-tecnico-de-nivel-superior-sesisenai\\\/\",\"url\":\"https:\\\/\\\/fieam.org.br\\\/sesi\\\/processo-seletivo-no-0010-2016-tecnico-de-nivel-superior-sesisenai\\\/\",\"name\":\"Processo seletivo N\u00ba 0010 -2016 \u2013 T\u00e9cnico de N\u00edvel Superior \u2013 SESI\\\/SENAI - SESI\",\"isPartOf\":{\"@id\":\"https:\\\/\\\/fieam.org.br\\\/sesi\\\/#website\"},\"datePublished\":\"2016-05-23T18:52:39+00:00\",\"breadcrumb\":{\"@id\":\"https:\\\/\\\/fieam.org.br\\\/sesi\\\/processo-seletivo-no-0010-2016-tecnico-de-nivel-superior-sesisenai\\\/#breadcrumb\"},\"inLanguage\":\"pt-BR\",\"potentialAction\":[{\"@type\":\"ReadAction\",\"target\":[\"https:\\\/\\\/fieam.org.br\\\/sesi\\\/processo-seletivo-no-0010-2016-tecnico-de-nivel-superior-sesisenai\\\/\"]}]},{\"@type\":\"BreadcrumbList\",\"@id\":\"https:\\\/\\\/fieam.org.br\\\/sesi\\\/processo-seletivo-no-0010-2016-tecnico-de-nivel-superior-sesisenai\\\/#breadcrumb\",\"itemListElement\":[{\"@type\":\"ListItem\",\"position\":1,\"name\":\"In\u00edcio\",\"item\":\"https:\\\/\\\/fieam.org.br\\\/sesi\\\/\"},{\"@type\":\"ListItem\",\"position\":2,\"name\":\"Processo seletivo N\u00ba 0010 -2016 \u2013 T\u00e9cnico de N\u00edvel Superior \u2013 SESI\\\/SENAI\"}]},{\"@type\":\"WebSite\",\"@id\":\"https:\\\/\\\/fieam.org.br\\\/sesi\\\/#website\",\"url\":\"https:\\\/\\\/fieam.org.br\\\/sesi\\\/\",\"name\":\"SESI\",\"description\":\"Site Oficial!\",\"publisher\":{\"@id\":\"https:\\\/\\\/fieam.org.br\\\/sesi\\\/#organization\"},\"potentialAction\":[{\"@type\":\"SearchAction\",\"target\":{\"@type\":\"EntryPoint\",\"urlTemplate\":\"https:\\\/\\\/fieam.org.br\\\/sesi\\\/?s={search_term_string}\"},\"query-input\":{\"@type\":\"PropertyValueSpecification\",\"valueRequired\":true,\"valueName\":\"search_term_string\"}}],\"inLanguage\":\"pt-BR\"},{\"@type\":\"Organization\",\"@id\":\"https:\\\/\\\/fieam.org.br\\\/sesi\\\/#organization\",\"name\":\"SESI\",\"url\":\"https:\\\/\\\/fieam.org.br\\\/sesi\\\/\",\"logo\":{\"@type\":\"ImageObject\",\"inLanguage\":\"pt-BR\",\"@id\":\"https:\\\/\\\/fieam.org.br\\\/sesi\\\/#\\\/schema\\\/logo\\\/image\\\/\",\"url\":\"https:\\\/\\\/fieam.org.br\\\/sesi\\\/wp-content\\\/uploads\\\/sites\\\/14\\\/2024\\\/03\\\/cropped-fav.png\",\"contentUrl\":\"https:\\\/\\\/fieam.org.br\\\/sesi\\\/wp-content\\\/uploads\\\/sites\\\/14\\\/2024\\\/03\\\/cropped-fav.png\",\"width\":610,\"height\":589,\"caption\":\"SESI\"},\"image\":{\"@id\":\"https:\\\/\\\/fieam.org.br\\\/sesi\\\/#\\\/schema\\\/logo\\\/image\\\/\"}},{\"@type\":\"Person\",\"@id\":\"https:\\\/\\\/fieam.org.br\\\/sesi\\\/#\\\/schema\\\/person\\\/f54998dd14d5f0695b41444f2b01c31e\",\"name\":\"Autor\",\"image\":{\"@type\":\"ImageObject\",\"inLanguage\":\"pt-BR\",\"@id\":\"https:\\\/\\\/secure.gravatar.com\\\/avatar\\\/3732c223e0e1fad69062a8f770955c9068d37b055204f310a0be18d4069fe380?s=96&d=mm&r=g\",\"url\":\"https:\\\/\\\/secure.gravatar.com\\\/avatar\\\/3732c223e0e1fad69062a8f770955c9068d37b055204f310a0be18d4069fe380?s=96&d=mm&r=g\",\"contentUrl\":\"https:\\\/\\\/secure.gravatar.com\\\/avatar\\\/3732c223e0e1fad69062a8f770955c9068d37b055204f310a0be18d4069fe380?s=96&d=mm&r=g\",\"caption\":\"Autor\"},\"sameAs\":[\"https:\\\/\\\/marketingmassivo.com.br\"],\"url\":\"https:\\\/\\\/fieam.org.br\\\/sesi\\\/author\\\/admin\\\/\"}]}<\/script>\n<!-- \/ Yoast SEO plugin. -->","yoast_head_json":{"title":"Processo seletivo N\u00ba 0010 -2016 \u2013 T\u00e9cnico de N\u00edvel Superior \u2013 SESI\/SENAI - SESI","robots":{"index":"index","follow":"follow","max-snippet":"max-snippet:-1","max-image-preview":"max-image-preview:large","max-video-preview":"max-video-preview:-1"},"canonical":"https:\/\/fieam.org.br\/sesi\/processo-seletivo-no-0010-2016-tecnico-de-nivel-superior-sesisenai\/","og_locale":"pt_BR","og_type":"article","og_title":"Processo seletivo N\u00ba 0010 -2016 \u2013 T\u00e9cnico de N\u00edvel Superior \u2013 SESI\/SENAI - SESI","og_description":"O SESI e o SENAI\u00a0 selecionam talentos para atuar na \u00e1rea abaixo solicitada com o seguinte perfil: \u00a0 T\u00e9cnico de N\u00edvel Superior \u2013 1 vaga \/ Pr\u00e9-requisitos: Gradua\u00e7\u00e3o completa em Ci\u00eancias da Computa\u00e7\u00e3o ou \u00e1reas afins. Experi\u00eancia comprovada de no m\u00ednimo 6 meses na \u00e1rea. Processo Seletivo de n\u00ba (0010-2016). \u00a0 Clique aqui para obter [&hellip;]","og_url":"https:\/\/fieam.org.br\/sesi\/processo-seletivo-no-0010-2016-tecnico-de-nivel-superior-sesisenai\/","og_site_name":"SESI","article_published_time":"2016-05-23T18:52:39+00:00","author":"Autor","twitter_card":"summary_large_image","twitter_misc":{"Escrito por":"Autor","Est. tempo de leitura":"1 minuto"},"schema":{"@context":"https:\/\/schema.org","@graph":[{"@type":"Article","@id":"https:\/\/fieam.org.br\/sesi\/processo-seletivo-no-0010-2016-tecnico-de-nivel-superior-sesisenai\/#article","isPartOf":{"@id":"https:\/\/fieam.org.br\/sesi\/processo-seletivo-no-0010-2016-tecnico-de-nivel-superior-sesisenai\/"},"author":{"name":"Autor","@id":"https:\/\/fieam.org.br\/sesi\/#\/schema\/person\/f54998dd14d5f0695b41444f2b01c31e"},"headline":"Processo seletivo N\u00ba 0010 -2016 \u2013 T\u00e9cnico de N\u00edvel Superior \u2013 SESI\/SENAI","datePublished":"2016-05-23T18:52:39+00:00","mainEntityOfPage":{"@id":"https:\/\/fieam.org.br\/sesi\/processo-seletivo-no-0010-2016-tecnico-de-nivel-superior-sesisenai\/"},"wordCount":172,"commentCount":2,"publisher":{"@id":"https:\/\/fieam.org.br\/sesi\/#organization"},"articleSection":["selecao"],"inLanguage":"pt-BR","potentialAction":[{"@type":"CommentAction","name":"Comment","target":["https:\/\/fieam.org.br\/sesi\/processo-seletivo-no-0010-2016-tecnico-de-nivel-superior-sesisenai\/#respond"]}]},{"@type":"WebPage","@id":"https:\/\/fieam.org.br\/sesi\/processo-seletivo-no-0010-2016-tecnico-de-nivel-superior-sesisenai\/","url":"https:\/\/fieam.org.br\/sesi\/processo-seletivo-no-0010-2016-tecnico-de-nivel-superior-sesisenai\/","name":"Processo seletivo N\u00ba 0010 -2016 \u2013 T\u00e9cnico de N\u00edvel Superior \u2013 SESI\/SENAI - SESI","isPartOf":{"@id":"https:\/\/fieam.org.br\/sesi\/#website"},"datePublished":"2016-05-23T18:52:39+00:00","breadcrumb":{"@id":"https:\/\/fieam.org.br\/sesi\/processo-seletivo-no-0010-2016-tecnico-de-nivel-superior-sesisenai\/#breadcrumb"},"inLanguage":"pt-BR","potentialAction":[{"@type":"ReadAction","target":["https:\/\/fieam.org.br\/sesi\/processo-seletivo-no-0010-2016-tecnico-de-nivel-superior-sesisenai\/"]}]},{"@type":"BreadcrumbList","@id":"https:\/\/fieam.org.br\/sesi\/processo-seletivo-no-0010-2016-tecnico-de-nivel-superior-sesisenai\/#breadcrumb","itemListElement":[{"@type":"ListItem","position":1,"name":"In\u00edcio","item":"https:\/\/fieam.org.br\/sesi\/"},{"@type":"ListItem","position":2,"name":"Processo seletivo N\u00ba 0010 -2016 \u2013 T\u00e9cnico de N\u00edvel Superior \u2013 SESI\/SENAI"}]},{"@type":"WebSite","@id":"https:\/\/fieam.org.br\/sesi\/#website","url":"https:\/\/fieam.org.br\/sesi\/","name":"SESI","description":"Site Oficial!","publisher":{"@id":"https:\/\/fieam.org.br\/sesi\/#organization"},"potentialAction":[{"@type":"SearchAction","target":{"@type":"EntryPoint","urlTemplate":"https:\/\/fieam.org.br\/sesi\/?s={search_term_string}"},"query-input":{"@type":"PropertyValueSpecification","valueRequired":true,"valueName":"search_term_string"}}],"inLanguage":"pt-BR"},{"@type":"Organization","@id":"https:\/\/fieam.org.br\/sesi\/#organization","name":"SESI","url":"https:\/\/fieam.org.br\/sesi\/","logo":{"@type":"ImageObject","inLanguage":"pt-BR","@id":"https:\/\/fieam.org.br\/sesi\/#\/schema\/logo\/image\/","url":"https:\/\/fieam.org.br\/sesi\/wp-content\/uploads\/sites\/14\/2024\/03\/cropped-fav.png","contentUrl":"https:\/\/fieam.org.br\/sesi\/wp-content\/uploads\/sites\/14\/2024\/03\/cropped-fav.png","width":610,"height":589,"caption":"SESI"},"image":{"@id":"https:\/\/fieam.org.br\/sesi\/#\/schema\/logo\/image\/"}},{"@type":"Person","@id":"https:\/\/fieam.org.br\/sesi\/#\/schema\/person\/f54998dd14d5f0695b41444f2b01c31e","name":"Autor","image":{"@type":"ImageObject","inLanguage":"pt-BR","@id":"https:\/\/secure.gravatar.com\/avatar\/3732c223e0e1fad69062a8f770955c9068d37b055204f310a0be18d4069fe380?s=96&d=mm&r=g","url":"https:\/\/secure.gravatar.com\/avatar\/3732c223e0e1fad69062a8f770955c9068d37b055204f310a0be18d4069fe380?s=96&d=mm&r=g","contentUrl":"https:\/\/secure.gravatar.com\/avatar\/3732c223e0e1fad69062a8f770955c9068d37b055204f310a0be18d4069fe380?s=96&d=mm&r=g","caption":"Autor"},"sameAs":["https:\/\/marketingmassivo.com.br"],"url":"https:\/\/fieam.org.br\/sesi\/author\/admin\/"}]}},"_links":{"self":[{"href":"https:\/\/fieam.org.br\/sesi\/wp-json\/wp\/v2\/posts\/8574","targetHints":{"allow":["GET"]}}],"collection":[{"href":"https:\/\/fieam.org.br\/sesi\/wp-json\/wp\/v2\/posts"}],"about":[{"href":"https:\/\/fieam.org.br\/sesi\/wp-json\/wp\/v2\/types\/post"}],"author":[{"embeddable":true,"href":"https:\/\/fieam.org.br\/sesi\/wp-json\/wp\/v2\/users\/1"}],"replies":[{"embeddable":true,"href":"https:\/\/fieam.org.br\/sesi\/wp-json\/wp\/v2\/comments?post=8574"}],"version-history":[{"count":0,"href":"https:\/\/fieam.org.br\/sesi\/wp-json\/wp\/v2\/posts\/8574\/revisions"}],"wp:attachment":[{"href":"https:\/\/fieam.org.br\/sesi\/wp-json\/wp\/v2\/media?parent=8574"}],"wp:term":[{"taxonomy":"category","embeddable":true,"href":"https:\/\/fieam.org.br\/sesi\/wp-json\/wp\/v2\/categories?post=8574"},{"taxonomy":"post_tag","embeddable":true,"href":"https:\/\/fieam.org.br\/sesi\/wp-json\/wp\/v2\/tags?post=8574"}],"curies":[{"name":"wp","href":"https:\/\/api.w.org\/{rel}","templated":true}]}}