{"id":8512,"date":"2016-05-09T15:41:08","date_gmt":"2016-05-09T15:41:08","guid":{"rendered":"http:\/\/www.fieam.org.br\/2015\/sesi\/?p=8512"},"modified":"2016-05-09T15:41:08","modified_gmt":"2016-05-09T15:41:08","slug":"sesi-cozinha-brasil-qualifica-nutricionistas-de-escolas-publicas-em-manaus","status":"publish","type":"post","link":"https:\/\/fieam.org.br\/sesi\/sesi-cozinha-brasil-qualifica-nutricionistas-de-escolas-publicas-em-manaus\/","title":{"rendered":"SESI Cozinha Brasil qualifica nutricionistas de escolas p\u00fablicas em Manaus"},"content":{"rendered":"<p><a href=\"http:\/\/www.fieam.org.br\/2015\/sesi\/\" data-saferedirecturl=\"https:\/\/www.google.com\/url?hl=pt-PT&amp;q=http:\/\/www.fieam.org.br\/2015\/sesi\/&amp;source=gmail&amp;ust=1462893815108000&amp;usg=AFQjCNFI2M9PdhJvMcu8fZE8ZUqFFOOKrw\">O Servi\u00e7o Social da Ind\u00fastria (SESI Amazonas),<\/a> em parceria com o Minist\u00e9rio da Agricultura, Pecu\u00e1ria e Abastecimento (Mapa) e o Fundo Nacional de Desenvolvimento da Educa\u00e7\u00e3o (FNDE), promove nos dias 10, 11 e 12 de maio, \u00e0s 8h30, oficina sobre o consumo de pescado entre crian\u00e7as e adolescentes nas escolas p\u00fablicas do Amazonas. O evento ser\u00e1 realizado no Centro Integrado do Trabalhador Dolores Garcia, localizado na Rua Vivaldo Lima, s\/n, Alvorada 1.<\/p>\n<p>A atividade est\u00e1 dentro do Projeto Peixe Brasil, que busca qualificar t\u00e9cnicos para o planejamento e gest\u00e3o de alimentos saud\u00e1veis \u00e0 base de pescado nas escolas p\u00fablicas.<\/p>\n<p>A programa\u00e7\u00e3o contar\u00e1 com a presen\u00e7a do assessor de projetos especiais do Conselho Nacional do SESI, Rodrigo Silva Amaral, que ir\u00e1 tratar do cen\u00e1rio das necessidades do mercado institucional, produ\u00e7\u00e3o local de pescado, educa\u00e7\u00e3o alimentar nutricional e a realidade do pescado local.<\/p>\n<p>Como primeira parte da implanta\u00e7\u00e3o do projeto no Amazonas, participam da programa\u00e7\u00e3o gestores e nutricionistas da Secretaria de Estado da Educa\u00e7\u00e3o (Seduc) e Secretaria Municipal de Educa\u00e7\u00e3o (Semed).<\/p>\n<p>&nbsp;<\/p>\n<p>&nbsp;<\/p>\n<p><strong>ATENDIMENTO \u00c0 IMPRENSA<\/strong><\/p>\n<p>&nbsp;<\/p>\n<p><strong>Diretoria de Comunica\u00e7\u00e3o e Marketing do Sistema FIEAM<\/strong><\/p>\n<p>Tel: (92) 3186-6576 Fax: (92) 3186-6579<\/p>\n<p>E-mail: <a href=\"mailto:imprensa@fieam.org.br\">imprensa@fieam.org.br<\/a><\/p>\n<p>Portal: <a href=\"http:\/\/www.fieam.org.br\/\" data-saferedirecturl=\"https:\/\/www.google.com\/url?hl=pt-PT&amp;q=http:\/\/www.fieam.org.br&amp;source=gmail&amp;ust=1462893815108000&amp;usg=AFQjCNGkEtLANu9STdmbX23qdaPV23TSLg\">http:\/\/www.fieam.org.br<\/a><\/p>\n<p><strong>Sistema FIEAM nas redes sociais<\/strong><\/p>\n<p><strong>FIEAM:<\/strong> <a href=\"https:\/\/www.facebook.com\/fieamoficial\" data-saferedirecturl=\"https:\/\/www.google.com\/url?hl=pt-PT&amp;q=https:\/\/www.facebook.com\/fieamoficial&amp;source=gmail&amp;ust=1462893815108000&amp;usg=AFQjCNFWXnDuNTtpbhS_RKOv3dwPPDP5zg\">Facebook<\/a>| <a href=\"https:\/\/twitter.com\/fieam\" data-saferedirecturl=\"https:\/\/www.google.com\/url?hl=pt-PT&amp;q=https:\/\/twitter.com\/fieam&amp;source=gmail&amp;ust=1462893815108000&amp;usg=AFQjCNElY7bkmot_VBAuS6JoalKepOp-ww\">Twitter<\/a>| <a href=\"https:\/\/www.instagram.com\/sistemafieam\/\" data-saferedirecturl=\"https:\/\/www.google.com\/url?hl=pt-PT&amp;q=https:\/\/www.instagram.com\/sistemafieam\/&amp;source=gmail&amp;ust=1462893815108000&amp;usg=AFQjCNGhD7cwYkMfASUNFD_Ige9sj47JkA\">Instagram<\/a>| <a href=\"https:\/\/www.youtube.com\/user\/FIEAM\" data-saferedirecturl=\"https:\/\/www.google.com\/url?hl=pt-PT&amp;q=https:\/\/www.youtube.com\/user\/FIEAM&amp;source=gmail&amp;ust=1462893815108000&amp;usg=AFQjCNGHYfyt97ZG_RkPyodZGiYjAFaRww\">You Tube<\/a><\/p>\n<p><strong>SESI:<\/strong> <a href=\"https:\/\/www.facebook.com\/sesiamazonas\" data-saferedirecturl=\"https:\/\/www.google.com\/url?hl=pt-PT&amp;q=https:\/\/www.facebook.com\/sesiamazonas&amp;source=gmail&amp;ust=1462893815108000&amp;usg=AFQjCNE_RFM51gyYgb4bBLip5EGvQtteZg\">Facebook<\/a>| <a href=\"https:\/\/twitter.com\/sesiamazonas\" data-saferedirecturl=\"https:\/\/www.google.com\/url?hl=pt-PT&amp;q=https:\/\/twitter.com\/sesiamazonas&amp;source=gmail&amp;ust=1462893815108000&amp;usg=AFQjCNHfTUWQLri8T61nfIe3mG1vtrsiCA\">Twitter<\/a>| <a href=\"https:\/\/www.instagram.com\/sistemafieam\/\" data-saferedirecturl=\"https:\/\/www.google.com\/url?hl=pt-PT&amp;q=https:\/\/www.instagram.com\/sistemafieam\/&amp;source=gmail&amp;ust=1462893815108000&amp;usg=AFQjCNGhD7cwYkMfASUNFD_Ige9sj47JkA\">Instagram<\/a>| <a href=\"https:\/\/www.youtube.com\/user\/SESIAmazonas\" data-saferedirecturl=\"https:\/\/www.google.com\/url?hl=pt-PT&amp;q=https:\/\/www.youtube.com\/user\/SESIAmazonas&amp;source=gmail&amp;ust=1462893815108000&amp;usg=AFQjCNHK_xV1W8v1_ObrJXirRoMhyLfaHQ\">You Tube<\/a><\/p>\n<p><strong>SENAI:<\/strong> <a href=\"https:\/\/www.facebook.com\/senaiamazonas\" data-saferedirecturl=\"https:\/\/www.google.com\/url?hl=pt-PT&amp;q=https:\/\/www.facebook.com\/senaiamazonas&amp;source=gmail&amp;ust=1462893815108000&amp;usg=AFQjCNFLhWEsNczIFET6KQcl7KVd0NoEPQ\">Facebook<\/a>| <a href=\"https:\/\/twitter.com\/senaiamazonas\" data-saferedirecturl=\"https:\/\/www.google.com\/url?hl=pt-PT&amp;q=https:\/\/twitter.com\/senaiamazonas&amp;source=gmail&amp;ust=1462893815108000&amp;usg=AFQjCNGArMz22kT26h-BifVIgmMYlOxcsg\">Twitter<\/a>| <a href=\"https:\/\/www.instagram.com\/sistemafieam\/\" data-saferedirecturl=\"https:\/\/www.google.com\/url?hl=pt-PT&amp;q=https:\/\/www.instagram.com\/sistemafieam\/&amp;source=gmail&amp;ust=1462893815108000&amp;usg=AFQjCNGhD7cwYkMfASUNFD_Ige9sj47JkA\">Instagram<\/a>| <a href=\"https:\/\/www.youtube.com\/user\/SENAIAmazonas\" data-saferedirecturl=\"https:\/\/www.google.com\/url?hl=pt-PT&amp;q=https:\/\/www.youtube.com\/user\/SENAIAmazonas&amp;source=gmail&amp;ust=1462893815108000&amp;usg=AFQjCNG2ZNuad7sHp4feQXcYrXo1eR5dFg\">You Tube<\/a><\/p>\n<p><strong>IEL:<\/strong> <a href=\"https:\/\/www.facebook.com\/ielamazonas\" data-saferedirecturl=\"https:\/\/www.google.com\/url?hl=pt-PT&amp;q=https:\/\/www.facebook.com\/ielamazonas&amp;source=gmail&amp;ust=1462893815108000&amp;usg=AFQjCNGB7O8fqfzJ5RlogBQJ9krTTIzziA\">Facebook<\/a>| <a href=\"https:\/\/twitter.com\/ielamazonas\" data-saferedirecturl=\"https:\/\/www.google.com\/url?hl=pt-PT&amp;q=https:\/\/twitter.com\/ielamazonas&amp;source=gmail&amp;ust=1462893815109000&amp;usg=AFQjCNFrGcG13d_taHqy6gURCM8-jUgHZg\">Twitter<\/a>| <a href=\"https:\/\/www.instagram.com\/sistemafieam\/\" data-saferedirecturl=\"https:\/\/www.google.com\/url?hl=pt-PT&amp;q=https:\/\/www.instagram.com\/sistemafieam\/&amp;source=gmail&amp;ust=1462893815109000&amp;usg=AFQjCNGp8Dt9Trv7Uk39hbAyuFaa1OaT5w\">Instagram<\/a>| <a href=\"https:\/\/www.youtube.com\/user\/IELAmazonas\" data-saferedirecturl=\"https:\/\/www.google.com\/url?hl=pt-PT&amp;q=https:\/\/www.youtube.com\/user\/IELAmazonas&amp;source=gmail&amp;ust=1462893815109000&amp;usg=AFQjCNHnFCa5ikVLTa3n3EtoWwatBhy9kQ\">You Tube<\/a><\/p>\n<p>&nbsp;<\/p>\n","protected":false},"excerpt":{"rendered":"<p>O Servi\u00e7o Social da Ind\u00fastria (SESI Amazonas), em parceria com o Minist\u00e9rio da Agricultura, Pecu\u00e1ria e Abastecimento (Mapa) e o Fundo Nacional de Desenvolvimento da Educa\u00e7\u00e3o (FNDE), promove nos dias 10, 11 e 12 de maio, \u00e0s 8h30, oficina sobre o consumo de pescado entre crian\u00e7as e adolescentes nas escolas p\u00fablicas do Amazonas. O evento [&hellip;]<\/p>\n","protected":false},"author":1,"featured_media":8513,"comment_status":"open","ping_status":"open","sticky":false,"template":"","format":"standard","meta":{"footnotes":""},"categories":[25],"tags":[],"class_list":["post-8512","post","type-post","status-publish","format-standard","has-post-thumbnail","hentry","category-news"],"yoast_head":"<!-- This site is optimized with the Yoast SEO plugin v28.2 - https:\/\/yoast.com\/product\/yoast-seo-wordpress\/ -->\n<title>SESI Cozinha Brasil qualifica nutricionistas de escolas p\u00fablicas em Manaus - SESI<\/title>\n<meta name=\"robots\" content=\"index, follow, max-snippet:-1, max-image-preview:large, max-video-preview:-1\" \/>\n<link rel=\"canonical\" href=\"https:\/\/fieam.org.br\/sesi\/sesi-cozinha-brasil-qualifica-nutricionistas-de-escolas-publicas-em-manaus\/\" \/>\n<meta property=\"og:locale\" content=\"pt_BR\" \/>\n<meta property=\"og:type\" content=\"article\" \/>\n<meta property=\"og:title\" content=\"SESI Cozinha Brasil qualifica nutricionistas de escolas p\u00fablicas em Manaus - SESI\" \/>\n<meta property=\"og:description\" content=\"O Servi\u00e7o Social da Ind\u00fastria (SESI Amazonas), em parceria com o Minist\u00e9rio da Agricultura, Pecu\u00e1ria e Abastecimento (Mapa) e o Fundo Nacional de Desenvolvimento da Educa\u00e7\u00e3o (FNDE), promove nos dias 10, 11 e 12 de maio, \u00e0s 8h30, oficina sobre o consumo de pescado entre crian\u00e7as e adolescentes nas escolas p\u00fablicas do Amazonas. O evento [&hellip;]\" \/>\n<meta property=\"og:url\" content=\"https:\/\/fieam.org.br\/sesi\/sesi-cozinha-brasil-qualifica-nutricionistas-de-escolas-publicas-em-manaus\/\" \/>\n<meta property=\"og:site_name\" content=\"SESI\" \/>\n<meta property=\"article:published_time\" content=\"2016-05-09T15:41:08+00:00\" \/>\n<meta property=\"og:image\" content=\"https:\/\/fieam.org.br\/sesi\/wp-content\/uploads\/sites\/14\/2016\/05\/157513868-scaled.jpg\" \/>\n\t<meta property=\"og:image:width\" content=\"2560\" \/>\n\t<meta property=\"og:image:height\" content=\"1433\" \/>\n\t<meta property=\"og:image:type\" content=\"image\/jpeg\" \/>\n<meta name=\"author\" content=\"Autor\" \/>\n<meta name=\"twitter:card\" content=\"summary_large_image\" \/>\n<meta name=\"twitter:label1\" content=\"Escrito por\" \/>\n\t<meta name=\"twitter:data1\" content=\"Autor\" \/>\n\t<meta name=\"twitter:label2\" content=\"Est. tempo de leitura\" \/>\n\t<meta name=\"twitter:data2\" content=\"1 minuto\" \/>\n<script type=\"application\/ld+json\" class=\"yoast-schema-graph\">{\"@context\":\"https:\\\/\\\/schema.org\",\"@graph\":[{\"@type\":\"Article\",\"@id\":\"https:\\\/\\\/fieam.org.br\\\/sesi\\\/sesi-cozinha-brasil-qualifica-nutricionistas-de-escolas-publicas-em-manaus\\\/#article\",\"isPartOf\":{\"@id\":\"https:\\\/\\\/fieam.org.br\\\/sesi\\\/sesi-cozinha-brasil-qualifica-nutricionistas-de-escolas-publicas-em-manaus\\\/\"},\"author\":{\"name\":\"Autor\",\"@id\":\"https:\\\/\\\/fieam.org.br\\\/sesi\\\/#\\\/schema\\\/person\\\/f54998dd14d5f0695b41444f2b01c31e\"},\"headline\":\"SESI Cozinha Brasil qualifica nutricionistas de escolas p\u00fablicas em Manaus\",\"datePublished\":\"2016-05-09T15:41:08+00:00\",\"mainEntityOfPage\":{\"@id\":\"https:\\\/\\\/fieam.org.br\\\/sesi\\\/sesi-cozinha-brasil-qualifica-nutricionistas-de-escolas-publicas-em-manaus\\\/\"},\"wordCount\":255,\"commentCount\":0,\"publisher\":{\"@id\":\"https:\\\/\\\/fieam.org.br\\\/sesi\\\/#organization\"},\"image\":{\"@id\":\"https:\\\/\\\/fieam.org.br\\\/sesi\\\/sesi-cozinha-brasil-qualifica-nutricionistas-de-escolas-publicas-em-manaus\\\/#primaryimage\"},\"thumbnailUrl\":\"https:\\\/\\\/fieam.org.br\\\/sesi\\\/wp-content\\\/uploads\\\/sites\\\/14\\\/2016\\\/05\\\/157513868-scaled.jpg\",\"articleSection\":[\"News\"],\"inLanguage\":\"pt-BR\",\"potentialAction\":[{\"@type\":\"CommentAction\",\"name\":\"Comment\",\"target\":[\"https:\\\/\\\/fieam.org.br\\\/sesi\\\/sesi-cozinha-brasil-qualifica-nutricionistas-de-escolas-publicas-em-manaus\\\/#respond\"]}]},{\"@type\":\"WebPage\",\"@id\":\"https:\\\/\\\/fieam.org.br\\\/sesi\\\/sesi-cozinha-brasil-qualifica-nutricionistas-de-escolas-publicas-em-manaus\\\/\",\"url\":\"https:\\\/\\\/fieam.org.br\\\/sesi\\\/sesi-cozinha-brasil-qualifica-nutricionistas-de-escolas-publicas-em-manaus\\\/\",\"name\":\"SESI Cozinha Brasil qualifica nutricionistas de escolas p\u00fablicas em Manaus - SESI\",\"isPartOf\":{\"@id\":\"https:\\\/\\\/fieam.org.br\\\/sesi\\\/#website\"},\"primaryImageOfPage\":{\"@id\":\"https:\\\/\\\/fieam.org.br\\\/sesi\\\/sesi-cozinha-brasil-qualifica-nutricionistas-de-escolas-publicas-em-manaus\\\/#primaryimage\"},\"image\":{\"@id\":\"https:\\\/\\\/fieam.org.br\\\/sesi\\\/sesi-cozinha-brasil-qualifica-nutricionistas-de-escolas-publicas-em-manaus\\\/#primaryimage\"},\"thumbnailUrl\":\"https:\\\/\\\/fieam.org.br\\\/sesi\\\/wp-content\\\/uploads\\\/sites\\\/14\\\/2016\\\/05\\\/157513868-scaled.jpg\",\"datePublished\":\"2016-05-09T15:41:08+00:00\",\"breadcrumb\":{\"@id\":\"https:\\\/\\\/fieam.org.br\\\/sesi\\\/sesi-cozinha-brasil-qualifica-nutricionistas-de-escolas-publicas-em-manaus\\\/#breadcrumb\"},\"inLanguage\":\"pt-BR\",\"potentialAction\":[{\"@type\":\"ReadAction\",\"target\":[\"https:\\\/\\\/fieam.org.br\\\/sesi\\\/sesi-cozinha-brasil-qualifica-nutricionistas-de-escolas-publicas-em-manaus\\\/\"]}]},{\"@type\":\"ImageObject\",\"inLanguage\":\"pt-BR\",\"@id\":\"https:\\\/\\\/fieam.org.br\\\/sesi\\\/sesi-cozinha-brasil-qualifica-nutricionistas-de-escolas-publicas-em-manaus\\\/#primaryimage\",\"url\":\"https:\\\/\\\/fieam.org.br\\\/sesi\\\/wp-content\\\/uploads\\\/sites\\\/14\\\/2016\\\/05\\\/157513868-scaled.jpg\",\"contentUrl\":\"https:\\\/\\\/fieam.org.br\\\/sesi\\\/wp-content\\\/uploads\\\/sites\\\/14\\\/2016\\\/05\\\/157513868-scaled.jpg\",\"width\":2560,\"height\":1433},{\"@type\":\"BreadcrumbList\",\"@id\":\"https:\\\/\\\/fieam.org.br\\\/sesi\\\/sesi-cozinha-brasil-qualifica-nutricionistas-de-escolas-publicas-em-manaus\\\/#breadcrumb\",\"itemListElement\":[{\"@type\":\"ListItem\",\"position\":1,\"name\":\"In\u00edcio\",\"item\":\"https:\\\/\\\/fieam.org.br\\\/sesi\\\/\"},{\"@type\":\"ListItem\",\"position\":2,\"name\":\"SESI Cozinha Brasil qualifica nutricionistas de escolas p\u00fablicas em Manaus\"}]},{\"@type\":\"WebSite\",\"@id\":\"https:\\\/\\\/fieam.org.br\\\/sesi\\\/#website\",\"url\":\"https:\\\/\\\/fieam.org.br\\\/sesi\\\/\",\"name\":\"SESI\",\"description\":\"Site Oficial!\",\"publisher\":{\"@id\":\"https:\\\/\\\/fieam.org.br\\\/sesi\\\/#organization\"},\"potentialAction\":[{\"@type\":\"SearchAction\",\"target\":{\"@type\":\"EntryPoint\",\"urlTemplate\":\"https:\\\/\\\/fieam.org.br\\\/sesi\\\/?s={search_term_string}\"},\"query-input\":{\"@type\":\"PropertyValueSpecification\",\"valueRequired\":true,\"valueName\":\"search_term_string\"}}],\"inLanguage\":\"pt-BR\"},{\"@type\":\"Organization\",\"@id\":\"https:\\\/\\\/fieam.org.br\\\/sesi\\\/#organization\",\"name\":\"SESI\",\"url\":\"https:\\\/\\\/fieam.org.br\\\/sesi\\\/\",\"logo\":{\"@type\":\"ImageObject\",\"inLanguage\":\"pt-BR\",\"@id\":\"https:\\\/\\\/fieam.org.br\\\/sesi\\\/#\\\/schema\\\/logo\\\/image\\\/\",\"url\":\"https:\\\/\\\/fieam.org.br\\\/sesi\\\/wp-content\\\/uploads\\\/sites\\\/14\\\/2024\\\/03\\\/cropped-fav.png\",\"contentUrl\":\"https:\\\/\\\/fieam.org.br\\\/sesi\\\/wp-content\\\/uploads\\\/sites\\\/14\\\/2024\\\/03\\\/cropped-fav.png\",\"width\":610,\"height\":589,\"caption\":\"SESI\"},\"image\":{\"@id\":\"https:\\\/\\\/fieam.org.br\\\/sesi\\\/#\\\/schema\\\/logo\\\/image\\\/\"}},{\"@type\":\"Person\",\"@id\":\"https:\\\/\\\/fieam.org.br\\\/sesi\\\/#\\\/schema\\\/person\\\/f54998dd14d5f0695b41444f2b01c31e\",\"name\":\"Autor\",\"image\":{\"@type\":\"ImageObject\",\"inLanguage\":\"pt-BR\",\"@id\":\"https:\\\/\\\/secure.gravatar.com\\\/avatar\\\/3732c223e0e1fad69062a8f770955c9068d37b055204f310a0be18d4069fe380?s=96&d=mm&r=g\",\"url\":\"https:\\\/\\\/secure.gravatar.com\\\/avatar\\\/3732c223e0e1fad69062a8f770955c9068d37b055204f310a0be18d4069fe380?s=96&d=mm&r=g\",\"contentUrl\":\"https:\\\/\\\/secure.gravatar.com\\\/avatar\\\/3732c223e0e1fad69062a8f770955c9068d37b055204f310a0be18d4069fe380?s=96&d=mm&r=g\",\"caption\":\"Autor\"},\"sameAs\":[\"https:\\\/\\\/marketingmassivo.com.br\"],\"url\":\"https:\\\/\\\/fieam.org.br\\\/sesi\\\/author\\\/admin\\\/\"}]}<\/script>\n<!-- \/ Yoast SEO plugin. -->","yoast_head_json":{"title":"SESI Cozinha Brasil qualifica nutricionistas de escolas p\u00fablicas em Manaus - SESI","robots":{"index":"index","follow":"follow","max-snippet":"max-snippet:-1","max-image-preview":"max-image-preview:large","max-video-preview":"max-video-preview:-1"},"canonical":"https:\/\/fieam.org.br\/sesi\/sesi-cozinha-brasil-qualifica-nutricionistas-de-escolas-publicas-em-manaus\/","og_locale":"pt_BR","og_type":"article","og_title":"SESI Cozinha Brasil qualifica nutricionistas de escolas p\u00fablicas em Manaus - SESI","og_description":"O Servi\u00e7o Social da Ind\u00fastria (SESI Amazonas), em parceria com o Minist\u00e9rio da Agricultura, Pecu\u00e1ria e Abastecimento (Mapa) e o Fundo Nacional de Desenvolvimento da Educa\u00e7\u00e3o (FNDE), promove nos dias 10, 11 e 12 de maio, \u00e0s 8h30, oficina sobre o consumo de pescado entre crian\u00e7as e adolescentes nas escolas p\u00fablicas do Amazonas. O evento [&hellip;]","og_url":"https:\/\/fieam.org.br\/sesi\/sesi-cozinha-brasil-qualifica-nutricionistas-de-escolas-publicas-em-manaus\/","og_site_name":"SESI","article_published_time":"2016-05-09T15:41:08+00:00","og_image":[{"width":2560,"height":1433,"url":"https:\/\/fieam.org.br\/sesi\/wp-content\/uploads\/sites\/14\/2016\/05\/157513868-scaled.jpg","type":"image\/jpeg"}],"author":"Autor","twitter_card":"summary_large_image","twitter_misc":{"Escrito por":"Autor","Est. tempo de leitura":"1 minuto"},"schema":{"@context":"https:\/\/schema.org","@graph":[{"@type":"Article","@id":"https:\/\/fieam.org.br\/sesi\/sesi-cozinha-brasil-qualifica-nutricionistas-de-escolas-publicas-em-manaus\/#article","isPartOf":{"@id":"https:\/\/fieam.org.br\/sesi\/sesi-cozinha-brasil-qualifica-nutricionistas-de-escolas-publicas-em-manaus\/"},"author":{"name":"Autor","@id":"https:\/\/fieam.org.br\/sesi\/#\/schema\/person\/f54998dd14d5f0695b41444f2b01c31e"},"headline":"SESI Cozinha Brasil qualifica nutricionistas de escolas p\u00fablicas em Manaus","datePublished":"2016-05-09T15:41:08+00:00","mainEntityOfPage":{"@id":"https:\/\/fieam.org.br\/sesi\/sesi-cozinha-brasil-qualifica-nutricionistas-de-escolas-publicas-em-manaus\/"},"wordCount":255,"commentCount":0,"publisher":{"@id":"https:\/\/fieam.org.br\/sesi\/#organization"},"image":{"@id":"https:\/\/fieam.org.br\/sesi\/sesi-cozinha-brasil-qualifica-nutricionistas-de-escolas-publicas-em-manaus\/#primaryimage"},"thumbnailUrl":"https:\/\/fieam.org.br\/sesi\/wp-content\/uploads\/sites\/14\/2016\/05\/157513868-scaled.jpg","articleSection":["News"],"inLanguage":"pt-BR","potentialAction":[{"@type":"CommentAction","name":"Comment","target":["https:\/\/fieam.org.br\/sesi\/sesi-cozinha-brasil-qualifica-nutricionistas-de-escolas-publicas-em-manaus\/#respond"]}]},{"@type":"WebPage","@id":"https:\/\/fieam.org.br\/sesi\/sesi-cozinha-brasil-qualifica-nutricionistas-de-escolas-publicas-em-manaus\/","url":"https:\/\/fieam.org.br\/sesi\/sesi-cozinha-brasil-qualifica-nutricionistas-de-escolas-publicas-em-manaus\/","name":"SESI Cozinha Brasil qualifica nutricionistas de escolas p\u00fablicas em Manaus - SESI","isPartOf":{"@id":"https:\/\/fieam.org.br\/sesi\/#website"},"primaryImageOfPage":{"@id":"https:\/\/fieam.org.br\/sesi\/sesi-cozinha-brasil-qualifica-nutricionistas-de-escolas-publicas-em-manaus\/#primaryimage"},"image":{"@id":"https:\/\/fieam.org.br\/sesi\/sesi-cozinha-brasil-qualifica-nutricionistas-de-escolas-publicas-em-manaus\/#primaryimage"},"thumbnailUrl":"https:\/\/fieam.org.br\/sesi\/wp-content\/uploads\/sites\/14\/2016\/05\/157513868-scaled.jpg","datePublished":"2016-05-09T15:41:08+00:00","breadcrumb":{"@id":"https:\/\/fieam.org.br\/sesi\/sesi-cozinha-brasil-qualifica-nutricionistas-de-escolas-publicas-em-manaus\/#breadcrumb"},"inLanguage":"pt-BR","potentialAction":[{"@type":"ReadAction","target":["https:\/\/fieam.org.br\/sesi\/sesi-cozinha-brasil-qualifica-nutricionistas-de-escolas-publicas-em-manaus\/"]}]},{"@type":"ImageObject","inLanguage":"pt-BR","@id":"https:\/\/fieam.org.br\/sesi\/sesi-cozinha-brasil-qualifica-nutricionistas-de-escolas-publicas-em-manaus\/#primaryimage","url":"https:\/\/fieam.org.br\/sesi\/wp-content\/uploads\/sites\/14\/2016\/05\/157513868-scaled.jpg","contentUrl":"https:\/\/fieam.org.br\/sesi\/wp-content\/uploads\/sites\/14\/2016\/05\/157513868-scaled.jpg","width":2560,"height":1433},{"@type":"BreadcrumbList","@id":"https:\/\/fieam.org.br\/sesi\/sesi-cozinha-brasil-qualifica-nutricionistas-de-escolas-publicas-em-manaus\/#breadcrumb","itemListElement":[{"@type":"ListItem","position":1,"name":"In\u00edcio","item":"https:\/\/fieam.org.br\/sesi\/"},{"@type":"ListItem","position":2,"name":"SESI Cozinha Brasil qualifica nutricionistas de escolas p\u00fablicas em Manaus"}]},{"@type":"WebSite","@id":"https:\/\/fieam.org.br\/sesi\/#website","url":"https:\/\/fieam.org.br\/sesi\/","name":"SESI","description":"Site Oficial!","publisher":{"@id":"https:\/\/fieam.org.br\/sesi\/#organization"},"potentialAction":[{"@type":"SearchAction","target":{"@type":"EntryPoint","urlTemplate":"https:\/\/fieam.org.br\/sesi\/?s={search_term_string}"},"query-input":{"@type":"PropertyValueSpecification","valueRequired":true,"valueName":"search_term_string"}}],"inLanguage":"pt-BR"},{"@type":"Organization","@id":"https:\/\/fieam.org.br\/sesi\/#organization","name":"SESI","url":"https:\/\/fieam.org.br\/sesi\/","logo":{"@type":"ImageObject","inLanguage":"pt-BR","@id":"https:\/\/fieam.org.br\/sesi\/#\/schema\/logo\/image\/","url":"https:\/\/fieam.org.br\/sesi\/wp-content\/uploads\/sites\/14\/2024\/03\/cropped-fav.png","contentUrl":"https:\/\/fieam.org.br\/sesi\/wp-content\/uploads\/sites\/14\/2024\/03\/cropped-fav.png","width":610,"height":589,"caption":"SESI"},"image":{"@id":"https:\/\/fieam.org.br\/sesi\/#\/schema\/logo\/image\/"}},{"@type":"Person","@id":"https:\/\/fieam.org.br\/sesi\/#\/schema\/person\/f54998dd14d5f0695b41444f2b01c31e","name":"Autor","image":{"@type":"ImageObject","inLanguage":"pt-BR","@id":"https:\/\/secure.gravatar.com\/avatar\/3732c223e0e1fad69062a8f770955c9068d37b055204f310a0be18d4069fe380?s=96&d=mm&r=g","url":"https:\/\/secure.gravatar.com\/avatar\/3732c223e0e1fad69062a8f770955c9068d37b055204f310a0be18d4069fe380?s=96&d=mm&r=g","contentUrl":"https:\/\/secure.gravatar.com\/avatar\/3732c223e0e1fad69062a8f770955c9068d37b055204f310a0be18d4069fe380?s=96&d=mm&r=g","caption":"Autor"},"sameAs":["https:\/\/marketingmassivo.com.br"],"url":"https:\/\/fieam.org.br\/sesi\/author\/admin\/"}]}},"_links":{"self":[{"href":"https:\/\/fieam.org.br\/sesi\/wp-json\/wp\/v2\/posts\/8512","targetHints":{"allow":["GET"]}}],"collection":[{"href":"https:\/\/fieam.org.br\/sesi\/wp-json\/wp\/v2\/posts"}],"about":[{"href":"https:\/\/fieam.org.br\/sesi\/wp-json\/wp\/v2\/types\/post"}],"author":[{"embeddable":true,"href":"https:\/\/fieam.org.br\/sesi\/wp-json\/wp\/v2\/users\/1"}],"replies":[{"embeddable":true,"href":"https:\/\/fieam.org.br\/sesi\/wp-json\/wp\/v2\/comments?post=8512"}],"version-history":[{"count":0,"href":"https:\/\/fieam.org.br\/sesi\/wp-json\/wp\/v2\/posts\/8512\/revisions"}],"wp:featuredmedia":[{"embeddable":true,"href":"https:\/\/fieam.org.br\/sesi\/wp-json\/wp\/v2\/media\/8513"}],"wp:attachment":[{"href":"https:\/\/fieam.org.br\/sesi\/wp-json\/wp\/v2\/media?parent=8512"}],"wp:term":[{"taxonomy":"category","embeddable":true,"href":"https:\/\/fieam.org.br\/sesi\/wp-json\/wp\/v2\/categories?post=8512"},{"taxonomy":"post_tag","embeddable":true,"href":"https:\/\/fieam.org.br\/sesi\/wp-json\/wp\/v2\/tags?post=8512"}],"curies":[{"name":"wp","href":"https:\/\/api.w.org\/{rel}","templated":true}]}}