{"id":8469,"date":"2016-05-04T15:46:35","date_gmt":"2016-05-04T15:46:35","guid":{"rendered":"http:\/\/www.fieam.org.br\/2015\/sesi\/?p=8469"},"modified":"2016-05-04T15:46:35","modified_gmt":"2016-05-04T15:46:35","slug":"acao-global-vai-a-presidente-figueiredo","status":"publish","type":"post","link":"https:\/\/fieam.org.br\/sesi\/acao-global-vai-a-presidente-figueiredo\/","title":{"rendered":"A\u00e7\u00e3o Global vai a Presidente Figueiredo"},"content":{"rendered":"<figure id=\"attachment_8470\" aria-describedby=\"caption-attachment-8470\" style=\"width: 288px\" class=\"wp-caption alignleft\"><a href=\"http:\/\/www.fieam.org.br\/2015\/sesi\/wp-content\/uploads\/sites\/2\/2016\/05\/Rosana-Vasconcelos-diretora-t\u00e9cnica-do-SESI.jpg\"><img fetchpriority=\"high\" decoding=\"async\" class=\" wp-image-8470\" src=\"http:\/\/www.fieam.org.br\/2015\/sesi\/wp-content\/uploads\/sites\/2\/2016\/05\/Rosana-Vasconcelos-diretora-t\u00e9cnica-do-SESI-1024x683.jpg\" alt=\"Rosana Vasconcelos - diretora t\u00e9cnica do SESI\" width=\"288\" height=\"192\" \/><\/a><figcaption id=\"caption-attachment-8470\" class=\"wp-caption-text\">Rosana Vasconcelos &#8211; diretora t\u00e9cnica do SESI<\/figcaption><\/figure>\n<p>Depois de beneficiar os munic\u00edpios de Iranduba e Itacoatiara, nos \u00faltimos dois anos, o <a href=\"http:\/\/www.fieam.org.br\/2015\/sesi\/\">SESI (Servi\u00e7o Social da Ind\u00fastria)<\/a> leva o programa A\u00e7\u00e3o Global, em 2016, para Presidente Figueiredo, a 107 quil\u00f4metros de Manaus. Como acontece h\u00e1 23 anos, o programa desenvolvido em todo o territ\u00f3rio nacional leva \u00e0 \u201cterra das cachoeiras\u201d, dia 21 de maio, servi\u00e7os gratuitos para a popula\u00e7\u00e3o, com foco em qualidade de vida, educa\u00e7\u00e3o e cidadania.<\/p>\n<p>A sa\u00edda para o interior, depois de 20 edi\u00e7\u00f5es do programa em Manaus, segundo a diretora t\u00e9cnica do SESI Amazonas, Rosana Vasconcelos, leva em conta uma popula\u00e7\u00e3o que vive mais distante dos servi\u00e7os oferecidos todos os anos no evento. Em 2014, o programa proporcionou mais de 58,4 mil atendimentos, para 29,2 mil pessoas no distrito do Cacau Pir\u00eara, em Iranduba, a 25 quil\u00f4metros de Manaus. Em 2015, foi a vez de Itacoatiara, a 220 quil\u00f4metros da capital, onde 30,8 mil pessoas foram beneficiadas com 61.753 atendimentos.<\/p>\n<p>Em Presidente Figueiredo, para uma popula\u00e7\u00e3o de 32,8 mil habitantes, conforme a mais recente estimativa do IBGE (2015), o SESI tem como meta realizar 30 mil atendimentos para um p\u00fablico de 15 mil pessoas. Para isso, os organizadores esperam atrair cerca de 600 volunt\u00e1rios de empresas e institui\u00e7\u00f5es parceiras. Este ano, a A\u00e7\u00e3o Global tem como tema \u201cQualidade de Vida\u201d e vai oferecer orienta\u00e7\u00f5es nutricionais e de sa\u00fade, e oficinas esportivas, al\u00e9m de a\u00e7\u00f5es de combate ao mosquito Aedes aegypti.<\/p>\n<p>&nbsp;<\/p>\n<p><strong>Parcerias<\/strong><\/p>\n<p>Iniciativa do SESI em parceria com a Rede Globo, a A\u00e7\u00e3o Global, foi realizada pela primeira vez no Amazonas em 1996, quando o programa, iniciado em 1991, no SESI de Minas Gerais, passou a ser realizado nos 26 estados brasileiros e no Distrito Federal. Nesses 20 anos, mais de 863 mil pessoas foram beneficiadas com mais de 1,6 milh\u00e3o de atendimentos no Estado.<\/p>\n<p>Em sua 23\u00aa edi\u00e7\u00e3o no Amazonas, em 2016, a A\u00e7\u00e3o Global ocupar\u00e1, no dia 21 de maio, a sede do N\u00facleo de Ensino Superior da Universidade do Estado do Amazonas (UEA) e a Escola Municipal Deisy Lammel Hemdges, em Presidente Figueiredo. De acordo com a coordenadora estadual, Sim\u00f4nica Sidrim, para um munic\u00edpio com quase 33 mil habitantes, o programa tem como meta atender pelo menos a metade dessa popula\u00e7\u00e3o.<\/p>\n<p>O programa, de acordo com a diretora t\u00e9cnica do SESI Amazonas, representa uma importante contribui\u00e7\u00e3o da ind\u00fastria brasileira para a transforma\u00e7\u00e3o social no pa\u00eds. \u201cParte dos cerca de 40 mil volunt\u00e1rios reunidos em 20 anos de A\u00e7\u00e3o Global no Amazonas vem do pr\u00f3prio segmento industrial, sem contar que as empresas participam com apoio log\u00edstico ou ampliando a oferta de servi\u00e7os para a popula\u00e7\u00e3o\u201d, diz Rosana Vasconcelos.<\/p>\n<p>&nbsp;<\/p>\n<p>&nbsp;<\/p>\n<p>O que: <strong>A\u00e7\u00e3o Global 2016<\/strong><\/p>\n<p>&nbsp;<\/p>\n<p>Quando: <strong>21 de maio, das 8h \u00e0s 17h<\/strong><\/p>\n<p>&nbsp;<\/p>\n<p>Local: <strong>N\u00facleo de Ensino Superior \u201cDoroti Alice M\u00fcller Schwade\u201d (UEA) <\/strong>e <strong>Escola Municipal Deisy Lammel Hemdges, em Presidente Figueiredo<\/strong><\/p>\n<p>&nbsp;<\/p>\n<p>Objetivo: <strong>Facilitar o acesso a direitos essenciais aos cidad\u00e3os de baixa renda, por meio da presta\u00e7\u00e3o de servi\u00e7os gratuitos com foco em Qualidade de Vida, Educa\u00e7\u00e3o e Cidadania.<\/strong><\/p>\n<p>&nbsp;<\/p>\n<p>&nbsp;<\/p>\n<p>[nggallery id=4]<\/p>\n<p>&nbsp;<\/p>\n<p><strong>\u00a0\u00a0\u00a0\u00a0\u00a0\u00a0\u00a0\u00a0\u00a0\u00a0\u00a0\u00a0 ATENDIMENTO \u00c0 IMPRENSA<\/strong><\/p>\n<p>&nbsp;<\/p>\n<p><strong>Diretoria de Comunica\u00e7\u00e3o e Marketing do Sistema FIEAM<\/strong><\/p>\n<p>Tel: (92) 3186-6576 Fax: (92) 3186-6579<\/p>\n<p>E-mail: <a href=\"mailto:imprensa@fieam.org.br\">imprensa@fieam.org.br<\/a><\/p>\n<p>Portal: <a href=\"http:\/\/www.fieam.org.br\/\">http:\/\/www.fieam.org.br<\/a><\/p>\n<p><strong>\u00a0\u00a0\u00a0\u00a0\u00a0\u00a0\u00a0\u00a0\u00a0\u00a0\u00a0 Sistema FIEAM nas redes sociais<\/strong><\/p>\n<p><strong>\u00a0\u00a0\u00a0\u00a0\u00a0\u00a0\u00a0\u00a0\u00a0\u00a0\u00a0 FIEAM:<\/strong> <a href=\"https:\/\/www.facebook.com\/fieamoficial\">Facebook<\/a>| <a href=\"https:\/\/twitter.com\/fieam\">Twitter<\/a>| <a href=\"https:\/\/www.instagram.com\/sistemafieam\/\">Instagram<\/a>| \u00a0<a href=\"https:\/\/www.youtube.com\/user\/FIEAM\">You Tube<\/a><\/p>\n<p><strong>\u00a0\u00a0\u00a0\u00a0\u00a0\u00a0\u00a0\u00a0\u00a0\u00a0 <\/strong><strong>SESI:<\/strong> <a href=\"https:\/\/www.facebook.com\/sesiamazonas\">Facebook<\/a>| <a href=\"https:\/\/twitter.com\/sesiamazonas\">Twitter<\/a>| <a href=\"https:\/\/www.instagram.com\/sistemafieam\/\">Instagram<\/a>| \u00a0<a href=\"https:\/\/www.youtube.com\/user\/SESIAmazonas\">You Tube<\/a><\/p>\n<p><strong>\u00a0\u00a0\u00a0\u00a0\u00a0\u00a0\u00a0\u00a0\u00a0\u00a0 SENAI:<\/strong> <a href=\"https:\/\/www.facebook.com\/senaiamazonas\">Facebook<\/a>| <a href=\"https:\/\/twitter.com\/senaiamazonas\">Twitter<\/a>| <a href=\"https:\/\/www.instagram.com\/sistemafieam\/\">Instagram<\/a>| \u00a0<a href=\"https:\/\/www.youtube.com\/user\/SENAIAmazonas\">You Tube<\/a><\/p>\n<p><strong>\u00a0\u00a0\u00a0\u00a0\u00a0\u00a0\u00a0\u00a0\u00a0\u00a0 IEL:<\/strong> <a href=\"https:\/\/www.facebook.com\/ielamazonas\">Facebook<\/a>| <a href=\"https:\/\/twitter.com\/ielamazonas\">Twitter<\/a>| <a href=\"https:\/\/www.instagram.com\/sistemafieam\/\">Instagram<\/a>| \u00a0<a href=\"https:\/\/www.youtube.com\/user\/IELAmazonas\">You Tube<\/a><\/p>\n","protected":false},"excerpt":{"rendered":"<p>Depois de beneficiar os munic\u00edpios de Iranduba e Itacoatiara, nos \u00faltimos dois anos, o SESI (Servi\u00e7o Social da Ind\u00fastria) leva o programa A\u00e7\u00e3o Global, em 2016, para Presidente Figueiredo, a 107 quil\u00f4metros de Manaus. Como acontece h\u00e1 23 anos, o programa desenvolvido em todo o territ\u00f3rio nacional leva \u00e0 \u201cterra das cachoeiras\u201d, dia 21 de [&hellip;]<\/p>\n","protected":false},"author":1,"featured_media":8471,"comment_status":"open","ping_status":"open","sticky":false,"template":"","format":"standard","meta":{"footnotes":""},"categories":[25],"tags":[],"class_list":["post-8469","post","type-post","status-publish","format-standard","has-post-thumbnail","hentry","category-news"],"yoast_head":"<!-- This site is optimized with the Yoast SEO plugin v28.2 - https:\/\/yoast.com\/product\/yoast-seo-wordpress\/ -->\n<title>A\u00e7\u00e3o Global vai a Presidente Figueiredo - SESI<\/title>\n<meta name=\"robots\" content=\"index, follow, max-snippet:-1, max-image-preview:large, max-video-preview:-1\" \/>\n<link rel=\"canonical\" href=\"https:\/\/fieam.org.br\/sesi\/acao-global-vai-a-presidente-figueiredo\/\" \/>\n<meta property=\"og:locale\" content=\"pt_BR\" \/>\n<meta property=\"og:type\" content=\"article\" \/>\n<meta property=\"og:title\" content=\"A\u00e7\u00e3o Global vai a Presidente Figueiredo - SESI\" \/>\n<meta property=\"og:description\" content=\"Depois de beneficiar os munic\u00edpios de Iranduba e Itacoatiara, nos \u00faltimos dois anos, o SESI (Servi\u00e7o Social da Ind\u00fastria) leva o programa A\u00e7\u00e3o Global, em 2016, para Presidente Figueiredo, a 107 quil\u00f4metros de Manaus. Como acontece h\u00e1 23 anos, o programa desenvolvido em todo o territ\u00f3rio nacional leva \u00e0 \u201cterra das cachoeiras\u201d, dia 21 de [&hellip;]\" \/>\n<meta property=\"og:url\" content=\"https:\/\/fieam.org.br\/sesi\/acao-global-vai-a-presidente-figueiredo\/\" \/>\n<meta property=\"og:site_name\" content=\"SESI\" \/>\n<meta property=\"article:published_time\" content=\"2016-05-04T15:46:35+00:00\" \/>\n<meta name=\"author\" content=\"Autor\" \/>\n<meta name=\"twitter:card\" content=\"summary_large_image\" \/>\n<meta name=\"twitter:label1\" content=\"Escrito por\" \/>\n\t<meta name=\"twitter:data1\" content=\"Autor\" \/>\n\t<meta name=\"twitter:label2\" content=\"Est. tempo de leitura\" \/>\n\t<meta name=\"twitter:data2\" content=\"3 minutos\" \/>\n<script type=\"application\/ld+json\" class=\"yoast-schema-graph\">{\"@context\":\"https:\\\/\\\/schema.org\",\"@graph\":[{\"@type\":\"Article\",\"@id\":\"https:\\\/\\\/fieam.org.br\\\/sesi\\\/acao-global-vai-a-presidente-figueiredo\\\/#article\",\"isPartOf\":{\"@id\":\"https:\\\/\\\/fieam.org.br\\\/sesi\\\/acao-global-vai-a-presidente-figueiredo\\\/\"},\"author\":{\"name\":\"Autor\",\"@id\":\"https:\\\/\\\/fieam.org.br\\\/sesi\\\/#\\\/schema\\\/person\\\/f54998dd14d5f0695b41444f2b01c31e\"},\"headline\":\"A\u00e7\u00e3o Global vai a Presidente Figueiredo\",\"datePublished\":\"2016-05-04T15:46:35+00:00\",\"mainEntityOfPage\":{\"@id\":\"https:\\\/\\\/fieam.org.br\\\/sesi\\\/acao-global-vai-a-presidente-figueiredo\\\/\"},\"wordCount\":603,\"commentCount\":0,\"publisher\":{\"@id\":\"https:\\\/\\\/fieam.org.br\\\/sesi\\\/#organization\"},\"image\":{\"@id\":\"https:\\\/\\\/fieam.org.br\\\/sesi\\\/acao-global-vai-a-presidente-figueiredo\\\/#primaryimage\"},\"thumbnailUrl\":\"\",\"articleSection\":[\"News\"],\"inLanguage\":\"pt-BR\",\"potentialAction\":[{\"@type\":\"CommentAction\",\"name\":\"Comment\",\"target\":[\"https:\\\/\\\/fieam.org.br\\\/sesi\\\/acao-global-vai-a-presidente-figueiredo\\\/#respond\"]}]},{\"@type\":\"WebPage\",\"@id\":\"https:\\\/\\\/fieam.org.br\\\/sesi\\\/acao-global-vai-a-presidente-figueiredo\\\/\",\"url\":\"https:\\\/\\\/fieam.org.br\\\/sesi\\\/acao-global-vai-a-presidente-figueiredo\\\/\",\"name\":\"A\u00e7\u00e3o Global vai a Presidente Figueiredo - SESI\",\"isPartOf\":{\"@id\":\"https:\\\/\\\/fieam.org.br\\\/sesi\\\/#website\"},\"primaryImageOfPage\":{\"@id\":\"https:\\\/\\\/fieam.org.br\\\/sesi\\\/acao-global-vai-a-presidente-figueiredo\\\/#primaryimage\"},\"image\":{\"@id\":\"https:\\\/\\\/fieam.org.br\\\/sesi\\\/acao-global-vai-a-presidente-figueiredo\\\/#primaryimage\"},\"thumbnailUrl\":\"\",\"datePublished\":\"2016-05-04T15:46:35+00:00\",\"breadcrumb\":{\"@id\":\"https:\\\/\\\/fieam.org.br\\\/sesi\\\/acao-global-vai-a-presidente-figueiredo\\\/#breadcrumb\"},\"inLanguage\":\"pt-BR\",\"potentialAction\":[{\"@type\":\"ReadAction\",\"target\":[\"https:\\\/\\\/fieam.org.br\\\/sesi\\\/acao-global-vai-a-presidente-figueiredo\\\/\"]}]},{\"@type\":\"ImageObject\",\"inLanguage\":\"pt-BR\",\"@id\":\"https:\\\/\\\/fieam.org.br\\\/sesi\\\/acao-global-vai-a-presidente-figueiredo\\\/#primaryimage\",\"url\":\"\",\"contentUrl\":\"\"},{\"@type\":\"BreadcrumbList\",\"@id\":\"https:\\\/\\\/fieam.org.br\\\/sesi\\\/acao-global-vai-a-presidente-figueiredo\\\/#breadcrumb\",\"itemListElement\":[{\"@type\":\"ListItem\",\"position\":1,\"name\":\"In\u00edcio\",\"item\":\"https:\\\/\\\/fieam.org.br\\\/sesi\\\/\"},{\"@type\":\"ListItem\",\"position\":2,\"name\":\"A\u00e7\u00e3o Global vai a Presidente Figueiredo\"}]},{\"@type\":\"WebSite\",\"@id\":\"https:\\\/\\\/fieam.org.br\\\/sesi\\\/#website\",\"url\":\"https:\\\/\\\/fieam.org.br\\\/sesi\\\/\",\"name\":\"SESI\",\"description\":\"Site Oficial!\",\"publisher\":{\"@id\":\"https:\\\/\\\/fieam.org.br\\\/sesi\\\/#organization\"},\"potentialAction\":[{\"@type\":\"SearchAction\",\"target\":{\"@type\":\"EntryPoint\",\"urlTemplate\":\"https:\\\/\\\/fieam.org.br\\\/sesi\\\/?s={search_term_string}\"},\"query-input\":{\"@type\":\"PropertyValueSpecification\",\"valueRequired\":true,\"valueName\":\"search_term_string\"}}],\"inLanguage\":\"pt-BR\"},{\"@type\":\"Organization\",\"@id\":\"https:\\\/\\\/fieam.org.br\\\/sesi\\\/#organization\",\"name\":\"SESI\",\"url\":\"https:\\\/\\\/fieam.org.br\\\/sesi\\\/\",\"logo\":{\"@type\":\"ImageObject\",\"inLanguage\":\"pt-BR\",\"@id\":\"https:\\\/\\\/fieam.org.br\\\/sesi\\\/#\\\/schema\\\/logo\\\/image\\\/\",\"url\":\"https:\\\/\\\/fieam.org.br\\\/sesi\\\/wp-content\\\/uploads\\\/sites\\\/14\\\/2024\\\/03\\\/cropped-fav.png\",\"contentUrl\":\"https:\\\/\\\/fieam.org.br\\\/sesi\\\/wp-content\\\/uploads\\\/sites\\\/14\\\/2024\\\/03\\\/cropped-fav.png\",\"width\":610,\"height\":589,\"caption\":\"SESI\"},\"image\":{\"@id\":\"https:\\\/\\\/fieam.org.br\\\/sesi\\\/#\\\/schema\\\/logo\\\/image\\\/\"}},{\"@type\":\"Person\",\"@id\":\"https:\\\/\\\/fieam.org.br\\\/sesi\\\/#\\\/schema\\\/person\\\/f54998dd14d5f0695b41444f2b01c31e\",\"name\":\"Autor\",\"image\":{\"@type\":\"ImageObject\",\"inLanguage\":\"pt-BR\",\"@id\":\"https:\\\/\\\/secure.gravatar.com\\\/avatar\\\/3732c223e0e1fad69062a8f770955c9068d37b055204f310a0be18d4069fe380?s=96&d=mm&r=g\",\"url\":\"https:\\\/\\\/secure.gravatar.com\\\/avatar\\\/3732c223e0e1fad69062a8f770955c9068d37b055204f310a0be18d4069fe380?s=96&d=mm&r=g\",\"contentUrl\":\"https:\\\/\\\/secure.gravatar.com\\\/avatar\\\/3732c223e0e1fad69062a8f770955c9068d37b055204f310a0be18d4069fe380?s=96&d=mm&r=g\",\"caption\":\"Autor\"},\"sameAs\":[\"https:\\\/\\\/marketingmassivo.com.br\"],\"url\":\"https:\\\/\\\/fieam.org.br\\\/sesi\\\/author\\\/admin\\\/\"}]}<\/script>\n<!-- \/ Yoast SEO plugin. -->","yoast_head_json":{"title":"A\u00e7\u00e3o Global vai a Presidente Figueiredo - SESI","robots":{"index":"index","follow":"follow","max-snippet":"max-snippet:-1","max-image-preview":"max-image-preview:large","max-video-preview":"max-video-preview:-1"},"canonical":"https:\/\/fieam.org.br\/sesi\/acao-global-vai-a-presidente-figueiredo\/","og_locale":"pt_BR","og_type":"article","og_title":"A\u00e7\u00e3o Global vai a Presidente Figueiredo - SESI","og_description":"Depois de beneficiar os munic\u00edpios de Iranduba e Itacoatiara, nos \u00faltimos dois anos, o SESI (Servi\u00e7o Social da Ind\u00fastria) leva o programa A\u00e7\u00e3o Global, em 2016, para Presidente Figueiredo, a 107 quil\u00f4metros de Manaus. Como acontece h\u00e1 23 anos, o programa desenvolvido em todo o territ\u00f3rio nacional leva \u00e0 \u201cterra das cachoeiras\u201d, dia 21 de [&hellip;]","og_url":"https:\/\/fieam.org.br\/sesi\/acao-global-vai-a-presidente-figueiredo\/","og_site_name":"SESI","article_published_time":"2016-05-04T15:46:35+00:00","author":"Autor","twitter_card":"summary_large_image","twitter_misc":{"Escrito por":"Autor","Est. tempo de leitura":"3 minutos"},"schema":{"@context":"https:\/\/schema.org","@graph":[{"@type":"Article","@id":"https:\/\/fieam.org.br\/sesi\/acao-global-vai-a-presidente-figueiredo\/#article","isPartOf":{"@id":"https:\/\/fieam.org.br\/sesi\/acao-global-vai-a-presidente-figueiredo\/"},"author":{"name":"Autor","@id":"https:\/\/fieam.org.br\/sesi\/#\/schema\/person\/f54998dd14d5f0695b41444f2b01c31e"},"headline":"A\u00e7\u00e3o Global vai a Presidente Figueiredo","datePublished":"2016-05-04T15:46:35+00:00","mainEntityOfPage":{"@id":"https:\/\/fieam.org.br\/sesi\/acao-global-vai-a-presidente-figueiredo\/"},"wordCount":603,"commentCount":0,"publisher":{"@id":"https:\/\/fieam.org.br\/sesi\/#organization"},"image":{"@id":"https:\/\/fieam.org.br\/sesi\/acao-global-vai-a-presidente-figueiredo\/#primaryimage"},"thumbnailUrl":"","articleSection":["News"],"inLanguage":"pt-BR","potentialAction":[{"@type":"CommentAction","name":"Comment","target":["https:\/\/fieam.org.br\/sesi\/acao-global-vai-a-presidente-figueiredo\/#respond"]}]},{"@type":"WebPage","@id":"https:\/\/fieam.org.br\/sesi\/acao-global-vai-a-presidente-figueiredo\/","url":"https:\/\/fieam.org.br\/sesi\/acao-global-vai-a-presidente-figueiredo\/","name":"A\u00e7\u00e3o Global vai a Presidente Figueiredo - SESI","isPartOf":{"@id":"https:\/\/fieam.org.br\/sesi\/#website"},"primaryImageOfPage":{"@id":"https:\/\/fieam.org.br\/sesi\/acao-global-vai-a-presidente-figueiredo\/#primaryimage"},"image":{"@id":"https:\/\/fieam.org.br\/sesi\/acao-global-vai-a-presidente-figueiredo\/#primaryimage"},"thumbnailUrl":"","datePublished":"2016-05-04T15:46:35+00:00","breadcrumb":{"@id":"https:\/\/fieam.org.br\/sesi\/acao-global-vai-a-presidente-figueiredo\/#breadcrumb"},"inLanguage":"pt-BR","potentialAction":[{"@type":"ReadAction","target":["https:\/\/fieam.org.br\/sesi\/acao-global-vai-a-presidente-figueiredo\/"]}]},{"@type":"ImageObject","inLanguage":"pt-BR","@id":"https:\/\/fieam.org.br\/sesi\/acao-global-vai-a-presidente-figueiredo\/#primaryimage","url":"","contentUrl":""},{"@type":"BreadcrumbList","@id":"https:\/\/fieam.org.br\/sesi\/acao-global-vai-a-presidente-figueiredo\/#breadcrumb","itemListElement":[{"@type":"ListItem","position":1,"name":"In\u00edcio","item":"https:\/\/fieam.org.br\/sesi\/"},{"@type":"ListItem","position":2,"name":"A\u00e7\u00e3o Global vai a Presidente Figueiredo"}]},{"@type":"WebSite","@id":"https:\/\/fieam.org.br\/sesi\/#website","url":"https:\/\/fieam.org.br\/sesi\/","name":"SESI","description":"Site Oficial!","publisher":{"@id":"https:\/\/fieam.org.br\/sesi\/#organization"},"potentialAction":[{"@type":"SearchAction","target":{"@type":"EntryPoint","urlTemplate":"https:\/\/fieam.org.br\/sesi\/?s={search_term_string}"},"query-input":{"@type":"PropertyValueSpecification","valueRequired":true,"valueName":"search_term_string"}}],"inLanguage":"pt-BR"},{"@type":"Organization","@id":"https:\/\/fieam.org.br\/sesi\/#organization","name":"SESI","url":"https:\/\/fieam.org.br\/sesi\/","logo":{"@type":"ImageObject","inLanguage":"pt-BR","@id":"https:\/\/fieam.org.br\/sesi\/#\/schema\/logo\/image\/","url":"https:\/\/fieam.org.br\/sesi\/wp-content\/uploads\/sites\/14\/2024\/03\/cropped-fav.png","contentUrl":"https:\/\/fieam.org.br\/sesi\/wp-content\/uploads\/sites\/14\/2024\/03\/cropped-fav.png","width":610,"height":589,"caption":"SESI"},"image":{"@id":"https:\/\/fieam.org.br\/sesi\/#\/schema\/logo\/image\/"}},{"@type":"Person","@id":"https:\/\/fieam.org.br\/sesi\/#\/schema\/person\/f54998dd14d5f0695b41444f2b01c31e","name":"Autor","image":{"@type":"ImageObject","inLanguage":"pt-BR","@id":"https:\/\/secure.gravatar.com\/avatar\/3732c223e0e1fad69062a8f770955c9068d37b055204f310a0be18d4069fe380?s=96&d=mm&r=g","url":"https:\/\/secure.gravatar.com\/avatar\/3732c223e0e1fad69062a8f770955c9068d37b055204f310a0be18d4069fe380?s=96&d=mm&r=g","contentUrl":"https:\/\/secure.gravatar.com\/avatar\/3732c223e0e1fad69062a8f770955c9068d37b055204f310a0be18d4069fe380?s=96&d=mm&r=g","caption":"Autor"},"sameAs":["https:\/\/marketingmassivo.com.br"],"url":"https:\/\/fieam.org.br\/sesi\/author\/admin\/"}]}},"_links":{"self":[{"href":"https:\/\/fieam.org.br\/sesi\/wp-json\/wp\/v2\/posts\/8469","targetHints":{"allow":["GET"]}}],"collection":[{"href":"https:\/\/fieam.org.br\/sesi\/wp-json\/wp\/v2\/posts"}],"about":[{"href":"https:\/\/fieam.org.br\/sesi\/wp-json\/wp\/v2\/types\/post"}],"author":[{"embeddable":true,"href":"https:\/\/fieam.org.br\/sesi\/wp-json\/wp\/v2\/users\/1"}],"replies":[{"embeddable":true,"href":"https:\/\/fieam.org.br\/sesi\/wp-json\/wp\/v2\/comments?post=8469"}],"version-history":[{"count":0,"href":"https:\/\/fieam.org.br\/sesi\/wp-json\/wp\/v2\/posts\/8469\/revisions"}],"wp:attachment":[{"href":"https:\/\/fieam.org.br\/sesi\/wp-json\/wp\/v2\/media?parent=8469"}],"wp:term":[{"taxonomy":"category","embeddable":true,"href":"https:\/\/fieam.org.br\/sesi\/wp-json\/wp\/v2\/categories?post=8469"},{"taxonomy":"post_tag","embeddable":true,"href":"https:\/\/fieam.org.br\/sesi\/wp-json\/wp\/v2\/tags?post=8469"}],"curies":[{"name":"wp","href":"https:\/\/api.w.org\/{rel}","templated":true}]}}