{"id":8371,"date":"2016-03-23T15:07:03","date_gmt":"2016-03-23T15:07:03","guid":{"rendered":"http:\/\/www.fieam.org.br\/2015\/sesi\/?p=8371"},"modified":"2016-03-23T15:07:03","modified_gmt":"2016-03-23T15:07:03","slug":"sesi-oferece-cursos-de-informatica-cipa-e-autolideranca","status":"publish","type":"post","link":"https:\/\/fieam.org.br\/sesi\/sesi-oferece-cursos-de-informatica-cipa-e-autolideranca\/","title":{"rendered":"SESI oferece cursos de Inform\u00e1tica, Cipa e Autolideran\u00e7a"},"content":{"rendered":"<p><a href=\"http:\/\/www.fieam.org.br\/2015\/sesi\/\">O Servi\u00e7o Social da Ind\u00fastria (SESI Amazonas)<\/a> por meio do N\u00facleo Integrado de Educa\u00e7\u00e3o Continuada (NIEC) est\u00e1 com inscri\u00e7\u00f5es abertas para os cursos de Inform\u00e1tica B\u00e1sica, Inform\u00e1tica Avan\u00e7ada, Administre seu Dinheiro de Forma Consciente, Autolideran\u00e7a e Comiss\u00e3o Interna de Preven\u00e7\u00e3o de Acidentes (Cipa). Os cursos s\u00e3o direcionados ao p\u00fablico em geral, com prioridade para trabalhadores da ind\u00fastria e seus dependentes, e ser\u00e3o realizados na unidade SESI do bairro Alvorada, zona Centro-Oeste, nos turnos da tarde e noite.<\/p>\n<p>O curso de Inform\u00e1tica B\u00e1sica est\u00e1 previsto para come\u00e7ar em 28 de mar\u00e7o, e o de Inform\u00e1tica Avan\u00e7ada, no dia 18 de abril, ambos com carga de 30 horas, em dois hor\u00e1rios, de 14h \u00e0s 17h e de 18h30 \u00e0s 21h30. Os dois cursos t\u00eam os mesmos valores, R$ 198,00 para industri\u00e1rios e R$ 220 para a comunidade.<\/p>\n<p>Os cursos Administre seu Dinheiro de Forma Consciente e Autolideran\u00e7a ser\u00e3o ministrados em dois dias, de 19h \u00e0s 21h, com carga hor\u00e1ria de 4 horas, e cada um no valor de R$ 48,00, para industri\u00e1rios e familiares, e R$ 60,00 para a comunidade. O primeiro ter\u00e1 in\u00edcio em 31 de mar\u00e7o, e o segundo, em 18 de abril. As vagas s\u00e3o limitadas.<\/p>\n<p>Para atender a uma demanda permanente nas empresas, o SESI volta a oferecer o curso de Cipa, com forma\u00e7\u00e3o de pessoal para atuar na preven\u00e7\u00e3o de acidentes internos. O curso, que tamb\u00e9m \u00e9 dirigido ao p\u00fablico em geral, tem previs\u00e3o para come\u00e7ar em 28 de mar\u00e7o, no valor \u00fanico de R$ 158,00, com carga hor\u00e1ria de 20h, no hor\u00e1rio das 13h30 \u00e0s 17h30.<\/p>\n<p>Para todos os cursos oferecidos o trabalhador da ind\u00fastria deve comparecer munido de c\u00f3pia do RG, CPF, PIS, contracheque e comprovante de resid\u00eancia. Os dependentes do industri\u00e1rio devem levar al\u00e9m da c\u00f3pia do RG, CPF e PIS, certid\u00e3o de nascimento ou casamento. Para o p\u00fablico em geral, s\u00e3o exigidos RG, CPF e comprovante de resid\u00eancia.<\/p>\n<p>Os cursos s\u00e3o realizados no N\u00facleo Integrado de Educa\u00e7\u00e3o Continuada (NIEC), localizado na Rua Vivaldo Lima, s\/n, bairro Alvorada I.<\/p>\n<p>Mais informa\u00e7\u00f5es pelo telefone (92) 3239-1101 ou 3238-9706 e, e-mail: <a href=\"mailto:educacao.continuada@sesiam.org.br\">educacao.continuada@sesiam.org.br<\/a> ou <a href=\"mailto:serem.educacao@sesiam.org.br\">serem.educacao@sesiam.org.br<\/a>.<\/p>\n<p>&nbsp;<\/p>\n<p>&nbsp;<\/p>\n<p><strong>ATENDIMENTO \u00c0 IMPRENSA<\/strong><\/p>\n<p>&nbsp;<\/p>\n<p><strong>Diretoria de Comunica\u00e7\u00e3o e Marketing do Sistema FIEAM<\/strong><\/p>\n<p>Tel: (92) 3186-6576 Fax: (92) 3186-6579<\/p>\n<p>E-mail: <a href=\"mailto:imprensa@fieam.org.br\">imprensa@fieam.org.br<\/a><\/p>\n<p>Portal: <a href=\"http:\/\/www.fieam.org.br\/\">http:\/\/www.fieam.org.br<\/a><\/p>\n<p><strong>Sistema FIEAM nas redes sociais<\/strong><\/p>\n<p><strong>FIEAM:<\/strong> <a href=\"https:\/\/www.facebook.com\/fieamoficial\">Facebook<\/a>| <a href=\"https:\/\/twitter.com\/fieam\">Twitter<\/a>| <a href=\"https:\/\/www.instagram.com\/sistemafieam\/\">Instagram<\/a>| <a href=\"https:\/\/www.youtube.com\/user\/FIEAM\">You Tube<\/a><\/p>\n<p><strong>SESI:<\/strong> <a href=\"https:\/\/www.facebook.com\/sesiamazonas\">Facebook<\/a>| <a href=\"https:\/\/twitter.com\/sesiamazonas\">Twitter<\/a>| <a href=\"https:\/\/www.instagram.com\/sistemafieam\/\">Instagram<\/a>| <a href=\"https:\/\/www.youtube.com\/user\/SESIAmazonas\">You Tube<\/a><\/p>\n<p><strong>SENAI:<\/strong> <a href=\"https:\/\/www.facebook.com\/senaiamazonas\">Facebook<\/a>| <a href=\"https:\/\/twitter.com\/senaiamazonas\">Twitter<\/a>| <a href=\"https:\/\/www.instagram.com\/sistemafieam\/\">Instagram<\/a>| <a href=\"https:\/\/www.youtube.com\/user\/SENAIAmazonas\">You Tube<\/a><\/p>\n<p><strong>IEL:<\/strong> <a href=\"https:\/\/www.facebook.com\/ielamazonas\">Facebook<\/a>| <a href=\"https:\/\/twitter.com\/ielamazonas\">Twitter<\/a>| <a href=\"https:\/\/www.instagram.com\/sistemafieam\/\">Instagram<\/a>| <a href=\"https:\/\/www.youtube.com\/user\/IELAmazonas\">You Tube<\/a><\/p>\n","protected":false},"excerpt":{"rendered":"<p>O Servi\u00e7o Social da Ind\u00fastria (SESI Amazonas) por meio do N\u00facleo Integrado de Educa\u00e7\u00e3o Continuada (NIEC) est\u00e1 com inscri\u00e7\u00f5es abertas para os cursos de Inform\u00e1tica B\u00e1sica, Inform\u00e1tica Avan\u00e7ada, Administre seu Dinheiro de Forma Consciente, Autolideran\u00e7a e Comiss\u00e3o Interna de Preven\u00e7\u00e3o de Acidentes (Cipa). Os cursos s\u00e3o direcionados ao p\u00fablico em geral, com prioridade para trabalhadores [&hellip;]<\/p>\n","protected":false},"author":1,"featured_media":8374,"comment_status":"open","ping_status":"open","sticky":false,"template":"","format":"standard","meta":{"footnotes":""},"categories":[25],"tags":[],"class_list":["post-8371","post","type-post","status-publish","format-standard","has-post-thumbnail","hentry","category-news"],"yoast_head":"<!-- This site is optimized with the Yoast SEO plugin v26.8 - https:\/\/yoast.com\/product\/yoast-seo-wordpress\/ -->\n<title>SESI oferece cursos de Inform\u00e1tica, Cipa e Autolideran\u00e7a - SESI<\/title>\n<meta name=\"robots\" content=\"index, follow, max-snippet:-1, max-image-preview:large, max-video-preview:-1\" \/>\n<link rel=\"canonical\" href=\"https:\/\/fieam.org.br\/sesi\/sesi-oferece-cursos-de-informatica-cipa-e-autolideranca\/\" \/>\n<meta property=\"og:locale\" content=\"pt_BR\" \/>\n<meta property=\"og:type\" content=\"article\" \/>\n<meta property=\"og:title\" content=\"SESI oferece cursos de Inform\u00e1tica, Cipa e Autolideran\u00e7a - SESI\" \/>\n<meta property=\"og:description\" content=\"O Servi\u00e7o Social da Ind\u00fastria (SESI Amazonas) por meio do N\u00facleo Integrado de Educa\u00e7\u00e3o Continuada (NIEC) est\u00e1 com inscri\u00e7\u00f5es abertas para os cursos de Inform\u00e1tica B\u00e1sica, Inform\u00e1tica Avan\u00e7ada, Administre seu Dinheiro de Forma Consciente, Autolideran\u00e7a e Comiss\u00e3o Interna de Preven\u00e7\u00e3o de Acidentes (Cipa). Os cursos s\u00e3o direcionados ao p\u00fablico em geral, com prioridade para trabalhadores [&hellip;]\" \/>\n<meta property=\"og:url\" content=\"https:\/\/fieam.org.br\/sesi\/sesi-oferece-cursos-de-informatica-cipa-e-autolideranca\/\" \/>\n<meta property=\"og:site_name\" content=\"SESI\" \/>\n<meta property=\"article:published_time\" content=\"2016-03-23T15:07:03+00:00\" \/>\n<meta property=\"og:image\" content=\"https:\/\/fieam.org.br\/sesi\/wp-content\/uploads\/sites\/14\/2016\/03\/111.jpg\" \/>\n\t<meta property=\"og:image:width\" content=\"1600\" \/>\n\t<meta property=\"og:image:height\" content=\"1167\" \/>\n\t<meta property=\"og:image:type\" content=\"image\/jpeg\" \/>\n<meta name=\"author\" content=\"Autor\" \/>\n<meta name=\"twitter:card\" content=\"summary_large_image\" \/>\n<meta name=\"twitter:label1\" content=\"Escrito por\" \/>\n\t<meta name=\"twitter:data1\" content=\"Autor\" \/>\n\t<meta name=\"twitter:label2\" content=\"Est. tempo de leitura\" \/>\n\t<meta name=\"twitter:data2\" content=\"2 minutos\" \/>\n<script type=\"application\/ld+json\" class=\"yoast-schema-graph\">{\"@context\":\"https:\/\/schema.org\",\"@graph\":[{\"@type\":\"Article\",\"@id\":\"https:\/\/fieam.org.br\/sesi\/sesi-oferece-cursos-de-informatica-cipa-e-autolideranca\/#article\",\"isPartOf\":{\"@id\":\"https:\/\/fieam.org.br\/sesi\/sesi-oferece-cursos-de-informatica-cipa-e-autolideranca\/\"},\"author\":{\"name\":\"Autor\",\"@id\":\"https:\/\/fieam.org.br\/sesi\/#\/schema\/person\/c1ceda8321521b291cee22da0a7d34be\"},\"headline\":\"SESI oferece cursos de Inform\u00e1tica, Cipa e Autolideran\u00e7a\",\"datePublished\":\"2016-03-23T15:07:03+00:00\",\"mainEntityOfPage\":{\"@id\":\"https:\/\/fieam.org.br\/sesi\/sesi-oferece-cursos-de-informatica-cipa-e-autolideranca\/\"},\"wordCount\":466,\"commentCount\":0,\"publisher\":{\"@id\":\"https:\/\/fieam.org.br\/sesi\/#organization\"},\"image\":{\"@id\":\"https:\/\/fieam.org.br\/sesi\/sesi-oferece-cursos-de-informatica-cipa-e-autolideranca\/#primaryimage\"},\"thumbnailUrl\":\"https:\/\/fieam.org.br\/sesi\/wp-content\/uploads\/sites\/14\/2016\/03\/111.jpg\",\"articleSection\":[\"News\"],\"inLanguage\":\"pt-BR\",\"potentialAction\":[{\"@type\":\"CommentAction\",\"name\":\"Comment\",\"target\":[\"https:\/\/fieam.org.br\/sesi\/sesi-oferece-cursos-de-informatica-cipa-e-autolideranca\/#respond\"]}]},{\"@type\":\"WebPage\",\"@id\":\"https:\/\/fieam.org.br\/sesi\/sesi-oferece-cursos-de-informatica-cipa-e-autolideranca\/\",\"url\":\"https:\/\/fieam.org.br\/sesi\/sesi-oferece-cursos-de-informatica-cipa-e-autolideranca\/\",\"name\":\"SESI oferece cursos de Inform\u00e1tica, Cipa e Autolideran\u00e7a - SESI\",\"isPartOf\":{\"@id\":\"https:\/\/fieam.org.br\/sesi\/#website\"},\"primaryImageOfPage\":{\"@id\":\"https:\/\/fieam.org.br\/sesi\/sesi-oferece-cursos-de-informatica-cipa-e-autolideranca\/#primaryimage\"},\"image\":{\"@id\":\"https:\/\/fieam.org.br\/sesi\/sesi-oferece-cursos-de-informatica-cipa-e-autolideranca\/#primaryimage\"},\"thumbnailUrl\":\"https:\/\/fieam.org.br\/sesi\/wp-content\/uploads\/sites\/14\/2016\/03\/111.jpg\",\"datePublished\":\"2016-03-23T15:07:03+00:00\",\"breadcrumb\":{\"@id\":\"https:\/\/fieam.org.br\/sesi\/sesi-oferece-cursos-de-informatica-cipa-e-autolideranca\/#breadcrumb\"},\"inLanguage\":\"pt-BR\",\"potentialAction\":[{\"@type\":\"ReadAction\",\"target\":[\"https:\/\/fieam.org.br\/sesi\/sesi-oferece-cursos-de-informatica-cipa-e-autolideranca\/\"]}]},{\"@type\":\"ImageObject\",\"inLanguage\":\"pt-BR\",\"@id\":\"https:\/\/fieam.org.br\/sesi\/sesi-oferece-cursos-de-informatica-cipa-e-autolideranca\/#primaryimage\",\"url\":\"https:\/\/fieam.org.br\/sesi\/wp-content\/uploads\/sites\/14\/2016\/03\/111.jpg\",\"contentUrl\":\"https:\/\/fieam.org.br\/sesi\/wp-content\/uploads\/sites\/14\/2016\/03\/111.jpg\",\"width\":1600,\"height\":1167},{\"@type\":\"BreadcrumbList\",\"@id\":\"https:\/\/fieam.org.br\/sesi\/sesi-oferece-cursos-de-informatica-cipa-e-autolideranca\/#breadcrumb\",\"itemListElement\":[{\"@type\":\"ListItem\",\"position\":1,\"name\":\"In\u00edcio\",\"item\":\"https:\/\/fieam.org.br\/sesi\/\"},{\"@type\":\"ListItem\",\"position\":2,\"name\":\"SESI oferece cursos de Inform\u00e1tica, Cipa e Autolideran\u00e7a\"}]},{\"@type\":\"WebSite\",\"@id\":\"https:\/\/fieam.org.br\/sesi\/#website\",\"url\":\"https:\/\/fieam.org.br\/sesi\/\",\"name\":\"SESI\",\"description\":\"Site Oficial!\",\"publisher\":{\"@id\":\"https:\/\/fieam.org.br\/sesi\/#organization\"},\"potentialAction\":[{\"@type\":\"SearchAction\",\"target\":{\"@type\":\"EntryPoint\",\"urlTemplate\":\"https:\/\/fieam.org.br\/sesi\/?s={search_term_string}\"},\"query-input\":{\"@type\":\"PropertyValueSpecification\",\"valueRequired\":true,\"valueName\":\"search_term_string\"}}],\"inLanguage\":\"pt-BR\"},{\"@type\":\"Organization\",\"@id\":\"https:\/\/fieam.org.br\/sesi\/#organization\",\"name\":\"SESI\",\"url\":\"https:\/\/fieam.org.br\/sesi\/\",\"logo\":{\"@type\":\"ImageObject\",\"inLanguage\":\"pt-BR\",\"@id\":\"https:\/\/fieam.org.br\/sesi\/#\/schema\/logo\/image\/\",\"url\":\"https:\/\/fieam.org.br\/sesi\/wp-content\/uploads\/sites\/14\/2024\/03\/cropped-fav.png\",\"contentUrl\":\"https:\/\/fieam.org.br\/sesi\/wp-content\/uploads\/sites\/14\/2024\/03\/cropped-fav.png\",\"width\":610,\"height\":589,\"caption\":\"SESI\"},\"image\":{\"@id\":\"https:\/\/fieam.org.br\/sesi\/#\/schema\/logo\/image\/\"}},{\"@type\":\"Person\",\"@id\":\"https:\/\/fieam.org.br\/sesi\/#\/schema\/person\/c1ceda8321521b291cee22da0a7d34be\",\"name\":\"Autor\",\"image\":{\"@type\":\"ImageObject\",\"inLanguage\":\"pt-BR\",\"@id\":\"https:\/\/fieam.org.br\/sesi\/#\/schema\/person\/image\/\",\"url\":\"https:\/\/secure.gravatar.com\/avatar\/3732c223e0e1fad69062a8f770955c9068d37b055204f310a0be18d4069fe380?s=96&d=mm&r=g\",\"contentUrl\":\"https:\/\/secure.gravatar.com\/avatar\/3732c223e0e1fad69062a8f770955c9068d37b055204f310a0be18d4069fe380?s=96&d=mm&r=g\",\"caption\":\"Autor\"},\"sameAs\":[\"https:\/\/marketingmassivo.com.br\"],\"url\":\"https:\/\/fieam.org.br\/sesi\/author\/admin\/\"}]}<\/script>\n<!-- \/ Yoast SEO plugin. -->","yoast_head_json":{"title":"SESI oferece cursos de Inform\u00e1tica, Cipa e Autolideran\u00e7a - SESI","robots":{"index":"index","follow":"follow","max-snippet":"max-snippet:-1","max-image-preview":"max-image-preview:large","max-video-preview":"max-video-preview:-1"},"canonical":"https:\/\/fieam.org.br\/sesi\/sesi-oferece-cursos-de-informatica-cipa-e-autolideranca\/","og_locale":"pt_BR","og_type":"article","og_title":"SESI oferece cursos de Inform\u00e1tica, Cipa e Autolideran\u00e7a - SESI","og_description":"O Servi\u00e7o Social da Ind\u00fastria (SESI Amazonas) por meio do N\u00facleo Integrado de Educa\u00e7\u00e3o Continuada (NIEC) est\u00e1 com inscri\u00e7\u00f5es abertas para os cursos de Inform\u00e1tica B\u00e1sica, Inform\u00e1tica Avan\u00e7ada, Administre seu Dinheiro de Forma Consciente, Autolideran\u00e7a e Comiss\u00e3o Interna de Preven\u00e7\u00e3o de Acidentes (Cipa). Os cursos s\u00e3o direcionados ao p\u00fablico em geral, com prioridade para trabalhadores [&hellip;]","og_url":"https:\/\/fieam.org.br\/sesi\/sesi-oferece-cursos-de-informatica-cipa-e-autolideranca\/","og_site_name":"SESI","article_published_time":"2016-03-23T15:07:03+00:00","og_image":[{"width":1600,"height":1167,"url":"https:\/\/fieam.org.br\/sesi\/wp-content\/uploads\/sites\/14\/2016\/03\/111.jpg","type":"image\/jpeg"}],"author":"Autor","twitter_card":"summary_large_image","twitter_misc":{"Escrito por":"Autor","Est. tempo de leitura":"2 minutos"},"schema":{"@context":"https:\/\/schema.org","@graph":[{"@type":"Article","@id":"https:\/\/fieam.org.br\/sesi\/sesi-oferece-cursos-de-informatica-cipa-e-autolideranca\/#article","isPartOf":{"@id":"https:\/\/fieam.org.br\/sesi\/sesi-oferece-cursos-de-informatica-cipa-e-autolideranca\/"},"author":{"name":"Autor","@id":"https:\/\/fieam.org.br\/sesi\/#\/schema\/person\/c1ceda8321521b291cee22da0a7d34be"},"headline":"SESI oferece cursos de Inform\u00e1tica, Cipa e Autolideran\u00e7a","datePublished":"2016-03-23T15:07:03+00:00","mainEntityOfPage":{"@id":"https:\/\/fieam.org.br\/sesi\/sesi-oferece-cursos-de-informatica-cipa-e-autolideranca\/"},"wordCount":466,"commentCount":0,"publisher":{"@id":"https:\/\/fieam.org.br\/sesi\/#organization"},"image":{"@id":"https:\/\/fieam.org.br\/sesi\/sesi-oferece-cursos-de-informatica-cipa-e-autolideranca\/#primaryimage"},"thumbnailUrl":"https:\/\/fieam.org.br\/sesi\/wp-content\/uploads\/sites\/14\/2016\/03\/111.jpg","articleSection":["News"],"inLanguage":"pt-BR","potentialAction":[{"@type":"CommentAction","name":"Comment","target":["https:\/\/fieam.org.br\/sesi\/sesi-oferece-cursos-de-informatica-cipa-e-autolideranca\/#respond"]}]},{"@type":"WebPage","@id":"https:\/\/fieam.org.br\/sesi\/sesi-oferece-cursos-de-informatica-cipa-e-autolideranca\/","url":"https:\/\/fieam.org.br\/sesi\/sesi-oferece-cursos-de-informatica-cipa-e-autolideranca\/","name":"SESI oferece cursos de Inform\u00e1tica, Cipa e Autolideran\u00e7a - SESI","isPartOf":{"@id":"https:\/\/fieam.org.br\/sesi\/#website"},"primaryImageOfPage":{"@id":"https:\/\/fieam.org.br\/sesi\/sesi-oferece-cursos-de-informatica-cipa-e-autolideranca\/#primaryimage"},"image":{"@id":"https:\/\/fieam.org.br\/sesi\/sesi-oferece-cursos-de-informatica-cipa-e-autolideranca\/#primaryimage"},"thumbnailUrl":"https:\/\/fieam.org.br\/sesi\/wp-content\/uploads\/sites\/14\/2016\/03\/111.jpg","datePublished":"2016-03-23T15:07:03+00:00","breadcrumb":{"@id":"https:\/\/fieam.org.br\/sesi\/sesi-oferece-cursos-de-informatica-cipa-e-autolideranca\/#breadcrumb"},"inLanguage":"pt-BR","potentialAction":[{"@type":"ReadAction","target":["https:\/\/fieam.org.br\/sesi\/sesi-oferece-cursos-de-informatica-cipa-e-autolideranca\/"]}]},{"@type":"ImageObject","inLanguage":"pt-BR","@id":"https:\/\/fieam.org.br\/sesi\/sesi-oferece-cursos-de-informatica-cipa-e-autolideranca\/#primaryimage","url":"https:\/\/fieam.org.br\/sesi\/wp-content\/uploads\/sites\/14\/2016\/03\/111.jpg","contentUrl":"https:\/\/fieam.org.br\/sesi\/wp-content\/uploads\/sites\/14\/2016\/03\/111.jpg","width":1600,"height":1167},{"@type":"BreadcrumbList","@id":"https:\/\/fieam.org.br\/sesi\/sesi-oferece-cursos-de-informatica-cipa-e-autolideranca\/#breadcrumb","itemListElement":[{"@type":"ListItem","position":1,"name":"In\u00edcio","item":"https:\/\/fieam.org.br\/sesi\/"},{"@type":"ListItem","position":2,"name":"SESI oferece cursos de Inform\u00e1tica, Cipa e Autolideran\u00e7a"}]},{"@type":"WebSite","@id":"https:\/\/fieam.org.br\/sesi\/#website","url":"https:\/\/fieam.org.br\/sesi\/","name":"SESI","description":"Site Oficial!","publisher":{"@id":"https:\/\/fieam.org.br\/sesi\/#organization"},"potentialAction":[{"@type":"SearchAction","target":{"@type":"EntryPoint","urlTemplate":"https:\/\/fieam.org.br\/sesi\/?s={search_term_string}"},"query-input":{"@type":"PropertyValueSpecification","valueRequired":true,"valueName":"search_term_string"}}],"inLanguage":"pt-BR"},{"@type":"Organization","@id":"https:\/\/fieam.org.br\/sesi\/#organization","name":"SESI","url":"https:\/\/fieam.org.br\/sesi\/","logo":{"@type":"ImageObject","inLanguage":"pt-BR","@id":"https:\/\/fieam.org.br\/sesi\/#\/schema\/logo\/image\/","url":"https:\/\/fieam.org.br\/sesi\/wp-content\/uploads\/sites\/14\/2024\/03\/cropped-fav.png","contentUrl":"https:\/\/fieam.org.br\/sesi\/wp-content\/uploads\/sites\/14\/2024\/03\/cropped-fav.png","width":610,"height":589,"caption":"SESI"},"image":{"@id":"https:\/\/fieam.org.br\/sesi\/#\/schema\/logo\/image\/"}},{"@type":"Person","@id":"https:\/\/fieam.org.br\/sesi\/#\/schema\/person\/c1ceda8321521b291cee22da0a7d34be","name":"Autor","image":{"@type":"ImageObject","inLanguage":"pt-BR","@id":"https:\/\/fieam.org.br\/sesi\/#\/schema\/person\/image\/","url":"https:\/\/secure.gravatar.com\/avatar\/3732c223e0e1fad69062a8f770955c9068d37b055204f310a0be18d4069fe380?s=96&d=mm&r=g","contentUrl":"https:\/\/secure.gravatar.com\/avatar\/3732c223e0e1fad69062a8f770955c9068d37b055204f310a0be18d4069fe380?s=96&d=mm&r=g","caption":"Autor"},"sameAs":["https:\/\/marketingmassivo.com.br"],"url":"https:\/\/fieam.org.br\/sesi\/author\/admin\/"}]}},"_links":{"self":[{"href":"https:\/\/fieam.org.br\/sesi\/wp-json\/wp\/v2\/posts\/8371","targetHints":{"allow":["GET"]}}],"collection":[{"href":"https:\/\/fieam.org.br\/sesi\/wp-json\/wp\/v2\/posts"}],"about":[{"href":"https:\/\/fieam.org.br\/sesi\/wp-json\/wp\/v2\/types\/post"}],"author":[{"embeddable":true,"href":"https:\/\/fieam.org.br\/sesi\/wp-json\/wp\/v2\/users\/1"}],"replies":[{"embeddable":true,"href":"https:\/\/fieam.org.br\/sesi\/wp-json\/wp\/v2\/comments?post=8371"}],"version-history":[{"count":0,"href":"https:\/\/fieam.org.br\/sesi\/wp-json\/wp\/v2\/posts\/8371\/revisions"}],"wp:featuredmedia":[{"embeddable":true,"href":"https:\/\/fieam.org.br\/sesi\/wp-json\/wp\/v2\/media\/8374"}],"wp:attachment":[{"href":"https:\/\/fieam.org.br\/sesi\/wp-json\/wp\/v2\/media?parent=8371"}],"wp:term":[{"taxonomy":"category","embeddable":true,"href":"https:\/\/fieam.org.br\/sesi\/wp-json\/wp\/v2\/categories?post=8371"},{"taxonomy":"post_tag","embeddable":true,"href":"https:\/\/fieam.org.br\/sesi\/wp-json\/wp\/v2\/tags?post=8371"}],"curies":[{"name":"wp","href":"https:\/\/api.w.org\/{rel}","templated":true}]}}