{"id":8284,"date":"2016-03-15T15:05:30","date_gmt":"2016-03-15T15:05:30","guid":{"rendered":"http:\/\/www.fieam.org.br\/2015\/sesi\/?p=8284"},"modified":"2016-03-15T15:05:30","modified_gmt":"2016-03-15T15:05:30","slug":"edital-senai-sesi-de-inovacao-2016-fortalecera-cadeias-produtivas-da-industria","status":"publish","type":"post","link":"https:\/\/fieam.org.br\/sesi\/edital-senai-sesi-de-inovacao-2016-fortalecera-cadeias-produtivas-da-industria\/","title":{"rendered":"Edital SENAI SESI de Inova\u00e7\u00e3o 2016  fortalecer\u00e1 cadeias produtivas da ind\u00fastria"},"content":{"rendered":"<p><em>Edi\u00e7\u00e3o deste ano vai aproximar grandes empresas e potenciais fornecedores para o desenvolvimento de \u00a0produtos e processos. Volume de recursos \u00e9 de R$ 23,6 milh\u00f5es<\/em><br \/>\nO <a href=\"http:\/\/www.portaldaindustria.com.br\/senai\/canais\/edital-senai-sesi-de-inovacao\/\"><strong>Edital SENAI SESI<\/strong> de Inova\u00e7\u00e3o<\/a> recebe, a partir desta segunda-feira (14), propostas de empresas interessadas em financiamento para projetos de inova\u00e7\u00e3o tecnol\u00f3gica, de desenvolvimento de prot\u00f3tipos e na \u00e1rea de sa\u00fade e seguran\u00e7a do trabalho. Ser\u00e3o aprovados projetos de at\u00e9 R$ 400 mil de ind\u00fastrias, de todos os portes e setores, e de startups de base tecnol\u00f3gica. No total, ser\u00e3o R$ 23,6 milh\u00f5es. A maior parte (R$ 20 milh\u00f5es) ser\u00e1 executada pelo<strong> <a href=\"http:\/\/www.portaldaindustria.com.br\/senai\/\">Servi\u00e7o Nacional de Aprendizagem Industrial (SENAI)<\/a><\/strong> e o restante (R$ 3,6 milh\u00f5es) pelo Servi\u00e7o Social da Ind\u00fastria (SESI). Nesse \u00faltimo caso, s\u00e3o financiadas especificamente iniciativas que reduzam riscos de doen\u00e7as e de acidentes de trabalho na ind\u00fastria. Todos os concorrentes precisam atuar em parceria com os Departamentos Regionais do SENAI, do SESI ou com o SENAI CETIQT. O documento com todas as regras est\u00e1 dispon\u00edvel em <a href=\"http:\/\/www.portaldaindustria.com.br\/senai\/canais\/edital-senai-sesi-de-inovacao\/\"><strong>www.editaldeinovacao.com.br.<\/strong><\/a><\/p>\n<p>A principal novidade deste ano \u00e9 um esfor\u00e7o de fortalecimento das cadeias produtivas industriais. Institui\u00e7\u00f5es poder\u00e3o apresentar desafios (problemas e oportunidades de melhorias) que dever\u00e3o ser solucionados com novos produtos e processos. O edital far\u00e1 a aproxima\u00e7\u00e3o entre essas institui\u00e7\u00f5es e outras empresas que estejam interessadas em desenvolver as solu\u00e7\u00f5es inovadoras. &#8220;Nosso objetivo \u00e9 conectar empresas nascentes a grandes ind\u00fastrias e, assim, fortalecer as cadeiras produtivas industriais no campo da inova\u00e7\u00e3o&#8221;, afirma o diretor-geral do SENAI, Rafael Lucchesi.<\/p>\n<p>Os projetos ser\u00e3o selecionados com base em crit\u00e9rios como o potencial de inova\u00e7\u00e3o, o valor aplicado em contrapartida ao investimento do edital e o potencial de comercializa\u00e7\u00e3o do produto ou do processo.\u00a0 Outra novidade deste ano \u00e9 o apoio que a Rede de Centros Internacionais de Neg\u00f3cios, coordenada pela Confedera\u00e7\u00e3o Nacional da Ind\u00fastria (CNI), oferecer\u00e1 aos projetos selecionados. A Rede CIN identificar\u00e1 o potencial exportador de cada projeto e oferecer\u00e1 orienta\u00e7\u00e3o aos respons\u00e1veis.<\/p>\n<p><strong>HIST\u00d3RICO<\/strong><\/p>\n<p>Desde a primeira edi\u00e7\u00e3o, em 2004, at\u00e9 2015, o Edital de Inova\u00e7\u00e3o j\u00e1 recebeu 5.450 propostas. Ao todo, 686 projetos foram aprovados.<\/p>\n<p><a href=\"https:\/\/marketingmassivo.com.br\/sesi\/wp-content\/uploads\/sites\/12\/2016\/03\/001.jpg\"><img fetchpriority=\"high\" decoding=\"async\" class=\"alignnone size-full wp-image-8285\" src=\"https:\/\/marketingmassivo.com.br\/sesi\/wp-content\/uploads\/sites\/12\/2016\/03\/001.jpg\" alt=\"001\" width=\"917\" height=\"148\" srcset=\"https:\/\/fieam.org.br\/sesi\/wp-content\/uploads\/sites\/14\/2016\/03\/001.jpg 917w, https:\/\/fieam.org.br\/sesi\/wp-content\/uploads\/sites\/14\/2016\/03\/001-300x48.jpg 300w, https:\/\/fieam.org.br\/sesi\/wp-content\/uploads\/sites\/14\/2016\/03\/001-768x124.jpg 768w\" sizes=\"(max-width: 917px) 100vw, 917px\" \/><\/a><\/p>\n<p>O edital integra os esfor\u00e7os do Sistema Ind\u00fastria para promover a cultura de inova\u00e7\u00e3o entre as empresas brasileiras. &#8220;Temos claro que a inova\u00e7\u00e3o \u00e9 uma das sa\u00eddas para o momento de recess\u00e3o que estamos vivendo&#8221;, avalia Rafael Lucchesi. Ele ressalta que, mesmo no per\u00edodo atual, \u00e9 necess\u00e1rio manter os investimentos nessa \u00e1rea para que, quando a economia retomar a trajet\u00f3ria de crescimento, a ind\u00fastria esteja mais produtiva.<\/p>\n<p>Al\u00e9m do fomento, o SENAI oferece apoio \u00e0s empresas na forma de infraestrutura. Uma rede com 42 institutos de tecnologia com 1,2 mil especialistas presta servi\u00e7os em \u00e1reas como metrologia, testes de qualidade, consultoria em processos produtivos espec\u00edficos de diferentes setores, entre outros. H\u00e1 tamb\u00e9m 16 institutos de inova\u00e7\u00e3o que desenvolvem diretamente com as empresas de todos os portes solu\u00e7\u00f5es inovadoras.<\/p>\n<p>Veja abaixo as principais regras para submeter projetos<\/p>\n<p><strong>Per\u00edodo de submiss\u00e3o<\/strong><\/p>\n<p>De 14 de mar\u00e7o a 7 de novembro, empresas interessadas no financiamento podem apresentar propostas.<\/p>\n<p><strong>An\u00fancio das sele\u00e7\u00f5es<\/strong><\/p>\n<p>Os resultados s\u00e3o apresentados em tr\u00eas momentos: 25 de julho e 7 de novembro de 2016 e 20 de fevereiro de 2017. Dessa forma, a libera\u00e7\u00e3o dos recursos \u00e9 mais r\u00e1pida para os primeiros selecionados.<\/p>\n<p><strong>Categorias do edital<\/strong><\/p>\n<p>Inova\u00e7\u00e3o tecnol\u00f3gica, para projetos de at\u00e9 R$ 400 mil<br \/>\nProt\u00f3tipos de inova\u00e7\u00e3o, para projetos de at\u00e9 R$ 150 mil<br \/>\nInova\u00e7\u00e3o em Sa\u00fade e Seguran\u00e7a no Trabalho e Promo\u00e7\u00e3o da Sa\u00fade, para projetos de at\u00e9 R$ 400 mil<\/p>\n<p><strong>Sele\u00e7\u00e3o das institui\u00e7\u00f5es-\u00e2ncora<\/strong><\/p>\n<p>As institui\u00e7\u00f5es interessadas em propor desafios j\u00e1 podem apresentar suas propostas no endere\u00e7o <a href=\"http:\/\/www.editaldeinovacao.com.br\/\">www.editaldeinovacao.com.br<\/a>. Os desafios selecionados ser\u00e3o anunciados em 1\u00ba de abril, 27 de junho e 10 de outubro.<\/p>\n<p><strong>ATENDIMENTO \u00c0 IMPRENSA<\/strong><br \/>\n<strong>Ger\u00eancia de Jornalismo da CNI<\/strong><\/p>\n<p>(61) 3317-9578 \/ 9825<br \/>\n<a href=\"mailto:imprensa@cni.org.br\">imprensa@cni.org.br<\/a><br \/>\n<a href=\"http:\/\/www.portaldaindustria.com.br\/\">http:\/\/www.portaldaindustria.com.br\/<\/a><br \/>\n<a href=\"https:\/\/twitter.com\/CNI_br\">https:\/\/twitter.com\/CNI_br<\/a><br \/>\n<a href=\"https:\/\/www.facebook.com\/cnibrasil\">https:\/\/www.facebook.com\/cnibrasil<\/a><br \/>\n<a href=\"http:\/\/www.youtube.com\/user\/cniweb\">http:\/\/www.youtube.com\/user\/cniweb<\/a><br \/>\n<a href=\"https:\/\/www.flickr.com\/photos\/cniweb\/\">https:\/\/www.flickr.com\/photos\/cniweb\/<\/a><\/p>\n","protected":false},"excerpt":{"rendered":"<p>Edi\u00e7\u00e3o deste ano vai aproximar grandes empresas e potenciais fornecedores para o desenvolvimento de \u00a0produtos e processos. Volume de recursos \u00e9 de R$ 23,6 milh\u00f5es O Edital SENAI SESI de Inova\u00e7\u00e3o recebe, a partir desta segunda-feira (14), propostas de empresas interessadas em financiamento para projetos de inova\u00e7\u00e3o tecnol\u00f3gica, de desenvolvimento de prot\u00f3tipos e na \u00e1rea [&hellip;]<\/p>\n","protected":false},"author":1,"featured_media":8286,"comment_status":"open","ping_status":"open","sticky":false,"template":"","format":"standard","meta":{"footnotes":""},"categories":[25],"tags":[],"class_list":["post-8284","post","type-post","status-publish","format-standard","has-post-thumbnail","hentry","category-news"],"yoast_head":"<!-- This site is optimized with the Yoast SEO plugin v26.8 - https:\/\/yoast.com\/product\/yoast-seo-wordpress\/ -->\n<title>Edital SENAI SESI de Inova\u00e7\u00e3o 2016 fortalecer\u00e1 cadeias produtivas da ind\u00fastria - SESI<\/title>\n<meta name=\"robots\" content=\"index, follow, max-snippet:-1, max-image-preview:large, max-video-preview:-1\" \/>\n<link rel=\"canonical\" href=\"https:\/\/fieam.org.br\/sesi\/edital-senai-sesi-de-inovacao-2016-fortalecera-cadeias-produtivas-da-industria\/\" \/>\n<meta property=\"og:locale\" content=\"pt_BR\" \/>\n<meta property=\"og:type\" content=\"article\" \/>\n<meta property=\"og:title\" content=\"Edital SENAI SESI de Inova\u00e7\u00e3o 2016 fortalecer\u00e1 cadeias produtivas da ind\u00fastria - SESI\" \/>\n<meta property=\"og:description\" content=\"Edi\u00e7\u00e3o deste ano vai aproximar grandes empresas e potenciais fornecedores para o desenvolvimento de \u00a0produtos e processos. Volume de recursos \u00e9 de R$ 23,6 milh\u00f5es O Edital SENAI SESI de Inova\u00e7\u00e3o recebe, a partir desta segunda-feira (14), propostas de empresas interessadas em financiamento para projetos de inova\u00e7\u00e3o tecnol\u00f3gica, de desenvolvimento de prot\u00f3tipos e na \u00e1rea [&hellip;]\" \/>\n<meta property=\"og:url\" content=\"https:\/\/fieam.org.br\/sesi\/edital-senai-sesi-de-inovacao-2016-fortalecera-cadeias-produtivas-da-industria\/\" \/>\n<meta property=\"og:site_name\" content=\"SESI\" \/>\n<meta property=\"article:published_time\" content=\"2016-03-15T15:05:30+00:00\" \/>\n<meta property=\"og:image\" content=\"https:\/\/fieam.org.br\/sesi\/wp-content\/uploads\/sites\/14\/2016\/03\/002.png\" \/>\n\t<meta property=\"og:image:width\" content=\"800\" \/>\n\t<meta property=\"og:image:height\" content=\"442\" \/>\n\t<meta property=\"og:image:type\" content=\"image\/png\" \/>\n<meta name=\"author\" content=\"Autor\" \/>\n<meta name=\"twitter:card\" content=\"summary_large_image\" \/>\n<meta name=\"twitter:label1\" content=\"Escrito por\" \/>\n\t<meta name=\"twitter:data1\" content=\"Autor\" \/>\n\t<meta name=\"twitter:label2\" content=\"Est. tempo de leitura\" \/>\n\t<meta name=\"twitter:data2\" content=\"4 minutos\" \/>\n<script type=\"application\/ld+json\" class=\"yoast-schema-graph\">{\"@context\":\"https:\/\/schema.org\",\"@graph\":[{\"@type\":\"Article\",\"@id\":\"https:\/\/fieam.org.br\/sesi\/edital-senai-sesi-de-inovacao-2016-fortalecera-cadeias-produtivas-da-industria\/#article\",\"isPartOf\":{\"@id\":\"https:\/\/fieam.org.br\/sesi\/edital-senai-sesi-de-inovacao-2016-fortalecera-cadeias-produtivas-da-industria\/\"},\"author\":{\"name\":\"Autor\",\"@id\":\"https:\/\/fieam.org.br\/sesi\/#\/schema\/person\/c1ceda8321521b291cee22da0a7d34be\"},\"headline\":\"Edital SENAI SESI de Inova\u00e7\u00e3o 2016 fortalecer\u00e1 cadeias produtivas da ind\u00fastria\",\"datePublished\":\"2016-03-15T15:05:30+00:00\",\"mainEntityOfPage\":{\"@id\":\"https:\/\/fieam.org.br\/sesi\/edital-senai-sesi-de-inovacao-2016-fortalecera-cadeias-produtivas-da-industria\/\"},\"wordCount\":712,\"commentCount\":0,\"publisher\":{\"@id\":\"https:\/\/fieam.org.br\/sesi\/#organization\"},\"image\":{\"@id\":\"https:\/\/fieam.org.br\/sesi\/edital-senai-sesi-de-inovacao-2016-fortalecera-cadeias-produtivas-da-industria\/#primaryimage\"},\"thumbnailUrl\":\"https:\/\/fieam.org.br\/sesi\/wp-content\/uploads\/sites\/14\/2016\/03\/002.png\",\"articleSection\":[\"News\"],\"inLanguage\":\"pt-BR\",\"potentialAction\":[{\"@type\":\"CommentAction\",\"name\":\"Comment\",\"target\":[\"https:\/\/fieam.org.br\/sesi\/edital-senai-sesi-de-inovacao-2016-fortalecera-cadeias-produtivas-da-industria\/#respond\"]}]},{\"@type\":\"WebPage\",\"@id\":\"https:\/\/fieam.org.br\/sesi\/edital-senai-sesi-de-inovacao-2016-fortalecera-cadeias-produtivas-da-industria\/\",\"url\":\"https:\/\/fieam.org.br\/sesi\/edital-senai-sesi-de-inovacao-2016-fortalecera-cadeias-produtivas-da-industria\/\",\"name\":\"Edital SENAI SESI de Inova\u00e7\u00e3o 2016 fortalecer\u00e1 cadeias produtivas da ind\u00fastria - SESI\",\"isPartOf\":{\"@id\":\"https:\/\/fieam.org.br\/sesi\/#website\"},\"primaryImageOfPage\":{\"@id\":\"https:\/\/fieam.org.br\/sesi\/edital-senai-sesi-de-inovacao-2016-fortalecera-cadeias-produtivas-da-industria\/#primaryimage\"},\"image\":{\"@id\":\"https:\/\/fieam.org.br\/sesi\/edital-senai-sesi-de-inovacao-2016-fortalecera-cadeias-produtivas-da-industria\/#primaryimage\"},\"thumbnailUrl\":\"https:\/\/fieam.org.br\/sesi\/wp-content\/uploads\/sites\/14\/2016\/03\/002.png\",\"datePublished\":\"2016-03-15T15:05:30+00:00\",\"breadcrumb\":{\"@id\":\"https:\/\/fieam.org.br\/sesi\/edital-senai-sesi-de-inovacao-2016-fortalecera-cadeias-produtivas-da-industria\/#breadcrumb\"},\"inLanguage\":\"pt-BR\",\"potentialAction\":[{\"@type\":\"ReadAction\",\"target\":[\"https:\/\/fieam.org.br\/sesi\/edital-senai-sesi-de-inovacao-2016-fortalecera-cadeias-produtivas-da-industria\/\"]}]},{\"@type\":\"ImageObject\",\"inLanguage\":\"pt-BR\",\"@id\":\"https:\/\/fieam.org.br\/sesi\/edital-senai-sesi-de-inovacao-2016-fortalecera-cadeias-produtivas-da-industria\/#primaryimage\",\"url\":\"https:\/\/fieam.org.br\/sesi\/wp-content\/uploads\/sites\/14\/2016\/03\/002.png\",\"contentUrl\":\"https:\/\/fieam.org.br\/sesi\/wp-content\/uploads\/sites\/14\/2016\/03\/002.png\",\"width\":800,\"height\":442},{\"@type\":\"BreadcrumbList\",\"@id\":\"https:\/\/fieam.org.br\/sesi\/edital-senai-sesi-de-inovacao-2016-fortalecera-cadeias-produtivas-da-industria\/#breadcrumb\",\"itemListElement\":[{\"@type\":\"ListItem\",\"position\":1,\"name\":\"In\u00edcio\",\"item\":\"https:\/\/fieam.org.br\/sesi\/\"},{\"@type\":\"ListItem\",\"position\":2,\"name\":\"Edital SENAI SESI de Inova\u00e7\u00e3o 2016 fortalecer\u00e1 cadeias produtivas da ind\u00fastria\"}]},{\"@type\":\"WebSite\",\"@id\":\"https:\/\/fieam.org.br\/sesi\/#website\",\"url\":\"https:\/\/fieam.org.br\/sesi\/\",\"name\":\"SESI\",\"description\":\"Site Oficial!\",\"publisher\":{\"@id\":\"https:\/\/fieam.org.br\/sesi\/#organization\"},\"potentialAction\":[{\"@type\":\"SearchAction\",\"target\":{\"@type\":\"EntryPoint\",\"urlTemplate\":\"https:\/\/fieam.org.br\/sesi\/?s={search_term_string}\"},\"query-input\":{\"@type\":\"PropertyValueSpecification\",\"valueRequired\":true,\"valueName\":\"search_term_string\"}}],\"inLanguage\":\"pt-BR\"},{\"@type\":\"Organization\",\"@id\":\"https:\/\/fieam.org.br\/sesi\/#organization\",\"name\":\"SESI\",\"url\":\"https:\/\/fieam.org.br\/sesi\/\",\"logo\":{\"@type\":\"ImageObject\",\"inLanguage\":\"pt-BR\",\"@id\":\"https:\/\/fieam.org.br\/sesi\/#\/schema\/logo\/image\/\",\"url\":\"https:\/\/fieam.org.br\/sesi\/wp-content\/uploads\/sites\/14\/2024\/03\/cropped-fav.png\",\"contentUrl\":\"https:\/\/fieam.org.br\/sesi\/wp-content\/uploads\/sites\/14\/2024\/03\/cropped-fav.png\",\"width\":610,\"height\":589,\"caption\":\"SESI\"},\"image\":{\"@id\":\"https:\/\/fieam.org.br\/sesi\/#\/schema\/logo\/image\/\"}},{\"@type\":\"Person\",\"@id\":\"https:\/\/fieam.org.br\/sesi\/#\/schema\/person\/c1ceda8321521b291cee22da0a7d34be\",\"name\":\"Autor\",\"image\":{\"@type\":\"ImageObject\",\"inLanguage\":\"pt-BR\",\"@id\":\"https:\/\/fieam.org.br\/sesi\/#\/schema\/person\/image\/\",\"url\":\"https:\/\/secure.gravatar.com\/avatar\/3732c223e0e1fad69062a8f770955c9068d37b055204f310a0be18d4069fe380?s=96&d=mm&r=g\",\"contentUrl\":\"https:\/\/secure.gravatar.com\/avatar\/3732c223e0e1fad69062a8f770955c9068d37b055204f310a0be18d4069fe380?s=96&d=mm&r=g\",\"caption\":\"Autor\"},\"sameAs\":[\"https:\/\/marketingmassivo.com.br\"],\"url\":\"https:\/\/fieam.org.br\/sesi\/author\/admin\/\"}]}<\/script>\n<!-- \/ Yoast SEO plugin. -->","yoast_head_json":{"title":"Edital SENAI SESI de Inova\u00e7\u00e3o 2016 fortalecer\u00e1 cadeias produtivas da ind\u00fastria - SESI","robots":{"index":"index","follow":"follow","max-snippet":"max-snippet:-1","max-image-preview":"max-image-preview:large","max-video-preview":"max-video-preview:-1"},"canonical":"https:\/\/fieam.org.br\/sesi\/edital-senai-sesi-de-inovacao-2016-fortalecera-cadeias-produtivas-da-industria\/","og_locale":"pt_BR","og_type":"article","og_title":"Edital SENAI SESI de Inova\u00e7\u00e3o 2016 fortalecer\u00e1 cadeias produtivas da ind\u00fastria - SESI","og_description":"Edi\u00e7\u00e3o deste ano vai aproximar grandes empresas e potenciais fornecedores para o desenvolvimento de \u00a0produtos e processos. Volume de recursos \u00e9 de R$ 23,6 milh\u00f5es O Edital SENAI SESI de Inova\u00e7\u00e3o recebe, a partir desta segunda-feira (14), propostas de empresas interessadas em financiamento para projetos de inova\u00e7\u00e3o tecnol\u00f3gica, de desenvolvimento de prot\u00f3tipos e na \u00e1rea [&hellip;]","og_url":"https:\/\/fieam.org.br\/sesi\/edital-senai-sesi-de-inovacao-2016-fortalecera-cadeias-produtivas-da-industria\/","og_site_name":"SESI","article_published_time":"2016-03-15T15:05:30+00:00","og_image":[{"width":800,"height":442,"url":"https:\/\/fieam.org.br\/sesi\/wp-content\/uploads\/sites\/14\/2016\/03\/002.png","type":"image\/png"}],"author":"Autor","twitter_card":"summary_large_image","twitter_misc":{"Escrito por":"Autor","Est. tempo de leitura":"4 minutos"},"schema":{"@context":"https:\/\/schema.org","@graph":[{"@type":"Article","@id":"https:\/\/fieam.org.br\/sesi\/edital-senai-sesi-de-inovacao-2016-fortalecera-cadeias-produtivas-da-industria\/#article","isPartOf":{"@id":"https:\/\/fieam.org.br\/sesi\/edital-senai-sesi-de-inovacao-2016-fortalecera-cadeias-produtivas-da-industria\/"},"author":{"name":"Autor","@id":"https:\/\/fieam.org.br\/sesi\/#\/schema\/person\/c1ceda8321521b291cee22da0a7d34be"},"headline":"Edital SENAI SESI de Inova\u00e7\u00e3o 2016 fortalecer\u00e1 cadeias produtivas da ind\u00fastria","datePublished":"2016-03-15T15:05:30+00:00","mainEntityOfPage":{"@id":"https:\/\/fieam.org.br\/sesi\/edital-senai-sesi-de-inovacao-2016-fortalecera-cadeias-produtivas-da-industria\/"},"wordCount":712,"commentCount":0,"publisher":{"@id":"https:\/\/fieam.org.br\/sesi\/#organization"},"image":{"@id":"https:\/\/fieam.org.br\/sesi\/edital-senai-sesi-de-inovacao-2016-fortalecera-cadeias-produtivas-da-industria\/#primaryimage"},"thumbnailUrl":"https:\/\/fieam.org.br\/sesi\/wp-content\/uploads\/sites\/14\/2016\/03\/002.png","articleSection":["News"],"inLanguage":"pt-BR","potentialAction":[{"@type":"CommentAction","name":"Comment","target":["https:\/\/fieam.org.br\/sesi\/edital-senai-sesi-de-inovacao-2016-fortalecera-cadeias-produtivas-da-industria\/#respond"]}]},{"@type":"WebPage","@id":"https:\/\/fieam.org.br\/sesi\/edital-senai-sesi-de-inovacao-2016-fortalecera-cadeias-produtivas-da-industria\/","url":"https:\/\/fieam.org.br\/sesi\/edital-senai-sesi-de-inovacao-2016-fortalecera-cadeias-produtivas-da-industria\/","name":"Edital SENAI SESI de Inova\u00e7\u00e3o 2016 fortalecer\u00e1 cadeias produtivas da ind\u00fastria - SESI","isPartOf":{"@id":"https:\/\/fieam.org.br\/sesi\/#website"},"primaryImageOfPage":{"@id":"https:\/\/fieam.org.br\/sesi\/edital-senai-sesi-de-inovacao-2016-fortalecera-cadeias-produtivas-da-industria\/#primaryimage"},"image":{"@id":"https:\/\/fieam.org.br\/sesi\/edital-senai-sesi-de-inovacao-2016-fortalecera-cadeias-produtivas-da-industria\/#primaryimage"},"thumbnailUrl":"https:\/\/fieam.org.br\/sesi\/wp-content\/uploads\/sites\/14\/2016\/03\/002.png","datePublished":"2016-03-15T15:05:30+00:00","breadcrumb":{"@id":"https:\/\/fieam.org.br\/sesi\/edital-senai-sesi-de-inovacao-2016-fortalecera-cadeias-produtivas-da-industria\/#breadcrumb"},"inLanguage":"pt-BR","potentialAction":[{"@type":"ReadAction","target":["https:\/\/fieam.org.br\/sesi\/edital-senai-sesi-de-inovacao-2016-fortalecera-cadeias-produtivas-da-industria\/"]}]},{"@type":"ImageObject","inLanguage":"pt-BR","@id":"https:\/\/fieam.org.br\/sesi\/edital-senai-sesi-de-inovacao-2016-fortalecera-cadeias-produtivas-da-industria\/#primaryimage","url":"https:\/\/fieam.org.br\/sesi\/wp-content\/uploads\/sites\/14\/2016\/03\/002.png","contentUrl":"https:\/\/fieam.org.br\/sesi\/wp-content\/uploads\/sites\/14\/2016\/03\/002.png","width":800,"height":442},{"@type":"BreadcrumbList","@id":"https:\/\/fieam.org.br\/sesi\/edital-senai-sesi-de-inovacao-2016-fortalecera-cadeias-produtivas-da-industria\/#breadcrumb","itemListElement":[{"@type":"ListItem","position":1,"name":"In\u00edcio","item":"https:\/\/fieam.org.br\/sesi\/"},{"@type":"ListItem","position":2,"name":"Edital SENAI SESI de Inova\u00e7\u00e3o 2016 fortalecer\u00e1 cadeias produtivas da ind\u00fastria"}]},{"@type":"WebSite","@id":"https:\/\/fieam.org.br\/sesi\/#website","url":"https:\/\/fieam.org.br\/sesi\/","name":"SESI","description":"Site Oficial!","publisher":{"@id":"https:\/\/fieam.org.br\/sesi\/#organization"},"potentialAction":[{"@type":"SearchAction","target":{"@type":"EntryPoint","urlTemplate":"https:\/\/fieam.org.br\/sesi\/?s={search_term_string}"},"query-input":{"@type":"PropertyValueSpecification","valueRequired":true,"valueName":"search_term_string"}}],"inLanguage":"pt-BR"},{"@type":"Organization","@id":"https:\/\/fieam.org.br\/sesi\/#organization","name":"SESI","url":"https:\/\/fieam.org.br\/sesi\/","logo":{"@type":"ImageObject","inLanguage":"pt-BR","@id":"https:\/\/fieam.org.br\/sesi\/#\/schema\/logo\/image\/","url":"https:\/\/fieam.org.br\/sesi\/wp-content\/uploads\/sites\/14\/2024\/03\/cropped-fav.png","contentUrl":"https:\/\/fieam.org.br\/sesi\/wp-content\/uploads\/sites\/14\/2024\/03\/cropped-fav.png","width":610,"height":589,"caption":"SESI"},"image":{"@id":"https:\/\/fieam.org.br\/sesi\/#\/schema\/logo\/image\/"}},{"@type":"Person","@id":"https:\/\/fieam.org.br\/sesi\/#\/schema\/person\/c1ceda8321521b291cee22da0a7d34be","name":"Autor","image":{"@type":"ImageObject","inLanguage":"pt-BR","@id":"https:\/\/fieam.org.br\/sesi\/#\/schema\/person\/image\/","url":"https:\/\/secure.gravatar.com\/avatar\/3732c223e0e1fad69062a8f770955c9068d37b055204f310a0be18d4069fe380?s=96&d=mm&r=g","contentUrl":"https:\/\/secure.gravatar.com\/avatar\/3732c223e0e1fad69062a8f770955c9068d37b055204f310a0be18d4069fe380?s=96&d=mm&r=g","caption":"Autor"},"sameAs":["https:\/\/marketingmassivo.com.br"],"url":"https:\/\/fieam.org.br\/sesi\/author\/admin\/"}]}},"_links":{"self":[{"href":"https:\/\/fieam.org.br\/sesi\/wp-json\/wp\/v2\/posts\/8284","targetHints":{"allow":["GET"]}}],"collection":[{"href":"https:\/\/fieam.org.br\/sesi\/wp-json\/wp\/v2\/posts"}],"about":[{"href":"https:\/\/fieam.org.br\/sesi\/wp-json\/wp\/v2\/types\/post"}],"author":[{"embeddable":true,"href":"https:\/\/fieam.org.br\/sesi\/wp-json\/wp\/v2\/users\/1"}],"replies":[{"embeddable":true,"href":"https:\/\/fieam.org.br\/sesi\/wp-json\/wp\/v2\/comments?post=8284"}],"version-history":[{"count":0,"href":"https:\/\/fieam.org.br\/sesi\/wp-json\/wp\/v2\/posts\/8284\/revisions"}],"wp:featuredmedia":[{"embeddable":true,"href":"https:\/\/fieam.org.br\/sesi\/wp-json\/wp\/v2\/media\/8286"}],"wp:attachment":[{"href":"https:\/\/fieam.org.br\/sesi\/wp-json\/wp\/v2\/media?parent=8284"}],"wp:term":[{"taxonomy":"category","embeddable":true,"href":"https:\/\/fieam.org.br\/sesi\/wp-json\/wp\/v2\/categories?post=8284"},{"taxonomy":"post_tag","embeddable":true,"href":"https:\/\/fieam.org.br\/sesi\/wp-json\/wp\/v2\/tags?post=8284"}],"curies":[{"name":"wp","href":"https:\/\/api.w.org\/{rel}","templated":true}]}}