{"id":8204,"date":"2016-02-24T18:49:57","date_gmt":"2016-02-24T18:49:57","guid":{"rendered":"http:\/\/www.fieam.org.br\/2015\/sesi\/?p=8204"},"modified":"2016-02-24T18:49:57","modified_gmt":"2016-02-24T18:49:57","slug":"kostal-da-amazonia-recebe-unidade-movel-de-saude-do-sesi","status":"publish","type":"post","link":"https:\/\/fieam.org.br\/sesi\/kostal-da-amazonia-recebe-unidade-movel-de-saude-do-sesi\/","title":{"rendered":"Kostal da Amaz\u00f4nia recebe  Unidade M\u00f3vel de Sa\u00fade do SESI"},"content":{"rendered":"<p>&nbsp;<\/p>\n<p>Quase metade dos trabalhadores da Kostal da Amaz\u00f4nia Ind\u00fastria e Com\u00e9rcio de Autope\u00e7as recebeu nesta ter\u00e7a-feira (23) o benef\u00edcio de exames de imagens e cl\u00ednicos de sa\u00fade sem precisar se ausentar do ambiente de trabalho.<\/p>\n<p>A Unidade M\u00f3vel de Sa\u00fade e Seguran\u00e7a no Trabalho (SST) do <a href=\"http:\/\/www.fieam.org.br\/2015\/sesi\/\">Servi\u00e7o Social da Ind\u00fastria (SESI\/AM)<\/a> realizou o atendimento na empresa localizada na Avenida Abiurana, no Distrito Industrial I. A unidade foi adaptada para funcionar como um consult\u00f3rio m\u00e9dico, com estrutura para realiza\u00e7\u00e3o de exames de ultrassonografia, eletrocardiograma e encefalograma.<\/p>\n<figure id=\"attachment_8207\" aria-describedby=\"caption-attachment-8207\" style=\"width: 750px\" class=\"wp-caption aligncenter\"><a href=\"https:\/\/marketingmassivo.com.br\/sesi\/wp-content\/uploads\/sites\/12\/2016\/02\/Exame-de-Ecocardiograma.jpg\"><img fetchpriority=\"high\" decoding=\"async\" class=\" wp-image-8207\" src=\"https:\/\/marketingmassivo.com.br\/sesi\/wp-content\/uploads\/sites\/12\/2016\/02\/Exame-de-Ecocardiograma.jpg\" alt=\"Exame de Ecocardiograma\" width=\"750\" height=\"567\" srcset=\"https:\/\/fieam.org.br\/sesi\/wp-content\/uploads\/sites\/14\/2016\/02\/Exame-de-Ecocardiograma.jpg 904w, https:\/\/fieam.org.br\/sesi\/wp-content\/uploads\/sites\/14\/2016\/02\/Exame-de-Ecocardiograma-300x227.jpg 300w, https:\/\/fieam.org.br\/sesi\/wp-content\/uploads\/sites\/14\/2016\/02\/Exame-de-Ecocardiograma-768x580.jpg 768w\" sizes=\"(max-width: 750px) 100vw, 750px\" \/><\/a><figcaption id=\"caption-attachment-8207\" class=\"wp-caption-text\">Exame de Ecocardiograma<\/figcaption><\/figure>\n<p>Na Kostal, al\u00e9m dos exames de ultrassonografia, eletrocardiograma e encefalograma, foram realizados tamb\u00e9m exames cl\u00ednicos, como hemogramas. De acordo com o supervisor de SST do SESI, Cl\u00e1udio Palheta, o SESI atende os trabalhadores de empresas do Polo Industrial de Manaus (PIM) desde novembro, com os servi\u00e7os de ultrassonografia, utilizando equipamentos de \u00faltima gera\u00e7\u00e3o e que esse servi\u00e7o poder\u00e1 ser tamb\u00e9m realizado no ambulat\u00f3rio das empresas.<\/p>\n<figure id=\"attachment_8206\" aria-describedby=\"caption-attachment-8206\" style=\"width: 750px\" class=\"wp-caption aligncenter\"><a href=\"https:\/\/marketingmassivo.com.br\/sesi\/wp-content\/uploads\/sites\/12\/2016\/02\/Ultrassonografia-dos-punhos.jpg\"><img decoding=\"async\" class=\"wp-image-8206\" src=\"http:\/\/www.fieam.org.br\/2015\/sesi\/wp-content\/uploads\/sites\/2\/2016\/02\/Ultrassonografia-dos-punhos-1024x683.jpg\" alt=\"Ultrassonografia dos punhos\" width=\"750\" height=\"500\" \/><\/a><figcaption id=\"caption-attachment-8206\" class=\"wp-caption-text\">Ultrassonografia dos punhos<\/figcaption><\/figure>\n<p>Palheta esclareceu que os resultados dos exames ser\u00e3o entregues, na pr\u00f3xima sexta-feira (26), na Kostal pelo m\u00e9dico do trabalho, An\u00edbal Silva, que realizou ultrassonografias de punho, ombro e articula\u00e7\u00f5es dos trabalhadores. O representante do SESI destacou a import\u00e2ncia da presen\u00e7a do m\u00e9dico na entrega dos resultados, oportunidade em que dever\u00e1 orientar os trabalhadores sobre os procedimentos a serem adotados a partir dos exames visando melhor qualidade de vida, principalmente no caso da identifica\u00e7\u00e3o de les\u00f5es.<\/p>\n<p>Palheta disse ainda que o SESI deslocou uma equipe composta por t\u00e9cnicos de laborat\u00f3rio, t\u00e9cnicos de enfermagem, m\u00e9dico do trabalho, para a realiza\u00e7\u00e3o dos exames.<\/p>\n<p>O gerente da Kostal, Eduardo Maeda, disse que o objetivo da empresa \u00e9 contribuir para melhor qualidade de vida dos trabalhadores e que a meta \u00e9 atingir, com exames, todos os 105 colaboradores.<\/p>\n<figure id=\"attachment_8205\" aria-describedby=\"caption-attachment-8205\" style=\"width: 750px\" class=\"wp-caption aligncenter\"><a href=\"https:\/\/marketingmassivo.com.br\/sesi\/wp-content\/uploads\/sites\/12\/2016\/02\/Eduardo-Maeda-Gerente-da-Kostal.jpg\"><img decoding=\"async\" class=\" wp-image-8205\" src=\"http:\/\/www.fieam.org.br\/2015\/sesi\/wp-content\/uploads\/sites\/2\/2016\/02\/Eduardo-Maeda-Gerente-da-Kostal-1024x683.jpg\" alt=\"Eduardo Maeda - Gerente da Kostal\" width=\"750\" height=\"500\" \/><\/a><figcaption id=\"caption-attachment-8205\" class=\"wp-caption-text\">Eduardo Maeda &#8211; Gerente da Kostal<\/figcaption><\/figure>\n<p>Maeda disse ainda que a a\u00e7\u00e3o, realizada na pr\u00f3pria empresa, evita que o trabalhador se ausente em pelo menos cinco horas da empresa. A log\u00edstica oferecida no local de trabalho permite o atendimento com mais comodidade e retorno imediato do funcion\u00e1rio ao posto de trabalho. Todos os exames de admiss\u00e3o, demiss\u00e3o e de reintegra\u00e7\u00e3o, al\u00e9m das avalia\u00e7\u00f5es de luminosidade e ru\u00eddos, realizados na empresa, s\u00e3o feitos pelo SESISA\u00daDE.<\/p>\n<p>Abrah\u00e3o Silva, de 30 anos, da \u00e1rea de log\u00edstica, disse que ficou satisfeito com a realiza\u00e7\u00e3o dos exames na pr\u00f3pria empresa, evitando seu deslocamento de \u00f4nibus para uma cl\u00ednica m\u00e9dica em outro local da cidade. Acrescentou que os exames que d\u00e3o um diagn\u00f3stico da sa\u00fade do trabalhador, importante para a preven\u00e7\u00e3o de doen\u00e7as e que d\u00e3o um diagn\u00f3stico da sa\u00fade do trabalhador.<\/p>\n<p>&nbsp;<\/p>\n<p>&nbsp;<\/p>\n<p><strong>\u00a0\u00a0\u00a0\u00a0\u00a0\u00a0\u00a0\u00a0\u00a0\u00a0\u00a0 ATENDIMENTO \u00c0 IMPRENSA<\/strong><\/p>\n<p>&nbsp;<\/p>\n<p><strong>Diretoria de Comunica\u00e7\u00e3o e Marketing do Sistema FIEAM<\/strong><\/p>\n<p>Tel: (92) 3186-6576 Fax: (92) 3186-6579<\/p>\n<p>E-mail: <a href=\"mailto:imprensa@fieam.org.br\">imprensa@fieam.org.br<\/a><\/p>\n<p>Portal: <a href=\"http:\/\/www.fieam.org.br\/\">http:\/\/www.fieam.org.br<\/a><\/p>\n<p><strong>Sistema FIEAM nas redes sociais<\/strong><\/p>\n<p><strong>FIEAM:<\/strong> <a href=\"https:\/\/www.facebook.com\/FIEAM-233522323331936\/?ref=hl\">Facebook<\/a>| <a href=\"https:\/\/twitter.com\/fieam\">Twitter<\/a>| <a href=\"https:\/\/www.instagram.com\/sistemafieam\/\">Instagram<\/a>| <a href=\"https:\/\/www.flickr.com\/photos\/sistemafieam\">Flickr<\/a> | <a href=\"https:\/\/www.youtube.com\/user\/FIEAM\">You Tube<\/a><\/p>\n<p><strong>SESI:<\/strong> <a href=\"https:\/\/www.facebook.com\/Sesiamazonas-1521876918109030\/?ref=hl\">Facebook<\/a>| <a href=\"https:\/\/twitter.com\/sesiamazonas\">Twitter<\/a>| <a href=\"https:\/\/www.instagram.com\/sistemafieam\/\">Instagram<\/a>| <a href=\"https:\/\/www.flickr.com\/photos\/sistemafieam\">Flickr<\/a> | <a href=\"https:\/\/www.youtube.com\/user\/SESIAmazonas\">You Tube<\/a><\/p>\n<p><strong>SENAI:<\/strong> <a href=\"https:\/\/www.facebook.com\/Senaiamazonas-843980955712991\/?ref=hl\">Facebook<\/a>| <a href=\"https:\/\/twitter.com\/senaiamazonas\">Twitter<\/a>| <a href=\"https:\/\/www.instagram.com\/sistemafieam\/\">Instagram<\/a>| <a href=\"https:\/\/www.flickr.com\/photos\/sistemafieam\">Flickr<\/a> | <a href=\"https:\/\/www.youtube.com\/user\/SENAIAmazonas\">You Tube<\/a><\/p>\n<p><strong>IEL:<\/strong> <a href=\"https:\/\/www.facebook.com\/IELamazonas-227044507635137\/?ref=hl\">Facebook<\/a>| <a href=\"https:\/\/twitter.com\/ielamazonas\">Twitter<\/a>| <a href=\"https:\/\/www.instagram.com\/sistemafieam\/\">Instagram<\/a>| <a href=\"https:\/\/www.flickr.com\/photos\/sistemafieam\">Flickr<\/a> | <a href=\"https:\/\/www.youtube.com\/user\/IELAmazonas\">You Tube<\/a><\/p>\n","protected":false},"excerpt":{"rendered":"<p>&nbsp; Quase metade dos trabalhadores da Kostal da Amaz\u00f4nia Ind\u00fastria e Com\u00e9rcio de Autope\u00e7as recebeu nesta ter\u00e7a-feira (23) o benef\u00edcio de exames de imagens e cl\u00ednicos de sa\u00fade sem precisar se ausentar do ambiente de trabalho. A Unidade M\u00f3vel de Sa\u00fade e Seguran\u00e7a no Trabalho (SST) do Servi\u00e7o Social da Ind\u00fastria (SESI\/AM) realizou o atendimento [&hellip;]<\/p>\n","protected":false},"author":1,"featured_media":8212,"comment_status":"open","ping_status":"open","sticky":false,"template":"","format":"standard","meta":{"footnotes":""},"categories":[25],"tags":[],"class_list":["post-8204","post","type-post","status-publish","format-standard","has-post-thumbnail","hentry","category-news"],"yoast_head":"<!-- This site is optimized with the Yoast SEO plugin v28.2 - https:\/\/yoast.com\/product\/yoast-seo-wordpress\/ -->\n<title>Kostal da Amaz\u00f4nia recebe Unidade M\u00f3vel de Sa\u00fade do SESI - SESI<\/title>\n<meta name=\"robots\" content=\"index, follow, max-snippet:-1, max-image-preview:large, max-video-preview:-1\" \/>\n<link rel=\"canonical\" href=\"https:\/\/fieam.org.br\/sesi\/kostal-da-amazonia-recebe-unidade-movel-de-saude-do-sesi\/\" \/>\n<meta property=\"og:locale\" content=\"pt_BR\" \/>\n<meta property=\"og:type\" content=\"article\" \/>\n<meta property=\"og:title\" content=\"Kostal da Amaz\u00f4nia recebe Unidade M\u00f3vel de Sa\u00fade do SESI - SESI\" \/>\n<meta property=\"og:description\" content=\"&nbsp; Quase metade dos trabalhadores da Kostal da Amaz\u00f4nia Ind\u00fastria e Com\u00e9rcio de Autope\u00e7as recebeu nesta ter\u00e7a-feira (23) o benef\u00edcio de exames de imagens e cl\u00ednicos de sa\u00fade sem precisar se ausentar do ambiente de trabalho. A Unidade M\u00f3vel de Sa\u00fade e Seguran\u00e7a no Trabalho (SST) do Servi\u00e7o Social da Ind\u00fastria (SESI\/AM) realizou o atendimento [&hellip;]\" \/>\n<meta property=\"og:url\" content=\"https:\/\/fieam.org.br\/sesi\/kostal-da-amazonia-recebe-unidade-movel-de-saude-do-sesi\/\" \/>\n<meta property=\"og:site_name\" content=\"SESI\" \/>\n<meta property=\"article:published_time\" content=\"2016-02-24T18:49:57+00:00\" \/>\n<meta property=\"og:image\" content=\"https:\/\/fieam.org.br\/sesi\/wp-content\/uploads\/sites\/14\/2016\/02\/Exame-de-Encefalograma1.jpg\" \/>\n\t<meta property=\"og:image:width\" content=\"786\" \/>\n\t<meta property=\"og:image:height\" content=\"625\" \/>\n\t<meta property=\"og:image:type\" content=\"image\/jpeg\" \/>\n<meta name=\"author\" content=\"Autor\" \/>\n<meta name=\"twitter:card\" content=\"summary_large_image\" \/>\n<meta name=\"twitter:label1\" content=\"Escrito por\" \/>\n\t<meta name=\"twitter:data1\" content=\"Autor\" \/>\n\t<meta name=\"twitter:label2\" content=\"Est. tempo de leitura\" \/>\n\t<meta name=\"twitter:data2\" content=\"3 minutos\" \/>\n<script type=\"application\/ld+json\" class=\"yoast-schema-graph\">{\"@context\":\"https:\\\/\\\/schema.org\",\"@graph\":[{\"@type\":\"Article\",\"@id\":\"https:\\\/\\\/fieam.org.br\\\/sesi\\\/kostal-da-amazonia-recebe-unidade-movel-de-saude-do-sesi\\\/#article\",\"isPartOf\":{\"@id\":\"https:\\\/\\\/fieam.org.br\\\/sesi\\\/kostal-da-amazonia-recebe-unidade-movel-de-saude-do-sesi\\\/\"},\"author\":{\"name\":\"Autor\",\"@id\":\"https:\\\/\\\/fieam.org.br\\\/sesi\\\/#\\\/schema\\\/person\\\/f54998dd14d5f0695b41444f2b01c31e\"},\"headline\":\"Kostal da Amaz\u00f4nia recebe Unidade M\u00f3vel de Sa\u00fade do SESI\",\"datePublished\":\"2016-02-24T18:49:57+00:00\",\"mainEntityOfPage\":{\"@id\":\"https:\\\/\\\/fieam.org.br\\\/sesi\\\/kostal-da-amazonia-recebe-unidade-movel-de-saude-do-sesi\\\/\"},\"wordCount\":583,\"commentCount\":0,\"publisher\":{\"@id\":\"https:\\\/\\\/fieam.org.br\\\/sesi\\\/#organization\"},\"image\":{\"@id\":\"https:\\\/\\\/fieam.org.br\\\/sesi\\\/kostal-da-amazonia-recebe-unidade-movel-de-saude-do-sesi\\\/#primaryimage\"},\"thumbnailUrl\":\"https:\\\/\\\/fieam.org.br\\\/sesi\\\/wp-content\\\/uploads\\\/sites\\\/14\\\/2016\\\/02\\\/Exame-de-Encefalograma1.jpg\",\"articleSection\":[\"News\"],\"inLanguage\":\"pt-BR\",\"potentialAction\":[{\"@type\":\"CommentAction\",\"name\":\"Comment\",\"target\":[\"https:\\\/\\\/fieam.org.br\\\/sesi\\\/kostal-da-amazonia-recebe-unidade-movel-de-saude-do-sesi\\\/#respond\"]}]},{\"@type\":\"WebPage\",\"@id\":\"https:\\\/\\\/fieam.org.br\\\/sesi\\\/kostal-da-amazonia-recebe-unidade-movel-de-saude-do-sesi\\\/\",\"url\":\"https:\\\/\\\/fieam.org.br\\\/sesi\\\/kostal-da-amazonia-recebe-unidade-movel-de-saude-do-sesi\\\/\",\"name\":\"Kostal da Amaz\u00f4nia recebe Unidade M\u00f3vel de Sa\u00fade do SESI - SESI\",\"isPartOf\":{\"@id\":\"https:\\\/\\\/fieam.org.br\\\/sesi\\\/#website\"},\"primaryImageOfPage\":{\"@id\":\"https:\\\/\\\/fieam.org.br\\\/sesi\\\/kostal-da-amazonia-recebe-unidade-movel-de-saude-do-sesi\\\/#primaryimage\"},\"image\":{\"@id\":\"https:\\\/\\\/fieam.org.br\\\/sesi\\\/kostal-da-amazonia-recebe-unidade-movel-de-saude-do-sesi\\\/#primaryimage\"},\"thumbnailUrl\":\"https:\\\/\\\/fieam.org.br\\\/sesi\\\/wp-content\\\/uploads\\\/sites\\\/14\\\/2016\\\/02\\\/Exame-de-Encefalograma1.jpg\",\"datePublished\":\"2016-02-24T18:49:57+00:00\",\"breadcrumb\":{\"@id\":\"https:\\\/\\\/fieam.org.br\\\/sesi\\\/kostal-da-amazonia-recebe-unidade-movel-de-saude-do-sesi\\\/#breadcrumb\"},\"inLanguage\":\"pt-BR\",\"potentialAction\":[{\"@type\":\"ReadAction\",\"target\":[\"https:\\\/\\\/fieam.org.br\\\/sesi\\\/kostal-da-amazonia-recebe-unidade-movel-de-saude-do-sesi\\\/\"]}]},{\"@type\":\"ImageObject\",\"inLanguage\":\"pt-BR\",\"@id\":\"https:\\\/\\\/fieam.org.br\\\/sesi\\\/kostal-da-amazonia-recebe-unidade-movel-de-saude-do-sesi\\\/#primaryimage\",\"url\":\"https:\\\/\\\/fieam.org.br\\\/sesi\\\/wp-content\\\/uploads\\\/sites\\\/14\\\/2016\\\/02\\\/Exame-de-Encefalograma1.jpg\",\"contentUrl\":\"https:\\\/\\\/fieam.org.br\\\/sesi\\\/wp-content\\\/uploads\\\/sites\\\/14\\\/2016\\\/02\\\/Exame-de-Encefalograma1.jpg\",\"width\":786,\"height\":625},{\"@type\":\"BreadcrumbList\",\"@id\":\"https:\\\/\\\/fieam.org.br\\\/sesi\\\/kostal-da-amazonia-recebe-unidade-movel-de-saude-do-sesi\\\/#breadcrumb\",\"itemListElement\":[{\"@type\":\"ListItem\",\"position\":1,\"name\":\"In\u00edcio\",\"item\":\"https:\\\/\\\/fieam.org.br\\\/sesi\\\/\"},{\"@type\":\"ListItem\",\"position\":2,\"name\":\"Kostal da Amaz\u00f4nia recebe Unidade M\u00f3vel de Sa\u00fade do SESI\"}]},{\"@type\":\"WebSite\",\"@id\":\"https:\\\/\\\/fieam.org.br\\\/sesi\\\/#website\",\"url\":\"https:\\\/\\\/fieam.org.br\\\/sesi\\\/\",\"name\":\"SESI\",\"description\":\"Site Oficial!\",\"publisher\":{\"@id\":\"https:\\\/\\\/fieam.org.br\\\/sesi\\\/#organization\"},\"potentialAction\":[{\"@type\":\"SearchAction\",\"target\":{\"@type\":\"EntryPoint\",\"urlTemplate\":\"https:\\\/\\\/fieam.org.br\\\/sesi\\\/?s={search_term_string}\"},\"query-input\":{\"@type\":\"PropertyValueSpecification\",\"valueRequired\":true,\"valueName\":\"search_term_string\"}}],\"inLanguage\":\"pt-BR\"},{\"@type\":\"Organization\",\"@id\":\"https:\\\/\\\/fieam.org.br\\\/sesi\\\/#organization\",\"name\":\"SESI\",\"url\":\"https:\\\/\\\/fieam.org.br\\\/sesi\\\/\",\"logo\":{\"@type\":\"ImageObject\",\"inLanguage\":\"pt-BR\",\"@id\":\"https:\\\/\\\/fieam.org.br\\\/sesi\\\/#\\\/schema\\\/logo\\\/image\\\/\",\"url\":\"https:\\\/\\\/fieam.org.br\\\/sesi\\\/wp-content\\\/uploads\\\/sites\\\/14\\\/2024\\\/03\\\/cropped-fav.png\",\"contentUrl\":\"https:\\\/\\\/fieam.org.br\\\/sesi\\\/wp-content\\\/uploads\\\/sites\\\/14\\\/2024\\\/03\\\/cropped-fav.png\",\"width\":610,\"height\":589,\"caption\":\"SESI\"},\"image\":{\"@id\":\"https:\\\/\\\/fieam.org.br\\\/sesi\\\/#\\\/schema\\\/logo\\\/image\\\/\"}},{\"@type\":\"Person\",\"@id\":\"https:\\\/\\\/fieam.org.br\\\/sesi\\\/#\\\/schema\\\/person\\\/f54998dd14d5f0695b41444f2b01c31e\",\"name\":\"Autor\",\"image\":{\"@type\":\"ImageObject\",\"inLanguage\":\"pt-BR\",\"@id\":\"https:\\\/\\\/secure.gravatar.com\\\/avatar\\\/3732c223e0e1fad69062a8f770955c9068d37b055204f310a0be18d4069fe380?s=96&d=mm&r=g\",\"url\":\"https:\\\/\\\/secure.gravatar.com\\\/avatar\\\/3732c223e0e1fad69062a8f770955c9068d37b055204f310a0be18d4069fe380?s=96&d=mm&r=g\",\"contentUrl\":\"https:\\\/\\\/secure.gravatar.com\\\/avatar\\\/3732c223e0e1fad69062a8f770955c9068d37b055204f310a0be18d4069fe380?s=96&d=mm&r=g\",\"caption\":\"Autor\"},\"sameAs\":[\"https:\\\/\\\/marketingmassivo.com.br\"],\"url\":\"https:\\\/\\\/fieam.org.br\\\/sesi\\\/author\\\/admin\\\/\"}]}<\/script>\n<!-- \/ Yoast SEO plugin. -->","yoast_head_json":{"title":"Kostal da Amaz\u00f4nia recebe Unidade M\u00f3vel de Sa\u00fade do SESI - SESI","robots":{"index":"index","follow":"follow","max-snippet":"max-snippet:-1","max-image-preview":"max-image-preview:large","max-video-preview":"max-video-preview:-1"},"canonical":"https:\/\/fieam.org.br\/sesi\/kostal-da-amazonia-recebe-unidade-movel-de-saude-do-sesi\/","og_locale":"pt_BR","og_type":"article","og_title":"Kostal da Amaz\u00f4nia recebe Unidade M\u00f3vel de Sa\u00fade do SESI - SESI","og_description":"&nbsp; Quase metade dos trabalhadores da Kostal da Amaz\u00f4nia Ind\u00fastria e Com\u00e9rcio de Autope\u00e7as recebeu nesta ter\u00e7a-feira (23) o benef\u00edcio de exames de imagens e cl\u00ednicos de sa\u00fade sem precisar se ausentar do ambiente de trabalho. A Unidade M\u00f3vel de Sa\u00fade e Seguran\u00e7a no Trabalho (SST) do Servi\u00e7o Social da Ind\u00fastria (SESI\/AM) realizou o atendimento [&hellip;]","og_url":"https:\/\/fieam.org.br\/sesi\/kostal-da-amazonia-recebe-unidade-movel-de-saude-do-sesi\/","og_site_name":"SESI","article_published_time":"2016-02-24T18:49:57+00:00","og_image":[{"width":786,"height":625,"url":"https:\/\/fieam.org.br\/sesi\/wp-content\/uploads\/sites\/14\/2016\/02\/Exame-de-Encefalograma1.jpg","type":"image\/jpeg"}],"author":"Autor","twitter_card":"summary_large_image","twitter_misc":{"Escrito por":"Autor","Est. tempo de leitura":"3 minutos"},"schema":{"@context":"https:\/\/schema.org","@graph":[{"@type":"Article","@id":"https:\/\/fieam.org.br\/sesi\/kostal-da-amazonia-recebe-unidade-movel-de-saude-do-sesi\/#article","isPartOf":{"@id":"https:\/\/fieam.org.br\/sesi\/kostal-da-amazonia-recebe-unidade-movel-de-saude-do-sesi\/"},"author":{"name":"Autor","@id":"https:\/\/fieam.org.br\/sesi\/#\/schema\/person\/f54998dd14d5f0695b41444f2b01c31e"},"headline":"Kostal da Amaz\u00f4nia recebe Unidade M\u00f3vel de Sa\u00fade do SESI","datePublished":"2016-02-24T18:49:57+00:00","mainEntityOfPage":{"@id":"https:\/\/fieam.org.br\/sesi\/kostal-da-amazonia-recebe-unidade-movel-de-saude-do-sesi\/"},"wordCount":583,"commentCount":0,"publisher":{"@id":"https:\/\/fieam.org.br\/sesi\/#organization"},"image":{"@id":"https:\/\/fieam.org.br\/sesi\/kostal-da-amazonia-recebe-unidade-movel-de-saude-do-sesi\/#primaryimage"},"thumbnailUrl":"https:\/\/fieam.org.br\/sesi\/wp-content\/uploads\/sites\/14\/2016\/02\/Exame-de-Encefalograma1.jpg","articleSection":["News"],"inLanguage":"pt-BR","potentialAction":[{"@type":"CommentAction","name":"Comment","target":["https:\/\/fieam.org.br\/sesi\/kostal-da-amazonia-recebe-unidade-movel-de-saude-do-sesi\/#respond"]}]},{"@type":"WebPage","@id":"https:\/\/fieam.org.br\/sesi\/kostal-da-amazonia-recebe-unidade-movel-de-saude-do-sesi\/","url":"https:\/\/fieam.org.br\/sesi\/kostal-da-amazonia-recebe-unidade-movel-de-saude-do-sesi\/","name":"Kostal da Amaz\u00f4nia recebe Unidade M\u00f3vel de Sa\u00fade do SESI - SESI","isPartOf":{"@id":"https:\/\/fieam.org.br\/sesi\/#website"},"primaryImageOfPage":{"@id":"https:\/\/fieam.org.br\/sesi\/kostal-da-amazonia-recebe-unidade-movel-de-saude-do-sesi\/#primaryimage"},"image":{"@id":"https:\/\/fieam.org.br\/sesi\/kostal-da-amazonia-recebe-unidade-movel-de-saude-do-sesi\/#primaryimage"},"thumbnailUrl":"https:\/\/fieam.org.br\/sesi\/wp-content\/uploads\/sites\/14\/2016\/02\/Exame-de-Encefalograma1.jpg","datePublished":"2016-02-24T18:49:57+00:00","breadcrumb":{"@id":"https:\/\/fieam.org.br\/sesi\/kostal-da-amazonia-recebe-unidade-movel-de-saude-do-sesi\/#breadcrumb"},"inLanguage":"pt-BR","potentialAction":[{"@type":"ReadAction","target":["https:\/\/fieam.org.br\/sesi\/kostal-da-amazonia-recebe-unidade-movel-de-saude-do-sesi\/"]}]},{"@type":"ImageObject","inLanguage":"pt-BR","@id":"https:\/\/fieam.org.br\/sesi\/kostal-da-amazonia-recebe-unidade-movel-de-saude-do-sesi\/#primaryimage","url":"https:\/\/fieam.org.br\/sesi\/wp-content\/uploads\/sites\/14\/2016\/02\/Exame-de-Encefalograma1.jpg","contentUrl":"https:\/\/fieam.org.br\/sesi\/wp-content\/uploads\/sites\/14\/2016\/02\/Exame-de-Encefalograma1.jpg","width":786,"height":625},{"@type":"BreadcrumbList","@id":"https:\/\/fieam.org.br\/sesi\/kostal-da-amazonia-recebe-unidade-movel-de-saude-do-sesi\/#breadcrumb","itemListElement":[{"@type":"ListItem","position":1,"name":"In\u00edcio","item":"https:\/\/fieam.org.br\/sesi\/"},{"@type":"ListItem","position":2,"name":"Kostal da Amaz\u00f4nia recebe Unidade M\u00f3vel de Sa\u00fade do SESI"}]},{"@type":"WebSite","@id":"https:\/\/fieam.org.br\/sesi\/#website","url":"https:\/\/fieam.org.br\/sesi\/","name":"SESI","description":"Site Oficial!","publisher":{"@id":"https:\/\/fieam.org.br\/sesi\/#organization"},"potentialAction":[{"@type":"SearchAction","target":{"@type":"EntryPoint","urlTemplate":"https:\/\/fieam.org.br\/sesi\/?s={search_term_string}"},"query-input":{"@type":"PropertyValueSpecification","valueRequired":true,"valueName":"search_term_string"}}],"inLanguage":"pt-BR"},{"@type":"Organization","@id":"https:\/\/fieam.org.br\/sesi\/#organization","name":"SESI","url":"https:\/\/fieam.org.br\/sesi\/","logo":{"@type":"ImageObject","inLanguage":"pt-BR","@id":"https:\/\/fieam.org.br\/sesi\/#\/schema\/logo\/image\/","url":"https:\/\/fieam.org.br\/sesi\/wp-content\/uploads\/sites\/14\/2024\/03\/cropped-fav.png","contentUrl":"https:\/\/fieam.org.br\/sesi\/wp-content\/uploads\/sites\/14\/2024\/03\/cropped-fav.png","width":610,"height":589,"caption":"SESI"},"image":{"@id":"https:\/\/fieam.org.br\/sesi\/#\/schema\/logo\/image\/"}},{"@type":"Person","@id":"https:\/\/fieam.org.br\/sesi\/#\/schema\/person\/f54998dd14d5f0695b41444f2b01c31e","name":"Autor","image":{"@type":"ImageObject","inLanguage":"pt-BR","@id":"https:\/\/secure.gravatar.com\/avatar\/3732c223e0e1fad69062a8f770955c9068d37b055204f310a0be18d4069fe380?s=96&d=mm&r=g","url":"https:\/\/secure.gravatar.com\/avatar\/3732c223e0e1fad69062a8f770955c9068d37b055204f310a0be18d4069fe380?s=96&d=mm&r=g","contentUrl":"https:\/\/secure.gravatar.com\/avatar\/3732c223e0e1fad69062a8f770955c9068d37b055204f310a0be18d4069fe380?s=96&d=mm&r=g","caption":"Autor"},"sameAs":["https:\/\/marketingmassivo.com.br"],"url":"https:\/\/fieam.org.br\/sesi\/author\/admin\/"}]}},"_links":{"self":[{"href":"https:\/\/fieam.org.br\/sesi\/wp-json\/wp\/v2\/posts\/8204","targetHints":{"allow":["GET"]}}],"collection":[{"href":"https:\/\/fieam.org.br\/sesi\/wp-json\/wp\/v2\/posts"}],"about":[{"href":"https:\/\/fieam.org.br\/sesi\/wp-json\/wp\/v2\/types\/post"}],"author":[{"embeddable":true,"href":"https:\/\/fieam.org.br\/sesi\/wp-json\/wp\/v2\/users\/1"}],"replies":[{"embeddable":true,"href":"https:\/\/fieam.org.br\/sesi\/wp-json\/wp\/v2\/comments?post=8204"}],"version-history":[{"count":0,"href":"https:\/\/fieam.org.br\/sesi\/wp-json\/wp\/v2\/posts\/8204\/revisions"}],"wp:featuredmedia":[{"embeddable":true,"href":"https:\/\/fieam.org.br\/sesi\/wp-json\/wp\/v2\/media\/8212"}],"wp:attachment":[{"href":"https:\/\/fieam.org.br\/sesi\/wp-json\/wp\/v2\/media?parent=8204"}],"wp:term":[{"taxonomy":"category","embeddable":true,"href":"https:\/\/fieam.org.br\/sesi\/wp-json\/wp\/v2\/categories?post=8204"},{"taxonomy":"post_tag","embeddable":true,"href":"https:\/\/fieam.org.br\/sesi\/wp-json\/wp\/v2\/tags?post=8204"}],"curies":[{"name":"wp","href":"https:\/\/api.w.org\/{rel}","templated":true}]}}