{"id":8090,"date":"2016-01-27T19:34:54","date_gmt":"2016-01-27T19:34:54","guid":{"rendered":"http:\/\/www.fieam.org.br\/site\/sesi\/?p=8090"},"modified":"2016-01-27T19:34:54","modified_gmt":"2016-01-27T19:34:54","slug":"sesi-leva-estudantes-para-intercambio-nos-eua","status":"publish","type":"post","link":"https:\/\/fieam.org.br\/sesi\/sesi-leva-estudantes-para-intercambio-nos-eua\/","title":{"rendered":"SESI leva estudantes para interc\u00e2mbio nos EUA"},"content":{"rendered":"<p>Mais um grupo de alunos do <a href=\"http:\/\/www.fieam.org.br\/sesi\" target=\"_blank\" rel=\"noreferrer noopener\">Servi\u00e7o Social da Ind\u00fastria (SESI)<\/a> foi selecionado para participar de interc\u00e2mbio nos Estados Unidos por meio do programa \u201cConex\u00e3o Mundo\u201d. Neste s\u00e1bado (30), as estudantes amazonenses Beatriz Lima, 17, e Ana Amorim, 16, da Escola SESI Dra. \u00camina Barbosa Mustafa, do bairro S\u00e3o Jos\u00e9, embarcam rumo a Denver, no Colorado (EUA), no grupo de 200 alunos de todo o Brasil. \u00c9 o terceiro ano consecutivo que o programa de ensino da l\u00edngua inglesa leva alunos do SESI para uma temporada de 15 dias em cidades norte-americanas.<\/p>\n<figure id=\"attachment_8095\" aria-describedby=\"caption-attachment-8095\" style=\"width: 614px\" class=\"wp-caption aligncenter\"><a href=\"http:\/\/www.fieam.org.br\/site\/sesi\/files\/2016\/01\/As-estudantes-Beatriz-\u00e0-esquerda-e-Ana-J\u00falia-preparadas-para-os-15-dias-na-cidade-de-Colorado-EUA1.jpg\"><img fetchpriority=\"high\" decoding=\"async\" class=\" wp-image-8095 \" src=\"http:\/\/www.fieam.org.br\/site\/sesi\/files\/2016\/01\/As-estudantes-Beatriz-\u00e0-esquerda-e-Ana-J\u00falia-preparadas-para-os-15-dias-na-cidade-de-Colorado-EUA1.jpg\" alt=\"As estudantes Beatriz, \u00e0 esquerda, e Ana J\u00falia, preparadas para os 15 dias na cidade de Colorado (EUA)\" width=\"614\" height=\"422\" \/><\/a><figcaption id=\"caption-attachment-8095\" class=\"wp-caption-text\">As estudantes Beatriz, \u00e0 esquerda, e Ana J\u00falia, preparadas para os 15 dias na cidade de Colorado (EUA)<\/figcaption><\/figure>\n<p>Beatriz e Ana, como seus tr\u00eas colegas selecionados nos dois anos anteriores, s\u00e3o alunas do ensino m\u00e9dio, na modalidade EBEP \u2013 que articula a educa\u00e7\u00e3o b\u00e1sica, do SESI, \u00e0 educa\u00e7\u00e3o profissional, do SENAI. A esses alunos, que estudam em tempo integral, \u00e9 oferecida\u00a0 oportunidade de aperfei\u00e7oar seus conhecimentos de l\u00edngua inglesa por meio do Programa Conex\u00e3o Mundo. Para a diretora t\u00e9cnica do SESI Amazonas, Rosana Vasconcelos, o\u00a0 Conex\u00e3o tem sido para o SESI um projeto dentro da educa\u00e7\u00e3o com grande diferencial. \u201cA gera\u00e7\u00e3o que estamos atendendo est\u00e1 interligada diretamente a todos os canais de comunica\u00e7\u00e3o do mundo inteiro, o que amplia a vontade do aluno de aprender e ultrapassar as barreiras locais, alcan\u00e7ando a oportunidade de sair de seu pa\u00eds e por em pr\u00e1tica os conhecimentos adquiridos sobre o pa\u00eds estudado e assim fazer a diferen\u00e7a no mercado de trabalho\u201d, disse ela.<\/p>\n<p>Em seu terceiro ano, no Amazonas, o Conex\u00e3o Mundo beneficiou 40 estudantes com o ensino a dist\u00e2ncia, em plataforma virtual, por meio de redes sociais e presencial, com professoras norte-americanas vindas do estado do Colorado (EUA). As aulas s\u00e3o intensificadas no per\u00edodo de f\u00e9rias dos estudantes, que aproveitam para estudar em tempo integral a l\u00edngua inglesa.<\/p>\n<p>A estudante Beatriz Lima diz ter ficado muito satisfeita com o seu desempenho nesta que foi a segunda tentativa para estar no interc\u00e2mbio. Ela diz que a sele\u00e7\u00e3o n\u00e3o \u00e9 nada f\u00e1cil, ainda mais porque o aluno tem que ter bom desempenho em v\u00e1rias etapas, incluindo a educa\u00e7\u00e3o b\u00e1sica, a educa\u00e7\u00e3o profissional e ainda alcan\u00e7ar os pontos nas provas finais de nivelamento em ingl\u00eas incluindo reda\u00e7\u00e3o.<\/p>\n<p>Beatriz explicou ainda que sua participa\u00e7\u00e3o no Conex\u00e3o Mundo deu um novo direcionamento para a sua escolha profissional, que at\u00e9 ent\u00e3o era ser aeromo\u00e7a, mas o aprofundamento das aulas e o relacionamento com as \u2018coachings\u2019 fez Beatriz optar por cursar \u201cRela\u00e7\u00f5es Comerciais Internacionais\u201d.<\/p>\n<p>\u201cConsidero meu ingl\u00eas intermedi\u00e1rio, mas com todos os ensinamentos que recebi no SESI por meio de programas como Rob\u00f3tica e Conex\u00e3o Mundo, estou preparada para sair do meu pa\u00eds e explorar o mundo, pois programas como esses nos avaliam como ser humano, cidad\u00e3o e nos ensinam a utilizar a comunica\u00e7\u00e3o como base para todas as \u00e1reas, pois n\u00e3o adianta saber o ingl\u00eas, por exemplo, e n\u00e3o saber se comunicar, interagir com outras pessoas\u201d, disse Beatriz.<\/p>\n<p>A estudante Ana J\u00falia diz ter sacrificado seus fins de semana e suas noites de \u201cdescanso\u201d, mas explica que tudo valeu a pena, e que a recompensa chegou com a viagem t\u00e3o esperada, que contempla visita\u00e7\u00f5es em escolas, universidades, museus, entre outros, tudo para colocar em pr\u00e1tica o conte\u00fado aprendido em seis meses de curso.<\/p>\n<p>Para a diretora t\u00e9cnica do SESI Amazonas, Rosana Vasconcelos, essa \u00e9 uma oportunidade que os alunos t\u00eam de conhecer a hist\u00f3ria, a cultura, o ritmo de vida de outros pa\u00edses, e principalmente, as tend\u00eancias mercadol\u00f3gicas daquele pa\u00eds.<\/p>\n<p style=\"text-align: center\"><a href=\"http:\/\/www.fieam.org.br\/site\/sesi\/files\/2016\/01\/Portal-Sistema-Fieam1.jpg\"><img decoding=\"async\" class=\"aligncenter wp-image-8094\" src=\"http:\/\/www.fieam.org.br\/site\/sesi\/files\/2016\/01\/Portal-Sistema-Fieam1.jpg\" alt=\"Portal Sistema Fieam\" width=\"614\" height=\"410\" \/><\/a><\/p>\n<p>&nbsp;<\/p>\n<p><b>Ensino t\u00e9cnico profissionalizante para 2016<\/b><\/p>\n<p>&nbsp;<\/p>\n<p>Para 2016, o EBEP oferece forma\u00e7\u00e3o integrada com os cursos t\u00e9cnicos em inform\u00e1tica, com carga hor\u00e1ria de 1.000 horas, 18 meses de dura\u00e7\u00e3o, para forma\u00e7\u00e3o de duas turmas, e administra\u00e7\u00e3o, com carga hor\u00e1ria de 800 horas, e dura\u00e7\u00e3o de 12 meses, sendo formada uma turma.<\/p>\n<p>O EBEP \u00e9 oferecido para filhos de industri\u00e1rios e realizado em tempo integral na Escola SESI Emina Barbosa Mustafa, localizada no Aleixo.<\/p>\n<p>&nbsp;<\/p>\n<p>&nbsp;<\/p>\n<p><b>\u00a0\u00a0\u00a0\u00a0\u00a0\u00a0\u00a0\u00a0\u00a0\u00a0\u00a0\u00a0\u00a0 ATENDIMENTO \u00c0 IMPRENSA<\/b><\/p>\n<p>&nbsp;<\/p>\n<p><b>Diretoria de Comunica\u00e7\u00e3o e Marketing do Sistema FIEAM<\/b><\/p>\n<p>Tel: (92) 3186-6576\u00a0 Fax: (92) 3186-6579<\/p>\n<p>E-mail: <a href=\"mailto:imprensa@fieam.org.br\" rel=\"noreferrer\">imprensa@fieam.org.br<\/a><\/p>\n<p><a href=\"http:\/\/www.fieam.org.br\" target=\"_blank\" rel=\"noreferrer noopener\">http:\/\/www.fieam.org.br<\/a><\/p>\n<p><a href=\"http:\/\/www.facebook.com\/sistemafieam\" target=\"_blank\" rel=\"noreferrer noopener\">http:\/\/www.facebook.com\/sistemafieam<\/a><\/p>\n<p>Twitter: @fieam @sesiamazonas @senaiamazonas @ielamazonas<\/p>\n","protected":false},"excerpt":{"rendered":"<p>Mais um grupo de alunos do Servi\u00e7o Social da Ind\u00fastria (SESI) foi selecionado para participar de interc\u00e2mbio nos Estados Unidos por meio do programa \u201cConex\u00e3o Mundo\u201d. Neste s\u00e1bado (30), as estudantes amazonenses Beatriz Lima, 17, e Ana Amorim, 16, da Escola SESI Dra. \u00camina Barbosa Mustafa, do bairro S\u00e3o Jos\u00e9, embarcam rumo a Denver, no [&hellip;]<\/p>\n","protected":false},"author":1,"featured_media":8131,"comment_status":"open","ping_status":"open","sticky":false,"template":"","format":"standard","meta":{"footnotes":""},"categories":[25],"tags":[],"class_list":["post-8090","post","type-post","status-publish","format-standard","has-post-thumbnail","hentry","category-news"],"yoast_head":"<!-- This site is optimized with the Yoast SEO plugin v26.8 - https:\/\/yoast.com\/product\/yoast-seo-wordpress\/ -->\n<title>SESI leva estudantes para interc\u00e2mbio nos EUA - SESI<\/title>\n<meta name=\"robots\" content=\"index, follow, max-snippet:-1, max-image-preview:large, max-video-preview:-1\" \/>\n<link rel=\"canonical\" href=\"https:\/\/fieam.org.br\/sesi\/sesi-leva-estudantes-para-intercambio-nos-eua\/\" \/>\n<meta property=\"og:locale\" content=\"pt_BR\" \/>\n<meta property=\"og:type\" content=\"article\" \/>\n<meta property=\"og:title\" content=\"SESI leva estudantes para interc\u00e2mbio nos EUA - SESI\" \/>\n<meta property=\"og:description\" content=\"Mais um grupo de alunos do Servi\u00e7o Social da Ind\u00fastria (SESI) foi selecionado para participar de interc\u00e2mbio nos Estados Unidos por meio do programa \u201cConex\u00e3o Mundo\u201d. Neste s\u00e1bado (30), as estudantes amazonenses Beatriz Lima, 17, e Ana Amorim, 16, da Escola SESI Dra. \u00camina Barbosa Mustafa, do bairro S\u00e3o Jos\u00e9, embarcam rumo a Denver, no [&hellip;]\" \/>\n<meta property=\"og:url\" content=\"https:\/\/fieam.org.br\/sesi\/sesi-leva-estudantes-para-intercambio-nos-eua\/\" \/>\n<meta property=\"og:site_name\" content=\"SESI\" \/>\n<meta property=\"article:published_time\" content=\"2016-01-27T19:34:54+00:00\" \/>\n<meta name=\"author\" content=\"Autor\" \/>\n<meta name=\"twitter:card\" content=\"summary_large_image\" \/>\n<meta name=\"twitter:label1\" content=\"Escrito por\" \/>\n\t<meta name=\"twitter:data1\" content=\"Autor\" \/>\n\t<meta name=\"twitter:label2\" content=\"Est. tempo de leitura\" \/>\n\t<meta name=\"twitter:data2\" content=\"4 minutos\" \/>\n<script type=\"application\/ld+json\" class=\"yoast-schema-graph\">{\"@context\":\"https:\/\/schema.org\",\"@graph\":[{\"@type\":\"Article\",\"@id\":\"https:\/\/fieam.org.br\/sesi\/sesi-leva-estudantes-para-intercambio-nos-eua\/#article\",\"isPartOf\":{\"@id\":\"https:\/\/fieam.org.br\/sesi\/sesi-leva-estudantes-para-intercambio-nos-eua\/\"},\"author\":{\"name\":\"Autor\",\"@id\":\"https:\/\/fieam.org.br\/sesi\/#\/schema\/person\/c1ceda8321521b291cee22da0a7d34be\"},\"headline\":\"SESI leva estudantes para interc\u00e2mbio nos EUA\",\"datePublished\":\"2016-01-27T19:34:54+00:00\",\"mainEntityOfPage\":{\"@id\":\"https:\/\/fieam.org.br\/sesi\/sesi-leva-estudantes-para-intercambio-nos-eua\/\"},\"wordCount\":772,\"commentCount\":0,\"publisher\":{\"@id\":\"https:\/\/fieam.org.br\/sesi\/#organization\"},\"image\":{\"@id\":\"https:\/\/fieam.org.br\/sesi\/sesi-leva-estudantes-para-intercambio-nos-eua\/#primaryimage\"},\"thumbnailUrl\":\"\",\"articleSection\":[\"News\"],\"inLanguage\":\"pt-BR\",\"potentialAction\":[{\"@type\":\"CommentAction\",\"name\":\"Comment\",\"target\":[\"https:\/\/fieam.org.br\/sesi\/sesi-leva-estudantes-para-intercambio-nos-eua\/#respond\"]}]},{\"@type\":\"WebPage\",\"@id\":\"https:\/\/fieam.org.br\/sesi\/sesi-leva-estudantes-para-intercambio-nos-eua\/\",\"url\":\"https:\/\/fieam.org.br\/sesi\/sesi-leva-estudantes-para-intercambio-nos-eua\/\",\"name\":\"SESI leva estudantes para interc\u00e2mbio nos EUA - SESI\",\"isPartOf\":{\"@id\":\"https:\/\/fieam.org.br\/sesi\/#website\"},\"primaryImageOfPage\":{\"@id\":\"https:\/\/fieam.org.br\/sesi\/sesi-leva-estudantes-para-intercambio-nos-eua\/#primaryimage\"},\"image\":{\"@id\":\"https:\/\/fieam.org.br\/sesi\/sesi-leva-estudantes-para-intercambio-nos-eua\/#primaryimage\"},\"thumbnailUrl\":\"\",\"datePublished\":\"2016-01-27T19:34:54+00:00\",\"breadcrumb\":{\"@id\":\"https:\/\/fieam.org.br\/sesi\/sesi-leva-estudantes-para-intercambio-nos-eua\/#breadcrumb\"},\"inLanguage\":\"pt-BR\",\"potentialAction\":[{\"@type\":\"ReadAction\",\"target\":[\"https:\/\/fieam.org.br\/sesi\/sesi-leva-estudantes-para-intercambio-nos-eua\/\"]}]},{\"@type\":\"ImageObject\",\"inLanguage\":\"pt-BR\",\"@id\":\"https:\/\/fieam.org.br\/sesi\/sesi-leva-estudantes-para-intercambio-nos-eua\/#primaryimage\",\"url\":\"\",\"contentUrl\":\"\"},{\"@type\":\"BreadcrumbList\",\"@id\":\"https:\/\/fieam.org.br\/sesi\/sesi-leva-estudantes-para-intercambio-nos-eua\/#breadcrumb\",\"itemListElement\":[{\"@type\":\"ListItem\",\"position\":1,\"name\":\"In\u00edcio\",\"item\":\"https:\/\/fieam.org.br\/sesi\/\"},{\"@type\":\"ListItem\",\"position\":2,\"name\":\"SESI leva estudantes para interc\u00e2mbio nos EUA\"}]},{\"@type\":\"WebSite\",\"@id\":\"https:\/\/fieam.org.br\/sesi\/#website\",\"url\":\"https:\/\/fieam.org.br\/sesi\/\",\"name\":\"SESI\",\"description\":\"Site Oficial!\",\"publisher\":{\"@id\":\"https:\/\/fieam.org.br\/sesi\/#organization\"},\"potentialAction\":[{\"@type\":\"SearchAction\",\"target\":{\"@type\":\"EntryPoint\",\"urlTemplate\":\"https:\/\/fieam.org.br\/sesi\/?s={search_term_string}\"},\"query-input\":{\"@type\":\"PropertyValueSpecification\",\"valueRequired\":true,\"valueName\":\"search_term_string\"}}],\"inLanguage\":\"pt-BR\"},{\"@type\":\"Organization\",\"@id\":\"https:\/\/fieam.org.br\/sesi\/#organization\",\"name\":\"SESI\",\"url\":\"https:\/\/fieam.org.br\/sesi\/\",\"logo\":{\"@type\":\"ImageObject\",\"inLanguage\":\"pt-BR\",\"@id\":\"https:\/\/fieam.org.br\/sesi\/#\/schema\/logo\/image\/\",\"url\":\"https:\/\/fieam.org.br\/sesi\/wp-content\/uploads\/sites\/14\/2024\/03\/cropped-fav.png\",\"contentUrl\":\"https:\/\/fieam.org.br\/sesi\/wp-content\/uploads\/sites\/14\/2024\/03\/cropped-fav.png\",\"width\":610,\"height\":589,\"caption\":\"SESI\"},\"image\":{\"@id\":\"https:\/\/fieam.org.br\/sesi\/#\/schema\/logo\/image\/\"}},{\"@type\":\"Person\",\"@id\":\"https:\/\/fieam.org.br\/sesi\/#\/schema\/person\/c1ceda8321521b291cee22da0a7d34be\",\"name\":\"Autor\",\"image\":{\"@type\":\"ImageObject\",\"inLanguage\":\"pt-BR\",\"@id\":\"https:\/\/fieam.org.br\/sesi\/#\/schema\/person\/image\/\",\"url\":\"https:\/\/secure.gravatar.com\/avatar\/3732c223e0e1fad69062a8f770955c9068d37b055204f310a0be18d4069fe380?s=96&d=mm&r=g\",\"contentUrl\":\"https:\/\/secure.gravatar.com\/avatar\/3732c223e0e1fad69062a8f770955c9068d37b055204f310a0be18d4069fe380?s=96&d=mm&r=g\",\"caption\":\"Autor\"},\"sameAs\":[\"https:\/\/marketingmassivo.com.br\"],\"url\":\"https:\/\/fieam.org.br\/sesi\/author\/admin\/\"}]}<\/script>\n<!-- \/ Yoast SEO plugin. -->","yoast_head_json":{"title":"SESI leva estudantes para interc\u00e2mbio nos EUA - SESI","robots":{"index":"index","follow":"follow","max-snippet":"max-snippet:-1","max-image-preview":"max-image-preview:large","max-video-preview":"max-video-preview:-1"},"canonical":"https:\/\/fieam.org.br\/sesi\/sesi-leva-estudantes-para-intercambio-nos-eua\/","og_locale":"pt_BR","og_type":"article","og_title":"SESI leva estudantes para interc\u00e2mbio nos EUA - SESI","og_description":"Mais um grupo de alunos do Servi\u00e7o Social da Ind\u00fastria (SESI) foi selecionado para participar de interc\u00e2mbio nos Estados Unidos por meio do programa \u201cConex\u00e3o Mundo\u201d. Neste s\u00e1bado (30), as estudantes amazonenses Beatriz Lima, 17, e Ana Amorim, 16, da Escola SESI Dra. \u00camina Barbosa Mustafa, do bairro S\u00e3o Jos\u00e9, embarcam rumo a Denver, no [&hellip;]","og_url":"https:\/\/fieam.org.br\/sesi\/sesi-leva-estudantes-para-intercambio-nos-eua\/","og_site_name":"SESI","article_published_time":"2016-01-27T19:34:54+00:00","author":"Autor","twitter_card":"summary_large_image","twitter_misc":{"Escrito por":"Autor","Est. tempo de leitura":"4 minutos"},"schema":{"@context":"https:\/\/schema.org","@graph":[{"@type":"Article","@id":"https:\/\/fieam.org.br\/sesi\/sesi-leva-estudantes-para-intercambio-nos-eua\/#article","isPartOf":{"@id":"https:\/\/fieam.org.br\/sesi\/sesi-leva-estudantes-para-intercambio-nos-eua\/"},"author":{"name":"Autor","@id":"https:\/\/fieam.org.br\/sesi\/#\/schema\/person\/c1ceda8321521b291cee22da0a7d34be"},"headline":"SESI leva estudantes para interc\u00e2mbio nos EUA","datePublished":"2016-01-27T19:34:54+00:00","mainEntityOfPage":{"@id":"https:\/\/fieam.org.br\/sesi\/sesi-leva-estudantes-para-intercambio-nos-eua\/"},"wordCount":772,"commentCount":0,"publisher":{"@id":"https:\/\/fieam.org.br\/sesi\/#organization"},"image":{"@id":"https:\/\/fieam.org.br\/sesi\/sesi-leva-estudantes-para-intercambio-nos-eua\/#primaryimage"},"thumbnailUrl":"","articleSection":["News"],"inLanguage":"pt-BR","potentialAction":[{"@type":"CommentAction","name":"Comment","target":["https:\/\/fieam.org.br\/sesi\/sesi-leva-estudantes-para-intercambio-nos-eua\/#respond"]}]},{"@type":"WebPage","@id":"https:\/\/fieam.org.br\/sesi\/sesi-leva-estudantes-para-intercambio-nos-eua\/","url":"https:\/\/fieam.org.br\/sesi\/sesi-leva-estudantes-para-intercambio-nos-eua\/","name":"SESI leva estudantes para interc\u00e2mbio nos EUA - SESI","isPartOf":{"@id":"https:\/\/fieam.org.br\/sesi\/#website"},"primaryImageOfPage":{"@id":"https:\/\/fieam.org.br\/sesi\/sesi-leva-estudantes-para-intercambio-nos-eua\/#primaryimage"},"image":{"@id":"https:\/\/fieam.org.br\/sesi\/sesi-leva-estudantes-para-intercambio-nos-eua\/#primaryimage"},"thumbnailUrl":"","datePublished":"2016-01-27T19:34:54+00:00","breadcrumb":{"@id":"https:\/\/fieam.org.br\/sesi\/sesi-leva-estudantes-para-intercambio-nos-eua\/#breadcrumb"},"inLanguage":"pt-BR","potentialAction":[{"@type":"ReadAction","target":["https:\/\/fieam.org.br\/sesi\/sesi-leva-estudantes-para-intercambio-nos-eua\/"]}]},{"@type":"ImageObject","inLanguage":"pt-BR","@id":"https:\/\/fieam.org.br\/sesi\/sesi-leva-estudantes-para-intercambio-nos-eua\/#primaryimage","url":"","contentUrl":""},{"@type":"BreadcrumbList","@id":"https:\/\/fieam.org.br\/sesi\/sesi-leva-estudantes-para-intercambio-nos-eua\/#breadcrumb","itemListElement":[{"@type":"ListItem","position":1,"name":"In\u00edcio","item":"https:\/\/fieam.org.br\/sesi\/"},{"@type":"ListItem","position":2,"name":"SESI leva estudantes para interc\u00e2mbio nos EUA"}]},{"@type":"WebSite","@id":"https:\/\/fieam.org.br\/sesi\/#website","url":"https:\/\/fieam.org.br\/sesi\/","name":"SESI","description":"Site Oficial!","publisher":{"@id":"https:\/\/fieam.org.br\/sesi\/#organization"},"potentialAction":[{"@type":"SearchAction","target":{"@type":"EntryPoint","urlTemplate":"https:\/\/fieam.org.br\/sesi\/?s={search_term_string}"},"query-input":{"@type":"PropertyValueSpecification","valueRequired":true,"valueName":"search_term_string"}}],"inLanguage":"pt-BR"},{"@type":"Organization","@id":"https:\/\/fieam.org.br\/sesi\/#organization","name":"SESI","url":"https:\/\/fieam.org.br\/sesi\/","logo":{"@type":"ImageObject","inLanguage":"pt-BR","@id":"https:\/\/fieam.org.br\/sesi\/#\/schema\/logo\/image\/","url":"https:\/\/fieam.org.br\/sesi\/wp-content\/uploads\/sites\/14\/2024\/03\/cropped-fav.png","contentUrl":"https:\/\/fieam.org.br\/sesi\/wp-content\/uploads\/sites\/14\/2024\/03\/cropped-fav.png","width":610,"height":589,"caption":"SESI"},"image":{"@id":"https:\/\/fieam.org.br\/sesi\/#\/schema\/logo\/image\/"}},{"@type":"Person","@id":"https:\/\/fieam.org.br\/sesi\/#\/schema\/person\/c1ceda8321521b291cee22da0a7d34be","name":"Autor","image":{"@type":"ImageObject","inLanguage":"pt-BR","@id":"https:\/\/fieam.org.br\/sesi\/#\/schema\/person\/image\/","url":"https:\/\/secure.gravatar.com\/avatar\/3732c223e0e1fad69062a8f770955c9068d37b055204f310a0be18d4069fe380?s=96&d=mm&r=g","contentUrl":"https:\/\/secure.gravatar.com\/avatar\/3732c223e0e1fad69062a8f770955c9068d37b055204f310a0be18d4069fe380?s=96&d=mm&r=g","caption":"Autor"},"sameAs":["https:\/\/marketingmassivo.com.br"],"url":"https:\/\/fieam.org.br\/sesi\/author\/admin\/"}]}},"_links":{"self":[{"href":"https:\/\/fieam.org.br\/sesi\/wp-json\/wp\/v2\/posts\/8090","targetHints":{"allow":["GET"]}}],"collection":[{"href":"https:\/\/fieam.org.br\/sesi\/wp-json\/wp\/v2\/posts"}],"about":[{"href":"https:\/\/fieam.org.br\/sesi\/wp-json\/wp\/v2\/types\/post"}],"author":[{"embeddable":true,"href":"https:\/\/fieam.org.br\/sesi\/wp-json\/wp\/v2\/users\/1"}],"replies":[{"embeddable":true,"href":"https:\/\/fieam.org.br\/sesi\/wp-json\/wp\/v2\/comments?post=8090"}],"version-history":[{"count":0,"href":"https:\/\/fieam.org.br\/sesi\/wp-json\/wp\/v2\/posts\/8090\/revisions"}],"wp:featuredmedia":[{"embeddable":true,"href":"https:\/\/fieam.org.br\/sesi\/wp-json\/"}],"wp:attachment":[{"href":"https:\/\/fieam.org.br\/sesi\/wp-json\/wp\/v2\/media?parent=8090"}],"wp:term":[{"taxonomy":"category","embeddable":true,"href":"https:\/\/fieam.org.br\/sesi\/wp-json\/wp\/v2\/categories?post=8090"},{"taxonomy":"post_tag","embeddable":true,"href":"https:\/\/fieam.org.br\/sesi\/wp-json\/wp\/v2\/tags?post=8090"}],"curies":[{"name":"wp","href":"https:\/\/api.w.org\/{rel}","templated":true}]}}