{"id":7823,"date":"2015-12-11T14:12:39","date_gmt":"2015-12-11T14:12:39","guid":{"rendered":"http:\/\/www.fieam.org.br\/site\/sesi\/?p=7809"},"modified":"2015-12-11T14:12:39","modified_gmt":"2015-12-11T14:12:39","slug":"segunda-fase-do-edital-senai-sesi-de-inovacao-escolhe-32-projetos-2","status":"publish","type":"post","link":"https:\/\/fieam.org.br\/sesi\/segunda-fase-do-edital-senai-sesi-de-inovacao-escolhe-32-projetos-2\/","title":{"rendered":"Segunda fase do Edital SENAI SESI de Inova\u00e7\u00e3o escolhe 32 projetos"},"content":{"rendered":"<p align=\"center\"><i>Iniciativa, criada em 2004, bate a marca de 500 projetos contemplados de empresas de todo o pa\u00eds. Mais uma vez, maioria dos trabalhos \u00e9 de startups de base tecnol\u00f3gica<\/i><\/p>\n<p align=\"center\"><i>\u00a0<\/i><\/p>\n<p>A segunda fase do Edital SENAI SESI de Inova\u00e7\u00e3o contemplou 32 projetos de empresas de todo o pa\u00eds. Os vencedores foram anunciados na \u00faltima quarta-feira (9), em Bras\u00edlia (DF). Com isso, o Edital bate a marca de 500 projetos contemplados desde que foi criado, em 2004. Nesta fase, as empresas ter\u00e3o R$ 10 milh\u00f5es para o desenvolvimento dos projetos. O Edital \u00e9 uma iniciativa do Servi\u00e7o Nacional de Aprendizagem Industrial (SENAI) e do Servi\u00e7o Social da Ind\u00fastria (SESI) e funciona por meio de ciclos cont\u00ednuos de inscri\u00e7\u00e3o e avalia\u00e7\u00e3o.<\/p>\n<p>&nbsp;<\/p>\n<p>Do total de projetos selecionados neste segundo momento, a maioria veio de startups (14), seguidos dos de empresas de grande (12), m\u00e9dio (3) e pequeno portes (3). As empresas que tiveram trabalhos escolhidos s\u00e3o de Santa Catarina (4), Rio Grande do Sul (4), Minas Gerais (4), Mato Grosso do Sul (3), Bahia (3), Par\u00e1 (3), Goi\u00e1s (2), S\u00e3o Paulo (2), Pernambuco (2), Rio de Janeiro (2), Paran\u00e1 (1), Rio Grande do Norte (1) e Maranh\u00e3o (1).<\/p>\n<p>&nbsp;<\/p>\n<p>Nesta edi\u00e7\u00e3o h\u00e1 R$ 40 milh\u00f5es dispon\u00edveis para o desenvolvimento de novos produtos, processos e servi\u00e7os que visem ao aumento da produtividade e competitividade das empresas brasileiras. O valor \u00e9 31,14% superior ao do ano passado. As inscri\u00e7\u00f5es para a edi\u00e7\u00e3o 2015 do Edital j\u00e1 est\u00e3o encerrados. Por\u00e9m, projetos podem continuar sendo inscritos e ser\u00e3o automaticamente remetidos a avalia\u00e7\u00f5es na edi\u00e7\u00e3o do ano que vem. Basta acessar a p\u00e1gina do Edital na internet:\u00a0<a href=\"http:\/\/www.editaldeinovacao.com.br\/\" target=\"_blank\" rel=\"noreferrer noopener\">www.editaldeinovacao.com.br<\/a>.<\/p>\n<div>\n<table style=\"width: 80%\" border=\"1\" cellpadding=\"0\">\n<tbody>\n<tr>\n<td valign=\"top\">\n<div>\n<p>Edital SENAI SESI de Inova\u00e7\u00e3o | Portal da Ind\u00fastria<\/p>\n<\/div>\n<div>\n<p>Est\u00e3o abertas as inscri\u00e7\u00f5es Edital SENAI SESI de Inova\u00e7\u00e3o 2015. Confira o regulamento e invista na sua empresa.<\/p>\n<\/div>\n<div>\n<p><a href=\"http:\/\/www.editaldeinovacao.com.br\/\" target=\"_blank\" rel=\"noreferrer noopener\">Leia mais&#8230;<\/a><\/p>\n<\/div>\n<\/td>\n<\/tr>\n<\/tbody>\n<\/table>\n<\/div>\n<p>Confira\u00a0<b><span style=\"text-decoration: underline\">aqui<\/span><\/b>\u00a0os projetos escolhidos no segundo ciclo.<\/p>\n<p><b>\u00a0<\/b><\/p>\n<table style=\"width: 662px\" border=\"0\" cellspacing=\"0\" cellpadding=\"0\">\n<tbody>\n<tr>\n<td colspan=\"4\" nowrap=\"nowrap\" width=\"662\">\n<p align=\"center\"><b>EDITAL SENAI SESI DE INOVA\u00c7\u00c3O<\/b><b>\u00a02015<\/b><\/p>\n<\/td>\n<\/tr>\n<tr>\n<td colspan=\"4\" nowrap=\"nowrap\" width=\"662\">\n<p align=\"center\"><b>PRIMEIRO CICLO<\/b><\/p>\n<\/td>\n<\/tr>\n<tr>\n<td width=\"77\">\n<p align=\"center\"><b>Institui\u00e7\u00e3o<\/b><\/p>\n<\/td>\n<td width=\"65\">\n<p align=\"center\"><b>ESTADO<\/b><\/p>\n<\/td>\n<td width=\"340\">\n<p align=\"center\"><b>T\u00cdTULO DO PROJETO<\/b><\/p>\n<\/td>\n<td width=\"180\">\n<p align=\"center\"><b>EMPRESA<\/b><\/p>\n<\/td>\n<\/tr>\n<tr>\n<td rowspan=\"26\" nowrap=\"nowrap\" width=\"77\">\n<p align=\"center\"><b>SENAI<\/b><\/p>\n<\/td>\n<td nowrap=\"nowrap\" width=\"65\">\n<p align=\"center\">BA<\/p>\n<\/td>\n<td width=\"340\">Ambiente de desenvolvimento virtual<\/td>\n<td width=\"180\">\n<p align=\"center\">Whirlpool<\/p>\n<\/td>\n<\/tr>\n<tr>\n<td nowrap=\"nowrap\" width=\"65\">\n<p align=\"center\">BA<\/p>\n<\/td>\n<td width=\"340\">GPS \u2013 GeoProfit Strategy<\/td>\n<td width=\"180\">\n<p align=\"center\">MH2 Solu\u00e7\u00f5es em Projetos Ltda \u2013 ME<\/p>\n<\/td>\n<\/tr>\n<tr>\n<td nowrap=\"nowrap\" width=\"65\">\n<p align=\"center\">BA<\/p>\n<\/td>\n<td width=\"340\">O EXO 1 \u2013 produto que transfere o peso do bra\u00e7o para a cintura do operador<\/td>\n<td width=\"180\">\n<p align=\"center\">Luiz Guilherme Aun Fonseca<\/p>\n<\/td>\n<\/tr>\n<tr>\n<td nowrap=\"nowrap\" width=\"65\">\n<p align=\"center\">MA<\/p>\n<\/td>\n<td width=\"340\">Uso de res\u00edduo de bauxita em cimento<\/td>\n<td width=\"180\">\n<p align=\"center\">Cons\u00f3rcio de alum\u00ednio do Maranh\u00e3o \u2013 ALUMAR<\/p>\n<\/td>\n<\/tr>\n<tr>\n<td nowrap=\"nowrap\" width=\"65\">\n<p align=\"center\">MG<\/p>\n<\/td>\n<td width=\"340\">Queimador de gases para produ\u00e7\u00e3o de carv\u00e3o vegetal<\/td>\n<td width=\"180\">\n<p align=\"center\">STA Industrial Ltda<\/p>\n<\/td>\n<\/tr>\n<tr>\n<td nowrap=\"nowrap\" width=\"65\">\n<p align=\"center\">MG<\/p>\n<\/td>\n<td width=\"340\">Fornos modulares para produ\u00e7\u00e3o de carv\u00e3o vegetal<\/td>\n<td width=\"180\">\n<p align=\"center\">STA Industrial Ltda<\/p>\n<\/td>\n<\/tr>\n<tr>\n<td nowrap=\"nowrap\" width=\"65\">\n<p align=\"center\">MG<\/p>\n<\/td>\n<td width=\"340\">MCare \u2013 Cuidando onde voc\u00ea estiver<\/td>\n<td width=\"180\">\n<p align=\"center\">NOVELTY Tecnologia e Inova\u00e7\u00e3o Ltda<\/p>\n<\/td>\n<\/tr>\n<tr>\n<td nowrap=\"nowrap\" width=\"65\">\n<p align=\"center\">MS<\/p>\n<\/td>\n<td width=\"340\">Projeto Zutatam<\/td>\n<td width=\"180\">\n<p align=\"center\">Natura Inova\u00e7\u00e3o e Tecnologia de produtos<\/p>\n<\/td>\n<\/tr>\n<tr>\n<td nowrap=\"nowrap\" width=\"65\">\n<p align=\"center\">MS<\/p>\n<\/td>\n<td width=\"340\">Desenvolvimento de ra\u00e7\u00e3o para melhoramento do processo produtivo de jacar\u00e9s<\/td>\n<td width=\"180\">\n<p align=\"center\">Caimasul Imp. e Expt. Ltda<\/p>\n<\/td>\n<\/tr>\n<tr>\n<td nowrap=\"nowrap\" width=\"65\">\n<p align=\"center\">MS<\/p>\n<\/td>\n<td width=\"340\">Pazinha de sorvete biodegrad\u00e1vel<\/td>\n<td width=\"180\">\n<p align=\"center\">Frutos do Brasil<\/p>\n<\/td>\n<\/tr>\n<tr>\n<td nowrap=\"nowrap\" width=\"65\">\n<p align=\"center\">PA<\/p>\n<\/td>\n<td width=\"340\">BIODAM \u2013 Biorremedia\u00e7\u00e3o para tratamento de drenagem \u00e1cida de mina<\/td>\n<td width=\"180\">\n<p align=\"center\">Vale S.A.<\/p>\n<\/td>\n<\/tr>\n<tr>\n<td nowrap=\"nowrap\" width=\"65\">\n<p align=\"center\">PA<\/p>\n<\/td>\n<td width=\"340\">BIOLIX \u2013 Tecnologia limpa para recupera\u00e7\u00e3o de cobre<\/td>\n<td width=\"180\">\n<p align=\"center\">Itatijuca Biotech Ltda Epp<\/p>\n<\/td>\n<\/tr>\n<tr>\n<td nowrap=\"nowrap\" width=\"65\">\n<p align=\"center\">PE<\/p>\n<\/td>\n<td width=\"340\">neuroUP: plataforma port\u00e1til de mapeamento cerebral<\/td>\n<td width=\"180\">\n<p align=\"center\">Up Biomedical Tecnologia em Sa\u00fade Ltda<\/p>\n<\/td>\n<\/tr>\n<tr>\n<td nowrap=\"nowrap\" width=\"65\">\n<p align=\"center\">PE<\/p>\n<\/td>\n<td width=\"340\">Squid it: plataforma colaborativa de marketing<\/td>\n<td width=\"180\">\n<p align=\"center\">DQUID Digital Media Channel Ltda ME<\/p>\n<\/td>\n<\/tr>\n<tr>\n<td nowrap=\"nowrap\" width=\"65\">\n<p align=\"center\">PR<\/p>\n<\/td>\n<td width=\"340\">FORMIBIO \u2013 Novo produto biol\u00f3gico \u00e0 base de fungo entomopatog\u00eanico para controle de formigas em planta\u00e7\u00e3o industrial de pinus spp para a fabrica\u00e7\u00e3o de papel<\/td>\n<td width=\"180\">\n<p align=\"center\">Igua\u00e7u Celulose Papel S\/A<\/p>\n<\/td>\n<\/tr>\n<tr>\n<td nowrap=\"nowrap\" width=\"65\">\n<p align=\"center\">RJ<\/p>\n<\/td>\n<td width=\"340\">Nucle\u00e1rio: sistema de plantio florestal<\/td>\n<td width=\"180\">\n<p align=\"center\">Fractal N\u00facleo de Inova\u00e7\u00f5es Ltda<\/p>\n<\/td>\n<\/tr>\n<tr>\n<td nowrap=\"nowrap\" width=\"65\">\n<p align=\"center\">RJ<\/p>\n<\/td>\n<td width=\"340\">Produ\u00e7\u00e3o de qu\u00edmicos renov\u00e1veis a partir de res\u00edduos da agroind\u00fastria<\/td>\n<td width=\"180\">\n<p align=\"center\">Braskem<\/p>\n<\/td>\n<\/tr>\n<tr>\n<td nowrap=\"nowrap\" width=\"65\">\n<p align=\"center\">RN<\/p>\n<\/td>\n<td width=\"340\">Animahealth<\/td>\n<td width=\"180\">\n<p align=\"center\">Ex-Machina<\/p>\n<\/td>\n<\/tr>\n<tr>\n<td nowrap=\"nowrap\" width=\"65\">\n<p align=\"center\">RS<\/p>\n<\/td>\n<td width=\"340\">Laborat\u00f3rio de ensino em aerogeradores<\/td>\n<td width=\"180\">\n<p align=\"center\">Automatus Engenharia S\/A<\/p>\n<\/td>\n<\/tr>\n<tr>\n<td nowrap=\"nowrap\" width=\"65\">\n<p align=\"center\">RS<\/p>\n<\/td>\n<td width=\"340\">Perfuratriz P-200<\/td>\n<td width=\"180\">\n<p align=\"center\">Syl Ind. Maq. Com. Imp. e Exp. Ltda<\/p>\n<\/td>\n<\/tr>\n<tr>\n<td nowrap=\"nowrap\" width=\"65\">\n<p align=\"center\">RS<\/p>\n<\/td>\n<td width=\"340\">Aerogerador urbano modular de baixa pot\u00eancia<\/td>\n<td width=\"180\">\n<p align=\"center\">Metal\u00fargica Fratelli Ltda<\/p>\n<\/td>\n<\/tr>\n<tr>\n<td nowrap=\"nowrap\" width=\"65\">\n<p align=\"center\">RS<\/p>\n<\/td>\n<td width=\"340\">Equipamento para produ\u00e7\u00e3o de g\u00e1s combust\u00edvel oxi-hidrog\u00eanio<\/td>\n<td width=\"180\">\n<p align=\"center\">HIDROCOMBUS \u2013 Kammerer Pesquisas e Com\u00e9rcio Ltda-ME<\/p>\n<\/td>\n<\/tr>\n<tr>\n<td nowrap=\"nowrap\" width=\"65\">\n<p align=\"center\">SC<\/p>\n<\/td>\n<td width=\"340\">Sistema inteligente para chopp self-service e gest\u00e3o de estoque<\/td>\n<td width=\"180\">\n<p align=\"center\">JMT Tecnologia Ltda ME<\/p>\n<\/td>\n<\/tr>\n<tr>\n<td nowrap=\"nowrap\" width=\"65\">\n<p align=\"center\">SC<\/p>\n<\/td>\n<td width=\"340\">Gaveta para frutas e hortali\u00e7as com atomizador<\/td>\n<td width=\"180\">\n<p align=\"center\">Whirlpool<\/p>\n<\/td>\n<\/tr>\n<tr>\n<td nowrap=\"nowrap\" width=\"65\">\n<p align=\"center\">SC<\/p>\n<\/td>\n<td width=\"340\">Fabrica\u00e7\u00e3o de porcas sem gera\u00e7\u00e3o de sucata<\/td>\n<td width=\"180\">\n<p align=\"center\">CISER<\/p>\n<\/td>\n<\/tr>\n<tr>\n<td nowrap=\"nowrap\" width=\"65\">\n<p align=\"center\">SC<\/p>\n<\/td>\n<td width=\"340\">Aerogerador h\u00edbrido (e\u00f3lico + solar)<\/td>\n<td width=\"180\">\n<p align=\"center\">Pensys Pesquisa, Consultoria e Tecnologia<\/p>\n<\/td>\n<\/tr>\n<tr>\n<td rowspan=\"4\" nowrap=\"nowrap\" width=\"77\">\n<p align=\"center\"><b>SESI<\/b><\/p>\n<\/td>\n<td nowrap=\"nowrap\" width=\"65\">\n<p align=\"center\">GO<\/p>\n<\/td>\n<td width=\"340\">Placas fotoluminescentes de PET reciclado para sinaliza\u00e7\u00e3o de inc\u00eandio<\/td>\n<td width=\"180\">\n<p align=\"center\">S\u00f3 Placas<\/p>\n<\/td>\n<\/tr>\n<tr>\n<td nowrap=\"nowrap\" width=\"65\">\n<p align=\"center\">GO<\/p>\n<\/td>\n<td width=\"340\">EPI Invis\u00edvel: luva qu\u00edmica com tratamento regenerativo para dermatoses ocupacionais (DO\u00b4s)<\/td>\n<td width=\"180\">\n<p align=\"center\">Nutriex Importa\u00e7\u00e3o e Exporta\u00e7\u00e3o de Produtos Nutricionais e Farmoqu\u00edmicos Ltda<\/p>\n<\/td>\n<\/tr>\n<tr>\n<td nowrap=\"nowrap\" width=\"65\">\n<p align=\"center\">MG<\/p>\n<\/td>\n<td width=\"340\">Equipamento hidr\u00e1ulico com conjunto de suportes ergon\u00f4micos para eleva\u00e7\u00e3o e sustenta\u00e7\u00e3o de pe\u00e7as<\/td>\n<td width=\"180\">\n<p align=\"center\">MRs \u2013 Log\u00edstica S\/A<\/p>\n<\/td>\n<\/tr>\n<tr>\n<td nowrap=\"nowrap\" width=\"65\">\n<p align=\"center\">PA<\/p>\n<\/td>\n<td width=\"340\">Lock &amp; Track: sistema de localiza\u00e7\u00e3o e rastreamento de colaboradores em ambientes in\u00f3spitos<\/td>\n<td width=\"180\">\n<p align=\"center\">Vale S\/A<\/p>\n<\/td>\n<\/tr>\n<\/tbody>\n<\/table>\n<p>&nbsp;<\/p>\n<p><b>SOBRE O EDITAL \u2013\u00a0<\/b>Empresas de qualquer porte podem inscrever projetos em tr\u00eas categorias:<\/p>\n<p>&nbsp;<\/p>\n<p><i>Categoria A: inova\u00e7\u00e3o tecnol\u00f3gica<\/i><\/p>\n<p>Projetos realizados em parceria com o SENAI, or\u00e7ados em at\u00e9 R$ 400 mil. Os projetos desta modalidade poder\u00e3o ser desenvolvidos de forma bilateral, em parceria com o Innovate UK.<\/p>\n<p>Prazo: 20 meses para ser executado a partir da contrata\u00e7\u00e3o.<\/p>\n<p>&nbsp;<\/p>\n<p><i>Categoria B: startups inovadoras<\/i><\/p>\n<p>Projetos de\u00a0<i>startups<\/i>\u00a0de base tecnol\u00f3gica, realizados em parceria com o SENAI, or\u00e7ados em at\u00e9 R$ 150 mil.<\/p>\n<p>Prazo: 10 meses para ser executado a partir da contrata\u00e7\u00e3o.<\/p>\n<p>&nbsp;<\/p>\n<p><i>Categoria C:<\/i>\u00a0solu\u00e7\u00f5es de sa\u00fade e seguran\u00e7a no trabalho (SST) e qualidade de vida<\/p>\n<p>Projetos realizados em parceria com o SESI, or\u00e7ados em at\u00e9 R$ 400 mil.<\/p>\n<p>Prazo: 20 meses para ser executado a partir da contrata\u00e7\u00e3o.<\/p>\n<p>&nbsp;<\/p>\n<p><b>PASSO A PASSO<\/b><\/p>\n<p><b>\u00a0<\/b><\/p>\n<p>1 \u2013 Inscri\u00e7\u00e3o: O projeto inovador pode ser inscritos a qualquer tempo at\u00e9 7 de dezembro de 2015. Cada projeto pode ser or\u00e7ado em at\u00e9 R$ 400 mil;<\/p>\n<p>&nbsp;<\/p>\n<p>2 \u2013 An\u00e1lise: As ideias apresentadas ser\u00e3o analisadas trimestralmente por comit\u00ea de avaliadores que inclui especialistas do ITA e da FGV. Ser\u00e3o tr\u00eas per\u00edodos de avalia\u00e7\u00e3o.<\/p>\n<p>&nbsp;<\/p>\n<p>3 \u2013 Plano de projeto: s\u00e3o levados em conta o potencial inovador da ideia e a capacidade de a empresa coloc\u00e1-la no mercado;<\/p>\n<p>&nbsp;<\/p>\n<p>4 \u2013 Os projetos aprovados ser\u00e3o ranqueados. Aqueles que dentro do limite de cr\u00e9dito dispon\u00edvel para o ciclo seguem para a fase de contrata\u00e7\u00e3o e execu\u00e7\u00e3o. Os que ficarem abaixo, por\u00e9m aprovados, ter\u00e3o chance no ciclo seguinte.<\/p>\n<p>&nbsp;<\/p>\n<p><b>ATENDIMENTO \u00c0 IMPRENSA<\/b><\/p>\n<p><b>Ger\u00eancia de Jornalismo da CNI<\/b><\/p>\n<p><b>\u00a0<\/b><\/p>\n<p><b>(61) 3317-9578 \/ 8917 \/ 9825<\/b><\/p>\n<p><a href=\"mailto:imprensa@cni.org.br\" rel=\"noreferrer\">imprensa@cni.org.br<\/a><\/p>\n<p><a href=\"http:\/\/www.portaldaindustria.com.br\/\" target=\"_blank\" rel=\"noreferrer noopener\">http:\/\/www.portaldaindustria.com.br\/<\/a><\/p>\n<p><a href=\"http:\/\/www.bancodemidia.cni.org.br\/\" target=\"_blank\" rel=\"noreferrer noopener\">http:\/\/www.bancodemidia.cni.org.br<\/a><\/p>\n<p><a href=\"https:\/\/twitter.com\/CNI_br\" target=\"_blank\" rel=\"noreferrer noopener\">https:\/\/twitter.com\/CNI_br<\/a><\/p>\n<p><a href=\"https:\/\/www.facebook.com\/cnibrasil\" target=\"_blank\" rel=\"noreferrer noopener\">https:\/\/www.facebook.com\/cnibrasil<\/a><\/p>\n<p><a href=\"http:\/\/www.youtube.com\/user\/cniweb\" target=\"_blank\" rel=\"noreferrer noopener\">http:\/\/www.youtube.com\/user\/cniweb<\/a><\/p>\n","protected":false},"excerpt":{"rendered":"<p>Iniciativa, criada em 2004, bate a marca de 500 projetos contemplados de empresas de todo o pa\u00eds. Mais uma vez, maioria dos trabalhos \u00e9 de startups de base tecnol\u00f3gica \u00a0 A segunda fase do Edital SENAI SESI de Inova\u00e7\u00e3o contemplou 32 projetos de empresas de todo o pa\u00eds. Os vencedores foram anunciados na \u00faltima quarta-feira [&hellip;]<\/p>\n","protected":false},"author":1,"featured_media":0,"comment_status":"open","ping_status":"open","sticky":false,"template":"","format":"standard","meta":{"footnotes":""},"categories":[25],"tags":[],"class_list":["post-7823","post","type-post","status-publish","format-standard","hentry","category-news"],"yoast_head":"<!-- This site is optimized with the Yoast SEO plugin v26.8 - https:\/\/yoast.com\/product\/yoast-seo-wordpress\/ -->\n<title>Segunda fase do Edital SENAI SESI de Inova\u00e7\u00e3o escolhe 32 projetos - SESI<\/title>\n<meta name=\"robots\" content=\"index, follow, max-snippet:-1, max-image-preview:large, max-video-preview:-1\" \/>\n<link rel=\"canonical\" href=\"https:\/\/fieam.org.br\/sesi\/segunda-fase-do-edital-senai-sesi-de-inovacao-escolhe-32-projetos-2\/\" \/>\n<meta property=\"og:locale\" content=\"pt_BR\" \/>\n<meta property=\"og:type\" content=\"article\" \/>\n<meta property=\"og:title\" content=\"Segunda fase do Edital SENAI SESI de Inova\u00e7\u00e3o escolhe 32 projetos - SESI\" \/>\n<meta property=\"og:description\" content=\"Iniciativa, criada em 2004, bate a marca de 500 projetos contemplados de empresas de todo o pa\u00eds. Mais uma vez, maioria dos trabalhos \u00e9 de startups de base tecnol\u00f3gica \u00a0 A segunda fase do Edital SENAI SESI de Inova\u00e7\u00e3o contemplou 32 projetos de empresas de todo o pa\u00eds. Os vencedores foram anunciados na \u00faltima quarta-feira [&hellip;]\" \/>\n<meta property=\"og:url\" content=\"https:\/\/fieam.org.br\/sesi\/segunda-fase-do-edital-senai-sesi-de-inovacao-escolhe-32-projetos-2\/\" \/>\n<meta property=\"og:site_name\" content=\"SESI\" \/>\n<meta property=\"article:published_time\" content=\"2015-12-11T14:12:39+00:00\" \/>\n<meta name=\"author\" content=\"Autor\" \/>\n<meta name=\"twitter:card\" content=\"summary_large_image\" \/>\n<meta name=\"twitter:label1\" content=\"Escrito por\" \/>\n\t<meta name=\"twitter:data1\" content=\"Autor\" \/>\n\t<meta name=\"twitter:label2\" content=\"Est. tempo de leitura\" \/>\n\t<meta name=\"twitter:data2\" content=\"5 minutos\" \/>\n<script type=\"application\/ld+json\" class=\"yoast-schema-graph\">{\"@context\":\"https:\/\/schema.org\",\"@graph\":[{\"@type\":\"Article\",\"@id\":\"https:\/\/fieam.org.br\/sesi\/segunda-fase-do-edital-senai-sesi-de-inovacao-escolhe-32-projetos-2\/#article\",\"isPartOf\":{\"@id\":\"https:\/\/fieam.org.br\/sesi\/segunda-fase-do-edital-senai-sesi-de-inovacao-escolhe-32-projetos-2\/\"},\"author\":{\"name\":\"Autor\",\"@id\":\"https:\/\/fieam.org.br\/sesi\/#\/schema\/person\/c1ceda8321521b291cee22da0a7d34be\"},\"headline\":\"Segunda fase do Edital SENAI SESI de Inova\u00e7\u00e3o escolhe 32 projetos\",\"datePublished\":\"2015-12-11T14:12:39+00:00\",\"mainEntityOfPage\":{\"@id\":\"https:\/\/fieam.org.br\/sesi\/segunda-fase-do-edital-senai-sesi-de-inovacao-escolhe-32-projetos-2\/\"},\"wordCount\":1087,\"commentCount\":0,\"publisher\":{\"@id\":\"https:\/\/fieam.org.br\/sesi\/#organization\"},\"articleSection\":[\"News\"],\"inLanguage\":\"pt-BR\",\"potentialAction\":[{\"@type\":\"CommentAction\",\"name\":\"Comment\",\"target\":[\"https:\/\/fieam.org.br\/sesi\/segunda-fase-do-edital-senai-sesi-de-inovacao-escolhe-32-projetos-2\/#respond\"]}]},{\"@type\":\"WebPage\",\"@id\":\"https:\/\/fieam.org.br\/sesi\/segunda-fase-do-edital-senai-sesi-de-inovacao-escolhe-32-projetos-2\/\",\"url\":\"https:\/\/fieam.org.br\/sesi\/segunda-fase-do-edital-senai-sesi-de-inovacao-escolhe-32-projetos-2\/\",\"name\":\"Segunda fase do Edital SENAI SESI de Inova\u00e7\u00e3o escolhe 32 projetos - SESI\",\"isPartOf\":{\"@id\":\"https:\/\/fieam.org.br\/sesi\/#website\"},\"datePublished\":\"2015-12-11T14:12:39+00:00\",\"breadcrumb\":{\"@id\":\"https:\/\/fieam.org.br\/sesi\/segunda-fase-do-edital-senai-sesi-de-inovacao-escolhe-32-projetos-2\/#breadcrumb\"},\"inLanguage\":\"pt-BR\",\"potentialAction\":[{\"@type\":\"ReadAction\",\"target\":[\"https:\/\/fieam.org.br\/sesi\/segunda-fase-do-edital-senai-sesi-de-inovacao-escolhe-32-projetos-2\/\"]}]},{\"@type\":\"BreadcrumbList\",\"@id\":\"https:\/\/fieam.org.br\/sesi\/segunda-fase-do-edital-senai-sesi-de-inovacao-escolhe-32-projetos-2\/#breadcrumb\",\"itemListElement\":[{\"@type\":\"ListItem\",\"position\":1,\"name\":\"In\u00edcio\",\"item\":\"https:\/\/fieam.org.br\/sesi\/\"},{\"@type\":\"ListItem\",\"position\":2,\"name\":\"Segunda fase do Edital SENAI SESI de Inova\u00e7\u00e3o escolhe 32 projetos\"}]},{\"@type\":\"WebSite\",\"@id\":\"https:\/\/fieam.org.br\/sesi\/#website\",\"url\":\"https:\/\/fieam.org.br\/sesi\/\",\"name\":\"SESI\",\"description\":\"Site Oficial!\",\"publisher\":{\"@id\":\"https:\/\/fieam.org.br\/sesi\/#organization\"},\"potentialAction\":[{\"@type\":\"SearchAction\",\"target\":{\"@type\":\"EntryPoint\",\"urlTemplate\":\"https:\/\/fieam.org.br\/sesi\/?s={search_term_string}\"},\"query-input\":{\"@type\":\"PropertyValueSpecification\",\"valueRequired\":true,\"valueName\":\"search_term_string\"}}],\"inLanguage\":\"pt-BR\"},{\"@type\":\"Organization\",\"@id\":\"https:\/\/fieam.org.br\/sesi\/#organization\",\"name\":\"SESI\",\"url\":\"https:\/\/fieam.org.br\/sesi\/\",\"logo\":{\"@type\":\"ImageObject\",\"inLanguage\":\"pt-BR\",\"@id\":\"https:\/\/fieam.org.br\/sesi\/#\/schema\/logo\/image\/\",\"url\":\"https:\/\/fieam.org.br\/sesi\/wp-content\/uploads\/sites\/14\/2024\/03\/cropped-fav.png\",\"contentUrl\":\"https:\/\/fieam.org.br\/sesi\/wp-content\/uploads\/sites\/14\/2024\/03\/cropped-fav.png\",\"width\":610,\"height\":589,\"caption\":\"SESI\"},\"image\":{\"@id\":\"https:\/\/fieam.org.br\/sesi\/#\/schema\/logo\/image\/\"}},{\"@type\":\"Person\",\"@id\":\"https:\/\/fieam.org.br\/sesi\/#\/schema\/person\/c1ceda8321521b291cee22da0a7d34be\",\"name\":\"Autor\",\"image\":{\"@type\":\"ImageObject\",\"inLanguage\":\"pt-BR\",\"@id\":\"https:\/\/fieam.org.br\/sesi\/#\/schema\/person\/image\/\",\"url\":\"https:\/\/secure.gravatar.com\/avatar\/3732c223e0e1fad69062a8f770955c9068d37b055204f310a0be18d4069fe380?s=96&d=mm&r=g\",\"contentUrl\":\"https:\/\/secure.gravatar.com\/avatar\/3732c223e0e1fad69062a8f770955c9068d37b055204f310a0be18d4069fe380?s=96&d=mm&r=g\",\"caption\":\"Autor\"},\"sameAs\":[\"https:\/\/marketingmassivo.com.br\"],\"url\":\"https:\/\/fieam.org.br\/sesi\/author\/admin\/\"}]}<\/script>\n<!-- \/ Yoast SEO plugin. -->","yoast_head_json":{"title":"Segunda fase do Edital SENAI SESI de Inova\u00e7\u00e3o escolhe 32 projetos - SESI","robots":{"index":"index","follow":"follow","max-snippet":"max-snippet:-1","max-image-preview":"max-image-preview:large","max-video-preview":"max-video-preview:-1"},"canonical":"https:\/\/fieam.org.br\/sesi\/segunda-fase-do-edital-senai-sesi-de-inovacao-escolhe-32-projetos-2\/","og_locale":"pt_BR","og_type":"article","og_title":"Segunda fase do Edital SENAI SESI de Inova\u00e7\u00e3o escolhe 32 projetos - SESI","og_description":"Iniciativa, criada em 2004, bate a marca de 500 projetos contemplados de empresas de todo o pa\u00eds. Mais uma vez, maioria dos trabalhos \u00e9 de startups de base tecnol\u00f3gica \u00a0 A segunda fase do Edital SENAI SESI de Inova\u00e7\u00e3o contemplou 32 projetos de empresas de todo o pa\u00eds. Os vencedores foram anunciados na \u00faltima quarta-feira [&hellip;]","og_url":"https:\/\/fieam.org.br\/sesi\/segunda-fase-do-edital-senai-sesi-de-inovacao-escolhe-32-projetos-2\/","og_site_name":"SESI","article_published_time":"2015-12-11T14:12:39+00:00","author":"Autor","twitter_card":"summary_large_image","twitter_misc":{"Escrito por":"Autor","Est. tempo de leitura":"5 minutos"},"schema":{"@context":"https:\/\/schema.org","@graph":[{"@type":"Article","@id":"https:\/\/fieam.org.br\/sesi\/segunda-fase-do-edital-senai-sesi-de-inovacao-escolhe-32-projetos-2\/#article","isPartOf":{"@id":"https:\/\/fieam.org.br\/sesi\/segunda-fase-do-edital-senai-sesi-de-inovacao-escolhe-32-projetos-2\/"},"author":{"name":"Autor","@id":"https:\/\/fieam.org.br\/sesi\/#\/schema\/person\/c1ceda8321521b291cee22da0a7d34be"},"headline":"Segunda fase do Edital SENAI SESI de Inova\u00e7\u00e3o escolhe 32 projetos","datePublished":"2015-12-11T14:12:39+00:00","mainEntityOfPage":{"@id":"https:\/\/fieam.org.br\/sesi\/segunda-fase-do-edital-senai-sesi-de-inovacao-escolhe-32-projetos-2\/"},"wordCount":1087,"commentCount":0,"publisher":{"@id":"https:\/\/fieam.org.br\/sesi\/#organization"},"articleSection":["News"],"inLanguage":"pt-BR","potentialAction":[{"@type":"CommentAction","name":"Comment","target":["https:\/\/fieam.org.br\/sesi\/segunda-fase-do-edital-senai-sesi-de-inovacao-escolhe-32-projetos-2\/#respond"]}]},{"@type":"WebPage","@id":"https:\/\/fieam.org.br\/sesi\/segunda-fase-do-edital-senai-sesi-de-inovacao-escolhe-32-projetos-2\/","url":"https:\/\/fieam.org.br\/sesi\/segunda-fase-do-edital-senai-sesi-de-inovacao-escolhe-32-projetos-2\/","name":"Segunda fase do Edital SENAI SESI de Inova\u00e7\u00e3o escolhe 32 projetos - SESI","isPartOf":{"@id":"https:\/\/fieam.org.br\/sesi\/#website"},"datePublished":"2015-12-11T14:12:39+00:00","breadcrumb":{"@id":"https:\/\/fieam.org.br\/sesi\/segunda-fase-do-edital-senai-sesi-de-inovacao-escolhe-32-projetos-2\/#breadcrumb"},"inLanguage":"pt-BR","potentialAction":[{"@type":"ReadAction","target":["https:\/\/fieam.org.br\/sesi\/segunda-fase-do-edital-senai-sesi-de-inovacao-escolhe-32-projetos-2\/"]}]},{"@type":"BreadcrumbList","@id":"https:\/\/fieam.org.br\/sesi\/segunda-fase-do-edital-senai-sesi-de-inovacao-escolhe-32-projetos-2\/#breadcrumb","itemListElement":[{"@type":"ListItem","position":1,"name":"In\u00edcio","item":"https:\/\/fieam.org.br\/sesi\/"},{"@type":"ListItem","position":2,"name":"Segunda fase do Edital SENAI SESI de Inova\u00e7\u00e3o escolhe 32 projetos"}]},{"@type":"WebSite","@id":"https:\/\/fieam.org.br\/sesi\/#website","url":"https:\/\/fieam.org.br\/sesi\/","name":"SESI","description":"Site Oficial!","publisher":{"@id":"https:\/\/fieam.org.br\/sesi\/#organization"},"potentialAction":[{"@type":"SearchAction","target":{"@type":"EntryPoint","urlTemplate":"https:\/\/fieam.org.br\/sesi\/?s={search_term_string}"},"query-input":{"@type":"PropertyValueSpecification","valueRequired":true,"valueName":"search_term_string"}}],"inLanguage":"pt-BR"},{"@type":"Organization","@id":"https:\/\/fieam.org.br\/sesi\/#organization","name":"SESI","url":"https:\/\/fieam.org.br\/sesi\/","logo":{"@type":"ImageObject","inLanguage":"pt-BR","@id":"https:\/\/fieam.org.br\/sesi\/#\/schema\/logo\/image\/","url":"https:\/\/fieam.org.br\/sesi\/wp-content\/uploads\/sites\/14\/2024\/03\/cropped-fav.png","contentUrl":"https:\/\/fieam.org.br\/sesi\/wp-content\/uploads\/sites\/14\/2024\/03\/cropped-fav.png","width":610,"height":589,"caption":"SESI"},"image":{"@id":"https:\/\/fieam.org.br\/sesi\/#\/schema\/logo\/image\/"}},{"@type":"Person","@id":"https:\/\/fieam.org.br\/sesi\/#\/schema\/person\/c1ceda8321521b291cee22da0a7d34be","name":"Autor","image":{"@type":"ImageObject","inLanguage":"pt-BR","@id":"https:\/\/fieam.org.br\/sesi\/#\/schema\/person\/image\/","url":"https:\/\/secure.gravatar.com\/avatar\/3732c223e0e1fad69062a8f770955c9068d37b055204f310a0be18d4069fe380?s=96&d=mm&r=g","contentUrl":"https:\/\/secure.gravatar.com\/avatar\/3732c223e0e1fad69062a8f770955c9068d37b055204f310a0be18d4069fe380?s=96&d=mm&r=g","caption":"Autor"},"sameAs":["https:\/\/marketingmassivo.com.br"],"url":"https:\/\/fieam.org.br\/sesi\/author\/admin\/"}]}},"_links":{"self":[{"href":"https:\/\/fieam.org.br\/sesi\/wp-json\/wp\/v2\/posts\/7823","targetHints":{"allow":["GET"]}}],"collection":[{"href":"https:\/\/fieam.org.br\/sesi\/wp-json\/wp\/v2\/posts"}],"about":[{"href":"https:\/\/fieam.org.br\/sesi\/wp-json\/wp\/v2\/types\/post"}],"author":[{"embeddable":true,"href":"https:\/\/fieam.org.br\/sesi\/wp-json\/wp\/v2\/users\/1"}],"replies":[{"embeddable":true,"href":"https:\/\/fieam.org.br\/sesi\/wp-json\/wp\/v2\/comments?post=7823"}],"version-history":[{"count":0,"href":"https:\/\/fieam.org.br\/sesi\/wp-json\/wp\/v2\/posts\/7823\/revisions"}],"wp:attachment":[{"href":"https:\/\/fieam.org.br\/sesi\/wp-json\/wp\/v2\/media?parent=7823"}],"wp:term":[{"taxonomy":"category","embeddable":true,"href":"https:\/\/fieam.org.br\/sesi\/wp-json\/wp\/v2\/categories?post=7823"},{"taxonomy":"post_tag","embeddable":true,"href":"https:\/\/fieam.org.br\/sesi\/wp-json\/wp\/v2\/tags?post=7823"}],"curies":[{"name":"wp","href":"https:\/\/api.w.org\/{rel}","templated":true}]}}