{"id":7822,"date":"2015-12-11T13:34:57","date_gmt":"2015-12-11T13:34:57","guid":{"rendered":"http:\/\/www.fieam.org.br\/site\/sesi\/?p=7801"},"modified":"2015-12-11T13:34:57","modified_gmt":"2015-12-11T13:34:57","slug":"lixo-mobiliza-torneio-de-robotica-no-sesi-2","status":"publish","type":"post","link":"https:\/\/fieam.org.br\/sesi\/lixo-mobiliza-torneio-de-robotica-no-sesi-2\/","title":{"rendered":"Lixo mobiliza Torneio de Rob\u00f3tica no SESI"},"content":{"rendered":"<p style=\"font-size: 16px;line-height: 24px\"><span style=\"color: #0000ff\"><a style=\"color: #0000ff\" href=\"http:\/\/www.fieam.org.br\/sesi\">O Servi\u00e7o Social da Ind\u00fastria (SESI\/AM)<\/a><\/span>\u00a0promove, nesta sexta-feira (11) e s\u00e1bado (12) no Clube do trabalhador, a etapa Regional do Torneio de Rob\u00f3tica First Lego League (FLL) 2015. Jovens de nove a 16 anos de idade v\u00e3o representar 40 equipes de escolas p\u00fablicas e particulares de Manaus e do interior do Amazonas. A disputa traz esse ano a tema lixo.<\/p>\n<p style=\"font-size: 16px;line-height: 24px\">As equipes devem desenvolver solu\u00e7\u00f5es para produzir menos lixo ou melhorar a maneira que as pessoas lidam com o lixo, considerando a coleta, a separa\u00e7\u00e3o, a reutiliza\u00e7\u00e3o e o manejo inteligente, aplicando tecnologia e rob\u00f3tica.<\/p>\n<figure id=\"attachment_7803\" aria-describedby=\"caption-attachment-7803\" style=\"width: 614px\" class=\"wp-caption aligncenter\"><a href=\"http:\/\/www.fieam.org.br\/site\/sesi\/files\/2015\/12\/Equipe-Lego-Action-pronta-para-a-etapa-Design-do-Robo.jpg\"><img fetchpriority=\"high\" decoding=\"async\" class=\" wp-image-7803 \" alt=\"Equipe Lego Action pronta para a etapa Design do Rob\u00f4\" src=\"http:\/\/www.fieam.org.br\/site\/sesi\/files\/2015\/12\/Equipe-Lego-Action-pronta-para-a-etapa-Design-do-Robo.jpg\" width=\"614\" height=\"410\" \/><\/a><figcaption id=\"caption-attachment-7803\" class=\"wp-caption-text\">Equipe Lego Action pronta para a etapa Design do Rob\u00f4<\/figcaption><\/figure>\n<p style=\"font-size: 16px;line-height: 24px\">Cerca de 400 alunos v\u00e3o participar da competi\u00e7\u00e3o que ser\u00e1 dividida em quatro fases de avalia\u00e7\u00e3o Design do Rob\u00f4, Projeto de Pesquisa, Valores e Miss\u00e3o do Rob\u00f4. \u00a0A equipe \u2018<em>Lego Action\u2019<\/em>\u00a0da escola SESI Dra. \u00camina Barbosa Mustafa j\u00e1 est\u00e1 pronta para o torneio. Naimi Cassiano, 11, uma das participantes da equipe, disse que o projeto consiste na lixeira rotat\u00f3ria, feita com garrafas recicladas e um rob\u00f4 capaz de fazer miss\u00f5es de acordo com as avalia\u00e7\u00f5es exigidas.<\/p>\n<p style=\"font-size: 16px;line-height: 24px\">\u201cVamos competir trazendo reutiliza\u00e7\u00e3o do lixo, com confec\u00e7\u00e3o de uma lixeira, al\u00e9m do rob\u00f4 estar preparado para ser submetido a avalia\u00e7\u00f5es de desempenho\u201d, explicou a estudante.<\/p>\n<figure id=\"attachment_7804\" aria-describedby=\"caption-attachment-7804\" style=\"width: 614px\" class=\"wp-caption aligncenter\"><a href=\"http:\/\/www.fieam.org.br\/site\/sesi\/files\/2015\/12\/Equipe-Lego-Action-preparada-para-o-torneio-regional.jpg\"><img decoding=\"async\" class=\" wp-image-7804 \" alt=\"Equipe Lego Action preparada para o torneio regional\" src=\"http:\/\/www.fieam.org.br\/site\/sesi\/files\/2015\/12\/Equipe-Lego-Action-preparada-para-o-torneio-regional.jpg\" width=\"614\" height=\"346\" \/><\/a><figcaption id=\"caption-attachment-7804\" class=\"wp-caption-text\">Equipe Lego Action preparada para o torneio regional<\/figcaption><\/figure>\n<p style=\"font-size: 16px;line-height: 24px\">Para o coordenador do torneio regional, Glauco Machado, o evento \u00e9 grandioso e estimula tecnologia. \u201cPodemos considerar o Torneio de Rob\u00f3tica como uma ferramenta pedag\u00f3gica que avalia a intera\u00e7\u00e3o social e o compromisso com os demais colegas de equipe e da escola em geral, bem como estimula o racioc\u00ednio l\u00f3gico ao trabalhar com uma linguagem de programa\u00e7\u00e3o dos rob\u00f4s que ser\u00e3o usados na competi\u00e7\u00e3o\u201d.<\/p>\n<p style=\"font-size: 16px;line-height: 24px\">O coordenador disse ainda que a ideia principal do torneio FLL \u00e9 estimular profissionais especialistas, sabendo da necessidade do mercado, principalmente da ind\u00fastria que \u00e9 carente desta m\u00e3o de obra.<\/p>\n<p style=\"font-size: 16px;line-height: 24px\">O SESI Amazonas vai sediar a etapa regional do Torneio de Rob\u00f3tica pela terceira vez. Nesse ano, 22 equipes do SESI\/AM e uma do SENAI\/AM\u00a0 buscam as cinco primeiras coloca\u00e7\u00f5es que al\u00e9m do trof\u00e9u ganham a participa\u00e7\u00e3o na fase nacional que ser\u00e1 realizada em Bras\u00edlia, em mar\u00e7o de 2016.<\/p>\n<p style=\"font-size: 16px;line-height: 24px\"><strong>\u00a0<\/strong><\/p>\n<p style=\"font-size: 16px;line-height: 24px\"><strong>Evento:\u00a0<\/strong>Torneio de Rob\u00f3tica<\/p>\n<p style=\"font-size: 16px;line-height: 24px\"><strong>Data:<\/strong>\u00a011 e 12 de dezembro<\/p>\n<p style=\"font-size: 16px;line-height: 24px\"><strong>Hor\u00e1rio:\u00a0<\/strong>8h \u00e0s 17h<\/p>\n<p style=\"font-size: 16px;line-height: 24px\"><strong>Local:\u00a0\u00a0<\/strong>Clube do Trabalhador do SESI(Alameda Cosme Ferreira, 7399, S\u00e3o Jos\u00e9),<\/p>\n<p style=\"font-size: 16px;line-height: 24px\"><strong>\u00a0\u00a0\u00a0\u00a0\u00a0\u00a0\u00a0\u00a0\u00a0\u00a0\u00a0 ATENDIMENTO \u00c0 IMPRENSA<\/strong><\/p>\n<p style=\"font-size: 16px;line-height: 24px\"><strong>Diretoria de Comunica\u00e7\u00e3o e Marketing do Sistema FIEAM<\/strong><\/p>\n<p style=\"font-size: 16px;line-height: 24px\">Tel: (92) 3186-6576\u00a0 Fax: (92) 3186-6579<\/p>\n<p style=\"font-size: 16px;line-height: 24px\">E-mail:\u00a0<a href=\"mailto:imprensa@fieam.org.br\">imprensa@fieam.org.br<\/a><\/p>\n<p style=\"font-size: 16px;line-height: 24px\"><a href=\"http:\/\/www.fieam.org.br\/\">http:\/\/www.fieam.org.br<\/a><\/p>\n<p style=\"font-size: 16px;line-height: 24px\"><a href=\"http:\/\/www.facebook.com\/sistemafieam\">http:\/\/www.facebook.com\/sistemafieam<\/a><\/p>\n<p style=\"font-size: 16px;line-height: 24px\">Twitter: @fieam @sesiamazonas @senaiamazonas @ielamazonas<\/p>\n","protected":false},"excerpt":{"rendered":"<p>O Servi\u00e7o Social da Ind\u00fastria (SESI\/AM)\u00a0promove, nesta sexta-feira (11) e s\u00e1bado (12) no Clube do trabalhador, a etapa Regional do Torneio de Rob\u00f3tica First Lego League (FLL) 2015. Jovens de nove a 16 anos de idade v\u00e3o representar 40 equipes de escolas p\u00fablicas e particulares de Manaus e do interior do Amazonas. A disputa traz [&hellip;]<\/p>\n","protected":false},"author":1,"featured_media":0,"comment_status":"open","ping_status":"open","sticky":false,"template":"","format":"standard","meta":{"footnotes":""},"categories":[25],"tags":[],"class_list":["post-7822","post","type-post","status-publish","format-standard","hentry","category-news"],"yoast_head":"<!-- This site is optimized with the Yoast SEO plugin v28.2 - https:\/\/yoast.com\/product\/yoast-seo-wordpress\/ -->\n<title>Lixo mobiliza Torneio de Rob\u00f3tica no SESI - SESI<\/title>\n<meta name=\"robots\" content=\"index, follow, max-snippet:-1, max-image-preview:large, max-video-preview:-1\" \/>\n<link rel=\"canonical\" href=\"https:\/\/fieam.org.br\/sesi\/lixo-mobiliza-torneio-de-robotica-no-sesi-2\/\" \/>\n<meta property=\"og:locale\" content=\"pt_BR\" \/>\n<meta property=\"og:type\" content=\"article\" \/>\n<meta property=\"og:title\" content=\"Lixo mobiliza Torneio de Rob\u00f3tica no SESI - SESI\" \/>\n<meta property=\"og:description\" content=\"O Servi\u00e7o Social da Ind\u00fastria (SESI\/AM)\u00a0promove, nesta sexta-feira (11) e s\u00e1bado (12) no Clube do trabalhador, a etapa Regional do Torneio de Rob\u00f3tica First Lego League (FLL) 2015. Jovens de nove a 16 anos de idade v\u00e3o representar 40 equipes de escolas p\u00fablicas e particulares de Manaus e do interior do Amazonas. A disputa traz [&hellip;]\" \/>\n<meta property=\"og:url\" content=\"https:\/\/fieam.org.br\/sesi\/lixo-mobiliza-torneio-de-robotica-no-sesi-2\/\" \/>\n<meta property=\"og:site_name\" content=\"SESI\" \/>\n<meta property=\"article:published_time\" content=\"2015-12-11T13:34:57+00:00\" \/>\n<meta name=\"author\" content=\"Autor\" \/>\n<meta name=\"twitter:card\" content=\"summary_large_image\" \/>\n<meta name=\"twitter:label1\" content=\"Escrito por\" \/>\n\t<meta name=\"twitter:data1\" content=\"Autor\" \/>\n\t<meta name=\"twitter:label2\" content=\"Est. tempo de leitura\" \/>\n\t<meta name=\"twitter:data2\" content=\"2 minutos\" \/>\n<script type=\"application\/ld+json\" class=\"yoast-schema-graph\">{\"@context\":\"https:\\\/\\\/schema.org\",\"@graph\":[{\"@type\":\"Article\",\"@id\":\"https:\\\/\\\/fieam.org.br\\\/sesi\\\/lixo-mobiliza-torneio-de-robotica-no-sesi-2\\\/#article\",\"isPartOf\":{\"@id\":\"https:\\\/\\\/fieam.org.br\\\/sesi\\\/lixo-mobiliza-torneio-de-robotica-no-sesi-2\\\/\"},\"author\":{\"name\":\"Autor\",\"@id\":\"https:\\\/\\\/fieam.org.br\\\/sesi\\\/#\\\/schema\\\/person\\\/f54998dd14d5f0695b41444f2b01c31e\"},\"headline\":\"Lixo mobiliza Torneio de Rob\u00f3tica no SESI\",\"datePublished\":\"2015-12-11T13:34:57+00:00\",\"mainEntityOfPage\":{\"@id\":\"https:\\\/\\\/fieam.org.br\\\/sesi\\\/lixo-mobiliza-torneio-de-robotica-no-sesi-2\\\/\"},\"wordCount\":473,\"commentCount\":0,\"publisher\":{\"@id\":\"https:\\\/\\\/fieam.org.br\\\/sesi\\\/#organization\"},\"image\":{\"@id\":\"https:\\\/\\\/fieam.org.br\\\/sesi\\\/lixo-mobiliza-torneio-de-robotica-no-sesi-2\\\/#primaryimage\"},\"thumbnailUrl\":\"http:\\\/\\\/www.fieam.org.br\\\/site\\\/sesi\\\/files\\\/2015\\\/12\\\/Equipe-Lego-Action-pronta-para-a-etapa-Design-do-Robo.jpg\",\"articleSection\":[\"News\"],\"inLanguage\":\"pt-BR\",\"potentialAction\":[{\"@type\":\"CommentAction\",\"name\":\"Comment\",\"target\":[\"https:\\\/\\\/fieam.org.br\\\/sesi\\\/lixo-mobiliza-torneio-de-robotica-no-sesi-2\\\/#respond\"]}]},{\"@type\":\"WebPage\",\"@id\":\"https:\\\/\\\/fieam.org.br\\\/sesi\\\/lixo-mobiliza-torneio-de-robotica-no-sesi-2\\\/\",\"url\":\"https:\\\/\\\/fieam.org.br\\\/sesi\\\/lixo-mobiliza-torneio-de-robotica-no-sesi-2\\\/\",\"name\":\"Lixo mobiliza Torneio de Rob\u00f3tica no SESI - SESI\",\"isPartOf\":{\"@id\":\"https:\\\/\\\/fieam.org.br\\\/sesi\\\/#website\"},\"primaryImageOfPage\":{\"@id\":\"https:\\\/\\\/fieam.org.br\\\/sesi\\\/lixo-mobiliza-torneio-de-robotica-no-sesi-2\\\/#primaryimage\"},\"image\":{\"@id\":\"https:\\\/\\\/fieam.org.br\\\/sesi\\\/lixo-mobiliza-torneio-de-robotica-no-sesi-2\\\/#primaryimage\"},\"thumbnailUrl\":\"http:\\\/\\\/www.fieam.org.br\\\/site\\\/sesi\\\/files\\\/2015\\\/12\\\/Equipe-Lego-Action-pronta-para-a-etapa-Design-do-Robo.jpg\",\"datePublished\":\"2015-12-11T13:34:57+00:00\",\"breadcrumb\":{\"@id\":\"https:\\\/\\\/fieam.org.br\\\/sesi\\\/lixo-mobiliza-torneio-de-robotica-no-sesi-2\\\/#breadcrumb\"},\"inLanguage\":\"pt-BR\",\"potentialAction\":[{\"@type\":\"ReadAction\",\"target\":[\"https:\\\/\\\/fieam.org.br\\\/sesi\\\/lixo-mobiliza-torneio-de-robotica-no-sesi-2\\\/\"]}]},{\"@type\":\"ImageObject\",\"inLanguage\":\"pt-BR\",\"@id\":\"https:\\\/\\\/fieam.org.br\\\/sesi\\\/lixo-mobiliza-torneio-de-robotica-no-sesi-2\\\/#primaryimage\",\"url\":\"http:\\\/\\\/www.fieam.org.br\\\/site\\\/sesi\\\/files\\\/2015\\\/12\\\/Equipe-Lego-Action-pronta-para-a-etapa-Design-do-Robo.jpg\",\"contentUrl\":\"http:\\\/\\\/www.fieam.org.br\\\/site\\\/sesi\\\/files\\\/2015\\\/12\\\/Equipe-Lego-Action-pronta-para-a-etapa-Design-do-Robo.jpg\"},{\"@type\":\"BreadcrumbList\",\"@id\":\"https:\\\/\\\/fieam.org.br\\\/sesi\\\/lixo-mobiliza-torneio-de-robotica-no-sesi-2\\\/#breadcrumb\",\"itemListElement\":[{\"@type\":\"ListItem\",\"position\":1,\"name\":\"In\u00edcio\",\"item\":\"https:\\\/\\\/fieam.org.br\\\/sesi\\\/\"},{\"@type\":\"ListItem\",\"position\":2,\"name\":\"Lixo mobiliza Torneio de Rob\u00f3tica no SESI\"}]},{\"@type\":\"WebSite\",\"@id\":\"https:\\\/\\\/fieam.org.br\\\/sesi\\\/#website\",\"url\":\"https:\\\/\\\/fieam.org.br\\\/sesi\\\/\",\"name\":\"SESI\",\"description\":\"Site Oficial!\",\"publisher\":{\"@id\":\"https:\\\/\\\/fieam.org.br\\\/sesi\\\/#organization\"},\"potentialAction\":[{\"@type\":\"SearchAction\",\"target\":{\"@type\":\"EntryPoint\",\"urlTemplate\":\"https:\\\/\\\/fieam.org.br\\\/sesi\\\/?s={search_term_string}\"},\"query-input\":{\"@type\":\"PropertyValueSpecification\",\"valueRequired\":true,\"valueName\":\"search_term_string\"}}],\"inLanguage\":\"pt-BR\"},{\"@type\":\"Organization\",\"@id\":\"https:\\\/\\\/fieam.org.br\\\/sesi\\\/#organization\",\"name\":\"SESI\",\"url\":\"https:\\\/\\\/fieam.org.br\\\/sesi\\\/\",\"logo\":{\"@type\":\"ImageObject\",\"inLanguage\":\"pt-BR\",\"@id\":\"https:\\\/\\\/fieam.org.br\\\/sesi\\\/#\\\/schema\\\/logo\\\/image\\\/\",\"url\":\"https:\\\/\\\/fieam.org.br\\\/sesi\\\/wp-content\\\/uploads\\\/sites\\\/14\\\/2024\\\/03\\\/cropped-fav.png\",\"contentUrl\":\"https:\\\/\\\/fieam.org.br\\\/sesi\\\/wp-content\\\/uploads\\\/sites\\\/14\\\/2024\\\/03\\\/cropped-fav.png\",\"width\":610,\"height\":589,\"caption\":\"SESI\"},\"image\":{\"@id\":\"https:\\\/\\\/fieam.org.br\\\/sesi\\\/#\\\/schema\\\/logo\\\/image\\\/\"}},{\"@type\":\"Person\",\"@id\":\"https:\\\/\\\/fieam.org.br\\\/sesi\\\/#\\\/schema\\\/person\\\/f54998dd14d5f0695b41444f2b01c31e\",\"name\":\"Autor\",\"image\":{\"@type\":\"ImageObject\",\"inLanguage\":\"pt-BR\",\"@id\":\"https:\\\/\\\/secure.gravatar.com\\\/avatar\\\/3732c223e0e1fad69062a8f770955c9068d37b055204f310a0be18d4069fe380?s=96&d=mm&r=g\",\"url\":\"https:\\\/\\\/secure.gravatar.com\\\/avatar\\\/3732c223e0e1fad69062a8f770955c9068d37b055204f310a0be18d4069fe380?s=96&d=mm&r=g\",\"contentUrl\":\"https:\\\/\\\/secure.gravatar.com\\\/avatar\\\/3732c223e0e1fad69062a8f770955c9068d37b055204f310a0be18d4069fe380?s=96&d=mm&r=g\",\"caption\":\"Autor\"},\"sameAs\":[\"https:\\\/\\\/marketingmassivo.com.br\"],\"url\":\"https:\\\/\\\/fieam.org.br\\\/sesi\\\/author\\\/admin\\\/\"}]}<\/script>\n<!-- \/ Yoast SEO plugin. -->","yoast_head_json":{"title":"Lixo mobiliza Torneio de Rob\u00f3tica no SESI - SESI","robots":{"index":"index","follow":"follow","max-snippet":"max-snippet:-1","max-image-preview":"max-image-preview:large","max-video-preview":"max-video-preview:-1"},"canonical":"https:\/\/fieam.org.br\/sesi\/lixo-mobiliza-torneio-de-robotica-no-sesi-2\/","og_locale":"pt_BR","og_type":"article","og_title":"Lixo mobiliza Torneio de Rob\u00f3tica no SESI - SESI","og_description":"O Servi\u00e7o Social da Ind\u00fastria (SESI\/AM)\u00a0promove, nesta sexta-feira (11) e s\u00e1bado (12) no Clube do trabalhador, a etapa Regional do Torneio de Rob\u00f3tica First Lego League (FLL) 2015. Jovens de nove a 16 anos de idade v\u00e3o representar 40 equipes de escolas p\u00fablicas e particulares de Manaus e do interior do Amazonas. A disputa traz [&hellip;]","og_url":"https:\/\/fieam.org.br\/sesi\/lixo-mobiliza-torneio-de-robotica-no-sesi-2\/","og_site_name":"SESI","article_published_time":"2015-12-11T13:34:57+00:00","author":"Autor","twitter_card":"summary_large_image","twitter_misc":{"Escrito por":"Autor","Est. tempo de leitura":"2 minutos"},"schema":{"@context":"https:\/\/schema.org","@graph":[{"@type":"Article","@id":"https:\/\/fieam.org.br\/sesi\/lixo-mobiliza-torneio-de-robotica-no-sesi-2\/#article","isPartOf":{"@id":"https:\/\/fieam.org.br\/sesi\/lixo-mobiliza-torneio-de-robotica-no-sesi-2\/"},"author":{"name":"Autor","@id":"https:\/\/fieam.org.br\/sesi\/#\/schema\/person\/f54998dd14d5f0695b41444f2b01c31e"},"headline":"Lixo mobiliza Torneio de Rob\u00f3tica no SESI","datePublished":"2015-12-11T13:34:57+00:00","mainEntityOfPage":{"@id":"https:\/\/fieam.org.br\/sesi\/lixo-mobiliza-torneio-de-robotica-no-sesi-2\/"},"wordCount":473,"commentCount":0,"publisher":{"@id":"https:\/\/fieam.org.br\/sesi\/#organization"},"image":{"@id":"https:\/\/fieam.org.br\/sesi\/lixo-mobiliza-torneio-de-robotica-no-sesi-2\/#primaryimage"},"thumbnailUrl":"http:\/\/www.fieam.org.br\/site\/sesi\/files\/2015\/12\/Equipe-Lego-Action-pronta-para-a-etapa-Design-do-Robo.jpg","articleSection":["News"],"inLanguage":"pt-BR","potentialAction":[{"@type":"CommentAction","name":"Comment","target":["https:\/\/fieam.org.br\/sesi\/lixo-mobiliza-torneio-de-robotica-no-sesi-2\/#respond"]}]},{"@type":"WebPage","@id":"https:\/\/fieam.org.br\/sesi\/lixo-mobiliza-torneio-de-robotica-no-sesi-2\/","url":"https:\/\/fieam.org.br\/sesi\/lixo-mobiliza-torneio-de-robotica-no-sesi-2\/","name":"Lixo mobiliza Torneio de Rob\u00f3tica no SESI - SESI","isPartOf":{"@id":"https:\/\/fieam.org.br\/sesi\/#website"},"primaryImageOfPage":{"@id":"https:\/\/fieam.org.br\/sesi\/lixo-mobiliza-torneio-de-robotica-no-sesi-2\/#primaryimage"},"image":{"@id":"https:\/\/fieam.org.br\/sesi\/lixo-mobiliza-torneio-de-robotica-no-sesi-2\/#primaryimage"},"thumbnailUrl":"http:\/\/www.fieam.org.br\/site\/sesi\/files\/2015\/12\/Equipe-Lego-Action-pronta-para-a-etapa-Design-do-Robo.jpg","datePublished":"2015-12-11T13:34:57+00:00","breadcrumb":{"@id":"https:\/\/fieam.org.br\/sesi\/lixo-mobiliza-torneio-de-robotica-no-sesi-2\/#breadcrumb"},"inLanguage":"pt-BR","potentialAction":[{"@type":"ReadAction","target":["https:\/\/fieam.org.br\/sesi\/lixo-mobiliza-torneio-de-robotica-no-sesi-2\/"]}]},{"@type":"ImageObject","inLanguage":"pt-BR","@id":"https:\/\/fieam.org.br\/sesi\/lixo-mobiliza-torneio-de-robotica-no-sesi-2\/#primaryimage","url":"http:\/\/www.fieam.org.br\/site\/sesi\/files\/2015\/12\/Equipe-Lego-Action-pronta-para-a-etapa-Design-do-Robo.jpg","contentUrl":"http:\/\/www.fieam.org.br\/site\/sesi\/files\/2015\/12\/Equipe-Lego-Action-pronta-para-a-etapa-Design-do-Robo.jpg"},{"@type":"BreadcrumbList","@id":"https:\/\/fieam.org.br\/sesi\/lixo-mobiliza-torneio-de-robotica-no-sesi-2\/#breadcrumb","itemListElement":[{"@type":"ListItem","position":1,"name":"In\u00edcio","item":"https:\/\/fieam.org.br\/sesi\/"},{"@type":"ListItem","position":2,"name":"Lixo mobiliza Torneio de Rob\u00f3tica no SESI"}]},{"@type":"WebSite","@id":"https:\/\/fieam.org.br\/sesi\/#website","url":"https:\/\/fieam.org.br\/sesi\/","name":"SESI","description":"Site Oficial!","publisher":{"@id":"https:\/\/fieam.org.br\/sesi\/#organization"},"potentialAction":[{"@type":"SearchAction","target":{"@type":"EntryPoint","urlTemplate":"https:\/\/fieam.org.br\/sesi\/?s={search_term_string}"},"query-input":{"@type":"PropertyValueSpecification","valueRequired":true,"valueName":"search_term_string"}}],"inLanguage":"pt-BR"},{"@type":"Organization","@id":"https:\/\/fieam.org.br\/sesi\/#organization","name":"SESI","url":"https:\/\/fieam.org.br\/sesi\/","logo":{"@type":"ImageObject","inLanguage":"pt-BR","@id":"https:\/\/fieam.org.br\/sesi\/#\/schema\/logo\/image\/","url":"https:\/\/fieam.org.br\/sesi\/wp-content\/uploads\/sites\/14\/2024\/03\/cropped-fav.png","contentUrl":"https:\/\/fieam.org.br\/sesi\/wp-content\/uploads\/sites\/14\/2024\/03\/cropped-fav.png","width":610,"height":589,"caption":"SESI"},"image":{"@id":"https:\/\/fieam.org.br\/sesi\/#\/schema\/logo\/image\/"}},{"@type":"Person","@id":"https:\/\/fieam.org.br\/sesi\/#\/schema\/person\/f54998dd14d5f0695b41444f2b01c31e","name":"Autor","image":{"@type":"ImageObject","inLanguage":"pt-BR","@id":"https:\/\/secure.gravatar.com\/avatar\/3732c223e0e1fad69062a8f770955c9068d37b055204f310a0be18d4069fe380?s=96&d=mm&r=g","url":"https:\/\/secure.gravatar.com\/avatar\/3732c223e0e1fad69062a8f770955c9068d37b055204f310a0be18d4069fe380?s=96&d=mm&r=g","contentUrl":"https:\/\/secure.gravatar.com\/avatar\/3732c223e0e1fad69062a8f770955c9068d37b055204f310a0be18d4069fe380?s=96&d=mm&r=g","caption":"Autor"},"sameAs":["https:\/\/marketingmassivo.com.br"],"url":"https:\/\/fieam.org.br\/sesi\/author\/admin\/"}]}},"_links":{"self":[{"href":"https:\/\/fieam.org.br\/sesi\/wp-json\/wp\/v2\/posts\/7822","targetHints":{"allow":["GET"]}}],"collection":[{"href":"https:\/\/fieam.org.br\/sesi\/wp-json\/wp\/v2\/posts"}],"about":[{"href":"https:\/\/fieam.org.br\/sesi\/wp-json\/wp\/v2\/types\/post"}],"author":[{"embeddable":true,"href":"https:\/\/fieam.org.br\/sesi\/wp-json\/wp\/v2\/users\/1"}],"replies":[{"embeddable":true,"href":"https:\/\/fieam.org.br\/sesi\/wp-json\/wp\/v2\/comments?post=7822"}],"version-history":[{"count":0,"href":"https:\/\/fieam.org.br\/sesi\/wp-json\/wp\/v2\/posts\/7822\/revisions"}],"wp:attachment":[{"href":"https:\/\/fieam.org.br\/sesi\/wp-json\/wp\/v2\/media?parent=7822"}],"wp:term":[{"taxonomy":"category","embeddable":true,"href":"https:\/\/fieam.org.br\/sesi\/wp-json\/wp\/v2\/categories?post=7822"},{"taxonomy":"post_tag","embeddable":true,"href":"https:\/\/fieam.org.br\/sesi\/wp-json\/wp\/v2\/tags?post=7822"}],"curies":[{"name":"wp","href":"https:\/\/api.w.org\/{rel}","templated":true}]}}