{"id":7810,"date":"2015-12-03T21:15:48","date_gmt":"2015-12-03T21:15:48","guid":{"rendered":"http:\/\/www.fieam.org.br\/site\/sesi\/?p=7690"},"modified":"2015-12-03T21:15:48","modified_gmt":"2015-12-03T21:15:48","slug":"robos-em-acao-vai-comecar-o-torneio-de-robotica","status":"publish","type":"post","link":"https:\/\/fieam.org.br\/sesi\/robos-em-acao-vai-comecar-o-torneio-de-robotica\/","title":{"rendered":"Rob\u00f4s em a\u00e7\u00e3o: vai come\u00e7ar o torneio de rob\u00f3tica"},"content":{"rendered":"<p>Come\u00e7a na sexta-feira, 11, no Clube do Trabalhador do\u00a0<a href=\"http:\/\/www.fieam.org.br\/sesi\" target=\"_blank\" rel=\"noreferrer noopener\">SESI<\/a>\u00a0(Alameda Cosme Ferreira, 7399, S\u00e3o Jos\u00e9), a etapa regional do Torneio de Rob\u00f3tica FLL, organizada pelo Servi\u00e7o Social da Ind\u00fastria (SESI). Cerca de 400 estudantes de escolas municipais, p\u00fablicas e particulares do Norte participar\u00e3o da temporada.<\/p>\n<p>O SESI Amazonas ser\u00e1 a sede da etapa regional do Torneio de Rob\u00f3tica FIRST LEGO League (FLL), nos dias 11 e 12, das 8 \u00e0s 17 horas. A disputa envolve cerca de 400 competidores, formando 40 times, representantes dos estados do Amazonas, Par\u00e1, Roraima e Amap\u00e1. Equipes de escolas municipais, p\u00fablicas e particulares participam desta fase. Os melhores garantem vaga na etapa nacional, que ocorrer\u00e1 em mar\u00e7o de 2016 em Bras\u00edlia\/DF.<\/p>\n<p>Somente pelo Amazonas, v\u00e3o concorrer 21 equipes do SESI Amazonas e de 10 escolas apadrinhadas. Nesta temporada, os alunos t\u00eam pela frente o desafio\u00a0<i>Trash Trek<\/i>, que envolve a busca de solu\u00e7\u00f5es para o lixo nosso de cada dia. Com isso, estudantes de 9 a 16 anos ter\u00e3o de identificar um problema na maneira como lidamos com o lixo. A partir da\u00ed, cada equipe precisa desenvolver uma solu\u00e7\u00e3o inovadora.<\/p>\n<p>Os temas podem ser do tipo res\u00edduos de comida, res\u00edduos de materiais eletr\u00f4nicos (como telefones e computadores), res\u00edduos perigosos (lixo hospitalar, produtos qu\u00edmicos, etc.), aterros, processos de reciclagem e classifica\u00e7\u00e3o do lixo, al\u00e9m do uso de insumos no processo produtivo. Os resultados desse desafio se transformam em projetos de pesquisa que ser\u00e3o apresentados e avaliados durante a competi\u00e7\u00e3o.<\/p>\n<p style=\"text-align: center\"><a href=\"http:\/\/www.fieam.org.br\/site\/sesi\/files\/2015\/12\/Participantes-do-Sesi-no-Torneio-de-Rob\u00f3tica-2014.jpg\"><img fetchpriority=\"high\" decoding=\"async\" class=\"aligncenter  wp-image-7691\" alt=\"Participantes do Sesi no Torneio de Rob\u00f3tica 2014\" src=\"http:\/\/www.fieam.org.br\/site\/sesi\/files\/2015\/12\/Participantes-do-Sesi-no-Torneio-de-Rob\u00f3tica-2014.jpg\" width=\"675\" height=\"451\" \/><\/a><\/p>\n<p style=\"text-align: center\">\n<p style=\"text-align: center\">\n<p>As equipes ser\u00e3o avaliadas tamb\u00e9m em outras tr\u00eas categorias: Design de rob\u00f4, em que os alunos planejam, projetam e constroem rob\u00f4s com pe\u00e7as LEGO. Depois, eles apresentam o desenho mec\u00e2nico, a estrat\u00e9gia adotada e a programa\u00e7\u00e3o desenvolvida com uso da tecnologia Mindstorms. Na categoria\u00a0<i>Core values<\/i>, o que conta \u00e9 o trabalho em equipe e o esp\u00edrito colaborativo entre as equipes. E finalmente, o Desafio do rob\u00f4, quando os rob\u00f4s aut\u00f4nomos cumprem miss\u00f5es na mesa da competi\u00e7\u00e3o, em partidas de at\u00e9 2\u201930\u201d.<\/p>\n<p><b>APRENDER BRINCANDO<\/b>\u00a0\u2013 A competi\u00e7\u00e3o \u00e9 divertida, tem emo\u00e7\u00e3o de sobra, mas o melhor de tudo \u00e9 que faz parte de um processo de aprendizagem. Com a rob\u00f3tica, alunos e professores aprendem juntos conte\u00fados de f\u00edsica, qu\u00edmica, biologia e matem\u00e1tica, com mais inova\u00e7\u00e3o, criatividade e racioc\u00ednio l\u00f3gico. Sem falar no incentivo para que os alunos escolham carreiras nas \u00e1reas de engenharias e tecnologias.<\/p>\n<p>Para a gerente de Projetos Educacionais do SESI, Barbara Trajano, o aprendizado acontece de diversas formas, com as crian\u00e7as sendo estimuladas a pesquisar, os t\u00e9cnicos orientando e os ju\u00edzes, que al\u00e9m de avaliar, d\u00e3o dicas importantes para o desenvolvimento cont\u00ednuo das equipes.<\/p>\n<p>\u201cTodos aprendem juntos. Quando voc\u00ea chega em um Torneio de Rob\u00f3tica FLL, voc\u00ea percebe como as crian\u00e7as est\u00e3o envolvidas com a apresenta\u00e7\u00e3o das pesquisas e com a programa\u00e7\u00e3o dos rob\u00f4s. Aquilo \u00e9 muito s\u00e9rio para elas! Mas tudo isso acontece de forma muito divertida\u201d, afirma.<\/p>\n<p>Desde 2013, o SESI \u00e9 o operador oficial do Torneio de Rob\u00f3tica FLL, em parceria com a institui\u00e7\u00e3o norte-americana FIRST (<i>For Inspiration and Recognition of Science and Technology<\/i>) e o Grupo LEGO (Dinamarca).<\/p>\n","protected":false},"excerpt":{"rendered":"<p>Come\u00e7a na sexta-feira, 11, no Clube do Trabalhador do\u00a0SESI\u00a0(Alameda Cosme Ferreira, 7399, S\u00e3o Jos\u00e9), a etapa regional do Torneio de Rob\u00f3tica FLL, organizada pelo Servi\u00e7o Social da Ind\u00fastria (SESI). Cerca de 400 estudantes de escolas municipais, p\u00fablicas e particulares do Norte participar\u00e3o da temporada. O SESI Amazonas ser\u00e1 a sede da etapa regional do Torneio [&hellip;]<\/p>\n","protected":false},"author":1,"featured_media":0,"comment_status":"open","ping_status":"open","sticky":false,"template":"","format":"standard","meta":{"footnotes":""},"categories":[25],"tags":[],"class_list":["post-7810","post","type-post","status-publish","format-standard","hentry","category-news"],"yoast_head":"<!-- This site is optimized with the Yoast SEO plugin v28.2 - https:\/\/yoast.com\/product\/yoast-seo-wordpress\/ -->\n<title>Rob\u00f4s em a\u00e7\u00e3o: vai come\u00e7ar o torneio de rob\u00f3tica - SESI<\/title>\n<meta name=\"robots\" content=\"index, follow, max-snippet:-1, max-image-preview:large, max-video-preview:-1\" \/>\n<link rel=\"canonical\" href=\"https:\/\/fieam.org.br\/sesi\/robos-em-acao-vai-comecar-o-torneio-de-robotica\/\" \/>\n<meta property=\"og:locale\" content=\"pt_BR\" \/>\n<meta property=\"og:type\" content=\"article\" \/>\n<meta property=\"og:title\" content=\"Rob\u00f4s em a\u00e7\u00e3o: vai come\u00e7ar o torneio de rob\u00f3tica - SESI\" \/>\n<meta property=\"og:description\" content=\"Come\u00e7a na sexta-feira, 11, no Clube do Trabalhador do\u00a0SESI\u00a0(Alameda Cosme Ferreira, 7399, S\u00e3o Jos\u00e9), a etapa regional do Torneio de Rob\u00f3tica FLL, organizada pelo Servi\u00e7o Social da Ind\u00fastria (SESI). Cerca de 400 estudantes de escolas municipais, p\u00fablicas e particulares do Norte participar\u00e3o da temporada. O SESI Amazonas ser\u00e1 a sede da etapa regional do Torneio [&hellip;]\" \/>\n<meta property=\"og:url\" content=\"https:\/\/fieam.org.br\/sesi\/robos-em-acao-vai-comecar-o-torneio-de-robotica\/\" \/>\n<meta property=\"og:site_name\" content=\"SESI\" \/>\n<meta property=\"article:published_time\" content=\"2015-12-03T21:15:48+00:00\" \/>\n<meta name=\"author\" content=\"Autor\" \/>\n<meta name=\"twitter:card\" content=\"summary_large_image\" \/>\n<meta name=\"twitter:label1\" content=\"Escrito por\" \/>\n\t<meta name=\"twitter:data1\" content=\"Autor\" \/>\n\t<meta name=\"twitter:label2\" content=\"Est. tempo de leitura\" \/>\n\t<meta name=\"twitter:data2\" content=\"3 minutos\" \/>\n<script type=\"application\/ld+json\" class=\"yoast-schema-graph\">{\"@context\":\"https:\\\/\\\/schema.org\",\"@graph\":[{\"@type\":\"Article\",\"@id\":\"https:\\\/\\\/fieam.org.br\\\/sesi\\\/robos-em-acao-vai-comecar-o-torneio-de-robotica\\\/#article\",\"isPartOf\":{\"@id\":\"https:\\\/\\\/fieam.org.br\\\/sesi\\\/robos-em-acao-vai-comecar-o-torneio-de-robotica\\\/\"},\"author\":{\"name\":\"Autor\",\"@id\":\"https:\\\/\\\/fieam.org.br\\\/sesi\\\/#\\\/schema\\\/person\\\/f54998dd14d5f0695b41444f2b01c31e\"},\"headline\":\"Rob\u00f4s em a\u00e7\u00e3o: vai come\u00e7ar o torneio de rob\u00f3tica\",\"datePublished\":\"2015-12-03T21:15:48+00:00\",\"mainEntityOfPage\":{\"@id\":\"https:\\\/\\\/fieam.org.br\\\/sesi\\\/robos-em-acao-vai-comecar-o-torneio-de-robotica\\\/\"},\"wordCount\":564,\"commentCount\":0,\"publisher\":{\"@id\":\"https:\\\/\\\/fieam.org.br\\\/sesi\\\/#organization\"},\"articleSection\":[\"News\"],\"inLanguage\":\"pt-BR\",\"potentialAction\":[{\"@type\":\"CommentAction\",\"name\":\"Comment\",\"target\":[\"https:\\\/\\\/fieam.org.br\\\/sesi\\\/robos-em-acao-vai-comecar-o-torneio-de-robotica\\\/#respond\"]}]},{\"@type\":\"WebPage\",\"@id\":\"https:\\\/\\\/fieam.org.br\\\/sesi\\\/robos-em-acao-vai-comecar-o-torneio-de-robotica\\\/\",\"url\":\"https:\\\/\\\/fieam.org.br\\\/sesi\\\/robos-em-acao-vai-comecar-o-torneio-de-robotica\\\/\",\"name\":\"Rob\u00f4s em a\u00e7\u00e3o: vai come\u00e7ar o torneio de rob\u00f3tica - SESI\",\"isPartOf\":{\"@id\":\"https:\\\/\\\/fieam.org.br\\\/sesi\\\/#website\"},\"datePublished\":\"2015-12-03T21:15:48+00:00\",\"breadcrumb\":{\"@id\":\"https:\\\/\\\/fieam.org.br\\\/sesi\\\/robos-em-acao-vai-comecar-o-torneio-de-robotica\\\/#breadcrumb\"},\"inLanguage\":\"pt-BR\",\"potentialAction\":[{\"@type\":\"ReadAction\",\"target\":[\"https:\\\/\\\/fieam.org.br\\\/sesi\\\/robos-em-acao-vai-comecar-o-torneio-de-robotica\\\/\"]}]},{\"@type\":\"BreadcrumbList\",\"@id\":\"https:\\\/\\\/fieam.org.br\\\/sesi\\\/robos-em-acao-vai-comecar-o-torneio-de-robotica\\\/#breadcrumb\",\"itemListElement\":[{\"@type\":\"ListItem\",\"position\":1,\"name\":\"In\u00edcio\",\"item\":\"https:\\\/\\\/fieam.org.br\\\/sesi\\\/\"},{\"@type\":\"ListItem\",\"position\":2,\"name\":\"Rob\u00f4s em a\u00e7\u00e3o: vai come\u00e7ar o torneio de rob\u00f3tica\"}]},{\"@type\":\"WebSite\",\"@id\":\"https:\\\/\\\/fieam.org.br\\\/sesi\\\/#website\",\"url\":\"https:\\\/\\\/fieam.org.br\\\/sesi\\\/\",\"name\":\"SESI\",\"description\":\"Site Oficial!\",\"publisher\":{\"@id\":\"https:\\\/\\\/fieam.org.br\\\/sesi\\\/#organization\"},\"potentialAction\":[{\"@type\":\"SearchAction\",\"target\":{\"@type\":\"EntryPoint\",\"urlTemplate\":\"https:\\\/\\\/fieam.org.br\\\/sesi\\\/?s={search_term_string}\"},\"query-input\":{\"@type\":\"PropertyValueSpecification\",\"valueRequired\":true,\"valueName\":\"search_term_string\"}}],\"inLanguage\":\"pt-BR\"},{\"@type\":\"Organization\",\"@id\":\"https:\\\/\\\/fieam.org.br\\\/sesi\\\/#organization\",\"name\":\"SESI\",\"url\":\"https:\\\/\\\/fieam.org.br\\\/sesi\\\/\",\"logo\":{\"@type\":\"ImageObject\",\"inLanguage\":\"pt-BR\",\"@id\":\"https:\\\/\\\/fieam.org.br\\\/sesi\\\/#\\\/schema\\\/logo\\\/image\\\/\",\"url\":\"https:\\\/\\\/fieam.org.br\\\/sesi\\\/wp-content\\\/uploads\\\/sites\\\/14\\\/2024\\\/03\\\/cropped-fav.png\",\"contentUrl\":\"https:\\\/\\\/fieam.org.br\\\/sesi\\\/wp-content\\\/uploads\\\/sites\\\/14\\\/2024\\\/03\\\/cropped-fav.png\",\"width\":610,\"height\":589,\"caption\":\"SESI\"},\"image\":{\"@id\":\"https:\\\/\\\/fieam.org.br\\\/sesi\\\/#\\\/schema\\\/logo\\\/image\\\/\"}},{\"@type\":\"Person\",\"@id\":\"https:\\\/\\\/fieam.org.br\\\/sesi\\\/#\\\/schema\\\/person\\\/f54998dd14d5f0695b41444f2b01c31e\",\"name\":\"Autor\",\"image\":{\"@type\":\"ImageObject\",\"inLanguage\":\"pt-BR\",\"@id\":\"https:\\\/\\\/secure.gravatar.com\\\/avatar\\\/3732c223e0e1fad69062a8f770955c9068d37b055204f310a0be18d4069fe380?s=96&d=mm&r=g\",\"url\":\"https:\\\/\\\/secure.gravatar.com\\\/avatar\\\/3732c223e0e1fad69062a8f770955c9068d37b055204f310a0be18d4069fe380?s=96&d=mm&r=g\",\"contentUrl\":\"https:\\\/\\\/secure.gravatar.com\\\/avatar\\\/3732c223e0e1fad69062a8f770955c9068d37b055204f310a0be18d4069fe380?s=96&d=mm&r=g\",\"caption\":\"Autor\"},\"sameAs\":[\"https:\\\/\\\/marketingmassivo.com.br\"],\"url\":\"https:\\\/\\\/fieam.org.br\\\/sesi\\\/author\\\/admin\\\/\"}]}<\/script>\n<!-- \/ Yoast SEO plugin. -->","yoast_head_json":{"title":"Rob\u00f4s em a\u00e7\u00e3o: vai come\u00e7ar o torneio de rob\u00f3tica - SESI","robots":{"index":"index","follow":"follow","max-snippet":"max-snippet:-1","max-image-preview":"max-image-preview:large","max-video-preview":"max-video-preview:-1"},"canonical":"https:\/\/fieam.org.br\/sesi\/robos-em-acao-vai-comecar-o-torneio-de-robotica\/","og_locale":"pt_BR","og_type":"article","og_title":"Rob\u00f4s em a\u00e7\u00e3o: vai come\u00e7ar o torneio de rob\u00f3tica - SESI","og_description":"Come\u00e7a na sexta-feira, 11, no Clube do Trabalhador do\u00a0SESI\u00a0(Alameda Cosme Ferreira, 7399, S\u00e3o Jos\u00e9), a etapa regional do Torneio de Rob\u00f3tica FLL, organizada pelo Servi\u00e7o Social da Ind\u00fastria (SESI). Cerca de 400 estudantes de escolas municipais, p\u00fablicas e particulares do Norte participar\u00e3o da temporada. O SESI Amazonas ser\u00e1 a sede da etapa regional do Torneio [&hellip;]","og_url":"https:\/\/fieam.org.br\/sesi\/robos-em-acao-vai-comecar-o-torneio-de-robotica\/","og_site_name":"SESI","article_published_time":"2015-12-03T21:15:48+00:00","author":"Autor","twitter_card":"summary_large_image","twitter_misc":{"Escrito por":"Autor","Est. tempo de leitura":"3 minutos"},"schema":{"@context":"https:\/\/schema.org","@graph":[{"@type":"Article","@id":"https:\/\/fieam.org.br\/sesi\/robos-em-acao-vai-comecar-o-torneio-de-robotica\/#article","isPartOf":{"@id":"https:\/\/fieam.org.br\/sesi\/robos-em-acao-vai-comecar-o-torneio-de-robotica\/"},"author":{"name":"Autor","@id":"https:\/\/fieam.org.br\/sesi\/#\/schema\/person\/f54998dd14d5f0695b41444f2b01c31e"},"headline":"Rob\u00f4s em a\u00e7\u00e3o: vai come\u00e7ar o torneio de rob\u00f3tica","datePublished":"2015-12-03T21:15:48+00:00","mainEntityOfPage":{"@id":"https:\/\/fieam.org.br\/sesi\/robos-em-acao-vai-comecar-o-torneio-de-robotica\/"},"wordCount":564,"commentCount":0,"publisher":{"@id":"https:\/\/fieam.org.br\/sesi\/#organization"},"articleSection":["News"],"inLanguage":"pt-BR","potentialAction":[{"@type":"CommentAction","name":"Comment","target":["https:\/\/fieam.org.br\/sesi\/robos-em-acao-vai-comecar-o-torneio-de-robotica\/#respond"]}]},{"@type":"WebPage","@id":"https:\/\/fieam.org.br\/sesi\/robos-em-acao-vai-comecar-o-torneio-de-robotica\/","url":"https:\/\/fieam.org.br\/sesi\/robos-em-acao-vai-comecar-o-torneio-de-robotica\/","name":"Rob\u00f4s em a\u00e7\u00e3o: vai come\u00e7ar o torneio de rob\u00f3tica - SESI","isPartOf":{"@id":"https:\/\/fieam.org.br\/sesi\/#website"},"datePublished":"2015-12-03T21:15:48+00:00","breadcrumb":{"@id":"https:\/\/fieam.org.br\/sesi\/robos-em-acao-vai-comecar-o-torneio-de-robotica\/#breadcrumb"},"inLanguage":"pt-BR","potentialAction":[{"@type":"ReadAction","target":["https:\/\/fieam.org.br\/sesi\/robos-em-acao-vai-comecar-o-torneio-de-robotica\/"]}]},{"@type":"BreadcrumbList","@id":"https:\/\/fieam.org.br\/sesi\/robos-em-acao-vai-comecar-o-torneio-de-robotica\/#breadcrumb","itemListElement":[{"@type":"ListItem","position":1,"name":"In\u00edcio","item":"https:\/\/fieam.org.br\/sesi\/"},{"@type":"ListItem","position":2,"name":"Rob\u00f4s em a\u00e7\u00e3o: vai come\u00e7ar o torneio de rob\u00f3tica"}]},{"@type":"WebSite","@id":"https:\/\/fieam.org.br\/sesi\/#website","url":"https:\/\/fieam.org.br\/sesi\/","name":"SESI","description":"Site Oficial!","publisher":{"@id":"https:\/\/fieam.org.br\/sesi\/#organization"},"potentialAction":[{"@type":"SearchAction","target":{"@type":"EntryPoint","urlTemplate":"https:\/\/fieam.org.br\/sesi\/?s={search_term_string}"},"query-input":{"@type":"PropertyValueSpecification","valueRequired":true,"valueName":"search_term_string"}}],"inLanguage":"pt-BR"},{"@type":"Organization","@id":"https:\/\/fieam.org.br\/sesi\/#organization","name":"SESI","url":"https:\/\/fieam.org.br\/sesi\/","logo":{"@type":"ImageObject","inLanguage":"pt-BR","@id":"https:\/\/fieam.org.br\/sesi\/#\/schema\/logo\/image\/","url":"https:\/\/fieam.org.br\/sesi\/wp-content\/uploads\/sites\/14\/2024\/03\/cropped-fav.png","contentUrl":"https:\/\/fieam.org.br\/sesi\/wp-content\/uploads\/sites\/14\/2024\/03\/cropped-fav.png","width":610,"height":589,"caption":"SESI"},"image":{"@id":"https:\/\/fieam.org.br\/sesi\/#\/schema\/logo\/image\/"}},{"@type":"Person","@id":"https:\/\/fieam.org.br\/sesi\/#\/schema\/person\/f54998dd14d5f0695b41444f2b01c31e","name":"Autor","image":{"@type":"ImageObject","inLanguage":"pt-BR","@id":"https:\/\/secure.gravatar.com\/avatar\/3732c223e0e1fad69062a8f770955c9068d37b055204f310a0be18d4069fe380?s=96&d=mm&r=g","url":"https:\/\/secure.gravatar.com\/avatar\/3732c223e0e1fad69062a8f770955c9068d37b055204f310a0be18d4069fe380?s=96&d=mm&r=g","contentUrl":"https:\/\/secure.gravatar.com\/avatar\/3732c223e0e1fad69062a8f770955c9068d37b055204f310a0be18d4069fe380?s=96&d=mm&r=g","caption":"Autor"},"sameAs":["https:\/\/marketingmassivo.com.br"],"url":"https:\/\/fieam.org.br\/sesi\/author\/admin\/"}]}},"_links":{"self":[{"href":"https:\/\/fieam.org.br\/sesi\/wp-json\/wp\/v2\/posts\/7810","targetHints":{"allow":["GET"]}}],"collection":[{"href":"https:\/\/fieam.org.br\/sesi\/wp-json\/wp\/v2\/posts"}],"about":[{"href":"https:\/\/fieam.org.br\/sesi\/wp-json\/wp\/v2\/types\/post"}],"author":[{"embeddable":true,"href":"https:\/\/fieam.org.br\/sesi\/wp-json\/wp\/v2\/users\/1"}],"replies":[{"embeddable":true,"href":"https:\/\/fieam.org.br\/sesi\/wp-json\/wp\/v2\/comments?post=7810"}],"version-history":[{"count":0,"href":"https:\/\/fieam.org.br\/sesi\/wp-json\/wp\/v2\/posts\/7810\/revisions"}],"wp:attachment":[{"href":"https:\/\/fieam.org.br\/sesi\/wp-json\/wp\/v2\/media?parent=7810"}],"wp:term":[{"taxonomy":"category","embeddable":true,"href":"https:\/\/fieam.org.br\/sesi\/wp-json\/wp\/v2\/categories?post=7810"},{"taxonomy":"post_tag","embeddable":true,"href":"https:\/\/fieam.org.br\/sesi\/wp-json\/wp\/v2\/tags?post=7810"}],"curies":[{"name":"wp","href":"https:\/\/api.w.org\/{rel}","templated":true}]}}