{"id":7809,"date":"2015-12-03T17:14:16","date_gmt":"2015-12-03T17:14:16","guid":{"rendered":"http:\/\/www.fieam.org.br\/site\/sesi\/?p=7679"},"modified":"2015-12-03T17:14:16","modified_gmt":"2015-12-03T17:14:16","slug":"alunos-do-sesi-tem-aula-de-empreendedorismo-2","status":"publish","type":"post","link":"https:\/\/fieam.org.br\/sesi\/alunos-do-sesi-tem-aula-de-empreendedorismo-2\/","title":{"rendered":"Alunos do SESI t\u00eam aula de empreendedorismo"},"content":{"rendered":"<p style=\"text-align: center\"><a href=\"http:\/\/www.fieam.org.br\/site\/sesi\/files\/2015\/12\/Alunos-do-SESI-tem-aula-de-empreendedorismo.jpg\"><img fetchpriority=\"high\" decoding=\"async\" class=\"aligncenter  wp-image-7680\" alt=\"Alunos do SESI tem aula de empreendedorismo\" src=\"http:\/\/www.fieam.org.br\/site\/sesi\/files\/2015\/12\/Alunos-do-SESI-tem-aula-de-empreendedorismo.jpg\" width=\"655\" height=\"435\" \/><\/a><\/p>\n<p>O mercado exige pessoas empreendedoras e inovadoras. A declara\u00e7\u00e3o \u00e9 do consultor do\u00a0<a href=\"http:\/\/www.fieam.org.br\/iel\" target=\"_blank\" rel=\"noreferrer noopener\">Instituto Euvaldo Lodi (IEL)<\/a>, Adenilson\u00a0 Santos, para cerca de 250 alunos do Ensino M\u00e9dio da Escola\u00a0<a href=\"http:\/\/www.fieam.org.br\/sesi\" target=\"_blank\" rel=\"noreferrer noopener\">SESI<\/a>\u00a0\u00c9mina Barbosa Mustafa, em oficina sobre Empreendedorismo Juvenil realizada entre os dias 3 e 5 deste m\u00eas, nas salas de aula da escola.<\/p>\n<p>De acordo com Silva, para ser um empreendedor, o jovem deve, como primeiro passo, procurar motiva\u00e7\u00e3o para iniciar uma carreira profissional o quanto antes, antecipando a concorr\u00eancia, ressaltando que, quanto mais capacitado, mais chance ter\u00e1 de alcan\u00e7ar o sucesso.\u00a0 Segundo Silva, o empreendedor \u00e9 um provedor de solu\u00e7\u00f5es que supera todos os obst\u00e1culos, como financeiros e econ\u00f4micos.<\/p>\n<p>Para o especialista, n\u00e3o adianta persistir em um neg\u00f3cio que n\u00e3o tenha conhecimento, mesmo que tenha capital para conseguir bons resultados. De acordo com especialista, como diferencial, o empreendedor deve ter talento, inova\u00e7\u00e3o, ferramentas, al\u00e9m de capital.\u00a0 Ele disse ainda que durante as oficinas, al\u00e9m das palestras sobre empreendedorismo, os alunos interagiram entre eles e participaram de v\u00e1rias atividades pr\u00e1ticas respondendo v\u00e1rias quest\u00f5es.<\/p>\n<p>O professor de empreendedorismo da Escola, Sandro Oliveira, disse que a oficina \u00e9 uma grande oportunidade para preparar os alunos para a inser\u00e7\u00e3o no mercado de trabalho, que exige pessoas empreendedoras, e\u00a0 que a oficina soma com\u00a0 ideias discutidas em sala de aula.<\/p>\n<p>De acordo com Sandro, ser empreendedor \u00e9 fazer diferente e conseguir sucesso e a Escola \u00c9mina Mustafa se preocupa com o aluno, com forma\u00e7\u00e3o integral para ser um cidad\u00e3o, preparando-o para a vida, oferecendo, al\u00e9m das disciplinas da grade curricular, temas transversais e ainda ensino profissionalizante, por meio do EBEP, para alunos do Ensino M\u00e9dio, em parceria com o\u00a0<a href=\"http:\/\/www.fieam.org.br\/senai\" target=\"_blank\" rel=\"noreferrer noopener\">SENAI<\/a>.<\/p>\n<p>Tiago Bezerra (17), aluno do 3\u00ba ano do Ensino M\u00e9dio, disse que a oficina proporcionou mais conhecimentos e o motivou a colocar em pr\u00e1tica alguns projetos que desenvolveu nos \u00faltimos anos. De acordo com Tiago, \u00e9 preciso ter ousadia e acreditar no que faz para ser um empreendedor de sucesso.<\/p>\n<p>&#8220;Se quiser fazer a diferen\u00e7a tem que sair do comum e\u00a0 a sociedade de hoje exige inova\u00e7\u00e3o&#8221;, disse. Tiago, que estuda h\u00e1 cinco anos na Escola \u00c9mina Mustafa, ressaltou que durante esse per\u00edodo, al\u00e9m de aprender as disciplinas, aprendeu a lidar com as pessoas, falar em p\u00fablico. Ele tem por objetivo cursar Engenharia de Telecomunica\u00e7\u00f5es e depois se especializar na \u00e1rea e trabalhar em Portugal.<\/p>\n<p>&nbsp;<\/p>\n<p>[nggallery id=306]<\/p>\n","protected":false},"excerpt":{"rendered":"<p>O mercado exige pessoas empreendedoras e inovadoras. A declara\u00e7\u00e3o \u00e9 do consultor do\u00a0Instituto Euvaldo Lodi (IEL), Adenilson\u00a0 Santos, para cerca de 250 alunos do Ensino M\u00e9dio da Escola\u00a0SESI\u00a0\u00c9mina Barbosa Mustafa, em oficina sobre Empreendedorismo Juvenil realizada entre os dias 3 e 5 deste m\u00eas, nas salas de aula da escola. De acordo com Silva, para [&hellip;]<\/p>\n","protected":false},"author":1,"featured_media":0,"comment_status":"open","ping_status":"open","sticky":false,"template":"","format":"standard","meta":{"footnotes":""},"categories":[25],"tags":[],"class_list":["post-7809","post","type-post","status-publish","format-standard","hentry","category-news"],"yoast_head":"<!-- This site is optimized with the Yoast SEO plugin v28.2 - https:\/\/yoast.com\/product\/yoast-seo-wordpress\/ -->\n<title>Alunos do SESI t\u00eam aula de empreendedorismo - SESI<\/title>\n<meta name=\"robots\" content=\"index, follow, max-snippet:-1, max-image-preview:large, max-video-preview:-1\" \/>\n<link rel=\"canonical\" href=\"https:\/\/fieam.org.br\/sesi\/alunos-do-sesi-tem-aula-de-empreendedorismo-2\/\" \/>\n<meta property=\"og:locale\" content=\"pt_BR\" \/>\n<meta property=\"og:type\" content=\"article\" \/>\n<meta property=\"og:title\" content=\"Alunos do SESI t\u00eam aula de empreendedorismo - SESI\" \/>\n<meta property=\"og:description\" content=\"O mercado exige pessoas empreendedoras e inovadoras. A declara\u00e7\u00e3o \u00e9 do consultor do\u00a0Instituto Euvaldo Lodi (IEL), Adenilson\u00a0 Santos, para cerca de 250 alunos do Ensino M\u00e9dio da Escola\u00a0SESI\u00a0\u00c9mina Barbosa Mustafa, em oficina sobre Empreendedorismo Juvenil realizada entre os dias 3 e 5 deste m\u00eas, nas salas de aula da escola. De acordo com Silva, para [&hellip;]\" \/>\n<meta property=\"og:url\" content=\"https:\/\/fieam.org.br\/sesi\/alunos-do-sesi-tem-aula-de-empreendedorismo-2\/\" \/>\n<meta property=\"og:site_name\" content=\"SESI\" \/>\n<meta property=\"article:published_time\" content=\"2015-12-03T17:14:16+00:00\" \/>\n<meta name=\"author\" content=\"Autor\" \/>\n<meta name=\"twitter:card\" content=\"summary_large_image\" \/>\n<meta name=\"twitter:label1\" content=\"Escrito por\" \/>\n\t<meta name=\"twitter:data1\" content=\"Autor\" \/>\n\t<meta name=\"twitter:label2\" content=\"Est. tempo de leitura\" \/>\n\t<meta name=\"twitter:data2\" content=\"2 minutos\" \/>\n<script type=\"application\/ld+json\" class=\"yoast-schema-graph\">{\"@context\":\"https:\\\/\\\/schema.org\",\"@graph\":[{\"@type\":\"Article\",\"@id\":\"https:\\\/\\\/fieam.org.br\\\/sesi\\\/alunos-do-sesi-tem-aula-de-empreendedorismo-2\\\/#article\",\"isPartOf\":{\"@id\":\"https:\\\/\\\/fieam.org.br\\\/sesi\\\/alunos-do-sesi-tem-aula-de-empreendedorismo-2\\\/\"},\"author\":{\"name\":\"Autor\",\"@id\":\"https:\\\/\\\/fieam.org.br\\\/sesi\\\/#\\\/schema\\\/person\\\/f54998dd14d5f0695b41444f2b01c31e\"},\"headline\":\"Alunos do SESI t\u00eam aula de empreendedorismo\",\"datePublished\":\"2015-12-03T17:14:16+00:00\",\"mainEntityOfPage\":{\"@id\":\"https:\\\/\\\/fieam.org.br\\\/sesi\\\/alunos-do-sesi-tem-aula-de-empreendedorismo-2\\\/\"},\"wordCount\":424,\"commentCount\":0,\"publisher\":{\"@id\":\"https:\\\/\\\/fieam.org.br\\\/sesi\\\/#organization\"},\"image\":{\"@id\":\"https:\\\/\\\/fieam.org.br\\\/sesi\\\/alunos-do-sesi-tem-aula-de-empreendedorismo-2\\\/#primaryimage\"},\"thumbnailUrl\":\"http:\\\/\\\/www.fieam.org.br\\\/site\\\/sesi\\\/files\\\/2015\\\/12\\\/Alunos-do-SESI-tem-aula-de-empreendedorismo.jpg\",\"articleSection\":[\"News\"],\"inLanguage\":\"pt-BR\",\"potentialAction\":[{\"@type\":\"CommentAction\",\"name\":\"Comment\",\"target\":[\"https:\\\/\\\/fieam.org.br\\\/sesi\\\/alunos-do-sesi-tem-aula-de-empreendedorismo-2\\\/#respond\"]}]},{\"@type\":\"WebPage\",\"@id\":\"https:\\\/\\\/fieam.org.br\\\/sesi\\\/alunos-do-sesi-tem-aula-de-empreendedorismo-2\\\/\",\"url\":\"https:\\\/\\\/fieam.org.br\\\/sesi\\\/alunos-do-sesi-tem-aula-de-empreendedorismo-2\\\/\",\"name\":\"Alunos do SESI t\u00eam aula de empreendedorismo - SESI\",\"isPartOf\":{\"@id\":\"https:\\\/\\\/fieam.org.br\\\/sesi\\\/#website\"},\"primaryImageOfPage\":{\"@id\":\"https:\\\/\\\/fieam.org.br\\\/sesi\\\/alunos-do-sesi-tem-aula-de-empreendedorismo-2\\\/#primaryimage\"},\"image\":{\"@id\":\"https:\\\/\\\/fieam.org.br\\\/sesi\\\/alunos-do-sesi-tem-aula-de-empreendedorismo-2\\\/#primaryimage\"},\"thumbnailUrl\":\"http:\\\/\\\/www.fieam.org.br\\\/site\\\/sesi\\\/files\\\/2015\\\/12\\\/Alunos-do-SESI-tem-aula-de-empreendedorismo.jpg\",\"datePublished\":\"2015-12-03T17:14:16+00:00\",\"breadcrumb\":{\"@id\":\"https:\\\/\\\/fieam.org.br\\\/sesi\\\/alunos-do-sesi-tem-aula-de-empreendedorismo-2\\\/#breadcrumb\"},\"inLanguage\":\"pt-BR\",\"potentialAction\":[{\"@type\":\"ReadAction\",\"target\":[\"https:\\\/\\\/fieam.org.br\\\/sesi\\\/alunos-do-sesi-tem-aula-de-empreendedorismo-2\\\/\"]}]},{\"@type\":\"ImageObject\",\"inLanguage\":\"pt-BR\",\"@id\":\"https:\\\/\\\/fieam.org.br\\\/sesi\\\/alunos-do-sesi-tem-aula-de-empreendedorismo-2\\\/#primaryimage\",\"url\":\"http:\\\/\\\/www.fieam.org.br\\\/site\\\/sesi\\\/files\\\/2015\\\/12\\\/Alunos-do-SESI-tem-aula-de-empreendedorismo.jpg\",\"contentUrl\":\"http:\\\/\\\/www.fieam.org.br\\\/site\\\/sesi\\\/files\\\/2015\\\/12\\\/Alunos-do-SESI-tem-aula-de-empreendedorismo.jpg\"},{\"@type\":\"BreadcrumbList\",\"@id\":\"https:\\\/\\\/fieam.org.br\\\/sesi\\\/alunos-do-sesi-tem-aula-de-empreendedorismo-2\\\/#breadcrumb\",\"itemListElement\":[{\"@type\":\"ListItem\",\"position\":1,\"name\":\"In\u00edcio\",\"item\":\"https:\\\/\\\/fieam.org.br\\\/sesi\\\/\"},{\"@type\":\"ListItem\",\"position\":2,\"name\":\"Alunos do SESI t\u00eam aula de empreendedorismo\"}]},{\"@type\":\"WebSite\",\"@id\":\"https:\\\/\\\/fieam.org.br\\\/sesi\\\/#website\",\"url\":\"https:\\\/\\\/fieam.org.br\\\/sesi\\\/\",\"name\":\"SESI\",\"description\":\"Site Oficial!\",\"publisher\":{\"@id\":\"https:\\\/\\\/fieam.org.br\\\/sesi\\\/#organization\"},\"potentialAction\":[{\"@type\":\"SearchAction\",\"target\":{\"@type\":\"EntryPoint\",\"urlTemplate\":\"https:\\\/\\\/fieam.org.br\\\/sesi\\\/?s={search_term_string}\"},\"query-input\":{\"@type\":\"PropertyValueSpecification\",\"valueRequired\":true,\"valueName\":\"search_term_string\"}}],\"inLanguage\":\"pt-BR\"},{\"@type\":\"Organization\",\"@id\":\"https:\\\/\\\/fieam.org.br\\\/sesi\\\/#organization\",\"name\":\"SESI\",\"url\":\"https:\\\/\\\/fieam.org.br\\\/sesi\\\/\",\"logo\":{\"@type\":\"ImageObject\",\"inLanguage\":\"pt-BR\",\"@id\":\"https:\\\/\\\/fieam.org.br\\\/sesi\\\/#\\\/schema\\\/logo\\\/image\\\/\",\"url\":\"https:\\\/\\\/fieam.org.br\\\/sesi\\\/wp-content\\\/uploads\\\/sites\\\/14\\\/2024\\\/03\\\/cropped-fav.png\",\"contentUrl\":\"https:\\\/\\\/fieam.org.br\\\/sesi\\\/wp-content\\\/uploads\\\/sites\\\/14\\\/2024\\\/03\\\/cropped-fav.png\",\"width\":610,\"height\":589,\"caption\":\"SESI\"},\"image\":{\"@id\":\"https:\\\/\\\/fieam.org.br\\\/sesi\\\/#\\\/schema\\\/logo\\\/image\\\/\"}},{\"@type\":\"Person\",\"@id\":\"https:\\\/\\\/fieam.org.br\\\/sesi\\\/#\\\/schema\\\/person\\\/f54998dd14d5f0695b41444f2b01c31e\",\"name\":\"Autor\",\"image\":{\"@type\":\"ImageObject\",\"inLanguage\":\"pt-BR\",\"@id\":\"https:\\\/\\\/secure.gravatar.com\\\/avatar\\\/3732c223e0e1fad69062a8f770955c9068d37b055204f310a0be18d4069fe380?s=96&d=mm&r=g\",\"url\":\"https:\\\/\\\/secure.gravatar.com\\\/avatar\\\/3732c223e0e1fad69062a8f770955c9068d37b055204f310a0be18d4069fe380?s=96&d=mm&r=g\",\"contentUrl\":\"https:\\\/\\\/secure.gravatar.com\\\/avatar\\\/3732c223e0e1fad69062a8f770955c9068d37b055204f310a0be18d4069fe380?s=96&d=mm&r=g\",\"caption\":\"Autor\"},\"sameAs\":[\"https:\\\/\\\/marketingmassivo.com.br\"],\"url\":\"https:\\\/\\\/fieam.org.br\\\/sesi\\\/author\\\/admin\\\/\"}]}<\/script>\n<!-- \/ Yoast SEO plugin. -->","yoast_head_json":{"title":"Alunos do SESI t\u00eam aula de empreendedorismo - SESI","robots":{"index":"index","follow":"follow","max-snippet":"max-snippet:-1","max-image-preview":"max-image-preview:large","max-video-preview":"max-video-preview:-1"},"canonical":"https:\/\/fieam.org.br\/sesi\/alunos-do-sesi-tem-aula-de-empreendedorismo-2\/","og_locale":"pt_BR","og_type":"article","og_title":"Alunos do SESI t\u00eam aula de empreendedorismo - SESI","og_description":"O mercado exige pessoas empreendedoras e inovadoras. A declara\u00e7\u00e3o \u00e9 do consultor do\u00a0Instituto Euvaldo Lodi (IEL), Adenilson\u00a0 Santos, para cerca de 250 alunos do Ensino M\u00e9dio da Escola\u00a0SESI\u00a0\u00c9mina Barbosa Mustafa, em oficina sobre Empreendedorismo Juvenil realizada entre os dias 3 e 5 deste m\u00eas, nas salas de aula da escola. De acordo com Silva, para [&hellip;]","og_url":"https:\/\/fieam.org.br\/sesi\/alunos-do-sesi-tem-aula-de-empreendedorismo-2\/","og_site_name":"SESI","article_published_time":"2015-12-03T17:14:16+00:00","author":"Autor","twitter_card":"summary_large_image","twitter_misc":{"Escrito por":"Autor","Est. tempo de leitura":"2 minutos"},"schema":{"@context":"https:\/\/schema.org","@graph":[{"@type":"Article","@id":"https:\/\/fieam.org.br\/sesi\/alunos-do-sesi-tem-aula-de-empreendedorismo-2\/#article","isPartOf":{"@id":"https:\/\/fieam.org.br\/sesi\/alunos-do-sesi-tem-aula-de-empreendedorismo-2\/"},"author":{"name":"Autor","@id":"https:\/\/fieam.org.br\/sesi\/#\/schema\/person\/f54998dd14d5f0695b41444f2b01c31e"},"headline":"Alunos do SESI t\u00eam aula de empreendedorismo","datePublished":"2015-12-03T17:14:16+00:00","mainEntityOfPage":{"@id":"https:\/\/fieam.org.br\/sesi\/alunos-do-sesi-tem-aula-de-empreendedorismo-2\/"},"wordCount":424,"commentCount":0,"publisher":{"@id":"https:\/\/fieam.org.br\/sesi\/#organization"},"image":{"@id":"https:\/\/fieam.org.br\/sesi\/alunos-do-sesi-tem-aula-de-empreendedorismo-2\/#primaryimage"},"thumbnailUrl":"http:\/\/www.fieam.org.br\/site\/sesi\/files\/2015\/12\/Alunos-do-SESI-tem-aula-de-empreendedorismo.jpg","articleSection":["News"],"inLanguage":"pt-BR","potentialAction":[{"@type":"CommentAction","name":"Comment","target":["https:\/\/fieam.org.br\/sesi\/alunos-do-sesi-tem-aula-de-empreendedorismo-2\/#respond"]}]},{"@type":"WebPage","@id":"https:\/\/fieam.org.br\/sesi\/alunos-do-sesi-tem-aula-de-empreendedorismo-2\/","url":"https:\/\/fieam.org.br\/sesi\/alunos-do-sesi-tem-aula-de-empreendedorismo-2\/","name":"Alunos do SESI t\u00eam aula de empreendedorismo - SESI","isPartOf":{"@id":"https:\/\/fieam.org.br\/sesi\/#website"},"primaryImageOfPage":{"@id":"https:\/\/fieam.org.br\/sesi\/alunos-do-sesi-tem-aula-de-empreendedorismo-2\/#primaryimage"},"image":{"@id":"https:\/\/fieam.org.br\/sesi\/alunos-do-sesi-tem-aula-de-empreendedorismo-2\/#primaryimage"},"thumbnailUrl":"http:\/\/www.fieam.org.br\/site\/sesi\/files\/2015\/12\/Alunos-do-SESI-tem-aula-de-empreendedorismo.jpg","datePublished":"2015-12-03T17:14:16+00:00","breadcrumb":{"@id":"https:\/\/fieam.org.br\/sesi\/alunos-do-sesi-tem-aula-de-empreendedorismo-2\/#breadcrumb"},"inLanguage":"pt-BR","potentialAction":[{"@type":"ReadAction","target":["https:\/\/fieam.org.br\/sesi\/alunos-do-sesi-tem-aula-de-empreendedorismo-2\/"]}]},{"@type":"ImageObject","inLanguage":"pt-BR","@id":"https:\/\/fieam.org.br\/sesi\/alunos-do-sesi-tem-aula-de-empreendedorismo-2\/#primaryimage","url":"http:\/\/www.fieam.org.br\/site\/sesi\/files\/2015\/12\/Alunos-do-SESI-tem-aula-de-empreendedorismo.jpg","contentUrl":"http:\/\/www.fieam.org.br\/site\/sesi\/files\/2015\/12\/Alunos-do-SESI-tem-aula-de-empreendedorismo.jpg"},{"@type":"BreadcrumbList","@id":"https:\/\/fieam.org.br\/sesi\/alunos-do-sesi-tem-aula-de-empreendedorismo-2\/#breadcrumb","itemListElement":[{"@type":"ListItem","position":1,"name":"In\u00edcio","item":"https:\/\/fieam.org.br\/sesi\/"},{"@type":"ListItem","position":2,"name":"Alunos do SESI t\u00eam aula de empreendedorismo"}]},{"@type":"WebSite","@id":"https:\/\/fieam.org.br\/sesi\/#website","url":"https:\/\/fieam.org.br\/sesi\/","name":"SESI","description":"Site Oficial!","publisher":{"@id":"https:\/\/fieam.org.br\/sesi\/#organization"},"potentialAction":[{"@type":"SearchAction","target":{"@type":"EntryPoint","urlTemplate":"https:\/\/fieam.org.br\/sesi\/?s={search_term_string}"},"query-input":{"@type":"PropertyValueSpecification","valueRequired":true,"valueName":"search_term_string"}}],"inLanguage":"pt-BR"},{"@type":"Organization","@id":"https:\/\/fieam.org.br\/sesi\/#organization","name":"SESI","url":"https:\/\/fieam.org.br\/sesi\/","logo":{"@type":"ImageObject","inLanguage":"pt-BR","@id":"https:\/\/fieam.org.br\/sesi\/#\/schema\/logo\/image\/","url":"https:\/\/fieam.org.br\/sesi\/wp-content\/uploads\/sites\/14\/2024\/03\/cropped-fav.png","contentUrl":"https:\/\/fieam.org.br\/sesi\/wp-content\/uploads\/sites\/14\/2024\/03\/cropped-fav.png","width":610,"height":589,"caption":"SESI"},"image":{"@id":"https:\/\/fieam.org.br\/sesi\/#\/schema\/logo\/image\/"}},{"@type":"Person","@id":"https:\/\/fieam.org.br\/sesi\/#\/schema\/person\/f54998dd14d5f0695b41444f2b01c31e","name":"Autor","image":{"@type":"ImageObject","inLanguage":"pt-BR","@id":"https:\/\/secure.gravatar.com\/avatar\/3732c223e0e1fad69062a8f770955c9068d37b055204f310a0be18d4069fe380?s=96&d=mm&r=g","url":"https:\/\/secure.gravatar.com\/avatar\/3732c223e0e1fad69062a8f770955c9068d37b055204f310a0be18d4069fe380?s=96&d=mm&r=g","contentUrl":"https:\/\/secure.gravatar.com\/avatar\/3732c223e0e1fad69062a8f770955c9068d37b055204f310a0be18d4069fe380?s=96&d=mm&r=g","caption":"Autor"},"sameAs":["https:\/\/marketingmassivo.com.br"],"url":"https:\/\/fieam.org.br\/sesi\/author\/admin\/"}]}},"_links":{"self":[{"href":"https:\/\/fieam.org.br\/sesi\/wp-json\/wp\/v2\/posts\/7809","targetHints":{"allow":["GET"]}}],"collection":[{"href":"https:\/\/fieam.org.br\/sesi\/wp-json\/wp\/v2\/posts"}],"about":[{"href":"https:\/\/fieam.org.br\/sesi\/wp-json\/wp\/v2\/types\/post"}],"author":[{"embeddable":true,"href":"https:\/\/fieam.org.br\/sesi\/wp-json\/wp\/v2\/users\/1"}],"replies":[{"embeddable":true,"href":"https:\/\/fieam.org.br\/sesi\/wp-json\/wp\/v2\/comments?post=7809"}],"version-history":[{"count":0,"href":"https:\/\/fieam.org.br\/sesi\/wp-json\/wp\/v2\/posts\/7809\/revisions"}],"wp:attachment":[{"href":"https:\/\/fieam.org.br\/sesi\/wp-json\/wp\/v2\/media?parent=7809"}],"wp:term":[{"taxonomy":"category","embeddable":true,"href":"https:\/\/fieam.org.br\/sesi\/wp-json\/wp\/v2\/categories?post=7809"},{"taxonomy":"post_tag","embeddable":true,"href":"https:\/\/fieam.org.br\/sesi\/wp-json\/wp\/v2\/tags?post=7809"}],"curies":[{"name":"wp","href":"https:\/\/api.w.org\/{rel}","templated":true}]}}