{"id":7803,"date":"2015-11-30T20:24:22","date_gmt":"2015-11-30T20:24:22","guid":{"rendered":"http:\/\/www.fieam.org.br\/site\/sesi\/?p=7641"},"modified":"2015-11-30T20:24:22","modified_gmt":"2015-11-30T20:24:22","slug":"comunicado-de-processo-seletivo-sesi-professor-espanhol-29-11-2015-no-0082-2015","status":"publish","type":"post","link":"https:\/\/fieam.org.br\/sesi\/comunicado-de-processo-seletivo-sesi-professor-espanhol-29-11-2015-no-0082-2015\/","title":{"rendered":"ENCERRADO &#8211; Processo seletivo n\u00ba 0082-2015 \u2013 Professor \u2013 Espanhol \u2013 SESI"},"content":{"rendered":"<p>O Departamento de Gest\u00e3o de Pessoas do Sistema Federa\u00e7\u00e3o das Ind\u00fastrias do Estado do Amazonas (SESI) abre inscri\u00e7\u00f5es para candidatos interessados em participar do processo seletivo para forma\u00e7\u00e3o de cadastro reserva na cidade de Manaus.<\/p>\n<p><a href=\"http:\/\/www.fieam.org.br\/site\/sesi\/files\/2015\/11\/COMUNICADO-DE-PROCESSO-SELETIVO-SESI-Professor-Espanhol-29-11-2015-N\u00ba-0082-2015.pdf\">Fa\u00e7a download do arquivo para obter mais informa\u00e7\u00f5es.<\/a><\/p>\n<p><a href=\"http:\/\/www.fieam.org.br\/site\/sesi\/files\/2015\/11\/CONVOCA\u00c7\u00c3O-PARA-AVALIA\u00c7\u00c3O-TE\u00d3RICA-SESI-Professor-Espanhol-N\u00ba-0082-2015-Lista-de-Selecionados.pdf\">Convoca\u00e7\u00e3o para 2\u00aa ETAPA \u2013 Avalia\u00e7\u00e3o Te\u00f3rica;<\/a><\/p>\n<p><a href=\"http:\/\/www.fieam.org.br\/site\/sesi\/files\/2015\/11\/CONVOCA\u00c7\u00c3O-PARA-3\u00aa-e-4\u00aa-ETAPAS-SESI-Professor-Espanhol-N\u00ba-0082-2015.pdf\">Convoca\u00e7\u00e3o para 3\u00aa e 4\u00aa ETAPAS &#8211; Entrevista T\u00e9cnica e Prova Pr\u00e1tica;<\/a><\/p>\n<p><a href=\"http:\/\/www.fieam.org.br\/site\/sesi\/files\/2015\/11\/21012016Resultado-Final-Professor-ESPANHOL-EJA-N\u00ba-0082-2015.pdf\">Resultado Final.<\/a><\/p>\n","protected":false},"excerpt":{"rendered":"<p>O Departamento de Gest\u00e3o de Pessoas do Sistema Federa\u00e7\u00e3o das Ind\u00fastrias do Estado do Amazonas (SESI) abre inscri\u00e7\u00f5es para candidatos interessados em participar do processo seletivo para forma\u00e7\u00e3o de cadastro reserva na cidade de Manaus. Fa\u00e7a download do arquivo para obter mais informa\u00e7\u00f5es. Convoca\u00e7\u00e3o para 2\u00aa ETAPA \u2013 Avalia\u00e7\u00e3o Te\u00f3rica; Convoca\u00e7\u00e3o para 3\u00aa e 4\u00aa [&hellip;]<\/p>\n","protected":false},"author":1,"featured_media":0,"comment_status":"open","ping_status":"open","sticky":false,"template":"","format":"standard","meta":{"footnotes":""},"categories":[28],"tags":[],"class_list":["post-7803","post","type-post","status-publish","format-standard","hentry","category-selecao"],"yoast_head":"<!-- This site is optimized with the Yoast SEO plugin v28.2 - https:\/\/yoast.com\/product\/yoast-seo-wordpress\/ -->\n<title>ENCERRADO - Processo seletivo n\u00ba 0082-2015 \u2013 Professor \u2013 Espanhol \u2013 SESI - SESI<\/title>\n<meta name=\"robots\" content=\"index, follow, max-snippet:-1, max-image-preview:large, max-video-preview:-1\" \/>\n<link rel=\"canonical\" href=\"https:\/\/fieam.org.br\/sesi\/comunicado-de-processo-seletivo-sesi-professor-espanhol-29-11-2015-no-0082-2015\/\" \/>\n<meta property=\"og:locale\" content=\"pt_BR\" \/>\n<meta property=\"og:type\" content=\"article\" \/>\n<meta property=\"og:title\" content=\"ENCERRADO - Processo seletivo n\u00ba 0082-2015 \u2013 Professor \u2013 Espanhol \u2013 SESI - SESI\" \/>\n<meta property=\"og:description\" content=\"O Departamento de Gest\u00e3o de Pessoas do Sistema Federa\u00e7\u00e3o das Ind\u00fastrias do Estado do Amazonas (SESI) abre inscri\u00e7\u00f5es para candidatos interessados em participar do processo seletivo para forma\u00e7\u00e3o de cadastro reserva na cidade de Manaus. Fa\u00e7a download do arquivo para obter mais informa\u00e7\u00f5es. Convoca\u00e7\u00e3o para 2\u00aa ETAPA \u2013 Avalia\u00e7\u00e3o Te\u00f3rica; Convoca\u00e7\u00e3o para 3\u00aa e 4\u00aa [&hellip;]\" \/>\n<meta property=\"og:url\" content=\"https:\/\/fieam.org.br\/sesi\/comunicado-de-processo-seletivo-sesi-professor-espanhol-29-11-2015-no-0082-2015\/\" \/>\n<meta property=\"og:site_name\" content=\"SESI\" \/>\n<meta property=\"article:published_time\" content=\"2015-11-30T20:24:22+00:00\" \/>\n<meta name=\"author\" content=\"Autor\" \/>\n<meta name=\"twitter:card\" content=\"summary_large_image\" \/>\n<meta name=\"twitter:label1\" content=\"Escrito por\" \/>\n\t<meta name=\"twitter:data1\" content=\"Autor\" \/>\n<script type=\"application\/ld+json\" class=\"yoast-schema-graph\">{\"@context\":\"https:\\\/\\\/schema.org\",\"@graph\":[{\"@type\":\"Article\",\"@id\":\"https:\\\/\\\/fieam.org.br\\\/sesi\\\/comunicado-de-processo-seletivo-sesi-professor-espanhol-29-11-2015-no-0082-2015\\\/#article\",\"isPartOf\":{\"@id\":\"https:\\\/\\\/fieam.org.br\\\/sesi\\\/comunicado-de-processo-seletivo-sesi-professor-espanhol-29-11-2015-no-0082-2015\\\/\"},\"author\":{\"name\":\"Autor\",\"@id\":\"https:\\\/\\\/fieam.org.br\\\/sesi\\\/#\\\/schema\\\/person\\\/f54998dd14d5f0695b41444f2b01c31e\"},\"headline\":\"ENCERRADO &#8211; Processo seletivo n\u00ba 0082-2015 \u2013 Professor \u2013 Espanhol \u2013 SESI\",\"datePublished\":\"2015-11-30T20:24:22+00:00\",\"mainEntityOfPage\":{\"@id\":\"https:\\\/\\\/fieam.org.br\\\/sesi\\\/comunicado-de-processo-seletivo-sesi-professor-espanhol-29-11-2015-no-0082-2015\\\/\"},\"wordCount\":82,\"commentCount\":0,\"publisher\":{\"@id\":\"https:\\\/\\\/fieam.org.br\\\/sesi\\\/#organization\"},\"articleSection\":[\"selecao\"],\"inLanguage\":\"pt-BR\",\"potentialAction\":[{\"@type\":\"CommentAction\",\"name\":\"Comment\",\"target\":[\"https:\\\/\\\/fieam.org.br\\\/sesi\\\/comunicado-de-processo-seletivo-sesi-professor-espanhol-29-11-2015-no-0082-2015\\\/#respond\"]}]},{\"@type\":\"WebPage\",\"@id\":\"https:\\\/\\\/fieam.org.br\\\/sesi\\\/comunicado-de-processo-seletivo-sesi-professor-espanhol-29-11-2015-no-0082-2015\\\/\",\"url\":\"https:\\\/\\\/fieam.org.br\\\/sesi\\\/comunicado-de-processo-seletivo-sesi-professor-espanhol-29-11-2015-no-0082-2015\\\/\",\"name\":\"ENCERRADO - Processo seletivo n\u00ba 0082-2015 \u2013 Professor \u2013 Espanhol \u2013 SESI - SESI\",\"isPartOf\":{\"@id\":\"https:\\\/\\\/fieam.org.br\\\/sesi\\\/#website\"},\"datePublished\":\"2015-11-30T20:24:22+00:00\",\"breadcrumb\":{\"@id\":\"https:\\\/\\\/fieam.org.br\\\/sesi\\\/comunicado-de-processo-seletivo-sesi-professor-espanhol-29-11-2015-no-0082-2015\\\/#breadcrumb\"},\"inLanguage\":\"pt-BR\",\"potentialAction\":[{\"@type\":\"ReadAction\",\"target\":[\"https:\\\/\\\/fieam.org.br\\\/sesi\\\/comunicado-de-processo-seletivo-sesi-professor-espanhol-29-11-2015-no-0082-2015\\\/\"]}]},{\"@type\":\"BreadcrumbList\",\"@id\":\"https:\\\/\\\/fieam.org.br\\\/sesi\\\/comunicado-de-processo-seletivo-sesi-professor-espanhol-29-11-2015-no-0082-2015\\\/#breadcrumb\",\"itemListElement\":[{\"@type\":\"ListItem\",\"position\":1,\"name\":\"In\u00edcio\",\"item\":\"https:\\\/\\\/fieam.org.br\\\/sesi\\\/\"},{\"@type\":\"ListItem\",\"position\":2,\"name\":\"ENCERRADO &#8211; Processo seletivo n\u00ba 0082-2015 \u2013 Professor \u2013 Espanhol \u2013 SESI\"}]},{\"@type\":\"WebSite\",\"@id\":\"https:\\\/\\\/fieam.org.br\\\/sesi\\\/#website\",\"url\":\"https:\\\/\\\/fieam.org.br\\\/sesi\\\/\",\"name\":\"SESI\",\"description\":\"Site Oficial!\",\"publisher\":{\"@id\":\"https:\\\/\\\/fieam.org.br\\\/sesi\\\/#organization\"},\"potentialAction\":[{\"@type\":\"SearchAction\",\"target\":{\"@type\":\"EntryPoint\",\"urlTemplate\":\"https:\\\/\\\/fieam.org.br\\\/sesi\\\/?s={search_term_string}\"},\"query-input\":{\"@type\":\"PropertyValueSpecification\",\"valueRequired\":true,\"valueName\":\"search_term_string\"}}],\"inLanguage\":\"pt-BR\"},{\"@type\":\"Organization\",\"@id\":\"https:\\\/\\\/fieam.org.br\\\/sesi\\\/#organization\",\"name\":\"SESI\",\"url\":\"https:\\\/\\\/fieam.org.br\\\/sesi\\\/\",\"logo\":{\"@type\":\"ImageObject\",\"inLanguage\":\"pt-BR\",\"@id\":\"https:\\\/\\\/fieam.org.br\\\/sesi\\\/#\\\/schema\\\/logo\\\/image\\\/\",\"url\":\"https:\\\/\\\/fieam.org.br\\\/sesi\\\/wp-content\\\/uploads\\\/sites\\\/14\\\/2024\\\/03\\\/cropped-fav.png\",\"contentUrl\":\"https:\\\/\\\/fieam.org.br\\\/sesi\\\/wp-content\\\/uploads\\\/sites\\\/14\\\/2024\\\/03\\\/cropped-fav.png\",\"width\":610,\"height\":589,\"caption\":\"SESI\"},\"image\":{\"@id\":\"https:\\\/\\\/fieam.org.br\\\/sesi\\\/#\\\/schema\\\/logo\\\/image\\\/\"}},{\"@type\":\"Person\",\"@id\":\"https:\\\/\\\/fieam.org.br\\\/sesi\\\/#\\\/schema\\\/person\\\/f54998dd14d5f0695b41444f2b01c31e\",\"name\":\"Autor\",\"image\":{\"@type\":\"ImageObject\",\"inLanguage\":\"pt-BR\",\"@id\":\"https:\\\/\\\/secure.gravatar.com\\\/avatar\\\/3732c223e0e1fad69062a8f770955c9068d37b055204f310a0be18d4069fe380?s=96&d=mm&r=g\",\"url\":\"https:\\\/\\\/secure.gravatar.com\\\/avatar\\\/3732c223e0e1fad69062a8f770955c9068d37b055204f310a0be18d4069fe380?s=96&d=mm&r=g\",\"contentUrl\":\"https:\\\/\\\/secure.gravatar.com\\\/avatar\\\/3732c223e0e1fad69062a8f770955c9068d37b055204f310a0be18d4069fe380?s=96&d=mm&r=g\",\"caption\":\"Autor\"},\"sameAs\":[\"https:\\\/\\\/marketingmassivo.com.br\"],\"url\":\"https:\\\/\\\/fieam.org.br\\\/sesi\\\/author\\\/admin\\\/\"}]}<\/script>\n<!-- \/ Yoast SEO plugin. -->","yoast_head_json":{"title":"ENCERRADO - Processo seletivo n\u00ba 0082-2015 \u2013 Professor \u2013 Espanhol \u2013 SESI - SESI","robots":{"index":"index","follow":"follow","max-snippet":"max-snippet:-1","max-image-preview":"max-image-preview:large","max-video-preview":"max-video-preview:-1"},"canonical":"https:\/\/fieam.org.br\/sesi\/comunicado-de-processo-seletivo-sesi-professor-espanhol-29-11-2015-no-0082-2015\/","og_locale":"pt_BR","og_type":"article","og_title":"ENCERRADO - Processo seletivo n\u00ba 0082-2015 \u2013 Professor \u2013 Espanhol \u2013 SESI - SESI","og_description":"O Departamento de Gest\u00e3o de Pessoas do Sistema Federa\u00e7\u00e3o das Ind\u00fastrias do Estado do Amazonas (SESI) abre inscri\u00e7\u00f5es para candidatos interessados em participar do processo seletivo para forma\u00e7\u00e3o de cadastro reserva na cidade de Manaus. Fa\u00e7a download do arquivo para obter mais informa\u00e7\u00f5es. Convoca\u00e7\u00e3o para 2\u00aa ETAPA \u2013 Avalia\u00e7\u00e3o Te\u00f3rica; Convoca\u00e7\u00e3o para 3\u00aa e 4\u00aa [&hellip;]","og_url":"https:\/\/fieam.org.br\/sesi\/comunicado-de-processo-seletivo-sesi-professor-espanhol-29-11-2015-no-0082-2015\/","og_site_name":"SESI","article_published_time":"2015-11-30T20:24:22+00:00","author":"Autor","twitter_card":"summary_large_image","twitter_misc":{"Escrito por":"Autor"},"schema":{"@context":"https:\/\/schema.org","@graph":[{"@type":"Article","@id":"https:\/\/fieam.org.br\/sesi\/comunicado-de-processo-seletivo-sesi-professor-espanhol-29-11-2015-no-0082-2015\/#article","isPartOf":{"@id":"https:\/\/fieam.org.br\/sesi\/comunicado-de-processo-seletivo-sesi-professor-espanhol-29-11-2015-no-0082-2015\/"},"author":{"name":"Autor","@id":"https:\/\/fieam.org.br\/sesi\/#\/schema\/person\/f54998dd14d5f0695b41444f2b01c31e"},"headline":"ENCERRADO &#8211; Processo seletivo n\u00ba 0082-2015 \u2013 Professor \u2013 Espanhol \u2013 SESI","datePublished":"2015-11-30T20:24:22+00:00","mainEntityOfPage":{"@id":"https:\/\/fieam.org.br\/sesi\/comunicado-de-processo-seletivo-sesi-professor-espanhol-29-11-2015-no-0082-2015\/"},"wordCount":82,"commentCount":0,"publisher":{"@id":"https:\/\/fieam.org.br\/sesi\/#organization"},"articleSection":["selecao"],"inLanguage":"pt-BR","potentialAction":[{"@type":"CommentAction","name":"Comment","target":["https:\/\/fieam.org.br\/sesi\/comunicado-de-processo-seletivo-sesi-professor-espanhol-29-11-2015-no-0082-2015\/#respond"]}]},{"@type":"WebPage","@id":"https:\/\/fieam.org.br\/sesi\/comunicado-de-processo-seletivo-sesi-professor-espanhol-29-11-2015-no-0082-2015\/","url":"https:\/\/fieam.org.br\/sesi\/comunicado-de-processo-seletivo-sesi-professor-espanhol-29-11-2015-no-0082-2015\/","name":"ENCERRADO - Processo seletivo n\u00ba 0082-2015 \u2013 Professor \u2013 Espanhol \u2013 SESI - SESI","isPartOf":{"@id":"https:\/\/fieam.org.br\/sesi\/#website"},"datePublished":"2015-11-30T20:24:22+00:00","breadcrumb":{"@id":"https:\/\/fieam.org.br\/sesi\/comunicado-de-processo-seletivo-sesi-professor-espanhol-29-11-2015-no-0082-2015\/#breadcrumb"},"inLanguage":"pt-BR","potentialAction":[{"@type":"ReadAction","target":["https:\/\/fieam.org.br\/sesi\/comunicado-de-processo-seletivo-sesi-professor-espanhol-29-11-2015-no-0082-2015\/"]}]},{"@type":"BreadcrumbList","@id":"https:\/\/fieam.org.br\/sesi\/comunicado-de-processo-seletivo-sesi-professor-espanhol-29-11-2015-no-0082-2015\/#breadcrumb","itemListElement":[{"@type":"ListItem","position":1,"name":"In\u00edcio","item":"https:\/\/fieam.org.br\/sesi\/"},{"@type":"ListItem","position":2,"name":"ENCERRADO &#8211; Processo seletivo n\u00ba 0082-2015 \u2013 Professor \u2013 Espanhol \u2013 SESI"}]},{"@type":"WebSite","@id":"https:\/\/fieam.org.br\/sesi\/#website","url":"https:\/\/fieam.org.br\/sesi\/","name":"SESI","description":"Site Oficial!","publisher":{"@id":"https:\/\/fieam.org.br\/sesi\/#organization"},"potentialAction":[{"@type":"SearchAction","target":{"@type":"EntryPoint","urlTemplate":"https:\/\/fieam.org.br\/sesi\/?s={search_term_string}"},"query-input":{"@type":"PropertyValueSpecification","valueRequired":true,"valueName":"search_term_string"}}],"inLanguage":"pt-BR"},{"@type":"Organization","@id":"https:\/\/fieam.org.br\/sesi\/#organization","name":"SESI","url":"https:\/\/fieam.org.br\/sesi\/","logo":{"@type":"ImageObject","inLanguage":"pt-BR","@id":"https:\/\/fieam.org.br\/sesi\/#\/schema\/logo\/image\/","url":"https:\/\/fieam.org.br\/sesi\/wp-content\/uploads\/sites\/14\/2024\/03\/cropped-fav.png","contentUrl":"https:\/\/fieam.org.br\/sesi\/wp-content\/uploads\/sites\/14\/2024\/03\/cropped-fav.png","width":610,"height":589,"caption":"SESI"},"image":{"@id":"https:\/\/fieam.org.br\/sesi\/#\/schema\/logo\/image\/"}},{"@type":"Person","@id":"https:\/\/fieam.org.br\/sesi\/#\/schema\/person\/f54998dd14d5f0695b41444f2b01c31e","name":"Autor","image":{"@type":"ImageObject","inLanguage":"pt-BR","@id":"https:\/\/secure.gravatar.com\/avatar\/3732c223e0e1fad69062a8f770955c9068d37b055204f310a0be18d4069fe380?s=96&d=mm&r=g","url":"https:\/\/secure.gravatar.com\/avatar\/3732c223e0e1fad69062a8f770955c9068d37b055204f310a0be18d4069fe380?s=96&d=mm&r=g","contentUrl":"https:\/\/secure.gravatar.com\/avatar\/3732c223e0e1fad69062a8f770955c9068d37b055204f310a0be18d4069fe380?s=96&d=mm&r=g","caption":"Autor"},"sameAs":["https:\/\/marketingmassivo.com.br"],"url":"https:\/\/fieam.org.br\/sesi\/author\/admin\/"}]}},"_links":{"self":[{"href":"https:\/\/fieam.org.br\/sesi\/wp-json\/wp\/v2\/posts\/7803","targetHints":{"allow":["GET"]}}],"collection":[{"href":"https:\/\/fieam.org.br\/sesi\/wp-json\/wp\/v2\/posts"}],"about":[{"href":"https:\/\/fieam.org.br\/sesi\/wp-json\/wp\/v2\/types\/post"}],"author":[{"embeddable":true,"href":"https:\/\/fieam.org.br\/sesi\/wp-json\/wp\/v2\/users\/1"}],"replies":[{"embeddable":true,"href":"https:\/\/fieam.org.br\/sesi\/wp-json\/wp\/v2\/comments?post=7803"}],"version-history":[{"count":0,"href":"https:\/\/fieam.org.br\/sesi\/wp-json\/wp\/v2\/posts\/7803\/revisions"}],"wp:attachment":[{"href":"https:\/\/fieam.org.br\/sesi\/wp-json\/wp\/v2\/media?parent=7803"}],"wp:term":[{"taxonomy":"category","embeddable":true,"href":"https:\/\/fieam.org.br\/sesi\/wp-json\/wp\/v2\/categories?post=7803"},{"taxonomy":"post_tag","embeddable":true,"href":"https:\/\/fieam.org.br\/sesi\/wp-json\/wp\/v2\/tags?post=7803"}],"curies":[{"name":"wp","href":"https:\/\/api.w.org\/{rel}","templated":true}]}}