{"id":7801,"date":"2015-11-25T19:54:02","date_gmt":"2015-11-25T19:54:02","guid":{"rendered":"http:\/\/www.fieam.org.br\/site\/sesi\/?p=7629"},"modified":"2015-11-25T19:54:02","modified_gmt":"2015-11-25T19:54:02","slug":"sesi-alerta-para-a-prevencao-a-aids","status":"publish","type":"post","link":"https:\/\/fieam.org.br\/sesi\/sesi-alerta-para-a-prevencao-a-aids\/","title":{"rendered":"SESI alerta para a preven\u00e7\u00e3o \u00e0 Aids"},"content":{"rendered":"<p>Na ter\u00e7a-feira, 1\u00ba de dezembro, comemora-se o Dia Mundial de Luta Contra a Aids. Para conscientizar as pessoas da import\u00e2ncia da preven\u00e7\u00e3o ao HIV, o Servi\u00e7o Social da Ind\u00fastria (SESI Amazonas) realiza campanhas de conscientiza\u00e7\u00e3o para trabalhadores nas empresas do Polo Industrial de Manaus (PIM) e para comunidade nas depend\u00eancias do SESISA\u00daDE com a distribui\u00e7\u00e3o de folhetos informativos e preservativos.<\/p>\n<p>De acordo com a Secretaria de Estado de Sa\u00fade (Susam), no Amazonas, foram registrados cerca de 11 mil casos da doen\u00e7a, entre 1986 e 2014. Dados da Organiza\u00e7\u00e3o Mundial de Sa\u00fade apontam mais de 34 milh\u00f5es de pessoas mortas devido a problemas de sa\u00fade relacionados com a AIDS.<\/p>\n<p>A dermatologista do SESI, Adriana Oliveira, disse que a Aids \u00e9\u00a0 uma doen\u00e7a que preocupa as autoridades\u00a0 m\u00e9dicas e que n\u00e3o tem cura, mas\u00a0 tem tratamento e que pode ser evitada com uso de preservativos, mas que o HIV pode ser transmitido tamb\u00e9m por seringas e agulhas contaminadas de sangue, na gravidez, de m\u00e3e para o filho e no parto, esclarecendo que aperto de m\u00e3o, abra\u00e7o, uso do mesmo copo, sabonetes e toalhas\u00a0 n\u00e3o transmitem o v\u00edrus da doen\u00e7a.<\/p>\n<p>A dermatologista disse tamb\u00e9m que doen\u00e7a leva \u00e0 morte se n\u00e3o for tratada e que as medica\u00e7\u00f5es s\u00e3o distribu\u00eddas pelo Minist\u00e9rio da Sa\u00fade, gratuitamente, a todas as pessoas infectadas.\u00a0 De acordo com Adriana, ap\u00f3s uma rela\u00e7\u00e3o sexual sem uso de preservativos e nas rela\u00e7\u00f5es com v\u00e1rios parceiros, as pessoas devem realizar o exame de HIV entre 30 e 120 dias depois da rela\u00e7\u00e3o sexual e que quanto mais parceiros, maiores s\u00e3o as possibilidades de transmiss\u00e3o da doen\u00e7a.<\/p>\n<p>\u201cN\u00e3o adianta fazer o exame logo em seguida a rela\u00e7\u00e3o desprevenida, porque existe uma janela para que o diagn\u00f3stico seja correto\u201d, disse. Segundo a especialista, uma pessoa pode ter o v\u00edrus HIV, mas n\u00e3o ser portadora de Aids e que existem homens e mulheres vivendo normalmente h\u00e1 mais de 30 anos com o v\u00edrus e gra\u00e7as ao tratamento, ressaltando que v\u00e1rias mulheres com o v\u00edrus tiveram filhos sadios porque realizaram um parto seguro e\u00a0 o pr\u00e9-natal.<\/p>\n<p>Ela disse tamb\u00e9m que, no in\u00edcio, a Aids atingia apenas pequenos grupos como homossexuais e profissionais do sexo, mas que agora atinge outros segmentos como jovens e adolescentes, e que o caminho \u00e9 a preven\u00e7\u00e3o, e que a informa\u00e7\u00e3o \u00e9 libertadora, porque possibilita a pessoa se prevenir e at\u00e9 cuidar de uma pessoa com a doen\u00e7a. Disse ainda que a Aids se caracteriza por um conjunto de sintomas, como mal-estar geral, febre baixa e manchas no corpo, e que n\u00e3o tem cara, \u00e9 uma doen\u00e7a de comportamento..<\/p>\n<p>A dermatologista Adriana Oliveira atende no pr\u00e9dio do SESISA\u00daDE, Av. Get\u00falio Vargas, 1116, as segundas e quartas, a partir das 8 horas e\u00a0 na sexta, a partir das 14 horas. Informa\u00e7\u00f5es pelo telefone 3186 6610.<\/p>\n<p>[nggallery id=304]<\/p>\n","protected":false},"excerpt":{"rendered":"<p>Na ter\u00e7a-feira, 1\u00ba de dezembro, comemora-se o Dia Mundial de Luta Contra a Aids. Para conscientizar as pessoas da import\u00e2ncia da preven\u00e7\u00e3o ao HIV, o Servi\u00e7o Social da Ind\u00fastria (SESI Amazonas) realiza campanhas de conscientiza\u00e7\u00e3o para trabalhadores nas empresas do Polo Industrial de Manaus (PIM) e para comunidade nas depend\u00eancias do SESISA\u00daDE com a distribui\u00e7\u00e3o [&hellip;]<\/p>\n","protected":false},"author":1,"featured_media":0,"comment_status":"open","ping_status":"open","sticky":false,"template":"","format":"standard","meta":{"footnotes":""},"categories":[25],"tags":[],"class_list":["post-7801","post","type-post","status-publish","format-standard","hentry","category-news"],"yoast_head":"<!-- This site is optimized with the Yoast SEO plugin v28.2 - https:\/\/yoast.com\/product\/yoast-seo-wordpress\/ -->\n<title>SESI alerta para a preven\u00e7\u00e3o \u00e0 Aids - SESI<\/title>\n<meta name=\"robots\" content=\"index, follow, max-snippet:-1, max-image-preview:large, max-video-preview:-1\" \/>\n<link rel=\"canonical\" href=\"https:\/\/fieam.org.br\/sesi\/sesi-alerta-para-a-prevencao-a-aids\/\" \/>\n<meta property=\"og:locale\" content=\"pt_BR\" \/>\n<meta property=\"og:type\" content=\"article\" \/>\n<meta property=\"og:title\" content=\"SESI alerta para a preven\u00e7\u00e3o \u00e0 Aids - SESI\" \/>\n<meta property=\"og:description\" content=\"Na ter\u00e7a-feira, 1\u00ba de dezembro, comemora-se o Dia Mundial de Luta Contra a Aids. Para conscientizar as pessoas da import\u00e2ncia da preven\u00e7\u00e3o ao HIV, o Servi\u00e7o Social da Ind\u00fastria (SESI Amazonas) realiza campanhas de conscientiza\u00e7\u00e3o para trabalhadores nas empresas do Polo Industrial de Manaus (PIM) e para comunidade nas depend\u00eancias do SESISA\u00daDE com a distribui\u00e7\u00e3o [&hellip;]\" \/>\n<meta property=\"og:url\" content=\"https:\/\/fieam.org.br\/sesi\/sesi-alerta-para-a-prevencao-a-aids\/\" \/>\n<meta property=\"og:site_name\" content=\"SESI\" \/>\n<meta property=\"article:published_time\" content=\"2015-11-25T19:54:02+00:00\" \/>\n<meta name=\"author\" content=\"Autor\" \/>\n<meta name=\"twitter:card\" content=\"summary_large_image\" \/>\n<meta name=\"twitter:label1\" content=\"Escrito por\" \/>\n\t<meta name=\"twitter:data1\" content=\"Autor\" \/>\n\t<meta name=\"twitter:label2\" content=\"Est. tempo de leitura\" \/>\n\t<meta name=\"twitter:data2\" content=\"3 minutos\" \/>\n<script type=\"application\/ld+json\" class=\"yoast-schema-graph\">{\"@context\":\"https:\\\/\\\/schema.org\",\"@graph\":[{\"@type\":\"Article\",\"@id\":\"https:\\\/\\\/fieam.org.br\\\/sesi\\\/sesi-alerta-para-a-prevencao-a-aids\\\/#article\",\"isPartOf\":{\"@id\":\"https:\\\/\\\/fieam.org.br\\\/sesi\\\/sesi-alerta-para-a-prevencao-a-aids\\\/\"},\"author\":{\"name\":\"Autor\",\"@id\":\"https:\\\/\\\/fieam.org.br\\\/sesi\\\/#\\\/schema\\\/person\\\/f54998dd14d5f0695b41444f2b01c31e\"},\"headline\":\"SESI alerta para a preven\u00e7\u00e3o \u00e0 Aids\",\"datePublished\":\"2015-11-25T19:54:02+00:00\",\"mainEntityOfPage\":{\"@id\":\"https:\\\/\\\/fieam.org.br\\\/sesi\\\/sesi-alerta-para-a-prevencao-a-aids\\\/\"},\"wordCount\":515,\"commentCount\":0,\"publisher\":{\"@id\":\"https:\\\/\\\/fieam.org.br\\\/sesi\\\/#organization\"},\"articleSection\":[\"News\"],\"inLanguage\":\"pt-BR\",\"potentialAction\":[{\"@type\":\"CommentAction\",\"name\":\"Comment\",\"target\":[\"https:\\\/\\\/fieam.org.br\\\/sesi\\\/sesi-alerta-para-a-prevencao-a-aids\\\/#respond\"]}]},{\"@type\":\"WebPage\",\"@id\":\"https:\\\/\\\/fieam.org.br\\\/sesi\\\/sesi-alerta-para-a-prevencao-a-aids\\\/\",\"url\":\"https:\\\/\\\/fieam.org.br\\\/sesi\\\/sesi-alerta-para-a-prevencao-a-aids\\\/\",\"name\":\"SESI alerta para a preven\u00e7\u00e3o \u00e0 Aids - SESI\",\"isPartOf\":{\"@id\":\"https:\\\/\\\/fieam.org.br\\\/sesi\\\/#website\"},\"datePublished\":\"2015-11-25T19:54:02+00:00\",\"breadcrumb\":{\"@id\":\"https:\\\/\\\/fieam.org.br\\\/sesi\\\/sesi-alerta-para-a-prevencao-a-aids\\\/#breadcrumb\"},\"inLanguage\":\"pt-BR\",\"potentialAction\":[{\"@type\":\"ReadAction\",\"target\":[\"https:\\\/\\\/fieam.org.br\\\/sesi\\\/sesi-alerta-para-a-prevencao-a-aids\\\/\"]}]},{\"@type\":\"BreadcrumbList\",\"@id\":\"https:\\\/\\\/fieam.org.br\\\/sesi\\\/sesi-alerta-para-a-prevencao-a-aids\\\/#breadcrumb\",\"itemListElement\":[{\"@type\":\"ListItem\",\"position\":1,\"name\":\"In\u00edcio\",\"item\":\"https:\\\/\\\/fieam.org.br\\\/sesi\\\/\"},{\"@type\":\"ListItem\",\"position\":2,\"name\":\"SESI alerta para a preven\u00e7\u00e3o \u00e0 Aids\"}]},{\"@type\":\"WebSite\",\"@id\":\"https:\\\/\\\/fieam.org.br\\\/sesi\\\/#website\",\"url\":\"https:\\\/\\\/fieam.org.br\\\/sesi\\\/\",\"name\":\"SESI\",\"description\":\"Site Oficial!\",\"publisher\":{\"@id\":\"https:\\\/\\\/fieam.org.br\\\/sesi\\\/#organization\"},\"potentialAction\":[{\"@type\":\"SearchAction\",\"target\":{\"@type\":\"EntryPoint\",\"urlTemplate\":\"https:\\\/\\\/fieam.org.br\\\/sesi\\\/?s={search_term_string}\"},\"query-input\":{\"@type\":\"PropertyValueSpecification\",\"valueRequired\":true,\"valueName\":\"search_term_string\"}}],\"inLanguage\":\"pt-BR\"},{\"@type\":\"Organization\",\"@id\":\"https:\\\/\\\/fieam.org.br\\\/sesi\\\/#organization\",\"name\":\"SESI\",\"url\":\"https:\\\/\\\/fieam.org.br\\\/sesi\\\/\",\"logo\":{\"@type\":\"ImageObject\",\"inLanguage\":\"pt-BR\",\"@id\":\"https:\\\/\\\/fieam.org.br\\\/sesi\\\/#\\\/schema\\\/logo\\\/image\\\/\",\"url\":\"https:\\\/\\\/fieam.org.br\\\/sesi\\\/wp-content\\\/uploads\\\/sites\\\/14\\\/2024\\\/03\\\/cropped-fav.png\",\"contentUrl\":\"https:\\\/\\\/fieam.org.br\\\/sesi\\\/wp-content\\\/uploads\\\/sites\\\/14\\\/2024\\\/03\\\/cropped-fav.png\",\"width\":610,\"height\":589,\"caption\":\"SESI\"},\"image\":{\"@id\":\"https:\\\/\\\/fieam.org.br\\\/sesi\\\/#\\\/schema\\\/logo\\\/image\\\/\"}},{\"@type\":\"Person\",\"@id\":\"https:\\\/\\\/fieam.org.br\\\/sesi\\\/#\\\/schema\\\/person\\\/f54998dd14d5f0695b41444f2b01c31e\",\"name\":\"Autor\",\"image\":{\"@type\":\"ImageObject\",\"inLanguage\":\"pt-BR\",\"@id\":\"https:\\\/\\\/secure.gravatar.com\\\/avatar\\\/3732c223e0e1fad69062a8f770955c9068d37b055204f310a0be18d4069fe380?s=96&d=mm&r=g\",\"url\":\"https:\\\/\\\/secure.gravatar.com\\\/avatar\\\/3732c223e0e1fad69062a8f770955c9068d37b055204f310a0be18d4069fe380?s=96&d=mm&r=g\",\"contentUrl\":\"https:\\\/\\\/secure.gravatar.com\\\/avatar\\\/3732c223e0e1fad69062a8f770955c9068d37b055204f310a0be18d4069fe380?s=96&d=mm&r=g\",\"caption\":\"Autor\"},\"sameAs\":[\"https:\\\/\\\/marketingmassivo.com.br\"],\"url\":\"https:\\\/\\\/fieam.org.br\\\/sesi\\\/author\\\/admin\\\/\"}]}<\/script>\n<!-- \/ Yoast SEO plugin. -->","yoast_head_json":{"title":"SESI alerta para a preven\u00e7\u00e3o \u00e0 Aids - SESI","robots":{"index":"index","follow":"follow","max-snippet":"max-snippet:-1","max-image-preview":"max-image-preview:large","max-video-preview":"max-video-preview:-1"},"canonical":"https:\/\/fieam.org.br\/sesi\/sesi-alerta-para-a-prevencao-a-aids\/","og_locale":"pt_BR","og_type":"article","og_title":"SESI alerta para a preven\u00e7\u00e3o \u00e0 Aids - SESI","og_description":"Na ter\u00e7a-feira, 1\u00ba de dezembro, comemora-se o Dia Mundial de Luta Contra a Aids. Para conscientizar as pessoas da import\u00e2ncia da preven\u00e7\u00e3o ao HIV, o Servi\u00e7o Social da Ind\u00fastria (SESI Amazonas) realiza campanhas de conscientiza\u00e7\u00e3o para trabalhadores nas empresas do Polo Industrial de Manaus (PIM) e para comunidade nas depend\u00eancias do SESISA\u00daDE com a distribui\u00e7\u00e3o [&hellip;]","og_url":"https:\/\/fieam.org.br\/sesi\/sesi-alerta-para-a-prevencao-a-aids\/","og_site_name":"SESI","article_published_time":"2015-11-25T19:54:02+00:00","author":"Autor","twitter_card":"summary_large_image","twitter_misc":{"Escrito por":"Autor","Est. tempo de leitura":"3 minutos"},"schema":{"@context":"https:\/\/schema.org","@graph":[{"@type":"Article","@id":"https:\/\/fieam.org.br\/sesi\/sesi-alerta-para-a-prevencao-a-aids\/#article","isPartOf":{"@id":"https:\/\/fieam.org.br\/sesi\/sesi-alerta-para-a-prevencao-a-aids\/"},"author":{"name":"Autor","@id":"https:\/\/fieam.org.br\/sesi\/#\/schema\/person\/f54998dd14d5f0695b41444f2b01c31e"},"headline":"SESI alerta para a preven\u00e7\u00e3o \u00e0 Aids","datePublished":"2015-11-25T19:54:02+00:00","mainEntityOfPage":{"@id":"https:\/\/fieam.org.br\/sesi\/sesi-alerta-para-a-prevencao-a-aids\/"},"wordCount":515,"commentCount":0,"publisher":{"@id":"https:\/\/fieam.org.br\/sesi\/#organization"},"articleSection":["News"],"inLanguage":"pt-BR","potentialAction":[{"@type":"CommentAction","name":"Comment","target":["https:\/\/fieam.org.br\/sesi\/sesi-alerta-para-a-prevencao-a-aids\/#respond"]}]},{"@type":"WebPage","@id":"https:\/\/fieam.org.br\/sesi\/sesi-alerta-para-a-prevencao-a-aids\/","url":"https:\/\/fieam.org.br\/sesi\/sesi-alerta-para-a-prevencao-a-aids\/","name":"SESI alerta para a preven\u00e7\u00e3o \u00e0 Aids - SESI","isPartOf":{"@id":"https:\/\/fieam.org.br\/sesi\/#website"},"datePublished":"2015-11-25T19:54:02+00:00","breadcrumb":{"@id":"https:\/\/fieam.org.br\/sesi\/sesi-alerta-para-a-prevencao-a-aids\/#breadcrumb"},"inLanguage":"pt-BR","potentialAction":[{"@type":"ReadAction","target":["https:\/\/fieam.org.br\/sesi\/sesi-alerta-para-a-prevencao-a-aids\/"]}]},{"@type":"BreadcrumbList","@id":"https:\/\/fieam.org.br\/sesi\/sesi-alerta-para-a-prevencao-a-aids\/#breadcrumb","itemListElement":[{"@type":"ListItem","position":1,"name":"In\u00edcio","item":"https:\/\/fieam.org.br\/sesi\/"},{"@type":"ListItem","position":2,"name":"SESI alerta para a preven\u00e7\u00e3o \u00e0 Aids"}]},{"@type":"WebSite","@id":"https:\/\/fieam.org.br\/sesi\/#website","url":"https:\/\/fieam.org.br\/sesi\/","name":"SESI","description":"Site Oficial!","publisher":{"@id":"https:\/\/fieam.org.br\/sesi\/#organization"},"potentialAction":[{"@type":"SearchAction","target":{"@type":"EntryPoint","urlTemplate":"https:\/\/fieam.org.br\/sesi\/?s={search_term_string}"},"query-input":{"@type":"PropertyValueSpecification","valueRequired":true,"valueName":"search_term_string"}}],"inLanguage":"pt-BR"},{"@type":"Organization","@id":"https:\/\/fieam.org.br\/sesi\/#organization","name":"SESI","url":"https:\/\/fieam.org.br\/sesi\/","logo":{"@type":"ImageObject","inLanguage":"pt-BR","@id":"https:\/\/fieam.org.br\/sesi\/#\/schema\/logo\/image\/","url":"https:\/\/fieam.org.br\/sesi\/wp-content\/uploads\/sites\/14\/2024\/03\/cropped-fav.png","contentUrl":"https:\/\/fieam.org.br\/sesi\/wp-content\/uploads\/sites\/14\/2024\/03\/cropped-fav.png","width":610,"height":589,"caption":"SESI"},"image":{"@id":"https:\/\/fieam.org.br\/sesi\/#\/schema\/logo\/image\/"}},{"@type":"Person","@id":"https:\/\/fieam.org.br\/sesi\/#\/schema\/person\/f54998dd14d5f0695b41444f2b01c31e","name":"Autor","image":{"@type":"ImageObject","inLanguage":"pt-BR","@id":"https:\/\/secure.gravatar.com\/avatar\/3732c223e0e1fad69062a8f770955c9068d37b055204f310a0be18d4069fe380?s=96&d=mm&r=g","url":"https:\/\/secure.gravatar.com\/avatar\/3732c223e0e1fad69062a8f770955c9068d37b055204f310a0be18d4069fe380?s=96&d=mm&r=g","contentUrl":"https:\/\/secure.gravatar.com\/avatar\/3732c223e0e1fad69062a8f770955c9068d37b055204f310a0be18d4069fe380?s=96&d=mm&r=g","caption":"Autor"},"sameAs":["https:\/\/marketingmassivo.com.br"],"url":"https:\/\/fieam.org.br\/sesi\/author\/admin\/"}]}},"_links":{"self":[{"href":"https:\/\/fieam.org.br\/sesi\/wp-json\/wp\/v2\/posts\/7801","targetHints":{"allow":["GET"]}}],"collection":[{"href":"https:\/\/fieam.org.br\/sesi\/wp-json\/wp\/v2\/posts"}],"about":[{"href":"https:\/\/fieam.org.br\/sesi\/wp-json\/wp\/v2\/types\/post"}],"author":[{"embeddable":true,"href":"https:\/\/fieam.org.br\/sesi\/wp-json\/wp\/v2\/users\/1"}],"replies":[{"embeddable":true,"href":"https:\/\/fieam.org.br\/sesi\/wp-json\/wp\/v2\/comments?post=7801"}],"version-history":[{"count":0,"href":"https:\/\/fieam.org.br\/sesi\/wp-json\/wp\/v2\/posts\/7801\/revisions"}],"wp:attachment":[{"href":"https:\/\/fieam.org.br\/sesi\/wp-json\/wp\/v2\/media?parent=7801"}],"wp:term":[{"taxonomy":"category","embeddable":true,"href":"https:\/\/fieam.org.br\/sesi\/wp-json\/wp\/v2\/categories?post=7801"},{"taxonomy":"post_tag","embeddable":true,"href":"https:\/\/fieam.org.br\/sesi\/wp-json\/wp\/v2\/tags?post=7801"}],"curies":[{"name":"wp","href":"https:\/\/api.w.org\/{rel}","templated":true}]}}