{"id":7596,"date":"2015-11-11T20:26:43","date_gmt":"2015-11-11T20:26:43","guid":{"rendered":"http:\/\/www.fieam.org.br\/site\/sesi\/?p=7596"},"modified":"2015-11-11T20:26:43","modified_gmt":"2015-11-11T20:26:43","slug":"sesi-forma-terceira-turma-do-programa-viravida","status":"publish","type":"post","link":"https:\/\/fieam.org.br\/sesi\/sesi-forma-terceira-turma-do-programa-viravida\/","title":{"rendered":"SESI forma terceira turma do Programa ViraVida"},"content":{"rendered":"<p>O Servi\u00e7o Social da Ind\u00fastria (SESI Amazonas) vai formar 28 alunos do Programa ViraVida na quinta-feira (12), \u00e0s 15 horas, no audit\u00f3rio Gilberto Mendes, localizado no edif\u00edcio Raimar Aguiar (Avenida Joaquim Nabuco,1919, Centro).<\/p>\n<p>Em funcionamento desde 2012, o programa em Manaus j\u00e1 devolveu autoestima e dignidade para mais de 70 jovens. Os 28 formandos (20 meninas e oito meninos), com idade entre 16 e 21 anos, receberam um ano de capacita\u00e7\u00e3o profissional, por meio de cursos t\u00e9cnicos de operador de computadores e montador\/reparador de computadores.<\/p>\n<p>Al\u00e9m da forma\u00e7\u00e3o profissional, os alunos acolhidos pelo ViraVida receberam assist\u00eancia psicol\u00f3gica, por meio de a\u00e7\u00f5es que consistem em atividades como rodas de conversas, eleva\u00e7\u00e3o da autoestima e autogest\u00e3o. A educa\u00e7\u00e3o continuada tamb\u00e9m fez parte da programa\u00e7\u00e3o s\u00f3cio inclusiva que os adolescentes receberam, de segunda-feira a sexta-feira, em hor\u00e1rio integral no projeto.<\/p>\n<p>A coordenadora do Programa, Irinea Oliveira, diz que ap\u00f3s a formatura os 28 \u201cfilhos\u201d do ViraVida ainda ter\u00e3o acompanhamento psicol\u00f3gico e de inser\u00e7\u00e3o ao mercado de trabalho.<\/p>\n<p>Cumprido o per\u00edodo de desenvolvimento humano e profissional, inicia-se a 2\u00aa etapa, fase em que ajuda o aluno do ViraVida a entrar no mercado de trabalho. \u201cN\u00e3o capacitamos somente o ser humano, mas tamb\u00e9m o profissional, a mudan\u00e7a de vida \u00e9 total\u201d, revela a coordenadora.<\/p>\n<p>Segundo Oliveira, os alunos recebem uma bolsa no valor de R$ 500,00 mensais como colabora\u00e7\u00e3o na alimenta\u00e7\u00e3o e transporte por conta da vulnerabilidade social e entidades, como Casa Mam\u00e3e Margarida e Conselhos Tutelares, auxiliam como parceiros dos alunos egressos do programa.<\/p>\n<p>&nbsp;<\/p>\n<div>\n<div>\n<div>\n<div>\n<div>\n<div>\n<div>\n<p><b><br \/>\nDiretoria de Comunica\u00e7\u00e3o e Marketing do Sistema FIEAM<\/b><\/p>\n<\/div>\n<div>\n<p><a href=\"mailto:acs@fieam.org.br\" rel=\"noreferrer\">acs@fieam.org.br<\/a><br \/>\n(92) 3186-6576<\/p>\n<\/div>\n<\/div>\n<\/div>\n<\/div>\n<\/div>\n<\/div>\n<\/div>\n","protected":false},"excerpt":{"rendered":"<p>O Servi\u00e7o Social da Ind\u00fastria (SESI Amazonas) vai formar 28 alunos do Programa ViraVida na quinta-feira (12), \u00e0s 15 horas, no audit\u00f3rio Gilberto Mendes, localizado no edif\u00edcio Raimar Aguiar (Avenida Joaquim Nabuco,1919, Centro). Em funcionamento desde 2012, o programa em Manaus j\u00e1 devolveu autoestima e dignidade para mais de 70 jovens. Os 28 formandos (20 [&hellip;]<\/p>\n","protected":false},"author":1,"featured_media":7790,"comment_status":"open","ping_status":"open","sticky":false,"template":"","format":"standard","meta":{"footnotes":""},"categories":[25],"tags":[],"class_list":["post-7596","post","type-post","status-publish","format-standard","has-post-thumbnail","hentry","category-news"],"yoast_head":"<!-- This site is optimized with the Yoast SEO plugin v28.2 - https:\/\/yoast.com\/product\/yoast-seo-wordpress\/ -->\n<title>SESI forma terceira turma do Programa ViraVida - SESI<\/title>\n<meta name=\"robots\" content=\"index, follow, max-snippet:-1, max-image-preview:large, max-video-preview:-1\" \/>\n<link rel=\"canonical\" href=\"https:\/\/fieam.org.br\/sesi\/sesi-forma-terceira-turma-do-programa-viravida\/\" \/>\n<meta property=\"og:locale\" content=\"pt_BR\" \/>\n<meta property=\"og:type\" content=\"article\" \/>\n<meta property=\"og:title\" content=\"SESI forma terceira turma do Programa ViraVida - SESI\" \/>\n<meta property=\"og:description\" content=\"O Servi\u00e7o Social da Ind\u00fastria (SESI Amazonas) vai formar 28 alunos do Programa ViraVida na quinta-feira (12), \u00e0s 15 horas, no audit\u00f3rio Gilberto Mendes, localizado no edif\u00edcio Raimar Aguiar (Avenida Joaquim Nabuco,1919, Centro). Em funcionamento desde 2012, o programa em Manaus j\u00e1 devolveu autoestima e dignidade para mais de 70 jovens. Os 28 formandos (20 [&hellip;]\" \/>\n<meta property=\"og:url\" content=\"https:\/\/fieam.org.br\/sesi\/sesi-forma-terceira-turma-do-programa-viravida\/\" \/>\n<meta property=\"og:site_name\" content=\"SESI\" \/>\n<meta property=\"article:published_time\" content=\"2015-11-11T20:26:43+00:00\" \/>\n<meta property=\"og:image\" content=\"https:\/\/fieam.org.br\/sesi\/wp-content\/uploads\/sites\/14\/2015\/11\/programa_vira_vida_no_sesi_am_forma_segunda_turma_com_38_jovens_mosaico.jpg\" \/>\n\t<meta property=\"og:image:width\" content=\"625\" \/>\n\t<meta property=\"og:image:height\" content=\"443\" \/>\n\t<meta property=\"og:image:type\" content=\"image\/jpeg\" \/>\n<meta name=\"author\" content=\"Autor\" \/>\n<meta name=\"twitter:card\" content=\"summary_large_image\" \/>\n<meta name=\"twitter:label1\" content=\"Escrito por\" \/>\n\t<meta name=\"twitter:data1\" content=\"Autor\" \/>\n\t<meta name=\"twitter:label2\" content=\"Est. tempo de leitura\" \/>\n\t<meta name=\"twitter:data2\" content=\"1 minuto\" \/>\n<script type=\"application\/ld+json\" class=\"yoast-schema-graph\">{\"@context\":\"https:\\\/\\\/schema.org\",\"@graph\":[{\"@type\":\"Article\",\"@id\":\"https:\\\/\\\/fieam.org.br\\\/sesi\\\/sesi-forma-terceira-turma-do-programa-viravida\\\/#article\",\"isPartOf\":{\"@id\":\"https:\\\/\\\/fieam.org.br\\\/sesi\\\/sesi-forma-terceira-turma-do-programa-viravida\\\/\"},\"author\":{\"name\":\"Autor\",\"@id\":\"https:\\\/\\\/fieam.org.br\\\/sesi\\\/#\\\/schema\\\/person\\\/f54998dd14d5f0695b41444f2b01c31e\"},\"headline\":\"SESI forma terceira turma do Programa ViraVida\",\"datePublished\":\"2015-11-11T20:26:43+00:00\",\"mainEntityOfPage\":{\"@id\":\"https:\\\/\\\/fieam.org.br\\\/sesi\\\/sesi-forma-terceira-turma-do-programa-viravida\\\/\"},\"wordCount\":289,\"commentCount\":0,\"publisher\":{\"@id\":\"https:\\\/\\\/fieam.org.br\\\/sesi\\\/#organization\"},\"image\":{\"@id\":\"https:\\\/\\\/fieam.org.br\\\/sesi\\\/sesi-forma-terceira-turma-do-programa-viravida\\\/#primaryimage\"},\"thumbnailUrl\":\"https:\\\/\\\/fieam.org.br\\\/sesi\\\/wp-content\\\/uploads\\\/sites\\\/14\\\/2015\\\/11\\\/programa_vira_vida_no_sesi_am_forma_segunda_turma_com_38_jovens_mosaico.jpg\",\"articleSection\":[\"News\"],\"inLanguage\":\"pt-BR\",\"potentialAction\":[{\"@type\":\"CommentAction\",\"name\":\"Comment\",\"target\":[\"https:\\\/\\\/fieam.org.br\\\/sesi\\\/sesi-forma-terceira-turma-do-programa-viravida\\\/#respond\"]}]},{\"@type\":\"WebPage\",\"@id\":\"https:\\\/\\\/fieam.org.br\\\/sesi\\\/sesi-forma-terceira-turma-do-programa-viravida\\\/\",\"url\":\"https:\\\/\\\/fieam.org.br\\\/sesi\\\/sesi-forma-terceira-turma-do-programa-viravida\\\/\",\"name\":\"SESI forma terceira turma do Programa ViraVida - SESI\",\"isPartOf\":{\"@id\":\"https:\\\/\\\/fieam.org.br\\\/sesi\\\/#website\"},\"primaryImageOfPage\":{\"@id\":\"https:\\\/\\\/fieam.org.br\\\/sesi\\\/sesi-forma-terceira-turma-do-programa-viravida\\\/#primaryimage\"},\"image\":{\"@id\":\"https:\\\/\\\/fieam.org.br\\\/sesi\\\/sesi-forma-terceira-turma-do-programa-viravida\\\/#primaryimage\"},\"thumbnailUrl\":\"https:\\\/\\\/fieam.org.br\\\/sesi\\\/wp-content\\\/uploads\\\/sites\\\/14\\\/2015\\\/11\\\/programa_vira_vida_no_sesi_am_forma_segunda_turma_com_38_jovens_mosaico.jpg\",\"datePublished\":\"2015-11-11T20:26:43+00:00\",\"breadcrumb\":{\"@id\":\"https:\\\/\\\/fieam.org.br\\\/sesi\\\/sesi-forma-terceira-turma-do-programa-viravida\\\/#breadcrumb\"},\"inLanguage\":\"pt-BR\",\"potentialAction\":[{\"@type\":\"ReadAction\",\"target\":[\"https:\\\/\\\/fieam.org.br\\\/sesi\\\/sesi-forma-terceira-turma-do-programa-viravida\\\/\"]}]},{\"@type\":\"ImageObject\",\"inLanguage\":\"pt-BR\",\"@id\":\"https:\\\/\\\/fieam.org.br\\\/sesi\\\/sesi-forma-terceira-turma-do-programa-viravida\\\/#primaryimage\",\"url\":\"https:\\\/\\\/fieam.org.br\\\/sesi\\\/wp-content\\\/uploads\\\/sites\\\/14\\\/2015\\\/11\\\/programa_vira_vida_no_sesi_am_forma_segunda_turma_com_38_jovens_mosaico.jpg\",\"contentUrl\":\"https:\\\/\\\/fieam.org.br\\\/sesi\\\/wp-content\\\/uploads\\\/sites\\\/14\\\/2015\\\/11\\\/programa_vira_vida_no_sesi_am_forma_segunda_turma_com_38_jovens_mosaico.jpg\",\"width\":625,\"height\":443},{\"@type\":\"BreadcrumbList\",\"@id\":\"https:\\\/\\\/fieam.org.br\\\/sesi\\\/sesi-forma-terceira-turma-do-programa-viravida\\\/#breadcrumb\",\"itemListElement\":[{\"@type\":\"ListItem\",\"position\":1,\"name\":\"In\u00edcio\",\"item\":\"https:\\\/\\\/fieam.org.br\\\/sesi\\\/\"},{\"@type\":\"ListItem\",\"position\":2,\"name\":\"SESI forma terceira turma do Programa ViraVida\"}]},{\"@type\":\"WebSite\",\"@id\":\"https:\\\/\\\/fieam.org.br\\\/sesi\\\/#website\",\"url\":\"https:\\\/\\\/fieam.org.br\\\/sesi\\\/\",\"name\":\"SESI\",\"description\":\"Site Oficial!\",\"publisher\":{\"@id\":\"https:\\\/\\\/fieam.org.br\\\/sesi\\\/#organization\"},\"potentialAction\":[{\"@type\":\"SearchAction\",\"target\":{\"@type\":\"EntryPoint\",\"urlTemplate\":\"https:\\\/\\\/fieam.org.br\\\/sesi\\\/?s={search_term_string}\"},\"query-input\":{\"@type\":\"PropertyValueSpecification\",\"valueRequired\":true,\"valueName\":\"search_term_string\"}}],\"inLanguage\":\"pt-BR\"},{\"@type\":\"Organization\",\"@id\":\"https:\\\/\\\/fieam.org.br\\\/sesi\\\/#organization\",\"name\":\"SESI\",\"url\":\"https:\\\/\\\/fieam.org.br\\\/sesi\\\/\",\"logo\":{\"@type\":\"ImageObject\",\"inLanguage\":\"pt-BR\",\"@id\":\"https:\\\/\\\/fieam.org.br\\\/sesi\\\/#\\\/schema\\\/logo\\\/image\\\/\",\"url\":\"https:\\\/\\\/fieam.org.br\\\/sesi\\\/wp-content\\\/uploads\\\/sites\\\/14\\\/2024\\\/03\\\/cropped-fav.png\",\"contentUrl\":\"https:\\\/\\\/fieam.org.br\\\/sesi\\\/wp-content\\\/uploads\\\/sites\\\/14\\\/2024\\\/03\\\/cropped-fav.png\",\"width\":610,\"height\":589,\"caption\":\"SESI\"},\"image\":{\"@id\":\"https:\\\/\\\/fieam.org.br\\\/sesi\\\/#\\\/schema\\\/logo\\\/image\\\/\"}},{\"@type\":\"Person\",\"@id\":\"https:\\\/\\\/fieam.org.br\\\/sesi\\\/#\\\/schema\\\/person\\\/f54998dd14d5f0695b41444f2b01c31e\",\"name\":\"Autor\",\"image\":{\"@type\":\"ImageObject\",\"inLanguage\":\"pt-BR\",\"@id\":\"https:\\\/\\\/secure.gravatar.com\\\/avatar\\\/3732c223e0e1fad69062a8f770955c9068d37b055204f310a0be18d4069fe380?s=96&d=mm&r=g\",\"url\":\"https:\\\/\\\/secure.gravatar.com\\\/avatar\\\/3732c223e0e1fad69062a8f770955c9068d37b055204f310a0be18d4069fe380?s=96&d=mm&r=g\",\"contentUrl\":\"https:\\\/\\\/secure.gravatar.com\\\/avatar\\\/3732c223e0e1fad69062a8f770955c9068d37b055204f310a0be18d4069fe380?s=96&d=mm&r=g\",\"caption\":\"Autor\"},\"sameAs\":[\"https:\\\/\\\/marketingmassivo.com.br\"],\"url\":\"https:\\\/\\\/fieam.org.br\\\/sesi\\\/author\\\/admin\\\/\"}]}<\/script>\n<!-- \/ Yoast SEO plugin. -->","yoast_head_json":{"title":"SESI forma terceira turma do Programa ViraVida - SESI","robots":{"index":"index","follow":"follow","max-snippet":"max-snippet:-1","max-image-preview":"max-image-preview:large","max-video-preview":"max-video-preview:-1"},"canonical":"https:\/\/fieam.org.br\/sesi\/sesi-forma-terceira-turma-do-programa-viravida\/","og_locale":"pt_BR","og_type":"article","og_title":"SESI forma terceira turma do Programa ViraVida - SESI","og_description":"O Servi\u00e7o Social da Ind\u00fastria (SESI Amazonas) vai formar 28 alunos do Programa ViraVida na quinta-feira (12), \u00e0s 15 horas, no audit\u00f3rio Gilberto Mendes, localizado no edif\u00edcio Raimar Aguiar (Avenida Joaquim Nabuco,1919, Centro). Em funcionamento desde 2012, o programa em Manaus j\u00e1 devolveu autoestima e dignidade para mais de 70 jovens. Os 28 formandos (20 [&hellip;]","og_url":"https:\/\/fieam.org.br\/sesi\/sesi-forma-terceira-turma-do-programa-viravida\/","og_site_name":"SESI","article_published_time":"2015-11-11T20:26:43+00:00","og_image":[{"width":625,"height":443,"url":"https:\/\/fieam.org.br\/sesi\/wp-content\/uploads\/sites\/14\/2015\/11\/programa_vira_vida_no_sesi_am_forma_segunda_turma_com_38_jovens_mosaico.jpg","type":"image\/jpeg"}],"author":"Autor","twitter_card":"summary_large_image","twitter_misc":{"Escrito por":"Autor","Est. tempo de leitura":"1 minuto"},"schema":{"@context":"https:\/\/schema.org","@graph":[{"@type":"Article","@id":"https:\/\/fieam.org.br\/sesi\/sesi-forma-terceira-turma-do-programa-viravida\/#article","isPartOf":{"@id":"https:\/\/fieam.org.br\/sesi\/sesi-forma-terceira-turma-do-programa-viravida\/"},"author":{"name":"Autor","@id":"https:\/\/fieam.org.br\/sesi\/#\/schema\/person\/f54998dd14d5f0695b41444f2b01c31e"},"headline":"SESI forma terceira turma do Programa ViraVida","datePublished":"2015-11-11T20:26:43+00:00","mainEntityOfPage":{"@id":"https:\/\/fieam.org.br\/sesi\/sesi-forma-terceira-turma-do-programa-viravida\/"},"wordCount":289,"commentCount":0,"publisher":{"@id":"https:\/\/fieam.org.br\/sesi\/#organization"},"image":{"@id":"https:\/\/fieam.org.br\/sesi\/sesi-forma-terceira-turma-do-programa-viravida\/#primaryimage"},"thumbnailUrl":"https:\/\/fieam.org.br\/sesi\/wp-content\/uploads\/sites\/14\/2015\/11\/programa_vira_vida_no_sesi_am_forma_segunda_turma_com_38_jovens_mosaico.jpg","articleSection":["News"],"inLanguage":"pt-BR","potentialAction":[{"@type":"CommentAction","name":"Comment","target":["https:\/\/fieam.org.br\/sesi\/sesi-forma-terceira-turma-do-programa-viravida\/#respond"]}]},{"@type":"WebPage","@id":"https:\/\/fieam.org.br\/sesi\/sesi-forma-terceira-turma-do-programa-viravida\/","url":"https:\/\/fieam.org.br\/sesi\/sesi-forma-terceira-turma-do-programa-viravida\/","name":"SESI forma terceira turma do Programa ViraVida - SESI","isPartOf":{"@id":"https:\/\/fieam.org.br\/sesi\/#website"},"primaryImageOfPage":{"@id":"https:\/\/fieam.org.br\/sesi\/sesi-forma-terceira-turma-do-programa-viravida\/#primaryimage"},"image":{"@id":"https:\/\/fieam.org.br\/sesi\/sesi-forma-terceira-turma-do-programa-viravida\/#primaryimage"},"thumbnailUrl":"https:\/\/fieam.org.br\/sesi\/wp-content\/uploads\/sites\/14\/2015\/11\/programa_vira_vida_no_sesi_am_forma_segunda_turma_com_38_jovens_mosaico.jpg","datePublished":"2015-11-11T20:26:43+00:00","breadcrumb":{"@id":"https:\/\/fieam.org.br\/sesi\/sesi-forma-terceira-turma-do-programa-viravida\/#breadcrumb"},"inLanguage":"pt-BR","potentialAction":[{"@type":"ReadAction","target":["https:\/\/fieam.org.br\/sesi\/sesi-forma-terceira-turma-do-programa-viravida\/"]}]},{"@type":"ImageObject","inLanguage":"pt-BR","@id":"https:\/\/fieam.org.br\/sesi\/sesi-forma-terceira-turma-do-programa-viravida\/#primaryimage","url":"https:\/\/fieam.org.br\/sesi\/wp-content\/uploads\/sites\/14\/2015\/11\/programa_vira_vida_no_sesi_am_forma_segunda_turma_com_38_jovens_mosaico.jpg","contentUrl":"https:\/\/fieam.org.br\/sesi\/wp-content\/uploads\/sites\/14\/2015\/11\/programa_vira_vida_no_sesi_am_forma_segunda_turma_com_38_jovens_mosaico.jpg","width":625,"height":443},{"@type":"BreadcrumbList","@id":"https:\/\/fieam.org.br\/sesi\/sesi-forma-terceira-turma-do-programa-viravida\/#breadcrumb","itemListElement":[{"@type":"ListItem","position":1,"name":"In\u00edcio","item":"https:\/\/fieam.org.br\/sesi\/"},{"@type":"ListItem","position":2,"name":"SESI forma terceira turma do Programa ViraVida"}]},{"@type":"WebSite","@id":"https:\/\/fieam.org.br\/sesi\/#website","url":"https:\/\/fieam.org.br\/sesi\/","name":"SESI","description":"Site Oficial!","publisher":{"@id":"https:\/\/fieam.org.br\/sesi\/#organization"},"potentialAction":[{"@type":"SearchAction","target":{"@type":"EntryPoint","urlTemplate":"https:\/\/fieam.org.br\/sesi\/?s={search_term_string}"},"query-input":{"@type":"PropertyValueSpecification","valueRequired":true,"valueName":"search_term_string"}}],"inLanguage":"pt-BR"},{"@type":"Organization","@id":"https:\/\/fieam.org.br\/sesi\/#organization","name":"SESI","url":"https:\/\/fieam.org.br\/sesi\/","logo":{"@type":"ImageObject","inLanguage":"pt-BR","@id":"https:\/\/fieam.org.br\/sesi\/#\/schema\/logo\/image\/","url":"https:\/\/fieam.org.br\/sesi\/wp-content\/uploads\/sites\/14\/2024\/03\/cropped-fav.png","contentUrl":"https:\/\/fieam.org.br\/sesi\/wp-content\/uploads\/sites\/14\/2024\/03\/cropped-fav.png","width":610,"height":589,"caption":"SESI"},"image":{"@id":"https:\/\/fieam.org.br\/sesi\/#\/schema\/logo\/image\/"}},{"@type":"Person","@id":"https:\/\/fieam.org.br\/sesi\/#\/schema\/person\/f54998dd14d5f0695b41444f2b01c31e","name":"Autor","image":{"@type":"ImageObject","inLanguage":"pt-BR","@id":"https:\/\/secure.gravatar.com\/avatar\/3732c223e0e1fad69062a8f770955c9068d37b055204f310a0be18d4069fe380?s=96&d=mm&r=g","url":"https:\/\/secure.gravatar.com\/avatar\/3732c223e0e1fad69062a8f770955c9068d37b055204f310a0be18d4069fe380?s=96&d=mm&r=g","contentUrl":"https:\/\/secure.gravatar.com\/avatar\/3732c223e0e1fad69062a8f770955c9068d37b055204f310a0be18d4069fe380?s=96&d=mm&r=g","caption":"Autor"},"sameAs":["https:\/\/marketingmassivo.com.br"],"url":"https:\/\/fieam.org.br\/sesi\/author\/admin\/"}]}},"_links":{"self":[{"href":"https:\/\/fieam.org.br\/sesi\/wp-json\/wp\/v2\/posts\/7596","targetHints":{"allow":["GET"]}}],"collection":[{"href":"https:\/\/fieam.org.br\/sesi\/wp-json\/wp\/v2\/posts"}],"about":[{"href":"https:\/\/fieam.org.br\/sesi\/wp-json\/wp\/v2\/types\/post"}],"author":[{"embeddable":true,"href":"https:\/\/fieam.org.br\/sesi\/wp-json\/wp\/v2\/users\/1"}],"replies":[{"embeddable":true,"href":"https:\/\/fieam.org.br\/sesi\/wp-json\/wp\/v2\/comments?post=7596"}],"version-history":[{"count":0,"href":"https:\/\/fieam.org.br\/sesi\/wp-json\/wp\/v2\/posts\/7596\/revisions"}],"wp:featuredmedia":[{"embeddable":true,"href":"https:\/\/fieam.org.br\/sesi\/wp-json\/wp\/v2\/media\/7790"}],"wp:attachment":[{"href":"https:\/\/fieam.org.br\/sesi\/wp-json\/wp\/v2\/media?parent=7596"}],"wp:term":[{"taxonomy":"category","embeddable":true,"href":"https:\/\/fieam.org.br\/sesi\/wp-json\/wp\/v2\/categories?post=7596"},{"taxonomy":"post_tag","embeddable":true,"href":"https:\/\/fieam.org.br\/sesi\/wp-json\/wp\/v2\/tags?post=7596"}],"curies":[{"name":"wp","href":"https:\/\/api.w.org\/{rel}","templated":true}]}}