{"id":7565,"date":"2015-10-29T15:38:19","date_gmt":"2015-10-29T15:38:19","guid":{"rendered":"http:\/\/www.fieam.org.br\/site\/sesi\/?p=7565"},"modified":"2015-10-29T15:38:19","modified_gmt":"2015-10-29T15:38:19","slug":"sesi-abre-inscricoes-para-cursos-de-educacao-continuada-2","status":"publish","type":"post","link":"https:\/\/fieam.org.br\/sesi\/sesi-abre-inscricoes-para-cursos-de-educacao-continuada-2\/","title":{"rendered":"SESI abre inscri\u00e7\u00f5es para cursos de Educa\u00e7\u00e3o Continuada"},"content":{"rendered":"<blockquote><p>&nbsp;<\/p>\n<p><a href=\"http:\/\/www.fieam.org.br\/sesi\" target=\"_blank\" rel=\"noreferrer noopener\">O Servi\u00e7o Social da Ind\u00fastria (SESI Amazonas)<\/a>\u00a0est\u00e1 com inscri\u00e7\u00f5es abertas para os cursos de Inform\u00e1tica Avan\u00e7ada, Forma\u00e7\u00e3o de L\u00edderes, Administra\u00e7\u00e3o de conflitos nas organiza\u00e7\u00f5es e Cipa (Comiss\u00e3o Interna de Preven\u00e7\u00e3o de Acidentes). Os cursos, da modalidade Educa\u00e7\u00e3o Continuada, s\u00e3o direcionados aos trabalhadores da ind\u00fastria, seus dependentes e comunidade, sendo realizados nas depend\u00eancias do SESI Amazonas nos turnos da tarde e noite.<\/p>\n<p>O curso Inform\u00e1tica Avan\u00e7ada tem carga hor\u00e1ria de 30 horas, com in\u00edcio no dia 3 de novembro, nos hor\u00e1rios das 14 \u00e0s 17h e 18h30 \u00e0s 21h30. J\u00e1 em seu 4\u00ba m\u00f3dulo, o curso Forma\u00e7\u00e3o de L\u00edderes tem in\u00edcio previsto para o dia 9 de novembro, com carga hor\u00e1ria de 12 horas, no hor\u00e1rio de 18h30 \u00e0s 21h30.<\/p>\n<p>Com dura\u00e7\u00e3o de oito horas o curso Administra\u00e7\u00e3o de conflitos nas organiza\u00e7\u00f5es tem in\u00edcio no dia 17 de novembro, das 18h30 \u00e0s 21h30.<\/p>\n<p>Para os trabalhadores que buscam a atualiza\u00e7\u00e3o obrigat\u00f3ria exigida pelas empresas, o SESI est\u00e1 com vagas abertas para o curso Cipa, com dura\u00e7\u00e3o de 20 horas, previsto para o dia 23 de novembro, das 13h30 \u00e0s 17h30.<\/p>\n<p>Para atualiza\u00e7\u00e3o sobre temas relacionados \u00e0 preven\u00e7\u00e3o de acidentes do trabalho e doen\u00e7as ocupacionais, de acordo com os requisitos e exig\u00eancias contidas na Norma de Regulamenta\u00e7\u00e3o-5, o SESI oferece o curso Cipa, com carga hor\u00e1ria de 20h, com in\u00edcio previsto para o dia 23 de novembro, das 13h30 \u00e0s 17h30.<\/p>\n<p>Os cursos ser\u00e3o realizados no N\u00facleo Integrado de Educa\u00e7\u00e3o Continuada (NIEC), localizado na Rua Vivaldo Lima, s\/n, bairro Alvorada I. Inscri\u00e7\u00f5es e mais informa\u00e7\u00f5es pelos n\u00fameros (92) 3238-9706, 3239-1101 ou pelos e-mails\u00a0<a href=\"mailto:educacao.continuada@sesiam.org.br\" rel=\"noreferrer\">educacao.continuada@sesiam.org.br<\/a>\u00a0e\u00a0<a href=\"mailto:serem.educacao@sesiam.org.br\" rel=\"noreferrer\">serem.educacao@sesiam.org.br<\/a>.<\/p>\n<p>&nbsp;<\/p>\n<div><b>\u00a0\u00a0\u00a0\u00a0\u00a0\u00a0\u00a0\u00a0\u00a0\u00a0\u00a0\u00a0\u00a0 ATENDIMENTO \u00c0 IMPRENSA<\/b><\/div>\n<div><\/div>\n<div><b>Diretoria de Comunica\u00e7\u00e3o e Marketing do Sistema FIEAM<\/b><\/div>\n<div>Tel: (92) 3186-6576\u00a0 Fax: (92) 3186-6579<\/div>\n<div>E-mail:\u00a0<a href=\"mailto:imprensa@fieam.org.br\" rel=\"noreferrer\">imprensa@fieam.org.br<\/a><\/div>\n<div><a href=\"http:\/\/www.fieam.org.br\/\" target=\"_blank\" rel=\"noreferrer noopener\">http:\/\/www.fieam.org.br<\/a><\/div>\n<div><a href=\"http:\/\/www.facebook.com\/sistemafieam\" target=\"_blank\" rel=\"noreferrer noopener\">http:\/\/www.facebook.com\/sistemafieam<\/a><\/div>\n<div>Twitter:\u00a0@fieam\u00a0@sesiamazonas\u00a0@senaiamazonas\u00a0@ielamazonas<\/div>\n<\/blockquote>\n","protected":false},"excerpt":{"rendered":"<p>&nbsp; O Servi\u00e7o Social da Ind\u00fastria (SESI Amazonas)\u00a0est\u00e1 com inscri\u00e7\u00f5es abertas para os cursos de Inform\u00e1tica Avan\u00e7ada, Forma\u00e7\u00e3o de L\u00edderes, Administra\u00e7\u00e3o de conflitos nas organiza\u00e7\u00f5es e Cipa (Comiss\u00e3o Interna de Preven\u00e7\u00e3o de Acidentes). Os cursos, da modalidade Educa\u00e7\u00e3o Continuada, s\u00e3o direcionados aos trabalhadores da ind\u00fastria, seus dependentes e comunidade, sendo realizados nas depend\u00eancias do SESI [&hellip;]<\/p>\n","protected":false},"author":1,"featured_media":0,"comment_status":"open","ping_status":"open","sticky":false,"template":"","format":"standard","meta":{"footnotes":""},"categories":[25],"tags":[],"class_list":["post-7565","post","type-post","status-publish","format-standard","hentry","category-news"],"yoast_head":"<!-- This site is optimized with the Yoast SEO plugin v28.2 - https:\/\/yoast.com\/product\/yoast-seo-wordpress\/ -->\n<title>SESI abre inscri\u00e7\u00f5es para cursos de Educa\u00e7\u00e3o Continuada - SESI<\/title>\n<meta name=\"robots\" content=\"index, follow, max-snippet:-1, max-image-preview:large, max-video-preview:-1\" \/>\n<link rel=\"canonical\" href=\"https:\/\/fieam.org.br\/sesi\/sesi-abre-inscricoes-para-cursos-de-educacao-continuada-2\/\" \/>\n<meta property=\"og:locale\" content=\"pt_BR\" \/>\n<meta property=\"og:type\" content=\"article\" \/>\n<meta property=\"og:title\" content=\"SESI abre inscri\u00e7\u00f5es para cursos de Educa\u00e7\u00e3o Continuada - SESI\" \/>\n<meta property=\"og:description\" content=\"&nbsp; O Servi\u00e7o Social da Ind\u00fastria (SESI Amazonas)\u00a0est\u00e1 com inscri\u00e7\u00f5es abertas para os cursos de Inform\u00e1tica Avan\u00e7ada, Forma\u00e7\u00e3o de L\u00edderes, Administra\u00e7\u00e3o de conflitos nas organiza\u00e7\u00f5es e Cipa (Comiss\u00e3o Interna de Preven\u00e7\u00e3o de Acidentes). Os cursos, da modalidade Educa\u00e7\u00e3o Continuada, s\u00e3o direcionados aos trabalhadores da ind\u00fastria, seus dependentes e comunidade, sendo realizados nas depend\u00eancias do SESI [&hellip;]\" \/>\n<meta property=\"og:url\" content=\"https:\/\/fieam.org.br\/sesi\/sesi-abre-inscricoes-para-cursos-de-educacao-continuada-2\/\" \/>\n<meta property=\"og:site_name\" content=\"SESI\" \/>\n<meta property=\"article:published_time\" content=\"2015-10-29T15:38:19+00:00\" \/>\n<meta name=\"author\" content=\"Autor\" \/>\n<meta name=\"twitter:card\" content=\"summary_large_image\" \/>\n<meta name=\"twitter:label1\" content=\"Escrito por\" \/>\n\t<meta name=\"twitter:data1\" content=\"Autor\" \/>\n\t<meta name=\"twitter:label2\" content=\"Est. tempo de leitura\" \/>\n\t<meta name=\"twitter:data2\" content=\"2 minutos\" \/>\n<script type=\"application\/ld+json\" class=\"yoast-schema-graph\">{\"@context\":\"https:\\\/\\\/schema.org\",\"@graph\":[{\"@type\":\"Article\",\"@id\":\"https:\\\/\\\/fieam.org.br\\\/sesi\\\/sesi-abre-inscricoes-para-cursos-de-educacao-continuada-2\\\/#article\",\"isPartOf\":{\"@id\":\"https:\\\/\\\/fieam.org.br\\\/sesi\\\/sesi-abre-inscricoes-para-cursos-de-educacao-continuada-2\\\/\"},\"author\":{\"name\":\"Autor\",\"@id\":\"https:\\\/\\\/fieam.org.br\\\/sesi\\\/#\\\/schema\\\/person\\\/f54998dd14d5f0695b41444f2b01c31e\"},\"headline\":\"SESI abre inscri\u00e7\u00f5es para cursos de Educa\u00e7\u00e3o Continuada\",\"datePublished\":\"2015-10-29T15:38:19+00:00\",\"mainEntityOfPage\":{\"@id\":\"https:\\\/\\\/fieam.org.br\\\/sesi\\\/sesi-abre-inscricoes-para-cursos-de-educacao-continuada-2\\\/\"},\"wordCount\":355,\"commentCount\":0,\"publisher\":{\"@id\":\"https:\\\/\\\/fieam.org.br\\\/sesi\\\/#organization\"},\"articleSection\":[\"News\"],\"inLanguage\":\"pt-BR\",\"potentialAction\":[{\"@type\":\"CommentAction\",\"name\":\"Comment\",\"target\":[\"https:\\\/\\\/fieam.org.br\\\/sesi\\\/sesi-abre-inscricoes-para-cursos-de-educacao-continuada-2\\\/#respond\"]}]},{\"@type\":\"WebPage\",\"@id\":\"https:\\\/\\\/fieam.org.br\\\/sesi\\\/sesi-abre-inscricoes-para-cursos-de-educacao-continuada-2\\\/\",\"url\":\"https:\\\/\\\/fieam.org.br\\\/sesi\\\/sesi-abre-inscricoes-para-cursos-de-educacao-continuada-2\\\/\",\"name\":\"SESI abre inscri\u00e7\u00f5es para cursos de Educa\u00e7\u00e3o Continuada - SESI\",\"isPartOf\":{\"@id\":\"https:\\\/\\\/fieam.org.br\\\/sesi\\\/#website\"},\"datePublished\":\"2015-10-29T15:38:19+00:00\",\"breadcrumb\":{\"@id\":\"https:\\\/\\\/fieam.org.br\\\/sesi\\\/sesi-abre-inscricoes-para-cursos-de-educacao-continuada-2\\\/#breadcrumb\"},\"inLanguage\":\"pt-BR\",\"potentialAction\":[{\"@type\":\"ReadAction\",\"target\":[\"https:\\\/\\\/fieam.org.br\\\/sesi\\\/sesi-abre-inscricoes-para-cursos-de-educacao-continuada-2\\\/\"]}]},{\"@type\":\"BreadcrumbList\",\"@id\":\"https:\\\/\\\/fieam.org.br\\\/sesi\\\/sesi-abre-inscricoes-para-cursos-de-educacao-continuada-2\\\/#breadcrumb\",\"itemListElement\":[{\"@type\":\"ListItem\",\"position\":1,\"name\":\"In\u00edcio\",\"item\":\"https:\\\/\\\/fieam.org.br\\\/sesi\\\/\"},{\"@type\":\"ListItem\",\"position\":2,\"name\":\"SESI abre inscri\u00e7\u00f5es para cursos de Educa\u00e7\u00e3o Continuada\"}]},{\"@type\":\"WebSite\",\"@id\":\"https:\\\/\\\/fieam.org.br\\\/sesi\\\/#website\",\"url\":\"https:\\\/\\\/fieam.org.br\\\/sesi\\\/\",\"name\":\"SESI\",\"description\":\"Site Oficial!\",\"publisher\":{\"@id\":\"https:\\\/\\\/fieam.org.br\\\/sesi\\\/#organization\"},\"potentialAction\":[{\"@type\":\"SearchAction\",\"target\":{\"@type\":\"EntryPoint\",\"urlTemplate\":\"https:\\\/\\\/fieam.org.br\\\/sesi\\\/?s={search_term_string}\"},\"query-input\":{\"@type\":\"PropertyValueSpecification\",\"valueRequired\":true,\"valueName\":\"search_term_string\"}}],\"inLanguage\":\"pt-BR\"},{\"@type\":\"Organization\",\"@id\":\"https:\\\/\\\/fieam.org.br\\\/sesi\\\/#organization\",\"name\":\"SESI\",\"url\":\"https:\\\/\\\/fieam.org.br\\\/sesi\\\/\",\"logo\":{\"@type\":\"ImageObject\",\"inLanguage\":\"pt-BR\",\"@id\":\"https:\\\/\\\/fieam.org.br\\\/sesi\\\/#\\\/schema\\\/logo\\\/image\\\/\",\"url\":\"https:\\\/\\\/fieam.org.br\\\/sesi\\\/wp-content\\\/uploads\\\/sites\\\/14\\\/2024\\\/03\\\/cropped-fav.png\",\"contentUrl\":\"https:\\\/\\\/fieam.org.br\\\/sesi\\\/wp-content\\\/uploads\\\/sites\\\/14\\\/2024\\\/03\\\/cropped-fav.png\",\"width\":610,\"height\":589,\"caption\":\"SESI\"},\"image\":{\"@id\":\"https:\\\/\\\/fieam.org.br\\\/sesi\\\/#\\\/schema\\\/logo\\\/image\\\/\"}},{\"@type\":\"Person\",\"@id\":\"https:\\\/\\\/fieam.org.br\\\/sesi\\\/#\\\/schema\\\/person\\\/f54998dd14d5f0695b41444f2b01c31e\",\"name\":\"Autor\",\"image\":{\"@type\":\"ImageObject\",\"inLanguage\":\"pt-BR\",\"@id\":\"https:\\\/\\\/secure.gravatar.com\\\/avatar\\\/3732c223e0e1fad69062a8f770955c9068d37b055204f310a0be18d4069fe380?s=96&d=mm&r=g\",\"url\":\"https:\\\/\\\/secure.gravatar.com\\\/avatar\\\/3732c223e0e1fad69062a8f770955c9068d37b055204f310a0be18d4069fe380?s=96&d=mm&r=g\",\"contentUrl\":\"https:\\\/\\\/secure.gravatar.com\\\/avatar\\\/3732c223e0e1fad69062a8f770955c9068d37b055204f310a0be18d4069fe380?s=96&d=mm&r=g\",\"caption\":\"Autor\"},\"sameAs\":[\"https:\\\/\\\/marketingmassivo.com.br\"],\"url\":\"https:\\\/\\\/fieam.org.br\\\/sesi\\\/author\\\/admin\\\/\"}]}<\/script>\n<!-- \/ Yoast SEO plugin. -->","yoast_head_json":{"title":"SESI abre inscri\u00e7\u00f5es para cursos de Educa\u00e7\u00e3o Continuada - SESI","robots":{"index":"index","follow":"follow","max-snippet":"max-snippet:-1","max-image-preview":"max-image-preview:large","max-video-preview":"max-video-preview:-1"},"canonical":"https:\/\/fieam.org.br\/sesi\/sesi-abre-inscricoes-para-cursos-de-educacao-continuada-2\/","og_locale":"pt_BR","og_type":"article","og_title":"SESI abre inscri\u00e7\u00f5es para cursos de Educa\u00e7\u00e3o Continuada - SESI","og_description":"&nbsp; O Servi\u00e7o Social da Ind\u00fastria (SESI Amazonas)\u00a0est\u00e1 com inscri\u00e7\u00f5es abertas para os cursos de Inform\u00e1tica Avan\u00e7ada, Forma\u00e7\u00e3o de L\u00edderes, Administra\u00e7\u00e3o de conflitos nas organiza\u00e7\u00f5es e Cipa (Comiss\u00e3o Interna de Preven\u00e7\u00e3o de Acidentes). Os cursos, da modalidade Educa\u00e7\u00e3o Continuada, s\u00e3o direcionados aos trabalhadores da ind\u00fastria, seus dependentes e comunidade, sendo realizados nas depend\u00eancias do SESI [&hellip;]","og_url":"https:\/\/fieam.org.br\/sesi\/sesi-abre-inscricoes-para-cursos-de-educacao-continuada-2\/","og_site_name":"SESI","article_published_time":"2015-10-29T15:38:19+00:00","author":"Autor","twitter_card":"summary_large_image","twitter_misc":{"Escrito por":"Autor","Est. tempo de leitura":"2 minutos"},"schema":{"@context":"https:\/\/schema.org","@graph":[{"@type":"Article","@id":"https:\/\/fieam.org.br\/sesi\/sesi-abre-inscricoes-para-cursos-de-educacao-continuada-2\/#article","isPartOf":{"@id":"https:\/\/fieam.org.br\/sesi\/sesi-abre-inscricoes-para-cursos-de-educacao-continuada-2\/"},"author":{"name":"Autor","@id":"https:\/\/fieam.org.br\/sesi\/#\/schema\/person\/f54998dd14d5f0695b41444f2b01c31e"},"headline":"SESI abre inscri\u00e7\u00f5es para cursos de Educa\u00e7\u00e3o Continuada","datePublished":"2015-10-29T15:38:19+00:00","mainEntityOfPage":{"@id":"https:\/\/fieam.org.br\/sesi\/sesi-abre-inscricoes-para-cursos-de-educacao-continuada-2\/"},"wordCount":355,"commentCount":0,"publisher":{"@id":"https:\/\/fieam.org.br\/sesi\/#organization"},"articleSection":["News"],"inLanguage":"pt-BR","potentialAction":[{"@type":"CommentAction","name":"Comment","target":["https:\/\/fieam.org.br\/sesi\/sesi-abre-inscricoes-para-cursos-de-educacao-continuada-2\/#respond"]}]},{"@type":"WebPage","@id":"https:\/\/fieam.org.br\/sesi\/sesi-abre-inscricoes-para-cursos-de-educacao-continuada-2\/","url":"https:\/\/fieam.org.br\/sesi\/sesi-abre-inscricoes-para-cursos-de-educacao-continuada-2\/","name":"SESI abre inscri\u00e7\u00f5es para cursos de Educa\u00e7\u00e3o Continuada - SESI","isPartOf":{"@id":"https:\/\/fieam.org.br\/sesi\/#website"},"datePublished":"2015-10-29T15:38:19+00:00","breadcrumb":{"@id":"https:\/\/fieam.org.br\/sesi\/sesi-abre-inscricoes-para-cursos-de-educacao-continuada-2\/#breadcrumb"},"inLanguage":"pt-BR","potentialAction":[{"@type":"ReadAction","target":["https:\/\/fieam.org.br\/sesi\/sesi-abre-inscricoes-para-cursos-de-educacao-continuada-2\/"]}]},{"@type":"BreadcrumbList","@id":"https:\/\/fieam.org.br\/sesi\/sesi-abre-inscricoes-para-cursos-de-educacao-continuada-2\/#breadcrumb","itemListElement":[{"@type":"ListItem","position":1,"name":"In\u00edcio","item":"https:\/\/fieam.org.br\/sesi\/"},{"@type":"ListItem","position":2,"name":"SESI abre inscri\u00e7\u00f5es para cursos de Educa\u00e7\u00e3o Continuada"}]},{"@type":"WebSite","@id":"https:\/\/fieam.org.br\/sesi\/#website","url":"https:\/\/fieam.org.br\/sesi\/","name":"SESI","description":"Site Oficial!","publisher":{"@id":"https:\/\/fieam.org.br\/sesi\/#organization"},"potentialAction":[{"@type":"SearchAction","target":{"@type":"EntryPoint","urlTemplate":"https:\/\/fieam.org.br\/sesi\/?s={search_term_string}"},"query-input":{"@type":"PropertyValueSpecification","valueRequired":true,"valueName":"search_term_string"}}],"inLanguage":"pt-BR"},{"@type":"Organization","@id":"https:\/\/fieam.org.br\/sesi\/#organization","name":"SESI","url":"https:\/\/fieam.org.br\/sesi\/","logo":{"@type":"ImageObject","inLanguage":"pt-BR","@id":"https:\/\/fieam.org.br\/sesi\/#\/schema\/logo\/image\/","url":"https:\/\/fieam.org.br\/sesi\/wp-content\/uploads\/sites\/14\/2024\/03\/cropped-fav.png","contentUrl":"https:\/\/fieam.org.br\/sesi\/wp-content\/uploads\/sites\/14\/2024\/03\/cropped-fav.png","width":610,"height":589,"caption":"SESI"},"image":{"@id":"https:\/\/fieam.org.br\/sesi\/#\/schema\/logo\/image\/"}},{"@type":"Person","@id":"https:\/\/fieam.org.br\/sesi\/#\/schema\/person\/f54998dd14d5f0695b41444f2b01c31e","name":"Autor","image":{"@type":"ImageObject","inLanguage":"pt-BR","@id":"https:\/\/secure.gravatar.com\/avatar\/3732c223e0e1fad69062a8f770955c9068d37b055204f310a0be18d4069fe380?s=96&d=mm&r=g","url":"https:\/\/secure.gravatar.com\/avatar\/3732c223e0e1fad69062a8f770955c9068d37b055204f310a0be18d4069fe380?s=96&d=mm&r=g","contentUrl":"https:\/\/secure.gravatar.com\/avatar\/3732c223e0e1fad69062a8f770955c9068d37b055204f310a0be18d4069fe380?s=96&d=mm&r=g","caption":"Autor"},"sameAs":["https:\/\/marketingmassivo.com.br"],"url":"https:\/\/fieam.org.br\/sesi\/author\/admin\/"}]}},"_links":{"self":[{"href":"https:\/\/fieam.org.br\/sesi\/wp-json\/wp\/v2\/posts\/7565","targetHints":{"allow":["GET"]}}],"collection":[{"href":"https:\/\/fieam.org.br\/sesi\/wp-json\/wp\/v2\/posts"}],"about":[{"href":"https:\/\/fieam.org.br\/sesi\/wp-json\/wp\/v2\/types\/post"}],"author":[{"embeddable":true,"href":"https:\/\/fieam.org.br\/sesi\/wp-json\/wp\/v2\/users\/1"}],"replies":[{"embeddable":true,"href":"https:\/\/fieam.org.br\/sesi\/wp-json\/wp\/v2\/comments?post=7565"}],"version-history":[{"count":0,"href":"https:\/\/fieam.org.br\/sesi\/wp-json\/wp\/v2\/posts\/7565\/revisions"}],"wp:attachment":[{"href":"https:\/\/fieam.org.br\/sesi\/wp-json\/wp\/v2\/media?parent=7565"}],"wp:term":[{"taxonomy":"category","embeddable":true,"href":"https:\/\/fieam.org.br\/sesi\/wp-json\/wp\/v2\/categories?post=7565"},{"taxonomy":"post_tag","embeddable":true,"href":"https:\/\/fieam.org.br\/sesi\/wp-json\/wp\/v2\/tags?post=7565"}],"curies":[{"name":"wp","href":"https:\/\/api.w.org\/{rel}","templated":true}]}}