{"id":7543,"date":"2015-10-06T13:01:24","date_gmt":"2015-10-06T13:01:24","guid":{"rendered":"http:\/\/www.fieam.org.br\/site\/sesi\/?p=7543"},"modified":"2015-10-06T13:01:24","modified_gmt":"2015-10-06T13:01:24","slug":"gilberto-carvalho-destaca-servicos-do-sesi","status":"publish","type":"post","link":"https:\/\/fieam.org.br\/sesi\/gilberto-carvalho-destaca-servicos-do-sesi\/","title":{"rendered":"Gilberto Carvalho destaca servi\u00e7os do SESI"},"content":{"rendered":"<p>O presidente do Conselho Nacional do Servi\u00e7o Social da Ind\u00fastria (SESI), Gilberto Carvalho, se surpreendeu com a infraestrutura e a organiza\u00e7\u00e3o da Escola SESI Dr. Francisco Garcia, onde funciona creche para 2.200 crian\u00e7as, filhas de industri\u00e1rios, e disse que pretende levar o modelo da unidade para os outros Departamentos Regionais da institui\u00e7\u00e3o.<\/p>\n<p>\u201cEstou encantado com o que vi aqui. Posso testemunhar que no Brasil n\u00e3o existe nada parecido com a qualidade, extens\u00e3o e dimens\u00e3o desta creche. Cumprimento a dire\u00e7\u00e3o e todos os funcion\u00e1rios do SESI Amazonas pelo bel\u00edssimo trabalho. Quero levar essa experi\u00eancia para que o Brasil inteiro conhe\u00e7a\u201d, disse Gilberto Carvalho.<\/p>\n<p>Gilberto Carvalho est\u00e1 hoje (5) em Manaus, em visita \u00e0s unidades educacionais da institui\u00e7\u00e3o e para o acompanhamento dos projetos estrat\u00e9gicos sociais do SESI, ViraVida e Cozinha Brasil. Carvalho foi recebido pelo presidente da Federa\u00e7\u00e3o das Ind\u00fastrias do Estado do Amazonas (FIEAM), Antonio Silva, e os vice-presidentes, Moys\u00e9s Israel e Nelson Azevedo.<\/p>\n<p>De acordo com Antonio Silva, a vinda de Carvalho ao Amazonas representa a parceria e o apoio do SESI Nacional \u00e0s a\u00e7\u00f5es do Sistema FIEAM que seguem o direcionamento proposto pela Confedera\u00e7\u00e3o Nacional da Ind\u00fastria (CNI) \u00e0s Federa\u00e7\u00f5es.<\/p>\n<p>\u201c\u00c9 importante receber o novo presidente do Conselho Nacional do SESI para que ele conhe\u00e7a nossas particularidades e o que desenvolvemos com os recursos destinados ao SESI Amazonas, \u00e0 ind\u00fastria e comunidade. V\u00ea-lo impressionado com nosso trabalho na educa\u00e7\u00e3o de crian\u00e7as, jovens e adultos, bem como no incentivo \u00e0 qualidade de vida do trabalhador, nos alegra e nos motiva a continuar desempenhando servi\u00e7os de excel\u00eancia\u201d, declarou o presidente da FIEAM.<\/p>\n<p>O presidente do Conselho Nacional do SESI seguiu uma agenda de visitas, nesta segunda-feira, que contemplou tamb\u00e9m o Clube do Trabalhador, no bairro S\u00e3o Jos\u00e9, Escola SESI Dr. Adalberto Valle, no Adrian\u00f3polis, e o Centro de Atividades Dr. Diocl\u00e9cio de Miranda Corr\u00eaa, no S\u00e3o Jorge.<\/p>\n<p>Educa\u00e7\u00e3o na inclus\u00e3o social e na alimenta\u00e7\u00e3o saud\u00e1vel<\/p>\n<p>Na avalia\u00e7\u00e3o de Gilberto sobre os projetos estrat\u00e9gicos do<\/p>\n<figure id=\"attachment_7547\" aria-describedby=\"caption-attachment-7547\" style=\"width: 574px\" class=\"wp-caption aligncenter\"><a href=\"https:\/\/marketingmassivo.com.br\/sesi\/wp-content\/uploads\/sites\/12\/2015\/10\/Presidente-Nacional-do-SESI-vai-levar-o-modelo-da-creche-do-SESI-AM-para-outros-Deparatamentos-Regionais.jpg\"><img fetchpriority=\"high\" decoding=\"async\" class=\" wp-image-7547  \" alt=\"Presidente Nacional do SESI vai levar o modelo da creche do SESI AM para outros Deparatamentos Regionais\" src=\"https:\/\/marketingmassivo.com.br\/sesi\/wp-content\/uploads\/sites\/12\/2015\/10\/Presidente-Nacional-do-SESI-vai-levar-o-modelo-da-creche-do-SESI-AM-para-outros-Deparatamentos-Regionais.jpg\" width=\"574\" height=\"414\" srcset=\"https:\/\/fieam.org.br\/sesi\/wp-content\/uploads\/sites\/14\/2015\/10\/Presidente-Nacional-do-SESI-vai-levar-o-modelo-da-creche-do-SESI-AM-para-outros-Deparatamentos-Regionais.jpg 1024w, https:\/\/fieam.org.br\/sesi\/wp-content\/uploads\/sites\/14\/2015\/10\/Presidente-Nacional-do-SESI-vai-levar-o-modelo-da-creche-do-SESI-AM-para-outros-Deparatamentos-Regionais-300x217.jpg 300w, https:\/\/fieam.org.br\/sesi\/wp-content\/uploads\/sites\/14\/2015\/10\/Presidente-Nacional-do-SESI-vai-levar-o-modelo-da-creche-do-SESI-AM-para-outros-Deparatamentos-Regionais-768x554.jpg 768w\" sizes=\"(max-width: 574px) 100vw, 574px\" \/><\/a><figcaption id=\"caption-attachment-7547\" class=\"wp-caption-text\">Presidente Nacional do SESI vai levar o modelo da creche do SESI AM para outros Deparatamentos Regionais<\/figcaption><\/figure>\n<p>ViraVida e da Cozinha Brasil, o Departamento Regional do SESI\/AM est\u00e1 caminhando bem e com bons resultados. Em mais de tr\u00eas anos de implanta\u00e7\u00e3o do projeto no SESI Amazonas, aproximadamente 150 jovens que tiveram algum abuso sexual tiveram a oportunidade de recome\u00e7ar suas hist\u00f3rias, tendo acesso \u00e0 educa\u00e7\u00e3o b\u00e1sica e profissional, acompanhamento psicol\u00f3gico e a inclus\u00e3o no mercado de trabalho.<\/p>\n<p>\u201cO que fazemos \u00e9 como se fosse apenas uma gota do oceano, mas as diversas hist\u00f3rias de supera\u00e7\u00e3o, de conquista e determina\u00e7\u00e3o de jovens atendidos pelo ViraVida, nos impulsionam a realizar cada vez mais esse trabalho social. A iniciativa do SESI Amazonas e as parcerias das demais institui\u00e7\u00f5es p\u00fablicas e privadas mostram o compromisso de todos na efetiva miss\u00e3o deste projeto de transformar vidas\u201d, destacou Carvalho.<\/p>\n<p>O SESI Amazonas acompanha a 4\u00aa turma do programa, que funciona no Regional desde 2012. Neste ano, 92 alunos entre 14 a 21 anos, que tiveram traumas por explora\u00e7\u00e3o sexual, est\u00e3o em atividade de capacita\u00e7\u00e3o profissional e em tratamento psicossocial realizados pela equipe multiprofissional do SESI Amazonas e dos demais parceiros, dentre eles o Servi\u00e7o Nacional de Aprendizagem Industrial (SENAI) que oferece cursos de qualifica\u00e7\u00e3o para o ingresso dos jovens no mercado de trabalho.<\/p>\n<p>Segundo a diretora t\u00e9cnica do SESI\/AM, Rosana Vasconcelos, 28 alunos da terceira turma do ViraVida do Amazonas v\u00e3o se formar, em novembro, e j\u00e1 est\u00e3o passando pela efetiva transforma\u00e7\u00e3o comportamento, de vis\u00e3o de mundo e de perspectiva de futuro.<\/p>\n<figure id=\"attachment_7546\" aria-describedby=\"caption-attachment-7546\" style=\"width: 574px\" class=\"wp-caption aligncenter\"><a href=\"http:\/\/www.fieam.org.br\/2015\/sesi\/wp-content\/uploads\/sites\/2\/2015\/10\/Gilberto-Carvalho-elogia-a-estrutura-e-organiza\u00e7\u00e3o-da-creche-do-SESI-AM.jpg\"><img decoding=\"async\" class=\" wp-image-7546  \" alt=\"Gilberto Carvalho elogia a estrutura e organiza\u00e7\u00e3o da creche do SESI AM\" src=\"http:\/\/www.fieam.org.br\/2015\/sesi\/wp-content\/uploads\/sites\/2\/2015\/10\/Gilberto-Carvalho-elogia-a-estrutura-e-organiza\u00e7\u00e3o-da-creche-do-SESI-AM.jpg\" width=\"574\" height=\"378\" \/><\/a><figcaption id=\"caption-attachment-7546\" class=\"wp-caption-text\">Gilberto Carvalho elogia a estrutura e organiza\u00e7\u00e3o da creche do SESI AM<\/figcaption><\/figure>\n<p>\u201cO ViraVida tem um valor imensur\u00e1vel para as crian\u00e7as e jovens que est\u00e3o \u00e0 margem da vulnerabilidade da explora\u00e7\u00e3o sexual. O projeto resgata esses jovens e lhes d\u00e1 acesso a educa\u00e7\u00e3o e \u00e0s atividades l\u00fadicas e sociais para que consigam superar o que passaram e ainda serem preparados para um emprego\u201d, explica Rosa Vasconcelos.<\/p>\n<p>Com rela\u00e7\u00e3o ao Programa Cozinha Brasil, Rosana revela que o trabalho possui uma abrang\u00eancia cada vez maior e que, somente em 2015, mais de tr\u00eas mil pessoas j\u00e1 passaram pelo curso de reeduca\u00e7\u00e3o alimentar e aproveitamento dos alimentos na \u00edntegra.<\/p>\n<p>\u201cEstamos num esfor\u00e7o de trabalhar cada vez mais com o p\u00fablico infantil de nossa institui\u00e7\u00e3o para que a reeduca\u00e7\u00e3o alimentar comece na base da fam\u00edlia e que nossos alunos contribuam na cultura da boa alimenta\u00e7\u00e3o e do n\u00e3o desperd\u00edcio dos alimentos e seus nutrientes dentro de casa. Estamos tamb\u00e9m conscientizando os pais de nossos alunos em reuni\u00f5es bimestrais sobre a import\u00e2ncia da alimenta\u00e7\u00e3o para o crescimento e qualidade de vida de toda a fam\u00edlia\u201d, destacou a diretora t\u00e9cnica do SESI Amazonas.<\/p>\n<h3>[nggallery id=301]<\/h3>\n<p>ATENDIMENTO \u00c0 IMPRENSA<\/p>\n<p>Diretoria de Comunica\u00e7\u00e3o e Marketing do Sistema FIEAM<\/p>\n<p>Tel: (92) 3186-6576 Fax: (92) 3186-6579<\/p>\n<p>E-mail: imprensa@fieam.org.br<\/p>\n<p><div class=\"ose-wrapper ose-uid-97751f903cc6bc4689e1729f27368b74 ose-embedpress-responsive\" style=\"width:600px; height:550px; max-height:550px; max-width:100%; display:inline-block;\" data-embed-type=\"document_br\"><iframe allowFullScreen=\"true\" width=\"600\" height=\"550\" src=\"http:\/\/www.fieam.org.br\" > <\/iframe><\/div><\/p>\n<p><div class=\"ose- ose-uid-e794aeb24a2ea421982369c81958aeac ose-embedpress-responsive\" style=\"width:600px; height:550px; max-height:550px; max-width:100%; display:inline-block;\" data-embed-type=\"Facebook\"><iframe allowFullScreen=\"true\" class=\"embera-facebook-iframe-cb442\" src=\"https:\/\/www.facebook.com\/plugins\/post.php?href=https%3A%2F%2Fwww.facebook.com%2Fsistemafieam&width=600&height=550&show_text=true\" width=\"600\" height=\"550\" style=\"border:none;overflow:hidden\" scrolling=\"no\" frameborder=\"0\" allowTransparency=\"true\"><\/iframe><\/div><\/p>\n<p>Twitter: @fieam @sesiamazonas @senaiamazonas @ielamazonas<\/p>\n","protected":false},"excerpt":{"rendered":"<p>O presidente do Conselho Nacional do Servi\u00e7o Social da Ind\u00fastria (SESI), Gilberto Carvalho, se surpreendeu com a infraestrutura e a organiza\u00e7\u00e3o da Escola SESI Dr. Francisco Garcia, onde funciona creche para 2.200 crian\u00e7as, filhas de industri\u00e1rios, e disse que pretende levar o modelo da unidade para os outros Departamentos Regionais da institui\u00e7\u00e3o. \u201cEstou encantado com [&hellip;]<\/p>\n","protected":false},"author":1,"featured_media":0,"comment_status":"open","ping_status":"open","sticky":false,"template":"","format":"standard","meta":{"footnotes":""},"categories":[25],"tags":[],"class_list":["post-7543","post","type-post","status-publish","format-standard","hentry","category-news"],"yoast_head":"<!-- This site is optimized with the Yoast SEO plugin v28.2 - https:\/\/yoast.com\/product\/yoast-seo-wordpress\/ -->\n<title>Gilberto Carvalho destaca servi\u00e7os do SESI - SESI<\/title>\n<meta name=\"robots\" content=\"index, follow, max-snippet:-1, max-image-preview:large, max-video-preview:-1\" \/>\n<link rel=\"canonical\" href=\"https:\/\/fieam.org.br\/sesi\/gilberto-carvalho-destaca-servicos-do-sesi\/\" \/>\n<meta property=\"og:locale\" content=\"pt_BR\" \/>\n<meta property=\"og:type\" content=\"article\" \/>\n<meta property=\"og:title\" content=\"Gilberto Carvalho destaca servi\u00e7os do SESI - SESI\" \/>\n<meta property=\"og:description\" content=\"O presidente do Conselho Nacional do Servi\u00e7o Social da Ind\u00fastria (SESI), Gilberto Carvalho, se surpreendeu com a infraestrutura e a organiza\u00e7\u00e3o da Escola SESI Dr. Francisco Garcia, onde funciona creche para 2.200 crian\u00e7as, filhas de industri\u00e1rios, e disse que pretende levar o modelo da unidade para os outros Departamentos Regionais da institui\u00e7\u00e3o. \u201cEstou encantado com [&hellip;]\" \/>\n<meta property=\"og:url\" content=\"https:\/\/fieam.org.br\/sesi\/gilberto-carvalho-destaca-servicos-do-sesi\/\" \/>\n<meta property=\"og:site_name\" content=\"SESI\" \/>\n<meta property=\"article:published_time\" content=\"2015-10-06T13:01:24+00:00\" \/>\n<meta property=\"og:image\" content=\"https:\/\/fieam.org.br\/sesi\/wp-content\/uploads\/sites\/14\/2015\/10\/Presidente-Nacional-do-SESI-vai-levar-o-modelo-da-creche-do-SESI-AM-para-outros-Deparatamentos-Regionais.jpg\" \/>\n\t<meta property=\"og:image:width\" content=\"1024\" \/>\n\t<meta property=\"og:image:height\" content=\"739\" \/>\n\t<meta property=\"og:image:type\" content=\"image\/jpeg\" \/>\n<meta name=\"author\" content=\"Autor\" \/>\n<meta name=\"twitter:card\" content=\"summary_large_image\" \/>\n<meta name=\"twitter:label1\" content=\"Escrito por\" \/>\n\t<meta name=\"twitter:data1\" content=\"Autor\" \/>\n\t<meta name=\"twitter:label2\" content=\"Est. tempo de leitura\" \/>\n\t<meta name=\"twitter:data2\" content=\"4 minutos\" \/>\n<script type=\"application\/ld+json\" class=\"yoast-schema-graph\">{\"@context\":\"https:\\\/\\\/schema.org\",\"@graph\":[{\"@type\":\"Article\",\"@id\":\"https:\\\/\\\/fieam.org.br\\\/sesi\\\/gilberto-carvalho-destaca-servicos-do-sesi\\\/#article\",\"isPartOf\":{\"@id\":\"https:\\\/\\\/fieam.org.br\\\/sesi\\\/gilberto-carvalho-destaca-servicos-do-sesi\\\/\"},\"author\":{\"name\":\"Autor\",\"@id\":\"https:\\\/\\\/fieam.org.br\\\/sesi\\\/#\\\/schema\\\/person\\\/f54998dd14d5f0695b41444f2b01c31e\"},\"headline\":\"Gilberto Carvalho destaca servi\u00e7os do SESI\",\"datePublished\":\"2015-10-06T13:01:24+00:00\",\"mainEntityOfPage\":{\"@id\":\"https:\\\/\\\/fieam.org.br\\\/sesi\\\/gilberto-carvalho-destaca-servicos-do-sesi\\\/\"},\"wordCount\":902,\"commentCount\":0,\"publisher\":{\"@id\":\"https:\\\/\\\/fieam.org.br\\\/sesi\\\/#organization\"},\"image\":{\"@id\":\"https:\\\/\\\/fieam.org.br\\\/sesi\\\/gilberto-carvalho-destaca-servicos-do-sesi\\\/#primaryimage\"},\"thumbnailUrl\":\"https:\\\/\\\/marketingmassivo.com.br\\\/sesi\\\/wp-content\\\/uploads\\\/sites\\\/12\\\/2015\\\/10\\\/Presidente-Nacional-do-SESI-vai-levar-o-modelo-da-creche-do-SESI-AM-para-outros-Deparatamentos-Regionais.jpg\",\"articleSection\":[\"News\"],\"inLanguage\":\"pt-BR\",\"potentialAction\":[{\"@type\":\"CommentAction\",\"name\":\"Comment\",\"target\":[\"https:\\\/\\\/fieam.org.br\\\/sesi\\\/gilberto-carvalho-destaca-servicos-do-sesi\\\/#respond\"]}]},{\"@type\":\"WebPage\",\"@id\":\"https:\\\/\\\/fieam.org.br\\\/sesi\\\/gilberto-carvalho-destaca-servicos-do-sesi\\\/\",\"url\":\"https:\\\/\\\/fieam.org.br\\\/sesi\\\/gilberto-carvalho-destaca-servicos-do-sesi\\\/\",\"name\":\"Gilberto Carvalho destaca servi\u00e7os do SESI - SESI\",\"isPartOf\":{\"@id\":\"https:\\\/\\\/fieam.org.br\\\/sesi\\\/#website\"},\"primaryImageOfPage\":{\"@id\":\"https:\\\/\\\/fieam.org.br\\\/sesi\\\/gilberto-carvalho-destaca-servicos-do-sesi\\\/#primaryimage\"},\"image\":{\"@id\":\"https:\\\/\\\/fieam.org.br\\\/sesi\\\/gilberto-carvalho-destaca-servicos-do-sesi\\\/#primaryimage\"},\"thumbnailUrl\":\"https:\\\/\\\/marketingmassivo.com.br\\\/sesi\\\/wp-content\\\/uploads\\\/sites\\\/12\\\/2015\\\/10\\\/Presidente-Nacional-do-SESI-vai-levar-o-modelo-da-creche-do-SESI-AM-para-outros-Deparatamentos-Regionais.jpg\",\"datePublished\":\"2015-10-06T13:01:24+00:00\",\"breadcrumb\":{\"@id\":\"https:\\\/\\\/fieam.org.br\\\/sesi\\\/gilberto-carvalho-destaca-servicos-do-sesi\\\/#breadcrumb\"},\"inLanguage\":\"pt-BR\",\"potentialAction\":[{\"@type\":\"ReadAction\",\"target\":[\"https:\\\/\\\/fieam.org.br\\\/sesi\\\/gilberto-carvalho-destaca-servicos-do-sesi\\\/\"]}]},{\"@type\":\"ImageObject\",\"inLanguage\":\"pt-BR\",\"@id\":\"https:\\\/\\\/fieam.org.br\\\/sesi\\\/gilberto-carvalho-destaca-servicos-do-sesi\\\/#primaryimage\",\"url\":\"https:\\\/\\\/marketingmassivo.com.br\\\/sesi\\\/wp-content\\\/uploads\\\/sites\\\/12\\\/2015\\\/10\\\/Presidente-Nacional-do-SESI-vai-levar-o-modelo-da-creche-do-SESI-AM-para-outros-Deparatamentos-Regionais.jpg\",\"contentUrl\":\"https:\\\/\\\/marketingmassivo.com.br\\\/sesi\\\/wp-content\\\/uploads\\\/sites\\\/12\\\/2015\\\/10\\\/Presidente-Nacional-do-SESI-vai-levar-o-modelo-da-creche-do-SESI-AM-para-outros-Deparatamentos-Regionais.jpg\"},{\"@type\":\"BreadcrumbList\",\"@id\":\"https:\\\/\\\/fieam.org.br\\\/sesi\\\/gilberto-carvalho-destaca-servicos-do-sesi\\\/#breadcrumb\",\"itemListElement\":[{\"@type\":\"ListItem\",\"position\":1,\"name\":\"In\u00edcio\",\"item\":\"https:\\\/\\\/fieam.org.br\\\/sesi\\\/\"},{\"@type\":\"ListItem\",\"position\":2,\"name\":\"Gilberto Carvalho destaca servi\u00e7os do SESI\"}]},{\"@type\":\"WebSite\",\"@id\":\"https:\\\/\\\/fieam.org.br\\\/sesi\\\/#website\",\"url\":\"https:\\\/\\\/fieam.org.br\\\/sesi\\\/\",\"name\":\"SESI\",\"description\":\"Site Oficial!\",\"publisher\":{\"@id\":\"https:\\\/\\\/fieam.org.br\\\/sesi\\\/#organization\"},\"potentialAction\":[{\"@type\":\"SearchAction\",\"target\":{\"@type\":\"EntryPoint\",\"urlTemplate\":\"https:\\\/\\\/fieam.org.br\\\/sesi\\\/?s={search_term_string}\"},\"query-input\":{\"@type\":\"PropertyValueSpecification\",\"valueRequired\":true,\"valueName\":\"search_term_string\"}}],\"inLanguage\":\"pt-BR\"},{\"@type\":\"Organization\",\"@id\":\"https:\\\/\\\/fieam.org.br\\\/sesi\\\/#organization\",\"name\":\"SESI\",\"url\":\"https:\\\/\\\/fieam.org.br\\\/sesi\\\/\",\"logo\":{\"@type\":\"ImageObject\",\"inLanguage\":\"pt-BR\",\"@id\":\"https:\\\/\\\/fieam.org.br\\\/sesi\\\/#\\\/schema\\\/logo\\\/image\\\/\",\"url\":\"https:\\\/\\\/fieam.org.br\\\/sesi\\\/wp-content\\\/uploads\\\/sites\\\/14\\\/2024\\\/03\\\/cropped-fav.png\",\"contentUrl\":\"https:\\\/\\\/fieam.org.br\\\/sesi\\\/wp-content\\\/uploads\\\/sites\\\/14\\\/2024\\\/03\\\/cropped-fav.png\",\"width\":610,\"height\":589,\"caption\":\"SESI\"},\"image\":{\"@id\":\"https:\\\/\\\/fieam.org.br\\\/sesi\\\/#\\\/schema\\\/logo\\\/image\\\/\"}},{\"@type\":\"Person\",\"@id\":\"https:\\\/\\\/fieam.org.br\\\/sesi\\\/#\\\/schema\\\/person\\\/f54998dd14d5f0695b41444f2b01c31e\",\"name\":\"Autor\",\"image\":{\"@type\":\"ImageObject\",\"inLanguage\":\"pt-BR\",\"@id\":\"https:\\\/\\\/secure.gravatar.com\\\/avatar\\\/3732c223e0e1fad69062a8f770955c9068d37b055204f310a0be18d4069fe380?s=96&d=mm&r=g\",\"url\":\"https:\\\/\\\/secure.gravatar.com\\\/avatar\\\/3732c223e0e1fad69062a8f770955c9068d37b055204f310a0be18d4069fe380?s=96&d=mm&r=g\",\"contentUrl\":\"https:\\\/\\\/secure.gravatar.com\\\/avatar\\\/3732c223e0e1fad69062a8f770955c9068d37b055204f310a0be18d4069fe380?s=96&d=mm&r=g\",\"caption\":\"Autor\"},\"sameAs\":[\"https:\\\/\\\/marketingmassivo.com.br\"],\"url\":\"https:\\\/\\\/fieam.org.br\\\/sesi\\\/author\\\/admin\\\/\"}]}<\/script>\n<!-- \/ Yoast SEO plugin. -->","yoast_head_json":{"title":"Gilberto Carvalho destaca servi\u00e7os do SESI - SESI","robots":{"index":"index","follow":"follow","max-snippet":"max-snippet:-1","max-image-preview":"max-image-preview:large","max-video-preview":"max-video-preview:-1"},"canonical":"https:\/\/fieam.org.br\/sesi\/gilberto-carvalho-destaca-servicos-do-sesi\/","og_locale":"pt_BR","og_type":"article","og_title":"Gilberto Carvalho destaca servi\u00e7os do SESI - SESI","og_description":"O presidente do Conselho Nacional do Servi\u00e7o Social da Ind\u00fastria (SESI), Gilberto Carvalho, se surpreendeu com a infraestrutura e a organiza\u00e7\u00e3o da Escola SESI Dr. Francisco Garcia, onde funciona creche para 2.200 crian\u00e7as, filhas de industri\u00e1rios, e disse que pretende levar o modelo da unidade para os outros Departamentos Regionais da institui\u00e7\u00e3o. \u201cEstou encantado com [&hellip;]","og_url":"https:\/\/fieam.org.br\/sesi\/gilberto-carvalho-destaca-servicos-do-sesi\/","og_site_name":"SESI","article_published_time":"2015-10-06T13:01:24+00:00","og_image":[{"width":1024,"height":739,"url":"https:\/\/fieam.org.br\/sesi\/wp-content\/uploads\/sites\/14\/2015\/10\/Presidente-Nacional-do-SESI-vai-levar-o-modelo-da-creche-do-SESI-AM-para-outros-Deparatamentos-Regionais.jpg","type":"image\/jpeg"}],"author":"Autor","twitter_card":"summary_large_image","twitter_misc":{"Escrito por":"Autor","Est. tempo de leitura":"4 minutos"},"schema":{"@context":"https:\/\/schema.org","@graph":[{"@type":"Article","@id":"https:\/\/fieam.org.br\/sesi\/gilberto-carvalho-destaca-servicos-do-sesi\/#article","isPartOf":{"@id":"https:\/\/fieam.org.br\/sesi\/gilberto-carvalho-destaca-servicos-do-sesi\/"},"author":{"name":"Autor","@id":"https:\/\/fieam.org.br\/sesi\/#\/schema\/person\/f54998dd14d5f0695b41444f2b01c31e"},"headline":"Gilberto Carvalho destaca servi\u00e7os do SESI","datePublished":"2015-10-06T13:01:24+00:00","mainEntityOfPage":{"@id":"https:\/\/fieam.org.br\/sesi\/gilberto-carvalho-destaca-servicos-do-sesi\/"},"wordCount":902,"commentCount":0,"publisher":{"@id":"https:\/\/fieam.org.br\/sesi\/#organization"},"image":{"@id":"https:\/\/fieam.org.br\/sesi\/gilberto-carvalho-destaca-servicos-do-sesi\/#primaryimage"},"thumbnailUrl":"https:\/\/marketingmassivo.com.br\/sesi\/wp-content\/uploads\/sites\/12\/2015\/10\/Presidente-Nacional-do-SESI-vai-levar-o-modelo-da-creche-do-SESI-AM-para-outros-Deparatamentos-Regionais.jpg","articleSection":["News"],"inLanguage":"pt-BR","potentialAction":[{"@type":"CommentAction","name":"Comment","target":["https:\/\/fieam.org.br\/sesi\/gilberto-carvalho-destaca-servicos-do-sesi\/#respond"]}]},{"@type":"WebPage","@id":"https:\/\/fieam.org.br\/sesi\/gilberto-carvalho-destaca-servicos-do-sesi\/","url":"https:\/\/fieam.org.br\/sesi\/gilberto-carvalho-destaca-servicos-do-sesi\/","name":"Gilberto Carvalho destaca servi\u00e7os do SESI - SESI","isPartOf":{"@id":"https:\/\/fieam.org.br\/sesi\/#website"},"primaryImageOfPage":{"@id":"https:\/\/fieam.org.br\/sesi\/gilberto-carvalho-destaca-servicos-do-sesi\/#primaryimage"},"image":{"@id":"https:\/\/fieam.org.br\/sesi\/gilberto-carvalho-destaca-servicos-do-sesi\/#primaryimage"},"thumbnailUrl":"https:\/\/marketingmassivo.com.br\/sesi\/wp-content\/uploads\/sites\/12\/2015\/10\/Presidente-Nacional-do-SESI-vai-levar-o-modelo-da-creche-do-SESI-AM-para-outros-Deparatamentos-Regionais.jpg","datePublished":"2015-10-06T13:01:24+00:00","breadcrumb":{"@id":"https:\/\/fieam.org.br\/sesi\/gilberto-carvalho-destaca-servicos-do-sesi\/#breadcrumb"},"inLanguage":"pt-BR","potentialAction":[{"@type":"ReadAction","target":["https:\/\/fieam.org.br\/sesi\/gilberto-carvalho-destaca-servicos-do-sesi\/"]}]},{"@type":"ImageObject","inLanguage":"pt-BR","@id":"https:\/\/fieam.org.br\/sesi\/gilberto-carvalho-destaca-servicos-do-sesi\/#primaryimage","url":"https:\/\/marketingmassivo.com.br\/sesi\/wp-content\/uploads\/sites\/12\/2015\/10\/Presidente-Nacional-do-SESI-vai-levar-o-modelo-da-creche-do-SESI-AM-para-outros-Deparatamentos-Regionais.jpg","contentUrl":"https:\/\/marketingmassivo.com.br\/sesi\/wp-content\/uploads\/sites\/12\/2015\/10\/Presidente-Nacional-do-SESI-vai-levar-o-modelo-da-creche-do-SESI-AM-para-outros-Deparatamentos-Regionais.jpg"},{"@type":"BreadcrumbList","@id":"https:\/\/fieam.org.br\/sesi\/gilberto-carvalho-destaca-servicos-do-sesi\/#breadcrumb","itemListElement":[{"@type":"ListItem","position":1,"name":"In\u00edcio","item":"https:\/\/fieam.org.br\/sesi\/"},{"@type":"ListItem","position":2,"name":"Gilberto Carvalho destaca servi\u00e7os do SESI"}]},{"@type":"WebSite","@id":"https:\/\/fieam.org.br\/sesi\/#website","url":"https:\/\/fieam.org.br\/sesi\/","name":"SESI","description":"Site Oficial!","publisher":{"@id":"https:\/\/fieam.org.br\/sesi\/#organization"},"potentialAction":[{"@type":"SearchAction","target":{"@type":"EntryPoint","urlTemplate":"https:\/\/fieam.org.br\/sesi\/?s={search_term_string}"},"query-input":{"@type":"PropertyValueSpecification","valueRequired":true,"valueName":"search_term_string"}}],"inLanguage":"pt-BR"},{"@type":"Organization","@id":"https:\/\/fieam.org.br\/sesi\/#organization","name":"SESI","url":"https:\/\/fieam.org.br\/sesi\/","logo":{"@type":"ImageObject","inLanguage":"pt-BR","@id":"https:\/\/fieam.org.br\/sesi\/#\/schema\/logo\/image\/","url":"https:\/\/fieam.org.br\/sesi\/wp-content\/uploads\/sites\/14\/2024\/03\/cropped-fav.png","contentUrl":"https:\/\/fieam.org.br\/sesi\/wp-content\/uploads\/sites\/14\/2024\/03\/cropped-fav.png","width":610,"height":589,"caption":"SESI"},"image":{"@id":"https:\/\/fieam.org.br\/sesi\/#\/schema\/logo\/image\/"}},{"@type":"Person","@id":"https:\/\/fieam.org.br\/sesi\/#\/schema\/person\/f54998dd14d5f0695b41444f2b01c31e","name":"Autor","image":{"@type":"ImageObject","inLanguage":"pt-BR","@id":"https:\/\/secure.gravatar.com\/avatar\/3732c223e0e1fad69062a8f770955c9068d37b055204f310a0be18d4069fe380?s=96&d=mm&r=g","url":"https:\/\/secure.gravatar.com\/avatar\/3732c223e0e1fad69062a8f770955c9068d37b055204f310a0be18d4069fe380?s=96&d=mm&r=g","contentUrl":"https:\/\/secure.gravatar.com\/avatar\/3732c223e0e1fad69062a8f770955c9068d37b055204f310a0be18d4069fe380?s=96&d=mm&r=g","caption":"Autor"},"sameAs":["https:\/\/marketingmassivo.com.br"],"url":"https:\/\/fieam.org.br\/sesi\/author\/admin\/"}]}},"_links":{"self":[{"href":"https:\/\/fieam.org.br\/sesi\/wp-json\/wp\/v2\/posts\/7543","targetHints":{"allow":["GET"]}}],"collection":[{"href":"https:\/\/fieam.org.br\/sesi\/wp-json\/wp\/v2\/posts"}],"about":[{"href":"https:\/\/fieam.org.br\/sesi\/wp-json\/wp\/v2\/types\/post"}],"author":[{"embeddable":true,"href":"https:\/\/fieam.org.br\/sesi\/wp-json\/wp\/v2\/users\/1"}],"replies":[{"embeddable":true,"href":"https:\/\/fieam.org.br\/sesi\/wp-json\/wp\/v2\/comments?post=7543"}],"version-history":[{"count":0,"href":"https:\/\/fieam.org.br\/sesi\/wp-json\/wp\/v2\/posts\/7543\/revisions"}],"wp:attachment":[{"href":"https:\/\/fieam.org.br\/sesi\/wp-json\/wp\/v2\/media?parent=7543"}],"wp:term":[{"taxonomy":"category","embeddable":true,"href":"https:\/\/fieam.org.br\/sesi\/wp-json\/wp\/v2\/categories?post=7543"},{"taxonomy":"post_tag","embeddable":true,"href":"https:\/\/fieam.org.br\/sesi\/wp-json\/wp\/v2\/tags?post=7543"}],"curies":[{"name":"wp","href":"https:\/\/api.w.org\/{rel}","templated":true}]}}