{"id":7507,"date":"2015-09-03T21:16:04","date_gmt":"2015-09-03T21:16:04","guid":{"rendered":"http:\/\/www.fieam.org.br\/site\/sesi\/?p=7507"},"modified":"2015-09-03T21:16:04","modified_gmt":"2015-09-03T21:16:04","slug":"sesisaude-implanta-duas-novas-especialidades","status":"publish","type":"post","link":"https:\/\/fieam.org.br\/sesi\/sesisaude-implanta-duas-novas-especialidades\/","title":{"rendered":"SESISA\u00daDE implanta duas novas especialidades"},"content":{"rendered":"<p><a href=\"http:\/\/www.fieam.org.br\/sesi\" target=\"_blank\" rel=\"noopener\">O Servi\u00e7o Social da Ind\u00fastria (SESI Amazonas)<\/a>, por meio do SESISA\u00daDE, a partir desta semana passou atender tamb\u00e9m com a especialidade m\u00e9dica de Gastroenterologia, al\u00e9m de Psicologia. Os trabalhadores do Polo Industrial de Manaus (PIM) podem contar tamb\u00e9m com os servi\u00e7os de mais 15 especialidades com atendimento, de segunda-feira a s\u00e1bado.<\/p>\n<p>De acordo com o gestor de sa\u00fade assistencial do SESISA\u00daDE, Manuel Inauhiny, a inclus\u00e3o das novas especialidades vai atender procura da ind\u00fastria.<\/p>\n<p><a href=\"http:\/\/www.fieam.org.br\/2015\/sesi\/wp-content\/uploads\/sites\/2\/2015\/09\/Manuel-InauhinyGestor-de-Sa\u00fade-Assistencial-do-SESISA\u00daDE.jpg\"><img fetchpriority=\"high\" decoding=\"async\" class=\"alignnone size-medium wp-image-7508\" alt=\"Manuel Inauhiny,Gestor de Sa\u00fade Assistencial do SESISA\u00daDE\" src=\"http:\/\/www.fieam.org.br\/2015\/sesi\/wp-content\/uploads\/sites\/2\/2015\/09\/Manuel-InauhinyGestor-de-Sa\u00fade-Assistencial-do-SESISA\u00daDE-300x200.jpg\" width=\"300\" height=\"200\" \/><\/a><\/p>\n<p>\u201cImplantamos a Psicologia, especialidade muito solicitada devido as frequentes doen\u00e7as psicol\u00f3gicas que acometem os trabalhadores, como tamb\u00e9m a Gastroenterologia, medicina que focaliza o aparelho digestivo\u201d, explicou Inauhiny.<\/p>\n<p>A especialista em Psicologia Cl\u00ednica com \u00eanfase em Psicologia Infantil, Suene Amanda Santos, disse que\u00a0a\u00a0 pessoa que sente medos frequentes, preocupa\u00e7\u00f5es excessivas, ansiedade e ins\u00f4nia devem ficar atentas e procurar o profissional imediatamente.<\/p>\n<p><a href=\"http:\/\/www.fieam.org.br\/site\/sesi\/files\/2015\/09\/Psicologa-Suene-Amanda-Santosem-atendimento-no-SESISA\u00daDE..jpg\"><img decoding=\"async\" class=\"alignnone size-medium wp-image-7509\" alt=\"Psicologa Suene Amanda Santos,em atendimento no SESISA\u00daDE.\" src=\"http:\/\/www.fieam.org.br\/site\/sesi\/files\/2015\/09\/Psicologa-Suene-Amanda-Santosem-atendimento-no-SESISA\u00daDE.-300x200.jpg\" width=\"300\" height=\"200\" \/><\/a><\/p>\n<p>\u201cNunca o ser humano precisou tanto de auxilio psicol\u00f3gico porque as pessoas andam estressadas e ansiosas. O enfrentamento desses males deve ser por meio de ajuda psicol\u00f3gica\u201d, explicou.<\/p>\n<p>A psic\u00f3loga disse ainda que a Psicoterapia auxilia a outras especialidades para o bom resultado do tratamento, como por exemplo, na Psiquiatria, al\u00e9m de promover o equil\u00edbrio comportamental.<\/p>\n<p>\u201cNa primeira consulta, o objetivo \u00e9 diagnosticar o adoecimento, em seguida inicia-se o tratamento, dependendo do caso chega at\u00e9 12 sess\u00f5es, o objetivo \u00e9 libertar o paciente do sofrimento e promover a sa\u00fade mental do trabalhador\u201d, disse.<\/p>\n<p>O tempo de atendimento da consulta com a m\u00e9dica Suene Santos dura em m\u00e9dia 50 minutos. A consulta \u00e9 realizada com hora marcada\u00a0nas ter\u00e7as-feiras, \u00e0s 8h, e \u00e0s quintas-feiras, \u00e0s 14h.<\/p>\n<p>&nbsp;<\/p>\n<p><b>Gastroenterologia<\/b><\/p>\n<p>&nbsp;<\/p>\n<p>Outra novidade que vem para ampliar o leque de especialidades oferecidas pelo SESISA\u00daDE \u00e9 a Gastroenterologia. Trata-se de uma especialidade da medicina\u00a0que estuda as doen\u00e7as do est\u00f4mago e dos intestinos, com agendamento pr\u00e9vio.\u00a0O gastroenterologista \u00c2ngelo Borba que vai atender\u00a0toda quinta-feira, \u00e0s 14h.<\/p>\n<p><a href=\"https:\/\/marketingmassivo.com.br\/sesi\/wp-content\/uploads\/sites\/12\/2015\/09\/ngelo-Borbagastroenterologista.jpg\"><img decoding=\"async\" class=\"alignnone size-medium wp-image-7510\" alt=\"\u00c2ngelo Borba,gastroenterologista\" src=\"http:\/\/www.fieam.org.br\/site\/sesi\/files\/2015\/09\/\u00c2ngelo-Borbagastroenterologista-300x168.jpg\" width=\"300\" height=\"168\" \/><\/a><\/p>\n<p>Tamb\u00e9m foram implantados recentemente os servi\u00e7os de psiquiatria e pneumologia.\u00a0Os servi\u00e7os do SESISA\u00daDE s\u00e3o realizados na sede da institui\u00e7\u00e3o, localizada na Avenida Get\u00falio Vargas, 1116, Centro. Mais informa\u00e7\u00f5es sobre as especialidades oferecidas, hor\u00e1rios, valores e sobre como adquirir carteirinha SESI, pelos telefones 3186-6610 e 3186-6611.<\/p>\n<p><b>ATENDIMENTO \u00c0 IMPRENSA<\/b><\/p>\n<p>&nbsp;<\/p>\n<p><b>Diretoria de Comunica\u00e7\u00e3o e Marketing do Sistema FIEAM<\/b><\/p>\n<p>Tel: (92) 3186-6576\u00a0 Fax: (92) 3186-6579<\/p>\n<p>E-mail:\u00a0<a href=\"mailto:imprensa@fieam.org.br\">imprensa@fieam.org.br<\/a><\/p>\n<p><a href=\"http:\/\/www.fieam.org.br\/\" target=\"_blank\" rel=\"noopener\">http:\/\/www.fieam.org.br<\/a><\/p>\n<p><a href=\"http:\/\/www.facebook.com\/sistemafieam\" target=\"_blank\" rel=\"noopener\">http:\/\/www.facebook.com\/sistemafieam<\/a><\/p>\n<p>Twitter:\u00a0@fieam\u00a0@sesiamazonas\u00a0@senaiamazonas\u00a0@ielamazonas<\/p>\n<p>&nbsp;<\/p>\n","protected":false},"excerpt":{"rendered":"<p>O Servi\u00e7o Social da Ind\u00fastria (SESI Amazonas), por meio do SESISA\u00daDE, a partir desta semana passou atender tamb\u00e9m com a especialidade m\u00e9dica de Gastroenterologia, al\u00e9m de Psicologia. Os trabalhadores do Polo Industrial de Manaus (PIM) podem contar tamb\u00e9m com os servi\u00e7os de mais 15 especialidades com atendimento, de segunda-feira a s\u00e1bado. De acordo com o [&hellip;]<\/p>\n","protected":false},"author":1,"featured_media":0,"comment_status":"open","ping_status":"open","sticky":false,"template":"","format":"standard","meta":{"footnotes":""},"categories":[25],"tags":[],"class_list":["post-7507","post","type-post","status-publish","format-standard","hentry","category-news"],"yoast_head":"<!-- This site is optimized with the Yoast SEO plugin v28.2 - https:\/\/yoast.com\/product\/yoast-seo-wordpress\/ -->\n<title>SESISA\u00daDE implanta duas novas especialidades - SESI<\/title>\n<meta name=\"robots\" content=\"index, follow, max-snippet:-1, max-image-preview:large, max-video-preview:-1\" \/>\n<link rel=\"canonical\" href=\"https:\/\/fieam.org.br\/sesi\/sesisaude-implanta-duas-novas-especialidades\/\" \/>\n<meta property=\"og:locale\" content=\"pt_BR\" \/>\n<meta property=\"og:type\" content=\"article\" \/>\n<meta property=\"og:title\" content=\"SESISA\u00daDE implanta duas novas especialidades - SESI\" \/>\n<meta property=\"og:description\" content=\"O Servi\u00e7o Social da Ind\u00fastria (SESI Amazonas), por meio do SESISA\u00daDE, a partir desta semana passou atender tamb\u00e9m com a especialidade m\u00e9dica de Gastroenterologia, al\u00e9m de Psicologia. Os trabalhadores do Polo Industrial de Manaus (PIM) podem contar tamb\u00e9m com os servi\u00e7os de mais 15 especialidades com atendimento, de segunda-feira a s\u00e1bado. De acordo com o [&hellip;]\" \/>\n<meta property=\"og:url\" content=\"https:\/\/fieam.org.br\/sesi\/sesisaude-implanta-duas-novas-especialidades\/\" \/>\n<meta property=\"og:site_name\" content=\"SESI\" \/>\n<meta property=\"article:published_time\" content=\"2015-09-03T21:16:04+00:00\" \/>\n<meta name=\"author\" content=\"Autor\" \/>\n<meta name=\"twitter:card\" content=\"summary_large_image\" \/>\n<meta name=\"twitter:label1\" content=\"Escrito por\" \/>\n\t<meta name=\"twitter:data1\" content=\"Autor\" \/>\n\t<meta name=\"twitter:label2\" content=\"Est. tempo de leitura\" \/>\n\t<meta name=\"twitter:data2\" content=\"2 minutos\" \/>\n<script type=\"application\/ld+json\" class=\"yoast-schema-graph\">{\"@context\":\"https:\\\/\\\/schema.org\",\"@graph\":[{\"@type\":\"Article\",\"@id\":\"https:\\\/\\\/fieam.org.br\\\/sesi\\\/sesisaude-implanta-duas-novas-especialidades\\\/#article\",\"isPartOf\":{\"@id\":\"https:\\\/\\\/fieam.org.br\\\/sesi\\\/sesisaude-implanta-duas-novas-especialidades\\\/\"},\"author\":{\"name\":\"Autor\",\"@id\":\"https:\\\/\\\/fieam.org.br\\\/sesi\\\/#\\\/schema\\\/person\\\/f54998dd14d5f0695b41444f2b01c31e\"},\"headline\":\"SESISA\u00daDE implanta duas novas especialidades\",\"datePublished\":\"2015-09-03T21:16:04+00:00\",\"mainEntityOfPage\":{\"@id\":\"https:\\\/\\\/fieam.org.br\\\/sesi\\\/sesisaude-implanta-duas-novas-especialidades\\\/\"},\"wordCount\":430,\"commentCount\":1,\"publisher\":{\"@id\":\"https:\\\/\\\/fieam.org.br\\\/sesi\\\/#organization\"},\"articleSection\":[\"News\"],\"inLanguage\":\"pt-BR\",\"potentialAction\":[{\"@type\":\"CommentAction\",\"name\":\"Comment\",\"target\":[\"https:\\\/\\\/fieam.org.br\\\/sesi\\\/sesisaude-implanta-duas-novas-especialidades\\\/#respond\"]}]},{\"@type\":\"WebPage\",\"@id\":\"https:\\\/\\\/fieam.org.br\\\/sesi\\\/sesisaude-implanta-duas-novas-especialidades\\\/\",\"url\":\"https:\\\/\\\/fieam.org.br\\\/sesi\\\/sesisaude-implanta-duas-novas-especialidades\\\/\",\"name\":\"SESISA\u00daDE implanta duas novas especialidades - SESI\",\"isPartOf\":{\"@id\":\"https:\\\/\\\/fieam.org.br\\\/sesi\\\/#website\"},\"datePublished\":\"2015-09-03T21:16:04+00:00\",\"breadcrumb\":{\"@id\":\"https:\\\/\\\/fieam.org.br\\\/sesi\\\/sesisaude-implanta-duas-novas-especialidades\\\/#breadcrumb\"},\"inLanguage\":\"pt-BR\",\"potentialAction\":[{\"@type\":\"ReadAction\",\"target\":[\"https:\\\/\\\/fieam.org.br\\\/sesi\\\/sesisaude-implanta-duas-novas-especialidades\\\/\"]}]},{\"@type\":\"BreadcrumbList\",\"@id\":\"https:\\\/\\\/fieam.org.br\\\/sesi\\\/sesisaude-implanta-duas-novas-especialidades\\\/#breadcrumb\",\"itemListElement\":[{\"@type\":\"ListItem\",\"position\":1,\"name\":\"In\u00edcio\",\"item\":\"https:\\\/\\\/fieam.org.br\\\/sesi\\\/\"},{\"@type\":\"ListItem\",\"position\":2,\"name\":\"SESISA\u00daDE implanta duas novas especialidades\"}]},{\"@type\":\"WebSite\",\"@id\":\"https:\\\/\\\/fieam.org.br\\\/sesi\\\/#website\",\"url\":\"https:\\\/\\\/fieam.org.br\\\/sesi\\\/\",\"name\":\"SESI\",\"description\":\"Site Oficial!\",\"publisher\":{\"@id\":\"https:\\\/\\\/fieam.org.br\\\/sesi\\\/#organization\"},\"potentialAction\":[{\"@type\":\"SearchAction\",\"target\":{\"@type\":\"EntryPoint\",\"urlTemplate\":\"https:\\\/\\\/fieam.org.br\\\/sesi\\\/?s={search_term_string}\"},\"query-input\":{\"@type\":\"PropertyValueSpecification\",\"valueRequired\":true,\"valueName\":\"search_term_string\"}}],\"inLanguage\":\"pt-BR\"},{\"@type\":\"Organization\",\"@id\":\"https:\\\/\\\/fieam.org.br\\\/sesi\\\/#organization\",\"name\":\"SESI\",\"url\":\"https:\\\/\\\/fieam.org.br\\\/sesi\\\/\",\"logo\":{\"@type\":\"ImageObject\",\"inLanguage\":\"pt-BR\",\"@id\":\"https:\\\/\\\/fieam.org.br\\\/sesi\\\/#\\\/schema\\\/logo\\\/image\\\/\",\"url\":\"https:\\\/\\\/fieam.org.br\\\/sesi\\\/wp-content\\\/uploads\\\/sites\\\/14\\\/2024\\\/03\\\/cropped-fav.png\",\"contentUrl\":\"https:\\\/\\\/fieam.org.br\\\/sesi\\\/wp-content\\\/uploads\\\/sites\\\/14\\\/2024\\\/03\\\/cropped-fav.png\",\"width\":610,\"height\":589,\"caption\":\"SESI\"},\"image\":{\"@id\":\"https:\\\/\\\/fieam.org.br\\\/sesi\\\/#\\\/schema\\\/logo\\\/image\\\/\"}},{\"@type\":\"Person\",\"@id\":\"https:\\\/\\\/fieam.org.br\\\/sesi\\\/#\\\/schema\\\/person\\\/f54998dd14d5f0695b41444f2b01c31e\",\"name\":\"Autor\",\"image\":{\"@type\":\"ImageObject\",\"inLanguage\":\"pt-BR\",\"@id\":\"https:\\\/\\\/secure.gravatar.com\\\/avatar\\\/3732c223e0e1fad69062a8f770955c9068d37b055204f310a0be18d4069fe380?s=96&d=mm&r=g\",\"url\":\"https:\\\/\\\/secure.gravatar.com\\\/avatar\\\/3732c223e0e1fad69062a8f770955c9068d37b055204f310a0be18d4069fe380?s=96&d=mm&r=g\",\"contentUrl\":\"https:\\\/\\\/secure.gravatar.com\\\/avatar\\\/3732c223e0e1fad69062a8f770955c9068d37b055204f310a0be18d4069fe380?s=96&d=mm&r=g\",\"caption\":\"Autor\"},\"sameAs\":[\"https:\\\/\\\/marketingmassivo.com.br\"],\"url\":\"https:\\\/\\\/fieam.org.br\\\/sesi\\\/author\\\/admin\\\/\"}]}<\/script>\n<!-- \/ Yoast SEO plugin. -->","yoast_head_json":{"title":"SESISA\u00daDE implanta duas novas especialidades - SESI","robots":{"index":"index","follow":"follow","max-snippet":"max-snippet:-1","max-image-preview":"max-image-preview:large","max-video-preview":"max-video-preview:-1"},"canonical":"https:\/\/fieam.org.br\/sesi\/sesisaude-implanta-duas-novas-especialidades\/","og_locale":"pt_BR","og_type":"article","og_title":"SESISA\u00daDE implanta duas novas especialidades - SESI","og_description":"O Servi\u00e7o Social da Ind\u00fastria (SESI Amazonas), por meio do SESISA\u00daDE, a partir desta semana passou atender tamb\u00e9m com a especialidade m\u00e9dica de Gastroenterologia, al\u00e9m de Psicologia. Os trabalhadores do Polo Industrial de Manaus (PIM) podem contar tamb\u00e9m com os servi\u00e7os de mais 15 especialidades com atendimento, de segunda-feira a s\u00e1bado. De acordo com o [&hellip;]","og_url":"https:\/\/fieam.org.br\/sesi\/sesisaude-implanta-duas-novas-especialidades\/","og_site_name":"SESI","article_published_time":"2015-09-03T21:16:04+00:00","author":"Autor","twitter_card":"summary_large_image","twitter_misc":{"Escrito por":"Autor","Est. tempo de leitura":"2 minutos"},"schema":{"@context":"https:\/\/schema.org","@graph":[{"@type":"Article","@id":"https:\/\/fieam.org.br\/sesi\/sesisaude-implanta-duas-novas-especialidades\/#article","isPartOf":{"@id":"https:\/\/fieam.org.br\/sesi\/sesisaude-implanta-duas-novas-especialidades\/"},"author":{"name":"Autor","@id":"https:\/\/fieam.org.br\/sesi\/#\/schema\/person\/f54998dd14d5f0695b41444f2b01c31e"},"headline":"SESISA\u00daDE implanta duas novas especialidades","datePublished":"2015-09-03T21:16:04+00:00","mainEntityOfPage":{"@id":"https:\/\/fieam.org.br\/sesi\/sesisaude-implanta-duas-novas-especialidades\/"},"wordCount":430,"commentCount":1,"publisher":{"@id":"https:\/\/fieam.org.br\/sesi\/#organization"},"articleSection":["News"],"inLanguage":"pt-BR","potentialAction":[{"@type":"CommentAction","name":"Comment","target":["https:\/\/fieam.org.br\/sesi\/sesisaude-implanta-duas-novas-especialidades\/#respond"]}]},{"@type":"WebPage","@id":"https:\/\/fieam.org.br\/sesi\/sesisaude-implanta-duas-novas-especialidades\/","url":"https:\/\/fieam.org.br\/sesi\/sesisaude-implanta-duas-novas-especialidades\/","name":"SESISA\u00daDE implanta duas novas especialidades - SESI","isPartOf":{"@id":"https:\/\/fieam.org.br\/sesi\/#website"},"datePublished":"2015-09-03T21:16:04+00:00","breadcrumb":{"@id":"https:\/\/fieam.org.br\/sesi\/sesisaude-implanta-duas-novas-especialidades\/#breadcrumb"},"inLanguage":"pt-BR","potentialAction":[{"@type":"ReadAction","target":["https:\/\/fieam.org.br\/sesi\/sesisaude-implanta-duas-novas-especialidades\/"]}]},{"@type":"BreadcrumbList","@id":"https:\/\/fieam.org.br\/sesi\/sesisaude-implanta-duas-novas-especialidades\/#breadcrumb","itemListElement":[{"@type":"ListItem","position":1,"name":"In\u00edcio","item":"https:\/\/fieam.org.br\/sesi\/"},{"@type":"ListItem","position":2,"name":"SESISA\u00daDE implanta duas novas especialidades"}]},{"@type":"WebSite","@id":"https:\/\/fieam.org.br\/sesi\/#website","url":"https:\/\/fieam.org.br\/sesi\/","name":"SESI","description":"Site Oficial!","publisher":{"@id":"https:\/\/fieam.org.br\/sesi\/#organization"},"potentialAction":[{"@type":"SearchAction","target":{"@type":"EntryPoint","urlTemplate":"https:\/\/fieam.org.br\/sesi\/?s={search_term_string}"},"query-input":{"@type":"PropertyValueSpecification","valueRequired":true,"valueName":"search_term_string"}}],"inLanguage":"pt-BR"},{"@type":"Organization","@id":"https:\/\/fieam.org.br\/sesi\/#organization","name":"SESI","url":"https:\/\/fieam.org.br\/sesi\/","logo":{"@type":"ImageObject","inLanguage":"pt-BR","@id":"https:\/\/fieam.org.br\/sesi\/#\/schema\/logo\/image\/","url":"https:\/\/fieam.org.br\/sesi\/wp-content\/uploads\/sites\/14\/2024\/03\/cropped-fav.png","contentUrl":"https:\/\/fieam.org.br\/sesi\/wp-content\/uploads\/sites\/14\/2024\/03\/cropped-fav.png","width":610,"height":589,"caption":"SESI"},"image":{"@id":"https:\/\/fieam.org.br\/sesi\/#\/schema\/logo\/image\/"}},{"@type":"Person","@id":"https:\/\/fieam.org.br\/sesi\/#\/schema\/person\/f54998dd14d5f0695b41444f2b01c31e","name":"Autor","image":{"@type":"ImageObject","inLanguage":"pt-BR","@id":"https:\/\/secure.gravatar.com\/avatar\/3732c223e0e1fad69062a8f770955c9068d37b055204f310a0be18d4069fe380?s=96&d=mm&r=g","url":"https:\/\/secure.gravatar.com\/avatar\/3732c223e0e1fad69062a8f770955c9068d37b055204f310a0be18d4069fe380?s=96&d=mm&r=g","contentUrl":"https:\/\/secure.gravatar.com\/avatar\/3732c223e0e1fad69062a8f770955c9068d37b055204f310a0be18d4069fe380?s=96&d=mm&r=g","caption":"Autor"},"sameAs":["https:\/\/marketingmassivo.com.br"],"url":"https:\/\/fieam.org.br\/sesi\/author\/admin\/"}]}},"_links":{"self":[{"href":"https:\/\/fieam.org.br\/sesi\/wp-json\/wp\/v2\/posts\/7507","targetHints":{"allow":["GET"]}}],"collection":[{"href":"https:\/\/fieam.org.br\/sesi\/wp-json\/wp\/v2\/posts"}],"about":[{"href":"https:\/\/fieam.org.br\/sesi\/wp-json\/wp\/v2\/types\/post"}],"author":[{"embeddable":true,"href":"https:\/\/fieam.org.br\/sesi\/wp-json\/wp\/v2\/users\/1"}],"replies":[{"embeddable":true,"href":"https:\/\/fieam.org.br\/sesi\/wp-json\/wp\/v2\/comments?post=7507"}],"version-history":[{"count":0,"href":"https:\/\/fieam.org.br\/sesi\/wp-json\/wp\/v2\/posts\/7507\/revisions"}],"wp:attachment":[{"href":"https:\/\/fieam.org.br\/sesi\/wp-json\/wp\/v2\/media?parent=7507"}],"wp:term":[{"taxonomy":"category","embeddable":true,"href":"https:\/\/fieam.org.br\/sesi\/wp-json\/wp\/v2\/categories?post=7507"},{"taxonomy":"post_tag","embeddable":true,"href":"https:\/\/fieam.org.br\/sesi\/wp-json\/wp\/v2\/tags?post=7507"}],"curies":[{"name":"wp","href":"https:\/\/api.w.org\/{rel}","templated":true}]}}