{"id":7388,"date":"2015-07-21T22:14:07","date_gmt":"2015-07-21T22:14:07","guid":{"rendered":"http:\/\/www.fieam.org.br\/site\/sesi\/?p=7388"},"modified":"2015-07-21T22:14:07","modified_gmt":"2015-07-21T22:14:07","slug":"honda-e-salcomp-sao-campeas-no-atletismo-dos-jogos-sesi","status":"publish","type":"post","link":"https:\/\/fieam.org.br\/sesi\/honda-e-salcomp-sao-campeas-no-atletismo-dos-jogos-sesi\/","title":{"rendered":"Honda e Salcomp s\u00e3o campe\u00e3s no atletismo dos Jogos SESI"},"content":{"rendered":"<figure id=\"attachment_7389\" aria-describedby=\"caption-attachment-7389\" style=\"width: 300px\" class=\"wp-caption alignleft\"><a href=\"http:\/\/www.fieam.org.br\/site\/sesi\/honda-e-salcomp-sao-campeas-no-atletismo-dos-jogos-sesi\/moto-honda-conquista-o-ouro-no-revezamento-4x100m\/\" rel=\"attachment wp-att-7389\"><img fetchpriority=\"high\" decoding=\"async\" class=\"size-medium wp-image-7389\" alt=\"Moto Honda conquista o ouro no revezamento 4x100m\" src=\"http:\/\/www.fieam.org.br\/2015\/sesi\/wp-content\/uploads\/sites\/2\/2015\/07\/Moto-Honda-conquista-o-ouro-no-revezamento-4x100m-300x200.jpg\" width=\"300\" height=\"200\" srcset=\"https:\/\/fieam.org.br\/sesi\/wp-content\/uploads\/sites\/14\/2015\/07\/Moto-Honda-conquista-o-ouro-no-revezamento-4x100m-300x200.jpg 300w, https:\/\/fieam.org.br\/sesi\/wp-content\/uploads\/sites\/14\/2015\/07\/Moto-Honda-conquista-o-ouro-no-revezamento-4x100m-768x512.jpg 768w, https:\/\/fieam.org.br\/sesi\/wp-content\/uploads\/sites\/14\/2015\/07\/Moto-Honda-conquista-o-ouro-no-revezamento-4x100m.jpg 1024w\" sizes=\"(max-width: 300px) 100vw, 300px\" \/><\/a><figcaption id=\"caption-attachment-7389\" class=\"wp-caption-text\">Moto Honda conquista o ouro no revezamento 4x100m<\/figcaption><\/figure>\n<p>Na segunda e \u00faltima etapa do atletismo dos Jogos\u00a0<a href=\"http:\/\/www.fieam.org.br\/sesi\" target=\"_blank\" rel=\"noopener\">SESI<\/a>\u00a02015, Moto Honda e Salcomp mantiveram o t\u00edtulo de 2014 e subiram mais vezes ao p\u00f3dio na noite de s\u00e1bado (18). Na ocasi\u00e3o 16 provas foram disputadas na pista de atletismo da Vila Ol\u00edmpica de Manaus. Cerca de 200 trabalhadores atletas de 20 ind\u00fastrias participaram do evento esportivo.<\/p>\n<p>A Honda venceu no revezamento 4x100m absoluto masculino. A equipe, formada por Bruno Ferreira, Wuppsylander Ribeiro, Demis Gama e Ant\u00f4nio Paiva, conquistou o ouro ao concluir a prova com o tempo de 46seg. Para os atletas a rotina de trabalho exige for\u00e7a de vontade e talento. A Honda ficou em 1\u00ba. lugar na pontua\u00e7\u00e3o geral do atletismo masculino e encerrou a noite com oito medalhas, sendo quatro de\u00a0 ouro, duas\u00a0 de prata e duas de\u00a0 bronze.<\/p>\n<p>\u201cAs meninas da Salcomp s\u00e3o ouro\u2019\u2019, \u00e9 o que disse Lucielle Souza, 22. A atleta conquistou tr\u00eas medalhas de ouro no atletismo, nos 400m principal, com tempo de 1min2seg; no revezamento 4x100m, com o tempo de 56seg7, no salto em altura, a marca de 1m35\u201d.\u00a0De acordo com a atleta, os Jogos SESI tamb\u00e9m \u00e9 uma maneira de dar visibilidade \u00e0 necessidade da pr\u00e1tica esportiva. A Salcomp repetiu o feito, levou nove medalhas e \u00e9 campe\u00e3 do atletismo feminino.<\/p>\n<p>&nbsp;<\/p>\n<figure id=\"attachment_7390\" aria-describedby=\"caption-attachment-7390\" style=\"width: 300px\" class=\"wp-caption alignleft\"><a href=\"http:\/\/www.fieam.org.br\/site\/sesi\/honda-e-salcomp-sao-campeas-no-atletismo-dos-jogos-sesi\/salcomp-e-campea-no-atletismo-feminino\/\" rel=\"attachment wp-att-7390\"><img decoding=\"async\" class=\"size-medium wp-image-7390\" title=\"Salcomp \u00e9 campe\u00e3 no atletismo feminino\" alt=\"Salcomp \u00e9 campe\u00e3 no atletismo feminino\" src=\"http:\/\/www.fieam.org.br\/2015\/sesi\/wp-content\/uploads\/sites\/2\/2015\/07\/Salcomp-\u00e9-campe\u00e3-no-atletismo-feminino-300x200.jpg\" width=\"300\" height=\"200\" \/><\/a><figcaption id=\"caption-attachment-7390\" class=\"wp-caption-text\">Salcomp \u00e9 campe\u00e3 no atletismo feminino<\/figcaption><\/figure>\n<p>Entre as mulheres, Luzia Lamego, 30, foi um dos destaques do evento esportivo, com duas medalhas de ouro e duas de prata. A atleta representa a Keihin Tecnologia, que ficou em 2\u00ba lugar na pontua\u00e7\u00e3o geral do feminino.<\/p>\n<p>A coordenadora dos Jogos SESI, Rosenilda Silva, avalia o atletismo desse ano como um sucesso. \u201cDe fato conseguimos cumprir nosso papel de inclus\u00e3o do esporte no dia a dia do trabalhador, quando vemos tantos trabalhadores-atletas envolvidos, buscando qualidade de vida\u201d, finalizou.<\/p>\n<p>&nbsp;<\/p>\n<p><b>Os veteranos dos Jogos SESI<\/b><\/p>\n<p>Tr\u00eas nomes s\u00e3o veteranos nos p\u00f3dios do atletismo dos jogos SESI: Jackson Mendes, da Steck da Amaz\u00f4nia, Leonardo Sena da Universal Fitness e Gemison Souza da Amazon A\u00e7o.<\/p>\n<p>Jackson Mendes heptacampe\u00e3o no atletismo, esse ano leva a medalha de ouro dos 3.000m com tempo de 9mim9seg, e dos 800m com a marca 2mim6seg.<\/p>\n<p>Jos\u00e9 Gemison j\u00e1 faturou de 12 medalhas de ouro, s\u00f3 nos jogos SESI, o atleta diz que, al\u00e9m da experi\u00eancia, a determina\u00e7\u00e3o \u00e9 fundamental para permanecer sempre na frente. O industri\u00e1rio \u00e9 bicampe\u00e3o na prova dos 100m rasos principal com tempo de 11seg36.<\/p>\n<figure id=\"attachment_7391\" aria-describedby=\"caption-attachment-7391\" style=\"width: 300px\" class=\"wp-caption alignleft\"><a href=\"http:\/\/www.fieam.org.br\/site\/sesi\/honda-e-salcomp-sao-campeas-no-atletismo-dos-jogos-sesi\/luzia-lamego-da-keihin-faturou-duas-medalhas-de-ouro-e-duas-de-prata\/\" rel=\"attachment wp-att-7391\"><img decoding=\"async\" class=\"size-medium wp-image-7391\" alt=\"Luzia Lamego da Keihin faturou duas medalhas de ouro e duas de prata.\" src=\"http:\/\/www.fieam.org.br\/site\/sesi\/files\/2015\/07\/Luzia-Lamego-da-Keihin-faturou-duas-medalhas-de-ouro-e-duas-de-prata.-300x200.jpg\" width=\"300\" height=\"200\" \/><\/a><figcaption id=\"caption-attachment-7391\" class=\"wp-caption-text\">Luzia Lamego da Keihin faturou duas medalhas de ouro e duas de prata.<\/figcaption><\/figure>\n<p>O velocista Leonardo Sena, 43, industri\u00e1rio, medalha de ouro nos 800 metros no \u00faltimo Jogos SESI Nacional. Descobriu o amor pela corrida h\u00e1 25 anos. Na galeria pessoal tem mais de 700 trof\u00e9us e 4 mil medalhas, muitos deles adquiridos nas participa\u00e7\u00e3o do atleta nos Jogos\u00a0 estaduais SESI\/AM.<\/p>\n<p>\u201cOs Jogos SESI s\u00e3o uma grande motiva\u00e7\u00e3o para qualquer trabalhador, uma vez que proporciona qualidade de vida e sa\u00fade\u201d, disse o medalhista. Esse ano, Sena faturou prata nos 200m rasos master com tempo de 28seg8.<\/p>\n<p>Vai iniciar em agosto as competi\u00e7\u00f5es de V\u00f4lei de quadra feminino e masculino e do futsal feminino. Os jogos SESI\/AM est\u00e3o na 15\u00b0 edi\u00e7\u00e3o, as competi\u00e7\u00f5es reuni trabalhadores de 121 empresas do Polo Industrial de Manaus (PIM), que disputam 12 modalidades.<\/p>\n<p>&nbsp;<\/p>\n<p>&nbsp;<\/p>\n<p><b>\u00a0\u00a0\u00a0\u00a0\u00a0\u00a0\u00a0\u00a0\u00a0\u00a0\u00a0 ATENDIMENTO \u00c0 IMPRENSA<\/b><\/p>\n<p>&nbsp;<\/p>\n<p><b>Diretoria de Comunica\u00e7\u00e3o e Marketing do Sistema FIEAM<\/b><\/p>\n<p>Tel: (92) 3186-6576\u00a0 Fax: (92) 3233-5594<\/p>\n<p>E-mail:\u00a0<a href=\"mailto:imprensa@fieam.org.br\" target=\"_blank\" rel=\"noopener\">imprensa@fieam.org.br<\/a><\/p>\n<p><a href=\"http:\/\/www.fieam.org.br\/\" target=\"_blank\" rel=\"noopener\">http:\/\/www.fieam.org.br<\/a><\/p>\n<p><a href=\"http:\/\/www.facebook.com\/sistemafieam\" target=\"_blank\" rel=\"noopener\">http:\/\/www.facebook.com\/sistemafieam<\/a><\/p>\n<p>Twitter:\u00a0@fieam\u00a0@sesiamazonas\u00a0@senaiamazonas\u00a0@ielamazonas<\/p>\n","protected":false},"excerpt":{"rendered":"<p>Na segunda e \u00faltima etapa do atletismo dos Jogos\u00a0SESI\u00a02015, Moto Honda e Salcomp mantiveram o t\u00edtulo de 2014 e subiram mais vezes ao p\u00f3dio na noite de s\u00e1bado (18). Na ocasi\u00e3o 16 provas foram disputadas na pista de atletismo da Vila Ol\u00edmpica de Manaus. Cerca de 200 trabalhadores atletas de 20 ind\u00fastrias participaram do evento [&hellip;]<\/p>\n","protected":false},"author":1,"featured_media":0,"comment_status":"open","ping_status":"open","sticky":false,"template":"","format":"standard","meta":{"footnotes":""},"categories":[25],"tags":[],"class_list":["post-7388","post","type-post","status-publish","format-standard","hentry","category-news"],"yoast_head":"<!-- This site is optimized with the Yoast SEO plugin v26.8 - https:\/\/yoast.com\/product\/yoast-seo-wordpress\/ -->\n<title>Honda e Salcomp s\u00e3o campe\u00e3s no atletismo dos Jogos SESI - SESI<\/title>\n<meta name=\"robots\" content=\"index, follow, max-snippet:-1, max-image-preview:large, max-video-preview:-1\" \/>\n<link rel=\"canonical\" href=\"https:\/\/fieam.org.br\/sesi\/honda-e-salcomp-sao-campeas-no-atletismo-dos-jogos-sesi\/\" \/>\n<meta property=\"og:locale\" content=\"pt_BR\" \/>\n<meta property=\"og:type\" content=\"article\" \/>\n<meta property=\"og:title\" content=\"Honda e Salcomp s\u00e3o campe\u00e3s no atletismo dos Jogos SESI - SESI\" \/>\n<meta property=\"og:description\" content=\"Na segunda e \u00faltima etapa do atletismo dos Jogos\u00a0SESI\u00a02015, Moto Honda e Salcomp mantiveram o t\u00edtulo de 2014 e subiram mais vezes ao p\u00f3dio na noite de s\u00e1bado (18). Na ocasi\u00e3o 16 provas foram disputadas na pista de atletismo da Vila Ol\u00edmpica de Manaus. Cerca de 200 trabalhadores atletas de 20 ind\u00fastrias participaram do evento [&hellip;]\" \/>\n<meta property=\"og:url\" content=\"https:\/\/fieam.org.br\/sesi\/honda-e-salcomp-sao-campeas-no-atletismo-dos-jogos-sesi\/\" \/>\n<meta property=\"og:site_name\" content=\"SESI\" \/>\n<meta property=\"article:published_time\" content=\"2015-07-21T22:14:07+00:00\" \/>\n<meta property=\"og:image\" content=\"https:\/\/fieam.org.br\/sesi\/wp-content\/uploads\/sites\/14\/2015\/07\/Moto-Honda-conquista-o-ouro-no-revezamento-4x100m.jpg\" \/>\n\t<meta property=\"og:image:width\" content=\"1024\" \/>\n\t<meta property=\"og:image:height\" content=\"683\" \/>\n\t<meta property=\"og:image:type\" content=\"image\/jpeg\" \/>\n<meta name=\"author\" content=\"Autor\" \/>\n<meta name=\"twitter:card\" content=\"summary_large_image\" \/>\n<meta name=\"twitter:label1\" content=\"Escrito por\" \/>\n\t<meta name=\"twitter:data1\" content=\"Autor\" \/>\n\t<meta name=\"twitter:label2\" content=\"Est. tempo de leitura\" \/>\n\t<meta name=\"twitter:data2\" content=\"3 minutos\" \/>\n<script type=\"application\/ld+json\" class=\"yoast-schema-graph\">{\"@context\":\"https:\/\/schema.org\",\"@graph\":[{\"@type\":\"Article\",\"@id\":\"https:\/\/fieam.org.br\/sesi\/honda-e-salcomp-sao-campeas-no-atletismo-dos-jogos-sesi\/#article\",\"isPartOf\":{\"@id\":\"https:\/\/fieam.org.br\/sesi\/honda-e-salcomp-sao-campeas-no-atletismo-dos-jogos-sesi\/\"},\"author\":{\"name\":\"Autor\",\"@id\":\"https:\/\/fieam.org.br\/sesi\/#\/schema\/person\/c1ceda8321521b291cee22da0a7d34be\"},\"headline\":\"Honda e Salcomp s\u00e3o campe\u00e3s no atletismo dos Jogos SESI\",\"datePublished\":\"2015-07-21T22:14:07+00:00\",\"mainEntityOfPage\":{\"@id\":\"https:\/\/fieam.org.br\/sesi\/honda-e-salcomp-sao-campeas-no-atletismo-dos-jogos-sesi\/\"},\"wordCount\":636,\"commentCount\":0,\"publisher\":{\"@id\":\"https:\/\/fieam.org.br\/sesi\/#organization\"},\"image\":{\"@id\":\"https:\/\/fieam.org.br\/sesi\/honda-e-salcomp-sao-campeas-no-atletismo-dos-jogos-sesi\/#primaryimage\"},\"thumbnailUrl\":\"http:\/\/www.fieam.org.br\/2015\/sesi\/wp-content\/uploads\/sites\/2\/2015\/07\/Moto-Honda-conquista-o-ouro-no-revezamento-4x100m-300x200.jpg\",\"articleSection\":[\"News\"],\"inLanguage\":\"pt-BR\",\"potentialAction\":[{\"@type\":\"CommentAction\",\"name\":\"Comment\",\"target\":[\"https:\/\/fieam.org.br\/sesi\/honda-e-salcomp-sao-campeas-no-atletismo-dos-jogos-sesi\/#respond\"]}]},{\"@type\":\"WebPage\",\"@id\":\"https:\/\/fieam.org.br\/sesi\/honda-e-salcomp-sao-campeas-no-atletismo-dos-jogos-sesi\/\",\"url\":\"https:\/\/fieam.org.br\/sesi\/honda-e-salcomp-sao-campeas-no-atletismo-dos-jogos-sesi\/\",\"name\":\"Honda e Salcomp s\u00e3o campe\u00e3s no atletismo dos Jogos SESI - SESI\",\"isPartOf\":{\"@id\":\"https:\/\/fieam.org.br\/sesi\/#website\"},\"primaryImageOfPage\":{\"@id\":\"https:\/\/fieam.org.br\/sesi\/honda-e-salcomp-sao-campeas-no-atletismo-dos-jogos-sesi\/#primaryimage\"},\"image\":{\"@id\":\"https:\/\/fieam.org.br\/sesi\/honda-e-salcomp-sao-campeas-no-atletismo-dos-jogos-sesi\/#primaryimage\"},\"thumbnailUrl\":\"http:\/\/www.fieam.org.br\/2015\/sesi\/wp-content\/uploads\/sites\/2\/2015\/07\/Moto-Honda-conquista-o-ouro-no-revezamento-4x100m-300x200.jpg\",\"datePublished\":\"2015-07-21T22:14:07+00:00\",\"breadcrumb\":{\"@id\":\"https:\/\/fieam.org.br\/sesi\/honda-e-salcomp-sao-campeas-no-atletismo-dos-jogos-sesi\/#breadcrumb\"},\"inLanguage\":\"pt-BR\",\"potentialAction\":[{\"@type\":\"ReadAction\",\"target\":[\"https:\/\/fieam.org.br\/sesi\/honda-e-salcomp-sao-campeas-no-atletismo-dos-jogos-sesi\/\"]}]},{\"@type\":\"ImageObject\",\"inLanguage\":\"pt-BR\",\"@id\":\"https:\/\/fieam.org.br\/sesi\/honda-e-salcomp-sao-campeas-no-atletismo-dos-jogos-sesi\/#primaryimage\",\"url\":\"http:\/\/www.fieam.org.br\/2015\/sesi\/wp-content\/uploads\/sites\/2\/2015\/07\/Moto-Honda-conquista-o-ouro-no-revezamento-4x100m-300x200.jpg\",\"contentUrl\":\"http:\/\/www.fieam.org.br\/2015\/sesi\/wp-content\/uploads\/sites\/2\/2015\/07\/Moto-Honda-conquista-o-ouro-no-revezamento-4x100m-300x200.jpg\"},{\"@type\":\"BreadcrumbList\",\"@id\":\"https:\/\/fieam.org.br\/sesi\/honda-e-salcomp-sao-campeas-no-atletismo-dos-jogos-sesi\/#breadcrumb\",\"itemListElement\":[{\"@type\":\"ListItem\",\"position\":1,\"name\":\"In\u00edcio\",\"item\":\"https:\/\/fieam.org.br\/sesi\/\"},{\"@type\":\"ListItem\",\"position\":2,\"name\":\"Honda e Salcomp s\u00e3o campe\u00e3s no atletismo dos Jogos SESI\"}]},{\"@type\":\"WebSite\",\"@id\":\"https:\/\/fieam.org.br\/sesi\/#website\",\"url\":\"https:\/\/fieam.org.br\/sesi\/\",\"name\":\"SESI\",\"description\":\"Site Oficial!\",\"publisher\":{\"@id\":\"https:\/\/fieam.org.br\/sesi\/#organization\"},\"potentialAction\":[{\"@type\":\"SearchAction\",\"target\":{\"@type\":\"EntryPoint\",\"urlTemplate\":\"https:\/\/fieam.org.br\/sesi\/?s={search_term_string}\"},\"query-input\":{\"@type\":\"PropertyValueSpecification\",\"valueRequired\":true,\"valueName\":\"search_term_string\"}}],\"inLanguage\":\"pt-BR\"},{\"@type\":\"Organization\",\"@id\":\"https:\/\/fieam.org.br\/sesi\/#organization\",\"name\":\"SESI\",\"url\":\"https:\/\/fieam.org.br\/sesi\/\",\"logo\":{\"@type\":\"ImageObject\",\"inLanguage\":\"pt-BR\",\"@id\":\"https:\/\/fieam.org.br\/sesi\/#\/schema\/logo\/image\/\",\"url\":\"https:\/\/fieam.org.br\/sesi\/wp-content\/uploads\/sites\/14\/2024\/03\/cropped-fav.png\",\"contentUrl\":\"https:\/\/fieam.org.br\/sesi\/wp-content\/uploads\/sites\/14\/2024\/03\/cropped-fav.png\",\"width\":610,\"height\":589,\"caption\":\"SESI\"},\"image\":{\"@id\":\"https:\/\/fieam.org.br\/sesi\/#\/schema\/logo\/image\/\"}},{\"@type\":\"Person\",\"@id\":\"https:\/\/fieam.org.br\/sesi\/#\/schema\/person\/c1ceda8321521b291cee22da0a7d34be\",\"name\":\"Autor\",\"image\":{\"@type\":\"ImageObject\",\"inLanguage\":\"pt-BR\",\"@id\":\"https:\/\/fieam.org.br\/sesi\/#\/schema\/person\/image\/\",\"url\":\"https:\/\/secure.gravatar.com\/avatar\/3732c223e0e1fad69062a8f770955c9068d37b055204f310a0be18d4069fe380?s=96&d=mm&r=g\",\"contentUrl\":\"https:\/\/secure.gravatar.com\/avatar\/3732c223e0e1fad69062a8f770955c9068d37b055204f310a0be18d4069fe380?s=96&d=mm&r=g\",\"caption\":\"Autor\"},\"sameAs\":[\"https:\/\/marketingmassivo.com.br\"],\"url\":\"https:\/\/fieam.org.br\/sesi\/author\/admin\/\"}]}<\/script>\n<!-- \/ Yoast SEO plugin. -->","yoast_head_json":{"title":"Honda e Salcomp s\u00e3o campe\u00e3s no atletismo dos Jogos SESI - SESI","robots":{"index":"index","follow":"follow","max-snippet":"max-snippet:-1","max-image-preview":"max-image-preview:large","max-video-preview":"max-video-preview:-1"},"canonical":"https:\/\/fieam.org.br\/sesi\/honda-e-salcomp-sao-campeas-no-atletismo-dos-jogos-sesi\/","og_locale":"pt_BR","og_type":"article","og_title":"Honda e Salcomp s\u00e3o campe\u00e3s no atletismo dos Jogos SESI - SESI","og_description":"Na segunda e \u00faltima etapa do atletismo dos Jogos\u00a0SESI\u00a02015, Moto Honda e Salcomp mantiveram o t\u00edtulo de 2014 e subiram mais vezes ao p\u00f3dio na noite de s\u00e1bado (18). Na ocasi\u00e3o 16 provas foram disputadas na pista de atletismo da Vila Ol\u00edmpica de Manaus. Cerca de 200 trabalhadores atletas de 20 ind\u00fastrias participaram do evento [&hellip;]","og_url":"https:\/\/fieam.org.br\/sesi\/honda-e-salcomp-sao-campeas-no-atletismo-dos-jogos-sesi\/","og_site_name":"SESI","article_published_time":"2015-07-21T22:14:07+00:00","og_image":[{"width":1024,"height":683,"url":"https:\/\/fieam.org.br\/sesi\/wp-content\/uploads\/sites\/14\/2015\/07\/Moto-Honda-conquista-o-ouro-no-revezamento-4x100m.jpg","type":"image\/jpeg"}],"author":"Autor","twitter_card":"summary_large_image","twitter_misc":{"Escrito por":"Autor","Est. tempo de leitura":"3 minutos"},"schema":{"@context":"https:\/\/schema.org","@graph":[{"@type":"Article","@id":"https:\/\/fieam.org.br\/sesi\/honda-e-salcomp-sao-campeas-no-atletismo-dos-jogos-sesi\/#article","isPartOf":{"@id":"https:\/\/fieam.org.br\/sesi\/honda-e-salcomp-sao-campeas-no-atletismo-dos-jogos-sesi\/"},"author":{"name":"Autor","@id":"https:\/\/fieam.org.br\/sesi\/#\/schema\/person\/c1ceda8321521b291cee22da0a7d34be"},"headline":"Honda e Salcomp s\u00e3o campe\u00e3s no atletismo dos Jogos SESI","datePublished":"2015-07-21T22:14:07+00:00","mainEntityOfPage":{"@id":"https:\/\/fieam.org.br\/sesi\/honda-e-salcomp-sao-campeas-no-atletismo-dos-jogos-sesi\/"},"wordCount":636,"commentCount":0,"publisher":{"@id":"https:\/\/fieam.org.br\/sesi\/#organization"},"image":{"@id":"https:\/\/fieam.org.br\/sesi\/honda-e-salcomp-sao-campeas-no-atletismo-dos-jogos-sesi\/#primaryimage"},"thumbnailUrl":"http:\/\/www.fieam.org.br\/2015\/sesi\/wp-content\/uploads\/sites\/2\/2015\/07\/Moto-Honda-conquista-o-ouro-no-revezamento-4x100m-300x200.jpg","articleSection":["News"],"inLanguage":"pt-BR","potentialAction":[{"@type":"CommentAction","name":"Comment","target":["https:\/\/fieam.org.br\/sesi\/honda-e-salcomp-sao-campeas-no-atletismo-dos-jogos-sesi\/#respond"]}]},{"@type":"WebPage","@id":"https:\/\/fieam.org.br\/sesi\/honda-e-salcomp-sao-campeas-no-atletismo-dos-jogos-sesi\/","url":"https:\/\/fieam.org.br\/sesi\/honda-e-salcomp-sao-campeas-no-atletismo-dos-jogos-sesi\/","name":"Honda e Salcomp s\u00e3o campe\u00e3s no atletismo dos Jogos SESI - SESI","isPartOf":{"@id":"https:\/\/fieam.org.br\/sesi\/#website"},"primaryImageOfPage":{"@id":"https:\/\/fieam.org.br\/sesi\/honda-e-salcomp-sao-campeas-no-atletismo-dos-jogos-sesi\/#primaryimage"},"image":{"@id":"https:\/\/fieam.org.br\/sesi\/honda-e-salcomp-sao-campeas-no-atletismo-dos-jogos-sesi\/#primaryimage"},"thumbnailUrl":"http:\/\/www.fieam.org.br\/2015\/sesi\/wp-content\/uploads\/sites\/2\/2015\/07\/Moto-Honda-conquista-o-ouro-no-revezamento-4x100m-300x200.jpg","datePublished":"2015-07-21T22:14:07+00:00","breadcrumb":{"@id":"https:\/\/fieam.org.br\/sesi\/honda-e-salcomp-sao-campeas-no-atletismo-dos-jogos-sesi\/#breadcrumb"},"inLanguage":"pt-BR","potentialAction":[{"@type":"ReadAction","target":["https:\/\/fieam.org.br\/sesi\/honda-e-salcomp-sao-campeas-no-atletismo-dos-jogos-sesi\/"]}]},{"@type":"ImageObject","inLanguage":"pt-BR","@id":"https:\/\/fieam.org.br\/sesi\/honda-e-salcomp-sao-campeas-no-atletismo-dos-jogos-sesi\/#primaryimage","url":"http:\/\/www.fieam.org.br\/2015\/sesi\/wp-content\/uploads\/sites\/2\/2015\/07\/Moto-Honda-conquista-o-ouro-no-revezamento-4x100m-300x200.jpg","contentUrl":"http:\/\/www.fieam.org.br\/2015\/sesi\/wp-content\/uploads\/sites\/2\/2015\/07\/Moto-Honda-conquista-o-ouro-no-revezamento-4x100m-300x200.jpg"},{"@type":"BreadcrumbList","@id":"https:\/\/fieam.org.br\/sesi\/honda-e-salcomp-sao-campeas-no-atletismo-dos-jogos-sesi\/#breadcrumb","itemListElement":[{"@type":"ListItem","position":1,"name":"In\u00edcio","item":"https:\/\/fieam.org.br\/sesi\/"},{"@type":"ListItem","position":2,"name":"Honda e Salcomp s\u00e3o campe\u00e3s no atletismo dos Jogos SESI"}]},{"@type":"WebSite","@id":"https:\/\/fieam.org.br\/sesi\/#website","url":"https:\/\/fieam.org.br\/sesi\/","name":"SESI","description":"Site Oficial!","publisher":{"@id":"https:\/\/fieam.org.br\/sesi\/#organization"},"potentialAction":[{"@type":"SearchAction","target":{"@type":"EntryPoint","urlTemplate":"https:\/\/fieam.org.br\/sesi\/?s={search_term_string}"},"query-input":{"@type":"PropertyValueSpecification","valueRequired":true,"valueName":"search_term_string"}}],"inLanguage":"pt-BR"},{"@type":"Organization","@id":"https:\/\/fieam.org.br\/sesi\/#organization","name":"SESI","url":"https:\/\/fieam.org.br\/sesi\/","logo":{"@type":"ImageObject","inLanguage":"pt-BR","@id":"https:\/\/fieam.org.br\/sesi\/#\/schema\/logo\/image\/","url":"https:\/\/fieam.org.br\/sesi\/wp-content\/uploads\/sites\/14\/2024\/03\/cropped-fav.png","contentUrl":"https:\/\/fieam.org.br\/sesi\/wp-content\/uploads\/sites\/14\/2024\/03\/cropped-fav.png","width":610,"height":589,"caption":"SESI"},"image":{"@id":"https:\/\/fieam.org.br\/sesi\/#\/schema\/logo\/image\/"}},{"@type":"Person","@id":"https:\/\/fieam.org.br\/sesi\/#\/schema\/person\/c1ceda8321521b291cee22da0a7d34be","name":"Autor","image":{"@type":"ImageObject","inLanguage":"pt-BR","@id":"https:\/\/fieam.org.br\/sesi\/#\/schema\/person\/image\/","url":"https:\/\/secure.gravatar.com\/avatar\/3732c223e0e1fad69062a8f770955c9068d37b055204f310a0be18d4069fe380?s=96&d=mm&r=g","contentUrl":"https:\/\/secure.gravatar.com\/avatar\/3732c223e0e1fad69062a8f770955c9068d37b055204f310a0be18d4069fe380?s=96&d=mm&r=g","caption":"Autor"},"sameAs":["https:\/\/marketingmassivo.com.br"],"url":"https:\/\/fieam.org.br\/sesi\/author\/admin\/"}]}},"_links":{"self":[{"href":"https:\/\/fieam.org.br\/sesi\/wp-json\/wp\/v2\/posts\/7388","targetHints":{"allow":["GET"]}}],"collection":[{"href":"https:\/\/fieam.org.br\/sesi\/wp-json\/wp\/v2\/posts"}],"about":[{"href":"https:\/\/fieam.org.br\/sesi\/wp-json\/wp\/v2\/types\/post"}],"author":[{"embeddable":true,"href":"https:\/\/fieam.org.br\/sesi\/wp-json\/wp\/v2\/users\/1"}],"replies":[{"embeddable":true,"href":"https:\/\/fieam.org.br\/sesi\/wp-json\/wp\/v2\/comments?post=7388"}],"version-history":[{"count":0,"href":"https:\/\/fieam.org.br\/sesi\/wp-json\/wp\/v2\/posts\/7388\/revisions"}],"wp:attachment":[{"href":"https:\/\/fieam.org.br\/sesi\/wp-json\/wp\/v2\/media?parent=7388"}],"wp:term":[{"taxonomy":"category","embeddable":true,"href":"https:\/\/fieam.org.br\/sesi\/wp-json\/wp\/v2\/categories?post=7388"},{"taxonomy":"post_tag","embeddable":true,"href":"https:\/\/fieam.org.br\/sesi\/wp-json\/wp\/v2\/tags?post=7388"}],"curies":[{"name":"wp","href":"https:\/\/api.w.org\/{rel}","templated":true}]}}