{"id":7382,"date":"2015-07-21T22:10:52","date_gmt":"2015-07-21T22:10:52","guid":{"rendered":"http:\/\/www.fieam.org.br\/site\/sesi\/?p=7382"},"modified":"2015-07-21T22:10:52","modified_gmt":"2015-07-21T22:10:52","slug":"salcomp-sai-na-frente-no-atletismo-feminino-dos-jogos-sesi-2015","status":"publish","type":"post","link":"https:\/\/fieam.org.br\/sesi\/salcomp-sai-na-frente-no-atletismo-feminino-dos-jogos-sesi-2015\/","title":{"rendered":"Salcomp sai na frente no atletismo feminino dos Jogos SESI 2015"},"content":{"rendered":"<figure id=\"attachment_7383\" aria-describedby=\"caption-attachment-7383\" style=\"width: 300px\" class=\"wp-caption alignleft\"><a href=\"http:\/\/www.fieam.org.br\/site\/sesi\/salcomp-sai-na-frente-no-atletismo-feminino-dos-jogos-sesi-2015\/luciele-sousa-da-salcomp-ouro-no-salto-em-altura\/\" rel=\"attachment wp-att-7383\"><img fetchpriority=\"high\" decoding=\"async\" class=\"size-medium wp-image-7383 \" alt=\"Luciele Sousa da Salcomp, ouro no salto em altura.\" src=\"http:\/\/www.fieam.org.br\/site\/sesi\/files\/2015\/07\/Luciele-Sousa-da-Salcomp-ouro-no-salto-em-altura.-300x200.jpg\" width=\"300\" height=\"200\" \/><\/a><figcaption id=\"caption-attachment-7383\" class=\"wp-caption-text\">Luciele Sousa da Salcomp, ouro no salto em altura.<\/figcaption><\/figure>\n<p>A Salcomp subiu sete vezes ao p\u00f3dio no primeiro dia da etapa de atletismo dos Jogos\u00a0<a href=\"http:\/\/www.fieam.org.br\/sesi\" target=\"_blank\" rel=\"noopener\">SESI<\/a>\u00a02015. A Vila Ol\u00edmpica de Manaus recebeu, na \u00faltima sexta-feira (17),\u00a0cerca de 200 trabalhadores atletas de 20 empresas do Polo Industrial de Manaus (PIM).<\/p>\n<p>Luciele Sousa, 22, atleta da Salcomp, medalha de prata nos Jogos Nacionais em Bel\u00e9m, em 2013, e ouro nos estaduais de 2014. Esse ano confirmou o favoritismo com a conquista do ouro do salto em altura, com a marca de 1m35cm, para a montadora, o foco e disciplina s\u00e3o parceiros nas vit\u00f3rias.<\/p>\n<p>\u201cPara agregar o esporte ao trabalho, \u00e9 preciso dedica\u00e7\u00e3o, meu objetivo \u00e9 melhorar o resultado a cada ano\u201d, disse.<\/p>\n<p>J\u00e1 a Moto Honda da Amaz\u00f4nia faturou sete medalhas nessa primeira etapa. Na prova extra dos 200m rasos master, Wuppsylander Ribeiro, 30, conseguiu a marca de 25seg e levou ouro. O atleta j\u00e1 acumula mais de 20 medalhas s\u00f3 nos jogos SESI. Bruno Nascimento e Ant\u00f4nio Paiva fizeram a dobradinha da Honda com a prata e o bronze nos 200m rasos principal, com tempo de 25seg e 24seg2cm respectivamente.<\/p>\n<figure id=\"attachment_7384\" aria-describedby=\"caption-attachment-7384\" style=\"width: 200px\" class=\"wp-caption alignleft\"><a href=\"http:\/\/www.fieam.org.br\/site\/sesi\/salcomp-sai-na-frente-no-atletismo-feminino-dos-jogos-sesi-2015\/salcomp-e-ouro-e-prata-na-modalidade-salto-em-altura-cristina-silva-prata-a-esquerda-luciele-sousa-ao-centro-e-daniella-ramos\/\" rel=\"attachment wp-att-7384\"><img decoding=\"async\" class=\"size-medium wp-image-7384 \" alt=\"Salcomp \u00e9 ouro e prata na modalidade salto em altura. Cristina Silva (prata), \u00e0 esquerda, Luciele Sousa, ao centro, e Daniella Ramos\" src=\"http:\/\/www.fieam.org.br\/2015\/sesi\/wp-content\/uploads\/sites\/2\/2015\/07\/Salcomp-\u00e9-ouro-e-prata-na-modalidade-salto-em-altura.-Cristina-Silva-prata-\u00e0-esquerda-Luciele-Sousa-ao-centro-e-Daniella-Ramos-200x300.jpg\" width=\"200\" height=\"300\" \/><\/a><figcaption id=\"caption-attachment-7384\" class=\"wp-caption-text\">Salcomp \u00e9 ouro e prata na modalidade salto em altura. Cristina Silva (prata), \u00e0 esquerda, Luciele Sousa, ao centro, e Daniella Ramos<\/figcaption><\/figure>\n<p>&nbsp;<\/p>\n<p>No primeiro dia de provas, a Salcomp terminou a primeira etapa com 36 pontos no naipe feminino, duas medalhas de ouro, quatro de prata e uma de bronze. A Moto Honda conquistou 28 pontos no masculino, totalizando dois ouros, tr\u00eas pratas e duas medalhas de bronze.<\/p>\n<p>Foram disputadas 14 provas em sete modalidades, nas categorias 200m rasos feminino e masculino, salto em altura feminino, salto em dist\u00e2ncia masculino, arremesso de peso masculino,1.500m rasos feminino e 3 mil metros rasos masculino.<\/p>\n<p style=\"text-align: left\">Confira as ind\u00fastrias que foram ouro na primeira etapa do Atletismo Jogos SESI 2015:<\/p>\n<p>&nbsp;<\/p>\n<table style=\"width: 503px;height: 334px\" border=\"0\" cellspacing=\"0\" cellpadding=\"0\">\n<tbody>\n<tr>\n<td width=\"212\">\n<p style=\"text-align: center\" align=\"center\">Prova \/Naipe\/Categoria<\/p>\n<\/td>\n<td width=\"291\">\n<p align=\"center\">1\u00b0 lugar OURO<\/p>\n<\/td>\n<td width=\"0\"><\/td>\n<\/tr>\n<tr>\n<td width=\"212\">200m rasos feminino principal<\/td>\n<td width=\"291\">Glaucivane Siqueira \u2013 KEINHIN<\/td>\n<td width=\"0\"><\/td>\n<\/tr>\n<tr>\n<td width=\"212\">200m rasos feminino master<\/td>\n<td width=\"291\">Luzia Lamego &#8211; KEINHIN<\/td>\n<td width=\"0\"><\/td>\n<\/tr>\n<tr>\n<td rowspan=\"2\" width=\"212\">200m rasos masculino<\/td>\n<td rowspan=\"2\" width=\"291\">Wuppsylander Ribeiro\u00a0&#8211; HONDA<\/td>\n<td width=\"0\"><\/td>\n<\/tr>\n<tr>\n<td width=\"0\"><\/td>\n<\/tr>\n<tr>\n<td width=\"212\">200m rasos masculino master<\/td>\n<td width=\"291\">Jos\u00e9 Gemison &#8211; AMAZON A\u00c7O<\/td>\n<td width=\"0\"><\/td>\n<\/tr>\n<tr>\n<td width=\"212\">1.500m feminino principal<\/td>\n<td width=\"291\">Cristina Silva &#8211; SALCOMP<\/td>\n<td width=\"0\"><\/td>\n<\/tr>\n<tr>\n<td width=\"212\">1.500m feminino master<\/td>\n<td width=\"291\">Maria Almeida &#8211; KAWASAKI<\/td>\n<td width=\"0\"><\/td>\n<\/tr>\n<tr>\n<td width=\"212\">3.000m rasos masculino principal<\/td>\n<td width=\"291\">Evandro Lima &#8211; Metal\u00fargica Magalh\u00e3es<\/td>\n<td width=\"0\"><\/td>\n<\/tr>\n<tr>\n<td width=\"212\">3.000m rasos masculino master<\/td>\n<td width=\"291\">Jackson Mendes &#8211; STECK<\/td>\n<td width=\"0\"><\/td>\n<\/tr>\n<tr>\n<td width=\"212\">Salto em altura\u00a0 feminino principal<\/td>\n<td width=\"291\">Lucielle Silva &#8211; SALCOMP<\/td>\n<td width=\"0\"><\/td>\n<\/tr>\n<tr>\n<td width=\"212\">Salto em altura feminino master<\/td>\n<td width=\"291\">Noeme Oliveira \u2013 ALLADIUM<\/td>\n<td width=\"0\"><\/td>\n<\/tr>\n<tr>\n<td width=\"212\">Arremesso de Peso masculino principal<\/td>\n<td width=\"291\">Nonato Lima &#8211; PETOBRAS<\/td>\n<td width=\"0\"><\/td>\n<\/tr>\n<tr>\n<td width=\"212\">Arremesso de Peso masculino master<\/td>\n<td width=\"291\">Ednei Pires &#8211; PACE BRASIL<\/td>\n<td width=\"0\"><\/td>\n<\/tr>\n<tr>\n<td width=\"212\">Salto em dist\u00e2ncia masculino principal<\/td>\n<td width=\"291\">Diego Silva &#8211; UNICOBA<\/td>\n<td width=\"0\"><\/td>\n<\/tr>\n<tr>\n<td width=\"212\">Salto em dist\u00e2ncia masculino master<\/td>\n<td width=\"291\">Bruno Ferreira &#8211; HONDA<\/td>\n<td width=\"0\"><\/td>\n<\/tr>\n<\/tbody>\n<\/table>\n<p>&nbsp;<\/p>\n<p><b><br \/>\n<\/b><\/p>\n<p><b>ATENDIMENTO \u00c0 IMPRENSA<\/b><\/p>\n<p><b>Diretoria de Comunica\u00e7\u00e3o e Marketing do Sistema FIEAM<\/b><\/p>\n<p>Tel: (92) 3186-6576\u00a0 Fax: (92) 3186-6579<\/p>\n<p>E-mail:\u00a0<a href=\"mailto:imprensa@fieam.org.br\" target=\"_blank\" rel=\"noopener\">imprensa@fieam.org.br<\/a><\/p>\n<p><a href=\"http:\/\/www.fieam.org.br\/\" target=\"_blank\" rel=\"noopener\">http:\/\/www.fieam.org.br<\/a><\/p>\n<p><a href=\"http:\/\/www.facebook.com\/sistemafieam\" target=\"_blank\" rel=\"noopener\">http:\/\/www.facebook.com\/sistemafieam<\/a><\/p>\n<p>Twitter:\u00a0@fieam\u00a0@sesiamazonas\u00a0@senaiamazonas\u00a0@ielamazonas<\/p>\n","protected":false},"excerpt":{"rendered":"<p>A Salcomp subiu sete vezes ao p\u00f3dio no primeiro dia da etapa de atletismo dos Jogos\u00a0SESI\u00a02015. A Vila Ol\u00edmpica de Manaus recebeu, na \u00faltima sexta-feira (17),\u00a0cerca de 200 trabalhadores atletas de 20 empresas do Polo Industrial de Manaus (PIM). Luciele Sousa, 22, atleta da Salcomp, medalha de prata nos Jogos Nacionais em Bel\u00e9m, em 2013, [&hellip;]<\/p>\n","protected":false},"author":1,"featured_media":0,"comment_status":"open","ping_status":"open","sticky":false,"template":"","format":"standard","meta":{"footnotes":""},"categories":[25],"tags":[],"class_list":["post-7382","post","type-post","status-publish","format-standard","hentry","category-news"],"yoast_head":"<!-- This site is optimized with the Yoast SEO plugin v26.8 - https:\/\/yoast.com\/product\/yoast-seo-wordpress\/ -->\n<title>Salcomp sai na frente no atletismo feminino dos Jogos SESI 2015 - SESI<\/title>\n<meta name=\"robots\" content=\"index, follow, max-snippet:-1, max-image-preview:large, max-video-preview:-1\" \/>\n<link rel=\"canonical\" href=\"https:\/\/fieam.org.br\/sesi\/salcomp-sai-na-frente-no-atletismo-feminino-dos-jogos-sesi-2015\/\" \/>\n<meta property=\"og:locale\" content=\"pt_BR\" \/>\n<meta property=\"og:type\" content=\"article\" \/>\n<meta property=\"og:title\" content=\"Salcomp sai na frente no atletismo feminino dos Jogos SESI 2015 - SESI\" \/>\n<meta property=\"og:description\" content=\"A Salcomp subiu sete vezes ao p\u00f3dio no primeiro dia da etapa de atletismo dos Jogos\u00a0SESI\u00a02015. A Vila Ol\u00edmpica de Manaus recebeu, na \u00faltima sexta-feira (17),\u00a0cerca de 200 trabalhadores atletas de 20 empresas do Polo Industrial de Manaus (PIM). Luciele Sousa, 22, atleta da Salcomp, medalha de prata nos Jogos Nacionais em Bel\u00e9m, em 2013, [&hellip;]\" \/>\n<meta property=\"og:url\" content=\"https:\/\/fieam.org.br\/sesi\/salcomp-sai-na-frente-no-atletismo-feminino-dos-jogos-sesi-2015\/\" \/>\n<meta property=\"og:site_name\" content=\"SESI\" \/>\n<meta property=\"article:published_time\" content=\"2015-07-21T22:10:52+00:00\" \/>\n<meta name=\"author\" content=\"Autor\" \/>\n<meta name=\"twitter:card\" content=\"summary_large_image\" \/>\n<meta name=\"twitter:label1\" content=\"Escrito por\" \/>\n\t<meta name=\"twitter:data1\" content=\"Autor\" \/>\n\t<meta name=\"twitter:label2\" content=\"Est. tempo de leitura\" \/>\n\t<meta name=\"twitter:data2\" content=\"2 minutos\" \/>\n<script type=\"application\/ld+json\" class=\"yoast-schema-graph\">{\"@context\":\"https:\/\/schema.org\",\"@graph\":[{\"@type\":\"Article\",\"@id\":\"https:\/\/fieam.org.br\/sesi\/salcomp-sai-na-frente-no-atletismo-feminino-dos-jogos-sesi-2015\/#article\",\"isPartOf\":{\"@id\":\"https:\/\/fieam.org.br\/sesi\/salcomp-sai-na-frente-no-atletismo-feminino-dos-jogos-sesi-2015\/\"},\"author\":{\"name\":\"Autor\",\"@id\":\"https:\/\/fieam.org.br\/sesi\/#\/schema\/person\/c1ceda8321521b291cee22da0a7d34be\"},\"headline\":\"Salcomp sai na frente no atletismo feminino dos Jogos SESI 2015\",\"datePublished\":\"2015-07-21T22:10:52+00:00\",\"mainEntityOfPage\":{\"@id\":\"https:\/\/fieam.org.br\/sesi\/salcomp-sai-na-frente-no-atletismo-feminino-dos-jogos-sesi-2015\/\"},\"wordCount\":491,\"commentCount\":0,\"publisher\":{\"@id\":\"https:\/\/fieam.org.br\/sesi\/#organization\"},\"image\":{\"@id\":\"https:\/\/fieam.org.br\/sesi\/salcomp-sai-na-frente-no-atletismo-feminino-dos-jogos-sesi-2015\/#primaryimage\"},\"thumbnailUrl\":\"http:\/\/www.fieam.org.br\/site\/sesi\/files\/2015\/07\/Luciele-Sousa-da-Salcomp-ouro-no-salto-em-altura.-300x200.jpg\",\"articleSection\":[\"News\"],\"inLanguage\":\"pt-BR\",\"potentialAction\":[{\"@type\":\"CommentAction\",\"name\":\"Comment\",\"target\":[\"https:\/\/fieam.org.br\/sesi\/salcomp-sai-na-frente-no-atletismo-feminino-dos-jogos-sesi-2015\/#respond\"]}]},{\"@type\":\"WebPage\",\"@id\":\"https:\/\/fieam.org.br\/sesi\/salcomp-sai-na-frente-no-atletismo-feminino-dos-jogos-sesi-2015\/\",\"url\":\"https:\/\/fieam.org.br\/sesi\/salcomp-sai-na-frente-no-atletismo-feminino-dos-jogos-sesi-2015\/\",\"name\":\"Salcomp sai na frente no atletismo feminino dos Jogos SESI 2015 - SESI\",\"isPartOf\":{\"@id\":\"https:\/\/fieam.org.br\/sesi\/#website\"},\"primaryImageOfPage\":{\"@id\":\"https:\/\/fieam.org.br\/sesi\/salcomp-sai-na-frente-no-atletismo-feminino-dos-jogos-sesi-2015\/#primaryimage\"},\"image\":{\"@id\":\"https:\/\/fieam.org.br\/sesi\/salcomp-sai-na-frente-no-atletismo-feminino-dos-jogos-sesi-2015\/#primaryimage\"},\"thumbnailUrl\":\"http:\/\/www.fieam.org.br\/site\/sesi\/files\/2015\/07\/Luciele-Sousa-da-Salcomp-ouro-no-salto-em-altura.-300x200.jpg\",\"datePublished\":\"2015-07-21T22:10:52+00:00\",\"breadcrumb\":{\"@id\":\"https:\/\/fieam.org.br\/sesi\/salcomp-sai-na-frente-no-atletismo-feminino-dos-jogos-sesi-2015\/#breadcrumb\"},\"inLanguage\":\"pt-BR\",\"potentialAction\":[{\"@type\":\"ReadAction\",\"target\":[\"https:\/\/fieam.org.br\/sesi\/salcomp-sai-na-frente-no-atletismo-feminino-dos-jogos-sesi-2015\/\"]}]},{\"@type\":\"ImageObject\",\"inLanguage\":\"pt-BR\",\"@id\":\"https:\/\/fieam.org.br\/sesi\/salcomp-sai-na-frente-no-atletismo-feminino-dos-jogos-sesi-2015\/#primaryimage\",\"url\":\"http:\/\/www.fieam.org.br\/site\/sesi\/files\/2015\/07\/Luciele-Sousa-da-Salcomp-ouro-no-salto-em-altura.-300x200.jpg\",\"contentUrl\":\"http:\/\/www.fieam.org.br\/site\/sesi\/files\/2015\/07\/Luciele-Sousa-da-Salcomp-ouro-no-salto-em-altura.-300x200.jpg\"},{\"@type\":\"BreadcrumbList\",\"@id\":\"https:\/\/fieam.org.br\/sesi\/salcomp-sai-na-frente-no-atletismo-feminino-dos-jogos-sesi-2015\/#breadcrumb\",\"itemListElement\":[{\"@type\":\"ListItem\",\"position\":1,\"name\":\"In\u00edcio\",\"item\":\"https:\/\/fieam.org.br\/sesi\/\"},{\"@type\":\"ListItem\",\"position\":2,\"name\":\"Salcomp sai na frente no atletismo feminino dos Jogos SESI 2015\"}]},{\"@type\":\"WebSite\",\"@id\":\"https:\/\/fieam.org.br\/sesi\/#website\",\"url\":\"https:\/\/fieam.org.br\/sesi\/\",\"name\":\"SESI\",\"description\":\"Site Oficial!\",\"publisher\":{\"@id\":\"https:\/\/fieam.org.br\/sesi\/#organization\"},\"potentialAction\":[{\"@type\":\"SearchAction\",\"target\":{\"@type\":\"EntryPoint\",\"urlTemplate\":\"https:\/\/fieam.org.br\/sesi\/?s={search_term_string}\"},\"query-input\":{\"@type\":\"PropertyValueSpecification\",\"valueRequired\":true,\"valueName\":\"search_term_string\"}}],\"inLanguage\":\"pt-BR\"},{\"@type\":\"Organization\",\"@id\":\"https:\/\/fieam.org.br\/sesi\/#organization\",\"name\":\"SESI\",\"url\":\"https:\/\/fieam.org.br\/sesi\/\",\"logo\":{\"@type\":\"ImageObject\",\"inLanguage\":\"pt-BR\",\"@id\":\"https:\/\/fieam.org.br\/sesi\/#\/schema\/logo\/image\/\",\"url\":\"https:\/\/fieam.org.br\/sesi\/wp-content\/uploads\/sites\/14\/2024\/03\/cropped-fav.png\",\"contentUrl\":\"https:\/\/fieam.org.br\/sesi\/wp-content\/uploads\/sites\/14\/2024\/03\/cropped-fav.png\",\"width\":610,\"height\":589,\"caption\":\"SESI\"},\"image\":{\"@id\":\"https:\/\/fieam.org.br\/sesi\/#\/schema\/logo\/image\/\"}},{\"@type\":\"Person\",\"@id\":\"https:\/\/fieam.org.br\/sesi\/#\/schema\/person\/c1ceda8321521b291cee22da0a7d34be\",\"name\":\"Autor\",\"image\":{\"@type\":\"ImageObject\",\"inLanguage\":\"pt-BR\",\"@id\":\"https:\/\/fieam.org.br\/sesi\/#\/schema\/person\/image\/\",\"url\":\"https:\/\/secure.gravatar.com\/avatar\/3732c223e0e1fad69062a8f770955c9068d37b055204f310a0be18d4069fe380?s=96&d=mm&r=g\",\"contentUrl\":\"https:\/\/secure.gravatar.com\/avatar\/3732c223e0e1fad69062a8f770955c9068d37b055204f310a0be18d4069fe380?s=96&d=mm&r=g\",\"caption\":\"Autor\"},\"sameAs\":[\"https:\/\/marketingmassivo.com.br\"],\"url\":\"https:\/\/fieam.org.br\/sesi\/author\/admin\/\"}]}<\/script>\n<!-- \/ Yoast SEO plugin. -->","yoast_head_json":{"title":"Salcomp sai na frente no atletismo feminino dos Jogos SESI 2015 - SESI","robots":{"index":"index","follow":"follow","max-snippet":"max-snippet:-1","max-image-preview":"max-image-preview:large","max-video-preview":"max-video-preview:-1"},"canonical":"https:\/\/fieam.org.br\/sesi\/salcomp-sai-na-frente-no-atletismo-feminino-dos-jogos-sesi-2015\/","og_locale":"pt_BR","og_type":"article","og_title":"Salcomp sai na frente no atletismo feminino dos Jogos SESI 2015 - SESI","og_description":"A Salcomp subiu sete vezes ao p\u00f3dio no primeiro dia da etapa de atletismo dos Jogos\u00a0SESI\u00a02015. A Vila Ol\u00edmpica de Manaus recebeu, na \u00faltima sexta-feira (17),\u00a0cerca de 200 trabalhadores atletas de 20 empresas do Polo Industrial de Manaus (PIM). Luciele Sousa, 22, atleta da Salcomp, medalha de prata nos Jogos Nacionais em Bel\u00e9m, em 2013, [&hellip;]","og_url":"https:\/\/fieam.org.br\/sesi\/salcomp-sai-na-frente-no-atletismo-feminino-dos-jogos-sesi-2015\/","og_site_name":"SESI","article_published_time":"2015-07-21T22:10:52+00:00","author":"Autor","twitter_card":"summary_large_image","twitter_misc":{"Escrito por":"Autor","Est. tempo de leitura":"2 minutos"},"schema":{"@context":"https:\/\/schema.org","@graph":[{"@type":"Article","@id":"https:\/\/fieam.org.br\/sesi\/salcomp-sai-na-frente-no-atletismo-feminino-dos-jogos-sesi-2015\/#article","isPartOf":{"@id":"https:\/\/fieam.org.br\/sesi\/salcomp-sai-na-frente-no-atletismo-feminino-dos-jogos-sesi-2015\/"},"author":{"name":"Autor","@id":"https:\/\/fieam.org.br\/sesi\/#\/schema\/person\/c1ceda8321521b291cee22da0a7d34be"},"headline":"Salcomp sai na frente no atletismo feminino dos Jogos SESI 2015","datePublished":"2015-07-21T22:10:52+00:00","mainEntityOfPage":{"@id":"https:\/\/fieam.org.br\/sesi\/salcomp-sai-na-frente-no-atletismo-feminino-dos-jogos-sesi-2015\/"},"wordCount":491,"commentCount":0,"publisher":{"@id":"https:\/\/fieam.org.br\/sesi\/#organization"},"image":{"@id":"https:\/\/fieam.org.br\/sesi\/salcomp-sai-na-frente-no-atletismo-feminino-dos-jogos-sesi-2015\/#primaryimage"},"thumbnailUrl":"http:\/\/www.fieam.org.br\/site\/sesi\/files\/2015\/07\/Luciele-Sousa-da-Salcomp-ouro-no-salto-em-altura.-300x200.jpg","articleSection":["News"],"inLanguage":"pt-BR","potentialAction":[{"@type":"CommentAction","name":"Comment","target":["https:\/\/fieam.org.br\/sesi\/salcomp-sai-na-frente-no-atletismo-feminino-dos-jogos-sesi-2015\/#respond"]}]},{"@type":"WebPage","@id":"https:\/\/fieam.org.br\/sesi\/salcomp-sai-na-frente-no-atletismo-feminino-dos-jogos-sesi-2015\/","url":"https:\/\/fieam.org.br\/sesi\/salcomp-sai-na-frente-no-atletismo-feminino-dos-jogos-sesi-2015\/","name":"Salcomp sai na frente no atletismo feminino dos Jogos SESI 2015 - SESI","isPartOf":{"@id":"https:\/\/fieam.org.br\/sesi\/#website"},"primaryImageOfPage":{"@id":"https:\/\/fieam.org.br\/sesi\/salcomp-sai-na-frente-no-atletismo-feminino-dos-jogos-sesi-2015\/#primaryimage"},"image":{"@id":"https:\/\/fieam.org.br\/sesi\/salcomp-sai-na-frente-no-atletismo-feminino-dos-jogos-sesi-2015\/#primaryimage"},"thumbnailUrl":"http:\/\/www.fieam.org.br\/site\/sesi\/files\/2015\/07\/Luciele-Sousa-da-Salcomp-ouro-no-salto-em-altura.-300x200.jpg","datePublished":"2015-07-21T22:10:52+00:00","breadcrumb":{"@id":"https:\/\/fieam.org.br\/sesi\/salcomp-sai-na-frente-no-atletismo-feminino-dos-jogos-sesi-2015\/#breadcrumb"},"inLanguage":"pt-BR","potentialAction":[{"@type":"ReadAction","target":["https:\/\/fieam.org.br\/sesi\/salcomp-sai-na-frente-no-atletismo-feminino-dos-jogos-sesi-2015\/"]}]},{"@type":"ImageObject","inLanguage":"pt-BR","@id":"https:\/\/fieam.org.br\/sesi\/salcomp-sai-na-frente-no-atletismo-feminino-dos-jogos-sesi-2015\/#primaryimage","url":"http:\/\/www.fieam.org.br\/site\/sesi\/files\/2015\/07\/Luciele-Sousa-da-Salcomp-ouro-no-salto-em-altura.-300x200.jpg","contentUrl":"http:\/\/www.fieam.org.br\/site\/sesi\/files\/2015\/07\/Luciele-Sousa-da-Salcomp-ouro-no-salto-em-altura.-300x200.jpg"},{"@type":"BreadcrumbList","@id":"https:\/\/fieam.org.br\/sesi\/salcomp-sai-na-frente-no-atletismo-feminino-dos-jogos-sesi-2015\/#breadcrumb","itemListElement":[{"@type":"ListItem","position":1,"name":"In\u00edcio","item":"https:\/\/fieam.org.br\/sesi\/"},{"@type":"ListItem","position":2,"name":"Salcomp sai na frente no atletismo feminino dos Jogos SESI 2015"}]},{"@type":"WebSite","@id":"https:\/\/fieam.org.br\/sesi\/#website","url":"https:\/\/fieam.org.br\/sesi\/","name":"SESI","description":"Site Oficial!","publisher":{"@id":"https:\/\/fieam.org.br\/sesi\/#organization"},"potentialAction":[{"@type":"SearchAction","target":{"@type":"EntryPoint","urlTemplate":"https:\/\/fieam.org.br\/sesi\/?s={search_term_string}"},"query-input":{"@type":"PropertyValueSpecification","valueRequired":true,"valueName":"search_term_string"}}],"inLanguage":"pt-BR"},{"@type":"Organization","@id":"https:\/\/fieam.org.br\/sesi\/#organization","name":"SESI","url":"https:\/\/fieam.org.br\/sesi\/","logo":{"@type":"ImageObject","inLanguage":"pt-BR","@id":"https:\/\/fieam.org.br\/sesi\/#\/schema\/logo\/image\/","url":"https:\/\/fieam.org.br\/sesi\/wp-content\/uploads\/sites\/14\/2024\/03\/cropped-fav.png","contentUrl":"https:\/\/fieam.org.br\/sesi\/wp-content\/uploads\/sites\/14\/2024\/03\/cropped-fav.png","width":610,"height":589,"caption":"SESI"},"image":{"@id":"https:\/\/fieam.org.br\/sesi\/#\/schema\/logo\/image\/"}},{"@type":"Person","@id":"https:\/\/fieam.org.br\/sesi\/#\/schema\/person\/c1ceda8321521b291cee22da0a7d34be","name":"Autor","image":{"@type":"ImageObject","inLanguage":"pt-BR","@id":"https:\/\/fieam.org.br\/sesi\/#\/schema\/person\/image\/","url":"https:\/\/secure.gravatar.com\/avatar\/3732c223e0e1fad69062a8f770955c9068d37b055204f310a0be18d4069fe380?s=96&d=mm&r=g","contentUrl":"https:\/\/secure.gravatar.com\/avatar\/3732c223e0e1fad69062a8f770955c9068d37b055204f310a0be18d4069fe380?s=96&d=mm&r=g","caption":"Autor"},"sameAs":["https:\/\/marketingmassivo.com.br"],"url":"https:\/\/fieam.org.br\/sesi\/author\/admin\/"}]}},"_links":{"self":[{"href":"https:\/\/fieam.org.br\/sesi\/wp-json\/wp\/v2\/posts\/7382","targetHints":{"allow":["GET"]}}],"collection":[{"href":"https:\/\/fieam.org.br\/sesi\/wp-json\/wp\/v2\/posts"}],"about":[{"href":"https:\/\/fieam.org.br\/sesi\/wp-json\/wp\/v2\/types\/post"}],"author":[{"embeddable":true,"href":"https:\/\/fieam.org.br\/sesi\/wp-json\/wp\/v2\/users\/1"}],"replies":[{"embeddable":true,"href":"https:\/\/fieam.org.br\/sesi\/wp-json\/wp\/v2\/comments?post=7382"}],"version-history":[{"count":0,"href":"https:\/\/fieam.org.br\/sesi\/wp-json\/wp\/v2\/posts\/7382\/revisions"}],"wp:attachment":[{"href":"https:\/\/fieam.org.br\/sesi\/wp-json\/wp\/v2\/media?parent=7382"}],"wp:term":[{"taxonomy":"category","embeddable":true,"href":"https:\/\/fieam.org.br\/sesi\/wp-json\/wp\/v2\/categories?post=7382"},{"taxonomy":"post_tag","embeddable":true,"href":"https:\/\/fieam.org.br\/sesi\/wp-json\/wp\/v2\/tags?post=7382"}],"curies":[{"name":"wp","href":"https:\/\/api.w.org\/{rel}","templated":true}]}}