{"id":7323,"date":"2015-07-07T13:19:56","date_gmt":"2015-07-07T13:19:56","guid":{"rendered":"http:\/\/www.fieam.org.br\/site\/sesi\/?p=7323"},"modified":"2015-07-07T13:19:56","modified_gmt":"2015-07-07T13:19:56","slug":"final-de-xadrez-2015-atleta-da-poliamazon-e-campeao-no-xadrez","status":"publish","type":"post","link":"https:\/\/fieam.org.br\/sesi\/final-de-xadrez-2015-atleta-da-poliamazon-e-campeao-no-xadrez\/","title":{"rendered":"Final de xadrez 2015 Atleta da Poliamazon \u00e9 campe\u00e3o no xadrez"},"content":{"rendered":"<figure id=\"attachment_7324\" aria-describedby=\"caption-attachment-7324\" style=\"width: 300px\" class=\"wp-caption alignleft\"><a href=\"http:\/\/www.fieam.org.br\/site\/sesi\/final-de-xadrez-2015-atleta-da-poliamazon-e-campeao-no-xadrez\/suziane-representou-as-trabalhadoras\/\" rel=\"attachment wp-att-7324\"><img fetchpriority=\"high\" decoding=\"async\" class=\"size-medium wp-image-7324\" alt=\"Suziane representou as trabalhadoras\" src=\"http:\/\/www.fieam.org.br\/2015\/sesi\/wp-content\/uploads\/sites\/2\/2015\/07\/Suziane-representou-as-trabalhadoras-300x200.jpg\" width=\"300\" height=\"200\" srcset=\"https:\/\/fieam.org.br\/sesi\/wp-content\/uploads\/sites\/14\/2015\/07\/Suziane-representou-as-trabalhadoras-300x200.jpg 300w, https:\/\/fieam.org.br\/sesi\/wp-content\/uploads\/sites\/14\/2015\/07\/Suziane-representou-as-trabalhadoras-768x512.jpg 768w, https:\/\/fieam.org.br\/sesi\/wp-content\/uploads\/sites\/14\/2015\/07\/Suziane-representou-as-trabalhadoras.jpg 1024w\" sizes=\"(max-width: 300px) 100vw, 300px\" \/><\/a><figcaption id=\"caption-attachment-7324\" class=\"wp-caption-text\">Suziane representou as trabalhadoras<\/figcaption><\/figure>\n<p>Em duas noites de habilidades t\u00e9cnicas, com mexidas certas no tabuleiro, Luiz Eduardo dos Santos, da Poliamazon, conseguiu entre os industri\u00e1rios, o feito de se tornar o 1\u00ba atleta a conquistar tr\u00eas medalhas de ouro na modalidade de xadrez em apenas uma competi\u00e7\u00e3o dos Jogos\u00a0<a href=\"http:\/\/www.fieam.org.br\/sesi\" target=\"_blank\" rel=\"noopener\">SESI<\/a>\u00a02015.<\/p>\n<p>Luiz Eduardo conquistou as medalhas no xadrez r\u00e1pido, pensado e por equipe, no \u00faltimo fim de semana em partidas realizadas na Escola SESI Emina Barbosa Mustafa, com a participa\u00e7\u00e3o de atletas representantes de v\u00e1rias empresas, como Moto Honda, Poliamazon, Universal Eletronics, Showa, TPV, Petrobras, BIC e Amazonas Energia.<\/p>\n<p>&nbsp;<\/p>\n<p><b>Xadrez r\u00e1pido<\/b><\/p>\n<p>Luiz Eduardo conquistou a medalha de ouro, somando 4,5 pontos em cinco partidas realizadas, com quatro vit\u00f3rias e um empate. O 2\u00ba lugar ficou o atleta Ubimaia Figueiredo, da Honda, que somou 4,0 pontos, enquanto que o atleta da C\u00e9lio Teixeira, da UEI Brasil conquistou a terceira coloca\u00e7\u00e3o com 3,0 pontos.<\/p>\n<p>No r\u00e1pido, cada enxadrista teve o tempo de dez minutos para executar as jogadas, al\u00e9m de mexer as pedras no tabuleiro com muita rapidez e racioc\u00ednio r\u00e1pido. A modalidade teve a participa\u00e7\u00e3o de 12 trabalhadores atletas de empresas do Polo Industrial de Manaus (PIM) e, como novidade, a participa\u00e7\u00e3o da atleta Suziane Feitosa, da Amazonas Energia que teve uma boa participa\u00e7\u00e3o vencendo duas partidas, no \u00faltimo dia 3.<\/p>\n<p>O xadrez pensado foi realizado no \u00faltimo s\u00e1bado e teve a participa\u00e7\u00e3o de 12 trabalhadores atletas. No pensado, os atletas tiveram tempo maior pra fechar a partida. Com 20 minutos para cada atleta movimentar as pedras, os atletas conseguiam se concentrar mais para colocar o rei do advers\u00e1rio em xeque- mate. Para o atleta da Poliamazon, as partidas foram mais dif\u00edceis que as do r\u00e1pido e que os participantes estavam bem preparados e dificultaram as jogadas, al\u00e9m do ritmo permitir que o atleta reflita mais, melhorando o n\u00edvel das partidas.<\/p>\n<p>Eduardo ressaltou que as dificuldades de financeiras do Polo Industrial de Manaus impediram a participa\u00e7\u00e3o de mais trabalhadores na modalidade. Para o atleta medalha de ouro, \u00e9 preciso dar uma sacudida na modalidade, e n\u00e3o \u00e9 t\u00e3o dif\u00edcil com o as pessoas imaginam, basta treinar com regularidade e ter disciplina.<\/p>\n<p>Luiz Eduardo conquistou o ouro no pensado com 4,5 pontos, em 2\u00ba ficou o atleta da Moto Honda, Luiz Felipe de Souza, enquanto que o atleta da Amazonas Energia, Charles Paz tamb\u00e9m com 4,0, ficou com a medalha de bronze. Por equipe, a Poliamazon conquistou 1\u00ba lugar, Honda em 2\u00ba e Amazonas Energia em 3\u00ba lugar.<\/p>\n<p>Os Jogos SESI est\u00e3o sendo disputados em 12 modalidades esportivas: futsal, futebol sete m\u00e1ster, futebol sete principal, futebol de campo, v\u00f4lei de quadra, v\u00f4lei de areia, xadrez, t\u00eanis de mesa, t\u00eanis de quadra, atletismo, nata\u00e7\u00e3o e softball. A competi\u00e7\u00e3o, que se estender\u00e1 pelos pr\u00f3ximos quatro meses, no Clube do Trabalhador e Vila Ol\u00edmpica de Manaus, re\u00fane seis mil trabalhadores-atletas de 121 empresas do Polo Industrial de Manaus (PIM).<\/p>\n<p>[nggallery id= 296 ]<\/p>\n<p><b>\u00a0\u00a0\u00a0\u00a0\u00a0\u00a0\u00a0\u00a0\u00a0\u00a0\u00a0 ATENDIMENTO \u00c0 IMPRENSA<\/b><\/p>\n<p>&nbsp;<\/p>\n<p><b>Diretoria de Comunica\u00e7\u00e3o e Marketing do Sistema FIEAM<\/b><\/p>\n<p>Tel: (92) 3186-6576\u00a0 Fax: (92) 3186-6579<\/p>\n<p>E-mail:\u00a0<a href=\"mailto:imprensa@fieam.org.br\" target=\"_blank\" rel=\"noopener\">imprensa@fieam.org.br<\/a><\/p>\n<p><a href=\"http:\/\/www.fieam.org.br\/\" target=\"_blank\" rel=\"noopener\">http:\/\/www.fieam.org.br<\/a><\/p>\n<p><a href=\"http:\/\/www.facebook.com\/sistemafieam\" target=\"_blank\" rel=\"noopener\">http:\/\/www.facebook.com\/sistemafieam<\/a><\/p>\n<p>Twitter:\u00a0@fieam\u00a0@sesiamazonas\u00a0@senaiamazonas\u00a0@ielamazonas<\/p>\n","protected":false},"excerpt":{"rendered":"<p>Em duas noites de habilidades t\u00e9cnicas, com mexidas certas no tabuleiro, Luiz Eduardo dos Santos, da Poliamazon, conseguiu entre os industri\u00e1rios, o feito de se tornar o 1\u00ba atleta a conquistar tr\u00eas medalhas de ouro na modalidade de xadrez em apenas uma competi\u00e7\u00e3o dos Jogos\u00a0SESI\u00a02015. Luiz Eduardo conquistou as medalhas no xadrez r\u00e1pido, pensado e [&hellip;]<\/p>\n","protected":false},"author":1,"featured_media":0,"comment_status":"open","ping_status":"open","sticky":false,"template":"","format":"standard","meta":{"footnotes":""},"categories":[25],"tags":[],"class_list":["post-7323","post","type-post","status-publish","format-standard","hentry","category-news"],"yoast_head":"<!-- This site is optimized with the Yoast SEO plugin v28.2 - https:\/\/yoast.com\/product\/yoast-seo-wordpress\/ -->\n<title>Final de xadrez 2015 Atleta da Poliamazon \u00e9 campe\u00e3o no xadrez - SESI<\/title>\n<meta name=\"robots\" content=\"index, follow, max-snippet:-1, max-image-preview:large, max-video-preview:-1\" \/>\n<link rel=\"canonical\" href=\"https:\/\/fieam.org.br\/sesi\/final-de-xadrez-2015-atleta-da-poliamazon-e-campeao-no-xadrez\/\" \/>\n<meta property=\"og:locale\" content=\"pt_BR\" \/>\n<meta property=\"og:type\" content=\"article\" \/>\n<meta property=\"og:title\" content=\"Final de xadrez 2015 Atleta da Poliamazon \u00e9 campe\u00e3o no xadrez - SESI\" \/>\n<meta property=\"og:description\" content=\"Em duas noites de habilidades t\u00e9cnicas, com mexidas certas no tabuleiro, Luiz Eduardo dos Santos, da Poliamazon, conseguiu entre os industri\u00e1rios, o feito de se tornar o 1\u00ba atleta a conquistar tr\u00eas medalhas de ouro na modalidade de xadrez em apenas uma competi\u00e7\u00e3o dos Jogos\u00a0SESI\u00a02015. Luiz Eduardo conquistou as medalhas no xadrez r\u00e1pido, pensado e [&hellip;]\" \/>\n<meta property=\"og:url\" content=\"https:\/\/fieam.org.br\/sesi\/final-de-xadrez-2015-atleta-da-poliamazon-e-campeao-no-xadrez\/\" \/>\n<meta property=\"og:site_name\" content=\"SESI\" \/>\n<meta property=\"article:published_time\" content=\"2015-07-07T13:19:56+00:00\" \/>\n<meta property=\"og:image\" content=\"https:\/\/fieam.org.br\/sesi\/wp-content\/uploads\/sites\/14\/2015\/07\/Suziane-representou-as-trabalhadoras.jpg\" \/>\n\t<meta property=\"og:image:width\" content=\"1024\" \/>\n\t<meta property=\"og:image:height\" content=\"683\" \/>\n\t<meta property=\"og:image:type\" content=\"image\/jpeg\" \/>\n<meta name=\"author\" content=\"Autor\" \/>\n<meta name=\"twitter:card\" content=\"summary_large_image\" \/>\n<meta name=\"twitter:label1\" content=\"Escrito por\" \/>\n\t<meta name=\"twitter:data1\" content=\"Autor\" \/>\n\t<meta name=\"twitter:label2\" content=\"Est. tempo de leitura\" \/>\n\t<meta name=\"twitter:data2\" content=\"3 minutos\" \/>\n<script type=\"application\/ld+json\" class=\"yoast-schema-graph\">{\"@context\":\"https:\\\/\\\/schema.org\",\"@graph\":[{\"@type\":\"Article\",\"@id\":\"https:\\\/\\\/fieam.org.br\\\/sesi\\\/final-de-xadrez-2015-atleta-da-poliamazon-e-campeao-no-xadrez\\\/#article\",\"isPartOf\":{\"@id\":\"https:\\\/\\\/fieam.org.br\\\/sesi\\\/final-de-xadrez-2015-atleta-da-poliamazon-e-campeao-no-xadrez\\\/\"},\"author\":{\"name\":\"Autor\",\"@id\":\"https:\\\/\\\/fieam.org.br\\\/sesi\\\/#\\\/schema\\\/person\\\/f54998dd14d5f0695b41444f2b01c31e\"},\"headline\":\"Final de xadrez 2015 Atleta da Poliamazon \u00e9 campe\u00e3o no xadrez\",\"datePublished\":\"2015-07-07T13:19:56+00:00\",\"mainEntityOfPage\":{\"@id\":\"https:\\\/\\\/fieam.org.br\\\/sesi\\\/final-de-xadrez-2015-atleta-da-poliamazon-e-campeao-no-xadrez\\\/\"},\"wordCount\":561,\"commentCount\":0,\"publisher\":{\"@id\":\"https:\\\/\\\/fieam.org.br\\\/sesi\\\/#organization\"},\"image\":{\"@id\":\"https:\\\/\\\/fieam.org.br\\\/sesi\\\/final-de-xadrez-2015-atleta-da-poliamazon-e-campeao-no-xadrez\\\/#primaryimage\"},\"thumbnailUrl\":\"http:\\\/\\\/www.fieam.org.br\\\/2015\\\/sesi\\\/wp-content\\\/uploads\\\/sites\\\/2\\\/2015\\\/07\\\/Suziane-representou-as-trabalhadoras-300x200.jpg\",\"articleSection\":[\"News\"],\"inLanguage\":\"pt-BR\",\"potentialAction\":[{\"@type\":\"CommentAction\",\"name\":\"Comment\",\"target\":[\"https:\\\/\\\/fieam.org.br\\\/sesi\\\/final-de-xadrez-2015-atleta-da-poliamazon-e-campeao-no-xadrez\\\/#respond\"]}]},{\"@type\":\"WebPage\",\"@id\":\"https:\\\/\\\/fieam.org.br\\\/sesi\\\/final-de-xadrez-2015-atleta-da-poliamazon-e-campeao-no-xadrez\\\/\",\"url\":\"https:\\\/\\\/fieam.org.br\\\/sesi\\\/final-de-xadrez-2015-atleta-da-poliamazon-e-campeao-no-xadrez\\\/\",\"name\":\"Final de xadrez 2015 Atleta da Poliamazon \u00e9 campe\u00e3o no xadrez - SESI\",\"isPartOf\":{\"@id\":\"https:\\\/\\\/fieam.org.br\\\/sesi\\\/#website\"},\"primaryImageOfPage\":{\"@id\":\"https:\\\/\\\/fieam.org.br\\\/sesi\\\/final-de-xadrez-2015-atleta-da-poliamazon-e-campeao-no-xadrez\\\/#primaryimage\"},\"image\":{\"@id\":\"https:\\\/\\\/fieam.org.br\\\/sesi\\\/final-de-xadrez-2015-atleta-da-poliamazon-e-campeao-no-xadrez\\\/#primaryimage\"},\"thumbnailUrl\":\"http:\\\/\\\/www.fieam.org.br\\\/2015\\\/sesi\\\/wp-content\\\/uploads\\\/sites\\\/2\\\/2015\\\/07\\\/Suziane-representou-as-trabalhadoras-300x200.jpg\",\"datePublished\":\"2015-07-07T13:19:56+00:00\",\"breadcrumb\":{\"@id\":\"https:\\\/\\\/fieam.org.br\\\/sesi\\\/final-de-xadrez-2015-atleta-da-poliamazon-e-campeao-no-xadrez\\\/#breadcrumb\"},\"inLanguage\":\"pt-BR\",\"potentialAction\":[{\"@type\":\"ReadAction\",\"target\":[\"https:\\\/\\\/fieam.org.br\\\/sesi\\\/final-de-xadrez-2015-atleta-da-poliamazon-e-campeao-no-xadrez\\\/\"]}]},{\"@type\":\"ImageObject\",\"inLanguage\":\"pt-BR\",\"@id\":\"https:\\\/\\\/fieam.org.br\\\/sesi\\\/final-de-xadrez-2015-atleta-da-poliamazon-e-campeao-no-xadrez\\\/#primaryimage\",\"url\":\"http:\\\/\\\/www.fieam.org.br\\\/2015\\\/sesi\\\/wp-content\\\/uploads\\\/sites\\\/2\\\/2015\\\/07\\\/Suziane-representou-as-trabalhadoras-300x200.jpg\",\"contentUrl\":\"http:\\\/\\\/www.fieam.org.br\\\/2015\\\/sesi\\\/wp-content\\\/uploads\\\/sites\\\/2\\\/2015\\\/07\\\/Suziane-representou-as-trabalhadoras-300x200.jpg\"},{\"@type\":\"BreadcrumbList\",\"@id\":\"https:\\\/\\\/fieam.org.br\\\/sesi\\\/final-de-xadrez-2015-atleta-da-poliamazon-e-campeao-no-xadrez\\\/#breadcrumb\",\"itemListElement\":[{\"@type\":\"ListItem\",\"position\":1,\"name\":\"In\u00edcio\",\"item\":\"https:\\\/\\\/fieam.org.br\\\/sesi\\\/\"},{\"@type\":\"ListItem\",\"position\":2,\"name\":\"Final de xadrez 2015 Atleta da Poliamazon \u00e9 campe\u00e3o no xadrez\"}]},{\"@type\":\"WebSite\",\"@id\":\"https:\\\/\\\/fieam.org.br\\\/sesi\\\/#website\",\"url\":\"https:\\\/\\\/fieam.org.br\\\/sesi\\\/\",\"name\":\"SESI\",\"description\":\"Site Oficial!\",\"publisher\":{\"@id\":\"https:\\\/\\\/fieam.org.br\\\/sesi\\\/#organization\"},\"potentialAction\":[{\"@type\":\"SearchAction\",\"target\":{\"@type\":\"EntryPoint\",\"urlTemplate\":\"https:\\\/\\\/fieam.org.br\\\/sesi\\\/?s={search_term_string}\"},\"query-input\":{\"@type\":\"PropertyValueSpecification\",\"valueRequired\":true,\"valueName\":\"search_term_string\"}}],\"inLanguage\":\"pt-BR\"},{\"@type\":\"Organization\",\"@id\":\"https:\\\/\\\/fieam.org.br\\\/sesi\\\/#organization\",\"name\":\"SESI\",\"url\":\"https:\\\/\\\/fieam.org.br\\\/sesi\\\/\",\"logo\":{\"@type\":\"ImageObject\",\"inLanguage\":\"pt-BR\",\"@id\":\"https:\\\/\\\/fieam.org.br\\\/sesi\\\/#\\\/schema\\\/logo\\\/image\\\/\",\"url\":\"https:\\\/\\\/fieam.org.br\\\/sesi\\\/wp-content\\\/uploads\\\/sites\\\/14\\\/2024\\\/03\\\/cropped-fav.png\",\"contentUrl\":\"https:\\\/\\\/fieam.org.br\\\/sesi\\\/wp-content\\\/uploads\\\/sites\\\/14\\\/2024\\\/03\\\/cropped-fav.png\",\"width\":610,\"height\":589,\"caption\":\"SESI\"},\"image\":{\"@id\":\"https:\\\/\\\/fieam.org.br\\\/sesi\\\/#\\\/schema\\\/logo\\\/image\\\/\"}},{\"@type\":\"Person\",\"@id\":\"https:\\\/\\\/fieam.org.br\\\/sesi\\\/#\\\/schema\\\/person\\\/f54998dd14d5f0695b41444f2b01c31e\",\"name\":\"Autor\",\"image\":{\"@type\":\"ImageObject\",\"inLanguage\":\"pt-BR\",\"@id\":\"https:\\\/\\\/secure.gravatar.com\\\/avatar\\\/3732c223e0e1fad69062a8f770955c9068d37b055204f310a0be18d4069fe380?s=96&d=mm&r=g\",\"url\":\"https:\\\/\\\/secure.gravatar.com\\\/avatar\\\/3732c223e0e1fad69062a8f770955c9068d37b055204f310a0be18d4069fe380?s=96&d=mm&r=g\",\"contentUrl\":\"https:\\\/\\\/secure.gravatar.com\\\/avatar\\\/3732c223e0e1fad69062a8f770955c9068d37b055204f310a0be18d4069fe380?s=96&d=mm&r=g\",\"caption\":\"Autor\"},\"sameAs\":[\"https:\\\/\\\/marketingmassivo.com.br\"],\"url\":\"https:\\\/\\\/fieam.org.br\\\/sesi\\\/author\\\/admin\\\/\"}]}<\/script>\n<!-- \/ Yoast SEO plugin. -->","yoast_head_json":{"title":"Final de xadrez 2015 Atleta da Poliamazon \u00e9 campe\u00e3o no xadrez - SESI","robots":{"index":"index","follow":"follow","max-snippet":"max-snippet:-1","max-image-preview":"max-image-preview:large","max-video-preview":"max-video-preview:-1"},"canonical":"https:\/\/fieam.org.br\/sesi\/final-de-xadrez-2015-atleta-da-poliamazon-e-campeao-no-xadrez\/","og_locale":"pt_BR","og_type":"article","og_title":"Final de xadrez 2015 Atleta da Poliamazon \u00e9 campe\u00e3o no xadrez - SESI","og_description":"Em duas noites de habilidades t\u00e9cnicas, com mexidas certas no tabuleiro, Luiz Eduardo dos Santos, da Poliamazon, conseguiu entre os industri\u00e1rios, o feito de se tornar o 1\u00ba atleta a conquistar tr\u00eas medalhas de ouro na modalidade de xadrez em apenas uma competi\u00e7\u00e3o dos Jogos\u00a0SESI\u00a02015. Luiz Eduardo conquistou as medalhas no xadrez r\u00e1pido, pensado e [&hellip;]","og_url":"https:\/\/fieam.org.br\/sesi\/final-de-xadrez-2015-atleta-da-poliamazon-e-campeao-no-xadrez\/","og_site_name":"SESI","article_published_time":"2015-07-07T13:19:56+00:00","og_image":[{"width":1024,"height":683,"url":"https:\/\/fieam.org.br\/sesi\/wp-content\/uploads\/sites\/14\/2015\/07\/Suziane-representou-as-trabalhadoras.jpg","type":"image\/jpeg"}],"author":"Autor","twitter_card":"summary_large_image","twitter_misc":{"Escrito por":"Autor","Est. tempo de leitura":"3 minutos"},"schema":{"@context":"https:\/\/schema.org","@graph":[{"@type":"Article","@id":"https:\/\/fieam.org.br\/sesi\/final-de-xadrez-2015-atleta-da-poliamazon-e-campeao-no-xadrez\/#article","isPartOf":{"@id":"https:\/\/fieam.org.br\/sesi\/final-de-xadrez-2015-atleta-da-poliamazon-e-campeao-no-xadrez\/"},"author":{"name":"Autor","@id":"https:\/\/fieam.org.br\/sesi\/#\/schema\/person\/f54998dd14d5f0695b41444f2b01c31e"},"headline":"Final de xadrez 2015 Atleta da Poliamazon \u00e9 campe\u00e3o no xadrez","datePublished":"2015-07-07T13:19:56+00:00","mainEntityOfPage":{"@id":"https:\/\/fieam.org.br\/sesi\/final-de-xadrez-2015-atleta-da-poliamazon-e-campeao-no-xadrez\/"},"wordCount":561,"commentCount":0,"publisher":{"@id":"https:\/\/fieam.org.br\/sesi\/#organization"},"image":{"@id":"https:\/\/fieam.org.br\/sesi\/final-de-xadrez-2015-atleta-da-poliamazon-e-campeao-no-xadrez\/#primaryimage"},"thumbnailUrl":"http:\/\/www.fieam.org.br\/2015\/sesi\/wp-content\/uploads\/sites\/2\/2015\/07\/Suziane-representou-as-trabalhadoras-300x200.jpg","articleSection":["News"],"inLanguage":"pt-BR","potentialAction":[{"@type":"CommentAction","name":"Comment","target":["https:\/\/fieam.org.br\/sesi\/final-de-xadrez-2015-atleta-da-poliamazon-e-campeao-no-xadrez\/#respond"]}]},{"@type":"WebPage","@id":"https:\/\/fieam.org.br\/sesi\/final-de-xadrez-2015-atleta-da-poliamazon-e-campeao-no-xadrez\/","url":"https:\/\/fieam.org.br\/sesi\/final-de-xadrez-2015-atleta-da-poliamazon-e-campeao-no-xadrez\/","name":"Final de xadrez 2015 Atleta da Poliamazon \u00e9 campe\u00e3o no xadrez - SESI","isPartOf":{"@id":"https:\/\/fieam.org.br\/sesi\/#website"},"primaryImageOfPage":{"@id":"https:\/\/fieam.org.br\/sesi\/final-de-xadrez-2015-atleta-da-poliamazon-e-campeao-no-xadrez\/#primaryimage"},"image":{"@id":"https:\/\/fieam.org.br\/sesi\/final-de-xadrez-2015-atleta-da-poliamazon-e-campeao-no-xadrez\/#primaryimage"},"thumbnailUrl":"http:\/\/www.fieam.org.br\/2015\/sesi\/wp-content\/uploads\/sites\/2\/2015\/07\/Suziane-representou-as-trabalhadoras-300x200.jpg","datePublished":"2015-07-07T13:19:56+00:00","breadcrumb":{"@id":"https:\/\/fieam.org.br\/sesi\/final-de-xadrez-2015-atleta-da-poliamazon-e-campeao-no-xadrez\/#breadcrumb"},"inLanguage":"pt-BR","potentialAction":[{"@type":"ReadAction","target":["https:\/\/fieam.org.br\/sesi\/final-de-xadrez-2015-atleta-da-poliamazon-e-campeao-no-xadrez\/"]}]},{"@type":"ImageObject","inLanguage":"pt-BR","@id":"https:\/\/fieam.org.br\/sesi\/final-de-xadrez-2015-atleta-da-poliamazon-e-campeao-no-xadrez\/#primaryimage","url":"http:\/\/www.fieam.org.br\/2015\/sesi\/wp-content\/uploads\/sites\/2\/2015\/07\/Suziane-representou-as-trabalhadoras-300x200.jpg","contentUrl":"http:\/\/www.fieam.org.br\/2015\/sesi\/wp-content\/uploads\/sites\/2\/2015\/07\/Suziane-representou-as-trabalhadoras-300x200.jpg"},{"@type":"BreadcrumbList","@id":"https:\/\/fieam.org.br\/sesi\/final-de-xadrez-2015-atleta-da-poliamazon-e-campeao-no-xadrez\/#breadcrumb","itemListElement":[{"@type":"ListItem","position":1,"name":"In\u00edcio","item":"https:\/\/fieam.org.br\/sesi\/"},{"@type":"ListItem","position":2,"name":"Final de xadrez 2015 Atleta da Poliamazon \u00e9 campe\u00e3o no xadrez"}]},{"@type":"WebSite","@id":"https:\/\/fieam.org.br\/sesi\/#website","url":"https:\/\/fieam.org.br\/sesi\/","name":"SESI","description":"Site Oficial!","publisher":{"@id":"https:\/\/fieam.org.br\/sesi\/#organization"},"potentialAction":[{"@type":"SearchAction","target":{"@type":"EntryPoint","urlTemplate":"https:\/\/fieam.org.br\/sesi\/?s={search_term_string}"},"query-input":{"@type":"PropertyValueSpecification","valueRequired":true,"valueName":"search_term_string"}}],"inLanguage":"pt-BR"},{"@type":"Organization","@id":"https:\/\/fieam.org.br\/sesi\/#organization","name":"SESI","url":"https:\/\/fieam.org.br\/sesi\/","logo":{"@type":"ImageObject","inLanguage":"pt-BR","@id":"https:\/\/fieam.org.br\/sesi\/#\/schema\/logo\/image\/","url":"https:\/\/fieam.org.br\/sesi\/wp-content\/uploads\/sites\/14\/2024\/03\/cropped-fav.png","contentUrl":"https:\/\/fieam.org.br\/sesi\/wp-content\/uploads\/sites\/14\/2024\/03\/cropped-fav.png","width":610,"height":589,"caption":"SESI"},"image":{"@id":"https:\/\/fieam.org.br\/sesi\/#\/schema\/logo\/image\/"}},{"@type":"Person","@id":"https:\/\/fieam.org.br\/sesi\/#\/schema\/person\/f54998dd14d5f0695b41444f2b01c31e","name":"Autor","image":{"@type":"ImageObject","inLanguage":"pt-BR","@id":"https:\/\/secure.gravatar.com\/avatar\/3732c223e0e1fad69062a8f770955c9068d37b055204f310a0be18d4069fe380?s=96&d=mm&r=g","url":"https:\/\/secure.gravatar.com\/avatar\/3732c223e0e1fad69062a8f770955c9068d37b055204f310a0be18d4069fe380?s=96&d=mm&r=g","contentUrl":"https:\/\/secure.gravatar.com\/avatar\/3732c223e0e1fad69062a8f770955c9068d37b055204f310a0be18d4069fe380?s=96&d=mm&r=g","caption":"Autor"},"sameAs":["https:\/\/marketingmassivo.com.br"],"url":"https:\/\/fieam.org.br\/sesi\/author\/admin\/"}]}},"_links":{"self":[{"href":"https:\/\/fieam.org.br\/sesi\/wp-json\/wp\/v2\/posts\/7323","targetHints":{"allow":["GET"]}}],"collection":[{"href":"https:\/\/fieam.org.br\/sesi\/wp-json\/wp\/v2\/posts"}],"about":[{"href":"https:\/\/fieam.org.br\/sesi\/wp-json\/wp\/v2\/types\/post"}],"author":[{"embeddable":true,"href":"https:\/\/fieam.org.br\/sesi\/wp-json\/wp\/v2\/users\/1"}],"replies":[{"embeddable":true,"href":"https:\/\/fieam.org.br\/sesi\/wp-json\/wp\/v2\/comments?post=7323"}],"version-history":[{"count":0,"href":"https:\/\/fieam.org.br\/sesi\/wp-json\/wp\/v2\/posts\/7323\/revisions"}],"wp:attachment":[{"href":"https:\/\/fieam.org.br\/sesi\/wp-json\/wp\/v2\/media?parent=7323"}],"wp:term":[{"taxonomy":"category","embeddable":true,"href":"https:\/\/fieam.org.br\/sesi\/wp-json\/wp\/v2\/categories?post=7323"},{"taxonomy":"post_tag","embeddable":true,"href":"https:\/\/fieam.org.br\/sesi\/wp-json\/wp\/v2\/tags?post=7323"}],"curies":[{"name":"wp","href":"https:\/\/api.w.org\/{rel}","templated":true}]}}