{"id":7238,"date":"2015-06-03T13:16:17","date_gmt":"2015-06-03T13:16:17","guid":{"rendered":"http:\/\/www.fieam.org.br\/site\/sesi\/?p=7238"},"modified":"2015-06-03T13:16:17","modified_gmt":"2015-06-03T13:16:17","slug":"medida-certa-leva-40-mil-pessoas-para-ponta-negra","status":"publish","type":"post","link":"https:\/\/fieam.org.br\/sesi\/medida-certa-leva-40-mil-pessoas-para-ponta-negra\/","title":{"rendered":"Medida Certa leva 40 mil pessoas para Ponta Negra"},"content":{"rendered":"<p>&nbsp;<\/p>\n<figure id=\"attachment_7240\" aria-describedby=\"caption-attachment-7240\" style=\"width: 300px\" class=\"wp-caption alignleft\"><a href=\"http:\/\/www.fieam.org.br\/site\/sesi\/medida-certa-leva-40-mil-pessoas-para-ponta-negra\/evento-reuniu-40-mil-participantes\/\" rel=\"attachment wp-att-7240\"><img fetchpriority=\"high\" decoding=\"async\" class=\"size-medium wp-image-7240\" alt=\"Evento  reuniu 40 mil  participantes\" src=\"http:\/\/www.fieam.org.br\/2015\/sesi\/wp-content\/uploads\/sites\/2\/2015\/06\/Evento-reuniu-40-mil-participantes-300x200.jpg\" width=\"300\" height=\"200\" srcset=\"https:\/\/fieam.org.br\/sesi\/wp-content\/uploads\/sites\/14\/2015\/06\/Evento-reuniu-40-mil-participantes-300x200.jpg 300w, https:\/\/fieam.org.br\/sesi\/wp-content\/uploads\/sites\/14\/2015\/06\/Evento-reuniu-40-mil-participantes-768x512.jpg 768w, https:\/\/fieam.org.br\/sesi\/wp-content\/uploads\/sites\/14\/2015\/06\/Evento-reuniu-40-mil-participantes.jpg 1024w\" sizes=\"(max-width: 300px) 100vw, 300px\" \/><\/a><figcaption id=\"caption-attachment-7240\" class=\"wp-caption-text\">Evento reuniu 40 mil participantes<\/figcaption><\/figure>\n<p><a href=\"http:\/\/www.fieam.org.br\/site\/sesi\/\" target=\"_blank\" rel=\"noopener\">Servi\u00e7o Social da Ind\u00fastria (SESI)<\/a>\u00a0e Rede Globo de TV, levou cerca de 40 mil pessoas no \u00faltimo domingo (31\/05) \u00e0 Ponta Negra. Os participantes da 2\u00aa edi\u00e7\u00e3o do programa promovido em Manaus caminharam quatro quil\u00f4metros, com partida e chegada em frente da Rotat\u00f3ria que d\u00e1 acesso a Avenida do Turismo.<\/p>\n<p>A anima\u00e7\u00e3o ficou por conta dos shows musicais, dan\u00e7a e apresenta\u00e7\u00e3o do cantor amazonense Nunes Filho, que interpretou v\u00e1rias m\u00fasicas de sua autoria como \u201cSubindo Pelas Paredes\u201d.<\/p>\n<p>O programa foi lan\u00e7ado com objetivo mudar o estilo de vida das pessoas com uma alimenta\u00e7\u00e3o saud\u00e1vel e a pr\u00e1tica de atividades f\u00edsicas, sendo realizado em v\u00e1rias capitais do Brasil.<\/p>\n<p>A gerente de Qualidade do SESI, Nelsi Luni\u00e8re disse que cerca de 50 profissionais do SESI, entre professores de educa\u00e7\u00e3o f\u00edsica, nutricionistas e t\u00e9cnicos da \u00e1rea de lazer, participaram do Medida Certa. Ressaltou ainda o crescimento do programa, tanto em n\u00famero de participantes, quanto em servi\u00e7os oferecidos aos participantes.<\/p>\n<p>De acordo com Nelsi Luni\u00e8re, o SESI em parceria com a Pastoral da Crian\u00e7a beneficiou a popula\u00e7\u00e3o com v\u00e1rios<\/p>\n<figure id=\"attachment_7241\" aria-describedby=\"caption-attachment-7241\" style=\"width: 300px\" class=\"wp-caption alignleft\"><a href=\"http:\/\/www.fieam.org.br\/site\/sesi\/medida-certa-leva-40-mil-pessoas-para-ponta-negra\/sesi-saude-em-acao\/\" rel=\"attachment wp-att-7241\"><img decoding=\"async\" class=\"size-medium wp-image-7241\" alt=\"Sesi Sa\u00fade em a\u00e7\u00e3o\" src=\"http:\/\/www.fieam.org.br\/2015\/sesi\/wp-content\/uploads\/sites\/2\/2015\/06\/Sesi-Sa\u00fade-em-a\u00e7\u00e3o-300x200.jpg\" width=\"300\" height=\"200\" \/><\/a><figcaption id=\"caption-attachment-7241\" class=\"wp-caption-text\">SESISA\u00daDE em a\u00e7\u00e3o<\/figcaption><\/figure>\n<p>servi\u00e7os, como verifica\u00e7\u00e3o da press\u00e3o arterial, exame de glicemia, massoterapia, verifica\u00e7\u00e3o do \u00edndice de Massa Corporal e que profissionais da institui\u00e7\u00e3o realizaram ainda shows art\u00edsticos e de dan\u00e7a com do Grupo Fun Fitness, composto por professores de educa\u00e7\u00e3o f\u00edsica.<\/p>\n<p>Segundo a gerente de Qualidade, uma\u00a0das propostas do SESI \u00e9 oferecer servi\u00e7os na \u00e1rea de qualidade de vida\u00a0 para o industri\u00e1rio e para a comunidade.<\/p>\n<p>A nutricionista do SESI Creusa Varela, disse que \u00e9 importante para uma qualidade de vida o equil\u00edbrio entre atividade f\u00edsica e alimenta\u00e7\u00e3o saud\u00e1vel com frutas, verduras e legumes, al\u00e9m de relacionamentos saud\u00e1veis e controle do estresse, De acordo com Varela, essas pr\u00e1ticas proporcionam um estilo de vida saud\u00e1vel.<\/p>\n<p>Segundo a nutricionista, o SESI leva para dentro das empresas do Polo Industrial de Manaus o Programa Ind\u00fastria Saud\u00e1vel, que objetiva identificar as condi\u00e7\u00f5es de sa\u00fade e estilo de vida dos trabalhadores da ind\u00fastria e, consequentemente, a realiza\u00e7\u00e3o de a\u00e7\u00f5es de combate a doen\u00e7as n\u00e3o transmiss\u00edveis como, hipertens\u00e3o, sedentarismo, obesidade e maus h\u00e1bitos alimentares.<\/p>\n<p>A consultora de vendas Mirla Oliveira, 28, foi uma das participantes do Medida Certa, que al\u00e9m\u00a0 de participar da caminhada aproveitou a oportunidade para verificar a press\u00e3o\u00a0 arterial, destacando tamb\u00e9m a programa\u00e7\u00e3o de lazer para as crian\u00e7as como brinquedos infl\u00e1veis e pula-pula. Ela disse tamb\u00e9m que a partir de agora vai procurar mudar seus h\u00e1bitos com alimenta\u00e7\u00e3o balanceada e caminhadas.<\/p>\n<p>[nggallery id=294]<\/p>\n<p>&nbsp;<\/p>\n<p><b>ATENDIMENTO \u00c0 IMPRENSA<\/b><\/p>\n<p>&nbsp;<\/p>\n<p><b>Diretoria de Comunica\u00e7\u00e3o e Marketing do Sistema FIEAM<\/b><\/p>\n<p>Tel: (92) 3186-6576\u00a0 Fax: (92) 3186-6579<\/p>\n<p>E-mail:\u00a0<a href=\"mailto:imprensa@fieam.org.br\" target=\"_blank\" rel=\"noopener\">imprensa@fieam.org.br<\/a><\/p>\n<p><a href=\"http:\/\/www.fieam.org.br\/\" target=\"_blank\" rel=\"noopener\">http:\/\/www.fieam.org.br<\/a><\/p>\n<p><a href=\"http:\/\/www.facebook.com\/sistemafieam\" target=\"_blank\" rel=\"noopener\">http:\/\/www.facebook.com\/sistemafieam<\/a><\/p>\n<p>Twitter:\u00a0@fieam\u00a0@sesiamazonas\u00a0@senaiamazonas\u00a0@ielamazonas<\/p>\n","protected":false},"excerpt":{"rendered":"<p>&nbsp; Servi\u00e7o Social da Ind\u00fastria (SESI)\u00a0e Rede Globo de TV, levou cerca de 40 mil pessoas no \u00faltimo domingo (31\/05) \u00e0 Ponta Negra. Os participantes da 2\u00aa edi\u00e7\u00e3o do programa promovido em Manaus caminharam quatro quil\u00f4metros, com partida e chegada em frente da Rotat\u00f3ria que d\u00e1 acesso a Avenida do Turismo. A anima\u00e7\u00e3o ficou por [&hellip;]<\/p>\n","protected":false},"author":1,"featured_media":0,"comment_status":"open","ping_status":"open","sticky":false,"template":"","format":"standard","meta":{"footnotes":""},"categories":[25],"tags":[],"class_list":["post-7238","post","type-post","status-publish","format-standard","hentry","category-news"],"yoast_head":"<!-- This site is optimized with the Yoast SEO plugin v28.2 - https:\/\/yoast.com\/product\/yoast-seo-wordpress\/ -->\n<title>Medida Certa leva 40 mil pessoas para Ponta Negra - SESI<\/title>\n<meta name=\"robots\" content=\"index, follow, max-snippet:-1, max-image-preview:large, max-video-preview:-1\" \/>\n<link rel=\"canonical\" href=\"https:\/\/fieam.org.br\/sesi\/medida-certa-leva-40-mil-pessoas-para-ponta-negra\/\" \/>\n<meta property=\"og:locale\" content=\"pt_BR\" \/>\n<meta property=\"og:type\" content=\"article\" \/>\n<meta property=\"og:title\" content=\"Medida Certa leva 40 mil pessoas para Ponta Negra - SESI\" \/>\n<meta property=\"og:description\" content=\"&nbsp; Servi\u00e7o Social da Ind\u00fastria (SESI)\u00a0e Rede Globo de TV, levou cerca de 40 mil pessoas no \u00faltimo domingo (31\/05) \u00e0 Ponta Negra. Os participantes da 2\u00aa edi\u00e7\u00e3o do programa promovido em Manaus caminharam quatro quil\u00f4metros, com partida e chegada em frente da Rotat\u00f3ria que d\u00e1 acesso a Avenida do Turismo. A anima\u00e7\u00e3o ficou por [&hellip;]\" \/>\n<meta property=\"og:url\" content=\"https:\/\/fieam.org.br\/sesi\/medida-certa-leva-40-mil-pessoas-para-ponta-negra\/\" \/>\n<meta property=\"og:site_name\" content=\"SESI\" \/>\n<meta property=\"article:published_time\" content=\"2015-06-03T13:16:17+00:00\" \/>\n<meta property=\"og:image\" content=\"https:\/\/fieam.org.br\/sesi\/wp-content\/uploads\/sites\/14\/2015\/06\/Evento-reuniu-40-mil-participantes.jpg\" \/>\n\t<meta property=\"og:image:width\" content=\"1024\" \/>\n\t<meta property=\"og:image:height\" content=\"683\" \/>\n\t<meta property=\"og:image:type\" content=\"image\/jpeg\" \/>\n<meta name=\"author\" content=\"Autor\" \/>\n<meta name=\"twitter:card\" content=\"summary_large_image\" \/>\n<meta name=\"twitter:label1\" content=\"Escrito por\" \/>\n\t<meta name=\"twitter:data1\" content=\"Autor\" \/>\n\t<meta name=\"twitter:label2\" content=\"Est. tempo de leitura\" \/>\n\t<meta name=\"twitter:data2\" content=\"3 minutos\" \/>\n<script type=\"application\/ld+json\" class=\"yoast-schema-graph\">{\"@context\":\"https:\\\/\\\/schema.org\",\"@graph\":[{\"@type\":\"Article\",\"@id\":\"https:\\\/\\\/fieam.org.br\\\/sesi\\\/medida-certa-leva-40-mil-pessoas-para-ponta-negra\\\/#article\",\"isPartOf\":{\"@id\":\"https:\\\/\\\/fieam.org.br\\\/sesi\\\/medida-certa-leva-40-mil-pessoas-para-ponta-negra\\\/\"},\"author\":{\"name\":\"Autor\",\"@id\":\"https:\\\/\\\/fieam.org.br\\\/sesi\\\/#\\\/schema\\\/person\\\/f54998dd14d5f0695b41444f2b01c31e\"},\"headline\":\"Medida Certa leva 40 mil pessoas para Ponta Negra\",\"datePublished\":\"2015-06-03T13:16:17+00:00\",\"mainEntityOfPage\":{\"@id\":\"https:\\\/\\\/fieam.org.br\\\/sesi\\\/medida-certa-leva-40-mil-pessoas-para-ponta-negra\\\/\"},\"wordCount\":532,\"commentCount\":0,\"publisher\":{\"@id\":\"https:\\\/\\\/fieam.org.br\\\/sesi\\\/#organization\"},\"image\":{\"@id\":\"https:\\\/\\\/fieam.org.br\\\/sesi\\\/medida-certa-leva-40-mil-pessoas-para-ponta-negra\\\/#primaryimage\"},\"thumbnailUrl\":\"http:\\\/\\\/www.fieam.org.br\\\/2015\\\/sesi\\\/wp-content\\\/uploads\\\/sites\\\/2\\\/2015\\\/06\\\/Evento-reuniu-40-mil-participantes-300x200.jpg\",\"articleSection\":[\"News\"],\"inLanguage\":\"pt-BR\",\"potentialAction\":[{\"@type\":\"CommentAction\",\"name\":\"Comment\",\"target\":[\"https:\\\/\\\/fieam.org.br\\\/sesi\\\/medida-certa-leva-40-mil-pessoas-para-ponta-negra\\\/#respond\"]}]},{\"@type\":\"WebPage\",\"@id\":\"https:\\\/\\\/fieam.org.br\\\/sesi\\\/medida-certa-leva-40-mil-pessoas-para-ponta-negra\\\/\",\"url\":\"https:\\\/\\\/fieam.org.br\\\/sesi\\\/medida-certa-leva-40-mil-pessoas-para-ponta-negra\\\/\",\"name\":\"Medida Certa leva 40 mil pessoas para Ponta Negra - SESI\",\"isPartOf\":{\"@id\":\"https:\\\/\\\/fieam.org.br\\\/sesi\\\/#website\"},\"primaryImageOfPage\":{\"@id\":\"https:\\\/\\\/fieam.org.br\\\/sesi\\\/medida-certa-leva-40-mil-pessoas-para-ponta-negra\\\/#primaryimage\"},\"image\":{\"@id\":\"https:\\\/\\\/fieam.org.br\\\/sesi\\\/medida-certa-leva-40-mil-pessoas-para-ponta-negra\\\/#primaryimage\"},\"thumbnailUrl\":\"http:\\\/\\\/www.fieam.org.br\\\/2015\\\/sesi\\\/wp-content\\\/uploads\\\/sites\\\/2\\\/2015\\\/06\\\/Evento-reuniu-40-mil-participantes-300x200.jpg\",\"datePublished\":\"2015-06-03T13:16:17+00:00\",\"breadcrumb\":{\"@id\":\"https:\\\/\\\/fieam.org.br\\\/sesi\\\/medida-certa-leva-40-mil-pessoas-para-ponta-negra\\\/#breadcrumb\"},\"inLanguage\":\"pt-BR\",\"potentialAction\":[{\"@type\":\"ReadAction\",\"target\":[\"https:\\\/\\\/fieam.org.br\\\/sesi\\\/medida-certa-leva-40-mil-pessoas-para-ponta-negra\\\/\"]}]},{\"@type\":\"ImageObject\",\"inLanguage\":\"pt-BR\",\"@id\":\"https:\\\/\\\/fieam.org.br\\\/sesi\\\/medida-certa-leva-40-mil-pessoas-para-ponta-negra\\\/#primaryimage\",\"url\":\"http:\\\/\\\/www.fieam.org.br\\\/2015\\\/sesi\\\/wp-content\\\/uploads\\\/sites\\\/2\\\/2015\\\/06\\\/Evento-reuniu-40-mil-participantes-300x200.jpg\",\"contentUrl\":\"http:\\\/\\\/www.fieam.org.br\\\/2015\\\/sesi\\\/wp-content\\\/uploads\\\/sites\\\/2\\\/2015\\\/06\\\/Evento-reuniu-40-mil-participantes-300x200.jpg\"},{\"@type\":\"BreadcrumbList\",\"@id\":\"https:\\\/\\\/fieam.org.br\\\/sesi\\\/medida-certa-leva-40-mil-pessoas-para-ponta-negra\\\/#breadcrumb\",\"itemListElement\":[{\"@type\":\"ListItem\",\"position\":1,\"name\":\"In\u00edcio\",\"item\":\"https:\\\/\\\/fieam.org.br\\\/sesi\\\/\"},{\"@type\":\"ListItem\",\"position\":2,\"name\":\"Medida Certa leva 40 mil pessoas para Ponta Negra\"}]},{\"@type\":\"WebSite\",\"@id\":\"https:\\\/\\\/fieam.org.br\\\/sesi\\\/#website\",\"url\":\"https:\\\/\\\/fieam.org.br\\\/sesi\\\/\",\"name\":\"SESI\",\"description\":\"Site Oficial!\",\"publisher\":{\"@id\":\"https:\\\/\\\/fieam.org.br\\\/sesi\\\/#organization\"},\"potentialAction\":[{\"@type\":\"SearchAction\",\"target\":{\"@type\":\"EntryPoint\",\"urlTemplate\":\"https:\\\/\\\/fieam.org.br\\\/sesi\\\/?s={search_term_string}\"},\"query-input\":{\"@type\":\"PropertyValueSpecification\",\"valueRequired\":true,\"valueName\":\"search_term_string\"}}],\"inLanguage\":\"pt-BR\"},{\"@type\":\"Organization\",\"@id\":\"https:\\\/\\\/fieam.org.br\\\/sesi\\\/#organization\",\"name\":\"SESI\",\"url\":\"https:\\\/\\\/fieam.org.br\\\/sesi\\\/\",\"logo\":{\"@type\":\"ImageObject\",\"inLanguage\":\"pt-BR\",\"@id\":\"https:\\\/\\\/fieam.org.br\\\/sesi\\\/#\\\/schema\\\/logo\\\/image\\\/\",\"url\":\"https:\\\/\\\/fieam.org.br\\\/sesi\\\/wp-content\\\/uploads\\\/sites\\\/14\\\/2024\\\/03\\\/cropped-fav.png\",\"contentUrl\":\"https:\\\/\\\/fieam.org.br\\\/sesi\\\/wp-content\\\/uploads\\\/sites\\\/14\\\/2024\\\/03\\\/cropped-fav.png\",\"width\":610,\"height\":589,\"caption\":\"SESI\"},\"image\":{\"@id\":\"https:\\\/\\\/fieam.org.br\\\/sesi\\\/#\\\/schema\\\/logo\\\/image\\\/\"}},{\"@type\":\"Person\",\"@id\":\"https:\\\/\\\/fieam.org.br\\\/sesi\\\/#\\\/schema\\\/person\\\/f54998dd14d5f0695b41444f2b01c31e\",\"name\":\"Autor\",\"image\":{\"@type\":\"ImageObject\",\"inLanguage\":\"pt-BR\",\"@id\":\"https:\\\/\\\/secure.gravatar.com\\\/avatar\\\/3732c223e0e1fad69062a8f770955c9068d37b055204f310a0be18d4069fe380?s=96&d=mm&r=g\",\"url\":\"https:\\\/\\\/secure.gravatar.com\\\/avatar\\\/3732c223e0e1fad69062a8f770955c9068d37b055204f310a0be18d4069fe380?s=96&d=mm&r=g\",\"contentUrl\":\"https:\\\/\\\/secure.gravatar.com\\\/avatar\\\/3732c223e0e1fad69062a8f770955c9068d37b055204f310a0be18d4069fe380?s=96&d=mm&r=g\",\"caption\":\"Autor\"},\"sameAs\":[\"https:\\\/\\\/marketingmassivo.com.br\"],\"url\":\"https:\\\/\\\/fieam.org.br\\\/sesi\\\/author\\\/admin\\\/\"}]}<\/script>\n<!-- \/ Yoast SEO plugin. -->","yoast_head_json":{"title":"Medida Certa leva 40 mil pessoas para Ponta Negra - SESI","robots":{"index":"index","follow":"follow","max-snippet":"max-snippet:-1","max-image-preview":"max-image-preview:large","max-video-preview":"max-video-preview:-1"},"canonical":"https:\/\/fieam.org.br\/sesi\/medida-certa-leva-40-mil-pessoas-para-ponta-negra\/","og_locale":"pt_BR","og_type":"article","og_title":"Medida Certa leva 40 mil pessoas para Ponta Negra - SESI","og_description":"&nbsp; Servi\u00e7o Social da Ind\u00fastria (SESI)\u00a0e Rede Globo de TV, levou cerca de 40 mil pessoas no \u00faltimo domingo (31\/05) \u00e0 Ponta Negra. Os participantes da 2\u00aa edi\u00e7\u00e3o do programa promovido em Manaus caminharam quatro quil\u00f4metros, com partida e chegada em frente da Rotat\u00f3ria que d\u00e1 acesso a Avenida do Turismo. A anima\u00e7\u00e3o ficou por [&hellip;]","og_url":"https:\/\/fieam.org.br\/sesi\/medida-certa-leva-40-mil-pessoas-para-ponta-negra\/","og_site_name":"SESI","article_published_time":"2015-06-03T13:16:17+00:00","og_image":[{"width":1024,"height":683,"url":"https:\/\/fieam.org.br\/sesi\/wp-content\/uploads\/sites\/14\/2015\/06\/Evento-reuniu-40-mil-participantes.jpg","type":"image\/jpeg"}],"author":"Autor","twitter_card":"summary_large_image","twitter_misc":{"Escrito por":"Autor","Est. tempo de leitura":"3 minutos"},"schema":{"@context":"https:\/\/schema.org","@graph":[{"@type":"Article","@id":"https:\/\/fieam.org.br\/sesi\/medida-certa-leva-40-mil-pessoas-para-ponta-negra\/#article","isPartOf":{"@id":"https:\/\/fieam.org.br\/sesi\/medida-certa-leva-40-mil-pessoas-para-ponta-negra\/"},"author":{"name":"Autor","@id":"https:\/\/fieam.org.br\/sesi\/#\/schema\/person\/f54998dd14d5f0695b41444f2b01c31e"},"headline":"Medida Certa leva 40 mil pessoas para Ponta Negra","datePublished":"2015-06-03T13:16:17+00:00","mainEntityOfPage":{"@id":"https:\/\/fieam.org.br\/sesi\/medida-certa-leva-40-mil-pessoas-para-ponta-negra\/"},"wordCount":532,"commentCount":0,"publisher":{"@id":"https:\/\/fieam.org.br\/sesi\/#organization"},"image":{"@id":"https:\/\/fieam.org.br\/sesi\/medida-certa-leva-40-mil-pessoas-para-ponta-negra\/#primaryimage"},"thumbnailUrl":"http:\/\/www.fieam.org.br\/2015\/sesi\/wp-content\/uploads\/sites\/2\/2015\/06\/Evento-reuniu-40-mil-participantes-300x200.jpg","articleSection":["News"],"inLanguage":"pt-BR","potentialAction":[{"@type":"CommentAction","name":"Comment","target":["https:\/\/fieam.org.br\/sesi\/medida-certa-leva-40-mil-pessoas-para-ponta-negra\/#respond"]}]},{"@type":"WebPage","@id":"https:\/\/fieam.org.br\/sesi\/medida-certa-leva-40-mil-pessoas-para-ponta-negra\/","url":"https:\/\/fieam.org.br\/sesi\/medida-certa-leva-40-mil-pessoas-para-ponta-negra\/","name":"Medida Certa leva 40 mil pessoas para Ponta Negra - SESI","isPartOf":{"@id":"https:\/\/fieam.org.br\/sesi\/#website"},"primaryImageOfPage":{"@id":"https:\/\/fieam.org.br\/sesi\/medida-certa-leva-40-mil-pessoas-para-ponta-negra\/#primaryimage"},"image":{"@id":"https:\/\/fieam.org.br\/sesi\/medida-certa-leva-40-mil-pessoas-para-ponta-negra\/#primaryimage"},"thumbnailUrl":"http:\/\/www.fieam.org.br\/2015\/sesi\/wp-content\/uploads\/sites\/2\/2015\/06\/Evento-reuniu-40-mil-participantes-300x200.jpg","datePublished":"2015-06-03T13:16:17+00:00","breadcrumb":{"@id":"https:\/\/fieam.org.br\/sesi\/medida-certa-leva-40-mil-pessoas-para-ponta-negra\/#breadcrumb"},"inLanguage":"pt-BR","potentialAction":[{"@type":"ReadAction","target":["https:\/\/fieam.org.br\/sesi\/medida-certa-leva-40-mil-pessoas-para-ponta-negra\/"]}]},{"@type":"ImageObject","inLanguage":"pt-BR","@id":"https:\/\/fieam.org.br\/sesi\/medida-certa-leva-40-mil-pessoas-para-ponta-negra\/#primaryimage","url":"http:\/\/www.fieam.org.br\/2015\/sesi\/wp-content\/uploads\/sites\/2\/2015\/06\/Evento-reuniu-40-mil-participantes-300x200.jpg","contentUrl":"http:\/\/www.fieam.org.br\/2015\/sesi\/wp-content\/uploads\/sites\/2\/2015\/06\/Evento-reuniu-40-mil-participantes-300x200.jpg"},{"@type":"BreadcrumbList","@id":"https:\/\/fieam.org.br\/sesi\/medida-certa-leva-40-mil-pessoas-para-ponta-negra\/#breadcrumb","itemListElement":[{"@type":"ListItem","position":1,"name":"In\u00edcio","item":"https:\/\/fieam.org.br\/sesi\/"},{"@type":"ListItem","position":2,"name":"Medida Certa leva 40 mil pessoas para Ponta Negra"}]},{"@type":"WebSite","@id":"https:\/\/fieam.org.br\/sesi\/#website","url":"https:\/\/fieam.org.br\/sesi\/","name":"SESI","description":"Site Oficial!","publisher":{"@id":"https:\/\/fieam.org.br\/sesi\/#organization"},"potentialAction":[{"@type":"SearchAction","target":{"@type":"EntryPoint","urlTemplate":"https:\/\/fieam.org.br\/sesi\/?s={search_term_string}"},"query-input":{"@type":"PropertyValueSpecification","valueRequired":true,"valueName":"search_term_string"}}],"inLanguage":"pt-BR"},{"@type":"Organization","@id":"https:\/\/fieam.org.br\/sesi\/#organization","name":"SESI","url":"https:\/\/fieam.org.br\/sesi\/","logo":{"@type":"ImageObject","inLanguage":"pt-BR","@id":"https:\/\/fieam.org.br\/sesi\/#\/schema\/logo\/image\/","url":"https:\/\/fieam.org.br\/sesi\/wp-content\/uploads\/sites\/14\/2024\/03\/cropped-fav.png","contentUrl":"https:\/\/fieam.org.br\/sesi\/wp-content\/uploads\/sites\/14\/2024\/03\/cropped-fav.png","width":610,"height":589,"caption":"SESI"},"image":{"@id":"https:\/\/fieam.org.br\/sesi\/#\/schema\/logo\/image\/"}},{"@type":"Person","@id":"https:\/\/fieam.org.br\/sesi\/#\/schema\/person\/f54998dd14d5f0695b41444f2b01c31e","name":"Autor","image":{"@type":"ImageObject","inLanguage":"pt-BR","@id":"https:\/\/secure.gravatar.com\/avatar\/3732c223e0e1fad69062a8f770955c9068d37b055204f310a0be18d4069fe380?s=96&d=mm&r=g","url":"https:\/\/secure.gravatar.com\/avatar\/3732c223e0e1fad69062a8f770955c9068d37b055204f310a0be18d4069fe380?s=96&d=mm&r=g","contentUrl":"https:\/\/secure.gravatar.com\/avatar\/3732c223e0e1fad69062a8f770955c9068d37b055204f310a0be18d4069fe380?s=96&d=mm&r=g","caption":"Autor"},"sameAs":["https:\/\/marketingmassivo.com.br"],"url":"https:\/\/fieam.org.br\/sesi\/author\/admin\/"}]}},"_links":{"self":[{"href":"https:\/\/fieam.org.br\/sesi\/wp-json\/wp\/v2\/posts\/7238","targetHints":{"allow":["GET"]}}],"collection":[{"href":"https:\/\/fieam.org.br\/sesi\/wp-json\/wp\/v2\/posts"}],"about":[{"href":"https:\/\/fieam.org.br\/sesi\/wp-json\/wp\/v2\/types\/post"}],"author":[{"embeddable":true,"href":"https:\/\/fieam.org.br\/sesi\/wp-json\/wp\/v2\/users\/1"}],"replies":[{"embeddable":true,"href":"https:\/\/fieam.org.br\/sesi\/wp-json\/wp\/v2\/comments?post=7238"}],"version-history":[{"count":0,"href":"https:\/\/fieam.org.br\/sesi\/wp-json\/wp\/v2\/posts\/7238\/revisions"}],"wp:attachment":[{"href":"https:\/\/fieam.org.br\/sesi\/wp-json\/wp\/v2\/media?parent=7238"}],"wp:term":[{"taxonomy":"category","embeddable":true,"href":"https:\/\/fieam.org.br\/sesi\/wp-json\/wp\/v2\/categories?post=7238"},{"taxonomy":"post_tag","embeddable":true,"href":"https:\/\/fieam.org.br\/sesi\/wp-json\/wp\/v2\/tags?post=7238"}],"curies":[{"name":"wp","href":"https:\/\/api.w.org\/{rel}","templated":true}]}}