{"id":7236,"date":"2015-06-02T19:20:52","date_gmt":"2015-06-02T19:20:52","guid":{"rendered":"http:\/\/www.fieam.org.br\/site\/sesi\/?p=7236"},"modified":"2015-06-02T19:20:52","modified_gmt":"2015-06-02T19:20:52","slug":"sesi-e-sebrae-promovem-2a-etapa-do-projeto-comida-de-rua","status":"publish","type":"post","link":"https:\/\/fieam.org.br\/sesi\/sesi-e-sebrae-promovem-2a-etapa-do-projeto-comida-de-rua\/","title":{"rendered":"SESI e SEBRAE promovem 2a etapa do projeto Comida de Rua"},"content":{"rendered":"<p><a href=\"http:\/\/www.fieam.org.br\/site\/sesi\/\" target=\"_blank\" rel=\"noopener\">O SESI<\/a>\u00a0cozinha Brasil est\u00e1 com inscri\u00e7\u00f5es abertas para a 2\u00aa etapa do Projeto Comida de Rua, que ser\u00e1 realizado nos dias 08 a 12 de junho, em dois hor\u00e1rios, das 14 \u00e0s 17 horas e das 18 \u00e0s 21 horas, no Servi\u00e7o Brasileiro de Apoio \u00e0s Micro e Pequenas Empresas (Sebrae Amazonas), localizado na rua Leonardo Malcher.<\/p>\n<p>Desenvolvido em parceria pelo SESI Amazonas e Sebrae, o projeto oferece ao microempreendedor a oportunidade para melhorar a gest\u00e3o do seu neg\u00f3cio e diversificar a sua produ\u00e7\u00e3o, atraindo um\u00a0 p\u00fablico consumidor maior.<\/p>\n<p>Durante o curso, que tem carga hor\u00e1ria de 15 horas, o Sebrae realiza as oficinas sobre empreendedorismo, planejamento, compras, vendas e administra\u00e7\u00e3o financeira. O SESI, por interm\u00e9dio da nutricionista Evely Medeiros, fica respons\u00e1vel pelas oficinas de manipula\u00e7\u00e3o, armazenamento e aproveitamento dos alimentos.<\/p>\n<p>Evely Medeiros disse que os cuidados com a higiene visam eliminar ou reduzir os micro-organismos, evitando que causem doen\u00e7as aos consumidores. De acordo com a nutricionista, os manipuladores de alimentos devem lavar as m\u00e3os com \u00e1gua e sab\u00e3o antes de manusear os alimentos, e que as verduras, frutas e legumes devem ser lavados em \u00e1gua corrente, limpa e tratada e, quando forem consumidos crus, devem ser desinfetados com \u00e1gua e hipoclorito de s\u00f3dio. Segundo, a nutricionista do SESI, o desperd\u00edcio deve ser evitado com o aproveitamento das cascas das frutas e sementes. Evely alerta ainda sobre a import\u00e2ncia de se saber a proced\u00eancia dos alimentos.<\/p>\n<p>O projeto Comida de Rua foi iniciado em agosto de 2014 e j\u00e1 certificou cerca de 100 pequenos empreendedores, entre vendedores ambulantes, micro e pequenos empres\u00e1rios do ramo da alimenta\u00e7\u00e3o.<\/p>\n<p>As vagas s\u00e3o limitadas e podem ser feitas pelo n\u00famero 0800 570 0800, com direito a certificado de participa\u00e7\u00e3o.<\/p>\n<p>&nbsp;<\/p>\n<p><b>\u00a0\u00a0\u00a0\u00a0\u00a0\u00a0\u00a0\u00a0\u00a0\u00a0\u00a0 ATENDIMENTO \u00c0 IMPRENSA<\/b><\/p>\n<p>&nbsp;<\/p>\n<p><b>Diretoria de Comunica\u00e7\u00e3o e Marketing do Sistema FIEAM<\/b><\/p>\n<p>Tel: (92) 3186-6576\u00a0 Fax: (92) 3186-6579<\/p>\n<p>E-mail:\u00a0<a href=\"mailto:imprensa@fieam.org.br\" target=\"_blank\" rel=\"noopener\">imprensa@fieam.org.br<\/a><\/p>\n<p><a href=\"http:\/\/www.fieam.org.br\/\" target=\"_blank\" rel=\"noopener\">http:\/\/www.fieam.org.br<\/a><\/p>\n<p><a href=\"http:\/\/www.facebook.com\/sistemafieam\" target=\"_blank\" rel=\"noopener\">http:\/\/www.facebook.com\/sistemafieam<\/a><\/p>\n<p>Twitter:\u00a0@fieam\u00a0@sesiamazonas\u00a0@senaiamazonas\u00a0@ielamazonas<\/p>\n","protected":false},"excerpt":{"rendered":"<p>O SESI\u00a0cozinha Brasil est\u00e1 com inscri\u00e7\u00f5es abertas para a 2\u00aa etapa do Projeto Comida de Rua, que ser\u00e1 realizado nos dias 08 a 12 de junho, em dois hor\u00e1rios, das 14 \u00e0s 17 horas e das 18 \u00e0s 21 horas, no Servi\u00e7o Brasileiro de Apoio \u00e0s Micro e Pequenas Empresas (Sebrae Amazonas), localizado na rua [&hellip;]<\/p>\n","protected":false},"author":1,"featured_media":0,"comment_status":"open","ping_status":"open","sticky":false,"template":"","format":"standard","meta":{"footnotes":""},"categories":[25],"tags":[],"class_list":["post-7236","post","type-post","status-publish","format-standard","hentry","category-news"],"yoast_head":"<!-- This site is optimized with the Yoast SEO plugin v28.2 - https:\/\/yoast.com\/product\/yoast-seo-wordpress\/ -->\n<title>SESI e SEBRAE promovem 2a etapa do projeto Comida de Rua - SESI<\/title>\n<meta name=\"robots\" content=\"index, follow, max-snippet:-1, max-image-preview:large, max-video-preview:-1\" \/>\n<link rel=\"canonical\" href=\"https:\/\/fieam.org.br\/sesi\/sesi-e-sebrae-promovem-2a-etapa-do-projeto-comida-de-rua\/\" \/>\n<meta property=\"og:locale\" content=\"pt_BR\" \/>\n<meta property=\"og:type\" content=\"article\" \/>\n<meta property=\"og:title\" content=\"SESI e SEBRAE promovem 2a etapa do projeto Comida de Rua - SESI\" \/>\n<meta property=\"og:description\" content=\"O SESI\u00a0cozinha Brasil est\u00e1 com inscri\u00e7\u00f5es abertas para a 2\u00aa etapa do Projeto Comida de Rua, que ser\u00e1 realizado nos dias 08 a 12 de junho, em dois hor\u00e1rios, das 14 \u00e0s 17 horas e das 18 \u00e0s 21 horas, no Servi\u00e7o Brasileiro de Apoio \u00e0s Micro e Pequenas Empresas (Sebrae Amazonas), localizado na rua [&hellip;]\" \/>\n<meta property=\"og:url\" content=\"https:\/\/fieam.org.br\/sesi\/sesi-e-sebrae-promovem-2a-etapa-do-projeto-comida-de-rua\/\" \/>\n<meta property=\"og:site_name\" content=\"SESI\" \/>\n<meta property=\"article:published_time\" content=\"2015-06-02T19:20:52+00:00\" \/>\n<meta name=\"author\" content=\"Autor\" \/>\n<meta name=\"twitter:card\" content=\"summary_large_image\" \/>\n<meta name=\"twitter:label1\" content=\"Escrito por\" \/>\n\t<meta name=\"twitter:data1\" content=\"Autor\" \/>\n\t<meta name=\"twitter:label2\" content=\"Est. tempo de leitura\" \/>\n\t<meta name=\"twitter:data2\" content=\"2 minutos\" \/>\n<script type=\"application\/ld+json\" class=\"yoast-schema-graph\">{\"@context\":\"https:\\\/\\\/schema.org\",\"@graph\":[{\"@type\":\"Article\",\"@id\":\"https:\\\/\\\/fieam.org.br\\\/sesi\\\/sesi-e-sebrae-promovem-2a-etapa-do-projeto-comida-de-rua\\\/#article\",\"isPartOf\":{\"@id\":\"https:\\\/\\\/fieam.org.br\\\/sesi\\\/sesi-e-sebrae-promovem-2a-etapa-do-projeto-comida-de-rua\\\/\"},\"author\":{\"name\":\"Autor\",\"@id\":\"https:\\\/\\\/fieam.org.br\\\/sesi\\\/#\\\/schema\\\/person\\\/f54998dd14d5f0695b41444f2b01c31e\"},\"headline\":\"SESI e SEBRAE promovem 2a etapa do projeto Comida de Rua\",\"datePublished\":\"2015-06-02T19:20:52+00:00\",\"mainEntityOfPage\":{\"@id\":\"https:\\\/\\\/fieam.org.br\\\/sesi\\\/sesi-e-sebrae-promovem-2a-etapa-do-projeto-comida-de-rua\\\/\"},\"wordCount\":345,\"commentCount\":0,\"publisher\":{\"@id\":\"https:\\\/\\\/fieam.org.br\\\/sesi\\\/#organization\"},\"articleSection\":[\"News\"],\"inLanguage\":\"pt-BR\",\"potentialAction\":[{\"@type\":\"CommentAction\",\"name\":\"Comment\",\"target\":[\"https:\\\/\\\/fieam.org.br\\\/sesi\\\/sesi-e-sebrae-promovem-2a-etapa-do-projeto-comida-de-rua\\\/#respond\"]}]},{\"@type\":\"WebPage\",\"@id\":\"https:\\\/\\\/fieam.org.br\\\/sesi\\\/sesi-e-sebrae-promovem-2a-etapa-do-projeto-comida-de-rua\\\/\",\"url\":\"https:\\\/\\\/fieam.org.br\\\/sesi\\\/sesi-e-sebrae-promovem-2a-etapa-do-projeto-comida-de-rua\\\/\",\"name\":\"SESI e SEBRAE promovem 2a etapa do projeto Comida de Rua - SESI\",\"isPartOf\":{\"@id\":\"https:\\\/\\\/fieam.org.br\\\/sesi\\\/#website\"},\"datePublished\":\"2015-06-02T19:20:52+00:00\",\"breadcrumb\":{\"@id\":\"https:\\\/\\\/fieam.org.br\\\/sesi\\\/sesi-e-sebrae-promovem-2a-etapa-do-projeto-comida-de-rua\\\/#breadcrumb\"},\"inLanguage\":\"pt-BR\",\"potentialAction\":[{\"@type\":\"ReadAction\",\"target\":[\"https:\\\/\\\/fieam.org.br\\\/sesi\\\/sesi-e-sebrae-promovem-2a-etapa-do-projeto-comida-de-rua\\\/\"]}]},{\"@type\":\"BreadcrumbList\",\"@id\":\"https:\\\/\\\/fieam.org.br\\\/sesi\\\/sesi-e-sebrae-promovem-2a-etapa-do-projeto-comida-de-rua\\\/#breadcrumb\",\"itemListElement\":[{\"@type\":\"ListItem\",\"position\":1,\"name\":\"In\u00edcio\",\"item\":\"https:\\\/\\\/fieam.org.br\\\/sesi\\\/\"},{\"@type\":\"ListItem\",\"position\":2,\"name\":\"SESI e SEBRAE promovem 2a etapa do projeto Comida de Rua\"}]},{\"@type\":\"WebSite\",\"@id\":\"https:\\\/\\\/fieam.org.br\\\/sesi\\\/#website\",\"url\":\"https:\\\/\\\/fieam.org.br\\\/sesi\\\/\",\"name\":\"SESI\",\"description\":\"Site Oficial!\",\"publisher\":{\"@id\":\"https:\\\/\\\/fieam.org.br\\\/sesi\\\/#organization\"},\"potentialAction\":[{\"@type\":\"SearchAction\",\"target\":{\"@type\":\"EntryPoint\",\"urlTemplate\":\"https:\\\/\\\/fieam.org.br\\\/sesi\\\/?s={search_term_string}\"},\"query-input\":{\"@type\":\"PropertyValueSpecification\",\"valueRequired\":true,\"valueName\":\"search_term_string\"}}],\"inLanguage\":\"pt-BR\"},{\"@type\":\"Organization\",\"@id\":\"https:\\\/\\\/fieam.org.br\\\/sesi\\\/#organization\",\"name\":\"SESI\",\"url\":\"https:\\\/\\\/fieam.org.br\\\/sesi\\\/\",\"logo\":{\"@type\":\"ImageObject\",\"inLanguage\":\"pt-BR\",\"@id\":\"https:\\\/\\\/fieam.org.br\\\/sesi\\\/#\\\/schema\\\/logo\\\/image\\\/\",\"url\":\"https:\\\/\\\/fieam.org.br\\\/sesi\\\/wp-content\\\/uploads\\\/sites\\\/14\\\/2024\\\/03\\\/cropped-fav.png\",\"contentUrl\":\"https:\\\/\\\/fieam.org.br\\\/sesi\\\/wp-content\\\/uploads\\\/sites\\\/14\\\/2024\\\/03\\\/cropped-fav.png\",\"width\":610,\"height\":589,\"caption\":\"SESI\"},\"image\":{\"@id\":\"https:\\\/\\\/fieam.org.br\\\/sesi\\\/#\\\/schema\\\/logo\\\/image\\\/\"}},{\"@type\":\"Person\",\"@id\":\"https:\\\/\\\/fieam.org.br\\\/sesi\\\/#\\\/schema\\\/person\\\/f54998dd14d5f0695b41444f2b01c31e\",\"name\":\"Autor\",\"image\":{\"@type\":\"ImageObject\",\"inLanguage\":\"pt-BR\",\"@id\":\"https:\\\/\\\/secure.gravatar.com\\\/avatar\\\/3732c223e0e1fad69062a8f770955c9068d37b055204f310a0be18d4069fe380?s=96&d=mm&r=g\",\"url\":\"https:\\\/\\\/secure.gravatar.com\\\/avatar\\\/3732c223e0e1fad69062a8f770955c9068d37b055204f310a0be18d4069fe380?s=96&d=mm&r=g\",\"contentUrl\":\"https:\\\/\\\/secure.gravatar.com\\\/avatar\\\/3732c223e0e1fad69062a8f770955c9068d37b055204f310a0be18d4069fe380?s=96&d=mm&r=g\",\"caption\":\"Autor\"},\"sameAs\":[\"https:\\\/\\\/marketingmassivo.com.br\"],\"url\":\"https:\\\/\\\/fieam.org.br\\\/sesi\\\/author\\\/admin\\\/\"}]}<\/script>\n<!-- \/ Yoast SEO plugin. -->","yoast_head_json":{"title":"SESI e SEBRAE promovem 2a etapa do projeto Comida de Rua - SESI","robots":{"index":"index","follow":"follow","max-snippet":"max-snippet:-1","max-image-preview":"max-image-preview:large","max-video-preview":"max-video-preview:-1"},"canonical":"https:\/\/fieam.org.br\/sesi\/sesi-e-sebrae-promovem-2a-etapa-do-projeto-comida-de-rua\/","og_locale":"pt_BR","og_type":"article","og_title":"SESI e SEBRAE promovem 2a etapa do projeto Comida de Rua - SESI","og_description":"O SESI\u00a0cozinha Brasil est\u00e1 com inscri\u00e7\u00f5es abertas para a 2\u00aa etapa do Projeto Comida de Rua, que ser\u00e1 realizado nos dias 08 a 12 de junho, em dois hor\u00e1rios, das 14 \u00e0s 17 horas e das 18 \u00e0s 21 horas, no Servi\u00e7o Brasileiro de Apoio \u00e0s Micro e Pequenas Empresas (Sebrae Amazonas), localizado na rua [&hellip;]","og_url":"https:\/\/fieam.org.br\/sesi\/sesi-e-sebrae-promovem-2a-etapa-do-projeto-comida-de-rua\/","og_site_name":"SESI","article_published_time":"2015-06-02T19:20:52+00:00","author":"Autor","twitter_card":"summary_large_image","twitter_misc":{"Escrito por":"Autor","Est. tempo de leitura":"2 minutos"},"schema":{"@context":"https:\/\/schema.org","@graph":[{"@type":"Article","@id":"https:\/\/fieam.org.br\/sesi\/sesi-e-sebrae-promovem-2a-etapa-do-projeto-comida-de-rua\/#article","isPartOf":{"@id":"https:\/\/fieam.org.br\/sesi\/sesi-e-sebrae-promovem-2a-etapa-do-projeto-comida-de-rua\/"},"author":{"name":"Autor","@id":"https:\/\/fieam.org.br\/sesi\/#\/schema\/person\/f54998dd14d5f0695b41444f2b01c31e"},"headline":"SESI e SEBRAE promovem 2a etapa do projeto Comida de Rua","datePublished":"2015-06-02T19:20:52+00:00","mainEntityOfPage":{"@id":"https:\/\/fieam.org.br\/sesi\/sesi-e-sebrae-promovem-2a-etapa-do-projeto-comida-de-rua\/"},"wordCount":345,"commentCount":0,"publisher":{"@id":"https:\/\/fieam.org.br\/sesi\/#organization"},"articleSection":["News"],"inLanguage":"pt-BR","potentialAction":[{"@type":"CommentAction","name":"Comment","target":["https:\/\/fieam.org.br\/sesi\/sesi-e-sebrae-promovem-2a-etapa-do-projeto-comida-de-rua\/#respond"]}]},{"@type":"WebPage","@id":"https:\/\/fieam.org.br\/sesi\/sesi-e-sebrae-promovem-2a-etapa-do-projeto-comida-de-rua\/","url":"https:\/\/fieam.org.br\/sesi\/sesi-e-sebrae-promovem-2a-etapa-do-projeto-comida-de-rua\/","name":"SESI e SEBRAE promovem 2a etapa do projeto Comida de Rua - SESI","isPartOf":{"@id":"https:\/\/fieam.org.br\/sesi\/#website"},"datePublished":"2015-06-02T19:20:52+00:00","breadcrumb":{"@id":"https:\/\/fieam.org.br\/sesi\/sesi-e-sebrae-promovem-2a-etapa-do-projeto-comida-de-rua\/#breadcrumb"},"inLanguage":"pt-BR","potentialAction":[{"@type":"ReadAction","target":["https:\/\/fieam.org.br\/sesi\/sesi-e-sebrae-promovem-2a-etapa-do-projeto-comida-de-rua\/"]}]},{"@type":"BreadcrumbList","@id":"https:\/\/fieam.org.br\/sesi\/sesi-e-sebrae-promovem-2a-etapa-do-projeto-comida-de-rua\/#breadcrumb","itemListElement":[{"@type":"ListItem","position":1,"name":"In\u00edcio","item":"https:\/\/fieam.org.br\/sesi\/"},{"@type":"ListItem","position":2,"name":"SESI e SEBRAE promovem 2a etapa do projeto Comida de Rua"}]},{"@type":"WebSite","@id":"https:\/\/fieam.org.br\/sesi\/#website","url":"https:\/\/fieam.org.br\/sesi\/","name":"SESI","description":"Site Oficial!","publisher":{"@id":"https:\/\/fieam.org.br\/sesi\/#organization"},"potentialAction":[{"@type":"SearchAction","target":{"@type":"EntryPoint","urlTemplate":"https:\/\/fieam.org.br\/sesi\/?s={search_term_string}"},"query-input":{"@type":"PropertyValueSpecification","valueRequired":true,"valueName":"search_term_string"}}],"inLanguage":"pt-BR"},{"@type":"Organization","@id":"https:\/\/fieam.org.br\/sesi\/#organization","name":"SESI","url":"https:\/\/fieam.org.br\/sesi\/","logo":{"@type":"ImageObject","inLanguage":"pt-BR","@id":"https:\/\/fieam.org.br\/sesi\/#\/schema\/logo\/image\/","url":"https:\/\/fieam.org.br\/sesi\/wp-content\/uploads\/sites\/14\/2024\/03\/cropped-fav.png","contentUrl":"https:\/\/fieam.org.br\/sesi\/wp-content\/uploads\/sites\/14\/2024\/03\/cropped-fav.png","width":610,"height":589,"caption":"SESI"},"image":{"@id":"https:\/\/fieam.org.br\/sesi\/#\/schema\/logo\/image\/"}},{"@type":"Person","@id":"https:\/\/fieam.org.br\/sesi\/#\/schema\/person\/f54998dd14d5f0695b41444f2b01c31e","name":"Autor","image":{"@type":"ImageObject","inLanguage":"pt-BR","@id":"https:\/\/secure.gravatar.com\/avatar\/3732c223e0e1fad69062a8f770955c9068d37b055204f310a0be18d4069fe380?s=96&d=mm&r=g","url":"https:\/\/secure.gravatar.com\/avatar\/3732c223e0e1fad69062a8f770955c9068d37b055204f310a0be18d4069fe380?s=96&d=mm&r=g","contentUrl":"https:\/\/secure.gravatar.com\/avatar\/3732c223e0e1fad69062a8f770955c9068d37b055204f310a0be18d4069fe380?s=96&d=mm&r=g","caption":"Autor"},"sameAs":["https:\/\/marketingmassivo.com.br"],"url":"https:\/\/fieam.org.br\/sesi\/author\/admin\/"}]}},"_links":{"self":[{"href":"https:\/\/fieam.org.br\/sesi\/wp-json\/wp\/v2\/posts\/7236","targetHints":{"allow":["GET"]}}],"collection":[{"href":"https:\/\/fieam.org.br\/sesi\/wp-json\/wp\/v2\/posts"}],"about":[{"href":"https:\/\/fieam.org.br\/sesi\/wp-json\/wp\/v2\/types\/post"}],"author":[{"embeddable":true,"href":"https:\/\/fieam.org.br\/sesi\/wp-json\/wp\/v2\/users\/1"}],"replies":[{"embeddable":true,"href":"https:\/\/fieam.org.br\/sesi\/wp-json\/wp\/v2\/comments?post=7236"}],"version-history":[{"count":0,"href":"https:\/\/fieam.org.br\/sesi\/wp-json\/wp\/v2\/posts\/7236\/revisions"}],"wp:attachment":[{"href":"https:\/\/fieam.org.br\/sesi\/wp-json\/wp\/v2\/media?parent=7236"}],"wp:term":[{"taxonomy":"category","embeddable":true,"href":"https:\/\/fieam.org.br\/sesi\/wp-json\/wp\/v2\/categories?post=7236"},{"taxonomy":"post_tag","embeddable":true,"href":"https:\/\/fieam.org.br\/sesi\/wp-json\/wp\/v2\/tags?post=7236"}],"curies":[{"name":"wp","href":"https:\/\/api.w.org\/{rel}","templated":true}]}}