{"id":7226,"date":"2015-06-02T11:01:12","date_gmt":"2015-06-02T11:01:12","guid":{"rendered":"http:\/\/www.fieam.org.br\/site\/sesi\/?p=7226"},"modified":"2015-06-02T11:01:12","modified_gmt":"2015-06-02T11:01:12","slug":"sesi-promove-uniao-de-68-casais-em-itacoatiara","status":"publish","type":"post","link":"https:\/\/fieam.org.br\/sesi\/sesi-promove-uniao-de-68-casais-em-itacoatiara\/","title":{"rendered":"SESI promove uni\u00e3o de 68 casais em Itacoatiara"},"content":{"rendered":"<figure id=\"attachment_7227\" aria-describedby=\"caption-attachment-7227\" style=\"width: 300px\" class=\"wp-caption alignleft\"><a href=\"http:\/\/www.fieam.org.br\/site\/sesi\/sesi-promove-uniao-de-68-casais-em-itacoatiara\/a-acao-global-2015-em-itacoatiara-retomou-a-atividade-do-casamento-coletivo-e-beneficiou-68-casais\/\" rel=\"attachment wp-att-7227\"><img fetchpriority=\"high\" decoding=\"async\" class=\"size-medium wp-image-7227\" alt=\"A A\u00e7\u00e3o Global 2015 em Itacoatiara retomou a atividade do casamento coletivo e beneficiou 68 casais.\" src=\"http:\/\/www.fieam.org.br\/site\/sesi\/files\/2015\/06\/A-A\u00e7\u00e3o-Global-2015-em-Itacoatiara-retomou-a-atividade-do-casamento-coletivo-e-beneficiou-68-casais.-300x199.jpg\" width=\"300\" height=\"199\" \/><\/a><figcaption id=\"caption-attachment-7227\" class=\"wp-caption-text\">A A\u00e7\u00e3o Global 2015 em Itacoatiara retomou a atividade do casamento coletivo e beneficiou 68 casais.<\/figcaption><\/figure>\n<p>Ao som da tradicional marcha nupcial, 68 casais disseram \u201csim\u201d para oficializar a uni\u00e3o na manh\u00e3 da sexta-feira (29) em Itacoatiara, a 280 quil\u00f4metros de Manaus. O casamento coletivo foi promovido pelo\u00a0<a href=\"http:\/\/www.fieam.org.br\/site\/sesi\/\" target=\"_blank\" rel=\"noopener\">Servi\u00e7o Social da Ind\u00fastria (SESI Amazonas)<\/a>, por ocasi\u00e3o da A\u00e7\u00e3o Global, em parceria com a Rede Globo. O Clube Recreativo dos Professores de Itacoatiara (CREPI) foi local da cerim\u00f4nia.<\/p>\n<p>A coordenadora da A\u00e7\u00e3o Global do SESI\/AM, Patr\u00edcia Bezerra, disse que, em geral, o casamento coletivo regulariza a situa\u00e7\u00e3o dos casais que j\u00e1 t\u00eam relacionamento est\u00e1vel. \u201cAp\u00f3s cinco anos, o SESI\/AM volta a disponibilizar aos participantes da A\u00e7\u00e3o Global oportunidade do casamento civil para trabalhadores que precisam atualizar o estado civil e ampliar seus benef\u00edcios, como colaborador\u201d, disse.<\/p>\n<p>Gratuito, o casamento foi conduzido pelo juiz do Cart\u00f3rio do Terceiro Of\u00edcio da Comarca de Itacoatiara, Od\u00edlio Pereira da Costa, que enfatizou aos noivos sobre a import\u00e2ncia do compromisso perante a lei e da decis\u00e3o de formar uma fam\u00edlia. \u201cTodos est\u00e3o aqui porque visam \u00e0 estrutura\u00e7\u00e3o da fam\u00edlia e assumem o matrim\u00f4nio como responsabilidade social\u201d.<\/p>\n<figure id=\"attachment_7228\" aria-describedby=\"caption-attachment-7228\" style=\"width: 300px\" class=\"wp-caption alignleft\"><a href=\"http:\/\/www.fieam.org.br\/site\/sesi\/sesi-promove-uniao-de-68-casais-em-itacoatiara\/maria-negreiros-e-erivaldo-batistaanciosos-para-receber-a-certidao-de-casamento\/\" rel=\"attachment wp-att-7228\"><img decoding=\"async\" class=\"size-medium wp-image-7228\" alt=\"Maria Negreiros e Erivaldo  Batista,anciosos para receber a certid\u00e3o de casamento .\" src=\"http:\/\/www.fieam.org.br\/site\/sesi\/files\/2015\/06\/Maria-Negreiros-e-Erivaldo-Batistaanciosos-para-receber-a-certid\u00e3o-de-casamento-.-300x199.jpg\" width=\"300\" height=\"199\" \/><\/a><figcaption id=\"caption-attachment-7228\" class=\"wp-caption-text\">Maria Negreiros e Erivaldo Batista, ansiosos para receber a certid\u00e3o de casamento .<\/figcaption><\/figure>\n<p>O juiz conduziu a cerim\u00f4nia, por meio do proclame individual para cada casal. Ap\u00f3s os proclames, os noivos deram o beijo coletivo para firmar o compromisso e assinaram a certid\u00e3o de casamento. Os rec\u00e9m-casados tiveram direito a show de humor \u201cChoelma e Chubico\u201d, protagonizado pelos atores do SESI\/AM, que se encarregaram de animar o coquetel em homenagem aos noivos.<\/p>\n<p>&nbsp;<\/p>\n<p><b>40 anos de uni\u00e3o oficializada<\/b><\/p>\n<p><b>\u00a0<\/b><\/p>\n<p>O casamento coletivo uniu noivos de todas as idades. \u00c9 o caso da costureira Suely Bachman, 61 anos, e do estivador Raimundo Nonato Gomes, 63. Ambos amazonenses, ela de Itacoatiara e ele de Manaus. Conheceram-se h\u00e1 mais de 40 anos na escola onde cursavam o ensino m\u00e9dio. Desde ent\u00e3o \u201cn\u00e3o se desgrudaram mais\u201d. Com tr\u00eas filhos e tr\u00eas netos, o casal mais experiente na cerim\u00f4nia do casamento coletivo da A\u00e7\u00e3o Global n\u00e3o pensava em oficializar a uni\u00e3o at\u00e9 h\u00e1 pouco tempo.<\/p>\n<figure id=\"attachment_7229\" aria-describedby=\"caption-attachment-7229\" style=\"width: 300px\" class=\"wp-caption alignleft\"><a href=\"http:\/\/www.fieam.org.br\/site\/sesi\/sesi-promove-uniao-de-68-casais-em-itacoatiara\/para-firmar-o-compromisso-ronam-e-marilene-gravida-de-5-meses-casaram-na-acao-global-2015\/\" rel=\"attachment wp-att-7229\"><img decoding=\"async\" class=\"size-medium wp-image-7229\" alt=\"Para firmar o compromisso ,Ronam e Marilene ,gravida de 5 meses casaram na A\u00e7\u00e3o Global 2015\" src=\"http:\/\/www.fieam.org.br\/2015\/sesi\/wp-content\/uploads\/sites\/2\/2015\/06\/Para-firmar-o-compromisso-Ronam-e-Marilene-gravida-de-5-meses-casaram-na-A\u00e7\u00e3o-Global-2015-300x199.jpg\" width=\"300\" height=\"199\" \/><\/a><figcaption id=\"caption-attachment-7229\" class=\"wp-caption-text\">Para firmar o compromisso ,Ronam e Marilene ,gr\u00e1vida de 5 meses casaram na A\u00e7\u00e3o Global 2015<\/figcaption><\/figure>\n<p>\u201cFaz seis meses que Raimundo rompeu tr\u00eas veias da cabe\u00e7a, isso ocasionou um AVC, os m\u00e9dicos n\u00e3o acreditaram quando saiu ileso, e eu n\u00e3o sa\u00ed de perto. Quando ele voltou do hospital, me pediu em casamento\u201d, disse dona Suely, que aceitou o pedido de imediato.<\/p>\n<p>Bem-humorado, Raimundo disse que, ao ficar doente, percebeu que Suely \u00e9 a mulher da sua vida. \u201cO casamento coletivo veio ao encontro da nossa vontade. Fomos beneficiados, al\u00e9m de passarmos tanto tempo pra casar, ainda foi de gra\u00e7a\u201d, comemorou.<\/p>\n<p>Raimundo e Suely foram parabenizados at\u00e9 pelo juiz. Muito aplaudidos quando trocaram as alian\u00e7as, revelaram o segredo para tantos anos juntos: a boa comunica\u00e7\u00e3o e o respeito.<\/p>\n<p>&nbsp;<\/p>\n<p><b>Noivas vestem do jeans ao v\u00e9u e grinalda<\/b><\/p>\n<p>&nbsp;<\/p>\n<p>&nbsp;<\/p>\n<figure id=\"attachment_7230\" aria-describedby=\"caption-attachment-7230\" style=\"width: 300px\" class=\"wp-caption alignleft\"><a href=\"http:\/\/www.fieam.org.br\/site\/sesi\/sesi-promove-uniao-de-68-casais-em-itacoatiara\/raimundo-e-suely-oficializam-uniao-no-casamento-coletivo-da-acao-global-apos-40-anos-juntos\/\" rel=\"attachment wp-att-7230\"><img loading=\"lazy\" decoding=\"async\" class=\"size-medium wp-image-7230\" alt=\"Raimundo e Suely ,oficializam uni\u00e3o no casamento coletivo da A\u00e7\u00e3o Global, ap\u00f3s 40 anos juntos\" src=\"http:\/\/www.fieam.org.br\/2015\/sesi\/wp-content\/uploads\/sites\/2\/2015\/06\/Raimundo-e-Suely-oficializam-uni\u00e3o-no-casamento-coletivo-da-A\u00e7\u00e3o-Global-ap\u00f3s-40-anos-juntos-300x199.jpg\" width=\"300\" height=\"199\" \/><\/a><figcaption id=\"caption-attachment-7230\" class=\"wp-caption-text\">Raimundo e Suely oficializam uni\u00e3o no casamento coletivo da A\u00e7\u00e3o Global, ap\u00f3s 40 anos juntos<\/figcaption><\/figure>\n<p>Do v\u00e9u e grinalda ao modelo mais despojado, como o jeans, ornaram os noivos. A vendedora Daiane Chavier, 27, e o pintor Erison dos Santos 27, cumpriram a tradi\u00e7\u00e3o. A noiva usava vestido branco longo e o buqu\u00ea de rosas vermelhas. O noivo, alinhado no terno preto, tamb\u00e9m quis estar \u00e0 altura no grande dia.<\/p>\n<p>\u201cHoje \u00e9 um dia muito esperado, acreditamos que vale a pena usar\u00a0 roupa especial, a ocasi\u00e3o \u00e9 \u00fanica, achamos importante estarmos com o figurino de acordo com o matrim\u00f4nio\u201d, disse a noiva.<\/p>\n<p>J\u00e1 para Maria Negreiros, 43, cozinheira, o que importa mesmo \u00e9 a certid\u00e3o de casamento. \u201cEu n\u00e3o dou import\u00e2ncia para o vestido, o que vale mesmo \u00e9 a certid\u00e3o de casamento, e aqui na A\u00e7\u00e3o Global como est\u00e1 sendo gratuito, aproveitei, coloquei minha cal\u00e7a jeans e camiseta sem problemas\u201d.<\/p>\n<p>Foi o 1\u00ba casamento coletivo promovido pela A\u00e7\u00e3o Global em Itacoatiara, em 22\u00aa edi\u00e7\u00e3o e na 2\u00aa fora da capital, Manaus. O munic\u00edpio de cerda de 100 mil habitantes foi o escolhido para receber um dos servi\u00e7os mais disputados da programa\u00e7\u00e3o.<\/p>\n<p>Os rec\u00e9m- casados foram agraciados com bolo, coquetel e m\u00fasica ap\u00f3s a cerim\u00f4nia. De acordo com Patr\u00edcia Bezerra, a cerim\u00f4nia foi poss\u00edvel por meio de parcerias: o juiz e os servi\u00e7os do cart\u00f3rio 3\u00b0 Of\u00edcio foram gratuitos; a panificadora Parque doou o bolo; a Roberta Magazine decorou o clube. Cada casal teve direto a levar tr\u00eas convidados.<\/p>\n<p>&nbsp;<\/p>\n<p><b>\u00a0<\/b><\/p>\n<p><b>Promessa de casamento<\/b><\/p>\n<p><b>\u00a0<\/b><\/p>\n<figure id=\"attachment_7231\" aria-describedby=\"caption-attachment-7231\" style=\"width: 300px\" class=\"wp-caption alignleft\"><a href=\"http:\/\/www.fieam.org.br\/site\/sesi\/sesi-promove-uniao-de-68-casais-em-itacoatiara\/vandete-cardoso49-dando-o-primeiro-beijo-de-casada-no-seu-esposo-valciney\/\" rel=\"attachment wp-att-7231\"><img loading=\"lazy\" decoding=\"async\" class=\"size-medium wp-image-7231\" alt=\"Vandete Cardoso,49 dando o primeiro beijo de casada no seu esposo Valciney\" src=\"http:\/\/www.fieam.org.br\/2015\/sesi\/wp-content\/uploads\/sites\/2\/2015\/06\/Vandete-Cardoso49-dando-o-primeiro-beijo-de-casada-no-seu-esposo-Valciney-300x200.jpg\" width=\"300\" height=\"200\" srcset=\"https:\/\/fieam.org.br\/sesi\/wp-content\/uploads\/sites\/14\/2015\/06\/Vandete-Cardoso49-dando-o-primeiro-beijo-de-casada-no-seu-esposo-Valciney-300x200.jpg 300w, https:\/\/fieam.org.br\/sesi\/wp-content\/uploads\/sites\/14\/2015\/06\/Vandete-Cardoso49-dando-o-primeiro-beijo-de-casada-no-seu-esposo-Valciney-768x513.jpg 768w, https:\/\/fieam.org.br\/sesi\/wp-content\/uploads\/sites\/14\/2015\/06\/Vandete-Cardoso49-dando-o-primeiro-beijo-de-casada-no-seu-esposo-Valciney.jpg 800w\" sizes=\"(max-width: 300px) 100vw, 300px\" \/><\/a><figcaption id=\"caption-attachment-7231\" class=\"wp-caption-text\">Vandete Cardoso,49 dando o primeiro beijo de casada no seu esposo Valciney<\/figcaption><\/figure>\n<p>Para a professora e noiva Vandete Cardoso, 49, o casamento coletivo n\u00e3o foi somente a realiza\u00e7\u00e3o de um sonho, mas tamb\u00e9m o cumprimento de promessa feita seis meses atr\u00e1s, quando o militar Valciney Menezes, seu\u00a0 companheiro, \u00a0sofreu um s\u00fabito desvio de coluna que o\u00a0 deixou paralisado.<\/p>\n<p>Segundo a professora, o maior sofrimento pelo qual passou.\u00a0\u00a0\u00a0\u00a0\u00a0\u00a0\u00a0\u00a0 \u201cVer meu marido, homem ativo, trabalhador, sem andar e ainda com fortes dores, foi doloroso pra mim. Roguei, rezei e fiz a promessa que, se ele ficasse curado, eu iria me casar na primeira oportunidade\u201d, relatou a noiva que, ap\u00f3s um m\u00eas da promessa, viu o companheiro totalmente curado.<\/p>\n<p>De acordo com o casal a uni\u00e3o j\u00e1 dura quase 30 anos.\u00a0\u00a0\u00a0 \u201cO casamento coletivo ajudou-me a cumprir a promessa, meu marido est\u00e1 curado, estamos casados perante a lei, agora e s\u00f3 alegria\u201d.<\/p>\n<p>J\u00e1 a itacoatiarense Maurilene Profiro, 19 anos, gr\u00e1vida de cinco meses, conta que a maternidade a motivou a casar-se com o industri\u00e1rio \u00a0Ronan Pereira, 29: \u201cvamos come\u00e7ar uma vida a dois, \u00e0\u00a0 espera do nosso filho\u201d, afirmou. O casal se relaciona h\u00e1 um ano e aproveitou a facilidade do casamento coletivo da A\u00e7\u00e3o Global para oficializar a uni\u00e3o.<\/p>\n<p>&nbsp;<\/p>\n<div>\n<div>\n<p><b>\u00a0<\/b><\/p>\n<\/div>\n<div><b>\u00a0\u00a0\u00a0\u00a0\u00a0\u00a0\u00a0\u00a0\u00a0\u00a0\u00a0 ATENDIMENTO \u00c0 IMPRENSA<\/b><b>Diretoria de Comunica\u00e7\u00e3o e Marketing do Sistema FIEAM<\/b><\/p>\n<p>Tel: (92) 3186-6576\u00a0 Fax: (92) 3186-6579<\/p>\n<p>E-mail:\u00a0<a href=\"mailto:imprensa@fieam.org.br\" target=\"_blank\" rel=\"noopener\">imprensa@fieam.org.br<\/a><\/p>\n<p><a href=\"http:\/\/www.fieam.org.br\/\" target=\"_blank\" rel=\"noopener\">http:\/\/www.fieam.org.br<\/a><\/p>\n<p><a href=\"http:\/\/www.facebook.com\/sistemafieam\" target=\"_blank\" rel=\"noopener\">http:\/\/www.facebook.com\/sistemafieam<\/a><\/p>\n<p>Twitter:\u00a0@fieam\u00a0@sesiamazonas\u00a0@senaiamazonas\u00a0@ielamazonas<\/p>\n<\/div>\n<\/div>\n","protected":false},"excerpt":{"rendered":"<p>Ao som da tradicional marcha nupcial, 68 casais disseram \u201csim\u201d para oficializar a uni\u00e3o na manh\u00e3 da sexta-feira (29) em Itacoatiara, a 280 quil\u00f4metros de Manaus. O casamento coletivo foi promovido pelo\u00a0Servi\u00e7o Social da Ind\u00fastria (SESI Amazonas), por ocasi\u00e3o da A\u00e7\u00e3o Global, em parceria com a Rede Globo. O Clube Recreativo dos Professores de Itacoatiara [&hellip;]<\/p>\n","protected":false},"author":1,"featured_media":0,"comment_status":"open","ping_status":"open","sticky":false,"template":"","format":"standard","meta":{"footnotes":""},"categories":[25],"tags":[],"class_list":["post-7226","post","type-post","status-publish","format-standard","hentry","category-news"],"yoast_head":"<!-- This site is optimized with the Yoast SEO plugin v28.2 - https:\/\/yoast.com\/product\/yoast-seo-wordpress\/ -->\n<title>SESI promove uni\u00e3o de 68 casais em Itacoatiara - SESI<\/title>\n<meta name=\"robots\" content=\"index, follow, max-snippet:-1, max-image-preview:large, max-video-preview:-1\" \/>\n<link rel=\"canonical\" href=\"https:\/\/fieam.org.br\/sesi\/sesi-promove-uniao-de-68-casais-em-itacoatiara\/\" \/>\n<meta property=\"og:locale\" content=\"pt_BR\" \/>\n<meta property=\"og:type\" content=\"article\" \/>\n<meta property=\"og:title\" content=\"SESI promove uni\u00e3o de 68 casais em Itacoatiara - SESI\" \/>\n<meta property=\"og:description\" content=\"Ao som da tradicional marcha nupcial, 68 casais disseram \u201csim\u201d para oficializar a uni\u00e3o na manh\u00e3 da sexta-feira (29) em Itacoatiara, a 280 quil\u00f4metros de Manaus. O casamento coletivo foi promovido pelo\u00a0Servi\u00e7o Social da Ind\u00fastria (SESI Amazonas), por ocasi\u00e3o da A\u00e7\u00e3o Global, em parceria com a Rede Globo. O Clube Recreativo dos Professores de Itacoatiara [&hellip;]\" \/>\n<meta property=\"og:url\" content=\"https:\/\/fieam.org.br\/sesi\/sesi-promove-uniao-de-68-casais-em-itacoatiara\/\" \/>\n<meta property=\"og:site_name\" content=\"SESI\" \/>\n<meta property=\"article:published_time\" content=\"2015-06-02T11:01:12+00:00\" \/>\n<meta property=\"og:image\" content=\"http:\/\/www.fieam.org.br\/2015\/sesi\/wp-content\/uploads\/sites\/2\/2015\/06\/Vandete-Cardoso49-dando-o-primeiro-beijo-de-casada-no-seu-esposo-Valciney-300x200.jpg\" \/>\n<meta name=\"author\" content=\"Autor\" \/>\n<meta name=\"twitter:card\" content=\"summary_large_image\" \/>\n<meta name=\"twitter:label1\" content=\"Escrito por\" \/>\n\t<meta name=\"twitter:data1\" content=\"Autor\" \/>\n\t<meta name=\"twitter:label2\" content=\"Est. tempo de leitura\" \/>\n\t<meta name=\"twitter:data2\" content=\"5 minutos\" \/>\n<script type=\"application\/ld+json\" class=\"yoast-schema-graph\">{\"@context\":\"https:\\\/\\\/schema.org\",\"@graph\":[{\"@type\":\"Article\",\"@id\":\"https:\\\/\\\/fieam.org.br\\\/sesi\\\/sesi-promove-uniao-de-68-casais-em-itacoatiara\\\/#article\",\"isPartOf\":{\"@id\":\"https:\\\/\\\/fieam.org.br\\\/sesi\\\/sesi-promove-uniao-de-68-casais-em-itacoatiara\\\/\"},\"author\":{\"name\":\"Autor\",\"@id\":\"https:\\\/\\\/fieam.org.br\\\/sesi\\\/#\\\/schema\\\/person\\\/f54998dd14d5f0695b41444f2b01c31e\"},\"headline\":\"SESI promove uni\u00e3o de 68 casais em Itacoatiara\",\"datePublished\":\"2015-06-02T11:01:12+00:00\",\"mainEntityOfPage\":{\"@id\":\"https:\\\/\\\/fieam.org.br\\\/sesi\\\/sesi-promove-uniao-de-68-casais-em-itacoatiara\\\/\"},\"wordCount\":1091,\"commentCount\":0,\"publisher\":{\"@id\":\"https:\\\/\\\/fieam.org.br\\\/sesi\\\/#organization\"},\"image\":{\"@id\":\"https:\\\/\\\/fieam.org.br\\\/sesi\\\/sesi-promove-uniao-de-68-casais-em-itacoatiara\\\/#primaryimage\"},\"thumbnailUrl\":\"http:\\\/\\\/www.fieam.org.br\\\/2015\\\/sesi\\\/wp-content\\\/uploads\\\/sites\\\/2\\\/2015\\\/06\\\/Vandete-Cardoso49-dando-o-primeiro-beijo-de-casada-no-seu-esposo-Valciney-300x200.jpg\",\"articleSection\":[\"News\"],\"inLanguage\":\"pt-BR\",\"potentialAction\":[{\"@type\":\"CommentAction\",\"name\":\"Comment\",\"target\":[\"https:\\\/\\\/fieam.org.br\\\/sesi\\\/sesi-promove-uniao-de-68-casais-em-itacoatiara\\\/#respond\"]}]},{\"@type\":\"WebPage\",\"@id\":\"https:\\\/\\\/fieam.org.br\\\/sesi\\\/sesi-promove-uniao-de-68-casais-em-itacoatiara\\\/\",\"url\":\"https:\\\/\\\/fieam.org.br\\\/sesi\\\/sesi-promove-uniao-de-68-casais-em-itacoatiara\\\/\",\"name\":\"SESI promove uni\u00e3o de 68 casais em Itacoatiara - SESI\",\"isPartOf\":{\"@id\":\"https:\\\/\\\/fieam.org.br\\\/sesi\\\/#website\"},\"primaryImageOfPage\":{\"@id\":\"https:\\\/\\\/fieam.org.br\\\/sesi\\\/sesi-promove-uniao-de-68-casais-em-itacoatiara\\\/#primaryimage\"},\"image\":{\"@id\":\"https:\\\/\\\/fieam.org.br\\\/sesi\\\/sesi-promove-uniao-de-68-casais-em-itacoatiara\\\/#primaryimage\"},\"thumbnailUrl\":\"http:\\\/\\\/www.fieam.org.br\\\/2015\\\/sesi\\\/wp-content\\\/uploads\\\/sites\\\/2\\\/2015\\\/06\\\/Vandete-Cardoso49-dando-o-primeiro-beijo-de-casada-no-seu-esposo-Valciney-300x200.jpg\",\"datePublished\":\"2015-06-02T11:01:12+00:00\",\"breadcrumb\":{\"@id\":\"https:\\\/\\\/fieam.org.br\\\/sesi\\\/sesi-promove-uniao-de-68-casais-em-itacoatiara\\\/#breadcrumb\"},\"inLanguage\":\"pt-BR\",\"potentialAction\":[{\"@type\":\"ReadAction\",\"target\":[\"https:\\\/\\\/fieam.org.br\\\/sesi\\\/sesi-promove-uniao-de-68-casais-em-itacoatiara\\\/\"]}]},{\"@type\":\"ImageObject\",\"inLanguage\":\"pt-BR\",\"@id\":\"https:\\\/\\\/fieam.org.br\\\/sesi\\\/sesi-promove-uniao-de-68-casais-em-itacoatiara\\\/#primaryimage\",\"url\":\"http:\\\/\\\/www.fieam.org.br\\\/2015\\\/sesi\\\/wp-content\\\/uploads\\\/sites\\\/2\\\/2015\\\/06\\\/Vandete-Cardoso49-dando-o-primeiro-beijo-de-casada-no-seu-esposo-Valciney-300x200.jpg\",\"contentUrl\":\"http:\\\/\\\/www.fieam.org.br\\\/2015\\\/sesi\\\/wp-content\\\/uploads\\\/sites\\\/2\\\/2015\\\/06\\\/Vandete-Cardoso49-dando-o-primeiro-beijo-de-casada-no-seu-esposo-Valciney-300x200.jpg\"},{\"@type\":\"BreadcrumbList\",\"@id\":\"https:\\\/\\\/fieam.org.br\\\/sesi\\\/sesi-promove-uniao-de-68-casais-em-itacoatiara\\\/#breadcrumb\",\"itemListElement\":[{\"@type\":\"ListItem\",\"position\":1,\"name\":\"In\u00edcio\",\"item\":\"https:\\\/\\\/fieam.org.br\\\/sesi\\\/\"},{\"@type\":\"ListItem\",\"position\":2,\"name\":\"SESI promove uni\u00e3o de 68 casais em Itacoatiara\"}]},{\"@type\":\"WebSite\",\"@id\":\"https:\\\/\\\/fieam.org.br\\\/sesi\\\/#website\",\"url\":\"https:\\\/\\\/fieam.org.br\\\/sesi\\\/\",\"name\":\"SESI\",\"description\":\"Site Oficial!\",\"publisher\":{\"@id\":\"https:\\\/\\\/fieam.org.br\\\/sesi\\\/#organization\"},\"potentialAction\":[{\"@type\":\"SearchAction\",\"target\":{\"@type\":\"EntryPoint\",\"urlTemplate\":\"https:\\\/\\\/fieam.org.br\\\/sesi\\\/?s={search_term_string}\"},\"query-input\":{\"@type\":\"PropertyValueSpecification\",\"valueRequired\":true,\"valueName\":\"search_term_string\"}}],\"inLanguage\":\"pt-BR\"},{\"@type\":\"Organization\",\"@id\":\"https:\\\/\\\/fieam.org.br\\\/sesi\\\/#organization\",\"name\":\"SESI\",\"url\":\"https:\\\/\\\/fieam.org.br\\\/sesi\\\/\",\"logo\":{\"@type\":\"ImageObject\",\"inLanguage\":\"pt-BR\",\"@id\":\"https:\\\/\\\/fieam.org.br\\\/sesi\\\/#\\\/schema\\\/logo\\\/image\\\/\",\"url\":\"https:\\\/\\\/fieam.org.br\\\/sesi\\\/wp-content\\\/uploads\\\/sites\\\/14\\\/2024\\\/03\\\/cropped-fav.png\",\"contentUrl\":\"https:\\\/\\\/fieam.org.br\\\/sesi\\\/wp-content\\\/uploads\\\/sites\\\/14\\\/2024\\\/03\\\/cropped-fav.png\",\"width\":610,\"height\":589,\"caption\":\"SESI\"},\"image\":{\"@id\":\"https:\\\/\\\/fieam.org.br\\\/sesi\\\/#\\\/schema\\\/logo\\\/image\\\/\"}},{\"@type\":\"Person\",\"@id\":\"https:\\\/\\\/fieam.org.br\\\/sesi\\\/#\\\/schema\\\/person\\\/f54998dd14d5f0695b41444f2b01c31e\",\"name\":\"Autor\",\"image\":{\"@type\":\"ImageObject\",\"inLanguage\":\"pt-BR\",\"@id\":\"https:\\\/\\\/secure.gravatar.com\\\/avatar\\\/3732c223e0e1fad69062a8f770955c9068d37b055204f310a0be18d4069fe380?s=96&d=mm&r=g\",\"url\":\"https:\\\/\\\/secure.gravatar.com\\\/avatar\\\/3732c223e0e1fad69062a8f770955c9068d37b055204f310a0be18d4069fe380?s=96&d=mm&r=g\",\"contentUrl\":\"https:\\\/\\\/secure.gravatar.com\\\/avatar\\\/3732c223e0e1fad69062a8f770955c9068d37b055204f310a0be18d4069fe380?s=96&d=mm&r=g\",\"caption\":\"Autor\"},\"sameAs\":[\"https:\\\/\\\/marketingmassivo.com.br\"],\"url\":\"https:\\\/\\\/fieam.org.br\\\/sesi\\\/author\\\/admin\\\/\"}]}<\/script>\n<!-- \/ Yoast SEO plugin. -->","yoast_head_json":{"title":"SESI promove uni\u00e3o de 68 casais em Itacoatiara - SESI","robots":{"index":"index","follow":"follow","max-snippet":"max-snippet:-1","max-image-preview":"max-image-preview:large","max-video-preview":"max-video-preview:-1"},"canonical":"https:\/\/fieam.org.br\/sesi\/sesi-promove-uniao-de-68-casais-em-itacoatiara\/","og_locale":"pt_BR","og_type":"article","og_title":"SESI promove uni\u00e3o de 68 casais em Itacoatiara - SESI","og_description":"Ao som da tradicional marcha nupcial, 68 casais disseram \u201csim\u201d para oficializar a uni\u00e3o na manh\u00e3 da sexta-feira (29) em Itacoatiara, a 280 quil\u00f4metros de Manaus. O casamento coletivo foi promovido pelo\u00a0Servi\u00e7o Social da Ind\u00fastria (SESI Amazonas), por ocasi\u00e3o da A\u00e7\u00e3o Global, em parceria com a Rede Globo. O Clube Recreativo dos Professores de Itacoatiara [&hellip;]","og_url":"https:\/\/fieam.org.br\/sesi\/sesi-promove-uniao-de-68-casais-em-itacoatiara\/","og_site_name":"SESI","article_published_time":"2015-06-02T11:01:12+00:00","og_image":[{"url":"http:\/\/www.fieam.org.br\/2015\/sesi\/wp-content\/uploads\/sites\/2\/2015\/06\/Vandete-Cardoso49-dando-o-primeiro-beijo-de-casada-no-seu-esposo-Valciney-300x200.jpg","type":"","width":"","height":""}],"author":"Autor","twitter_card":"summary_large_image","twitter_misc":{"Escrito por":"Autor","Est. tempo de leitura":"5 minutos"},"schema":{"@context":"https:\/\/schema.org","@graph":[{"@type":"Article","@id":"https:\/\/fieam.org.br\/sesi\/sesi-promove-uniao-de-68-casais-em-itacoatiara\/#article","isPartOf":{"@id":"https:\/\/fieam.org.br\/sesi\/sesi-promove-uniao-de-68-casais-em-itacoatiara\/"},"author":{"name":"Autor","@id":"https:\/\/fieam.org.br\/sesi\/#\/schema\/person\/f54998dd14d5f0695b41444f2b01c31e"},"headline":"SESI promove uni\u00e3o de 68 casais em Itacoatiara","datePublished":"2015-06-02T11:01:12+00:00","mainEntityOfPage":{"@id":"https:\/\/fieam.org.br\/sesi\/sesi-promove-uniao-de-68-casais-em-itacoatiara\/"},"wordCount":1091,"commentCount":0,"publisher":{"@id":"https:\/\/fieam.org.br\/sesi\/#organization"},"image":{"@id":"https:\/\/fieam.org.br\/sesi\/sesi-promove-uniao-de-68-casais-em-itacoatiara\/#primaryimage"},"thumbnailUrl":"http:\/\/www.fieam.org.br\/2015\/sesi\/wp-content\/uploads\/sites\/2\/2015\/06\/Vandete-Cardoso49-dando-o-primeiro-beijo-de-casada-no-seu-esposo-Valciney-300x200.jpg","articleSection":["News"],"inLanguage":"pt-BR","potentialAction":[{"@type":"CommentAction","name":"Comment","target":["https:\/\/fieam.org.br\/sesi\/sesi-promove-uniao-de-68-casais-em-itacoatiara\/#respond"]}]},{"@type":"WebPage","@id":"https:\/\/fieam.org.br\/sesi\/sesi-promove-uniao-de-68-casais-em-itacoatiara\/","url":"https:\/\/fieam.org.br\/sesi\/sesi-promove-uniao-de-68-casais-em-itacoatiara\/","name":"SESI promove uni\u00e3o de 68 casais em Itacoatiara - SESI","isPartOf":{"@id":"https:\/\/fieam.org.br\/sesi\/#website"},"primaryImageOfPage":{"@id":"https:\/\/fieam.org.br\/sesi\/sesi-promove-uniao-de-68-casais-em-itacoatiara\/#primaryimage"},"image":{"@id":"https:\/\/fieam.org.br\/sesi\/sesi-promove-uniao-de-68-casais-em-itacoatiara\/#primaryimage"},"thumbnailUrl":"http:\/\/www.fieam.org.br\/2015\/sesi\/wp-content\/uploads\/sites\/2\/2015\/06\/Vandete-Cardoso49-dando-o-primeiro-beijo-de-casada-no-seu-esposo-Valciney-300x200.jpg","datePublished":"2015-06-02T11:01:12+00:00","breadcrumb":{"@id":"https:\/\/fieam.org.br\/sesi\/sesi-promove-uniao-de-68-casais-em-itacoatiara\/#breadcrumb"},"inLanguage":"pt-BR","potentialAction":[{"@type":"ReadAction","target":["https:\/\/fieam.org.br\/sesi\/sesi-promove-uniao-de-68-casais-em-itacoatiara\/"]}]},{"@type":"ImageObject","inLanguage":"pt-BR","@id":"https:\/\/fieam.org.br\/sesi\/sesi-promove-uniao-de-68-casais-em-itacoatiara\/#primaryimage","url":"http:\/\/www.fieam.org.br\/2015\/sesi\/wp-content\/uploads\/sites\/2\/2015\/06\/Vandete-Cardoso49-dando-o-primeiro-beijo-de-casada-no-seu-esposo-Valciney-300x200.jpg","contentUrl":"http:\/\/www.fieam.org.br\/2015\/sesi\/wp-content\/uploads\/sites\/2\/2015\/06\/Vandete-Cardoso49-dando-o-primeiro-beijo-de-casada-no-seu-esposo-Valciney-300x200.jpg"},{"@type":"BreadcrumbList","@id":"https:\/\/fieam.org.br\/sesi\/sesi-promove-uniao-de-68-casais-em-itacoatiara\/#breadcrumb","itemListElement":[{"@type":"ListItem","position":1,"name":"In\u00edcio","item":"https:\/\/fieam.org.br\/sesi\/"},{"@type":"ListItem","position":2,"name":"SESI promove uni\u00e3o de 68 casais em Itacoatiara"}]},{"@type":"WebSite","@id":"https:\/\/fieam.org.br\/sesi\/#website","url":"https:\/\/fieam.org.br\/sesi\/","name":"SESI","description":"Site Oficial!","publisher":{"@id":"https:\/\/fieam.org.br\/sesi\/#organization"},"potentialAction":[{"@type":"SearchAction","target":{"@type":"EntryPoint","urlTemplate":"https:\/\/fieam.org.br\/sesi\/?s={search_term_string}"},"query-input":{"@type":"PropertyValueSpecification","valueRequired":true,"valueName":"search_term_string"}}],"inLanguage":"pt-BR"},{"@type":"Organization","@id":"https:\/\/fieam.org.br\/sesi\/#organization","name":"SESI","url":"https:\/\/fieam.org.br\/sesi\/","logo":{"@type":"ImageObject","inLanguage":"pt-BR","@id":"https:\/\/fieam.org.br\/sesi\/#\/schema\/logo\/image\/","url":"https:\/\/fieam.org.br\/sesi\/wp-content\/uploads\/sites\/14\/2024\/03\/cropped-fav.png","contentUrl":"https:\/\/fieam.org.br\/sesi\/wp-content\/uploads\/sites\/14\/2024\/03\/cropped-fav.png","width":610,"height":589,"caption":"SESI"},"image":{"@id":"https:\/\/fieam.org.br\/sesi\/#\/schema\/logo\/image\/"}},{"@type":"Person","@id":"https:\/\/fieam.org.br\/sesi\/#\/schema\/person\/f54998dd14d5f0695b41444f2b01c31e","name":"Autor","image":{"@type":"ImageObject","inLanguage":"pt-BR","@id":"https:\/\/secure.gravatar.com\/avatar\/3732c223e0e1fad69062a8f770955c9068d37b055204f310a0be18d4069fe380?s=96&d=mm&r=g","url":"https:\/\/secure.gravatar.com\/avatar\/3732c223e0e1fad69062a8f770955c9068d37b055204f310a0be18d4069fe380?s=96&d=mm&r=g","contentUrl":"https:\/\/secure.gravatar.com\/avatar\/3732c223e0e1fad69062a8f770955c9068d37b055204f310a0be18d4069fe380?s=96&d=mm&r=g","caption":"Autor"},"sameAs":["https:\/\/marketingmassivo.com.br"],"url":"https:\/\/fieam.org.br\/sesi\/author\/admin\/"}]}},"_links":{"self":[{"href":"https:\/\/fieam.org.br\/sesi\/wp-json\/wp\/v2\/posts\/7226","targetHints":{"allow":["GET"]}}],"collection":[{"href":"https:\/\/fieam.org.br\/sesi\/wp-json\/wp\/v2\/posts"}],"about":[{"href":"https:\/\/fieam.org.br\/sesi\/wp-json\/wp\/v2\/types\/post"}],"author":[{"embeddable":true,"href":"https:\/\/fieam.org.br\/sesi\/wp-json\/wp\/v2\/users\/1"}],"replies":[{"embeddable":true,"href":"https:\/\/fieam.org.br\/sesi\/wp-json\/wp\/v2\/comments?post=7226"}],"version-history":[{"count":0,"href":"https:\/\/fieam.org.br\/sesi\/wp-json\/wp\/v2\/posts\/7226\/revisions"}],"wp:attachment":[{"href":"https:\/\/fieam.org.br\/sesi\/wp-json\/wp\/v2\/media?parent=7226"}],"wp:term":[{"taxonomy":"category","embeddable":true,"href":"https:\/\/fieam.org.br\/sesi\/wp-json\/wp\/v2\/categories?post=7226"},{"taxonomy":"post_tag","embeddable":true,"href":"https:\/\/fieam.org.br\/sesi\/wp-json\/wp\/v2\/tags?post=7226"}],"curies":[{"name":"wp","href":"https:\/\/api.w.org\/{rel}","templated":true}]}}