{"id":7216,"date":"2015-06-01T20:17:37","date_gmt":"2015-06-01T20:17:37","guid":{"rendered":"http:\/\/www.fieam.org.br\/site\/sesi\/?p=7216"},"modified":"2015-06-01T20:17:37","modified_gmt":"2015-06-01T20:17:37","slug":"itacoatiara-registra-578-mil-atendimentos","status":"publish","type":"post","link":"https:\/\/fieam.org.br\/sesi\/itacoatiara-registra-578-mil-atendimentos\/","title":{"rendered":"Itacoatiara registra 57,8 mil atendimentos"},"content":{"rendered":"<figure id=\"attachment_7217\" aria-describedby=\"caption-attachment-7217\" style=\"width: 300px\" class=\"wp-caption alignleft\"><a href=\"http:\/\/www.fieam.org.br\/site\/sesi\/itacoatiara-registra-578-mil-atendimentos\/acao-global-em-itacoatiara-contou-com-cerca-de-mil-voluntarios\/\" rel=\"attachment wp-att-7217\"><img fetchpriority=\"high\" decoding=\"async\" class=\"size-medium wp-image-7217\" alt=\"A\u00e7\u00e3o Global em Itacoatiara contou com cerca de mil volunt\u00e1rios\" src=\"http:\/\/www.fieam.org.br\/2015\/sesi\/wp-content\/uploads\/sites\/2\/2015\/06\/A\u00e7\u00e3o-Global-em-Itacoatiara-contou-com-cerca-de-mil-volunt\u00e1rios-300x200.jpg\" width=\"300\" height=\"200\" \/><\/a><figcaption id=\"caption-attachment-7217\" class=\"wp-caption-text\">A\u00e7\u00e3o Global em Itacoatiara contou com cerca de mil volunt\u00e1rios<\/figcaption><\/figure>\n<p>Pelo segundo ano consecutivo, a A\u00e7\u00e3o Global, no Amazonas saiu da zona de conforto, da capital, e foi em busca da popula\u00e7\u00e3o que vive no interior do Estado. Assim como aconteceu no ano passado, em Iranduba, a 25 quil\u00f4metros de Manaus, desta vez, as a\u00e7\u00f5es promovidas pelo\u00a0<a href=\"http:\/\/www.fieam.org.br\/site\/sesi\/\" target=\"_blank\" rel=\"noopener\">SESI<\/a>\u00a0em parceria com a Rede Globo, foram ainda mais longe, a 280 quil\u00f4metros, e se estenderam por cinco dias no munic\u00edpio de Itacoatiara, no rio Amazonas. Resultado alcan\u00e7ado: 57.814 atendimentos para cerca de 30 mil pessoas, entre os dias 26 e 30 de maio.<\/p>\n<p>Para uma cidade com 95,7 mil habitantes, o resultado atendeu \u00e0s expectativas da coordenadora do programa no SESI Amazonas, Patr\u00edcia Bezerra. \u201cPode-se dizer que a A\u00e7\u00e3o Global 2015 beneficiou um ter\u00e7o da popula\u00e7\u00e3o local, incluindo muitas fam\u00edlias de comunidades distantes da sede municipal, para as quais o acesso ao atendimento m\u00e9dico \u00e9 ainda mais dif\u00edcil\u201d, disse ela. Apenas na \u00e1rea da Qualidade de Vida, que foi o tema da A\u00e7\u00e3o Global 2015 em todo o Pa\u00eds, foram oferecidos 7.793 atendimentos. Na \u00e1rea da sa\u00fade, o n\u00famero chegou a 3.642.<\/p>\n<p>No s\u00e1bado (30), Dia \u201cD\u201d da A\u00e7\u00e3o Global, a fam\u00edlia da dona de casa Maria Alice dos Santos Palheta, 41, era uma das primeiras na fila em frente \u00e0 Escola SESI Abrah\u00e3o Sabb\u00e1, no bairro S\u00e3o Jorge, onde se concentrou a maior parte dos servi\u00e7os de sa\u00fade, cidadania e qualidade de vida.<\/p>\n<figure id=\"attachment_7218\" aria-describedby=\"caption-attachment-7218\" style=\"width: 300px\" class=\"wp-caption alignleft\"><a href=\"http:\/\/www.fieam.org.br\/site\/sesi\/itacoatiara-registra-578-mil-atendimentos\/aspirante-do-exercito-medica-camilla-pilger-orienta-dona-maria-alice-observada-por-stheysse\/\" rel=\"attachment wp-att-7218\"><img decoding=\"async\" class=\"size-medium wp-image-7218\" alt=\"Aspirante do Ex\u00e9rcito, m\u00e9dica Camilla Pilger, orienta dona Maria Alice, observada por Stheysse\" src=\"http:\/\/www.fieam.org.br\/2015\/sesi\/wp-content\/uploads\/sites\/2\/2015\/06\/Aspirante-do-Ex\u00e9rcito-m\u00e9dica-Camilla-Pilger-orienta-dona-Maria-Alice-observada-por-Stheysse-300x200.jpg\" width=\"300\" height=\"200\" \/><\/a><figcaption id=\"caption-attachment-7218\" class=\"wp-caption-text\">Aspirante do Ex\u00e9rcito, m\u00e9dica Camilla Pilger, orienta dona Maria Alice, observada por Stheysse<\/figcaption><\/figure>\n<p>Moradora da Comunidade Rondon 2, localizada no Km 19 da estrada AM-010 (Manaus-Itacoatiara), dona Maria tinha ouvido no r\u00e1dio a informa\u00e7\u00e3o sobre a A\u00e7\u00e3o Global e aproveitou para levar ao m\u00e9dico a filha Stheysse, de 4 anos, que sofre de uma tosse frequente e misteriosa.<\/p>\n<p>No final, toda a fam\u00edlia acabou se consultando com a m\u00e9dica generalista e aspirante do Ex\u00e9rcito, Camilla Gallo Pilger, que diagnosticou problemas comuns na respectiva faixa et\u00e1ria dos pacientes, como a press\u00e3o arterial elevada do pai, seu Jos\u00e9, de 63 anos, e processo al\u00e9rgico em Stheysse e nos dois irm\u00e3os, Sthanlley, de 2 anos, e Stefany, de 6. Com encaminhamentos e receitas em m\u00e3os, a fam\u00edlia se disse satisfeita e compensada pelo esfor\u00e7o para chegar cedo no local.<\/p>\n<p>O atendimento m\u00e9dico na Escola SESI Abrah\u00e3o Sabb\u00e1, al\u00e9m da cl\u00ednica geral, com dois m\u00e9dicos do Ex\u00e9rcito e cinco do SESI, contou com um consult\u00f3rio de dermatologia oferecido pela Funda\u00e7\u00e3o Alfredo da Matta. De acordo com a coordenadora do Programa de Combate \u00e0 Hansen\u00edase no Estado do Amazonas, Valderiza Pedrosa, a FUAM se fez presente na A\u00e7\u00e3o Global com seis t\u00e9cnicos de dermatologia e sete especialistas m\u00e9dicos.<\/p>\n<p>&nbsp;<\/p>\n<p><b>Navio hospitalar<\/b><\/p>\n<p>&nbsp;<\/p>\n<figure id=\"attachment_7219\" aria-describedby=\"caption-attachment-7219\" style=\"width: 300px\" class=\"wp-caption alignleft\"><a href=\"http:\/\/www.fieam.org.br\/site\/sesi\/itacoatiara-registra-578-mil-atendimentos\/karina-levou-a-pequena-agata-para-sua-consulta-medica\/\" rel=\"attachment wp-att-7219\"><img decoding=\"async\" class=\"size-medium wp-image-7219\" alt=\"Karina levou a pequena \u00c1gata para sua consulta m\u00e9dica\" src=\"http:\/\/www.fieam.org.br\/2015\/sesi\/wp-content\/uploads\/sites\/2\/2015\/06\/Karina-levou-a-pequena-\u00c1gata-para-sua-consulta-m\u00e9dica-300x200.jpg\" width=\"300\" height=\"200\" \/><\/a><figcaption id=\"caption-attachment-7219\" class=\"wp-caption-text\">Karina levou a pequena \u00c1gata para sua consulta m\u00e9dica<\/figcaption><\/figure>\n<p>A dona de casa Karina Marinho, de 20 anos, acordou cedo para levar a filha de 2 meses, \u00c1gata Vit\u00f3ria, para atendimento m\u00e9dico no Navio de Aux\u00edlio Hospitalar Soares Meireles, da Marinha, ancorado no porto de Itacoatiara, no rio Amazonas, o outro posto de atendimento na \u00e1rea de sa\u00fade na A\u00e7\u00e3o Global 2015. O beb\u00ea de Karina, desde o nascimento ainda n\u00e3o havia sido levado a uma consulta m\u00e9dica. A m\u00e3e de primeira viagem disse que h\u00e1 poucos m\u00e9dicos no munic\u00edpio, e, para conseguir consulta, o paciente, muitas vezes, tem que esperar mais de um m\u00eas.<\/p>\n<p>\u201cEstamos sendo muito bem atendidos pela equipe da A\u00e7\u00e3o Global. Minha filha est\u00e1 meio gripada e fico preocupada para sair de casa nesse calor, pois ela pode piorar, sem contar a demora para se pegar uma ficha para o pediatra. Hoje consegui resolver tudo, fiz a consulta da \u00c1gata e a minha tamb\u00e9m, pois eu precisava ver o problema da press\u00e3o alta que tive durante a gravidez. Os m\u00e9dicos da Marinha s\u00e3o bem atenciosos. Gostei de tudo\u201d, disse Karina.<\/p>\n<p>O comandante do Navio Soares Meireles, capit\u00e3o Sidinei da Silva, esteve \u00e0 frente do atendimento m\u00e9dico e odontol\u00f3gico realizado pelos oficiais da Marinha. A a\u00e7\u00e3o embarcada, em Itacoatiara, come\u00e7ou no s\u00e1bado e se estendeu at\u00e9 este domingo (31), com a previs\u00e3o de 160 atendimentos por dia.<\/p>\n<figure id=\"attachment_7220\" aria-describedby=\"caption-attachment-7220\" style=\"width: 300px\" class=\"wp-caption alignleft\"><a href=\"http:\/\/www.fieam.org.br\/site\/sesi\/itacoatiara-registra-578-mil-atendimentos\/publico-de-itacoatiara-comparece-a-acao-global\/\" rel=\"attachment wp-att-7220\"><img loading=\"lazy\" decoding=\"async\" class=\"size-medium wp-image-7220\" alt=\"P\u00fablico de Itacoatiara comparece \u00e0 A\u00e7\u00e3o Global\" src=\"http:\/\/www.fieam.org.br\/2015\/sesi\/wp-content\/uploads\/sites\/2\/2015\/06\/P\u00fablico-de-Itacoatiara-comparece-\u00e0-A\u00e7\u00e3o-Global-300x200.jpg\" width=\"300\" height=\"200\" \/><\/a><figcaption id=\"caption-attachment-7220\" class=\"wp-caption-text\">P\u00fablico de Itacoatiara comparece \u00e0 A\u00e7\u00e3o Global<\/figcaption><\/figure>\n<p>\u201cEstamos com m\u00e9dicos, dentistas, enfermeiros e t\u00e9cnicos de enfermagem para realizar a assist\u00eancia hospitalar neste munic\u00edpio. A parceria com o SESI na A\u00e7\u00e3o Global coincide com o nosso objetivo de levar sa\u00fade \u00e0s cidades afastadas da capital. Hoje, a Marinha conta com quatro navios que ofertam atendimento m\u00e9dico e odontol\u00f3gico nas comunidades ribeirinhas, sendo o \u2018Soares Meireles\u2019 a nossa unidade mais recente\u201d, disse o comandante.<\/p>\n<p><b>\u00a0<\/b><\/p>\n<p><b>Servi\u00e7os embarcados<\/b><\/p>\n<p>&nbsp;<\/p>\n<p>O Barco Zona Franca Verde, do Governo do Estado, realizou cerca de 5 mil atendimentos na \u00e1rea de cidadania, principalmente com a expedi\u00e7\u00e3o de documentos e servi\u00e7os banc\u00e1rios, pelo Banco do Brasil, todos embarcados. O barco ficou ancorado no porto de Itacoatiara, a servi\u00e7o da A\u00e7\u00e3o Global, desde a ter\u00e7a-feira, 26, at\u00e9 este s\u00e1bado (30), e mobilizou 50 volunt\u00e1rios para retirada de CPF, Registro Geral (RG), Certid\u00e3o de Nascimento, Carteira de<\/p>\n<figure id=\"attachment_7221\" aria-describedby=\"caption-attachment-7221\" style=\"width: 300px\" class=\"wp-caption alignleft\"><a href=\"http:\/\/www.fieam.org.br\/site\/sesi\/itacoatiara-registra-578-mil-atendimentos\/rosa-marques-com-a-filha-darlene-aproveita-a-acao-global-para-tirar-documentos-copia-2\/\" rel=\"attachment wp-att-7221\"><img loading=\"lazy\" decoding=\"async\" class=\"size-medium wp-image-7221\" alt=\"Rosa Marques (com a filha Darlene) aproveita a A\u00e7\u00e3o Global para tirar documentos - C\u00f3pia\" src=\"http:\/\/www.fieam.org.br\/2015\/sesi\/wp-content\/uploads\/sites\/2\/2015\/06\/Rosa-Marques-com-a-filha-Darlene-aproveita-a-A\u00e7\u00e3o-Global-para-tirar-documentos-C\u00f3pia-300x200.jpg\" width=\"300\" height=\"200\" \/><\/a><figcaption id=\"caption-attachment-7221\" class=\"wp-caption-text\">Rosa Marques (com a filha Darlene) aproveita a A\u00e7\u00e3o Global para tirar documentos &#8211; C\u00f3pia<\/figcaption><\/figure>\n<p>Trabalho, pagamento de faturas banc\u00e1rias e saques de at\u00e9 R$ 800,00.<\/p>\n<p>Para a dona de casa Rosa Marques, de 47 anos, os servi\u00e7os oferecidos na A\u00e7\u00e3o Global de Itacoatiara vieram em boa hora, num momento em que a falta de dinheiro a impedia de tirar a segunda via da carteira de identidade e a primeira via do CPF da filha, Darlene Marques, de 15 anos.<\/p>\n<p>\u201cVim do munic\u00edpio de Silves, da comunidade Cristo Rei. Com essa A\u00e7\u00e3o Global conseguimos tirar nossa documenta\u00e7\u00e3o sem precisar gastar um centavo com correio e fotografias. Ainda vou aproveitar as outras atividades que o SESI est\u00e1 oferecendo aqui em Itacoatiara\u201d, disse Rosa que levou cerca de 2 horas, da comunidade onde mora at\u00e9 o munic\u00edpio de Itacoatiara.<\/p>\n<p>A A\u00e7\u00e3o Global em Itacoatiara come\u00e7ou na ter\u00e7a-feira (26), com o atendimento do barco Zona Franca Verde, a\u00e7\u00f5es do Programa SESI Cozinha Brasil, do Teatro Popular do SESI e cursos oferecidos pelo Sebrae-AM. Na sexta-feira (29), o SESI e parceiros locais realizaram um casamento coletivo, com 68 casais, todos moradores do munic\u00edpio e de comunidades rurais vizinhas, reunindo um p\u00fablico de 500 pessoas no Centro Recreativo dos Professores do munic\u00edpio.<\/p>\n<p>Tamb\u00e9m estiveram entre os parceiros do SESI e Rede Amaz\u00f4nica de R\u00e1dio e Televis\u00e3o, afiliada da Rede Globo no Amazonas, ind\u00fastrias de Itacoatiara, como a Hermasa e Madeireira Mil, e ind\u00fastrias do Polo Industrial de Manaus (PIM), como Samsung, Jabil e Moto Honda. A A\u00e7\u00e3o Global 2015 no Amazonas contou com a for\u00e7a de trabalho de 1.025 pessoas que atuaram como volunt\u00e1rios.<\/p>\n<p><b>\u00a0\u00a0\u00a0\u00a0\u00a0\u00a0\u00a0\u00a0\u00a0\u00a0\u00a0 ATENDIMENTO \u00c0 IMPRENSA<\/b><\/p>\n<p>&nbsp;<\/p>\n<p><b>Diretoria de Comunica\u00e7\u00e3o e Marketing do Sistema FIEAM<\/b><\/p>\n<p>Tel: (92) 3186-6576\u00a0 Fax: (92) 3186-6579<\/p>\n<p>E-mail:\u00a0<a href=\"mailto:imprensa@fieam.org.br\" target=\"_blank\" rel=\"noopener\">imprensa@fieam.org.br<\/a><\/p>\n<p><a href=\"http:\/\/www.fieam.org.br\/\" target=\"_blank\" rel=\"noopener\">http:\/\/www.fieam.org.br<\/a><\/p>\n<p><a href=\"http:\/\/www.facebook.com\/sistemafieam\" target=\"_blank\" rel=\"noopener\">http:\/\/www.facebook.com\/sistemafieam<\/a><\/p>\n<p>Twitter:\u00a0@fieam\u00a0@sesiamazonas\u00a0@senaiamazonas\u00a0@ielamazonas<\/p>\n","protected":false},"excerpt":{"rendered":"<p>Pelo segundo ano consecutivo, a A\u00e7\u00e3o Global, no Amazonas saiu da zona de conforto, da capital, e foi em busca da popula\u00e7\u00e3o que vive no interior do Estado. Assim como aconteceu no ano passado, em Iranduba, a 25 quil\u00f4metros de Manaus, desta vez, as a\u00e7\u00f5es promovidas pelo\u00a0SESI\u00a0em parceria com a Rede Globo, foram ainda mais [&hellip;]<\/p>\n","protected":false},"author":1,"featured_media":0,"comment_status":"open","ping_status":"open","sticky":false,"template":"","format":"standard","meta":{"footnotes":""},"categories":[25],"tags":[],"class_list":["post-7216","post","type-post","status-publish","format-standard","hentry","category-news"],"yoast_head":"<!-- This site is optimized with the Yoast SEO plugin v28.2 - https:\/\/yoast.com\/product\/yoast-seo-wordpress\/ -->\n<title>Itacoatiara registra 57,8 mil atendimentos - SESI<\/title>\n<meta name=\"robots\" content=\"index, follow, max-snippet:-1, max-image-preview:large, max-video-preview:-1\" \/>\n<link rel=\"canonical\" href=\"https:\/\/fieam.org.br\/sesi\/itacoatiara-registra-578-mil-atendimentos\/\" \/>\n<meta property=\"og:locale\" content=\"pt_BR\" \/>\n<meta property=\"og:type\" content=\"article\" \/>\n<meta property=\"og:title\" content=\"Itacoatiara registra 57,8 mil atendimentos - SESI\" \/>\n<meta property=\"og:description\" content=\"Pelo segundo ano consecutivo, a A\u00e7\u00e3o Global, no Amazonas saiu da zona de conforto, da capital, e foi em busca da popula\u00e7\u00e3o que vive no interior do Estado. Assim como aconteceu no ano passado, em Iranduba, a 25 quil\u00f4metros de Manaus, desta vez, as a\u00e7\u00f5es promovidas pelo\u00a0SESI\u00a0em parceria com a Rede Globo, foram ainda mais [&hellip;]\" \/>\n<meta property=\"og:url\" content=\"https:\/\/fieam.org.br\/sesi\/itacoatiara-registra-578-mil-atendimentos\/\" \/>\n<meta property=\"og:site_name\" content=\"SESI\" \/>\n<meta property=\"article:published_time\" content=\"2015-06-01T20:17:37+00:00\" \/>\n<meta name=\"author\" content=\"Autor\" \/>\n<meta name=\"twitter:card\" content=\"summary_large_image\" \/>\n<meta name=\"twitter:label1\" content=\"Escrito por\" \/>\n\t<meta name=\"twitter:data1\" content=\"Autor\" \/>\n\t<meta name=\"twitter:label2\" content=\"Est. tempo de leitura\" \/>\n\t<meta name=\"twitter:data2\" content=\"6 minutos\" \/>\n<script type=\"application\/ld+json\" class=\"yoast-schema-graph\">{\"@context\":\"https:\\\/\\\/schema.org\",\"@graph\":[{\"@type\":\"Article\",\"@id\":\"https:\\\/\\\/fieam.org.br\\\/sesi\\\/itacoatiara-registra-578-mil-atendimentos\\\/#article\",\"isPartOf\":{\"@id\":\"https:\\\/\\\/fieam.org.br\\\/sesi\\\/itacoatiara-registra-578-mil-atendimentos\\\/\"},\"author\":{\"name\":\"Autor\",\"@id\":\"https:\\\/\\\/fieam.org.br\\\/sesi\\\/#\\\/schema\\\/person\\\/f54998dd14d5f0695b41444f2b01c31e\"},\"headline\":\"Itacoatiara registra 57,8 mil atendimentos\",\"datePublished\":\"2015-06-01T20:17:37+00:00\",\"mainEntityOfPage\":{\"@id\":\"https:\\\/\\\/fieam.org.br\\\/sesi\\\/itacoatiara-registra-578-mil-atendimentos\\\/\"},\"wordCount\":1251,\"commentCount\":0,\"publisher\":{\"@id\":\"https:\\\/\\\/fieam.org.br\\\/sesi\\\/#organization\"},\"articleSection\":[\"News\"],\"inLanguage\":\"pt-BR\",\"potentialAction\":[{\"@type\":\"CommentAction\",\"name\":\"Comment\",\"target\":[\"https:\\\/\\\/fieam.org.br\\\/sesi\\\/itacoatiara-registra-578-mil-atendimentos\\\/#respond\"]}]},{\"@type\":\"WebPage\",\"@id\":\"https:\\\/\\\/fieam.org.br\\\/sesi\\\/itacoatiara-registra-578-mil-atendimentos\\\/\",\"url\":\"https:\\\/\\\/fieam.org.br\\\/sesi\\\/itacoatiara-registra-578-mil-atendimentos\\\/\",\"name\":\"Itacoatiara registra 57,8 mil atendimentos - SESI\",\"isPartOf\":{\"@id\":\"https:\\\/\\\/fieam.org.br\\\/sesi\\\/#website\"},\"datePublished\":\"2015-06-01T20:17:37+00:00\",\"breadcrumb\":{\"@id\":\"https:\\\/\\\/fieam.org.br\\\/sesi\\\/itacoatiara-registra-578-mil-atendimentos\\\/#breadcrumb\"},\"inLanguage\":\"pt-BR\",\"potentialAction\":[{\"@type\":\"ReadAction\",\"target\":[\"https:\\\/\\\/fieam.org.br\\\/sesi\\\/itacoatiara-registra-578-mil-atendimentos\\\/\"]}]},{\"@type\":\"BreadcrumbList\",\"@id\":\"https:\\\/\\\/fieam.org.br\\\/sesi\\\/itacoatiara-registra-578-mil-atendimentos\\\/#breadcrumb\",\"itemListElement\":[{\"@type\":\"ListItem\",\"position\":1,\"name\":\"In\u00edcio\",\"item\":\"https:\\\/\\\/fieam.org.br\\\/sesi\\\/\"},{\"@type\":\"ListItem\",\"position\":2,\"name\":\"Itacoatiara registra 57,8 mil atendimentos\"}]},{\"@type\":\"WebSite\",\"@id\":\"https:\\\/\\\/fieam.org.br\\\/sesi\\\/#website\",\"url\":\"https:\\\/\\\/fieam.org.br\\\/sesi\\\/\",\"name\":\"SESI\",\"description\":\"Site Oficial!\",\"publisher\":{\"@id\":\"https:\\\/\\\/fieam.org.br\\\/sesi\\\/#organization\"},\"potentialAction\":[{\"@type\":\"SearchAction\",\"target\":{\"@type\":\"EntryPoint\",\"urlTemplate\":\"https:\\\/\\\/fieam.org.br\\\/sesi\\\/?s={search_term_string}\"},\"query-input\":{\"@type\":\"PropertyValueSpecification\",\"valueRequired\":true,\"valueName\":\"search_term_string\"}}],\"inLanguage\":\"pt-BR\"},{\"@type\":\"Organization\",\"@id\":\"https:\\\/\\\/fieam.org.br\\\/sesi\\\/#organization\",\"name\":\"SESI\",\"url\":\"https:\\\/\\\/fieam.org.br\\\/sesi\\\/\",\"logo\":{\"@type\":\"ImageObject\",\"inLanguage\":\"pt-BR\",\"@id\":\"https:\\\/\\\/fieam.org.br\\\/sesi\\\/#\\\/schema\\\/logo\\\/image\\\/\",\"url\":\"https:\\\/\\\/fieam.org.br\\\/sesi\\\/wp-content\\\/uploads\\\/sites\\\/14\\\/2024\\\/03\\\/cropped-fav.png\",\"contentUrl\":\"https:\\\/\\\/fieam.org.br\\\/sesi\\\/wp-content\\\/uploads\\\/sites\\\/14\\\/2024\\\/03\\\/cropped-fav.png\",\"width\":610,\"height\":589,\"caption\":\"SESI\"},\"image\":{\"@id\":\"https:\\\/\\\/fieam.org.br\\\/sesi\\\/#\\\/schema\\\/logo\\\/image\\\/\"}},{\"@type\":\"Person\",\"@id\":\"https:\\\/\\\/fieam.org.br\\\/sesi\\\/#\\\/schema\\\/person\\\/f54998dd14d5f0695b41444f2b01c31e\",\"name\":\"Autor\",\"image\":{\"@type\":\"ImageObject\",\"inLanguage\":\"pt-BR\",\"@id\":\"https:\\\/\\\/secure.gravatar.com\\\/avatar\\\/3732c223e0e1fad69062a8f770955c9068d37b055204f310a0be18d4069fe380?s=96&d=mm&r=g\",\"url\":\"https:\\\/\\\/secure.gravatar.com\\\/avatar\\\/3732c223e0e1fad69062a8f770955c9068d37b055204f310a0be18d4069fe380?s=96&d=mm&r=g\",\"contentUrl\":\"https:\\\/\\\/secure.gravatar.com\\\/avatar\\\/3732c223e0e1fad69062a8f770955c9068d37b055204f310a0be18d4069fe380?s=96&d=mm&r=g\",\"caption\":\"Autor\"},\"sameAs\":[\"https:\\\/\\\/marketingmassivo.com.br\"],\"url\":\"https:\\\/\\\/fieam.org.br\\\/sesi\\\/author\\\/admin\\\/\"}]}<\/script>\n<!-- \/ Yoast SEO plugin. -->","yoast_head_json":{"title":"Itacoatiara registra 57,8 mil atendimentos - SESI","robots":{"index":"index","follow":"follow","max-snippet":"max-snippet:-1","max-image-preview":"max-image-preview:large","max-video-preview":"max-video-preview:-1"},"canonical":"https:\/\/fieam.org.br\/sesi\/itacoatiara-registra-578-mil-atendimentos\/","og_locale":"pt_BR","og_type":"article","og_title":"Itacoatiara registra 57,8 mil atendimentos - SESI","og_description":"Pelo segundo ano consecutivo, a A\u00e7\u00e3o Global, no Amazonas saiu da zona de conforto, da capital, e foi em busca da popula\u00e7\u00e3o que vive no interior do Estado. Assim como aconteceu no ano passado, em Iranduba, a 25 quil\u00f4metros de Manaus, desta vez, as a\u00e7\u00f5es promovidas pelo\u00a0SESI\u00a0em parceria com a Rede Globo, foram ainda mais [&hellip;]","og_url":"https:\/\/fieam.org.br\/sesi\/itacoatiara-registra-578-mil-atendimentos\/","og_site_name":"SESI","article_published_time":"2015-06-01T20:17:37+00:00","author":"Autor","twitter_card":"summary_large_image","twitter_misc":{"Escrito por":"Autor","Est. tempo de leitura":"6 minutos"},"schema":{"@context":"https:\/\/schema.org","@graph":[{"@type":"Article","@id":"https:\/\/fieam.org.br\/sesi\/itacoatiara-registra-578-mil-atendimentos\/#article","isPartOf":{"@id":"https:\/\/fieam.org.br\/sesi\/itacoatiara-registra-578-mil-atendimentos\/"},"author":{"name":"Autor","@id":"https:\/\/fieam.org.br\/sesi\/#\/schema\/person\/f54998dd14d5f0695b41444f2b01c31e"},"headline":"Itacoatiara registra 57,8 mil atendimentos","datePublished":"2015-06-01T20:17:37+00:00","mainEntityOfPage":{"@id":"https:\/\/fieam.org.br\/sesi\/itacoatiara-registra-578-mil-atendimentos\/"},"wordCount":1251,"commentCount":0,"publisher":{"@id":"https:\/\/fieam.org.br\/sesi\/#organization"},"articleSection":["News"],"inLanguage":"pt-BR","potentialAction":[{"@type":"CommentAction","name":"Comment","target":["https:\/\/fieam.org.br\/sesi\/itacoatiara-registra-578-mil-atendimentos\/#respond"]}]},{"@type":"WebPage","@id":"https:\/\/fieam.org.br\/sesi\/itacoatiara-registra-578-mil-atendimentos\/","url":"https:\/\/fieam.org.br\/sesi\/itacoatiara-registra-578-mil-atendimentos\/","name":"Itacoatiara registra 57,8 mil atendimentos - SESI","isPartOf":{"@id":"https:\/\/fieam.org.br\/sesi\/#website"},"datePublished":"2015-06-01T20:17:37+00:00","breadcrumb":{"@id":"https:\/\/fieam.org.br\/sesi\/itacoatiara-registra-578-mil-atendimentos\/#breadcrumb"},"inLanguage":"pt-BR","potentialAction":[{"@type":"ReadAction","target":["https:\/\/fieam.org.br\/sesi\/itacoatiara-registra-578-mil-atendimentos\/"]}]},{"@type":"BreadcrumbList","@id":"https:\/\/fieam.org.br\/sesi\/itacoatiara-registra-578-mil-atendimentos\/#breadcrumb","itemListElement":[{"@type":"ListItem","position":1,"name":"In\u00edcio","item":"https:\/\/fieam.org.br\/sesi\/"},{"@type":"ListItem","position":2,"name":"Itacoatiara registra 57,8 mil atendimentos"}]},{"@type":"WebSite","@id":"https:\/\/fieam.org.br\/sesi\/#website","url":"https:\/\/fieam.org.br\/sesi\/","name":"SESI","description":"Site Oficial!","publisher":{"@id":"https:\/\/fieam.org.br\/sesi\/#organization"},"potentialAction":[{"@type":"SearchAction","target":{"@type":"EntryPoint","urlTemplate":"https:\/\/fieam.org.br\/sesi\/?s={search_term_string}"},"query-input":{"@type":"PropertyValueSpecification","valueRequired":true,"valueName":"search_term_string"}}],"inLanguage":"pt-BR"},{"@type":"Organization","@id":"https:\/\/fieam.org.br\/sesi\/#organization","name":"SESI","url":"https:\/\/fieam.org.br\/sesi\/","logo":{"@type":"ImageObject","inLanguage":"pt-BR","@id":"https:\/\/fieam.org.br\/sesi\/#\/schema\/logo\/image\/","url":"https:\/\/fieam.org.br\/sesi\/wp-content\/uploads\/sites\/14\/2024\/03\/cropped-fav.png","contentUrl":"https:\/\/fieam.org.br\/sesi\/wp-content\/uploads\/sites\/14\/2024\/03\/cropped-fav.png","width":610,"height":589,"caption":"SESI"},"image":{"@id":"https:\/\/fieam.org.br\/sesi\/#\/schema\/logo\/image\/"}},{"@type":"Person","@id":"https:\/\/fieam.org.br\/sesi\/#\/schema\/person\/f54998dd14d5f0695b41444f2b01c31e","name":"Autor","image":{"@type":"ImageObject","inLanguage":"pt-BR","@id":"https:\/\/secure.gravatar.com\/avatar\/3732c223e0e1fad69062a8f770955c9068d37b055204f310a0be18d4069fe380?s=96&d=mm&r=g","url":"https:\/\/secure.gravatar.com\/avatar\/3732c223e0e1fad69062a8f770955c9068d37b055204f310a0be18d4069fe380?s=96&d=mm&r=g","contentUrl":"https:\/\/secure.gravatar.com\/avatar\/3732c223e0e1fad69062a8f770955c9068d37b055204f310a0be18d4069fe380?s=96&d=mm&r=g","caption":"Autor"},"sameAs":["https:\/\/marketingmassivo.com.br"],"url":"https:\/\/fieam.org.br\/sesi\/author\/admin\/"}]}},"_links":{"self":[{"href":"https:\/\/fieam.org.br\/sesi\/wp-json\/wp\/v2\/posts\/7216","targetHints":{"allow":["GET"]}}],"collection":[{"href":"https:\/\/fieam.org.br\/sesi\/wp-json\/wp\/v2\/posts"}],"about":[{"href":"https:\/\/fieam.org.br\/sesi\/wp-json\/wp\/v2\/types\/post"}],"author":[{"embeddable":true,"href":"https:\/\/fieam.org.br\/sesi\/wp-json\/wp\/v2\/users\/1"}],"replies":[{"embeddable":true,"href":"https:\/\/fieam.org.br\/sesi\/wp-json\/wp\/v2\/comments?post=7216"}],"version-history":[{"count":0,"href":"https:\/\/fieam.org.br\/sesi\/wp-json\/wp\/v2\/posts\/7216\/revisions"}],"wp:attachment":[{"href":"https:\/\/fieam.org.br\/sesi\/wp-json\/wp\/v2\/media?parent=7216"}],"wp:term":[{"taxonomy":"category","embeddable":true,"href":"https:\/\/fieam.org.br\/sesi\/wp-json\/wp\/v2\/categories?post=7216"},{"taxonomy":"post_tag","embeddable":true,"href":"https:\/\/fieam.org.br\/sesi\/wp-json\/wp\/v2\/tags?post=7216"}],"curies":[{"name":"wp","href":"https:\/\/api.w.org\/{rel}","templated":true}]}}