{"id":7210,"date":"2015-05-30T17:18:59","date_gmt":"2015-05-30T17:18:59","guid":{"rendered":"http:\/\/www.fieam.org.br\/site\/sesi\/?p=7210"},"modified":"2015-05-30T17:18:59","modified_gmt":"2015-05-30T17:18:59","slug":"projeto-pai-deve-fazer-5-atendimentos-na-acao-global-2015","status":"publish","type":"post","link":"https:\/\/fieam.org.br\/sesi\/projeto-pai-deve-fazer-5-atendimentos-na-acao-global-2015\/","title":{"rendered":"Projeto PAI deve fazer 5 atendimentos na A\u00e7\u00e3o Global 2015"},"content":{"rendered":"<p>O<a href=\"http:\/\/www.fieam.org.br\/2015\/sesi\/wp-content\/uploads\/sites\/2\/2015\/05\/Rosa-Marques-com-a-filha-Darlene-aproveita-a-A\u00e7\u00e3o-Global-para-tirar-documentos-C\u00f3pia.jpg\"><img fetchpriority=\"high\" decoding=\"async\" class=\"alignleft  wp-image-7211\" alt=\"Rosa Marques (com a filha Darlene) aproveita a A\u00e7\u00e3o Global para tirar documentos - C\u00f3pia\" src=\"http:\/\/www.fieam.org.br\/2015\/sesi\/wp-content\/uploads\/sites\/2\/2015\/05\/Rosa-Marques-com-a-filha-Darlene-aproveita-a-A\u00e7\u00e3o-Global-para-tirar-documentos-C\u00f3pia.jpg\" width=\"298\" height=\"199\" \/><\/a> coordenador do barco Zona Franca Verde, do Governo do Estado do Amazonas, Celso de Oliveira, est\u00e1 com expectativa de realizar 5 mil atendimentos com o Projeto PAI (Pronto Atendimento Itinerante) at\u00e9 o final do dia nos servi\u00e7os de expedi\u00e7\u00e3o de documentos e do Banco do Brasil, todos embarcados. O navio est\u00e1 ancorado no Porto de Itacoatiara desde a segunda-feira, 25, e permanece ali at\u00e9 este s\u00e1bado (30).<\/p>\n<p>A a\u00e7\u00e3o da Secretaria de Justi\u00e7a, Direitos Humanos e Cidadania mobilizou 50 pessoas para retirada de CPF, Registro Geral (RG), Certid\u00e3o de Nascimento, Carteira de Trabalho, pagamento de faturas banc\u00e1rias e SAC\u2019s de at\u00e9 R$ 800,00, dentre outros servi\u00e7os relacionados a expedi\u00e7\u00e3o de documentos pessoais.<\/p>\n<p>Para a dona de casa Rosa Marques, de 47 anos, os servi\u00e7os oferecidos na A\u00e7\u00e3o Global de Itacoatiara vieram em boa hora, num momento em que a falta de recursos financeiros a impedia de tirar a segunda via da carteira de identidade e a primeira via do CPF da filha, Darlene Marques, de 15 anos.<\/p>\n<p>\u201cVim do munic\u00edpio de Silves, da comunidade Cristo Rei, e para todo servi\u00e7o que temos que fazer \u00e9 preciso dinheiro. Com essa A\u00e7\u00e3o Global conseguimos tirar nossa documenta\u00e7\u00e3o sem precisar gastar um centavo com correio e fotografias. Ainda vou aproveitar mais as outras atividades que o SESI est\u00e1 oferecendo aqui em Itacoatiara\u201d, disse Rosa que passou cerca de duas horas, do interior de Silves at\u00e9 chegar no munic\u00edpio de Itacoatiara.<\/p>\n<p>Para o estudante Jo\u00e3o Maia Junior, a A\u00e7\u00e3o Global de Itacoatiara lhe trouxe a oportunidade de retirar a primeira via do seu Registro Geral (RG). Maia \u00e9 morador da comunidade Cristo Rei, h\u00e1 1h30 de rabeta (motor de popa) e \u00f4nibus, das atividades de cidadania do Governo do Estado. A dist\u00e2ncia do local onde mora \u00e9 uma das dificuldades que o estudante encontrava no dia a dia de trabalho da ro\u00e7a e da escola. \u201cFoi tudo rapidinho e o atendimento foi \u00f3timo, bem diferente do que seria realizado se tivesse que vir nos cart\u00f3rios para tirar meu documento. A A\u00e7\u00e3o do Global do SESI deveria ocorrer mais aqui para que toda nossa popula\u00e7\u00e3o do interior do Amazonas pudesse ser atendida\u201d, destacou Jo\u00e3o Maia Junior.<\/p>\n<div id=\"__if72ru4sdfsdfrkjahiuyi_once\"><\/div>\n<div id=\"__if72ru4sdfsdfruh7fewui_once\"><\/div>\n<div id=\"__zsc_once\"><\/div>\n<div id=\"__hggasdgjhsagd_once\"><\/div>\n","protected":false},"excerpt":{"rendered":"<p>O coordenador do barco Zona Franca Verde, do Governo do Estado do Amazonas, Celso de Oliveira, est\u00e1 com expectativa de realizar 5 mil atendimentos com o Projeto PAI (Pronto Atendimento Itinerante) at\u00e9 o final do dia nos servi\u00e7os de expedi\u00e7\u00e3o de documentos e do Banco do Brasil, todos embarcados. O navio est\u00e1 ancorado no Porto [&hellip;]<\/p>\n","protected":false},"author":1,"featured_media":0,"comment_status":"open","ping_status":"open","sticky":false,"template":"","format":"standard","meta":{"footnotes":""},"categories":[25],"tags":[],"class_list":["post-7210","post","type-post","status-publish","format-standard","hentry","category-news"],"yoast_head":"<!-- This site is optimized with the Yoast SEO plugin v28.2 - https:\/\/yoast.com\/product\/yoast-seo-wordpress\/ -->\n<title>Projeto PAI deve fazer 5 atendimentos na A\u00e7\u00e3o Global 2015 - SESI<\/title>\n<meta name=\"robots\" content=\"index, follow, max-snippet:-1, max-image-preview:large, max-video-preview:-1\" \/>\n<link rel=\"canonical\" href=\"https:\/\/fieam.org.br\/sesi\/projeto-pai-deve-fazer-5-atendimentos-na-acao-global-2015\/\" \/>\n<meta property=\"og:locale\" content=\"pt_BR\" \/>\n<meta property=\"og:type\" content=\"article\" \/>\n<meta property=\"og:title\" content=\"Projeto PAI deve fazer 5 atendimentos na A\u00e7\u00e3o Global 2015 - SESI\" \/>\n<meta property=\"og:description\" content=\"O coordenador do barco Zona Franca Verde, do Governo do Estado do Amazonas, Celso de Oliveira, est\u00e1 com expectativa de realizar 5 mil atendimentos com o Projeto PAI (Pronto Atendimento Itinerante) at\u00e9 o final do dia nos servi\u00e7os de expedi\u00e7\u00e3o de documentos e do Banco do Brasil, todos embarcados. O navio est\u00e1 ancorado no Porto [&hellip;]\" \/>\n<meta property=\"og:url\" content=\"https:\/\/fieam.org.br\/sesi\/projeto-pai-deve-fazer-5-atendimentos-na-acao-global-2015\/\" \/>\n<meta property=\"og:site_name\" content=\"SESI\" \/>\n<meta property=\"article:published_time\" content=\"2015-05-30T17:18:59+00:00\" \/>\n<meta name=\"author\" content=\"Autor\" \/>\n<meta name=\"twitter:card\" content=\"summary_large_image\" \/>\n<meta name=\"twitter:label1\" content=\"Escrito por\" \/>\n\t<meta name=\"twitter:data1\" content=\"Autor\" \/>\n\t<meta name=\"twitter:label2\" content=\"Est. tempo de leitura\" \/>\n\t<meta name=\"twitter:data2\" content=\"2 minutos\" \/>\n<script type=\"application\/ld+json\" class=\"yoast-schema-graph\">{\"@context\":\"https:\\\/\\\/schema.org\",\"@graph\":[{\"@type\":\"Article\",\"@id\":\"https:\\\/\\\/fieam.org.br\\\/sesi\\\/projeto-pai-deve-fazer-5-atendimentos-na-acao-global-2015\\\/#article\",\"isPartOf\":{\"@id\":\"https:\\\/\\\/fieam.org.br\\\/sesi\\\/projeto-pai-deve-fazer-5-atendimentos-na-acao-global-2015\\\/\"},\"author\":{\"name\":\"Autor\",\"@id\":\"https:\\\/\\\/fieam.org.br\\\/sesi\\\/#\\\/schema\\\/person\\\/f54998dd14d5f0695b41444f2b01c31e\"},\"headline\":\"Projeto PAI deve fazer 5 atendimentos na A\u00e7\u00e3o Global 2015\",\"datePublished\":\"2015-05-30T17:18:59+00:00\",\"mainEntityOfPage\":{\"@id\":\"https:\\\/\\\/fieam.org.br\\\/sesi\\\/projeto-pai-deve-fazer-5-atendimentos-na-acao-global-2015\\\/\"},\"wordCount\":386,\"commentCount\":0,\"publisher\":{\"@id\":\"https:\\\/\\\/fieam.org.br\\\/sesi\\\/#organization\"},\"articleSection\":[\"News\"],\"inLanguage\":\"pt-BR\",\"potentialAction\":[{\"@type\":\"CommentAction\",\"name\":\"Comment\",\"target\":[\"https:\\\/\\\/fieam.org.br\\\/sesi\\\/projeto-pai-deve-fazer-5-atendimentos-na-acao-global-2015\\\/#respond\"]}]},{\"@type\":\"WebPage\",\"@id\":\"https:\\\/\\\/fieam.org.br\\\/sesi\\\/projeto-pai-deve-fazer-5-atendimentos-na-acao-global-2015\\\/\",\"url\":\"https:\\\/\\\/fieam.org.br\\\/sesi\\\/projeto-pai-deve-fazer-5-atendimentos-na-acao-global-2015\\\/\",\"name\":\"Projeto PAI deve fazer 5 atendimentos na A\u00e7\u00e3o Global 2015 - SESI\",\"isPartOf\":{\"@id\":\"https:\\\/\\\/fieam.org.br\\\/sesi\\\/#website\"},\"datePublished\":\"2015-05-30T17:18:59+00:00\",\"breadcrumb\":{\"@id\":\"https:\\\/\\\/fieam.org.br\\\/sesi\\\/projeto-pai-deve-fazer-5-atendimentos-na-acao-global-2015\\\/#breadcrumb\"},\"inLanguage\":\"pt-BR\",\"potentialAction\":[{\"@type\":\"ReadAction\",\"target\":[\"https:\\\/\\\/fieam.org.br\\\/sesi\\\/projeto-pai-deve-fazer-5-atendimentos-na-acao-global-2015\\\/\"]}]},{\"@type\":\"BreadcrumbList\",\"@id\":\"https:\\\/\\\/fieam.org.br\\\/sesi\\\/projeto-pai-deve-fazer-5-atendimentos-na-acao-global-2015\\\/#breadcrumb\",\"itemListElement\":[{\"@type\":\"ListItem\",\"position\":1,\"name\":\"In\u00edcio\",\"item\":\"https:\\\/\\\/fieam.org.br\\\/sesi\\\/\"},{\"@type\":\"ListItem\",\"position\":2,\"name\":\"Projeto PAI deve fazer 5 atendimentos na A\u00e7\u00e3o Global 2015\"}]},{\"@type\":\"WebSite\",\"@id\":\"https:\\\/\\\/fieam.org.br\\\/sesi\\\/#website\",\"url\":\"https:\\\/\\\/fieam.org.br\\\/sesi\\\/\",\"name\":\"SESI\",\"description\":\"Site Oficial!\",\"publisher\":{\"@id\":\"https:\\\/\\\/fieam.org.br\\\/sesi\\\/#organization\"},\"potentialAction\":[{\"@type\":\"SearchAction\",\"target\":{\"@type\":\"EntryPoint\",\"urlTemplate\":\"https:\\\/\\\/fieam.org.br\\\/sesi\\\/?s={search_term_string}\"},\"query-input\":{\"@type\":\"PropertyValueSpecification\",\"valueRequired\":true,\"valueName\":\"search_term_string\"}}],\"inLanguage\":\"pt-BR\"},{\"@type\":\"Organization\",\"@id\":\"https:\\\/\\\/fieam.org.br\\\/sesi\\\/#organization\",\"name\":\"SESI\",\"url\":\"https:\\\/\\\/fieam.org.br\\\/sesi\\\/\",\"logo\":{\"@type\":\"ImageObject\",\"inLanguage\":\"pt-BR\",\"@id\":\"https:\\\/\\\/fieam.org.br\\\/sesi\\\/#\\\/schema\\\/logo\\\/image\\\/\",\"url\":\"https:\\\/\\\/fieam.org.br\\\/sesi\\\/wp-content\\\/uploads\\\/sites\\\/14\\\/2024\\\/03\\\/cropped-fav.png\",\"contentUrl\":\"https:\\\/\\\/fieam.org.br\\\/sesi\\\/wp-content\\\/uploads\\\/sites\\\/14\\\/2024\\\/03\\\/cropped-fav.png\",\"width\":610,\"height\":589,\"caption\":\"SESI\"},\"image\":{\"@id\":\"https:\\\/\\\/fieam.org.br\\\/sesi\\\/#\\\/schema\\\/logo\\\/image\\\/\"}},{\"@type\":\"Person\",\"@id\":\"https:\\\/\\\/fieam.org.br\\\/sesi\\\/#\\\/schema\\\/person\\\/f54998dd14d5f0695b41444f2b01c31e\",\"name\":\"Autor\",\"image\":{\"@type\":\"ImageObject\",\"inLanguage\":\"pt-BR\",\"@id\":\"https:\\\/\\\/secure.gravatar.com\\\/avatar\\\/3732c223e0e1fad69062a8f770955c9068d37b055204f310a0be18d4069fe380?s=96&d=mm&r=g\",\"url\":\"https:\\\/\\\/secure.gravatar.com\\\/avatar\\\/3732c223e0e1fad69062a8f770955c9068d37b055204f310a0be18d4069fe380?s=96&d=mm&r=g\",\"contentUrl\":\"https:\\\/\\\/secure.gravatar.com\\\/avatar\\\/3732c223e0e1fad69062a8f770955c9068d37b055204f310a0be18d4069fe380?s=96&d=mm&r=g\",\"caption\":\"Autor\"},\"sameAs\":[\"https:\\\/\\\/marketingmassivo.com.br\"],\"url\":\"https:\\\/\\\/fieam.org.br\\\/sesi\\\/author\\\/admin\\\/\"}]}<\/script>\n<!-- \/ Yoast SEO plugin. -->","yoast_head_json":{"title":"Projeto PAI deve fazer 5 atendimentos na A\u00e7\u00e3o Global 2015 - SESI","robots":{"index":"index","follow":"follow","max-snippet":"max-snippet:-1","max-image-preview":"max-image-preview:large","max-video-preview":"max-video-preview:-1"},"canonical":"https:\/\/fieam.org.br\/sesi\/projeto-pai-deve-fazer-5-atendimentos-na-acao-global-2015\/","og_locale":"pt_BR","og_type":"article","og_title":"Projeto PAI deve fazer 5 atendimentos na A\u00e7\u00e3o Global 2015 - SESI","og_description":"O coordenador do barco Zona Franca Verde, do Governo do Estado do Amazonas, Celso de Oliveira, est\u00e1 com expectativa de realizar 5 mil atendimentos com o Projeto PAI (Pronto Atendimento Itinerante) at\u00e9 o final do dia nos servi\u00e7os de expedi\u00e7\u00e3o de documentos e do Banco do Brasil, todos embarcados. O navio est\u00e1 ancorado no Porto [&hellip;]","og_url":"https:\/\/fieam.org.br\/sesi\/projeto-pai-deve-fazer-5-atendimentos-na-acao-global-2015\/","og_site_name":"SESI","article_published_time":"2015-05-30T17:18:59+00:00","author":"Autor","twitter_card":"summary_large_image","twitter_misc":{"Escrito por":"Autor","Est. tempo de leitura":"2 minutos"},"schema":{"@context":"https:\/\/schema.org","@graph":[{"@type":"Article","@id":"https:\/\/fieam.org.br\/sesi\/projeto-pai-deve-fazer-5-atendimentos-na-acao-global-2015\/#article","isPartOf":{"@id":"https:\/\/fieam.org.br\/sesi\/projeto-pai-deve-fazer-5-atendimentos-na-acao-global-2015\/"},"author":{"name":"Autor","@id":"https:\/\/fieam.org.br\/sesi\/#\/schema\/person\/f54998dd14d5f0695b41444f2b01c31e"},"headline":"Projeto PAI deve fazer 5 atendimentos na A\u00e7\u00e3o Global 2015","datePublished":"2015-05-30T17:18:59+00:00","mainEntityOfPage":{"@id":"https:\/\/fieam.org.br\/sesi\/projeto-pai-deve-fazer-5-atendimentos-na-acao-global-2015\/"},"wordCount":386,"commentCount":0,"publisher":{"@id":"https:\/\/fieam.org.br\/sesi\/#organization"},"articleSection":["News"],"inLanguage":"pt-BR","potentialAction":[{"@type":"CommentAction","name":"Comment","target":["https:\/\/fieam.org.br\/sesi\/projeto-pai-deve-fazer-5-atendimentos-na-acao-global-2015\/#respond"]}]},{"@type":"WebPage","@id":"https:\/\/fieam.org.br\/sesi\/projeto-pai-deve-fazer-5-atendimentos-na-acao-global-2015\/","url":"https:\/\/fieam.org.br\/sesi\/projeto-pai-deve-fazer-5-atendimentos-na-acao-global-2015\/","name":"Projeto PAI deve fazer 5 atendimentos na A\u00e7\u00e3o Global 2015 - SESI","isPartOf":{"@id":"https:\/\/fieam.org.br\/sesi\/#website"},"datePublished":"2015-05-30T17:18:59+00:00","breadcrumb":{"@id":"https:\/\/fieam.org.br\/sesi\/projeto-pai-deve-fazer-5-atendimentos-na-acao-global-2015\/#breadcrumb"},"inLanguage":"pt-BR","potentialAction":[{"@type":"ReadAction","target":["https:\/\/fieam.org.br\/sesi\/projeto-pai-deve-fazer-5-atendimentos-na-acao-global-2015\/"]}]},{"@type":"BreadcrumbList","@id":"https:\/\/fieam.org.br\/sesi\/projeto-pai-deve-fazer-5-atendimentos-na-acao-global-2015\/#breadcrumb","itemListElement":[{"@type":"ListItem","position":1,"name":"In\u00edcio","item":"https:\/\/fieam.org.br\/sesi\/"},{"@type":"ListItem","position":2,"name":"Projeto PAI deve fazer 5 atendimentos na A\u00e7\u00e3o Global 2015"}]},{"@type":"WebSite","@id":"https:\/\/fieam.org.br\/sesi\/#website","url":"https:\/\/fieam.org.br\/sesi\/","name":"SESI","description":"Site Oficial!","publisher":{"@id":"https:\/\/fieam.org.br\/sesi\/#organization"},"potentialAction":[{"@type":"SearchAction","target":{"@type":"EntryPoint","urlTemplate":"https:\/\/fieam.org.br\/sesi\/?s={search_term_string}"},"query-input":{"@type":"PropertyValueSpecification","valueRequired":true,"valueName":"search_term_string"}}],"inLanguage":"pt-BR"},{"@type":"Organization","@id":"https:\/\/fieam.org.br\/sesi\/#organization","name":"SESI","url":"https:\/\/fieam.org.br\/sesi\/","logo":{"@type":"ImageObject","inLanguage":"pt-BR","@id":"https:\/\/fieam.org.br\/sesi\/#\/schema\/logo\/image\/","url":"https:\/\/fieam.org.br\/sesi\/wp-content\/uploads\/sites\/14\/2024\/03\/cropped-fav.png","contentUrl":"https:\/\/fieam.org.br\/sesi\/wp-content\/uploads\/sites\/14\/2024\/03\/cropped-fav.png","width":610,"height":589,"caption":"SESI"},"image":{"@id":"https:\/\/fieam.org.br\/sesi\/#\/schema\/logo\/image\/"}},{"@type":"Person","@id":"https:\/\/fieam.org.br\/sesi\/#\/schema\/person\/f54998dd14d5f0695b41444f2b01c31e","name":"Autor","image":{"@type":"ImageObject","inLanguage":"pt-BR","@id":"https:\/\/secure.gravatar.com\/avatar\/3732c223e0e1fad69062a8f770955c9068d37b055204f310a0be18d4069fe380?s=96&d=mm&r=g","url":"https:\/\/secure.gravatar.com\/avatar\/3732c223e0e1fad69062a8f770955c9068d37b055204f310a0be18d4069fe380?s=96&d=mm&r=g","contentUrl":"https:\/\/secure.gravatar.com\/avatar\/3732c223e0e1fad69062a8f770955c9068d37b055204f310a0be18d4069fe380?s=96&d=mm&r=g","caption":"Autor"},"sameAs":["https:\/\/marketingmassivo.com.br"],"url":"https:\/\/fieam.org.br\/sesi\/author\/admin\/"}]}},"_links":{"self":[{"href":"https:\/\/fieam.org.br\/sesi\/wp-json\/wp\/v2\/posts\/7210","targetHints":{"allow":["GET"]}}],"collection":[{"href":"https:\/\/fieam.org.br\/sesi\/wp-json\/wp\/v2\/posts"}],"about":[{"href":"https:\/\/fieam.org.br\/sesi\/wp-json\/wp\/v2\/types\/post"}],"author":[{"embeddable":true,"href":"https:\/\/fieam.org.br\/sesi\/wp-json\/wp\/v2\/users\/1"}],"replies":[{"embeddable":true,"href":"https:\/\/fieam.org.br\/sesi\/wp-json\/wp\/v2\/comments?post=7210"}],"version-history":[{"count":0,"href":"https:\/\/fieam.org.br\/sesi\/wp-json\/wp\/v2\/posts\/7210\/revisions"}],"wp:attachment":[{"href":"https:\/\/fieam.org.br\/sesi\/wp-json\/wp\/v2\/media?parent=7210"}],"wp:term":[{"taxonomy":"category","embeddable":true,"href":"https:\/\/fieam.org.br\/sesi\/wp-json\/wp\/v2\/categories?post=7210"},{"taxonomy":"post_tag","embeddable":true,"href":"https:\/\/fieam.org.br\/sesi\/wp-json\/wp\/v2\/tags?post=7210"}],"curies":[{"name":"wp","href":"https:\/\/api.w.org\/{rel}","templated":true}]}}