{"id":7185,"date":"2015-05-28T20:49:09","date_gmt":"2015-05-28T20:49:09","guid":{"rendered":"http:\/\/www.fieam.org.br\/site\/sesi\/?p=7185"},"modified":"2015-05-28T20:49:09","modified_gmt":"2015-05-28T20:49:09","slug":"acao-global-espera-fazer-60-mil-atendimentos-em-itacoatiara","status":"publish","type":"post","link":"https:\/\/fieam.org.br\/sesi\/acao-global-espera-fazer-60-mil-atendimentos-em-itacoatiara\/","title":{"rendered":"A\u00e7\u00e3o Global espera fazer 60 mil atendimentos em Itacoatiara"},"content":{"rendered":"<figure id=\"attachment_7186\" aria-describedby=\"caption-attachment-7186\" style=\"width: 300px\" class=\"wp-caption alignleft\"><a href=\"http:\/\/www.fieam.org.br\/site\/sesi\/acao-global-espera-fazer-60-mil-atendimentos-em-itacoatiara\/moyses-israel-tem-acervo-preservado-em-memoralia\/\" rel=\"attachment wp-att-7186\"><img fetchpriority=\"high\" decoding=\"async\" class=\"size-medium wp-image-7186\" alt=\"Moyses Israel tem acervo preservado em Memor\u00e1lia\" src=\"http:\/\/www.fieam.org.br\/2015\/sesi\/wp-content\/uploads\/sites\/2\/2015\/05\/Moyses-Israel-tem-acervo-preservado-em-Memor\u00e1lia-300x221.jpg\" width=\"300\" height=\"221\" \/><\/a><figcaption id=\"caption-attachment-7186\" class=\"wp-caption-text\">Moyses Israel tem acervo preservado em Memor\u00e1lia<\/figcaption><\/figure>\n<p>Chega nesta sexta-feira (29) a Itacoatiara (AM), no rio Amazonas, o navio de assist\u00eancia hospitalar (NASH) \u201cSoares de Meirelles\u201d, da Marinha do Brasil, para refor\u00e7ar o atendimento m\u00e9dico na A\u00e7\u00e3o Global 2015. O programa, desenvolvido em todo o Pa\u00eds por meio de parceria do\u00a0<a href=\"http:\/\/www.fieam.org.br\/site\/sesi\/\" target=\"_blank\" rel=\"noopener\">SESI<\/a>\u00a0com a Rede Globo, come\u00e7ou na \u00faltima ter\u00e7a-feira (26) e tem o seu dia \u201cD\u201d neste s\u00e1bado (30) em quatro pontos do munic\u00edpio, a 175 quil\u00f4metros de Manaus. A previs\u00e3o \u00e9 fazer 60 mil atendimentos gratuitos em sa\u00fade, educa\u00e7\u00e3o e cidadania \u00e0 popula\u00e7\u00e3o local.<\/p>\n<p>No Porto de Itacoatiara, al\u00e9m do navio da Marinha, cedido pelo Comando do 9\u00ba Distrito Naval, que far\u00e1 atendimento m\u00e9dico nos dias 30 e 31 de maio, j\u00e1 est\u00e1 em funcionamento desde o dia 26 o Navio Zona Franca Verde, oferecido pelo Governo do Estado, com emiss\u00e3o de documentos (CPF, FG, CTPS, INSS). De acordo com a coordenadora da A\u00e7\u00e3o Global, do SESI Amazonas, Patr\u00edcia Bezerra, em menos de dois dias foram feitos mais de 980 atendimentos \u00e0 popula\u00e7\u00e3o pelo pessoal do navio.<\/p>\n<p>Com acesso por via terrestre (AM-010) e fluvial, Itacoatiara \u00e9 a terceira maior cidade do Amazonas, com 95,7 mil habitantes, de acordo com estimativa de 2014 do IBGE. Na economia do munic\u00edpio, a produ\u00e7\u00e3o industrial se destaca por meio da Mil Madeireira, que gera mais de 700 empregos diretos, e o Grupo Hermasa Navega\u00e7\u00e3o da Amaz\u00f4nia, que oferece outras 800 vagas diretas e mais de mil indiretas. As duas empresas est\u00e3o entre os parceiros do SESI e Rede Globo na realiza\u00e7\u00e3o da A\u00e7\u00e3o Global no munic\u00edpio.<\/p>\n<figure id=\"attachment_7187\" aria-describedby=\"caption-attachment-7187\" style=\"width: 300px\" class=\"wp-caption alignleft\"><a href=\"http:\/\/www.fieam.org.br\/site\/sesi\/acao-global-espera-fazer-60-mil-atendimentos-em-itacoatiara\/atendimento-na-acao-global-2015-comecou-na-terca-feira-e-segue-ate-o-dia-30-de-junho\/\" rel=\"attachment wp-att-7187\"><img decoding=\"async\" class=\"size-medium wp-image-7187\" alt=\"Atendimento na A\u00e7\u00e3o Global 2015 come\u00e7ou na ter\u00e7a-feira e segue at\u00e9 o dia 30 de junho\" src=\"http:\/\/www.fieam.org.br\/2015\/sesi\/wp-content\/uploads\/sites\/2\/2015\/05\/Atendimento-na-A\u00e7\u00e3o-Global-2015-come\u00e7ou-na-ter\u00e7a-feira-e-segue-at\u00e9-o-dia-30-de-junho-300x200.jpg\" width=\"300\" height=\"200\" \/><\/a><figcaption id=\"caption-attachment-7187\" class=\"wp-caption-text\">Atendimento na A\u00e7\u00e3o Global 2015 come\u00e7ou na ter\u00e7a-feira e segue at\u00e9 o dia 30 de junho<\/figcaption><\/figure>\n<p>Do Polo Industrial de Manaus, segundo Patr\u00edcia, estar\u00e3o presentes no \u201cmutir\u00e3o da cidadania\u201d, neste s\u00e1bado, em Itacoatiara, a Moto Honda da Amaz\u00f4nia, Samsung, Copag e Jabil, entre outras\u00a0 parceiras do SESI nos 22 anos de A\u00e7\u00e3o Global no Amazonas.<\/p>\n<p>As atividades no munic\u00edpio est\u00e3o localizadas, durante a semana, al\u00e9m do Porto, na Escola SESI Abrah\u00e3o Sabb\u00e1, na Rua Nossa Senhora do Ros\u00e1rio, s\/n, bairro S\u00e3o Jorge, onde funcionam as unidades m\u00f3veis Odontol\u00f3gica e de Qualidade de Vida, do SESI, com exame bucal e profilaxia, al\u00e9m de atendimento na \u00e1rea de cultura e lazer; e a Biblioteca \u201cInd\u00fastria do Conhecimento\u201d, na Rua Jo\u00e3o Val\u00e9rio, 3107, com oficinas de pintura e desenho.<\/p>\n<p>De acordo com Patr\u00edcia Bezerra, na ter\u00e7a e quarta-feira, os estandes da A\u00e7\u00e3o Global em Itacoatiara fizeram cerca de 2 mil atendimentos. Na Unidade M\u00f3vel da Cozinha Brasil, localizada em frente \u00e0 Escola SESI do munic\u00edpio, foram oferecidos cursos para cerca de 400 pessoas. Outro curso muito procurado durante a semana foi o de atendimento ao cliente, oferecido pelo Sebrae-AM, com 60 vagas.<\/p>\n<p>&nbsp;<\/p>\n<p><b>Memor\u00e1lia\u00a0\u00a0\u00a0\u00a0<\/b><\/p>\n<p>Como parte da programa\u00e7\u00e3o paralela da A\u00e7\u00e3o Global, em Itacoatiara, a Universidade Federal do Amazonas (Ufam) inaugura neste s\u00e1bado, \u00e0s 11h, a \u201cMemor\u00e1lia Moyses Israel\u201d, que re\u00fane acervo iconogr\u00e1fico e documental do empres\u00e1rio amazonense, fundador e hoje conselheiro fiscal da Federa\u00e7\u00e3o das Ind\u00fastrias do Estado do Amazonas (FIEAM). O espa\u00e7o, localizado na \u00e1rea de 50 mil metros quadrados doada em 1994 por Israel \u00e0 Ufam, foi preservado por ter sido uma das resid\u00eancias do empres\u00e1rio no munic\u00edpio.<\/p>\n<p>Com presen\u00e7a confirmada na solenidade de inaugura\u00e7\u00e3o, Moyses Israel, de 91 anos, diz ter um carinho particular por Itacoatiara, onde consolidou v\u00e1rios neg\u00f3cios desde a d\u00e9cada de 40, dentre eles, investimentos em terras e exporta\u00e7\u00e3o de produtos da floresta amaz\u00f4nica, como castanha e madeira.<\/p>\n<p>Segundo o homenageado, a educa\u00e7\u00e3o \u00e9 a base de um pa\u00eds e por essa consci\u00eancia, sempre incentivou a constru\u00e7\u00e3o de unidades escolares para atender a popula\u00e7\u00e3o local. A cria\u00e7\u00e3o dos principais centros de ensino b\u00e1sico, profissional e universit\u00e1rio existentes em Itacoatiara teve a influ\u00eancia de Moyses Israel, com destaque para o Campus Universit\u00e1rio da Ufam que leva o seu nome.<\/p>\n<p>\u201cO conhecimento \u00e9 fundamental para o avan\u00e7o da sociedade. Todo esse meu apre\u00e7o pela educa\u00e7\u00e3o veio do exemplo do meu cunhado, Samuel Benchimol, que foi um estudioso da Amaz\u00f4nia. Essa inspira\u00e7\u00e3o me levou a contribuir com a constru\u00e7\u00e3o de escolas em terras doadas por mim para esse fim. Ajudo no que posso para o avan\u00e7o da educa\u00e7\u00e3o e do desenvolvimento do Amazonas\u201d, disse Moyses.<\/p>\n<p>O Campus da Ufam ocupa uma \u00e1rea de 17,5 mil metros quadrados, onde s\u00e3o desenvolvidos nove cursos de gradua\u00e7\u00e3o nas \u00e1reas de ci\u00eancias exatas e tecnologia (agronomia, engenharia de software, engenharia de produ\u00e7\u00e3o, engenharia sanit\u00e1ria, farm\u00e1cia, qu\u00edmica industrial, licenciatura: qu\u00edmica e biologia, licenciatura: matem\u00e1tica e f\u00edsica, e sistemas de informa\u00e7\u00e3o) e o mestrado em ci\u00eancias e tecnologia para recursos amaz\u00f4nicos. Segundo a reitora da Ufam, M\u00e1rcia Perales, a universidade oferece 450 vagas por ano, e conta com 1.501 alunos matriculados, j\u00e1 tendo graduado 787.<\/p>\n<p>O Sistema FIEAM tamb\u00e9m est\u00e1 presente em Itacoatiara com uma unidade de educa\u00e7\u00e3o b\u00e1sica, a Escola SESI Abrah\u00e3o Sabb\u00e1, com capacidade para atender 720 alunos, e a unidade de educa\u00e7\u00e3o profissional, a Ag\u00eancia de Treinamento SENAI Ernesto Thalheimer, com capacidade de atender 2 mil alunos nos cursos profissionalizantes das \u00e1reas de tecnologia da informa\u00e7\u00e3o, mec\u00e2nica, constru\u00e7\u00e3o civil, confec\u00e7\u00e3o do vestu\u00e1rio, eletroeletr\u00f4nica e alimentos.<\/p>\n<p>Neste ano, o Sistema FIEAM iniciou o ensino articulado SESI e SENAI, com o projeto de integra\u00e7\u00e3o da Educa\u00e7\u00e3o B\u00e1sica do SESI e a Educa\u00e7\u00e3o Profissional do SENAI (EBEP). Vinte e um alunos do primeiro ano do ensino m\u00e9dio do SESI come\u00e7aram o tempo integral na escola. A proposta \u00e9 receber as disciplinas do ensino m\u00e9dio em um turno e no outro a teoria e pr\u00e1tica da profiss\u00e3o de operador de computadores. Para 2016, SESI e SENAI planejam lan\u00e7ar mais uma a\u00e7\u00e3o articulada com o curso t\u00e9cnico em inform\u00e1tica.<\/p>\n<p>&nbsp;<\/p>\n<p><b>ATENDIMENTO \u00c0 IMPRENSA<\/b><\/p>\n<p><b>Diretoria de Comunica\u00e7\u00e3o e Marketing do Sistema FIEAM<\/b><\/p>\n<p>Tel: (92) 3186-6576\u00a0 Fax: (92) 3186-6579<\/p>\n<p>E-mail:\u00a0<a href=\"mailto:imprensa@fieam.org.br\" target=\"_blank\" rel=\"noopener\">imprensa@fieam.org.br<\/a><\/p>\n<p><a href=\"http:\/\/www.fieam.org.br\/\" target=\"_blank\" rel=\"noopener\">http:\/\/www.fieam.org.br<\/a><\/p>\n<p><a href=\"http:\/\/www.facebook.com\/sistemafieam\" target=\"_blank\" rel=\"noopener\">http:\/\/www.facebook.com\/sistemafieam<\/a><\/p>\n<p>Twitter: @fieam @sesiamazonas @senaiamazonas @ielamazonas<\/p>\n","protected":false},"excerpt":{"rendered":"<p>Chega nesta sexta-feira (29) a Itacoatiara (AM), no rio Amazonas, o navio de assist\u00eancia hospitalar (NASH) \u201cSoares de Meirelles\u201d, da Marinha do Brasil, para refor\u00e7ar o atendimento m\u00e9dico na A\u00e7\u00e3o Global 2015. O programa, desenvolvido em todo o Pa\u00eds por meio de parceria do\u00a0SESI\u00a0com a Rede Globo, come\u00e7ou na \u00faltima ter\u00e7a-feira (26) e tem o [&hellip;]<\/p>\n","protected":false},"author":1,"featured_media":0,"comment_status":"open","ping_status":"open","sticky":false,"template":"","format":"standard","meta":{"footnotes":""},"categories":[25],"tags":[],"class_list":["post-7185","post","type-post","status-publish","format-standard","hentry","category-news"],"yoast_head":"<!-- This site is optimized with the Yoast SEO plugin v28.2 - https:\/\/yoast.com\/product\/yoast-seo-wordpress\/ -->\n<title>A\u00e7\u00e3o Global espera fazer 60 mil atendimentos em Itacoatiara - SESI<\/title>\n<meta name=\"robots\" content=\"index, follow, max-snippet:-1, max-image-preview:large, max-video-preview:-1\" \/>\n<link rel=\"canonical\" href=\"https:\/\/fieam.org.br\/sesi\/acao-global-espera-fazer-60-mil-atendimentos-em-itacoatiara\/\" \/>\n<meta property=\"og:locale\" content=\"pt_BR\" \/>\n<meta property=\"og:type\" content=\"article\" \/>\n<meta property=\"og:title\" content=\"A\u00e7\u00e3o Global espera fazer 60 mil atendimentos em Itacoatiara - SESI\" \/>\n<meta property=\"og:description\" content=\"Chega nesta sexta-feira (29) a Itacoatiara (AM), no rio Amazonas, o navio de assist\u00eancia hospitalar (NASH) \u201cSoares de Meirelles\u201d, da Marinha do Brasil, para refor\u00e7ar o atendimento m\u00e9dico na A\u00e7\u00e3o Global 2015. O programa, desenvolvido em todo o Pa\u00eds por meio de parceria do\u00a0SESI\u00a0com a Rede Globo, come\u00e7ou na \u00faltima ter\u00e7a-feira (26) e tem o [&hellip;]\" \/>\n<meta property=\"og:url\" content=\"https:\/\/fieam.org.br\/sesi\/acao-global-espera-fazer-60-mil-atendimentos-em-itacoatiara\/\" \/>\n<meta property=\"og:site_name\" content=\"SESI\" \/>\n<meta property=\"article:published_time\" content=\"2015-05-28T20:49:09+00:00\" \/>\n<meta name=\"author\" content=\"Autor\" \/>\n<meta name=\"twitter:card\" content=\"summary_large_image\" \/>\n<meta name=\"twitter:label1\" content=\"Escrito por\" \/>\n\t<meta name=\"twitter:data1\" content=\"Autor\" \/>\n\t<meta name=\"twitter:label2\" content=\"Est. tempo de leitura\" \/>\n\t<meta name=\"twitter:data2\" content=\"5 minutos\" \/>\n<script type=\"application\/ld+json\" class=\"yoast-schema-graph\">{\"@context\":\"https:\\\/\\\/schema.org\",\"@graph\":[{\"@type\":\"Article\",\"@id\":\"https:\\\/\\\/fieam.org.br\\\/sesi\\\/acao-global-espera-fazer-60-mil-atendimentos-em-itacoatiara\\\/#article\",\"isPartOf\":{\"@id\":\"https:\\\/\\\/fieam.org.br\\\/sesi\\\/acao-global-espera-fazer-60-mil-atendimentos-em-itacoatiara\\\/\"},\"author\":{\"name\":\"Autor\",\"@id\":\"https:\\\/\\\/fieam.org.br\\\/sesi\\\/#\\\/schema\\\/person\\\/f54998dd14d5f0695b41444f2b01c31e\"},\"headline\":\"A\u00e7\u00e3o Global espera fazer 60 mil atendimentos em Itacoatiara\",\"datePublished\":\"2015-05-28T20:49:09+00:00\",\"mainEntityOfPage\":{\"@id\":\"https:\\\/\\\/fieam.org.br\\\/sesi\\\/acao-global-espera-fazer-60-mil-atendimentos-em-itacoatiara\\\/\"},\"wordCount\":1088,\"commentCount\":0,\"publisher\":{\"@id\":\"https:\\\/\\\/fieam.org.br\\\/sesi\\\/#organization\"},\"articleSection\":[\"News\"],\"inLanguage\":\"pt-BR\",\"potentialAction\":[{\"@type\":\"CommentAction\",\"name\":\"Comment\",\"target\":[\"https:\\\/\\\/fieam.org.br\\\/sesi\\\/acao-global-espera-fazer-60-mil-atendimentos-em-itacoatiara\\\/#respond\"]}]},{\"@type\":\"WebPage\",\"@id\":\"https:\\\/\\\/fieam.org.br\\\/sesi\\\/acao-global-espera-fazer-60-mil-atendimentos-em-itacoatiara\\\/\",\"url\":\"https:\\\/\\\/fieam.org.br\\\/sesi\\\/acao-global-espera-fazer-60-mil-atendimentos-em-itacoatiara\\\/\",\"name\":\"A\u00e7\u00e3o Global espera fazer 60 mil atendimentos em Itacoatiara - SESI\",\"isPartOf\":{\"@id\":\"https:\\\/\\\/fieam.org.br\\\/sesi\\\/#website\"},\"datePublished\":\"2015-05-28T20:49:09+00:00\",\"breadcrumb\":{\"@id\":\"https:\\\/\\\/fieam.org.br\\\/sesi\\\/acao-global-espera-fazer-60-mil-atendimentos-em-itacoatiara\\\/#breadcrumb\"},\"inLanguage\":\"pt-BR\",\"potentialAction\":[{\"@type\":\"ReadAction\",\"target\":[\"https:\\\/\\\/fieam.org.br\\\/sesi\\\/acao-global-espera-fazer-60-mil-atendimentos-em-itacoatiara\\\/\"]}]},{\"@type\":\"BreadcrumbList\",\"@id\":\"https:\\\/\\\/fieam.org.br\\\/sesi\\\/acao-global-espera-fazer-60-mil-atendimentos-em-itacoatiara\\\/#breadcrumb\",\"itemListElement\":[{\"@type\":\"ListItem\",\"position\":1,\"name\":\"In\u00edcio\",\"item\":\"https:\\\/\\\/fieam.org.br\\\/sesi\\\/\"},{\"@type\":\"ListItem\",\"position\":2,\"name\":\"A\u00e7\u00e3o Global espera fazer 60 mil atendimentos em Itacoatiara\"}]},{\"@type\":\"WebSite\",\"@id\":\"https:\\\/\\\/fieam.org.br\\\/sesi\\\/#website\",\"url\":\"https:\\\/\\\/fieam.org.br\\\/sesi\\\/\",\"name\":\"SESI\",\"description\":\"Site Oficial!\",\"publisher\":{\"@id\":\"https:\\\/\\\/fieam.org.br\\\/sesi\\\/#organization\"},\"potentialAction\":[{\"@type\":\"SearchAction\",\"target\":{\"@type\":\"EntryPoint\",\"urlTemplate\":\"https:\\\/\\\/fieam.org.br\\\/sesi\\\/?s={search_term_string}\"},\"query-input\":{\"@type\":\"PropertyValueSpecification\",\"valueRequired\":true,\"valueName\":\"search_term_string\"}}],\"inLanguage\":\"pt-BR\"},{\"@type\":\"Organization\",\"@id\":\"https:\\\/\\\/fieam.org.br\\\/sesi\\\/#organization\",\"name\":\"SESI\",\"url\":\"https:\\\/\\\/fieam.org.br\\\/sesi\\\/\",\"logo\":{\"@type\":\"ImageObject\",\"inLanguage\":\"pt-BR\",\"@id\":\"https:\\\/\\\/fieam.org.br\\\/sesi\\\/#\\\/schema\\\/logo\\\/image\\\/\",\"url\":\"https:\\\/\\\/fieam.org.br\\\/sesi\\\/wp-content\\\/uploads\\\/sites\\\/14\\\/2024\\\/03\\\/cropped-fav.png\",\"contentUrl\":\"https:\\\/\\\/fieam.org.br\\\/sesi\\\/wp-content\\\/uploads\\\/sites\\\/14\\\/2024\\\/03\\\/cropped-fav.png\",\"width\":610,\"height\":589,\"caption\":\"SESI\"},\"image\":{\"@id\":\"https:\\\/\\\/fieam.org.br\\\/sesi\\\/#\\\/schema\\\/logo\\\/image\\\/\"}},{\"@type\":\"Person\",\"@id\":\"https:\\\/\\\/fieam.org.br\\\/sesi\\\/#\\\/schema\\\/person\\\/f54998dd14d5f0695b41444f2b01c31e\",\"name\":\"Autor\",\"image\":{\"@type\":\"ImageObject\",\"inLanguage\":\"pt-BR\",\"@id\":\"https:\\\/\\\/secure.gravatar.com\\\/avatar\\\/3732c223e0e1fad69062a8f770955c9068d37b055204f310a0be18d4069fe380?s=96&d=mm&r=g\",\"url\":\"https:\\\/\\\/secure.gravatar.com\\\/avatar\\\/3732c223e0e1fad69062a8f770955c9068d37b055204f310a0be18d4069fe380?s=96&d=mm&r=g\",\"contentUrl\":\"https:\\\/\\\/secure.gravatar.com\\\/avatar\\\/3732c223e0e1fad69062a8f770955c9068d37b055204f310a0be18d4069fe380?s=96&d=mm&r=g\",\"caption\":\"Autor\"},\"sameAs\":[\"https:\\\/\\\/marketingmassivo.com.br\"],\"url\":\"https:\\\/\\\/fieam.org.br\\\/sesi\\\/author\\\/admin\\\/\"}]}<\/script>\n<!-- \/ Yoast SEO plugin. -->","yoast_head_json":{"title":"A\u00e7\u00e3o Global espera fazer 60 mil atendimentos em Itacoatiara - SESI","robots":{"index":"index","follow":"follow","max-snippet":"max-snippet:-1","max-image-preview":"max-image-preview:large","max-video-preview":"max-video-preview:-1"},"canonical":"https:\/\/fieam.org.br\/sesi\/acao-global-espera-fazer-60-mil-atendimentos-em-itacoatiara\/","og_locale":"pt_BR","og_type":"article","og_title":"A\u00e7\u00e3o Global espera fazer 60 mil atendimentos em Itacoatiara - SESI","og_description":"Chega nesta sexta-feira (29) a Itacoatiara (AM), no rio Amazonas, o navio de assist\u00eancia hospitalar (NASH) \u201cSoares de Meirelles\u201d, da Marinha do Brasil, para refor\u00e7ar o atendimento m\u00e9dico na A\u00e7\u00e3o Global 2015. O programa, desenvolvido em todo o Pa\u00eds por meio de parceria do\u00a0SESI\u00a0com a Rede Globo, come\u00e7ou na \u00faltima ter\u00e7a-feira (26) e tem o [&hellip;]","og_url":"https:\/\/fieam.org.br\/sesi\/acao-global-espera-fazer-60-mil-atendimentos-em-itacoatiara\/","og_site_name":"SESI","article_published_time":"2015-05-28T20:49:09+00:00","author":"Autor","twitter_card":"summary_large_image","twitter_misc":{"Escrito por":"Autor","Est. tempo de leitura":"5 minutos"},"schema":{"@context":"https:\/\/schema.org","@graph":[{"@type":"Article","@id":"https:\/\/fieam.org.br\/sesi\/acao-global-espera-fazer-60-mil-atendimentos-em-itacoatiara\/#article","isPartOf":{"@id":"https:\/\/fieam.org.br\/sesi\/acao-global-espera-fazer-60-mil-atendimentos-em-itacoatiara\/"},"author":{"name":"Autor","@id":"https:\/\/fieam.org.br\/sesi\/#\/schema\/person\/f54998dd14d5f0695b41444f2b01c31e"},"headline":"A\u00e7\u00e3o Global espera fazer 60 mil atendimentos em Itacoatiara","datePublished":"2015-05-28T20:49:09+00:00","mainEntityOfPage":{"@id":"https:\/\/fieam.org.br\/sesi\/acao-global-espera-fazer-60-mil-atendimentos-em-itacoatiara\/"},"wordCount":1088,"commentCount":0,"publisher":{"@id":"https:\/\/fieam.org.br\/sesi\/#organization"},"articleSection":["News"],"inLanguage":"pt-BR","potentialAction":[{"@type":"CommentAction","name":"Comment","target":["https:\/\/fieam.org.br\/sesi\/acao-global-espera-fazer-60-mil-atendimentos-em-itacoatiara\/#respond"]}]},{"@type":"WebPage","@id":"https:\/\/fieam.org.br\/sesi\/acao-global-espera-fazer-60-mil-atendimentos-em-itacoatiara\/","url":"https:\/\/fieam.org.br\/sesi\/acao-global-espera-fazer-60-mil-atendimentos-em-itacoatiara\/","name":"A\u00e7\u00e3o Global espera fazer 60 mil atendimentos em Itacoatiara - SESI","isPartOf":{"@id":"https:\/\/fieam.org.br\/sesi\/#website"},"datePublished":"2015-05-28T20:49:09+00:00","breadcrumb":{"@id":"https:\/\/fieam.org.br\/sesi\/acao-global-espera-fazer-60-mil-atendimentos-em-itacoatiara\/#breadcrumb"},"inLanguage":"pt-BR","potentialAction":[{"@type":"ReadAction","target":["https:\/\/fieam.org.br\/sesi\/acao-global-espera-fazer-60-mil-atendimentos-em-itacoatiara\/"]}]},{"@type":"BreadcrumbList","@id":"https:\/\/fieam.org.br\/sesi\/acao-global-espera-fazer-60-mil-atendimentos-em-itacoatiara\/#breadcrumb","itemListElement":[{"@type":"ListItem","position":1,"name":"In\u00edcio","item":"https:\/\/fieam.org.br\/sesi\/"},{"@type":"ListItem","position":2,"name":"A\u00e7\u00e3o Global espera fazer 60 mil atendimentos em Itacoatiara"}]},{"@type":"WebSite","@id":"https:\/\/fieam.org.br\/sesi\/#website","url":"https:\/\/fieam.org.br\/sesi\/","name":"SESI","description":"Site Oficial!","publisher":{"@id":"https:\/\/fieam.org.br\/sesi\/#organization"},"potentialAction":[{"@type":"SearchAction","target":{"@type":"EntryPoint","urlTemplate":"https:\/\/fieam.org.br\/sesi\/?s={search_term_string}"},"query-input":{"@type":"PropertyValueSpecification","valueRequired":true,"valueName":"search_term_string"}}],"inLanguage":"pt-BR"},{"@type":"Organization","@id":"https:\/\/fieam.org.br\/sesi\/#organization","name":"SESI","url":"https:\/\/fieam.org.br\/sesi\/","logo":{"@type":"ImageObject","inLanguage":"pt-BR","@id":"https:\/\/fieam.org.br\/sesi\/#\/schema\/logo\/image\/","url":"https:\/\/fieam.org.br\/sesi\/wp-content\/uploads\/sites\/14\/2024\/03\/cropped-fav.png","contentUrl":"https:\/\/fieam.org.br\/sesi\/wp-content\/uploads\/sites\/14\/2024\/03\/cropped-fav.png","width":610,"height":589,"caption":"SESI"},"image":{"@id":"https:\/\/fieam.org.br\/sesi\/#\/schema\/logo\/image\/"}},{"@type":"Person","@id":"https:\/\/fieam.org.br\/sesi\/#\/schema\/person\/f54998dd14d5f0695b41444f2b01c31e","name":"Autor","image":{"@type":"ImageObject","inLanguage":"pt-BR","@id":"https:\/\/secure.gravatar.com\/avatar\/3732c223e0e1fad69062a8f770955c9068d37b055204f310a0be18d4069fe380?s=96&d=mm&r=g","url":"https:\/\/secure.gravatar.com\/avatar\/3732c223e0e1fad69062a8f770955c9068d37b055204f310a0be18d4069fe380?s=96&d=mm&r=g","contentUrl":"https:\/\/secure.gravatar.com\/avatar\/3732c223e0e1fad69062a8f770955c9068d37b055204f310a0be18d4069fe380?s=96&d=mm&r=g","caption":"Autor"},"sameAs":["https:\/\/marketingmassivo.com.br"],"url":"https:\/\/fieam.org.br\/sesi\/author\/admin\/"}]}},"_links":{"self":[{"href":"https:\/\/fieam.org.br\/sesi\/wp-json\/wp\/v2\/posts\/7185","targetHints":{"allow":["GET"]}}],"collection":[{"href":"https:\/\/fieam.org.br\/sesi\/wp-json\/wp\/v2\/posts"}],"about":[{"href":"https:\/\/fieam.org.br\/sesi\/wp-json\/wp\/v2\/types\/post"}],"author":[{"embeddable":true,"href":"https:\/\/fieam.org.br\/sesi\/wp-json\/wp\/v2\/users\/1"}],"replies":[{"embeddable":true,"href":"https:\/\/fieam.org.br\/sesi\/wp-json\/wp\/v2\/comments?post=7185"}],"version-history":[{"count":0,"href":"https:\/\/fieam.org.br\/sesi\/wp-json\/wp\/v2\/posts\/7185\/revisions"}],"wp:attachment":[{"href":"https:\/\/fieam.org.br\/sesi\/wp-json\/wp\/v2\/media?parent=7185"}],"wp:term":[{"taxonomy":"category","embeddable":true,"href":"https:\/\/fieam.org.br\/sesi\/wp-json\/wp\/v2\/categories?post=7185"},{"taxonomy":"post_tag","embeddable":true,"href":"https:\/\/fieam.org.br\/sesi\/wp-json\/wp\/v2\/tags?post=7185"}],"curies":[{"name":"wp","href":"https:\/\/api.w.org\/{rel}","templated":true}]}}