{"id":7066,"date":"2015-05-08T12:59:48","date_gmt":"2015-05-08T12:59:48","guid":{"rendered":"http:\/\/www.fieam.org.br\/site\/sesi\/?p=7066"},"modified":"2015-05-08T12:59:48","modified_gmt":"2015-05-08T12:59:48","slug":"maes-de-ginastas-recebem-homenagem-no-sesi","status":"publish","type":"post","link":"https:\/\/fieam.org.br\/sesi\/maes-de-ginastas-recebem-homenagem-no-sesi\/","title":{"rendered":"M\u00e3es de ginastas recebem homenagem no SESI"},"content":{"rendered":"<p>&nbsp;<\/p>\n<figure id=\"attachment_7067\" aria-describedby=\"caption-attachment-7067\" style=\"width: 300px\" class=\"wp-caption alignleft\"><a href=\"http:\/\/www.fieam.org.br\/site\/sesi\/maes-de-ginastas-recebem-homenagem-no-sesi\/alunas-do-saf-na-homenagem-do-dia-das-maes\/\" rel=\"attachment wp-att-7067\"><img fetchpriority=\"high\" decoding=\"async\" class=\"size-medium wp-image-7067\" alt=\"Alunas do SAF na homenagem do dia das m\u00e3es.\" src=\"http:\/\/www.fieam.org.br\/site\/sesi\/files\/2015\/05\/Alunas-do-SAF-na-homenagem-do-dia-das-m\u00e3es.-300x200.jpg\" width=\"300\" height=\"200\" \/><\/a><figcaption id=\"caption-attachment-7067\" class=\"wp-caption-text\">Alunas do SAF na homenagem do dia das m\u00e3es.<\/figcaption><\/figure>\n<p><a href=\"http:\/\/www.fieam.org.br\/site\/sesi\/\" target=\"_blank\" rel=\"noopener\">O SESI Amazonas<\/a>\u00a0prestou homenagem antecipada, na quarta-feira (6), \u00e0s m\u00e3es das alunas do Programa Gin\u00e1stica R\u00edtmica do projeto SESI Atleta do Futuro (SAF), na arena do Clube do Trabalhador do SESI. As m\u00e3es foram agraciadas com apresenta\u00e7\u00e3o de dan\u00e7as e entrega de medalhas.<\/p>\n<p>As alunas demonstraram habilidades adquiridas no projeto como exerc\u00edcios de elasticidade, acrobacia e bal\u00e9. As m\u00e3es foram presenteadas com movimentos art\u00edsticos, com manejo de arcos e bolas, ao som da m\u00fasica \u201cComo ser crian\u00e7a\u201d, da cantora gospel Aline Barros. As pequenas arrancaram l\u00e1grimas e muitos aplausos das m\u00e3es.<\/p>\n<p>A aut\u00f4noma Vilma Batista ressaltou a import\u00e2ncia do projeto para o desenvolvimento da filha, Thayla Nicoly, de oito anos.<\/p>\n<p>\u201cEstou orgulhosa, esse \u00e9 meu maior presente, em dois meses minha filha evoluiu muito, aqui ela se disciplina, estou muito emocionada\u201d, disse.<\/p>\n<p>Ao entregar a medalha para m\u00e3e, Thayla disse que Vilma \u00e9 a sua grande incentivadora. \u201cSou muito grata \u00e0 minha m\u00e3e por me trazer para o projeto, eu aprendo a cada dia, por isso minha m\u00e3e merece toda a minha dan\u00e7a\u201d.<\/p>\n<p>O projeto da Gin\u00e1stica R\u00edtmica come\u00e7ou as atividades em mar\u00e7o. Trinta crian\u00e7as da comunidade s\u00e3o atendidas, gratuitamente, duas vezes por semana. As meninas recebem orienta\u00e7\u00e3o de Leila Azevedo, professora de educa\u00e7\u00e3o f\u00edsica do SAF. \u201cAcredito que as m\u00e3es, ao incentivarem os filhos \u00e0 pr\u00e1tica de atividade f\u00edsica, est\u00e3o exercendo o papel de cidad\u00e3, por isso s\u00e3o merecedoras de muito carinho\u201d, afirmou.<\/p>\n<p>O SAF existe h\u00e1 cinco anos. Atualmente atende 2.500 crian\u00e7as e adolescentes por meio dos programas de bal\u00e9, futsal feminino, futsal masculino, handebol, t\u00eanis de mesa, futsal e gin\u00e1stica r\u00edtmica. De acordo com o coordenador, Jose Rodrigo Travessa, a gin\u00e1stica r\u00edtmica, assim como as outras categorias, faz inclus\u00e3o social das crian\u00e7as com pr\u00e1tica de atividades f\u00edsicas.<\/p>\n<p><b>\u00a0\u00a0\u00a0\u00a0\u00a0\u00a0\u00a0\u00a0\u00a0\u00a0\u00a0 ATENDIMENTO \u00c0 IMPRENSA<\/b><\/p>\n<p>[nggallery id=292]<\/p>\n<p><b>Diretoria de Comunica\u00e7\u00e3o e Marketing do Sistema FIEAM<\/b><\/p>\n<p>Tel: (92) 3186-6576\u00a0 Fax: (92) 3186-6579<\/p>\n<p>E-mail:\u00a0<a href=\"mailto:imprensa@fieam.org.br\" target=\"_blank\" rel=\"noopener\">imprensa@fieam.org.br<\/a><\/p>\n<p><a href=\"http:\/\/www.fieam.org.br\/\" target=\"_blank\" rel=\"noopener\">http:\/\/www.fieam.org.br<\/a><\/p>\n<p><a href=\"http:\/\/www.facebook.com\/sistemafieam\" target=\"_blank\" rel=\"noopener\">http:\/\/www.facebook.com\/sistemafieam<\/a><\/p>\n<p>Twitter:\u00a0@fieam\u00a0@sesiamazonas\u00a0@senaiamazonas\u00a0@ielamazonas<\/p>\n<p>&nbsp;<\/p>\n","protected":false},"excerpt":{"rendered":"<p>&nbsp; O SESI Amazonas\u00a0prestou homenagem antecipada, na quarta-feira (6), \u00e0s m\u00e3es das alunas do Programa Gin\u00e1stica R\u00edtmica do projeto SESI Atleta do Futuro (SAF), na arena do Clube do Trabalhador do SESI. As m\u00e3es foram agraciadas com apresenta\u00e7\u00e3o de dan\u00e7as e entrega de medalhas. As alunas demonstraram habilidades adquiridas no projeto como exerc\u00edcios de elasticidade, [&hellip;]<\/p>\n","protected":false},"author":1,"featured_media":0,"comment_status":"open","ping_status":"open","sticky":false,"template":"","format":"standard","meta":{"footnotes":""},"categories":[25],"tags":[],"class_list":["post-7066","post","type-post","status-publish","format-standard","hentry","category-news"],"yoast_head":"<!-- This site is optimized with the Yoast SEO plugin v28.2 - https:\/\/yoast.com\/product\/yoast-seo-wordpress\/ -->\n<title>M\u00e3es de ginastas recebem homenagem no SESI - SESI<\/title>\n<meta name=\"robots\" content=\"index, follow, max-snippet:-1, max-image-preview:large, max-video-preview:-1\" \/>\n<link rel=\"canonical\" href=\"https:\/\/fieam.org.br\/sesi\/maes-de-ginastas-recebem-homenagem-no-sesi\/\" \/>\n<meta property=\"og:locale\" content=\"pt_BR\" \/>\n<meta property=\"og:type\" content=\"article\" \/>\n<meta property=\"og:title\" content=\"M\u00e3es de ginastas recebem homenagem no SESI - SESI\" \/>\n<meta property=\"og:description\" content=\"&nbsp; O SESI Amazonas\u00a0prestou homenagem antecipada, na quarta-feira (6), \u00e0s m\u00e3es das alunas do Programa Gin\u00e1stica R\u00edtmica do projeto SESI Atleta do Futuro (SAF), na arena do Clube do Trabalhador do SESI. As m\u00e3es foram agraciadas com apresenta\u00e7\u00e3o de dan\u00e7as e entrega de medalhas. As alunas demonstraram habilidades adquiridas no projeto como exerc\u00edcios de elasticidade, [&hellip;]\" \/>\n<meta property=\"og:url\" content=\"https:\/\/fieam.org.br\/sesi\/maes-de-ginastas-recebem-homenagem-no-sesi\/\" \/>\n<meta property=\"og:site_name\" content=\"SESI\" \/>\n<meta property=\"article:published_time\" content=\"2015-05-08T12:59:48+00:00\" \/>\n<meta name=\"author\" content=\"Autor\" \/>\n<meta name=\"twitter:card\" content=\"summary_large_image\" \/>\n<meta name=\"twitter:label1\" content=\"Escrito por\" \/>\n\t<meta name=\"twitter:data1\" content=\"Autor\" \/>\n\t<meta name=\"twitter:label2\" content=\"Est. tempo de leitura\" \/>\n\t<meta name=\"twitter:data2\" content=\"2 minutos\" \/>\n<script type=\"application\/ld+json\" class=\"yoast-schema-graph\">{\"@context\":\"https:\\\/\\\/schema.org\",\"@graph\":[{\"@type\":\"Article\",\"@id\":\"https:\\\/\\\/fieam.org.br\\\/sesi\\\/maes-de-ginastas-recebem-homenagem-no-sesi\\\/#article\",\"isPartOf\":{\"@id\":\"https:\\\/\\\/fieam.org.br\\\/sesi\\\/maes-de-ginastas-recebem-homenagem-no-sesi\\\/\"},\"author\":{\"name\":\"Autor\",\"@id\":\"https:\\\/\\\/fieam.org.br\\\/sesi\\\/#\\\/schema\\\/person\\\/f54998dd14d5f0695b41444f2b01c31e\"},\"headline\":\"M\u00e3es de ginastas recebem homenagem no SESI\",\"datePublished\":\"2015-05-08T12:59:48+00:00\",\"mainEntityOfPage\":{\"@id\":\"https:\\\/\\\/fieam.org.br\\\/sesi\\\/maes-de-ginastas-recebem-homenagem-no-sesi\\\/\"},\"wordCount\":392,\"commentCount\":0,\"publisher\":{\"@id\":\"https:\\\/\\\/fieam.org.br\\\/sesi\\\/#organization\"},\"articleSection\":[\"News\"],\"inLanguage\":\"pt-BR\",\"potentialAction\":[{\"@type\":\"CommentAction\",\"name\":\"Comment\",\"target\":[\"https:\\\/\\\/fieam.org.br\\\/sesi\\\/maes-de-ginastas-recebem-homenagem-no-sesi\\\/#respond\"]}]},{\"@type\":\"WebPage\",\"@id\":\"https:\\\/\\\/fieam.org.br\\\/sesi\\\/maes-de-ginastas-recebem-homenagem-no-sesi\\\/\",\"url\":\"https:\\\/\\\/fieam.org.br\\\/sesi\\\/maes-de-ginastas-recebem-homenagem-no-sesi\\\/\",\"name\":\"M\u00e3es de ginastas recebem homenagem no SESI - SESI\",\"isPartOf\":{\"@id\":\"https:\\\/\\\/fieam.org.br\\\/sesi\\\/#website\"},\"datePublished\":\"2015-05-08T12:59:48+00:00\",\"breadcrumb\":{\"@id\":\"https:\\\/\\\/fieam.org.br\\\/sesi\\\/maes-de-ginastas-recebem-homenagem-no-sesi\\\/#breadcrumb\"},\"inLanguage\":\"pt-BR\",\"potentialAction\":[{\"@type\":\"ReadAction\",\"target\":[\"https:\\\/\\\/fieam.org.br\\\/sesi\\\/maes-de-ginastas-recebem-homenagem-no-sesi\\\/\"]}]},{\"@type\":\"BreadcrumbList\",\"@id\":\"https:\\\/\\\/fieam.org.br\\\/sesi\\\/maes-de-ginastas-recebem-homenagem-no-sesi\\\/#breadcrumb\",\"itemListElement\":[{\"@type\":\"ListItem\",\"position\":1,\"name\":\"In\u00edcio\",\"item\":\"https:\\\/\\\/fieam.org.br\\\/sesi\\\/\"},{\"@type\":\"ListItem\",\"position\":2,\"name\":\"M\u00e3es de ginastas recebem homenagem no SESI\"}]},{\"@type\":\"WebSite\",\"@id\":\"https:\\\/\\\/fieam.org.br\\\/sesi\\\/#website\",\"url\":\"https:\\\/\\\/fieam.org.br\\\/sesi\\\/\",\"name\":\"SESI\",\"description\":\"Site Oficial!\",\"publisher\":{\"@id\":\"https:\\\/\\\/fieam.org.br\\\/sesi\\\/#organization\"},\"potentialAction\":[{\"@type\":\"SearchAction\",\"target\":{\"@type\":\"EntryPoint\",\"urlTemplate\":\"https:\\\/\\\/fieam.org.br\\\/sesi\\\/?s={search_term_string}\"},\"query-input\":{\"@type\":\"PropertyValueSpecification\",\"valueRequired\":true,\"valueName\":\"search_term_string\"}}],\"inLanguage\":\"pt-BR\"},{\"@type\":\"Organization\",\"@id\":\"https:\\\/\\\/fieam.org.br\\\/sesi\\\/#organization\",\"name\":\"SESI\",\"url\":\"https:\\\/\\\/fieam.org.br\\\/sesi\\\/\",\"logo\":{\"@type\":\"ImageObject\",\"inLanguage\":\"pt-BR\",\"@id\":\"https:\\\/\\\/fieam.org.br\\\/sesi\\\/#\\\/schema\\\/logo\\\/image\\\/\",\"url\":\"https:\\\/\\\/fieam.org.br\\\/sesi\\\/wp-content\\\/uploads\\\/sites\\\/14\\\/2024\\\/03\\\/cropped-fav.png\",\"contentUrl\":\"https:\\\/\\\/fieam.org.br\\\/sesi\\\/wp-content\\\/uploads\\\/sites\\\/14\\\/2024\\\/03\\\/cropped-fav.png\",\"width\":610,\"height\":589,\"caption\":\"SESI\"},\"image\":{\"@id\":\"https:\\\/\\\/fieam.org.br\\\/sesi\\\/#\\\/schema\\\/logo\\\/image\\\/\"}},{\"@type\":\"Person\",\"@id\":\"https:\\\/\\\/fieam.org.br\\\/sesi\\\/#\\\/schema\\\/person\\\/f54998dd14d5f0695b41444f2b01c31e\",\"name\":\"Autor\",\"image\":{\"@type\":\"ImageObject\",\"inLanguage\":\"pt-BR\",\"@id\":\"https:\\\/\\\/secure.gravatar.com\\\/avatar\\\/3732c223e0e1fad69062a8f770955c9068d37b055204f310a0be18d4069fe380?s=96&d=mm&r=g\",\"url\":\"https:\\\/\\\/secure.gravatar.com\\\/avatar\\\/3732c223e0e1fad69062a8f770955c9068d37b055204f310a0be18d4069fe380?s=96&d=mm&r=g\",\"contentUrl\":\"https:\\\/\\\/secure.gravatar.com\\\/avatar\\\/3732c223e0e1fad69062a8f770955c9068d37b055204f310a0be18d4069fe380?s=96&d=mm&r=g\",\"caption\":\"Autor\"},\"sameAs\":[\"https:\\\/\\\/marketingmassivo.com.br\"],\"url\":\"https:\\\/\\\/fieam.org.br\\\/sesi\\\/author\\\/admin\\\/\"}]}<\/script>\n<!-- \/ Yoast SEO plugin. -->","yoast_head_json":{"title":"M\u00e3es de ginastas recebem homenagem no SESI - SESI","robots":{"index":"index","follow":"follow","max-snippet":"max-snippet:-1","max-image-preview":"max-image-preview:large","max-video-preview":"max-video-preview:-1"},"canonical":"https:\/\/fieam.org.br\/sesi\/maes-de-ginastas-recebem-homenagem-no-sesi\/","og_locale":"pt_BR","og_type":"article","og_title":"M\u00e3es de ginastas recebem homenagem no SESI - SESI","og_description":"&nbsp; O SESI Amazonas\u00a0prestou homenagem antecipada, na quarta-feira (6), \u00e0s m\u00e3es das alunas do Programa Gin\u00e1stica R\u00edtmica do projeto SESI Atleta do Futuro (SAF), na arena do Clube do Trabalhador do SESI. As m\u00e3es foram agraciadas com apresenta\u00e7\u00e3o de dan\u00e7as e entrega de medalhas. As alunas demonstraram habilidades adquiridas no projeto como exerc\u00edcios de elasticidade, [&hellip;]","og_url":"https:\/\/fieam.org.br\/sesi\/maes-de-ginastas-recebem-homenagem-no-sesi\/","og_site_name":"SESI","article_published_time":"2015-05-08T12:59:48+00:00","author":"Autor","twitter_card":"summary_large_image","twitter_misc":{"Escrito por":"Autor","Est. tempo de leitura":"2 minutos"},"schema":{"@context":"https:\/\/schema.org","@graph":[{"@type":"Article","@id":"https:\/\/fieam.org.br\/sesi\/maes-de-ginastas-recebem-homenagem-no-sesi\/#article","isPartOf":{"@id":"https:\/\/fieam.org.br\/sesi\/maes-de-ginastas-recebem-homenagem-no-sesi\/"},"author":{"name":"Autor","@id":"https:\/\/fieam.org.br\/sesi\/#\/schema\/person\/f54998dd14d5f0695b41444f2b01c31e"},"headline":"M\u00e3es de ginastas recebem homenagem no SESI","datePublished":"2015-05-08T12:59:48+00:00","mainEntityOfPage":{"@id":"https:\/\/fieam.org.br\/sesi\/maes-de-ginastas-recebem-homenagem-no-sesi\/"},"wordCount":392,"commentCount":0,"publisher":{"@id":"https:\/\/fieam.org.br\/sesi\/#organization"},"articleSection":["News"],"inLanguage":"pt-BR","potentialAction":[{"@type":"CommentAction","name":"Comment","target":["https:\/\/fieam.org.br\/sesi\/maes-de-ginastas-recebem-homenagem-no-sesi\/#respond"]}]},{"@type":"WebPage","@id":"https:\/\/fieam.org.br\/sesi\/maes-de-ginastas-recebem-homenagem-no-sesi\/","url":"https:\/\/fieam.org.br\/sesi\/maes-de-ginastas-recebem-homenagem-no-sesi\/","name":"M\u00e3es de ginastas recebem homenagem no SESI - SESI","isPartOf":{"@id":"https:\/\/fieam.org.br\/sesi\/#website"},"datePublished":"2015-05-08T12:59:48+00:00","breadcrumb":{"@id":"https:\/\/fieam.org.br\/sesi\/maes-de-ginastas-recebem-homenagem-no-sesi\/#breadcrumb"},"inLanguage":"pt-BR","potentialAction":[{"@type":"ReadAction","target":["https:\/\/fieam.org.br\/sesi\/maes-de-ginastas-recebem-homenagem-no-sesi\/"]}]},{"@type":"BreadcrumbList","@id":"https:\/\/fieam.org.br\/sesi\/maes-de-ginastas-recebem-homenagem-no-sesi\/#breadcrumb","itemListElement":[{"@type":"ListItem","position":1,"name":"In\u00edcio","item":"https:\/\/fieam.org.br\/sesi\/"},{"@type":"ListItem","position":2,"name":"M\u00e3es de ginastas recebem homenagem no SESI"}]},{"@type":"WebSite","@id":"https:\/\/fieam.org.br\/sesi\/#website","url":"https:\/\/fieam.org.br\/sesi\/","name":"SESI","description":"Site Oficial!","publisher":{"@id":"https:\/\/fieam.org.br\/sesi\/#organization"},"potentialAction":[{"@type":"SearchAction","target":{"@type":"EntryPoint","urlTemplate":"https:\/\/fieam.org.br\/sesi\/?s={search_term_string}"},"query-input":{"@type":"PropertyValueSpecification","valueRequired":true,"valueName":"search_term_string"}}],"inLanguage":"pt-BR"},{"@type":"Organization","@id":"https:\/\/fieam.org.br\/sesi\/#organization","name":"SESI","url":"https:\/\/fieam.org.br\/sesi\/","logo":{"@type":"ImageObject","inLanguage":"pt-BR","@id":"https:\/\/fieam.org.br\/sesi\/#\/schema\/logo\/image\/","url":"https:\/\/fieam.org.br\/sesi\/wp-content\/uploads\/sites\/14\/2024\/03\/cropped-fav.png","contentUrl":"https:\/\/fieam.org.br\/sesi\/wp-content\/uploads\/sites\/14\/2024\/03\/cropped-fav.png","width":610,"height":589,"caption":"SESI"},"image":{"@id":"https:\/\/fieam.org.br\/sesi\/#\/schema\/logo\/image\/"}},{"@type":"Person","@id":"https:\/\/fieam.org.br\/sesi\/#\/schema\/person\/f54998dd14d5f0695b41444f2b01c31e","name":"Autor","image":{"@type":"ImageObject","inLanguage":"pt-BR","@id":"https:\/\/secure.gravatar.com\/avatar\/3732c223e0e1fad69062a8f770955c9068d37b055204f310a0be18d4069fe380?s=96&d=mm&r=g","url":"https:\/\/secure.gravatar.com\/avatar\/3732c223e0e1fad69062a8f770955c9068d37b055204f310a0be18d4069fe380?s=96&d=mm&r=g","contentUrl":"https:\/\/secure.gravatar.com\/avatar\/3732c223e0e1fad69062a8f770955c9068d37b055204f310a0be18d4069fe380?s=96&d=mm&r=g","caption":"Autor"},"sameAs":["https:\/\/marketingmassivo.com.br"],"url":"https:\/\/fieam.org.br\/sesi\/author\/admin\/"}]}},"_links":{"self":[{"href":"https:\/\/fieam.org.br\/sesi\/wp-json\/wp\/v2\/posts\/7066","targetHints":{"allow":["GET"]}}],"collection":[{"href":"https:\/\/fieam.org.br\/sesi\/wp-json\/wp\/v2\/posts"}],"about":[{"href":"https:\/\/fieam.org.br\/sesi\/wp-json\/wp\/v2\/types\/post"}],"author":[{"embeddable":true,"href":"https:\/\/fieam.org.br\/sesi\/wp-json\/wp\/v2\/users\/1"}],"replies":[{"embeddable":true,"href":"https:\/\/fieam.org.br\/sesi\/wp-json\/wp\/v2\/comments?post=7066"}],"version-history":[{"count":0,"href":"https:\/\/fieam.org.br\/sesi\/wp-json\/wp\/v2\/posts\/7066\/revisions"}],"wp:attachment":[{"href":"https:\/\/fieam.org.br\/sesi\/wp-json\/wp\/v2\/media?parent=7066"}],"wp:term":[{"taxonomy":"category","embeddable":true,"href":"https:\/\/fieam.org.br\/sesi\/wp-json\/wp\/v2\/categories?post=7066"},{"taxonomy":"post_tag","embeddable":true,"href":"https:\/\/fieam.org.br\/sesi\/wp-json\/wp\/v2\/tags?post=7066"}],"curies":[{"name":"wp","href":"https:\/\/api.w.org\/{rel}","templated":true}]}}