{"id":7057,"date":"2015-05-06T20:29:42","date_gmt":"2015-05-06T20:29:42","guid":{"rendered":"http:\/\/www.fieam.org.br\/site\/sesi\/?p=7057"},"modified":"2015-05-06T20:29:42","modified_gmt":"2015-05-06T20:29:42","slug":"sesi-realiza-acao-global-2015-em-itacoatiara","status":"publish","type":"post","link":"https:\/\/fieam.org.br\/sesi\/sesi-realiza-acao-global-2015-em-itacoatiara\/","title":{"rendered":"SESI realiza A\u00e7\u00e3o Global 2015 em Itacoatiara"},"content":{"rendered":"<p><a href=\"http:\/\/www.fieam.org.br\/site\/sesi\/\" target=\"_blank\" rel=\"noopener\">O Servi\u00e7o Social da Ind\u00fastria (SESI Amazonas)<\/a>\u00a0e a Rede Globo de Televis\u00e3o v\u00e3o realizar no pr\u00f3ximo dia 30, das 8 \u00e0s 17 horas, a 22\u00aa edi\u00e7\u00e3o da A\u00e7\u00e3o Global 2015, em Itacoatiara, com atendimento gratuito em sa\u00fade, educa\u00e7\u00e3o, cultura e esporte. Os servi\u00e7os ser\u00e3o oferecidos no Porto de Itacoatiara, Escola SESI Abrah\u00e3o Sabb\u00e1 e na biblioteca SESI Ind\u00fastria do Conhecimento.<\/p>\n<p>Nos dias 25 a 29 de maio, com o prop\u00f3sito de ampliar os benef\u00edcios \u00e0 popula\u00e7\u00e3o do munic\u00edpio de Itacoatiara, o SESI vai antecipar seus atendimentos com os servi\u00e7os m\u00e9dicos, odontol\u00f3gicos e laboratoriais, com o Navio de Assist\u00eancia Hospitalar Dr. Montenegro, da Marinha, al\u00e9m dos servi\u00e7os de emiss\u00e3o de CPF, RG, CTPS e atendimento do INSS, no Navio Zona Franca Verde do Governo do Estado do Amazonas. Ambos os navios atender\u00e3o das 7h30 \u00e0s 17 horas, no Porto de Itacoatiara.<\/p>\n<p>O estacionamento da Escola SESI Abrah\u00e3o Sabb\u00e1 estar\u00e1 com as atividades de videok\u00ea, apresenta\u00e7\u00e3o de dan\u00e7a, apresenta\u00e7\u00e3o de coral, performance e oficina de dan\u00e7a, oferecidos pela unidade m\u00f3vel Qualidade de Vida do SESI\/AM. O Sebrae atender\u00e1 em sua unidade m\u00f3vel com orienta\u00e7\u00f5es sobre linhas de cr\u00e9ditos, formaliza\u00e7\u00e3o de microempresas, cursos de capacita\u00e7\u00e3o para empres\u00e1rios e futuros empres\u00e1rios. Ambos os servi\u00e7os ser\u00e3o oferecidos no per\u00edodo de 26 a 29 de maio, das 18h30 \u00e0s 20h30.<\/p>\n<p>J\u00e1 a Unidade M\u00f3vel de Odontologia do SESI atender\u00e1 \u00e0 popula\u00e7\u00e3o com exames bucais, profilaxia com aplica\u00e7\u00e3o de fl\u00faor e raspagem de c\u00e1lculo (t\u00e1rtaro), no per\u00edodo de 25 a 30 de maio, das 8h \u00e0s 11h e das 14 \u00e0s 17 horas.<\/p>\n<p>Todos os servi\u00e7os oferecidos em unidades m\u00f3veis ser\u00e3o realizados no estacionamento da Escola SESI Abrah\u00e3o Sabb\u00e1.<\/p>\n<p>Entre as a\u00e7\u00f5es a serem realizadas na A\u00e7\u00e3o Global est\u00e3o inclu\u00eddos Casamento Coletivo, com casais formados no pr\u00f3prio munic\u00edpio de Itacoatiara, no dia 28 de maio, \u00e0s 16 horas, e a abertura da Memorabilia Moys\u00e9s Israel na Universidade Federal do Amazonas no munic\u00edpio.<\/p>\n<p>O SESI conta ainda com o Programa Cozinha Brasil na distribui\u00e7\u00e3o de sopas e orienta\u00e7\u00f5es sobre a import\u00e2ncia de uma alimenta\u00e7\u00e3o saud\u00e1vel, qualidade de vida e benef\u00edcios e nutrientes em sucos naturais no dia 30 de maio, durante todo o dia de A\u00e7\u00e3o Global.<\/p>\n<div>\n<p><b>\u00a0<\/b><\/p>\n<p><b>\u00a0<\/b><\/p>\n<p><b>\u00a0<\/b><\/p>\n<p><b>ATENDIMENTO \u00c0 IMPRENSA<\/b><\/p>\n<p>&nbsp;<\/p>\n<p><b>Diretoria de Comunica\u00e7\u00e3o e Marketing do Sistema FIEAM<\/b><\/p>\n<p>Tel: (92) 3186-6576\u00a0 Fax: (92) 3233-5594<\/p>\n<p>E-mail:\u00a0<a href=\"mailto:imprensa@fieam.org.br\" target=\"_blank\" rel=\"noopener\">imprensa@fieam.org.br<\/a><\/p>\n<p><a href=\"http:\/\/www.fieam.org.br\/\" target=\"_blank\" rel=\"noopener\">http:\/\/www.fieam.org.br<\/a><\/p>\n<p><a href=\"http:\/\/www.facebook.com\/sistemafieam\" target=\"_blank\" rel=\"noopener\">http:\/\/www.facebook.com\/sistemafieam<\/a><\/p>\n<p>Twitter:\u00a0@fieam\u00a0@sesiamazonas\u00a0@senaiamazonas\u00a0@ielamazonas<\/p>\n<p>&nbsp;<\/p>\n<\/div>\n","protected":false},"excerpt":{"rendered":"<p>O Servi\u00e7o Social da Ind\u00fastria (SESI Amazonas)\u00a0e a Rede Globo de Televis\u00e3o v\u00e3o realizar no pr\u00f3ximo dia 30, das 8 \u00e0s 17 horas, a 22\u00aa edi\u00e7\u00e3o da A\u00e7\u00e3o Global 2015, em Itacoatiara, com atendimento gratuito em sa\u00fade, educa\u00e7\u00e3o, cultura e esporte. Os servi\u00e7os ser\u00e3o oferecidos no Porto de Itacoatiara, Escola SESI Abrah\u00e3o Sabb\u00e1 e na [&hellip;]<\/p>\n","protected":false},"author":1,"featured_media":0,"comment_status":"open","ping_status":"open","sticky":false,"template":"","format":"standard","meta":{"footnotes":""},"categories":[25],"tags":[],"class_list":["post-7057","post","type-post","status-publish","format-standard","hentry","category-news"],"yoast_head":"<!-- This site is optimized with the Yoast SEO plugin v26.8 - https:\/\/yoast.com\/product\/yoast-seo-wordpress\/ -->\n<title>SESI realiza A\u00e7\u00e3o Global 2015 em Itacoatiara - SESI<\/title>\n<meta name=\"robots\" content=\"index, follow, max-snippet:-1, max-image-preview:large, max-video-preview:-1\" \/>\n<link rel=\"canonical\" href=\"https:\/\/fieam.org.br\/sesi\/sesi-realiza-acao-global-2015-em-itacoatiara\/\" \/>\n<meta property=\"og:locale\" content=\"pt_BR\" \/>\n<meta property=\"og:type\" content=\"article\" \/>\n<meta property=\"og:title\" content=\"SESI realiza A\u00e7\u00e3o Global 2015 em Itacoatiara - SESI\" \/>\n<meta property=\"og:description\" content=\"O Servi\u00e7o Social da Ind\u00fastria (SESI Amazonas)\u00a0e a Rede Globo de Televis\u00e3o v\u00e3o realizar no pr\u00f3ximo dia 30, das 8 \u00e0s 17 horas, a 22\u00aa edi\u00e7\u00e3o da A\u00e7\u00e3o Global 2015, em Itacoatiara, com atendimento gratuito em sa\u00fade, educa\u00e7\u00e3o, cultura e esporte. Os servi\u00e7os ser\u00e3o oferecidos no Porto de Itacoatiara, Escola SESI Abrah\u00e3o Sabb\u00e1 e na [&hellip;]\" \/>\n<meta property=\"og:url\" content=\"https:\/\/fieam.org.br\/sesi\/sesi-realiza-acao-global-2015-em-itacoatiara\/\" \/>\n<meta property=\"og:site_name\" content=\"SESI\" \/>\n<meta property=\"article:published_time\" content=\"2015-05-06T20:29:42+00:00\" \/>\n<meta name=\"author\" content=\"Autor\" \/>\n<meta name=\"twitter:card\" content=\"summary_large_image\" \/>\n<meta name=\"twitter:label1\" content=\"Escrito por\" \/>\n\t<meta name=\"twitter:data1\" content=\"Autor\" \/>\n\t<meta name=\"twitter:label2\" content=\"Est. tempo de leitura\" \/>\n\t<meta name=\"twitter:data2\" content=\"2 minutos\" \/>\n<script type=\"application\/ld+json\" class=\"yoast-schema-graph\">{\"@context\":\"https:\/\/schema.org\",\"@graph\":[{\"@type\":\"Article\",\"@id\":\"https:\/\/fieam.org.br\/sesi\/sesi-realiza-acao-global-2015-em-itacoatiara\/#article\",\"isPartOf\":{\"@id\":\"https:\/\/fieam.org.br\/sesi\/sesi-realiza-acao-global-2015-em-itacoatiara\/\"},\"author\":{\"name\":\"Autor\",\"@id\":\"https:\/\/fieam.org.br\/sesi\/#\/schema\/person\/c1ceda8321521b291cee22da0a7d34be\"},\"headline\":\"SESI realiza A\u00e7\u00e3o Global 2015 em Itacoatiara\",\"datePublished\":\"2015-05-06T20:29:42+00:00\",\"mainEntityOfPage\":{\"@id\":\"https:\/\/fieam.org.br\/sesi\/sesi-realiza-acao-global-2015-em-itacoatiara\/\"},\"wordCount\":453,\"commentCount\":0,\"publisher\":{\"@id\":\"https:\/\/fieam.org.br\/sesi\/#organization\"},\"articleSection\":[\"News\"],\"inLanguage\":\"pt-BR\",\"potentialAction\":[{\"@type\":\"CommentAction\",\"name\":\"Comment\",\"target\":[\"https:\/\/fieam.org.br\/sesi\/sesi-realiza-acao-global-2015-em-itacoatiara\/#respond\"]}]},{\"@type\":\"WebPage\",\"@id\":\"https:\/\/fieam.org.br\/sesi\/sesi-realiza-acao-global-2015-em-itacoatiara\/\",\"url\":\"https:\/\/fieam.org.br\/sesi\/sesi-realiza-acao-global-2015-em-itacoatiara\/\",\"name\":\"SESI realiza A\u00e7\u00e3o Global 2015 em Itacoatiara - SESI\",\"isPartOf\":{\"@id\":\"https:\/\/fieam.org.br\/sesi\/#website\"},\"datePublished\":\"2015-05-06T20:29:42+00:00\",\"breadcrumb\":{\"@id\":\"https:\/\/fieam.org.br\/sesi\/sesi-realiza-acao-global-2015-em-itacoatiara\/#breadcrumb\"},\"inLanguage\":\"pt-BR\",\"potentialAction\":[{\"@type\":\"ReadAction\",\"target\":[\"https:\/\/fieam.org.br\/sesi\/sesi-realiza-acao-global-2015-em-itacoatiara\/\"]}]},{\"@type\":\"BreadcrumbList\",\"@id\":\"https:\/\/fieam.org.br\/sesi\/sesi-realiza-acao-global-2015-em-itacoatiara\/#breadcrumb\",\"itemListElement\":[{\"@type\":\"ListItem\",\"position\":1,\"name\":\"In\u00edcio\",\"item\":\"https:\/\/fieam.org.br\/sesi\/\"},{\"@type\":\"ListItem\",\"position\":2,\"name\":\"SESI realiza A\u00e7\u00e3o Global 2015 em Itacoatiara\"}]},{\"@type\":\"WebSite\",\"@id\":\"https:\/\/fieam.org.br\/sesi\/#website\",\"url\":\"https:\/\/fieam.org.br\/sesi\/\",\"name\":\"SESI\",\"description\":\"Site Oficial!\",\"publisher\":{\"@id\":\"https:\/\/fieam.org.br\/sesi\/#organization\"},\"potentialAction\":[{\"@type\":\"SearchAction\",\"target\":{\"@type\":\"EntryPoint\",\"urlTemplate\":\"https:\/\/fieam.org.br\/sesi\/?s={search_term_string}\"},\"query-input\":{\"@type\":\"PropertyValueSpecification\",\"valueRequired\":true,\"valueName\":\"search_term_string\"}}],\"inLanguage\":\"pt-BR\"},{\"@type\":\"Organization\",\"@id\":\"https:\/\/fieam.org.br\/sesi\/#organization\",\"name\":\"SESI\",\"url\":\"https:\/\/fieam.org.br\/sesi\/\",\"logo\":{\"@type\":\"ImageObject\",\"inLanguage\":\"pt-BR\",\"@id\":\"https:\/\/fieam.org.br\/sesi\/#\/schema\/logo\/image\/\",\"url\":\"https:\/\/fieam.org.br\/sesi\/wp-content\/uploads\/sites\/14\/2024\/03\/cropped-fav.png\",\"contentUrl\":\"https:\/\/fieam.org.br\/sesi\/wp-content\/uploads\/sites\/14\/2024\/03\/cropped-fav.png\",\"width\":610,\"height\":589,\"caption\":\"SESI\"},\"image\":{\"@id\":\"https:\/\/fieam.org.br\/sesi\/#\/schema\/logo\/image\/\"}},{\"@type\":\"Person\",\"@id\":\"https:\/\/fieam.org.br\/sesi\/#\/schema\/person\/c1ceda8321521b291cee22da0a7d34be\",\"name\":\"Autor\",\"image\":{\"@type\":\"ImageObject\",\"inLanguage\":\"pt-BR\",\"@id\":\"https:\/\/fieam.org.br\/sesi\/#\/schema\/person\/image\/\",\"url\":\"https:\/\/secure.gravatar.com\/avatar\/3732c223e0e1fad69062a8f770955c9068d37b055204f310a0be18d4069fe380?s=96&d=mm&r=g\",\"contentUrl\":\"https:\/\/secure.gravatar.com\/avatar\/3732c223e0e1fad69062a8f770955c9068d37b055204f310a0be18d4069fe380?s=96&d=mm&r=g\",\"caption\":\"Autor\"},\"sameAs\":[\"https:\/\/marketingmassivo.com.br\"],\"url\":\"https:\/\/fieam.org.br\/sesi\/author\/admin\/\"}]}<\/script>\n<!-- \/ Yoast SEO plugin. -->","yoast_head_json":{"title":"SESI realiza A\u00e7\u00e3o Global 2015 em Itacoatiara - SESI","robots":{"index":"index","follow":"follow","max-snippet":"max-snippet:-1","max-image-preview":"max-image-preview:large","max-video-preview":"max-video-preview:-1"},"canonical":"https:\/\/fieam.org.br\/sesi\/sesi-realiza-acao-global-2015-em-itacoatiara\/","og_locale":"pt_BR","og_type":"article","og_title":"SESI realiza A\u00e7\u00e3o Global 2015 em Itacoatiara - SESI","og_description":"O Servi\u00e7o Social da Ind\u00fastria (SESI Amazonas)\u00a0e a Rede Globo de Televis\u00e3o v\u00e3o realizar no pr\u00f3ximo dia 30, das 8 \u00e0s 17 horas, a 22\u00aa edi\u00e7\u00e3o da A\u00e7\u00e3o Global 2015, em Itacoatiara, com atendimento gratuito em sa\u00fade, educa\u00e7\u00e3o, cultura e esporte. Os servi\u00e7os ser\u00e3o oferecidos no Porto de Itacoatiara, Escola SESI Abrah\u00e3o Sabb\u00e1 e na [&hellip;]","og_url":"https:\/\/fieam.org.br\/sesi\/sesi-realiza-acao-global-2015-em-itacoatiara\/","og_site_name":"SESI","article_published_time":"2015-05-06T20:29:42+00:00","author":"Autor","twitter_card":"summary_large_image","twitter_misc":{"Escrito por":"Autor","Est. tempo de leitura":"2 minutos"},"schema":{"@context":"https:\/\/schema.org","@graph":[{"@type":"Article","@id":"https:\/\/fieam.org.br\/sesi\/sesi-realiza-acao-global-2015-em-itacoatiara\/#article","isPartOf":{"@id":"https:\/\/fieam.org.br\/sesi\/sesi-realiza-acao-global-2015-em-itacoatiara\/"},"author":{"name":"Autor","@id":"https:\/\/fieam.org.br\/sesi\/#\/schema\/person\/c1ceda8321521b291cee22da0a7d34be"},"headline":"SESI realiza A\u00e7\u00e3o Global 2015 em Itacoatiara","datePublished":"2015-05-06T20:29:42+00:00","mainEntityOfPage":{"@id":"https:\/\/fieam.org.br\/sesi\/sesi-realiza-acao-global-2015-em-itacoatiara\/"},"wordCount":453,"commentCount":0,"publisher":{"@id":"https:\/\/fieam.org.br\/sesi\/#organization"},"articleSection":["News"],"inLanguage":"pt-BR","potentialAction":[{"@type":"CommentAction","name":"Comment","target":["https:\/\/fieam.org.br\/sesi\/sesi-realiza-acao-global-2015-em-itacoatiara\/#respond"]}]},{"@type":"WebPage","@id":"https:\/\/fieam.org.br\/sesi\/sesi-realiza-acao-global-2015-em-itacoatiara\/","url":"https:\/\/fieam.org.br\/sesi\/sesi-realiza-acao-global-2015-em-itacoatiara\/","name":"SESI realiza A\u00e7\u00e3o Global 2015 em Itacoatiara - SESI","isPartOf":{"@id":"https:\/\/fieam.org.br\/sesi\/#website"},"datePublished":"2015-05-06T20:29:42+00:00","breadcrumb":{"@id":"https:\/\/fieam.org.br\/sesi\/sesi-realiza-acao-global-2015-em-itacoatiara\/#breadcrumb"},"inLanguage":"pt-BR","potentialAction":[{"@type":"ReadAction","target":["https:\/\/fieam.org.br\/sesi\/sesi-realiza-acao-global-2015-em-itacoatiara\/"]}]},{"@type":"BreadcrumbList","@id":"https:\/\/fieam.org.br\/sesi\/sesi-realiza-acao-global-2015-em-itacoatiara\/#breadcrumb","itemListElement":[{"@type":"ListItem","position":1,"name":"In\u00edcio","item":"https:\/\/fieam.org.br\/sesi\/"},{"@type":"ListItem","position":2,"name":"SESI realiza A\u00e7\u00e3o Global 2015 em Itacoatiara"}]},{"@type":"WebSite","@id":"https:\/\/fieam.org.br\/sesi\/#website","url":"https:\/\/fieam.org.br\/sesi\/","name":"SESI","description":"Site Oficial!","publisher":{"@id":"https:\/\/fieam.org.br\/sesi\/#organization"},"potentialAction":[{"@type":"SearchAction","target":{"@type":"EntryPoint","urlTemplate":"https:\/\/fieam.org.br\/sesi\/?s={search_term_string}"},"query-input":{"@type":"PropertyValueSpecification","valueRequired":true,"valueName":"search_term_string"}}],"inLanguage":"pt-BR"},{"@type":"Organization","@id":"https:\/\/fieam.org.br\/sesi\/#organization","name":"SESI","url":"https:\/\/fieam.org.br\/sesi\/","logo":{"@type":"ImageObject","inLanguage":"pt-BR","@id":"https:\/\/fieam.org.br\/sesi\/#\/schema\/logo\/image\/","url":"https:\/\/fieam.org.br\/sesi\/wp-content\/uploads\/sites\/14\/2024\/03\/cropped-fav.png","contentUrl":"https:\/\/fieam.org.br\/sesi\/wp-content\/uploads\/sites\/14\/2024\/03\/cropped-fav.png","width":610,"height":589,"caption":"SESI"},"image":{"@id":"https:\/\/fieam.org.br\/sesi\/#\/schema\/logo\/image\/"}},{"@type":"Person","@id":"https:\/\/fieam.org.br\/sesi\/#\/schema\/person\/c1ceda8321521b291cee22da0a7d34be","name":"Autor","image":{"@type":"ImageObject","inLanguage":"pt-BR","@id":"https:\/\/fieam.org.br\/sesi\/#\/schema\/person\/image\/","url":"https:\/\/secure.gravatar.com\/avatar\/3732c223e0e1fad69062a8f770955c9068d37b055204f310a0be18d4069fe380?s=96&d=mm&r=g","contentUrl":"https:\/\/secure.gravatar.com\/avatar\/3732c223e0e1fad69062a8f770955c9068d37b055204f310a0be18d4069fe380?s=96&d=mm&r=g","caption":"Autor"},"sameAs":["https:\/\/marketingmassivo.com.br"],"url":"https:\/\/fieam.org.br\/sesi\/author\/admin\/"}]}},"_links":{"self":[{"href":"https:\/\/fieam.org.br\/sesi\/wp-json\/wp\/v2\/posts\/7057","targetHints":{"allow":["GET"]}}],"collection":[{"href":"https:\/\/fieam.org.br\/sesi\/wp-json\/wp\/v2\/posts"}],"about":[{"href":"https:\/\/fieam.org.br\/sesi\/wp-json\/wp\/v2\/types\/post"}],"author":[{"embeddable":true,"href":"https:\/\/fieam.org.br\/sesi\/wp-json\/wp\/v2\/users\/1"}],"replies":[{"embeddable":true,"href":"https:\/\/fieam.org.br\/sesi\/wp-json\/wp\/v2\/comments?post=7057"}],"version-history":[{"count":0,"href":"https:\/\/fieam.org.br\/sesi\/wp-json\/wp\/v2\/posts\/7057\/revisions"}],"wp:attachment":[{"href":"https:\/\/fieam.org.br\/sesi\/wp-json\/wp\/v2\/media?parent=7057"}],"wp:term":[{"taxonomy":"category","embeddable":true,"href":"https:\/\/fieam.org.br\/sesi\/wp-json\/wp\/v2\/categories?post=7057"},{"taxonomy":"post_tag","embeddable":true,"href":"https:\/\/fieam.org.br\/sesi\/wp-json\/wp\/v2\/tags?post=7057"}],"curies":[{"name":"wp","href":"https:\/\/api.w.org\/{rel}","templated":true}]}}