{"id":7011,"date":"2015-04-28T16:15:02","date_gmt":"2015-04-28T16:15:02","guid":{"rendered":"http:\/\/www.fieam.org.br\/site\/sesi\/?p=7011"},"modified":"2015-04-28T16:15:02","modified_gmt":"2015-04-28T16:15:02","slug":"sarau-literario-do-sesi-homenageia-monteiro-lobato","status":"publish","type":"post","link":"https:\/\/fieam.org.br\/sesi\/sarau-literario-do-sesi-homenageia-monteiro-lobato\/","title":{"rendered":"Sarau Liter\u00e1rio do SESI homenageia Monteiro Lobato"},"content":{"rendered":"<figure id=\"attachment_7012\" aria-describedby=\"caption-attachment-7012\" style=\"width: 300px\" class=\"wp-caption alignleft\"><a href=\"http:\/\/www.fieam.org.br\/site\/sesi\/sarau-literario-do-sesi-homenageia-monteiro-lobato\/alunos-do-3-ano-do-fundamental-com-educadores\/\" rel=\"attachment wp-att-7012\"><img fetchpriority=\"high\" decoding=\"async\" class=\"size-medium wp-image-7012\" alt=\"Alunos do 3\u00b0 ano do fundamental com educadores ,\" src=\"http:\/\/www.fieam.org.br\/2015\/sesi\/wp-content\/uploads\/sites\/2\/2015\/04\/Alunos-do-3\u00b0-ano-do-fundamental-com-educadores--300x200.jpg\" width=\"300\" height=\"200\" srcset=\"https:\/\/fieam.org.br\/sesi\/wp-content\/uploads\/sites\/14\/2015\/04\/Alunos-do-3\u00b0-ano-do-fundamental-com-educadores--300x200.jpg 300w, https:\/\/fieam.org.br\/sesi\/wp-content\/uploads\/sites\/14\/2015\/04\/Alunos-do-3\u00b0-ano-do-fundamental-com-educadores--768x512.jpg 768w, https:\/\/fieam.org.br\/sesi\/wp-content\/uploads\/sites\/14\/2015\/04\/Alunos-do-3\u00b0-ano-do-fundamental-com-educadores-.jpg 1024w\" sizes=\"(max-width: 300px) 100vw, 300px\" \/><\/a><figcaption id=\"caption-attachment-7012\" class=\"wp-caption-text\">Alunos do 3\u00b0 ano do fundamental com educadores ,<\/figcaption><\/figure>\n<p>O escritor Monteiro Lobato foi o homenageado do 1\u00ba Sarau Liter\u00e1rio, realizado na quinta (23) e sexta-feira (24), pelos alunos e professores do\u00a0<a href=\"http:\/\/www.fieam.org.br\/site\/sesi\/\" target=\"_blank\" rel=\"noopener\">Servi\u00e7o Social da Ind\u00fastria (SESI Amazonas)<\/a>, no Sal\u00e3o de Eventos do Clube do Trabalhador. O dia nacional do livro infantil, comemorado em 18 de abril, tamb\u00e9m foi o tema do evento.<\/p>\n<p>Durante as atividades, alunos do 1\u00b0 ao 9\u00b0 ano do ensino fundamental, da Escola SESI Dra. Emina Barbosa Mustafa, apresentaram m\u00fasicas, pesquisas, declamaram poemas e par\u00f3dias.<\/p>\n<p>Segundo a pedagoga e uma das coordenadoras do evento, Ivoneide Freire, o objetivo \u00e9 incentivar e resgatar a literatura infantil por meio do h\u00e1bito da leitura. O evento contou, ainda, com a participa\u00e7\u00e3o da escritora amazonense Ana Peixoto, autora da s\u00e9rie infanto-juvenil \u201cCoisas da Ana: Sapos no quintal, Os animais do meu quintal e As frutas do meu quintal\u201d<\/p>\n<p>O primeiro encontro liter\u00e1rio contou tamb\u00e9m com a presen\u00e7a dos pais dos alunos, como Dirceli Barros, banc\u00e1ria,\u00a0m\u00e3e de Maria Eduarda,\u00a0que aprovou a iniciativa do SESI. \u201cO incentivo \u00e0 leitura traz benef\u00edcios para o desenvolvimento cultural e social das crian\u00e7as\u201d, disse.<\/p>\n<p>Maria Eduarda, de oito anos, aluna do 3\u00b0 ano do Ensino Fundamental 1, representou Em\u00edlia, a personagem da obra mais conhecida de Monteiro Lobato, S\u00edtio do Pica-Pau Amarelo. Ela revelou que os textos do escritor fazem parte de sua leitura di\u00e1ria. \u00a0<i>\u201c\u00c9 muito importante a obra de Monteiro Lobato. As historias s\u00e3o lindas e criativas. Todos os dias eu leio e aprendo muito. Hoje pude me vestir de Em\u00edlia e viver o encanto da literatura\u201d, relatou.<\/i><\/p>\n<p>A reuni\u00e3o liter\u00e1ria apresentou stands com hist\u00f3rias em quadrinhos e textos em ingl\u00eas, redigidos pelos pr\u00f3prios alunos, al\u00e9m de poesias do amazonense Thiago de Melo e textos da escritora Clarice Lispector. Temas da atualidade, como o Bullying e Alzheimer, tamb\u00e9m apareceram em forma de poemas e\u00a0<em>rap<\/em>. A professora Ros\u00e2ngela Vieira, respons\u00e1vel por um dos trabalhos apresentados, acredita que a valoriza\u00e7\u00e3o dos poetas e escritores infantis nacionais e amazonenses, bem como a express\u00e3o de temas atuais por meio da poesia, traz, para os alunos do SESI, a import\u00e2ncia do reconhecimento da leitura.<\/p>\n<p>[nggallery id=289]<\/p>\n<p><b>\u00a0\u00a0\u00a0\u00a0\u00a0\u00a0\u00a0\u00a0\u00a0\u00a0\u00a0 ATENDIMENTO \u00c0 IMPRENSA<\/b><\/p>\n<p>&nbsp;<\/p>\n<p><b>Diretoria de Comunica\u00e7\u00e3o e Marketing do Sistema FIEAM<\/b><\/p>\n<p>Tel: (92) 3186-6576\u00a0 Fax: (92) 3186-6579<\/p>\n<p>E-mail:\u00a0<a href=\"mailto:imprensa@fieam.org.br\" target=\"_blank\" rel=\"noopener\">imprensa@fieam.org.br<\/a><\/p>\n<p><a href=\"http:\/\/www.fieam.org.br\/\" target=\"_blank\" rel=\"noopener\">http:\/\/www.fieam.org.br<\/a><\/p>\n<p><a href=\"http:\/\/www.facebook.com\/sistemafieam\" target=\"_blank\" rel=\"noopener\">http:\/\/www.facebook.com\/sistemafieam<\/a><\/p>\n<p>Twitter:\u00a0@fieam\u00a0@sesiamazonas\u00a0@senaiamazonas\u00a0@ielamazonas<\/p>\n<p>&nbsp;<\/p>\n","protected":false},"excerpt":{"rendered":"<p>O escritor Monteiro Lobato foi o homenageado do 1\u00ba Sarau Liter\u00e1rio, realizado na quinta (23) e sexta-feira (24), pelos alunos e professores do\u00a0Servi\u00e7o Social da Ind\u00fastria (SESI Amazonas), no Sal\u00e3o de Eventos do Clube do Trabalhador. O dia nacional do livro infantil, comemorado em 18 de abril, tamb\u00e9m foi o tema do evento. Durante as [&hellip;]<\/p>\n","protected":false},"author":1,"featured_media":0,"comment_status":"open","ping_status":"open","sticky":false,"template":"","format":"standard","meta":{"footnotes":""},"categories":[25],"tags":[],"class_list":["post-7011","post","type-post","status-publish","format-standard","hentry","category-news"],"yoast_head":"<!-- This site is optimized with the Yoast SEO plugin v26.8 - https:\/\/yoast.com\/product\/yoast-seo-wordpress\/ -->\n<title>Sarau Liter\u00e1rio do SESI homenageia Monteiro Lobato - SESI<\/title>\n<meta name=\"robots\" content=\"index, follow, max-snippet:-1, max-image-preview:large, max-video-preview:-1\" \/>\n<link rel=\"canonical\" href=\"https:\/\/fieam.org.br\/sesi\/sarau-literario-do-sesi-homenageia-monteiro-lobato\/\" \/>\n<meta property=\"og:locale\" content=\"pt_BR\" \/>\n<meta property=\"og:type\" content=\"article\" \/>\n<meta property=\"og:title\" content=\"Sarau Liter\u00e1rio do SESI homenageia Monteiro Lobato - SESI\" \/>\n<meta property=\"og:description\" content=\"O escritor Monteiro Lobato foi o homenageado do 1\u00ba Sarau Liter\u00e1rio, realizado na quinta (23) e sexta-feira (24), pelos alunos e professores do\u00a0Servi\u00e7o Social da Ind\u00fastria (SESI Amazonas), no Sal\u00e3o de Eventos do Clube do Trabalhador. O dia nacional do livro infantil, comemorado em 18 de abril, tamb\u00e9m foi o tema do evento. Durante as [&hellip;]\" \/>\n<meta property=\"og:url\" content=\"https:\/\/fieam.org.br\/sesi\/sarau-literario-do-sesi-homenageia-monteiro-lobato\/\" \/>\n<meta property=\"og:site_name\" content=\"SESI\" \/>\n<meta property=\"article:published_time\" content=\"2015-04-28T16:15:02+00:00\" \/>\n<meta name=\"author\" content=\"Autor\" \/>\n<meta name=\"twitter:card\" content=\"summary_large_image\" \/>\n<meta name=\"twitter:label1\" content=\"Escrito por\" \/>\n\t<meta name=\"twitter:data1\" content=\"Autor\" \/>\n\t<meta name=\"twitter:label2\" content=\"Est. tempo de leitura\" \/>\n\t<meta name=\"twitter:data2\" content=\"2 minutos\" \/>\n<script type=\"application\/ld+json\" class=\"yoast-schema-graph\">{\"@context\":\"https:\/\/schema.org\",\"@graph\":[{\"@type\":\"Article\",\"@id\":\"https:\/\/fieam.org.br\/sesi\/sarau-literario-do-sesi-homenageia-monteiro-lobato\/#article\",\"isPartOf\":{\"@id\":\"https:\/\/fieam.org.br\/sesi\/sarau-literario-do-sesi-homenageia-monteiro-lobato\/\"},\"author\":{\"name\":\"Autor\",\"@id\":\"https:\/\/fieam.org.br\/sesi\/#\/schema\/person\/c1ceda8321521b291cee22da0a7d34be\"},\"headline\":\"Sarau Liter\u00e1rio do SESI homenageia Monteiro Lobato\",\"datePublished\":\"2015-04-28T16:15:02+00:00\",\"mainEntityOfPage\":{\"@id\":\"https:\/\/fieam.org.br\/sesi\/sarau-literario-do-sesi-homenageia-monteiro-lobato\/\"},\"wordCount\":433,\"commentCount\":0,\"publisher\":{\"@id\":\"https:\/\/fieam.org.br\/sesi\/#organization\"},\"articleSection\":[\"News\"],\"inLanguage\":\"pt-BR\",\"potentialAction\":[{\"@type\":\"CommentAction\",\"name\":\"Comment\",\"target\":[\"https:\/\/fieam.org.br\/sesi\/sarau-literario-do-sesi-homenageia-monteiro-lobato\/#respond\"]}]},{\"@type\":\"WebPage\",\"@id\":\"https:\/\/fieam.org.br\/sesi\/sarau-literario-do-sesi-homenageia-monteiro-lobato\/\",\"url\":\"https:\/\/fieam.org.br\/sesi\/sarau-literario-do-sesi-homenageia-monteiro-lobato\/\",\"name\":\"Sarau Liter\u00e1rio do SESI homenageia Monteiro Lobato - SESI\",\"isPartOf\":{\"@id\":\"https:\/\/fieam.org.br\/sesi\/#website\"},\"datePublished\":\"2015-04-28T16:15:02+00:00\",\"breadcrumb\":{\"@id\":\"https:\/\/fieam.org.br\/sesi\/sarau-literario-do-sesi-homenageia-monteiro-lobato\/#breadcrumb\"},\"inLanguage\":\"pt-BR\",\"potentialAction\":[{\"@type\":\"ReadAction\",\"target\":[\"https:\/\/fieam.org.br\/sesi\/sarau-literario-do-sesi-homenageia-monteiro-lobato\/\"]}]},{\"@type\":\"BreadcrumbList\",\"@id\":\"https:\/\/fieam.org.br\/sesi\/sarau-literario-do-sesi-homenageia-monteiro-lobato\/#breadcrumb\",\"itemListElement\":[{\"@type\":\"ListItem\",\"position\":1,\"name\":\"In\u00edcio\",\"item\":\"https:\/\/fieam.org.br\/sesi\/\"},{\"@type\":\"ListItem\",\"position\":2,\"name\":\"Sarau Liter\u00e1rio do SESI homenageia Monteiro Lobato\"}]},{\"@type\":\"WebSite\",\"@id\":\"https:\/\/fieam.org.br\/sesi\/#website\",\"url\":\"https:\/\/fieam.org.br\/sesi\/\",\"name\":\"SESI\",\"description\":\"Site Oficial!\",\"publisher\":{\"@id\":\"https:\/\/fieam.org.br\/sesi\/#organization\"},\"potentialAction\":[{\"@type\":\"SearchAction\",\"target\":{\"@type\":\"EntryPoint\",\"urlTemplate\":\"https:\/\/fieam.org.br\/sesi\/?s={search_term_string}\"},\"query-input\":{\"@type\":\"PropertyValueSpecification\",\"valueRequired\":true,\"valueName\":\"search_term_string\"}}],\"inLanguage\":\"pt-BR\"},{\"@type\":\"Organization\",\"@id\":\"https:\/\/fieam.org.br\/sesi\/#organization\",\"name\":\"SESI\",\"url\":\"https:\/\/fieam.org.br\/sesi\/\",\"logo\":{\"@type\":\"ImageObject\",\"inLanguage\":\"pt-BR\",\"@id\":\"https:\/\/fieam.org.br\/sesi\/#\/schema\/logo\/image\/\",\"url\":\"https:\/\/fieam.org.br\/sesi\/wp-content\/uploads\/sites\/14\/2024\/03\/cropped-fav.png\",\"contentUrl\":\"https:\/\/fieam.org.br\/sesi\/wp-content\/uploads\/sites\/14\/2024\/03\/cropped-fav.png\",\"width\":610,\"height\":589,\"caption\":\"SESI\"},\"image\":{\"@id\":\"https:\/\/fieam.org.br\/sesi\/#\/schema\/logo\/image\/\"}},{\"@type\":\"Person\",\"@id\":\"https:\/\/fieam.org.br\/sesi\/#\/schema\/person\/c1ceda8321521b291cee22da0a7d34be\",\"name\":\"Autor\",\"image\":{\"@type\":\"ImageObject\",\"inLanguage\":\"pt-BR\",\"@id\":\"https:\/\/fieam.org.br\/sesi\/#\/schema\/person\/image\/\",\"url\":\"https:\/\/secure.gravatar.com\/avatar\/3732c223e0e1fad69062a8f770955c9068d37b055204f310a0be18d4069fe380?s=96&d=mm&r=g\",\"contentUrl\":\"https:\/\/secure.gravatar.com\/avatar\/3732c223e0e1fad69062a8f770955c9068d37b055204f310a0be18d4069fe380?s=96&d=mm&r=g\",\"caption\":\"Autor\"},\"sameAs\":[\"https:\/\/marketingmassivo.com.br\"],\"url\":\"https:\/\/fieam.org.br\/sesi\/author\/admin\/\"}]}<\/script>\n<!-- \/ Yoast SEO plugin. -->","yoast_head_json":{"title":"Sarau Liter\u00e1rio do SESI homenageia Monteiro Lobato - SESI","robots":{"index":"index","follow":"follow","max-snippet":"max-snippet:-1","max-image-preview":"max-image-preview:large","max-video-preview":"max-video-preview:-1"},"canonical":"https:\/\/fieam.org.br\/sesi\/sarau-literario-do-sesi-homenageia-monteiro-lobato\/","og_locale":"pt_BR","og_type":"article","og_title":"Sarau Liter\u00e1rio do SESI homenageia Monteiro Lobato - SESI","og_description":"O escritor Monteiro Lobato foi o homenageado do 1\u00ba Sarau Liter\u00e1rio, realizado na quinta (23) e sexta-feira (24), pelos alunos e professores do\u00a0Servi\u00e7o Social da Ind\u00fastria (SESI Amazonas), no Sal\u00e3o de Eventos do Clube do Trabalhador. O dia nacional do livro infantil, comemorado em 18 de abril, tamb\u00e9m foi o tema do evento. Durante as [&hellip;]","og_url":"https:\/\/fieam.org.br\/sesi\/sarau-literario-do-sesi-homenageia-monteiro-lobato\/","og_site_name":"SESI","article_published_time":"2015-04-28T16:15:02+00:00","author":"Autor","twitter_card":"summary_large_image","twitter_misc":{"Escrito por":"Autor","Est. tempo de leitura":"2 minutos"},"schema":{"@context":"https:\/\/schema.org","@graph":[{"@type":"Article","@id":"https:\/\/fieam.org.br\/sesi\/sarau-literario-do-sesi-homenageia-monteiro-lobato\/#article","isPartOf":{"@id":"https:\/\/fieam.org.br\/sesi\/sarau-literario-do-sesi-homenageia-monteiro-lobato\/"},"author":{"name":"Autor","@id":"https:\/\/fieam.org.br\/sesi\/#\/schema\/person\/c1ceda8321521b291cee22da0a7d34be"},"headline":"Sarau Liter\u00e1rio do SESI homenageia Monteiro Lobato","datePublished":"2015-04-28T16:15:02+00:00","mainEntityOfPage":{"@id":"https:\/\/fieam.org.br\/sesi\/sarau-literario-do-sesi-homenageia-monteiro-lobato\/"},"wordCount":433,"commentCount":0,"publisher":{"@id":"https:\/\/fieam.org.br\/sesi\/#organization"},"articleSection":["News"],"inLanguage":"pt-BR","potentialAction":[{"@type":"CommentAction","name":"Comment","target":["https:\/\/fieam.org.br\/sesi\/sarau-literario-do-sesi-homenageia-monteiro-lobato\/#respond"]}]},{"@type":"WebPage","@id":"https:\/\/fieam.org.br\/sesi\/sarau-literario-do-sesi-homenageia-monteiro-lobato\/","url":"https:\/\/fieam.org.br\/sesi\/sarau-literario-do-sesi-homenageia-monteiro-lobato\/","name":"Sarau Liter\u00e1rio do SESI homenageia Monteiro Lobato - SESI","isPartOf":{"@id":"https:\/\/fieam.org.br\/sesi\/#website"},"datePublished":"2015-04-28T16:15:02+00:00","breadcrumb":{"@id":"https:\/\/fieam.org.br\/sesi\/sarau-literario-do-sesi-homenageia-monteiro-lobato\/#breadcrumb"},"inLanguage":"pt-BR","potentialAction":[{"@type":"ReadAction","target":["https:\/\/fieam.org.br\/sesi\/sarau-literario-do-sesi-homenageia-monteiro-lobato\/"]}]},{"@type":"BreadcrumbList","@id":"https:\/\/fieam.org.br\/sesi\/sarau-literario-do-sesi-homenageia-monteiro-lobato\/#breadcrumb","itemListElement":[{"@type":"ListItem","position":1,"name":"In\u00edcio","item":"https:\/\/fieam.org.br\/sesi\/"},{"@type":"ListItem","position":2,"name":"Sarau Liter\u00e1rio do SESI homenageia Monteiro Lobato"}]},{"@type":"WebSite","@id":"https:\/\/fieam.org.br\/sesi\/#website","url":"https:\/\/fieam.org.br\/sesi\/","name":"SESI","description":"Site Oficial!","publisher":{"@id":"https:\/\/fieam.org.br\/sesi\/#organization"},"potentialAction":[{"@type":"SearchAction","target":{"@type":"EntryPoint","urlTemplate":"https:\/\/fieam.org.br\/sesi\/?s={search_term_string}"},"query-input":{"@type":"PropertyValueSpecification","valueRequired":true,"valueName":"search_term_string"}}],"inLanguage":"pt-BR"},{"@type":"Organization","@id":"https:\/\/fieam.org.br\/sesi\/#organization","name":"SESI","url":"https:\/\/fieam.org.br\/sesi\/","logo":{"@type":"ImageObject","inLanguage":"pt-BR","@id":"https:\/\/fieam.org.br\/sesi\/#\/schema\/logo\/image\/","url":"https:\/\/fieam.org.br\/sesi\/wp-content\/uploads\/sites\/14\/2024\/03\/cropped-fav.png","contentUrl":"https:\/\/fieam.org.br\/sesi\/wp-content\/uploads\/sites\/14\/2024\/03\/cropped-fav.png","width":610,"height":589,"caption":"SESI"},"image":{"@id":"https:\/\/fieam.org.br\/sesi\/#\/schema\/logo\/image\/"}},{"@type":"Person","@id":"https:\/\/fieam.org.br\/sesi\/#\/schema\/person\/c1ceda8321521b291cee22da0a7d34be","name":"Autor","image":{"@type":"ImageObject","inLanguage":"pt-BR","@id":"https:\/\/fieam.org.br\/sesi\/#\/schema\/person\/image\/","url":"https:\/\/secure.gravatar.com\/avatar\/3732c223e0e1fad69062a8f770955c9068d37b055204f310a0be18d4069fe380?s=96&d=mm&r=g","contentUrl":"https:\/\/secure.gravatar.com\/avatar\/3732c223e0e1fad69062a8f770955c9068d37b055204f310a0be18d4069fe380?s=96&d=mm&r=g","caption":"Autor"},"sameAs":["https:\/\/marketingmassivo.com.br"],"url":"https:\/\/fieam.org.br\/sesi\/author\/admin\/"}]}},"_links":{"self":[{"href":"https:\/\/fieam.org.br\/sesi\/wp-json\/wp\/v2\/posts\/7011","targetHints":{"allow":["GET"]}}],"collection":[{"href":"https:\/\/fieam.org.br\/sesi\/wp-json\/wp\/v2\/posts"}],"about":[{"href":"https:\/\/fieam.org.br\/sesi\/wp-json\/wp\/v2\/types\/post"}],"author":[{"embeddable":true,"href":"https:\/\/fieam.org.br\/sesi\/wp-json\/wp\/v2\/users\/1"}],"replies":[{"embeddable":true,"href":"https:\/\/fieam.org.br\/sesi\/wp-json\/wp\/v2\/comments?post=7011"}],"version-history":[{"count":0,"href":"https:\/\/fieam.org.br\/sesi\/wp-json\/wp\/v2\/posts\/7011\/revisions"}],"wp:attachment":[{"href":"https:\/\/fieam.org.br\/sesi\/wp-json\/wp\/v2\/media?parent=7011"}],"wp:term":[{"taxonomy":"category","embeddable":true,"href":"https:\/\/fieam.org.br\/sesi\/wp-json\/wp\/v2\/categories?post=7011"},{"taxonomy":"post_tag","embeddable":true,"href":"https:\/\/fieam.org.br\/sesi\/wp-json\/wp\/v2\/tags?post=7011"}],"curies":[{"name":"wp","href":"https:\/\/api.w.org\/{rel}","templated":true}]}}