{"id":6898,"date":"2015-03-30T14:11:38","date_gmt":"2015-03-30T14:11:38","guid":{"rendered":"http:\/\/www.fieam.org.br\/site\/sesi\/?p=6898"},"modified":"2015-03-30T14:11:38","modified_gmt":"2015-03-30T14:11:38","slug":"sesi-oferece-servicos-em-ergonomia-para-industria","status":"publish","type":"post","link":"https:\/\/fieam.org.br\/sesi\/sesi-oferece-servicos-em-ergonomia-para-industria\/","title":{"rendered":"SESI oferece servi\u00e7os em ergonomia para ind\u00fastria"},"content":{"rendered":"<figure id=\"attachment_6903\" aria-describedby=\"caption-attachment-6903\" style=\"width: 300px\" class=\"wp-caption alignleft\"><a href=\"http:\/\/www.fieam.org.br\/2015\/sesi\/wp-content\/uploads\/sites\/2\/2015\/03\/Cl\u00e1udio-Palhetasupervisor-de-Seguran\u00e7a-e-Saude-ocupacional-no-trabalho-SESI.jpg\"><img fetchpriority=\"high\" decoding=\"async\" class=\"size-medium wp-image-6903 \" alt=\"Supervisor de Seguran\u00e7a e Sa\u00fade ocupacional, Cl\u00e1udio Palheta\" src=\"http:\/\/www.fieam.org.br\/2015\/sesi\/wp-content\/uploads\/sites\/2\/2015\/03\/Cl\u00e1udio-Palhetasupervisor-de-Seguran\u00e7a-e-Saude-ocupacional-no-trabalho-SESI-300x199.jpg\" width=\"300\" height=\"199\" \/><\/a><figcaption id=\"caption-attachment-6903\" class=\"wp-caption-text\">Supervisor de Seguran\u00e7a e Sa\u00fade ocupacional, Cl\u00e1udio Palheta<\/figcaption><\/figure>\n<p style=\"text-align: left\" align=\"center\"><a href=\"http:\/\/www.fieam.org.br\/site\/sesi\/\" target=\"_blank\" rel=\"noopener\">O Servi\u00e7o Social da ind\u00fastria (SESI Amazonas)<\/a>, por meio da Gest\u00e3o em Sa\u00fade Ocupacional, oferece \u00e0s ind\u00fastrias de grande, m\u00e9dio e pequeno porte do Polo Industrial de Manaus (PIM) os servi\u00e7os de An\u00e1lise e Assessoria em Ergonomia, com o prop\u00f3sito de aumentar a efici\u00eancia organizacional e proporcionar a saud\u00e1vel rela\u00e7\u00e3o entre trabalho e trabalhador, promovendo seguran\u00e7a para ambos.<\/p>\n<p>Voltado para o melhoramento da sa\u00fade ocupacional, o SESI acredita que a preven\u00e7\u00e3o de adoecimentos do trabalhador na Ind\u00fastria agrega ao desenvolvimento do PIM. O supervisor de seguran\u00e7a e sa\u00fade ocupacional, Cl\u00e1udio Palheta salientou a import\u00e2ncia do estudo dos postos de trabalho e a assessoria ergon\u00f4mica.<\/p>\n<p>\u201c<i>Muitas vezes a ind\u00fastria n\u00e3o disp\u00f5e de equipe para implantar o melhoramento da sa\u00fade ocupacional. Pensando nisso o SESI tem o papel de levar apoio \u00e0s ind\u00fastrias com a an\u00e1lise e assessoria ergon\u00f4mica. O beneficio desses servi\u00e7os abrange a ind\u00fastria e o trabalhador com a diminui\u00e7\u00e3o de afastamentos por conta de adoecimentos. A ind\u00fastria e os colaboradores s\u00e3o o foco principal\u201d, a<\/i>firmou<i>.<\/i><\/p>\n<p>Palheta fala ainda que a conscientiza\u00e7\u00e3o das ind\u00fastrias, enquanto a preven\u00e7\u00e3o de absente\u00edsmo \u00e9 o primeiro passo para melhoramento da sa\u00fade ocupacional. Disse ainda que o Minist\u00e9rio do Trabalho e Emprego (MTE) dita o cumprimento desses servi\u00e7os obrigatoriamente, de acordo com a norma regulamentadora (NR17).<\/p>\n<figure id=\"attachment_6904\" aria-describedby=\"caption-attachment-6904\" style=\"width: 270px\" class=\"wp-caption alignright\"><a href=\"https:\/\/marketingmassivo.com.br\/sesi\/wp-content\/uploads\/sites\/12\/2015\/03\/Marielene-Bezerrapsicologa-e-especialista-em-ergonomia.jpg\"><img decoding=\"async\" class=\"wp-image-6904  \" alt=\"Marielene Bezerra,psicologa e especialista em ergonomia\" src=\"http:\/\/www.fieam.org.br\/2015\/sesi\/wp-content\/uploads\/sites\/2\/2015\/03\/Marielene-Bezerrapsicologa-e-especialista-em-ergonomia-300x199.jpg\" width=\"270\" height=\"179\" \/><\/a><figcaption id=\"caption-attachment-6904\" class=\"wp-caption-text\">Psic\u00f3loga, especialista em Ergonomia e Engenharia de Produ\u00e7\u00e3o, Marilene Bezerra<\/figcaption><\/figure>\n<p>Em 2014, mais de 700 trabalhadores do (PIM) receberam os servi\u00e7os da equipe do SESI. Segundo a psic\u00f3loga, especialista em ergonomia e engenharia de produ\u00e7\u00e3o, Marilene Bezerra, os problemas mais frequentes encontrados nas ind\u00fastrias s\u00e3o\u00a0aus\u00eancia de treinamentos, falta de reconhecimento profissional, equipamentos e m\u00e1quinas precisando de ajustes e de melhorias e a aus\u00eancia de pausas e rod\u00edzios nas tarefas. Marilene cita dez vantagens asseguradas na ergonomia:<\/p>\n<ul>\n<li>\u00a0Maior prote\u00e7\u00e3o legal quanto a processos judicias e trabalhistas;<\/li>\n<li>Redu\u00e7\u00e3o do FAP (Fator de Acidentes Previdenci\u00e1rios);<\/li>\n<li>Menores \u00edndices e a redu\u00e7\u00e3o de LER\/DORT aos trabalhadores;<\/li>\n<li>Redu\u00e7\u00e3o dos Absente\u00edsmos;<\/li>\n<li>Redu\u00e7\u00e3o de Custos com Assist\u00eancia M\u00e9dica;<\/li>\n<li>Melhoria no Processo Produtivo;<\/li>\n<li>Melhoria da Produtividade;<\/li>\n<li>Melhoria da Sa\u00fade e Seguran\u00e7a dos Trabalhadores;<\/li>\n<li>Maior Satisfa\u00e7\u00e3o e Motiva\u00e7\u00e3o dos Trabalhadores;<\/li>\n<li>\u00a0Melhoria no Clima Organizacional.<\/li>\n<\/ul>\n<p>De acordo com a fisioterapeuta e especialista em Ergonomia do SESI, D\u00e1lia Raquel, os servi\u00e7os ergon\u00f4micos proporcionam ambientes favor\u00e1veis \u00e0 produtividade do trabalhador. Raquel fala ainda que as les\u00f5es mais frequentes, entre as que provocaram o afastamento do trabalhador de suas atividades por quest\u00f5es de sa\u00fade, est\u00e3o \u00e0 tendinite, bursite, problemas na coluna e nos ombros causados pela postura incorreta.<\/p>\n<p>&nbsp;<\/p>\n<p align=\"center\"><b>O diferencial<\/b><\/p>\n<p>A equipe \u00e9 multifuncional, composta por fisioterapeutas, psic\u00f3loga e o diferencial, que \u00e9 a nutricionista e especialista em Ergonomia, Yara Vieira. Ela ressalta que a boa alimenta\u00e7\u00e3o evita uma s\u00e9rie de adoecimentos do trabalhador da ind\u00fastria.<\/p>\n<p><i>\u201cMeu trabalho \u00e9 melhorar as refei\u00e7\u00f5es, o perfil nutricional, evitar futuras complica\u00e7\u00f5es que a obesidade e o sobrepeso podem causar por conta da m\u00e1 alimenta\u00e7\u00e3o, como hipertens\u00e3o, problemas card\u00edacos, diabetes, entre outras. A orienta\u00e7\u00e3o sobre nutri\u00e7\u00e3o visa rever os h\u00e1bitos alimentares, com a conscientiza\u00e7\u00e3o nutricional nas ind\u00fastrias<\/i>\u201d, orientou.<\/p>\n<p>As ind\u00fastrias interessadas a contratar o servi\u00e7o de An\u00e1lise e Assessoria Ergon\u00f4mica do SESI deve procurar a \u00e1reas de rela\u00e7\u00e3o comercial, fone (92)3186-6621 ou atrav\u00e9s do e-mail\u00a0<a href=\"mailto:seram.saude@sesiam.org.br\" target=\"_blank\" rel=\"noopener\">seram.saude@sesiam.org.br<\/a>.<\/p>\n<p>&nbsp;<\/p>\n<p><b>ATENDIMENTO \u00c0 IMPRENSA<\/b><\/p>\n<p>&nbsp;<\/p>\n<p><b>Diretoria de Comunica\u00e7\u00e3o e Marketing do Sistema FIEAM<\/b><\/p>\n<p>Tel: (92) 3186-6576\u00a0 Fax: (92) 3233-5594<\/p>\n<p>E-mail:\u00a0<a href=\"mailto:imprensa@fieam.org.br\" target=\"_blank\" rel=\"noopener\">imprensa@fieam.org.br<\/a><\/p>\n<p><a href=\"http:\/\/www.fieam.org.br\/\" target=\"_blank\" rel=\"noopener\">http:\/\/www.fieam.org.br<\/a><\/p>\n<p><a href=\"http:\/\/www.facebook.com\/sistemafieam\" target=\"_blank\" rel=\"noopener\">http:\/\/www.facebook.com\/sistemafieam<\/a><\/p>\n<p>Twitter:\u00a0@fieam\u00a0@sesiamazonas\u00a0@senaiamazonas\u00a0@ielamazonas<\/p>\n<p>&nbsp;<\/p>\n<p>[nggallery id=288]<\/p>\n<p>&nbsp;<\/p>\n","protected":false},"excerpt":{"rendered":"<p>O Servi\u00e7o Social da ind\u00fastria (SESI Amazonas), por meio da Gest\u00e3o em Sa\u00fade Ocupacional, oferece \u00e0s ind\u00fastrias de grande, m\u00e9dio e pequeno porte do Polo Industrial de Manaus (PIM) os servi\u00e7os de An\u00e1lise e Assessoria em Ergonomia, com o prop\u00f3sito de aumentar a efici\u00eancia organizacional e proporcionar a saud\u00e1vel rela\u00e7\u00e3o entre trabalho e trabalhador, promovendo [&hellip;]<\/p>\n","protected":false},"author":1,"featured_media":6901,"comment_status":"open","ping_status":"open","sticky":false,"template":"","format":"standard","meta":{"footnotes":""},"categories":[25],"tags":[],"class_list":["post-6898","post","type-post","status-publish","format-standard","has-post-thumbnail","hentry","category-news"],"yoast_head":"<!-- This site is optimized with the Yoast SEO plugin v28.2 - https:\/\/yoast.com\/product\/yoast-seo-wordpress\/ -->\n<title>SESI oferece servi\u00e7os em ergonomia para ind\u00fastria - SESI<\/title>\n<meta name=\"robots\" content=\"index, follow, max-snippet:-1, max-image-preview:large, max-video-preview:-1\" \/>\n<link rel=\"canonical\" href=\"https:\/\/fieam.org.br\/sesi\/sesi-oferece-servicos-em-ergonomia-para-industria\/\" \/>\n<meta property=\"og:locale\" content=\"pt_BR\" \/>\n<meta property=\"og:type\" content=\"article\" \/>\n<meta property=\"og:title\" content=\"SESI oferece servi\u00e7os em ergonomia para ind\u00fastria - SESI\" \/>\n<meta property=\"og:description\" content=\"O Servi\u00e7o Social da ind\u00fastria (SESI Amazonas), por meio da Gest\u00e3o em Sa\u00fade Ocupacional, oferece \u00e0s ind\u00fastrias de grande, m\u00e9dio e pequeno porte do Polo Industrial de Manaus (PIM) os servi\u00e7os de An\u00e1lise e Assessoria em Ergonomia, com o prop\u00f3sito de aumentar a efici\u00eancia organizacional e proporcionar a saud\u00e1vel rela\u00e7\u00e3o entre trabalho e trabalhador, promovendo [&hellip;]\" \/>\n<meta property=\"og:url\" content=\"https:\/\/fieam.org.br\/sesi\/sesi-oferece-servicos-em-ergonomia-para-industria\/\" \/>\n<meta property=\"og:site_name\" content=\"SESI\" \/>\n<meta property=\"article:published_time\" content=\"2015-03-30T14:11:38+00:00\" \/>\n<meta property=\"og:image\" content=\"https:\/\/fieam.org.br\/sesi\/wp-content\/uploads\/sites\/14\/2015\/03\/Equipe-de-Ergonomia-SESI.jpg\" \/>\n\t<meta property=\"og:image:width\" content=\"800\" \/>\n\t<meta property=\"og:image:height\" content=\"533\" \/>\n\t<meta property=\"og:image:type\" content=\"image\/jpeg\" \/>\n<meta name=\"author\" content=\"Autor\" \/>\n<meta name=\"twitter:card\" content=\"summary_large_image\" \/>\n<meta name=\"twitter:label1\" content=\"Escrito por\" \/>\n\t<meta name=\"twitter:data1\" content=\"Autor\" \/>\n\t<meta name=\"twitter:label2\" content=\"Est. tempo de leitura\" \/>\n\t<meta name=\"twitter:data2\" content=\"3 minutos\" \/>\n<script type=\"application\/ld+json\" class=\"yoast-schema-graph\">{\"@context\":\"https:\\\/\\\/schema.org\",\"@graph\":[{\"@type\":\"Article\",\"@id\":\"https:\\\/\\\/fieam.org.br\\\/sesi\\\/sesi-oferece-servicos-em-ergonomia-para-industria\\\/#article\",\"isPartOf\":{\"@id\":\"https:\\\/\\\/fieam.org.br\\\/sesi\\\/sesi-oferece-servicos-em-ergonomia-para-industria\\\/\"},\"author\":{\"name\":\"Autor\",\"@id\":\"https:\\\/\\\/fieam.org.br\\\/sesi\\\/#\\\/schema\\\/person\\\/f54998dd14d5f0695b41444f2b01c31e\"},\"headline\":\"SESI oferece servi\u00e7os em ergonomia para ind\u00fastria\",\"datePublished\":\"2015-03-30T14:11:38+00:00\",\"mainEntityOfPage\":{\"@id\":\"https:\\\/\\\/fieam.org.br\\\/sesi\\\/sesi-oferece-servicos-em-ergonomia-para-industria\\\/\"},\"wordCount\":685,\"commentCount\":0,\"publisher\":{\"@id\":\"https:\\\/\\\/fieam.org.br\\\/sesi\\\/#organization\"},\"image\":{\"@id\":\"https:\\\/\\\/fieam.org.br\\\/sesi\\\/sesi-oferece-servicos-em-ergonomia-para-industria\\\/#primaryimage\"},\"thumbnailUrl\":\"https:\\\/\\\/fieam.org.br\\\/sesi\\\/wp-content\\\/uploads\\\/sites\\\/14\\\/2015\\\/03\\\/Equipe-de-Ergonomia-SESI.jpg\",\"articleSection\":[\"News\"],\"inLanguage\":\"pt-BR\",\"potentialAction\":[{\"@type\":\"CommentAction\",\"name\":\"Comment\",\"target\":[\"https:\\\/\\\/fieam.org.br\\\/sesi\\\/sesi-oferece-servicos-em-ergonomia-para-industria\\\/#respond\"]}]},{\"@type\":\"WebPage\",\"@id\":\"https:\\\/\\\/fieam.org.br\\\/sesi\\\/sesi-oferece-servicos-em-ergonomia-para-industria\\\/\",\"url\":\"https:\\\/\\\/fieam.org.br\\\/sesi\\\/sesi-oferece-servicos-em-ergonomia-para-industria\\\/\",\"name\":\"SESI oferece servi\u00e7os em ergonomia para ind\u00fastria - SESI\",\"isPartOf\":{\"@id\":\"https:\\\/\\\/fieam.org.br\\\/sesi\\\/#website\"},\"primaryImageOfPage\":{\"@id\":\"https:\\\/\\\/fieam.org.br\\\/sesi\\\/sesi-oferece-servicos-em-ergonomia-para-industria\\\/#primaryimage\"},\"image\":{\"@id\":\"https:\\\/\\\/fieam.org.br\\\/sesi\\\/sesi-oferece-servicos-em-ergonomia-para-industria\\\/#primaryimage\"},\"thumbnailUrl\":\"https:\\\/\\\/fieam.org.br\\\/sesi\\\/wp-content\\\/uploads\\\/sites\\\/14\\\/2015\\\/03\\\/Equipe-de-Ergonomia-SESI.jpg\",\"datePublished\":\"2015-03-30T14:11:38+00:00\",\"breadcrumb\":{\"@id\":\"https:\\\/\\\/fieam.org.br\\\/sesi\\\/sesi-oferece-servicos-em-ergonomia-para-industria\\\/#breadcrumb\"},\"inLanguage\":\"pt-BR\",\"potentialAction\":[{\"@type\":\"ReadAction\",\"target\":[\"https:\\\/\\\/fieam.org.br\\\/sesi\\\/sesi-oferece-servicos-em-ergonomia-para-industria\\\/\"]}]},{\"@type\":\"ImageObject\",\"inLanguage\":\"pt-BR\",\"@id\":\"https:\\\/\\\/fieam.org.br\\\/sesi\\\/sesi-oferece-servicos-em-ergonomia-para-industria\\\/#primaryimage\",\"url\":\"https:\\\/\\\/fieam.org.br\\\/sesi\\\/wp-content\\\/uploads\\\/sites\\\/14\\\/2015\\\/03\\\/Equipe-de-Ergonomia-SESI.jpg\",\"contentUrl\":\"https:\\\/\\\/fieam.org.br\\\/sesi\\\/wp-content\\\/uploads\\\/sites\\\/14\\\/2015\\\/03\\\/Equipe-de-Ergonomia-SESI.jpg\",\"width\":800,\"height\":533},{\"@type\":\"BreadcrumbList\",\"@id\":\"https:\\\/\\\/fieam.org.br\\\/sesi\\\/sesi-oferece-servicos-em-ergonomia-para-industria\\\/#breadcrumb\",\"itemListElement\":[{\"@type\":\"ListItem\",\"position\":1,\"name\":\"In\u00edcio\",\"item\":\"https:\\\/\\\/fieam.org.br\\\/sesi\\\/\"},{\"@type\":\"ListItem\",\"position\":2,\"name\":\"SESI oferece servi\u00e7os em ergonomia para ind\u00fastria\"}]},{\"@type\":\"WebSite\",\"@id\":\"https:\\\/\\\/fieam.org.br\\\/sesi\\\/#website\",\"url\":\"https:\\\/\\\/fieam.org.br\\\/sesi\\\/\",\"name\":\"SESI\",\"description\":\"Site Oficial!\",\"publisher\":{\"@id\":\"https:\\\/\\\/fieam.org.br\\\/sesi\\\/#organization\"},\"potentialAction\":[{\"@type\":\"SearchAction\",\"target\":{\"@type\":\"EntryPoint\",\"urlTemplate\":\"https:\\\/\\\/fieam.org.br\\\/sesi\\\/?s={search_term_string}\"},\"query-input\":{\"@type\":\"PropertyValueSpecification\",\"valueRequired\":true,\"valueName\":\"search_term_string\"}}],\"inLanguage\":\"pt-BR\"},{\"@type\":\"Organization\",\"@id\":\"https:\\\/\\\/fieam.org.br\\\/sesi\\\/#organization\",\"name\":\"SESI\",\"url\":\"https:\\\/\\\/fieam.org.br\\\/sesi\\\/\",\"logo\":{\"@type\":\"ImageObject\",\"inLanguage\":\"pt-BR\",\"@id\":\"https:\\\/\\\/fieam.org.br\\\/sesi\\\/#\\\/schema\\\/logo\\\/image\\\/\",\"url\":\"https:\\\/\\\/fieam.org.br\\\/sesi\\\/wp-content\\\/uploads\\\/sites\\\/14\\\/2024\\\/03\\\/cropped-fav.png\",\"contentUrl\":\"https:\\\/\\\/fieam.org.br\\\/sesi\\\/wp-content\\\/uploads\\\/sites\\\/14\\\/2024\\\/03\\\/cropped-fav.png\",\"width\":610,\"height\":589,\"caption\":\"SESI\"},\"image\":{\"@id\":\"https:\\\/\\\/fieam.org.br\\\/sesi\\\/#\\\/schema\\\/logo\\\/image\\\/\"}},{\"@type\":\"Person\",\"@id\":\"https:\\\/\\\/fieam.org.br\\\/sesi\\\/#\\\/schema\\\/person\\\/f54998dd14d5f0695b41444f2b01c31e\",\"name\":\"Autor\",\"image\":{\"@type\":\"ImageObject\",\"inLanguage\":\"pt-BR\",\"@id\":\"https:\\\/\\\/secure.gravatar.com\\\/avatar\\\/3732c223e0e1fad69062a8f770955c9068d37b055204f310a0be18d4069fe380?s=96&d=mm&r=g\",\"url\":\"https:\\\/\\\/secure.gravatar.com\\\/avatar\\\/3732c223e0e1fad69062a8f770955c9068d37b055204f310a0be18d4069fe380?s=96&d=mm&r=g\",\"contentUrl\":\"https:\\\/\\\/secure.gravatar.com\\\/avatar\\\/3732c223e0e1fad69062a8f770955c9068d37b055204f310a0be18d4069fe380?s=96&d=mm&r=g\",\"caption\":\"Autor\"},\"sameAs\":[\"https:\\\/\\\/marketingmassivo.com.br\"],\"url\":\"https:\\\/\\\/fieam.org.br\\\/sesi\\\/author\\\/admin\\\/\"}]}<\/script>\n<!-- \/ Yoast SEO plugin. -->","yoast_head_json":{"title":"SESI oferece servi\u00e7os em ergonomia para ind\u00fastria - SESI","robots":{"index":"index","follow":"follow","max-snippet":"max-snippet:-1","max-image-preview":"max-image-preview:large","max-video-preview":"max-video-preview:-1"},"canonical":"https:\/\/fieam.org.br\/sesi\/sesi-oferece-servicos-em-ergonomia-para-industria\/","og_locale":"pt_BR","og_type":"article","og_title":"SESI oferece servi\u00e7os em ergonomia para ind\u00fastria - SESI","og_description":"O Servi\u00e7o Social da ind\u00fastria (SESI Amazonas), por meio da Gest\u00e3o em Sa\u00fade Ocupacional, oferece \u00e0s ind\u00fastrias de grande, m\u00e9dio e pequeno porte do Polo Industrial de Manaus (PIM) os servi\u00e7os de An\u00e1lise e Assessoria em Ergonomia, com o prop\u00f3sito de aumentar a efici\u00eancia organizacional e proporcionar a saud\u00e1vel rela\u00e7\u00e3o entre trabalho e trabalhador, promovendo [&hellip;]","og_url":"https:\/\/fieam.org.br\/sesi\/sesi-oferece-servicos-em-ergonomia-para-industria\/","og_site_name":"SESI","article_published_time":"2015-03-30T14:11:38+00:00","og_image":[{"width":800,"height":533,"url":"https:\/\/fieam.org.br\/sesi\/wp-content\/uploads\/sites\/14\/2015\/03\/Equipe-de-Ergonomia-SESI.jpg","type":"image\/jpeg"}],"author":"Autor","twitter_card":"summary_large_image","twitter_misc":{"Escrito por":"Autor","Est. tempo de leitura":"3 minutos"},"schema":{"@context":"https:\/\/schema.org","@graph":[{"@type":"Article","@id":"https:\/\/fieam.org.br\/sesi\/sesi-oferece-servicos-em-ergonomia-para-industria\/#article","isPartOf":{"@id":"https:\/\/fieam.org.br\/sesi\/sesi-oferece-servicos-em-ergonomia-para-industria\/"},"author":{"name":"Autor","@id":"https:\/\/fieam.org.br\/sesi\/#\/schema\/person\/f54998dd14d5f0695b41444f2b01c31e"},"headline":"SESI oferece servi\u00e7os em ergonomia para ind\u00fastria","datePublished":"2015-03-30T14:11:38+00:00","mainEntityOfPage":{"@id":"https:\/\/fieam.org.br\/sesi\/sesi-oferece-servicos-em-ergonomia-para-industria\/"},"wordCount":685,"commentCount":0,"publisher":{"@id":"https:\/\/fieam.org.br\/sesi\/#organization"},"image":{"@id":"https:\/\/fieam.org.br\/sesi\/sesi-oferece-servicos-em-ergonomia-para-industria\/#primaryimage"},"thumbnailUrl":"https:\/\/fieam.org.br\/sesi\/wp-content\/uploads\/sites\/14\/2015\/03\/Equipe-de-Ergonomia-SESI.jpg","articleSection":["News"],"inLanguage":"pt-BR","potentialAction":[{"@type":"CommentAction","name":"Comment","target":["https:\/\/fieam.org.br\/sesi\/sesi-oferece-servicos-em-ergonomia-para-industria\/#respond"]}]},{"@type":"WebPage","@id":"https:\/\/fieam.org.br\/sesi\/sesi-oferece-servicos-em-ergonomia-para-industria\/","url":"https:\/\/fieam.org.br\/sesi\/sesi-oferece-servicos-em-ergonomia-para-industria\/","name":"SESI oferece servi\u00e7os em ergonomia para ind\u00fastria - SESI","isPartOf":{"@id":"https:\/\/fieam.org.br\/sesi\/#website"},"primaryImageOfPage":{"@id":"https:\/\/fieam.org.br\/sesi\/sesi-oferece-servicos-em-ergonomia-para-industria\/#primaryimage"},"image":{"@id":"https:\/\/fieam.org.br\/sesi\/sesi-oferece-servicos-em-ergonomia-para-industria\/#primaryimage"},"thumbnailUrl":"https:\/\/fieam.org.br\/sesi\/wp-content\/uploads\/sites\/14\/2015\/03\/Equipe-de-Ergonomia-SESI.jpg","datePublished":"2015-03-30T14:11:38+00:00","breadcrumb":{"@id":"https:\/\/fieam.org.br\/sesi\/sesi-oferece-servicos-em-ergonomia-para-industria\/#breadcrumb"},"inLanguage":"pt-BR","potentialAction":[{"@type":"ReadAction","target":["https:\/\/fieam.org.br\/sesi\/sesi-oferece-servicos-em-ergonomia-para-industria\/"]}]},{"@type":"ImageObject","inLanguage":"pt-BR","@id":"https:\/\/fieam.org.br\/sesi\/sesi-oferece-servicos-em-ergonomia-para-industria\/#primaryimage","url":"https:\/\/fieam.org.br\/sesi\/wp-content\/uploads\/sites\/14\/2015\/03\/Equipe-de-Ergonomia-SESI.jpg","contentUrl":"https:\/\/fieam.org.br\/sesi\/wp-content\/uploads\/sites\/14\/2015\/03\/Equipe-de-Ergonomia-SESI.jpg","width":800,"height":533},{"@type":"BreadcrumbList","@id":"https:\/\/fieam.org.br\/sesi\/sesi-oferece-servicos-em-ergonomia-para-industria\/#breadcrumb","itemListElement":[{"@type":"ListItem","position":1,"name":"In\u00edcio","item":"https:\/\/fieam.org.br\/sesi\/"},{"@type":"ListItem","position":2,"name":"SESI oferece servi\u00e7os em ergonomia para ind\u00fastria"}]},{"@type":"WebSite","@id":"https:\/\/fieam.org.br\/sesi\/#website","url":"https:\/\/fieam.org.br\/sesi\/","name":"SESI","description":"Site Oficial!","publisher":{"@id":"https:\/\/fieam.org.br\/sesi\/#organization"},"potentialAction":[{"@type":"SearchAction","target":{"@type":"EntryPoint","urlTemplate":"https:\/\/fieam.org.br\/sesi\/?s={search_term_string}"},"query-input":{"@type":"PropertyValueSpecification","valueRequired":true,"valueName":"search_term_string"}}],"inLanguage":"pt-BR"},{"@type":"Organization","@id":"https:\/\/fieam.org.br\/sesi\/#organization","name":"SESI","url":"https:\/\/fieam.org.br\/sesi\/","logo":{"@type":"ImageObject","inLanguage":"pt-BR","@id":"https:\/\/fieam.org.br\/sesi\/#\/schema\/logo\/image\/","url":"https:\/\/fieam.org.br\/sesi\/wp-content\/uploads\/sites\/14\/2024\/03\/cropped-fav.png","contentUrl":"https:\/\/fieam.org.br\/sesi\/wp-content\/uploads\/sites\/14\/2024\/03\/cropped-fav.png","width":610,"height":589,"caption":"SESI"},"image":{"@id":"https:\/\/fieam.org.br\/sesi\/#\/schema\/logo\/image\/"}},{"@type":"Person","@id":"https:\/\/fieam.org.br\/sesi\/#\/schema\/person\/f54998dd14d5f0695b41444f2b01c31e","name":"Autor","image":{"@type":"ImageObject","inLanguage":"pt-BR","@id":"https:\/\/secure.gravatar.com\/avatar\/3732c223e0e1fad69062a8f770955c9068d37b055204f310a0be18d4069fe380?s=96&d=mm&r=g","url":"https:\/\/secure.gravatar.com\/avatar\/3732c223e0e1fad69062a8f770955c9068d37b055204f310a0be18d4069fe380?s=96&d=mm&r=g","contentUrl":"https:\/\/secure.gravatar.com\/avatar\/3732c223e0e1fad69062a8f770955c9068d37b055204f310a0be18d4069fe380?s=96&d=mm&r=g","caption":"Autor"},"sameAs":["https:\/\/marketingmassivo.com.br"],"url":"https:\/\/fieam.org.br\/sesi\/author\/admin\/"}]}},"_links":{"self":[{"href":"https:\/\/fieam.org.br\/sesi\/wp-json\/wp\/v2\/posts\/6898","targetHints":{"allow":["GET"]}}],"collection":[{"href":"https:\/\/fieam.org.br\/sesi\/wp-json\/wp\/v2\/posts"}],"about":[{"href":"https:\/\/fieam.org.br\/sesi\/wp-json\/wp\/v2\/types\/post"}],"author":[{"embeddable":true,"href":"https:\/\/fieam.org.br\/sesi\/wp-json\/wp\/v2\/users\/1"}],"replies":[{"embeddable":true,"href":"https:\/\/fieam.org.br\/sesi\/wp-json\/wp\/v2\/comments?post=6898"}],"version-history":[{"count":0,"href":"https:\/\/fieam.org.br\/sesi\/wp-json\/wp\/v2\/posts\/6898\/revisions"}],"wp:featuredmedia":[{"embeddable":true,"href":"https:\/\/fieam.org.br\/sesi\/wp-json\/wp\/v2\/media\/6901"}],"wp:attachment":[{"href":"https:\/\/fieam.org.br\/sesi\/wp-json\/wp\/v2\/media?parent=6898"}],"wp:term":[{"taxonomy":"category","embeddable":true,"href":"https:\/\/fieam.org.br\/sesi\/wp-json\/wp\/v2\/categories?post=6898"},{"taxonomy":"post_tag","embeddable":true,"href":"https:\/\/fieam.org.br\/sesi\/wp-json\/wp\/v2\/tags?post=6898"}],"curies":[{"name":"wp","href":"https:\/\/api.w.org\/{rel}","templated":true}]}}