{"id":6810,"date":"2015-03-12T11:51:58","date_gmt":"2015-03-12T11:51:58","guid":{"rendered":"http:\/\/www.fieam.org.br\/site\/sesi\/?p=6810"},"modified":"2015-03-12T11:51:58","modified_gmt":"2015-03-12T11:51:58","slug":"inscricoes-abertas-para-oficina-de-ballet-fitness","status":"publish","type":"post","link":"https:\/\/fieam.org.br\/sesi\/inscricoes-abertas-para-oficina-de-ballet-fitness\/","title":{"rendered":"Inscri\u00e7\u00f5es abertas para Oficina de Ballet Fitness"},"content":{"rendered":"<p><a href=\"http:\/\/www.fieam.org.br\/site\/sesi\/\" target=\"_blank\" rel=\"noopener\">O Servi\u00e7o Social da ind\u00fastria (SESI Amazonas)<\/a>\u00a0est\u00e1 com inscri\u00e7\u00f5es abertas para Oficina de Dan\u00e7a Profissional Ballet Fitness, a ser realizada nos dias 24 e 25 de abril, no SESI Clube do Trabalhador do Amazonas, localizado na Alameda Cosme Ferreira, 7399, S\u00e3o Jos\u00e9 I.<\/p>\n<p>\u201cA oficina ir\u00e1 trabalhar a postura, o t\u00f4nus muscular, a flexibilidade, a respira\u00e7\u00e3o, o equil\u00edbrio, a mem\u00f3ria e, principalmente, o condicionamento f\u00edsico\u201d, disse a professora respons\u00e1vel \u00e0 frente da oficina, Sarah Castro.<\/p>\n<p>De acordo com Sarah Castro, a oficina conta com sequ\u00eancias de alongamento, passos b\u00e1sicos do ballet cl\u00e1ssico, como exerc\u00edcios de abd\u00f4men, pernas e bra\u00e7os.<\/p>\n<p>Os interessados podem escolher o melhor hor\u00e1rio para realiza\u00e7\u00e3o da oficina, que ser\u00e1 oferecida no dia 24, das 19 \u00e0s 21 horas, na sala de dan\u00e7a do CTAM, e no dia 25, das 9 \u00e0s 11 horas, na Arena do CTAM, ambas com duas horas de dura\u00e7\u00e3o.<\/p>\n<p>A oficina tem pre\u00e7o variado. Para os clientes do CTAM, R$ 20,00, e comunidade, R$ 30,00. Mais informa\u00e7\u00f5es pelo telefone (092) 3216-1037.<\/p>\n<p>&nbsp;<\/p>\n<p><b>\u00a0\u00a0\u00a0\u00a0\u00a0\u00a0\u00a0\u00a0\u00a0\u00a0\u00a0 ATENDIMENTO \u00c0 IMPRENSA<\/b><\/p>\n<p>&nbsp;<\/p>\n<p><b>Diretoria de Comunica\u00e7\u00e3o e Marketing do Sistema FIEAM<\/b><\/p>\n<p>Tel: (92) 3186-6576\u00a0 Fax: (92) 3233-5594<\/p>\n<p>E-mail:\u00a0<a href=\"mailto:imprensa@fieam.org.br\" target=\"_blank\" rel=\"noopener\">imprensa@fieam.org.br<\/a><\/p>\n<p><a href=\"http:\/\/www.fieam.org.br\/\" target=\"_blank\" rel=\"noopener\">http:\/\/www.fieam.org.br<\/a><\/p>\n<p><a href=\"http:\/\/www.facebook.com\/sistemafieam\" target=\"_blank\" rel=\"noopener\">http:\/\/www.facebook.com\/sistemafieam<\/a><\/p>\n<p>Twitter: @fieam @sesiamazonas @senaiamazonas @ielamazonas<\/p>\n","protected":false},"excerpt":{"rendered":"<p>O Servi\u00e7o Social da ind\u00fastria (SESI Amazonas)\u00a0est\u00e1 com inscri\u00e7\u00f5es abertas para Oficina de Dan\u00e7a Profissional Ballet Fitness, a ser realizada nos dias 24 e 25 de abril, no SESI Clube do Trabalhador do Amazonas, localizado na Alameda Cosme Ferreira, 7399, S\u00e3o Jos\u00e9 I. \u201cA oficina ir\u00e1 trabalhar a postura, o t\u00f4nus muscular, a flexibilidade, a [&hellip;]<\/p>\n","protected":false},"author":1,"featured_media":0,"comment_status":"open","ping_status":"open","sticky":false,"template":"","format":"standard","meta":{"footnotes":""},"categories":[25],"tags":[],"class_list":["post-6810","post","type-post","status-publish","format-standard","hentry","category-news"],"yoast_head":"<!-- This site is optimized with the Yoast SEO plugin v28.2 - https:\/\/yoast.com\/product\/yoast-seo-wordpress\/ -->\n<title>Inscri\u00e7\u00f5es abertas para Oficina de Ballet Fitness - SESI<\/title>\n<meta name=\"robots\" content=\"index, follow, max-snippet:-1, max-image-preview:large, max-video-preview:-1\" \/>\n<link rel=\"canonical\" href=\"https:\/\/fieam.org.br\/sesi\/inscricoes-abertas-para-oficina-de-ballet-fitness\/\" \/>\n<meta property=\"og:locale\" content=\"pt_BR\" \/>\n<meta property=\"og:type\" content=\"article\" \/>\n<meta property=\"og:title\" content=\"Inscri\u00e7\u00f5es abertas para Oficina de Ballet Fitness - SESI\" \/>\n<meta property=\"og:description\" content=\"O Servi\u00e7o Social da ind\u00fastria (SESI Amazonas)\u00a0est\u00e1 com inscri\u00e7\u00f5es abertas para Oficina de Dan\u00e7a Profissional Ballet Fitness, a ser realizada nos dias 24 e 25 de abril, no SESI Clube do Trabalhador do Amazonas, localizado na Alameda Cosme Ferreira, 7399, S\u00e3o Jos\u00e9 I. \u201cA oficina ir\u00e1 trabalhar a postura, o t\u00f4nus muscular, a flexibilidade, a [&hellip;]\" \/>\n<meta property=\"og:url\" content=\"https:\/\/fieam.org.br\/sesi\/inscricoes-abertas-para-oficina-de-ballet-fitness\/\" \/>\n<meta property=\"og:site_name\" content=\"SESI\" \/>\n<meta property=\"article:published_time\" content=\"2015-03-12T11:51:58+00:00\" \/>\n<meta name=\"author\" content=\"Autor\" \/>\n<meta name=\"twitter:card\" content=\"summary_large_image\" \/>\n<meta name=\"twitter:label1\" content=\"Escrito por\" \/>\n\t<meta name=\"twitter:data1\" content=\"Autor\" \/>\n\t<meta name=\"twitter:label2\" content=\"Est. tempo de leitura\" \/>\n\t<meta name=\"twitter:data2\" content=\"1 minuto\" \/>\n<script type=\"application\/ld+json\" class=\"yoast-schema-graph\">{\"@context\":\"https:\\\/\\\/schema.org\",\"@graph\":[{\"@type\":\"Article\",\"@id\":\"https:\\\/\\\/fieam.org.br\\\/sesi\\\/inscricoes-abertas-para-oficina-de-ballet-fitness\\\/#article\",\"isPartOf\":{\"@id\":\"https:\\\/\\\/fieam.org.br\\\/sesi\\\/inscricoes-abertas-para-oficina-de-ballet-fitness\\\/\"},\"author\":{\"name\":\"Autor\",\"@id\":\"https:\\\/\\\/fieam.org.br\\\/sesi\\\/#\\\/schema\\\/person\\\/f54998dd14d5f0695b41444f2b01c31e\"},\"headline\":\"Inscri\u00e7\u00f5es abertas para Oficina de Ballet Fitness\",\"datePublished\":\"2015-03-12T11:51:58+00:00\",\"mainEntityOfPage\":{\"@id\":\"https:\\\/\\\/fieam.org.br\\\/sesi\\\/inscricoes-abertas-para-oficina-de-ballet-fitness\\\/\"},\"wordCount\":224,\"commentCount\":0,\"publisher\":{\"@id\":\"https:\\\/\\\/fieam.org.br\\\/sesi\\\/#organization\"},\"articleSection\":[\"News\"],\"inLanguage\":\"pt-BR\",\"potentialAction\":[{\"@type\":\"CommentAction\",\"name\":\"Comment\",\"target\":[\"https:\\\/\\\/fieam.org.br\\\/sesi\\\/inscricoes-abertas-para-oficina-de-ballet-fitness\\\/#respond\"]}]},{\"@type\":\"WebPage\",\"@id\":\"https:\\\/\\\/fieam.org.br\\\/sesi\\\/inscricoes-abertas-para-oficina-de-ballet-fitness\\\/\",\"url\":\"https:\\\/\\\/fieam.org.br\\\/sesi\\\/inscricoes-abertas-para-oficina-de-ballet-fitness\\\/\",\"name\":\"Inscri\u00e7\u00f5es abertas para Oficina de Ballet Fitness - SESI\",\"isPartOf\":{\"@id\":\"https:\\\/\\\/fieam.org.br\\\/sesi\\\/#website\"},\"datePublished\":\"2015-03-12T11:51:58+00:00\",\"breadcrumb\":{\"@id\":\"https:\\\/\\\/fieam.org.br\\\/sesi\\\/inscricoes-abertas-para-oficina-de-ballet-fitness\\\/#breadcrumb\"},\"inLanguage\":\"pt-BR\",\"potentialAction\":[{\"@type\":\"ReadAction\",\"target\":[\"https:\\\/\\\/fieam.org.br\\\/sesi\\\/inscricoes-abertas-para-oficina-de-ballet-fitness\\\/\"]}]},{\"@type\":\"BreadcrumbList\",\"@id\":\"https:\\\/\\\/fieam.org.br\\\/sesi\\\/inscricoes-abertas-para-oficina-de-ballet-fitness\\\/#breadcrumb\",\"itemListElement\":[{\"@type\":\"ListItem\",\"position\":1,\"name\":\"In\u00edcio\",\"item\":\"https:\\\/\\\/fieam.org.br\\\/sesi\\\/\"},{\"@type\":\"ListItem\",\"position\":2,\"name\":\"Inscri\u00e7\u00f5es abertas para Oficina de Ballet Fitness\"}]},{\"@type\":\"WebSite\",\"@id\":\"https:\\\/\\\/fieam.org.br\\\/sesi\\\/#website\",\"url\":\"https:\\\/\\\/fieam.org.br\\\/sesi\\\/\",\"name\":\"SESI\",\"description\":\"Site Oficial!\",\"publisher\":{\"@id\":\"https:\\\/\\\/fieam.org.br\\\/sesi\\\/#organization\"},\"potentialAction\":[{\"@type\":\"SearchAction\",\"target\":{\"@type\":\"EntryPoint\",\"urlTemplate\":\"https:\\\/\\\/fieam.org.br\\\/sesi\\\/?s={search_term_string}\"},\"query-input\":{\"@type\":\"PropertyValueSpecification\",\"valueRequired\":true,\"valueName\":\"search_term_string\"}}],\"inLanguage\":\"pt-BR\"},{\"@type\":\"Organization\",\"@id\":\"https:\\\/\\\/fieam.org.br\\\/sesi\\\/#organization\",\"name\":\"SESI\",\"url\":\"https:\\\/\\\/fieam.org.br\\\/sesi\\\/\",\"logo\":{\"@type\":\"ImageObject\",\"inLanguage\":\"pt-BR\",\"@id\":\"https:\\\/\\\/fieam.org.br\\\/sesi\\\/#\\\/schema\\\/logo\\\/image\\\/\",\"url\":\"https:\\\/\\\/fieam.org.br\\\/sesi\\\/wp-content\\\/uploads\\\/sites\\\/14\\\/2024\\\/03\\\/cropped-fav.png\",\"contentUrl\":\"https:\\\/\\\/fieam.org.br\\\/sesi\\\/wp-content\\\/uploads\\\/sites\\\/14\\\/2024\\\/03\\\/cropped-fav.png\",\"width\":610,\"height\":589,\"caption\":\"SESI\"},\"image\":{\"@id\":\"https:\\\/\\\/fieam.org.br\\\/sesi\\\/#\\\/schema\\\/logo\\\/image\\\/\"}},{\"@type\":\"Person\",\"@id\":\"https:\\\/\\\/fieam.org.br\\\/sesi\\\/#\\\/schema\\\/person\\\/f54998dd14d5f0695b41444f2b01c31e\",\"name\":\"Autor\",\"image\":{\"@type\":\"ImageObject\",\"inLanguage\":\"pt-BR\",\"@id\":\"https:\\\/\\\/secure.gravatar.com\\\/avatar\\\/3732c223e0e1fad69062a8f770955c9068d37b055204f310a0be18d4069fe380?s=96&d=mm&r=g\",\"url\":\"https:\\\/\\\/secure.gravatar.com\\\/avatar\\\/3732c223e0e1fad69062a8f770955c9068d37b055204f310a0be18d4069fe380?s=96&d=mm&r=g\",\"contentUrl\":\"https:\\\/\\\/secure.gravatar.com\\\/avatar\\\/3732c223e0e1fad69062a8f770955c9068d37b055204f310a0be18d4069fe380?s=96&d=mm&r=g\",\"caption\":\"Autor\"},\"sameAs\":[\"https:\\\/\\\/marketingmassivo.com.br\"],\"url\":\"https:\\\/\\\/fieam.org.br\\\/sesi\\\/author\\\/admin\\\/\"}]}<\/script>\n<!-- \/ Yoast SEO plugin. -->","yoast_head_json":{"title":"Inscri\u00e7\u00f5es abertas para Oficina de Ballet Fitness - SESI","robots":{"index":"index","follow":"follow","max-snippet":"max-snippet:-1","max-image-preview":"max-image-preview:large","max-video-preview":"max-video-preview:-1"},"canonical":"https:\/\/fieam.org.br\/sesi\/inscricoes-abertas-para-oficina-de-ballet-fitness\/","og_locale":"pt_BR","og_type":"article","og_title":"Inscri\u00e7\u00f5es abertas para Oficina de Ballet Fitness - SESI","og_description":"O Servi\u00e7o Social da ind\u00fastria (SESI Amazonas)\u00a0est\u00e1 com inscri\u00e7\u00f5es abertas para Oficina de Dan\u00e7a Profissional Ballet Fitness, a ser realizada nos dias 24 e 25 de abril, no SESI Clube do Trabalhador do Amazonas, localizado na Alameda Cosme Ferreira, 7399, S\u00e3o Jos\u00e9 I. \u201cA oficina ir\u00e1 trabalhar a postura, o t\u00f4nus muscular, a flexibilidade, a [&hellip;]","og_url":"https:\/\/fieam.org.br\/sesi\/inscricoes-abertas-para-oficina-de-ballet-fitness\/","og_site_name":"SESI","article_published_time":"2015-03-12T11:51:58+00:00","author":"Autor","twitter_card":"summary_large_image","twitter_misc":{"Escrito por":"Autor","Est. tempo de leitura":"1 minuto"},"schema":{"@context":"https:\/\/schema.org","@graph":[{"@type":"Article","@id":"https:\/\/fieam.org.br\/sesi\/inscricoes-abertas-para-oficina-de-ballet-fitness\/#article","isPartOf":{"@id":"https:\/\/fieam.org.br\/sesi\/inscricoes-abertas-para-oficina-de-ballet-fitness\/"},"author":{"name":"Autor","@id":"https:\/\/fieam.org.br\/sesi\/#\/schema\/person\/f54998dd14d5f0695b41444f2b01c31e"},"headline":"Inscri\u00e7\u00f5es abertas para Oficina de Ballet Fitness","datePublished":"2015-03-12T11:51:58+00:00","mainEntityOfPage":{"@id":"https:\/\/fieam.org.br\/sesi\/inscricoes-abertas-para-oficina-de-ballet-fitness\/"},"wordCount":224,"commentCount":0,"publisher":{"@id":"https:\/\/fieam.org.br\/sesi\/#organization"},"articleSection":["News"],"inLanguage":"pt-BR","potentialAction":[{"@type":"CommentAction","name":"Comment","target":["https:\/\/fieam.org.br\/sesi\/inscricoes-abertas-para-oficina-de-ballet-fitness\/#respond"]}]},{"@type":"WebPage","@id":"https:\/\/fieam.org.br\/sesi\/inscricoes-abertas-para-oficina-de-ballet-fitness\/","url":"https:\/\/fieam.org.br\/sesi\/inscricoes-abertas-para-oficina-de-ballet-fitness\/","name":"Inscri\u00e7\u00f5es abertas para Oficina de Ballet Fitness - SESI","isPartOf":{"@id":"https:\/\/fieam.org.br\/sesi\/#website"},"datePublished":"2015-03-12T11:51:58+00:00","breadcrumb":{"@id":"https:\/\/fieam.org.br\/sesi\/inscricoes-abertas-para-oficina-de-ballet-fitness\/#breadcrumb"},"inLanguage":"pt-BR","potentialAction":[{"@type":"ReadAction","target":["https:\/\/fieam.org.br\/sesi\/inscricoes-abertas-para-oficina-de-ballet-fitness\/"]}]},{"@type":"BreadcrumbList","@id":"https:\/\/fieam.org.br\/sesi\/inscricoes-abertas-para-oficina-de-ballet-fitness\/#breadcrumb","itemListElement":[{"@type":"ListItem","position":1,"name":"In\u00edcio","item":"https:\/\/fieam.org.br\/sesi\/"},{"@type":"ListItem","position":2,"name":"Inscri\u00e7\u00f5es abertas para Oficina de Ballet Fitness"}]},{"@type":"WebSite","@id":"https:\/\/fieam.org.br\/sesi\/#website","url":"https:\/\/fieam.org.br\/sesi\/","name":"SESI","description":"Site Oficial!","publisher":{"@id":"https:\/\/fieam.org.br\/sesi\/#organization"},"potentialAction":[{"@type":"SearchAction","target":{"@type":"EntryPoint","urlTemplate":"https:\/\/fieam.org.br\/sesi\/?s={search_term_string}"},"query-input":{"@type":"PropertyValueSpecification","valueRequired":true,"valueName":"search_term_string"}}],"inLanguage":"pt-BR"},{"@type":"Organization","@id":"https:\/\/fieam.org.br\/sesi\/#organization","name":"SESI","url":"https:\/\/fieam.org.br\/sesi\/","logo":{"@type":"ImageObject","inLanguage":"pt-BR","@id":"https:\/\/fieam.org.br\/sesi\/#\/schema\/logo\/image\/","url":"https:\/\/fieam.org.br\/sesi\/wp-content\/uploads\/sites\/14\/2024\/03\/cropped-fav.png","contentUrl":"https:\/\/fieam.org.br\/sesi\/wp-content\/uploads\/sites\/14\/2024\/03\/cropped-fav.png","width":610,"height":589,"caption":"SESI"},"image":{"@id":"https:\/\/fieam.org.br\/sesi\/#\/schema\/logo\/image\/"}},{"@type":"Person","@id":"https:\/\/fieam.org.br\/sesi\/#\/schema\/person\/f54998dd14d5f0695b41444f2b01c31e","name":"Autor","image":{"@type":"ImageObject","inLanguage":"pt-BR","@id":"https:\/\/secure.gravatar.com\/avatar\/3732c223e0e1fad69062a8f770955c9068d37b055204f310a0be18d4069fe380?s=96&d=mm&r=g","url":"https:\/\/secure.gravatar.com\/avatar\/3732c223e0e1fad69062a8f770955c9068d37b055204f310a0be18d4069fe380?s=96&d=mm&r=g","contentUrl":"https:\/\/secure.gravatar.com\/avatar\/3732c223e0e1fad69062a8f770955c9068d37b055204f310a0be18d4069fe380?s=96&d=mm&r=g","caption":"Autor"},"sameAs":["https:\/\/marketingmassivo.com.br"],"url":"https:\/\/fieam.org.br\/sesi\/author\/admin\/"}]}},"_links":{"self":[{"href":"https:\/\/fieam.org.br\/sesi\/wp-json\/wp\/v2\/posts\/6810","targetHints":{"allow":["GET"]}}],"collection":[{"href":"https:\/\/fieam.org.br\/sesi\/wp-json\/wp\/v2\/posts"}],"about":[{"href":"https:\/\/fieam.org.br\/sesi\/wp-json\/wp\/v2\/types\/post"}],"author":[{"embeddable":true,"href":"https:\/\/fieam.org.br\/sesi\/wp-json\/wp\/v2\/users\/1"}],"replies":[{"embeddable":true,"href":"https:\/\/fieam.org.br\/sesi\/wp-json\/wp\/v2\/comments?post=6810"}],"version-history":[{"count":0,"href":"https:\/\/fieam.org.br\/sesi\/wp-json\/wp\/v2\/posts\/6810\/revisions"}],"wp:attachment":[{"href":"https:\/\/fieam.org.br\/sesi\/wp-json\/wp\/v2\/media?parent=6810"}],"wp:term":[{"taxonomy":"category","embeddable":true,"href":"https:\/\/fieam.org.br\/sesi\/wp-json\/wp\/v2\/categories?post=6810"},{"taxonomy":"post_tag","embeddable":true,"href":"https:\/\/fieam.org.br\/sesi\/wp-json\/wp\/v2\/tags?post=6810"}],"curies":[{"name":"wp","href":"https:\/\/api.w.org\/{rel}","templated":true}]}}